{"id":39357,"date":"2024-01-18T18:20:19","date_gmt":"2024-01-18T21:20:19","guid":{"rendered":"https:\/\/www.vagadeempregorj.com.br\/?p=39357"},"modified":"2025-06-15T14:31:29","modified_gmt":"2025-06-15T17:31:29","slug":"6-erros-no-curriculo-que-podem-te-desclassificar","status":"publish","type":"post","link":"https:\/\/www.vagadeempregorj.com.br\/ar\/6-erros-no-curriculo-que-podem-te-desclassificar\/","title":{"rendered":"6 erros no curr\u00edculo que podem te desclassificar"},"content":{"rendered":"<p>Na busca por uma oportunidade profissional, o curr\u00edculo desempenha um papel crucial. \u00c9 a sua carta de apresenta\u00e7\u00e3o para potenciais empregadores, e um pequeno erro pode resultar em grandes consequ\u00eancias. Neste conte\u00fado, encontre os seis erros comuns que podem levar \u00e0 desclassifica\u00e7\u00e3o de candidatos e como evit\u00e1-los para construir um curr\u00edculo que destaque suas habilidades e experi\u00eancias de forma eficaz.<\/p>\n\n\n\n<h2 class=\"wp-block-heading\">Erros no curr\u00edculo que podem te desclassificar<\/h2>\n\n\n\n<p>Elaborar um curr\u00edculo eficiente \u00e9 crucial para conquistar oportunidades profissionais, mas alguns equ\u00edvocos podem comprometer essa busca. No universo competitivo do mercado de trabalho, \u00e9 fundamental evitar erros que possam resultar na desclassifica\u00e7\u00e3o do candidato.&nbsp;<\/p>\n\n\n\n<h3 class=\"wp-block-heading\">1. Falta de Clareza na Formata\u00e7\u00e3o<\/h3>\n\n\n\n<p>A falta de clareza na formata\u00e7\u00e3o de um curr\u00edculo \u00e9 um dos erros mais comuns, por\u00e9m muitas vezes subestimados, que podem prejudicar significativamente a impress\u00e3o do candidato aos olhos do empregador. A formata\u00e7\u00e3o inadequada pode dificultar a leitura e compreens\u00e3o das informa\u00e7\u00f5es apresentadas, levando a uma poss\u00edvel desclassifica\u00e7\u00e3o do candidato.<\/p>\n\n\n\n<p>A falta de consist\u00eancia no estilo, fontes variadas, uso excessivo de negrito ou it\u00e1lico sem prop\u00f3sito claro, e a aus\u00eancia de uma estrutura l\u00f3gica s\u00e3o exemplos de problemas que podem comprometer a clareza. Quando um recrutador analisa v\u00e1rios curr\u00edculos, a facilidade de leitura e a r\u00e1pida identifica\u00e7\u00e3o das informa\u00e7\u00f5es essenciais tornam-se cruciais.<\/p>\n\n\n\n<figure class=\"wp-block-image size-large\"><img loading=\"lazy\" decoding=\"async\" width=\"1024\" height=\"576\" src=\"https:\/\/www.vagadeempregorj.com.br\/wp-content\/uploads\/2024\/01\/image-5-1024x576.png\" alt=\"\" class=\"wp-image-39358\" srcset=\"https:\/\/www.vagadeempregorj.com.br\/wp-content\/uploads\/2024\/01\/image-5-1024x576.png 1024w, https:\/\/www.vagadeempregorj.com.br\/wp-content\/uploads\/2024\/01\/image-5-300x169.png 300w, https:\/\/www.vagadeempregorj.com.br\/wp-content\/uploads\/2024\/01\/image-5-768x432.png 768w, https:\/\/www.vagadeempregorj.com.br\/wp-content\/uploads\/2024\/01\/image-5-383x215.png 383w, https:\/\/www.vagadeempregorj.com.br\/wp-content\/uploads\/2024\/01\/image-5-150x84.png 150w, https:\/\/www.vagadeempregorj.com.br\/wp-content\/uploads\/2024\/01\/image-5.png 1280w\" sizes=\"auto, (max-width: 1024px) 100vw, 1024px\" \/><\/figure>\n\n\n\n<p>Um curr\u00edculo bem formatado deve garantir que os dados relevantes se destaquem, utilizando t\u00edtulos, subt\u00edtulos e espa\u00e7amento de forma coerente. A organiza\u00e7\u00e3o visual facilita a leitura, permitindo que o empregador compreenda rapidamente as qualifica\u00e7\u00f5es e experi\u00eancias do candidato. Portanto, ao revisar o curr\u00edculo, \u00e9 essencial assegurar uma formata\u00e7\u00e3o clara e consistente, valorizando a apresenta\u00e7\u00e3o visual como um componente importante para o sucesso na busca por oportunidades profissionais.<\/p>\n\n\n\n<h3 class=\"wp-block-heading\">2. Objetivo Vago ou Gen\u00e9rico<\/h3>\n\n\n\n<p>Um erro comum \u00e9 incluir um objetivo que seja muito vago ou gen\u00e9rico. Os empregadores querem entender claramente seus objetivos profissionais. Em vez de afirmar que busca um &#8220;desafio estimulante&#8221;, seja espec\u00edfico. Por exemplo, &#8220;Busco uma posi\u00e7\u00e3o de analista de marketing para aplicar minhas habilidades anal\u00edticas e criativas no desenvolvimento de estrat\u00e9gias eficazes.&#8221;<\/p>\n\n\n\n<h3 class=\"wp-block-heading\">3. Excesso de Informa\u00e7\u00f5es Irrelevantes<\/h3>\n\n\n\n<p>Menos \u00e9 mais quando se trata de informa\u00e7\u00f5es no curr\u00edculo. Evite incluir detalhes irrelevantes, como hobbies pessoais ou experi\u00eancias de trabalho n\u00e3o relacionadas ao cargo desejado. Foque nas experi\u00eancias e habilidades que s\u00e3o diretamente aplic\u00e1veis \u00e0 posi\u00e7\u00e3o que voc\u00ea est\u00e1 buscando.<\/p>\n\n\n\n<h3 class=\"wp-block-heading\">4. Erros Gramaticais e Ortogr\u00e1ficos<\/h3>\n\n\n\n<p>Erros gramaticais e ortogr\u00e1ficos podem deixar uma impress\u00e3o negativa. Revise cuidadosamente o seu curr\u00edculo para garantir que n\u00e3o haja erros de digita\u00e7\u00e3o, concord\u00e2ncia verbal ou outros equ\u00edvocos. Pe\u00e7a a algu\u00e9m de confian\u00e7a para revisar tamb\u00e9m, uma segunda opini\u00e3o \u00e9 sempre valiosa.<\/p>\n\n\n\n<h3 class=\"wp-block-heading\">5. Datas Incorretas ou Omiss\u00f5es<\/h3>\n\n\n\n<p>A inconsist\u00eancia nas datas de emprego ou a omiss\u00e3o de per\u00edodos importantes podem levantar bandeiras vermelhas para os empregadores. Certifique-se de que todas as datas estejam corretas e que n\u00e3o haja lacunas inexplic\u00e1veis no seu hist\u00f3rico profissional. A transpar\u00eancia \u00e9 fundamental.<\/p>\n\n\n\n<h3 class=\"wp-block-heading\">6. Curr\u00edculo Padr\u00e3o para Todas as Aplica\u00e7\u00f5es<\/h3>\n\n\n\n<p>Cada vaga \u00e9 \u00fanica, e seu curr\u00edculo deve refletir isso. Adaptar seu curr\u00edculo para cada posi\u00e7\u00e3o desejada \u00e9 crucial. Destaque as habilidades e experi\u00eancias que s\u00e3o mais relevantes para o trabalho em quest\u00e3o. Isso demonstra seu interesse genu\u00edno na posi\u00e7\u00e3o e aumenta suas chances de ser selecionado.<\/p>\n\n\n\n<p>Um curr\u00edculo bem elaborado desempenha um papel fundamental na trajet\u00f3ria profissional de qualquer indiv\u00edduo, sendo mais do que uma simples lista de experi\u00eancias passadas. Ele funciona como uma ferramenta de marketing pessoal, destacando habilidades, compet\u00eancias e conquistas relevantes.&nbsp;<\/p>\n\n\n\n<p>A import\u00e2ncia de um bom curr\u00edculo reside na sua capacidade de ser a primeira impress\u00e3o que um empregador tem sobre um candidato, influenciando diretamente as decis\u00f5es de sele\u00e7\u00e3o. Al\u00e9m disso, um curr\u00edculo bem estruturado demonstra organiza\u00e7\u00e3o, clareza de comunica\u00e7\u00e3o e profissionalismo, caracter\u00edsticas valorizadas no ambiente de trabalho.<\/p>\n\n\n\n<p>A cria\u00e7\u00e3o de um curr\u00edculo eficaz requer aten\u00e7\u00e3o aos detalhes. Evitar esses seis erros comuns pode ser a diferen\u00e7a entre ser chamado para uma entrevista ou ser descartado. Lembre-se de que o seu curr\u00edculo \u00e9 um reflexo de quem voc\u00ea \u00e9 profissionalmente, por isso, invista tempo e esfor\u00e7o para garantir que ele seja uma ferramenta poderosa na sua busca por oportunidades no mercado de trabalho.<\/p>\n\n\n\n<p><strong>Veja tamb\u00e9m: <a href=\"https:\/\/www.vagadeempregorj.com.br\/ar\/do-curriculo-a-entrevista-dicas-praticas-para-acelerar-sua-jornada-profissional\/\">Do Curr\u00edculo \u00e0 Entrevista: Dicas Pr\u00e1ticas para Acelerar Sua Jornada Profissional<\/a><\/strong><\/p>\n\n\n\n<p>18 de janeiro de 2024<\/p>","protected":false},"excerpt":{"rendered":"<p>Na busca por uma oportunidade profissional, o curr\u00edculo desempenha um papel crucial. \u00c9 a sua carta de apresenta\u00e7\u00e3o para potenciais empregadores, e um pequeno erro pode resultar em grandes consequ\u00eancias. Neste conte\u00fado, encontre os seis erros comuns que podem levar \u00e0 desclassifica\u00e7\u00e3o de candidatos e como evit\u00e1-los para construir um curr\u00edculo que destaque suas habilidades&hellip;&nbsp;<\/p>","protected":false},"author":16,"featured_media":39358,"comment_status":"closed","ping_status":"closed","sticky":false,"template":"","format":"standard","meta":{"neve_meta_sidebar":"","neve_meta_container":"","neve_meta_enable_content_width":"","neve_meta_content_width":0,"neve_meta_title_alignment":"","neve_meta_author_avatar":"","neve_post_elements_order":"","neve_meta_disable_header":"","neve_meta_disable_footer":"","neve_meta_disable_title":"","footnotes":""},"categories":[123],"tags":[],"class_list":["post-39357","post","type-post","status-publish","format-standard","has-post-thumbnail","hentry","category-vagas-de-emprego-nacionais"],"yoast_head":"<!-- This site is optimized with the Yoast SEO plugin v27.5 - https:\/\/yoast.com\/product\/yoast-seo-wordpress\/ -->\n<title>6 erros no curr\u00edculo que podem te desclassificar -<\/title>\n<meta name=\"description\" content=\"Veja em Vagas de Emprego RJ as vagas de emprego com e sem experi\u00eancia no seu Estado e Regi\u00e3o!\" \/>\n<meta name=\"robots\" content=\"index, follow, max-snippet:-1, max-image-preview:large, max-video-preview:-1\" \/>\n<link rel=\"canonical\" href=\"https:\/\/www.vagadeempregorj.com.br\/ar\/6-erros-no-curriculo-que-podem-te-desclassificar\/\" \/>\n<meta property=\"og:locale\" content=\"ar_AR\" \/>\n<meta property=\"og:type\" content=\"article\" \/>\n<meta property=\"og:title\" content=\"6 erros no curr\u00edculo que podem te desclassificar -\" \/>\n<meta property=\"og:description\" content=\"Veja em Vagas de Emprego RJ as vagas de emprego com e sem experi\u00eancia no seu Estado e Regi\u00e3o!\" \/>\n<meta property=\"og:url\" content=\"https:\/\/www.vagadeempregorj.com.br\/ar\/6-erros-no-curriculo-que-podem-te-desclassificar\/\" \/>\n<meta property=\"article:publisher\" content=\"https:\/\/www.facebook.com\/empregobrasiloficial\" \/>\n<meta property=\"article:published_time\" content=\"2024-01-18T21:20:19+00:00\" \/>\n<meta property=\"article:modified_time\" content=\"2025-06-15T17:31:29+00:00\" \/>\n<meta property=\"og:image\" content=\"https:\/\/www.vagadeempregorj.com.br\/wp-content\/uploads\/2024\/01\/image-5.png\" \/>\n\t<meta property=\"og:image:width\" content=\"1280\" \/>\n\t<meta property=\"og:image:height\" content=\"720\" \/>\n\t<meta property=\"og:image:type\" content=\"image\/png\" \/>\n<meta name=\"author\" content=\"Michele\" \/>\n<meta name=\"twitter:card\" content=\"summary_large_image\" \/>\n<meta name=\"twitter:label1\" content=\"Written by\" \/>\n\t<meta name=\"twitter:data1\" content=\"Michele\" \/>\n\t<meta name=\"twitter:label2\" content=\"Est. reading time\" \/>\n\t<meta name=\"twitter:data2\" content=\"4 \u062f\u0642\u0627\u0626\u0642\" \/>\n<script type=\"application\/ld+json\" class=\"yoast-schema-graph\">{\"@context\":\"https:\\\/\\\/schema.org\",\"@graph\":[{\"@type\":\"Article\",\"@id\":\"https:\\\/\\\/www.vagadeempregorj.com.br\\\/6-erros-no-curriculo-que-podem-te-desclassificar\\\/#article\",\"isPartOf\":{\"@id\":\"https:\\\/\\\/www.vagadeempregorj.com.br\\\/6-erros-no-curriculo-que-podem-te-desclassificar\\\/\"},\"author\":{\"name\":\"Michele\",\"@id\":\"https:\\\/\\\/www.vagadeempregorj.com.br\\\/#\\\/schema\\\/person\\\/3ddb19fa0539706786e502152f3aae95\"},\"headline\":\"6 erros no curr\u00edculo que podem te desclassificar\",\"datePublished\":\"2024-01-18T21:20:19+00:00\",\"dateModified\":\"2025-06-15T17:31:29+00:00\",\"mainEntityOfPage\":{\"@id\":\"https:\\\/\\\/www.vagadeempregorj.com.br\\\/6-erros-no-curriculo-que-podem-te-desclassificar\\\/\"},\"wordCount\":795,\"image\":{\"@id\":\"https:\\\/\\\/www.vagadeempregorj.com.br\\\/6-erros-no-curriculo-que-podem-te-desclassificar\\\/#primaryimage\"},\"thumbnailUrl\":\"https:\\\/\\\/www.vagadeempregorj.com.br\\\/wp-content\\\/uploads\\\/2024\\\/01\\\/image-5.png\",\"articleSection\":[\"Vagas de Emprego Nacionais\"],\"inLanguage\":\"ar\"},{\"@type\":\"WebPage\",\"@id\":\"https:\\\/\\\/www.vagadeempregorj.com.br\\\/6-erros-no-curriculo-que-podem-te-desclassificar\\\/\",\"url\":\"https:\\\/\\\/www.vagadeempregorj.com.br\\\/6-erros-no-curriculo-que-podem-te-desclassificar\\\/\",\"name\":\"6 erros no curr\u00edculo que podem te desclassificar -\",\"isPartOf\":{\"@id\":\"https:\\\/\\\/www.vagadeempregorj.com.br\\\/#website\"},\"primaryImageOfPage\":{\"@id\":\"https:\\\/\\\/www.vagadeempregorj.com.br\\\/6-erros-no-curriculo-que-podem-te-desclassificar\\\/#primaryimage\"},\"image\":{\"@id\":\"https:\\\/\\\/www.vagadeempregorj.com.br\\\/6-erros-no-curriculo-que-podem-te-desclassificar\\\/#primaryimage\"},\"thumbnailUrl\":\"https:\\\/\\\/www.vagadeempregorj.com.br\\\/wp-content\\\/uploads\\\/2024\\\/01\\\/image-5.png\",\"datePublished\":\"2024-01-18T21:20:19+00:00\",\"dateModified\":\"2025-06-15T17:31:29+00:00\",\"author\":{\"@id\":\"https:\\\/\\\/www.vagadeempregorj.com.br\\\/#\\\/schema\\\/person\\\/3ddb19fa0539706786e502152f3aae95\"},\"description\":\"Veja em Vagas de Emprego RJ as vagas de emprego com e sem experi\u00eancia no seu Estado e Regi\u00e3o!\",\"breadcrumb\":{\"@id\":\"https:\\\/\\\/www.vagadeempregorj.com.br\\\/6-erros-no-curriculo-que-podem-te-desclassificar\\\/#breadcrumb\"},\"inLanguage\":\"ar\",\"potentialAction\":[{\"@type\":\"ReadAction\",\"target\":[\"https:\\\/\\\/www.vagadeempregorj.com.br\\\/6-erros-no-curriculo-que-podem-te-desclassificar\\\/\"]}]},{\"@type\":\"ImageObject\",\"inLanguage\":\"ar\",\"@id\":\"https:\\\/\\\/www.vagadeempregorj.com.br\\\/6-erros-no-curriculo-que-podem-te-desclassificar\\\/#primaryimage\",\"url\":\"https:\\\/\\\/www.vagadeempregorj.com.br\\\/wp-content\\\/uploads\\\/2024\\\/01\\\/image-5.png\",\"contentUrl\":\"https:\\\/\\\/www.vagadeempregorj.com.br\\\/wp-content\\\/uploads\\\/2024\\\/01\\\/image-5.png\",\"width\":1280,\"height\":720},{\"@type\":\"BreadcrumbList\",\"@id\":\"https:\\\/\\\/www.vagadeempregorj.com.br\\\/6-erros-no-curriculo-que-podem-te-desclassificar\\\/#breadcrumb\",\"itemListElement\":[{\"@type\":\"ListItem\",\"position\":1,\"name\":\"In\u00edcio\",\"item\":\"https:\\\/\\\/www.vagadeempregorj.com.br\\\/\"},{\"@type\":\"ListItem\",\"position\":2,\"name\":\"6 erros no curr\u00edculo que podem te desclassificar\"}]},{\"@type\":\"WebSite\",\"@id\":\"https:\\\/\\\/www.vagadeempregorj.com.br\\\/#website\",\"url\":\"https:\\\/\\\/www.vagadeempregorj.com.br\\\/\",\"name\":\"\",\"description\":\"Conquiste Sonhos: Vagas, Benef\u00edcios e Economia para Transformar Vidas e Alcan\u00e7ar Melhorias Cotidianas\",\"potentialAction\":[{\"@type\":\"SearchAction\",\"target\":{\"@type\":\"EntryPoint\",\"urlTemplate\":\"https:\\\/\\\/www.vagadeempregorj.com.br\\\/?s={search_term_string}\"},\"query-input\":{\"@type\":\"PropertyValueSpecification\",\"valueRequired\":true,\"valueName\":\"search_term_string\"}}],\"inLanguage\":\"ar\"},{\"@type\":\"Person\",\"@id\":\"https:\\\/\\\/www.vagadeempregorj.com.br\\\/#\\\/schema\\\/person\\\/3ddb19fa0539706786e502152f3aae95\",\"name\":\"Michele\",\"image\":{\"@type\":\"ImageObject\",\"inLanguage\":\"ar\",\"@id\":\"https:\\\/\\\/secure.gravatar.com\\\/avatar\\\/6b0eb9d22841282815e2cd856a0061c45e1761cd54b22e952d98c4746939aa85?s=96&r=g\",\"url\":\"https:\\\/\\\/secure.gravatar.com\\\/avatar\\\/6b0eb9d22841282815e2cd856a0061c45e1761cd54b22e952d98c4746939aa85?s=96&r=g\",\"contentUrl\":\"https:\\\/\\\/secure.gravatar.com\\\/avatar\\\/6b0eb9d22841282815e2cd856a0061c45e1761cd54b22e952d98c4746939aa85?s=96&r=g\",\"caption\":\"Michele\"},\"description\":\"Formada em Letras - Portugu\u00eas\\\/ Ingl\u00eas, e idealizadora do site Escritora de Sucesso, busca expandir o conhecimento de todos com informa\u00e7\u00f5es relevantes sobre diversos assuntos, enquanto redatora. No Vaga de Emprego RJ, traz oportunidades e dicas sobre o mercado de trabalho.\",\"url\":\"https:\\\/\\\/www.vagadeempregorj.com.br\\\/ar\\\/author\\\/michele\\\/\"}]}<\/script>\n<!-- \/ Yoast SEO plugin. -->","yoast_head_json":{"title":"6 erros no curr\u00edculo que podem te desclassificar -","description":"Veja em Vagas de Emprego RJ as vagas de emprego com e sem experi\u00eancia no seu Estado e Regi\u00e3o!","robots":{"index":"index","follow":"follow","max-snippet":"max-snippet:-1","max-image-preview":"max-image-preview:large","max-video-preview":"max-video-preview:-1"},"canonical":"https:\/\/www.vagadeempregorj.com.br\/ar\/6-erros-no-curriculo-que-podem-te-desclassificar\/","og_locale":"ar_AR","og_type":"article","og_title":"6 erros no curr\u00edculo que podem te desclassificar -","og_description":"Veja em Vagas de Emprego RJ as vagas de emprego com e sem experi\u00eancia no seu Estado e Regi\u00e3o!","og_url":"https:\/\/www.vagadeempregorj.com.br\/ar\/6-erros-no-curriculo-que-podem-te-desclassificar\/","article_publisher":"https:\/\/www.facebook.com\/empregobrasiloficial","article_published_time":"2024-01-18T21:20:19+00:00","article_modified_time":"2025-06-15T17:31:29+00:00","og_image":[{"width":1280,"height":720,"url":"https:\/\/www.vagadeempregorj.com.br\/wp-content\/uploads\/2024\/01\/image-5.png","type":"image\/png"}],"author":"Michele","twitter_card":"summary_large_image","twitter_misc":{"Written by":"Michele","Est. reading time":"4 \u062f\u0642\u0627\u0626\u0642"},"schema":{"@context":"https:\/\/schema.org","@graph":[{"@type":"Article","@id":"https:\/\/www.vagadeempregorj.com.br\/6-erros-no-curriculo-que-podem-te-desclassificar\/#article","isPartOf":{"@id":"https:\/\/www.vagadeempregorj.com.br\/6-erros-no-curriculo-que-podem-te-desclassificar\/"},"author":{"name":"Michele","@id":"https:\/\/www.vagadeempregorj.com.br\/#\/schema\/person\/3ddb19fa0539706786e502152f3aae95"},"headline":"6 erros no curr\u00edculo que podem te desclassificar","datePublished":"2024-01-18T21:20:19+00:00","dateModified":"2025-06-15T17:31:29+00:00","mainEntityOfPage":{"@id":"https:\/\/www.vagadeempregorj.com.br\/6-erros-no-curriculo-que-podem-te-desclassificar\/"},"wordCount":795,"image":{"@id":"https:\/\/www.vagadeempregorj.com.br\/6-erros-no-curriculo-que-podem-te-desclassificar\/#primaryimage"},"thumbnailUrl":"https:\/\/www.vagadeempregorj.com.br\/wp-content\/uploads\/2024\/01\/image-5.png","articleSection":["Vagas de Emprego Nacionais"],"inLanguage":"ar"},{"@type":"WebPage","@id":"https:\/\/www.vagadeempregorj.com.br\/6-erros-no-curriculo-que-podem-te-desclassificar\/","url":"https:\/\/www.vagadeempregorj.com.br\/6-erros-no-curriculo-que-podem-te-desclassificar\/","name":"6 erros no curr\u00edculo que podem te desclassificar -","isPartOf":{"@id":"https:\/\/www.vagadeempregorj.com.br\/#website"},"primaryImageOfPage":{"@id":"https:\/\/www.vagadeempregorj.com.br\/6-erros-no-curriculo-que-podem-te-desclassificar\/#primaryimage"},"image":{"@id":"https:\/\/www.vagadeempregorj.com.br\/6-erros-no-curriculo-que-podem-te-desclassificar\/#primaryimage"},"thumbnailUrl":"https:\/\/www.vagadeempregorj.com.br\/wp-content\/uploads\/2024\/01\/image-5.png","datePublished":"2024-01-18T21:20:19+00:00","dateModified":"2025-06-15T17:31:29+00:00","author":{"@id":"https:\/\/www.vagadeempregorj.com.br\/#\/schema\/person\/3ddb19fa0539706786e502152f3aae95"},"description":"Veja em Vagas de Emprego RJ as vagas de emprego com e sem experi\u00eancia no seu Estado e Regi\u00e3o!","breadcrumb":{"@id":"https:\/\/www.vagadeempregorj.com.br\/6-erros-no-curriculo-que-podem-te-desclassificar\/#breadcrumb"},"inLanguage":"ar","potentialAction":[{"@type":"ReadAction","target":["https:\/\/www.vagadeempregorj.com.br\/6-erros-no-curriculo-que-podem-te-desclassificar\/"]}]},{"@type":"ImageObject","inLanguage":"ar","@id":"https:\/\/www.vagadeempregorj.com.br\/6-erros-no-curriculo-que-podem-te-desclassificar\/#primaryimage","url":"https:\/\/www.vagadeempregorj.com.br\/wp-content\/uploads\/2024\/01\/image-5.png","contentUrl":"https:\/\/www.vagadeempregorj.com.br\/wp-content\/uploads\/2024\/01\/image-5.png","width":1280,"height":720},{"@type":"BreadcrumbList","@id":"https:\/\/www.vagadeempregorj.com.br\/6-erros-no-curriculo-que-podem-te-desclassificar\/#breadcrumb","itemListElement":[{"@type":"ListItem","position":1,"name":"In\u00edcio","item":"https:\/\/www.vagadeempregorj.com.br\/"},{"@type":"ListItem","position":2,"name":"6 erros no curr\u00edculo que podem te desclassificar"}]},{"@type":"WebSite","@id":"https:\/\/www.vagadeempregorj.com.br\/#website","url":"https:\/\/www.vagadeempregorj.com.br\/","name":"","description":"Conquiste Sonhos: Vagas, Benef\u00edcios e Economia para Transformar Vidas e Alcan\u00e7ar Melhorias Cotidianas","potentialAction":[{"@type":"SearchAction","target":{"@type":"EntryPoint","urlTemplate":"https:\/\/www.vagadeempregorj.com.br\/?s={search_term_string}"},"query-input":{"@type":"PropertyValueSpecification","valueRequired":true,"valueName":"search_term_string"}}],"inLanguage":"ar"},{"@type":"Person","@id":"https:\/\/www.vagadeempregorj.com.br\/#\/schema\/person\/3ddb19fa0539706786e502152f3aae95","name":"Michele","image":{"@type":"ImageObject","inLanguage":"ar","@id":"https:\/\/secure.gravatar.com\/avatar\/6b0eb9d22841282815e2cd856a0061c45e1761cd54b22e952d98c4746939aa85?s=96&r=g","url":"https:\/\/secure.gravatar.com\/avatar\/6b0eb9d22841282815e2cd856a0061c45e1761cd54b22e952d98c4746939aa85?s=96&r=g","contentUrl":"https:\/\/secure.gravatar.com\/avatar\/6b0eb9d22841282815e2cd856a0061c45e1761cd54b22e952d98c4746939aa85?s=96&r=g","caption":"Michele"},"description":"Formada em Letras - Portugu\u00eas\/ Ingl\u00eas, e idealizadora do site Escritora de Sucesso, busca expandir o conhecimento de todos com informa\u00e7\u00f5es relevantes sobre diversos assuntos, enquanto redatora. No Vaga de Emprego RJ, traz oportunidades e dicas sobre o mercado de trabalho.","url":"https:\/\/www.vagadeempregorj.com.br\/ar\/author\/michele\/"}]}},"_links":{"self":[{"href":"https:\/\/www.vagadeempregorj.com.br\/ar\/wp-json\/wp\/v2\/posts\/39357","targetHints":{"allow":["GET"]}}],"collection":[{"href":"https:\/\/www.vagadeempregorj.com.br\/ar\/wp-json\/wp\/v2\/posts"}],"about":[{"href":"https:\/\/www.vagadeempregorj.com.br\/ar\/wp-json\/wp\/v2\/types\/post"}],"author":[{"embeddable":true,"href":"https:\/\/www.vagadeempregorj.com.br\/ar\/wp-json\/wp\/v2\/users\/16"}],"replies":[{"embeddable":true,"href":"https:\/\/www.vagadeempregorj.com.br\/ar\/wp-json\/wp\/v2\/comments?post=39357"}],"version-history":[{"count":1,"href":"https:\/\/www.vagadeempregorj.com.br\/ar\/wp-json\/wp\/v2\/posts\/39357\/revisions"}],"predecessor-version":[{"id":43568,"href":"https:\/\/www.vagadeempregorj.com.br\/ar\/wp-json\/wp\/v2\/posts\/39357\/revisions\/43568"}],"wp:featuredmedia":[{"embeddable":true,"href":"https:\/\/www.vagadeempregorj.com.br\/ar\/wp-json\/wp\/v2\/media\/39358"}],"wp:attachment":[{"href":"https:\/\/www.vagadeempregorj.com.br\/ar\/wp-json\/wp\/v2\/media?parent=39357"}],"wp:term":[{"taxonomy":"category","embeddable":true,"href":"https:\/\/www.vagadeempregorj.com.br\/ar\/wp-json\/wp\/v2\/categories?post=39357"},{"taxonomy":"post_tag","embeddable":true,"href":"https:\/\/www.vagadeempregorj.com.br\/ar\/wp-json\/wp\/v2\/tags?post=39357"}],"curies":[{"name":"wp","href":"https:\/\/api.w.org\/{rel}","templated":true}]}}