{"id":39503,"date":"2024-03-13T00:01:00","date_gmt":"2024-03-13T03:01:00","guid":{"rendered":"https:\/\/www.vagadeempregorj.com.br\/?p=39503"},"modified":"2024-02-26T19:08:42","modified_gmt":"2024-02-26T22:08:42","slug":"vaga-de-emprego-na-bosch-como-se-candidatar","status":"publish","type":"post","link":"https:\/\/www.vagadeempregorj.com.br\/ar\/vaga-de-emprego-na-bosch-como-se-candidatar\/","title":{"rendered":"Vaga de emprego na Bosch: Como se Candidatar"},"content":{"rendered":"<p>No mundo globalizado e altamente competitivo de hoje, conseguir uma posi\u00e7\u00e3o em uma empresa renomada como a Bosch representa uma excelente oportunidade de carreira. A Bosch \u00e9 conhecida por sua inova\u00e7\u00e3o e qualidade em diversas \u00e1reas, como tecnologia automotiva, solu\u00e7\u00f5es para casa e constru\u00e7\u00e3o, tecnologia industrial, entre outras.&nbsp;<\/p>\n\n\n\n<h2 class=\"wp-block-heading\">Entendendo a Bosch<\/h2>\n\n\n\n<p>Antes de mergulhar no processo de candidatura, \u00e9 crucial entender o que a Bosch representa. Fundada em 1886, a Bosch tem um legado de mais de um s\u00e9culo em inova\u00e7\u00e3o e excel\u00eancia. Trabalhar na Bosch n\u00e3o significa apenas fazer parte de uma equipe global, mas tamb\u00e9m contribuir para solu\u00e7\u00f5es que t\u00eam um impacto real no mundo ao nosso redor.<\/p>\n\n\n\n<h3 class=\"wp-block-heading\">Pesquisa e Prepara\u00e7\u00e3o<\/h3>\n\n\n\n<ul class=\"wp-block-list\">\n<li>Pesquise as \u00c1reas de Interesse: A Bosch opera em v\u00e1rias divis\u00f5es, cada uma com suas especificidades. Identifique qual \u00e1rea mais se alinha aos seus interesses e habilidades. Isso pode variar desde engenharia automotiva at\u00e9 solu\u00e7\u00f5es de software e IA.<\/li>\n\n\n\n<li>Entenda a Cultura da Empresa: A Bosch \u00e9 conhecida por sua cultura de inova\u00e7\u00e3o, sustentabilidade e responsabilidade social. Familiarize-se com esses valores e reflita sobre como eles se alinham aos seus.<\/li>\n<\/ul>\n\n\n\n<figure class=\"wp-block-image size-large\"><img loading=\"lazy\" decoding=\"async\" width=\"1024\" height=\"651\" src=\"https:\/\/www.vagadeempregorj.com.br\/wp-content\/uploads\/2024\/02\/image-11-1024x651.png\" alt=\"\" class=\"wp-image-39517\" srcset=\"https:\/\/www.vagadeempregorj.com.br\/wp-content\/uploads\/2024\/02\/image-11-1024x651.png 1024w, https:\/\/www.vagadeempregorj.com.br\/wp-content\/uploads\/2024\/02\/image-11-300x191.png 300w, https:\/\/www.vagadeempregorj.com.br\/wp-content\/uploads\/2024\/02\/image-11-768x488.png 768w, https:\/\/www.vagadeempregorj.com.br\/wp-content\/uploads\/2024\/02\/image-11-1536x976.png 1536w, https:\/\/www.vagadeempregorj.com.br\/wp-content\/uploads\/2024\/02\/image-11-150x95.png 150w, https:\/\/www.vagadeempregorj.com.br\/wp-content\/uploads\/2024\/02\/image-11.png 1700w\" sizes=\"auto, (max-width: 1024px) 100vw, 1024px\" \/><figcaption class=\"wp-element-caption\">Imagem: Reprodu\u00e7\u00e3o\/ Bosch<\/figcaption><\/figure>\n\n\n\n<h3 class=\"wp-block-heading\">O Processo de Candidatura<\/h3>\n\n\n\n<ul class=\"wp-block-list\">\n<li>Encontre a Vaga Certa: Acesse o site de <a href=\"https:\/\/www.bosch.com.br\/carreiras\/\">carreiras da Bosch<\/a> e utilize os filtros dispon\u00edveis para encontrar vagas que correspondam ao seu perfil e interesses.<\/li>\n\n\n\n<li>Prepare Seu Curr\u00edculo e Carta de Apresenta\u00e7\u00e3o: Seu curr\u00edculo deve destacar experi\u00eancias e habilidades relevantes para a posi\u00e7\u00e3o desejada. A carta de apresenta\u00e7\u00e3o \u00e9 sua chance de explicar por que voc\u00ea \u00e9 o candidato ideal, demonstrando conhecimento sobre a empresa e como seus valores e experi\u00eancias se alinham com os dela.<\/li>\n\n\n\n<li>Processo de Sele\u00e7\u00e3o: O processo de sele\u00e7\u00e3o na Bosch pode incluir testes online, entrevistas por v\u00eddeo e entrevistas presenciais. Prepare-se para cada etapa, pesquisando sobre entrevistas comportamentais e t\u00e9cnicas espec\u00edficas para a \u00e1rea \u00e0 qual voc\u00ea est\u00e1 se candidatando.<\/li>\n\n\n\n<li>Testes e Avalia\u00e7\u00f5es: Dependendo da vaga, podem ser solicitados testes espec\u00edficos para avaliar suas habilidades t\u00e9cnicas ou cognitivas.<\/li>\n\n\n\n<li>Entrevista: Seja aut\u00eantico nas entrevistas, mostrando sua paix\u00e3o pela \u00e1rea e pela oportunidade de trabalhar na Bosch. Esteja preparado para discutir tanto suas experi\u00eancias passadas quanto cen\u00e1rios hipot\u00e9ticos relacionados \u00e0 posi\u00e7\u00e3o.<\/li>\n<\/ul>\n\n\n\n<h2 class=\"wp-block-heading\">Dicas para se Destacar<\/h2>\n\n\n\n<ul class=\"wp-block-list\">\n<li>Mostre Iniciativa e Criatividade: A Bosch valoriza candidatos que demonstram ser proativos e capazes de pensar fora da caixa.<\/li>\n\n\n\n<li>Conhecimento T\u00e9cnico: Para posi\u00e7\u00f5es t\u00e9cnicas, certifique-se de estar atualizado com as \u00faltimas tend\u00eancias e tecnologias em seu campo.<\/li>\n\n\n\n<li>Aprenda Alem\u00e3o: Considerando que a Bosch \u00e9 uma empresa alem\u00e3, ter conhecimentos b\u00e1sicos de alem\u00e3o pode ser um diferencial, especialmente para posi\u00e7\u00f5es na Alemanha ou em contextos internacionais.<\/li>\n\n\n\n<li>Networking: Participar de feiras de emprego, eventos da ind\u00fastria e webinars pode ser uma excelente maneira de se conectar com funcion\u00e1rios da Bosch e aprender mais sobre a empresa.<\/li>\n<\/ul>\n\n\n\n<h3 class=\"wp-block-heading\">Ap\u00f3s a Candidatura<\/h3>\n\n\n\n<ul class=\"wp-block-list\">\n<li>Acompanhamento: Ap\u00f3s enviar sua candidatura, \u00e9 aceit\u00e1vel enviar um e-mail de acompanhamento ap\u00f3s algumas semanas, reiterando seu interesse pela posi\u00e7\u00e3o.<\/li>\n\n\n\n<li>Seja Paciente: O processo de sele\u00e7\u00e3o pode ser longo, especialmente para uma empresa global como a Bosch. Mantenha-se positivo e paciente enquanto espera por uma resposta.<\/li>\n<\/ul>\n\n\n\n<h2 class=\"wp-block-heading\">Trabalhe na Bosch<\/h2>\n\n\n\n<p>Conseguir uma vaga na Bosch \u00e9 um objetivo ambicioso que exige prepara\u00e7\u00e3o, pesquisa e dedica\u00e7\u00e3o. Al\u00e9m das compet\u00eancias t\u00e9cnicas, \u00e9 importante demonstrar que voc\u00ea compartilha os valores e a vis\u00e3o da empresa.&nbsp;<\/p>\n\n\n\n<p>Lembre-se de que cada etapa do processo de candidatura \u00e9 uma oportunidade para destacar suas habilidades e paix\u00e3o pela sua \u00e1rea de atua\u00e7\u00e3o. Com as dicas e estrat\u00e9gias abordadas neste post, voc\u00ea estar\u00e1 bem preparado para embarcar nesta jornada e, quem sabe, se tornar parte da equipe Bosch.<\/p>\n\n\n\n<p><strong>Veja tamb\u00e9m:  <a href=\"https:\/\/www.vagadeempregorj.com.br\/ar\/o-impacto-das-tendencias-tecnologicas-na-economia-oportunidades-e-desafios-para-empresarios-e-investidores\/\">O Impacto das Tend\u00eancias Tecnol\u00f3gicas na Economia: Oportunidades e Desafios para Empres\u00e1rios e Investidores<\/a><\/strong><\/p>\n\n\n\n<p>13 de mar\u00e7o de 2024<\/p>","protected":false},"excerpt":{"rendered":"<p>No mundo globalizado e altamente competitivo de hoje, conseguir uma posi\u00e7\u00e3o em uma empresa renomada como a Bosch representa uma excelente oportunidade de carreira. A Bosch \u00e9 conhecida por sua inova\u00e7\u00e3o e qualidade em diversas \u00e1reas, como tecnologia automotiva, solu\u00e7\u00f5es para casa e constru\u00e7\u00e3o, tecnologia industrial, entre outras.&nbsp; Entendendo a Bosch Antes de mergulhar no&hellip;&nbsp;<\/p>","protected":false},"author":16,"featured_media":39517,"comment_status":"closed","ping_status":"closed","sticky":false,"template":"","format":"standard","meta":{"neve_meta_sidebar":"","neve_meta_container":"","neve_meta_enable_content_width":"","neve_meta_content_width":0,"neve_meta_title_alignment":"","neve_meta_author_avatar":"","neve_post_elements_order":"","neve_meta_disable_header":"","neve_meta_disable_footer":"","neve_meta_disable_title":"","footnotes":""},"categories":[123],"tags":[],"class_list":["post-39503","post","type-post","status-publish","format-standard","has-post-thumbnail","hentry","category-vagas-de-emprego-nacionais"],"yoast_head":"<!-- This site is optimized with the Yoast SEO plugin v27.5 - https:\/\/yoast.com\/product\/yoast-seo-wordpress\/ -->\n<title>Vaga de emprego na Bosch: Como se Candidatar -<\/title>\n<meta name=\"description\" content=\"Veja em Vagas de Emprego RJ as vagas de emprego com e sem experi\u00eancia no seu Estado e Regi\u00e3o!\" \/>\n<meta name=\"robots\" content=\"index, follow, max-snippet:-1, max-image-preview:large, max-video-preview:-1\" \/>\n<link rel=\"canonical\" href=\"https:\/\/www.vagadeempregorj.com.br\/ar\/vaga-de-emprego-na-bosch-como-se-candidatar\/\" \/>\n<meta property=\"og:locale\" content=\"ar_AR\" \/>\n<meta property=\"og:type\" content=\"article\" \/>\n<meta property=\"og:title\" content=\"Vaga de emprego na Bosch: Como se Candidatar -\" \/>\n<meta property=\"og:description\" content=\"Veja em Vagas de Emprego RJ as vagas de emprego com e sem experi\u00eancia no seu Estado e Regi\u00e3o!\" \/>\n<meta property=\"og:url\" content=\"https:\/\/www.vagadeempregorj.com.br\/ar\/vaga-de-emprego-na-bosch-como-se-candidatar\/\" \/>\n<meta property=\"article:publisher\" content=\"https:\/\/www.facebook.com\/empregobrasiloficial\" \/>\n<meta property=\"article:published_time\" content=\"2024-03-13T03:01:00+00:00\" \/>\n<meta property=\"og:image\" content=\"https:\/\/www.vagadeempregorj.com.br\/wp-content\/uploads\/2024\/02\/image-11.png\" \/>\n\t<meta property=\"og:image:width\" content=\"1700\" \/>\n\t<meta property=\"og:image:height\" content=\"1080\" \/>\n\t<meta property=\"og:image:type\" content=\"image\/png\" \/>\n<meta name=\"author\" content=\"Michele\" \/>\n<meta name=\"twitter:card\" content=\"summary_large_image\" \/>\n<meta name=\"twitter:label1\" content=\"Written by\" \/>\n\t<meta name=\"twitter:data1\" content=\"Michele\" \/>\n\t<meta name=\"twitter:label2\" content=\"Est. reading time\" \/>\n\t<meta name=\"twitter:data2\" content=\"3 \u062f\u0642\u0627\u0626\u0642\" \/>\n<script type=\"application\/ld+json\" class=\"yoast-schema-graph\">{\"@context\":\"https:\\\/\\\/schema.org\",\"@graph\":[{\"@type\":\"Article\",\"@id\":\"https:\\\/\\\/www.vagadeempregorj.com.br\\\/vaga-de-emprego-na-bosch-como-se-candidatar\\\/#article\",\"isPartOf\":{\"@id\":\"https:\\\/\\\/www.vagadeempregorj.com.br\\\/vaga-de-emprego-na-bosch-como-se-candidatar\\\/\"},\"author\":{\"name\":\"Michele\",\"@id\":\"https:\\\/\\\/www.vagadeempregorj.com.br\\\/#\\\/schema\\\/person\\\/3ddb19fa0539706786e502152f3aae95\"},\"headline\":\"Vaga de emprego na Bosch: Como se Candidatar\",\"datePublished\":\"2024-03-13T03:01:00+00:00\",\"mainEntityOfPage\":{\"@id\":\"https:\\\/\\\/www.vagadeempregorj.com.br\\\/vaga-de-emprego-na-bosch-como-se-candidatar\\\/\"},\"wordCount\":670,\"image\":{\"@id\":\"https:\\\/\\\/www.vagadeempregorj.com.br\\\/vaga-de-emprego-na-bosch-como-se-candidatar\\\/#primaryimage\"},\"thumbnailUrl\":\"https:\\\/\\\/www.vagadeempregorj.com.br\\\/wp-content\\\/uploads\\\/2024\\\/02\\\/image-11.png\",\"articleSection\":[\"Vagas de Emprego Nacionais\"],\"inLanguage\":\"ar\"},{\"@type\":\"WebPage\",\"@id\":\"https:\\\/\\\/www.vagadeempregorj.com.br\\\/vaga-de-emprego-na-bosch-como-se-candidatar\\\/\",\"url\":\"https:\\\/\\\/www.vagadeempregorj.com.br\\\/vaga-de-emprego-na-bosch-como-se-candidatar\\\/\",\"name\":\"Vaga de emprego na Bosch: Como se Candidatar -\",\"isPartOf\":{\"@id\":\"https:\\\/\\\/www.vagadeempregorj.com.br\\\/#website\"},\"primaryImageOfPage\":{\"@id\":\"https:\\\/\\\/www.vagadeempregorj.com.br\\\/vaga-de-emprego-na-bosch-como-se-candidatar\\\/#primaryimage\"},\"image\":{\"@id\":\"https:\\\/\\\/www.vagadeempregorj.com.br\\\/vaga-de-emprego-na-bosch-como-se-candidatar\\\/#primaryimage\"},\"thumbnailUrl\":\"https:\\\/\\\/www.vagadeempregorj.com.br\\\/wp-content\\\/uploads\\\/2024\\\/02\\\/image-11.png\",\"datePublished\":\"2024-03-13T03:01:00+00:00\",\"author\":{\"@id\":\"https:\\\/\\\/www.vagadeempregorj.com.br\\\/#\\\/schema\\\/person\\\/3ddb19fa0539706786e502152f3aae95\"},\"description\":\"Veja em Vagas de Emprego RJ as vagas de emprego com e sem experi\u00eancia no seu Estado e Regi\u00e3o!\",\"breadcrumb\":{\"@id\":\"https:\\\/\\\/www.vagadeempregorj.com.br\\\/vaga-de-emprego-na-bosch-como-se-candidatar\\\/#breadcrumb\"},\"inLanguage\":\"ar\",\"potentialAction\":[{\"@type\":\"ReadAction\",\"target\":[\"https:\\\/\\\/www.vagadeempregorj.com.br\\\/vaga-de-emprego-na-bosch-como-se-candidatar\\\/\"]}]},{\"@type\":\"ImageObject\",\"inLanguage\":\"ar\",\"@id\":\"https:\\\/\\\/www.vagadeempregorj.com.br\\\/vaga-de-emprego-na-bosch-como-se-candidatar\\\/#primaryimage\",\"url\":\"https:\\\/\\\/www.vagadeempregorj.com.br\\\/wp-content\\\/uploads\\\/2024\\\/02\\\/image-11.png\",\"contentUrl\":\"https:\\\/\\\/www.vagadeempregorj.com.br\\\/wp-content\\\/uploads\\\/2024\\\/02\\\/image-11.png\",\"width\":1700,\"height\":1080},{\"@type\":\"BreadcrumbList\",\"@id\":\"https:\\\/\\\/www.vagadeempregorj.com.br\\\/vaga-de-emprego-na-bosch-como-se-candidatar\\\/#breadcrumb\",\"itemListElement\":[{\"@type\":\"ListItem\",\"position\":1,\"name\":\"In\u00edcio\",\"item\":\"https:\\\/\\\/www.vagadeempregorj.com.br\\\/\"},{\"@type\":\"ListItem\",\"position\":2,\"name\":\"Vagas de Emprego Nacionais\",\"item\":\"https:\\\/\\\/www.vagadeempregorj.com.br\\\/vagas-de-emprego-nacionais\\\/\"},{\"@type\":\"ListItem\",\"position\":3,\"name\":\"Vaga de emprego na Bosch: Como se Candidatar\"}]},{\"@type\":\"WebSite\",\"@id\":\"https:\\\/\\\/www.vagadeempregorj.com.br\\\/#website\",\"url\":\"https:\\\/\\\/www.vagadeempregorj.com.br\\\/\",\"name\":\"\",\"description\":\"Conquiste Sonhos: Vagas, Benef\u00edcios e Economia para Transformar Vidas e Alcan\u00e7ar Melhorias Cotidianas\",\"potentialAction\":[{\"@type\":\"SearchAction\",\"target\":{\"@type\":\"EntryPoint\",\"urlTemplate\":\"https:\\\/\\\/www.vagadeempregorj.com.br\\\/?s={search_term_string}\"},\"query-input\":{\"@type\":\"PropertyValueSpecification\",\"valueRequired\":true,\"valueName\":\"search_term_string\"}}],\"inLanguage\":\"ar\"},{\"@type\":\"Person\",\"@id\":\"https:\\\/\\\/www.vagadeempregorj.com.br\\\/#\\\/schema\\\/person\\\/3ddb19fa0539706786e502152f3aae95\",\"name\":\"Michele\",\"image\":{\"@type\":\"ImageObject\",\"inLanguage\":\"ar\",\"@id\":\"https:\\\/\\\/secure.gravatar.com\\\/avatar\\\/6b0eb9d22841282815e2cd856a0061c45e1761cd54b22e952d98c4746939aa85?s=96&r=g\",\"url\":\"https:\\\/\\\/secure.gravatar.com\\\/avatar\\\/6b0eb9d22841282815e2cd856a0061c45e1761cd54b22e952d98c4746939aa85?s=96&r=g\",\"contentUrl\":\"https:\\\/\\\/secure.gravatar.com\\\/avatar\\\/6b0eb9d22841282815e2cd856a0061c45e1761cd54b22e952d98c4746939aa85?s=96&r=g\",\"caption\":\"Michele\"},\"description\":\"Formada em Letras - Portugu\u00eas\\\/ Ingl\u00eas, e idealizadora do site Escritora de Sucesso, busca expandir o conhecimento de todos com informa\u00e7\u00f5es relevantes sobre diversos assuntos, enquanto redatora. No Vaga de Emprego RJ, traz oportunidades e dicas sobre o mercado de trabalho.\",\"url\":\"https:\\\/\\\/www.vagadeempregorj.com.br\\\/ar\\\/author\\\/michele\\\/\"}]}<\/script>\n<!-- \/ Yoast SEO plugin. -->","yoast_head_json":{"title":"Vaga de emprego na Bosch: Como se Candidatar -","description":"Veja em Vagas de Emprego RJ as vagas de emprego com e sem experi\u00eancia no seu Estado e Regi\u00e3o!","robots":{"index":"index","follow":"follow","max-snippet":"max-snippet:-1","max-image-preview":"max-image-preview:large","max-video-preview":"max-video-preview:-1"},"canonical":"https:\/\/www.vagadeempregorj.com.br\/ar\/vaga-de-emprego-na-bosch-como-se-candidatar\/","og_locale":"ar_AR","og_type":"article","og_title":"Vaga de emprego na Bosch: Como se Candidatar -","og_description":"Veja em Vagas de Emprego RJ as vagas de emprego com e sem experi\u00eancia no seu Estado e Regi\u00e3o!","og_url":"https:\/\/www.vagadeempregorj.com.br\/ar\/vaga-de-emprego-na-bosch-como-se-candidatar\/","article_publisher":"https:\/\/www.facebook.com\/empregobrasiloficial","article_published_time":"2024-03-13T03:01:00+00:00","og_image":[{"width":1700,"height":1080,"url":"https:\/\/www.vagadeempregorj.com.br\/wp-content\/uploads\/2024\/02\/image-11.png","type":"image\/png"}],"author":"Michele","twitter_card":"summary_large_image","twitter_misc":{"Written by":"Michele","Est. reading time":"3 \u062f\u0642\u0627\u0626\u0642"},"schema":{"@context":"https:\/\/schema.org","@graph":[{"@type":"Article","@id":"https:\/\/www.vagadeempregorj.com.br\/vaga-de-emprego-na-bosch-como-se-candidatar\/#article","isPartOf":{"@id":"https:\/\/www.vagadeempregorj.com.br\/vaga-de-emprego-na-bosch-como-se-candidatar\/"},"author":{"name":"Michele","@id":"https:\/\/www.vagadeempregorj.com.br\/#\/schema\/person\/3ddb19fa0539706786e502152f3aae95"},"headline":"Vaga de emprego na Bosch: Como se Candidatar","datePublished":"2024-03-13T03:01:00+00:00","mainEntityOfPage":{"@id":"https:\/\/www.vagadeempregorj.com.br\/vaga-de-emprego-na-bosch-como-se-candidatar\/"},"wordCount":670,"image":{"@id":"https:\/\/www.vagadeempregorj.com.br\/vaga-de-emprego-na-bosch-como-se-candidatar\/#primaryimage"},"thumbnailUrl":"https:\/\/www.vagadeempregorj.com.br\/wp-content\/uploads\/2024\/02\/image-11.png","articleSection":["Vagas de Emprego Nacionais"],"inLanguage":"ar"},{"@type":"WebPage","@id":"https:\/\/www.vagadeempregorj.com.br\/vaga-de-emprego-na-bosch-como-se-candidatar\/","url":"https:\/\/www.vagadeempregorj.com.br\/vaga-de-emprego-na-bosch-como-se-candidatar\/","name":"Vaga de emprego na Bosch: Como se Candidatar -","isPartOf":{"@id":"https:\/\/www.vagadeempregorj.com.br\/#website"},"primaryImageOfPage":{"@id":"https:\/\/www.vagadeempregorj.com.br\/vaga-de-emprego-na-bosch-como-se-candidatar\/#primaryimage"},"image":{"@id":"https:\/\/www.vagadeempregorj.com.br\/vaga-de-emprego-na-bosch-como-se-candidatar\/#primaryimage"},"thumbnailUrl":"https:\/\/www.vagadeempregorj.com.br\/wp-content\/uploads\/2024\/02\/image-11.png","datePublished":"2024-03-13T03:01:00+00:00","author":{"@id":"https:\/\/www.vagadeempregorj.com.br\/#\/schema\/person\/3ddb19fa0539706786e502152f3aae95"},"description":"Veja em Vagas de Emprego RJ as vagas de emprego com e sem experi\u00eancia no seu Estado e Regi\u00e3o!","breadcrumb":{"@id":"https:\/\/www.vagadeempregorj.com.br\/vaga-de-emprego-na-bosch-como-se-candidatar\/#breadcrumb"},"inLanguage":"ar","potentialAction":[{"@type":"ReadAction","target":["https:\/\/www.vagadeempregorj.com.br\/vaga-de-emprego-na-bosch-como-se-candidatar\/"]}]},{"@type":"ImageObject","inLanguage":"ar","@id":"https:\/\/www.vagadeempregorj.com.br\/vaga-de-emprego-na-bosch-como-se-candidatar\/#primaryimage","url":"https:\/\/www.vagadeempregorj.com.br\/wp-content\/uploads\/2024\/02\/image-11.png","contentUrl":"https:\/\/www.vagadeempregorj.com.br\/wp-content\/uploads\/2024\/02\/image-11.png","width":1700,"height":1080},{"@type":"BreadcrumbList","@id":"https:\/\/www.vagadeempregorj.com.br\/vaga-de-emprego-na-bosch-como-se-candidatar\/#breadcrumb","itemListElement":[{"@type":"ListItem","position":1,"name":"In\u00edcio","item":"https:\/\/www.vagadeempregorj.com.br\/"},{"@type":"ListItem","position":2,"name":"Vagas de Emprego Nacionais","item":"https:\/\/www.vagadeempregorj.com.br\/vagas-de-emprego-nacionais\/"},{"@type":"ListItem","position":3,"name":"Vaga de emprego na Bosch: Como se Candidatar"}]},{"@type":"WebSite","@id":"https:\/\/www.vagadeempregorj.com.br\/#website","url":"https:\/\/www.vagadeempregorj.com.br\/","name":"","description":"Conquiste Sonhos: Vagas, Benef\u00edcios e Economia para Transformar Vidas e Alcan\u00e7ar Melhorias Cotidianas","potentialAction":[{"@type":"SearchAction","target":{"@type":"EntryPoint","urlTemplate":"https:\/\/www.vagadeempregorj.com.br\/?s={search_term_string}"},"query-input":{"@type":"PropertyValueSpecification","valueRequired":true,"valueName":"search_term_string"}}],"inLanguage":"ar"},{"@type":"Person","@id":"https:\/\/www.vagadeempregorj.com.br\/#\/schema\/person\/3ddb19fa0539706786e502152f3aae95","name":"Michele","image":{"@type":"ImageObject","inLanguage":"ar","@id":"https:\/\/secure.gravatar.com\/avatar\/6b0eb9d22841282815e2cd856a0061c45e1761cd54b22e952d98c4746939aa85?s=96&r=g","url":"https:\/\/secure.gravatar.com\/avatar\/6b0eb9d22841282815e2cd856a0061c45e1761cd54b22e952d98c4746939aa85?s=96&r=g","contentUrl":"https:\/\/secure.gravatar.com\/avatar\/6b0eb9d22841282815e2cd856a0061c45e1761cd54b22e952d98c4746939aa85?s=96&r=g","caption":"Michele"},"description":"Formada em Letras - Portugu\u00eas\/ Ingl\u00eas, e idealizadora do site Escritora de Sucesso, busca expandir o conhecimento de todos com informa\u00e7\u00f5es relevantes sobre diversos assuntos, enquanto redatora. No Vaga de Emprego RJ, traz oportunidades e dicas sobre o mercado de trabalho.","url":"https:\/\/www.vagadeempregorj.com.br\/ar\/author\/michele\/"}]}},"_links":{"self":[{"href":"https:\/\/www.vagadeempregorj.com.br\/ar\/wp-json\/wp\/v2\/posts\/39503","targetHints":{"allow":["GET"]}}],"collection":[{"href":"https:\/\/www.vagadeempregorj.com.br\/ar\/wp-json\/wp\/v2\/posts"}],"about":[{"href":"https:\/\/www.vagadeempregorj.com.br\/ar\/wp-json\/wp\/v2\/types\/post"}],"author":[{"embeddable":true,"href":"https:\/\/www.vagadeempregorj.com.br\/ar\/wp-json\/wp\/v2\/users\/16"}],"replies":[{"embeddable":true,"href":"https:\/\/www.vagadeempregorj.com.br\/ar\/wp-json\/wp\/v2\/comments?post=39503"}],"version-history":[{"count":0,"href":"https:\/\/www.vagadeempregorj.com.br\/ar\/wp-json\/wp\/v2\/posts\/39503\/revisions"}],"wp:featuredmedia":[{"embeddable":true,"href":"https:\/\/www.vagadeempregorj.com.br\/ar\/wp-json\/wp\/v2\/media\/39517"}],"wp:attachment":[{"href":"https:\/\/www.vagadeempregorj.com.br\/ar\/wp-json\/wp\/v2\/media?parent=39503"}],"wp:term":[{"taxonomy":"category","embeddable":true,"href":"https:\/\/www.vagadeempregorj.com.br\/ar\/wp-json\/wp\/v2\/categories?post=39503"},{"taxonomy":"post_tag","embeddable":true,"href":"https:\/\/www.vagadeempregorj.com.br\/ar\/wp-json\/wp\/v2\/tags?post=39503"}],"curies":[{"name":"wp","href":"https:\/\/api.w.org\/{rel}","templated":true}]}}