{"id":39505,"date":"2024-03-16T00:01:00","date_gmt":"2024-03-16T03:01:00","guid":{"rendered":"https:\/\/www.vagadeempregorj.com.br\/?p=39505"},"modified":"2024-02-26T19:09:45","modified_gmt":"2024-02-26T22:09:45","slug":"fgts-retido-quando-posso-sacar-veja-as-informacoes","status":"publish","type":"post","link":"https:\/\/www.vagadeempregorj.com.br\/ar\/fgts-retido-quando-posso-sacar-veja-as-informacoes\/","title":{"rendered":"FGTS retido quando posso sacar? Veja as informa\u00e7\u00f5es"},"content":{"rendered":"<p>O Fundo de Garantia do Tempo de Servi\u00e7o (FGTS) \u00e9 uma prote\u00e7\u00e3o financeira para trabalhadores brasileiros. Criado com o intuito de ser um apoio financeiro em momentos espec\u00edficos da vida do trabalhador, como em caso de demiss\u00e3o sem justa causa, o FGTS pode, em determinadas circunst\u00e2ncias, ficar retido. Mas, voc\u00ea sabe quando pode sacar o FGTS retido? Este post explora as condi\u00e7\u00f5es e situa\u00e7\u00f5es que permitem o saque desse benef\u00edcio.<\/p>\n\n\n\n<h2 class=\"wp-block-heading\">Entenda o FGTS<\/h2>\n\n\n\n<p>Antes de mais nada, \u00e9 importante compreender o que \u00e9 o FGTS e como ele funciona. O FGTS foi institu\u00eddo pela Lei n\u00ba 5.107, de 1966, e \u00e9 um direito de todo trabalhador brasileiro com contrato formal de trabalho, regido pela Consolida\u00e7\u00e3o das Leis do Trabalho (CLT), al\u00e9m de trabalhadores rurais, tempor\u00e1rios, avulsos, safreiros (oper\u00e1rios da safra) e atletas profissionais. O empregador deposita, em contas abertas na Caixa Econ\u00f4mica Federal em nome dos empregados, o valor correspondente a 8% do sal\u00e1rio de cada funcion\u00e1rio.<\/p>\n\n\n\n<h2 class=\"wp-block-heading\">FGTS retido quando posso sacar?<\/h2>\n\n\n\n<p>O FGTS pode ser sacado em diversas situa\u00e7\u00f5es, como:<\/p>\n\n\n\n<ul class=\"wp-block-list\">\n<li>Demiss\u00e3o sem justa causa: \u00c9 a situa\u00e7\u00e3o mais conhecida de saque do FGTS, em que o trabalhador tem direito a receber o total acumulado em sua conta do FGTS, mais a multa rescis\u00f3ria de 40% sobre o montante.<\/li>\n\n\n\n<li>T\u00e9rmino do contrato de trabalho por prazo determinado: Quando o contrato de trabalho chega ao fim, o trabalhador pode retirar o FGTS.<\/li>\n\n\n\n<li>Aposentadoria: O trabalhador pode sacar seu FGTS ao se aposentar.<\/li>\n\n\n\n<li>Compra de casa pr\u00f3pria: \u00c9 poss\u00edvel usar o FGTS para aquisi\u00e7\u00e3o de im\u00f3vel residencial, liquida\u00e7\u00e3o ou amortiza\u00e7\u00e3o de d\u00edvida habitacional.<\/li>\n\n\n\n<li>Necessidade pessoal, urgente e grave: Em casos de calamidade p\u00fablica, doen\u00e7as graves, ou c\u00e2ncer, o trabalhador ou dependente pode sacar o FGTS.<\/li>\n\n\n\n<li>Idade igual ou superior a 70 anos.<\/li>\n\n\n\n<li>Falecimento do trabalhador: Neste caso, os dependentes podem realizar o saque.<\/li>\n\n\n\n<li>Conta inativa por 3 anos: Contas do FGTS sem dep\u00f3sito por tr\u00eas anos consecutivos podem ser sacadas.<\/li>\n<\/ul>\n\n\n\n<figure class=\"wp-block-image size-full\"><img loading=\"lazy\" decoding=\"async\" width=\"704\" height=\"528\" src=\"https:\/\/www.vagadeempregorj.com.br\/wp-content\/uploads\/2024\/02\/image-12.png\" alt=\"\" class=\"wp-image-39519\" srcset=\"https:\/\/www.vagadeempregorj.com.br\/wp-content\/uploads\/2024\/02\/image-12.png 704w, https:\/\/www.vagadeempregorj.com.br\/wp-content\/uploads\/2024\/02\/image-12-300x225.png 300w, https:\/\/www.vagadeempregorj.com.br\/wp-content\/uploads\/2024\/02\/image-12-150x113.png 150w\" sizes=\"auto, (max-width: 704px) 100vw, 704px\" \/><figcaption class=\"wp-element-caption\">Imagem: Reprodu\u00e7\u00e3o<\/figcaption><\/figure>\n\n\n\n<h2 class=\"wp-block-heading\">FGTS Retido: Quando \u00e9 Poss\u00edvel Sacar?<\/h2>\n\n\n\n<p>O FGTS pode ficar retido por diversos motivos, mas existem condi\u00e7\u00f5es espec\u00edficas que permitem o saque, mesmo que a conta esteja inativa ou o trabalhador n\u00e3o se enquadre nas situa\u00e7\u00f5es acima. A Medida Provis\u00f3ria 946\/2020, por exemplo, permitiu o saque emergencial do FGTS durante a pandemia do COVID-19, demonstrando que o governo pode estabelecer regras especiais para saque em determinadas circunst\u00e2ncias.<\/p>\n\n\n\n<h3 class=\"wp-block-heading\">1. Saque-Anivers\u00e1rio<\/h3>\n\n\n\n<p>Uma das modalidades de saque do FGTS \u00e9 o saque-anivers\u00e1rio, que permite retiradas anuais de uma parte do saldo do FGTS, no m\u00eas de anivers\u00e1rio do trabalhador. Ao optar por essa modalidade, o trabalhador abre m\u00e3o do direito de sacar o total do FGTS em caso de demiss\u00e3o sem justa causa, mantendo, por\u00e9m, o direito \u00e0 multa rescis\u00f3ria de 40%.<\/p>\n\n\n\n<h3 class=\"wp-block-heading\">2. Mudan\u00e7as na Legisla\u00e7\u00e3o<\/h3>\n\n\n\n<p>As leis sobre o FGTS s\u00e3o atualizadas com certa frequ\u00eancia, e novas possibilidades de saque podem surgir. Por isso, \u00e9 importante estar sempre informado sobre as mudan\u00e7as na legisla\u00e7\u00e3o para saber se novas oportunidades de saque foram criadas.<\/p>\n\n\n\n<h2 class=\"wp-block-heading\">Consulta do Saldo do FGTS<\/h2>\n\n\n\n<p>Para planejar o saque do FGTS, \u00e9 essencial consultar regularmente o saldo da conta. Isso pode ser feito pelo aplicativo FGTS, dispon\u00edvel para smartphones, pelo site da Caixa Econ\u00f4mica Federal ou nos caixas eletr\u00f4nicos, utilizando o cart\u00e3o cidad\u00e3o.<\/p>\n\n\n\n<h2 class=\"wp-block-heading\">Dicas Importantes<\/h2>\n\n\n\n<ul class=\"wp-block-list\">\n<li>Planejamento Financeiro: Antes de decidir pelo saque, \u00e9 importante considerar a necessidade e planejar o uso do dinheiro, especialmente se optar pelo saque-anivers\u00e1rio, que implica a perda de alguns direitos em caso de demiss\u00e3o.<\/li>\n\n\n\n<li>Atualiza\u00e7\u00e3o Cadastral: Mantenha seus dados cadastrais atualizados junto \u00e0 Caixa Econ\u00f4mica Federal para evitar problemas no momento do saque.<\/li>\n\n\n\n<li>Consultoria: Em casos de d\u00favida, procure uma consultoria especializada ou os canais oficiais da Caixa Econ\u00f4mica Federal para obter informa\u00e7\u00f5es precisas sobre seu caso.<\/li>\n<\/ul>\n\n\n\n<h2 class=\"wp-block-heading\">Um direito do trabalhador<\/h2>\n\n\n\n<p>O FGTS \u00e9 um direito do trabalhador brasileiro que serve como uma reserva financeira para momentos espec\u00edficos da vida. Saber quando e como sacar o FGTS retido \u00e9 crucial para aproveitar ao m\u00e1ximo esse benef\u00edcio.&nbsp;<\/p>\n\n\n\n<p>Mantenha-se informado sobre as condi\u00e7\u00f5es de saque, consulte regularmente o saldo e planeje o uso do dinheiro de forma consciente. Assim, voc\u00ea poder\u00e1 fazer o melhor uso poss\u00edvel do seu FGTS, seja para realizar um sonho, investir em um projeto pessoal ou como suporte em momentos de necessidade.<\/p>\n\n\n\n<p><strong>Veja tamb\u00e9m:  <a href=\"https:\/\/www.vagadeempregorj.com.br\/ar\/o-impacto-das-tendencias-tecnologicas-na-economia-oportunidades-e-desafios-para-empresarios-e-investidores\/\">O Impacto das Tend\u00eancias Tecnol\u00f3gicas na Economia: Oportunidades e Desafios para Empres\u00e1rios e Investidores<\/a><\/strong><\/p>\n\n\n\n<p>16 de mar\u00e7o de 2024<\/p>","protected":false},"excerpt":{"rendered":"<p>O Fundo de Garantia do Tempo de Servi\u00e7o (FGTS) \u00e9 uma prote\u00e7\u00e3o financeira para trabalhadores brasileiros. Criado com o intuito de ser um apoio financeiro em momentos espec\u00edficos da vida do trabalhador, como em caso de demiss\u00e3o sem justa causa, o FGTS pode, em determinadas circunst\u00e2ncias, ficar retido. Mas, voc\u00ea sabe quando pode sacar o&hellip;&nbsp;<\/p>","protected":false},"author":16,"featured_media":39519,"comment_status":"closed","ping_status":"closed","sticky":false,"template":"","format":"standard","meta":{"neve_meta_sidebar":"","neve_meta_container":"","neve_meta_enable_content_width":"","neve_meta_content_width":0,"neve_meta_title_alignment":"","neve_meta_author_avatar":"","neve_post_elements_order":"","neve_meta_disable_header":"","neve_meta_disable_footer":"","neve_meta_disable_title":"","footnotes":""},"categories":[1],"tags":[],"class_list":["post-39505","post","type-post","status-publish","format-standard","has-post-thumbnail","hentry","category-beneficios-sociais"],"yoast_head":"<!-- This site is optimized with the Yoast SEO plugin v27.5 - https:\/\/yoast.com\/product\/yoast-seo-wordpress\/ -->\n<title>FGTS retido quando posso sacar? Veja as informa\u00e7\u00f5es -<\/title>\n<meta name=\"description\" content=\"Veja em Vagas de Emprego RJ as vagas de emprego com e sem experi\u00eancia no seu Estado e Regi\u00e3o!\" \/>\n<meta name=\"robots\" content=\"index, follow, max-snippet:-1, max-image-preview:large, max-video-preview:-1\" \/>\n<link rel=\"canonical\" href=\"https:\/\/www.vagadeempregorj.com.br\/ar\/fgts-retido-quando-posso-sacar-veja-as-informacoes\/\" \/>\n<meta property=\"og:locale\" content=\"ar_AR\" \/>\n<meta property=\"og:type\" content=\"article\" \/>\n<meta property=\"og:title\" content=\"FGTS retido quando posso sacar? Veja as informa\u00e7\u00f5es -\" \/>\n<meta property=\"og:description\" content=\"Veja em Vagas de Emprego RJ as vagas de emprego com e sem experi\u00eancia no seu Estado e Regi\u00e3o!\" \/>\n<meta property=\"og:url\" content=\"https:\/\/www.vagadeempregorj.com.br\/ar\/fgts-retido-quando-posso-sacar-veja-as-informacoes\/\" \/>\n<meta property=\"article:publisher\" content=\"https:\/\/www.facebook.com\/empregobrasiloficial\" \/>\n<meta property=\"article:published_time\" content=\"2024-03-16T03:01:00+00:00\" \/>\n<meta property=\"og:image\" content=\"https:\/\/www.vagadeempregorj.com.br\/wp-content\/uploads\/2024\/02\/image-12.png\" \/>\n\t<meta property=\"og:image:width\" content=\"704\" \/>\n\t<meta property=\"og:image:height\" content=\"528\" \/>\n\t<meta property=\"og:image:type\" content=\"image\/png\" \/>\n<meta name=\"author\" content=\"Michele\" \/>\n<meta name=\"twitter:card\" content=\"summary_large_image\" \/>\n<meta name=\"twitter:label1\" content=\"Written by\" \/>\n\t<meta name=\"twitter:data1\" content=\"Michele\" \/>\n\t<meta name=\"twitter:label2\" content=\"Est. reading time\" \/>\n\t<meta name=\"twitter:data2\" content=\"4 \u062f\u0642\u0627\u0626\u0642\" \/>\n<script type=\"application\/ld+json\" class=\"yoast-schema-graph\">{\"@context\":\"https:\\\/\\\/schema.org\",\"@graph\":[{\"@type\":\"Article\",\"@id\":\"https:\\\/\\\/www.vagadeempregorj.com.br\\\/fgts-retido-quando-posso-sacar-veja-as-informacoes\\\/#article\",\"isPartOf\":{\"@id\":\"https:\\\/\\\/www.vagadeempregorj.com.br\\\/fgts-retido-quando-posso-sacar-veja-as-informacoes\\\/\"},\"author\":{\"name\":\"Michele\",\"@id\":\"https:\\\/\\\/www.vagadeempregorj.com.br\\\/#\\\/schema\\\/person\\\/3ddb19fa0539706786e502152f3aae95\"},\"headline\":\"FGTS retido quando posso sacar? Veja as informa\u00e7\u00f5es\",\"datePublished\":\"2024-03-16T03:01:00+00:00\",\"mainEntityOfPage\":{\"@id\":\"https:\\\/\\\/www.vagadeempregorj.com.br\\\/fgts-retido-quando-posso-sacar-veja-as-informacoes\\\/\"},\"wordCount\":781,\"image\":{\"@id\":\"https:\\\/\\\/www.vagadeempregorj.com.br\\\/fgts-retido-quando-posso-sacar-veja-as-informacoes\\\/#primaryimage\"},\"thumbnailUrl\":\"https:\\\/\\\/www.vagadeempregorj.com.br\\\/wp-content\\\/uploads\\\/2024\\\/02\\\/image-12.png\",\"articleSection\":[\"Benef\u00edcios Sociais\"],\"inLanguage\":\"ar\"},{\"@type\":\"WebPage\",\"@id\":\"https:\\\/\\\/www.vagadeempregorj.com.br\\\/fgts-retido-quando-posso-sacar-veja-as-informacoes\\\/\",\"url\":\"https:\\\/\\\/www.vagadeempregorj.com.br\\\/fgts-retido-quando-posso-sacar-veja-as-informacoes\\\/\",\"name\":\"FGTS retido quando posso sacar? Veja as informa\u00e7\u00f5es -\",\"isPartOf\":{\"@id\":\"https:\\\/\\\/www.vagadeempregorj.com.br\\\/#website\"},\"primaryImageOfPage\":{\"@id\":\"https:\\\/\\\/www.vagadeempregorj.com.br\\\/fgts-retido-quando-posso-sacar-veja-as-informacoes\\\/#primaryimage\"},\"image\":{\"@id\":\"https:\\\/\\\/www.vagadeempregorj.com.br\\\/fgts-retido-quando-posso-sacar-veja-as-informacoes\\\/#primaryimage\"},\"thumbnailUrl\":\"https:\\\/\\\/www.vagadeempregorj.com.br\\\/wp-content\\\/uploads\\\/2024\\\/02\\\/image-12.png\",\"datePublished\":\"2024-03-16T03:01:00+00:00\",\"author\":{\"@id\":\"https:\\\/\\\/www.vagadeempregorj.com.br\\\/#\\\/schema\\\/person\\\/3ddb19fa0539706786e502152f3aae95\"},\"description\":\"Veja em Vagas de Emprego RJ as vagas de emprego com e sem experi\u00eancia no seu Estado e Regi\u00e3o!\",\"breadcrumb\":{\"@id\":\"https:\\\/\\\/www.vagadeempregorj.com.br\\\/fgts-retido-quando-posso-sacar-veja-as-informacoes\\\/#breadcrumb\"},\"inLanguage\":\"ar\",\"potentialAction\":[{\"@type\":\"ReadAction\",\"target\":[\"https:\\\/\\\/www.vagadeempregorj.com.br\\\/fgts-retido-quando-posso-sacar-veja-as-informacoes\\\/\"]}]},{\"@type\":\"ImageObject\",\"inLanguage\":\"ar\",\"@id\":\"https:\\\/\\\/www.vagadeempregorj.com.br\\\/fgts-retido-quando-posso-sacar-veja-as-informacoes\\\/#primaryimage\",\"url\":\"https:\\\/\\\/www.vagadeempregorj.com.br\\\/wp-content\\\/uploads\\\/2024\\\/02\\\/image-12.png\",\"contentUrl\":\"https:\\\/\\\/www.vagadeempregorj.com.br\\\/wp-content\\\/uploads\\\/2024\\\/02\\\/image-12.png\",\"width\":704,\"height\":528},{\"@type\":\"BreadcrumbList\",\"@id\":\"https:\\\/\\\/www.vagadeempregorj.com.br\\\/fgts-retido-quando-posso-sacar-veja-as-informacoes\\\/#breadcrumb\",\"itemListElement\":[{\"@type\":\"ListItem\",\"position\":1,\"name\":\"In\u00edcio\",\"item\":\"https:\\\/\\\/www.vagadeempregorj.com.br\\\/\"},{\"@type\":\"ListItem\",\"position\":2,\"name\":\"Benef\u00edcios Sociais\",\"item\":\"https:\\\/\\\/www.vagadeempregorj.com.br\\\/beneficios-sociais\\\/\"},{\"@type\":\"ListItem\",\"position\":3,\"name\":\"FGTS retido quando posso sacar? Veja as informa\u00e7\u00f5es\"}]},{\"@type\":\"WebSite\",\"@id\":\"https:\\\/\\\/www.vagadeempregorj.com.br\\\/#website\",\"url\":\"https:\\\/\\\/www.vagadeempregorj.com.br\\\/\",\"name\":\"\",\"description\":\"Conquiste Sonhos: Vagas, Benef\u00edcios e Economia para Transformar Vidas e Alcan\u00e7ar Melhorias Cotidianas\",\"potentialAction\":[{\"@type\":\"SearchAction\",\"target\":{\"@type\":\"EntryPoint\",\"urlTemplate\":\"https:\\\/\\\/www.vagadeempregorj.com.br\\\/?s={search_term_string}\"},\"query-input\":{\"@type\":\"PropertyValueSpecification\",\"valueRequired\":true,\"valueName\":\"search_term_string\"}}],\"inLanguage\":\"ar\"},{\"@type\":\"Person\",\"@id\":\"https:\\\/\\\/www.vagadeempregorj.com.br\\\/#\\\/schema\\\/person\\\/3ddb19fa0539706786e502152f3aae95\",\"name\":\"Michele\",\"image\":{\"@type\":\"ImageObject\",\"inLanguage\":\"ar\",\"@id\":\"https:\\\/\\\/secure.gravatar.com\\\/avatar\\\/6b0eb9d22841282815e2cd856a0061c45e1761cd54b22e952d98c4746939aa85?s=96&r=g\",\"url\":\"https:\\\/\\\/secure.gravatar.com\\\/avatar\\\/6b0eb9d22841282815e2cd856a0061c45e1761cd54b22e952d98c4746939aa85?s=96&r=g\",\"contentUrl\":\"https:\\\/\\\/secure.gravatar.com\\\/avatar\\\/6b0eb9d22841282815e2cd856a0061c45e1761cd54b22e952d98c4746939aa85?s=96&r=g\",\"caption\":\"Michele\"},\"description\":\"Formada em Letras - Portugu\u00eas\\\/ Ingl\u00eas, e idealizadora do site Escritora de Sucesso, busca expandir o conhecimento de todos com informa\u00e7\u00f5es relevantes sobre diversos assuntos, enquanto redatora. No Vaga de Emprego RJ, traz oportunidades e dicas sobre o mercado de trabalho.\",\"url\":\"https:\\\/\\\/www.vagadeempregorj.com.br\\\/ar\\\/author\\\/michele\\\/\"}]}<\/script>\n<!-- \/ Yoast SEO plugin. -->","yoast_head_json":{"title":"FGTS retido quando posso sacar? Veja as informa\u00e7\u00f5es -","description":"Veja em Vagas de Emprego RJ as vagas de emprego com e sem experi\u00eancia no seu Estado e Regi\u00e3o!","robots":{"index":"index","follow":"follow","max-snippet":"max-snippet:-1","max-image-preview":"max-image-preview:large","max-video-preview":"max-video-preview:-1"},"canonical":"https:\/\/www.vagadeempregorj.com.br\/ar\/fgts-retido-quando-posso-sacar-veja-as-informacoes\/","og_locale":"ar_AR","og_type":"article","og_title":"FGTS retido quando posso sacar? Veja as informa\u00e7\u00f5es -","og_description":"Veja em Vagas de Emprego RJ as vagas de emprego com e sem experi\u00eancia no seu Estado e Regi\u00e3o!","og_url":"https:\/\/www.vagadeempregorj.com.br\/ar\/fgts-retido-quando-posso-sacar-veja-as-informacoes\/","article_publisher":"https:\/\/www.facebook.com\/empregobrasiloficial","article_published_time":"2024-03-16T03:01:00+00:00","og_image":[{"width":704,"height":528,"url":"https:\/\/www.vagadeempregorj.com.br\/wp-content\/uploads\/2024\/02\/image-12.png","type":"image\/png"}],"author":"Michele","twitter_card":"summary_large_image","twitter_misc":{"Written by":"Michele","Est. reading time":"4 \u062f\u0642\u0627\u0626\u0642"},"schema":{"@context":"https:\/\/schema.org","@graph":[{"@type":"Article","@id":"https:\/\/www.vagadeempregorj.com.br\/fgts-retido-quando-posso-sacar-veja-as-informacoes\/#article","isPartOf":{"@id":"https:\/\/www.vagadeempregorj.com.br\/fgts-retido-quando-posso-sacar-veja-as-informacoes\/"},"author":{"name":"Michele","@id":"https:\/\/www.vagadeempregorj.com.br\/#\/schema\/person\/3ddb19fa0539706786e502152f3aae95"},"headline":"FGTS retido quando posso sacar? Veja as informa\u00e7\u00f5es","datePublished":"2024-03-16T03:01:00+00:00","mainEntityOfPage":{"@id":"https:\/\/www.vagadeempregorj.com.br\/fgts-retido-quando-posso-sacar-veja-as-informacoes\/"},"wordCount":781,"image":{"@id":"https:\/\/www.vagadeempregorj.com.br\/fgts-retido-quando-posso-sacar-veja-as-informacoes\/#primaryimage"},"thumbnailUrl":"https:\/\/www.vagadeempregorj.com.br\/wp-content\/uploads\/2024\/02\/image-12.png","articleSection":["Benef\u00edcios Sociais"],"inLanguage":"ar"},{"@type":"WebPage","@id":"https:\/\/www.vagadeempregorj.com.br\/fgts-retido-quando-posso-sacar-veja-as-informacoes\/","url":"https:\/\/www.vagadeempregorj.com.br\/fgts-retido-quando-posso-sacar-veja-as-informacoes\/","name":"FGTS retido quando posso sacar? Veja as informa\u00e7\u00f5es -","isPartOf":{"@id":"https:\/\/www.vagadeempregorj.com.br\/#website"},"primaryImageOfPage":{"@id":"https:\/\/www.vagadeempregorj.com.br\/fgts-retido-quando-posso-sacar-veja-as-informacoes\/#primaryimage"},"image":{"@id":"https:\/\/www.vagadeempregorj.com.br\/fgts-retido-quando-posso-sacar-veja-as-informacoes\/#primaryimage"},"thumbnailUrl":"https:\/\/www.vagadeempregorj.com.br\/wp-content\/uploads\/2024\/02\/image-12.png","datePublished":"2024-03-16T03:01:00+00:00","author":{"@id":"https:\/\/www.vagadeempregorj.com.br\/#\/schema\/person\/3ddb19fa0539706786e502152f3aae95"},"description":"Veja em Vagas de Emprego RJ as vagas de emprego com e sem experi\u00eancia no seu Estado e Regi\u00e3o!","breadcrumb":{"@id":"https:\/\/www.vagadeempregorj.com.br\/fgts-retido-quando-posso-sacar-veja-as-informacoes\/#breadcrumb"},"inLanguage":"ar","potentialAction":[{"@type":"ReadAction","target":["https:\/\/www.vagadeempregorj.com.br\/fgts-retido-quando-posso-sacar-veja-as-informacoes\/"]}]},{"@type":"ImageObject","inLanguage":"ar","@id":"https:\/\/www.vagadeempregorj.com.br\/fgts-retido-quando-posso-sacar-veja-as-informacoes\/#primaryimage","url":"https:\/\/www.vagadeempregorj.com.br\/wp-content\/uploads\/2024\/02\/image-12.png","contentUrl":"https:\/\/www.vagadeempregorj.com.br\/wp-content\/uploads\/2024\/02\/image-12.png","width":704,"height":528},{"@type":"BreadcrumbList","@id":"https:\/\/www.vagadeempregorj.com.br\/fgts-retido-quando-posso-sacar-veja-as-informacoes\/#breadcrumb","itemListElement":[{"@type":"ListItem","position":1,"name":"In\u00edcio","item":"https:\/\/www.vagadeempregorj.com.br\/"},{"@type":"ListItem","position":2,"name":"Benef\u00edcios Sociais","item":"https:\/\/www.vagadeempregorj.com.br\/beneficios-sociais\/"},{"@type":"ListItem","position":3,"name":"FGTS retido quando posso sacar? Veja as informa\u00e7\u00f5es"}]},{"@type":"WebSite","@id":"https:\/\/www.vagadeempregorj.com.br\/#website","url":"https:\/\/www.vagadeempregorj.com.br\/","name":"","description":"Conquiste Sonhos: Vagas, Benef\u00edcios e Economia para Transformar Vidas e Alcan\u00e7ar Melhorias Cotidianas","potentialAction":[{"@type":"SearchAction","target":{"@type":"EntryPoint","urlTemplate":"https:\/\/www.vagadeempregorj.com.br\/?s={search_term_string}"},"query-input":{"@type":"PropertyValueSpecification","valueRequired":true,"valueName":"search_term_string"}}],"inLanguage":"ar"},{"@type":"Person","@id":"https:\/\/www.vagadeempregorj.com.br\/#\/schema\/person\/3ddb19fa0539706786e502152f3aae95","name":"Michele","image":{"@type":"ImageObject","inLanguage":"ar","@id":"https:\/\/secure.gravatar.com\/avatar\/6b0eb9d22841282815e2cd856a0061c45e1761cd54b22e952d98c4746939aa85?s=96&r=g","url":"https:\/\/secure.gravatar.com\/avatar\/6b0eb9d22841282815e2cd856a0061c45e1761cd54b22e952d98c4746939aa85?s=96&r=g","contentUrl":"https:\/\/secure.gravatar.com\/avatar\/6b0eb9d22841282815e2cd856a0061c45e1761cd54b22e952d98c4746939aa85?s=96&r=g","caption":"Michele"},"description":"Formada em Letras - Portugu\u00eas\/ Ingl\u00eas, e idealizadora do site Escritora de Sucesso, busca expandir o conhecimento de todos com informa\u00e7\u00f5es relevantes sobre diversos assuntos, enquanto redatora. No Vaga de Emprego RJ, traz oportunidades e dicas sobre o mercado de trabalho.","url":"https:\/\/www.vagadeempregorj.com.br\/ar\/author\/michele\/"}]}},"_links":{"self":[{"href":"https:\/\/www.vagadeempregorj.com.br\/ar\/wp-json\/wp\/v2\/posts\/39505","targetHints":{"allow":["GET"]}}],"collection":[{"href":"https:\/\/www.vagadeempregorj.com.br\/ar\/wp-json\/wp\/v2\/posts"}],"about":[{"href":"https:\/\/www.vagadeempregorj.com.br\/ar\/wp-json\/wp\/v2\/types\/post"}],"author":[{"embeddable":true,"href":"https:\/\/www.vagadeempregorj.com.br\/ar\/wp-json\/wp\/v2\/users\/16"}],"replies":[{"embeddable":true,"href":"https:\/\/www.vagadeempregorj.com.br\/ar\/wp-json\/wp\/v2\/comments?post=39505"}],"version-history":[{"count":0,"href":"https:\/\/www.vagadeempregorj.com.br\/ar\/wp-json\/wp\/v2\/posts\/39505\/revisions"}],"wp:featuredmedia":[{"embeddable":true,"href":"https:\/\/www.vagadeempregorj.com.br\/ar\/wp-json\/wp\/v2\/media\/39519"}],"wp:attachment":[{"href":"https:\/\/www.vagadeempregorj.com.br\/ar\/wp-json\/wp\/v2\/media?parent=39505"}],"wp:term":[{"taxonomy":"category","embeddable":true,"href":"https:\/\/www.vagadeempregorj.com.br\/ar\/wp-json\/wp\/v2\/categories?post=39505"},{"taxonomy":"post_tag","embeddable":true,"href":"https:\/\/www.vagadeempregorj.com.br\/ar\/wp-json\/wp\/v2\/tags?post=39505"}],"curies":[{"name":"wp","href":"https:\/\/api.w.org\/{rel}","templated":true}]}}