{"id":39618,"date":"2024-05-06T00:01:00","date_gmt":"2024-05-06T03:01:00","guid":{"rendered":"https:\/\/www.vagadeempregorj.com.br\/?p=39618"},"modified":"2024-05-04T17:58:39","modified_gmt":"2024-05-04T20:58:39","slug":"bolsa-familia-tem-retroativo-entenda-mais-sobre-o-beneficio","status":"publish","type":"post","link":"https:\/\/www.vagadeempregorj.com.br\/ar\/bolsa-familia-tem-retroativo-entenda-mais-sobre-o-beneficio\/","title":{"rendered":"Bolsa Fam\u00edlia tem retroativo? Entenda mais sobre o benef\u00edcio"},"content":{"rendered":"<p>O Bolsa Fam\u00edlia \u00e9 um dos programas sociais mais importantes do Brasil, beneficiando milh\u00f5es de fam\u00edlias em situa\u00e7\u00e3o de vulnerabilidade econ\u00f4mica. No entanto, surgem muitas d\u00favidas em torno desse programa, incluindo se ele possui retroativo.&nbsp;<\/p>\n\n\n\n<h2 class=\"wp-block-heading\">O que \u00e9 o Bolsa Fam\u00edlia?<\/h2>\n\n\n\n<p>O Bolsa Fam\u00edlia \u00e9 um programa de transfer\u00eancia de renda criado pelo governo federal em 2003, com o objetivo de combater a pobreza e a desigualdade social no pa\u00eds. Ele funciona por meio da concess\u00e3o de benef\u00edcios financeiros mensais \u00e0s fam\u00edlias em situa\u00e7\u00e3o de extrema pobreza ou pobreza, desde que cumpram determinados crit\u00e9rios estabelecidos pelo governo.<\/p>\n\n\n\n<h2 class=\"wp-block-heading\">Como funciona o Bolsa Fam\u00edlia?<\/h2>\n\n\n\n<p>O programa Bolsa Fam\u00edlia opera de acordo com crit\u00e9rios espec\u00edficos de renda familiar per capita e composi\u00e7\u00e3o familiar. As fam\u00edlias interessadas em participar devem se inscrever no Cadastro \u00danico para Programas Sociais do Governo Federal (Cad\u00danico) e aguardar a an\u00e1lise de sua situa\u00e7\u00e3o socioecon\u00f4mica.<\/p>\n\n\n\n<h2 class=\"wp-block-heading\">O Bolsa Fam\u00edlia possui retroativo?<\/h2>\n\n\n\n<p>O Bolsa Fam\u00edlia, como mencionado anteriormente, \u00e9 um programa social crucial no cen\u00e1rio brasileiro, oferecendo suporte financeiro a milh\u00f5es de fam\u00edlias em situa\u00e7\u00e3o de vulnerabilidade econ\u00f4mica.&nbsp;<\/p>\n\n\n\n<p>Uma das quest\u00f5es mais discutidas em torno desse programa \u00e9 a exist\u00eancia do retroativo, ou seja, a possibilidade de receber benef\u00edcios retroativos a partir da data em que as fam\u00edlias se enquadraram nos crit\u00e9rios estabelecidos, mesmo que n\u00e3o estivessem cadastradas anteriormente.<\/p>\n\n\n\n<h3 class=\"wp-block-heading\">1. O que \u00e9 o retroativo?<\/h3>\n\n\n\n<p>O retroativo, no contexto do Bolsa Fam\u00edlia, refere-se ao pagamento dos benef\u00edcios atrasados desde o momento em que a fam\u00edlia se qualificou para participar do programa, mas ainda n\u00e3o estava cadastrada. Isso significa que, se uma fam\u00edlia atende aos crit\u00e9rios de elegibilidade para o Bolsa Fam\u00edlia, mas n\u00e3o se inscreveu imediatamente, ela ainda pode receber os benef\u00edcios retroativos correspondentes ao per\u00edodo em que era eleg\u00edvel.<\/p>\n\n\n\n<h3 class=\"wp-block-heading\">2. Como solicitar o retroativo?<\/h3>\n\n\n\n<p>Embora o Bolsa Fam\u00edlia possua retroativo, \u00e9 importante destacar que esse pagamento n\u00e3o \u00e9 autom\u00e1tico. As fam\u00edlias que desejam receber os benef\u00edcios retroativos precisam realizar uma solicita\u00e7\u00e3o junto aos \u00f3rg\u00e3os respons\u00e1veis, como os Centros de Refer\u00eancia de Assist\u00eancia Social (CRAS) ou as prefeituras municipais.<\/p>\n\n\n\n<figure class=\"wp-block-image size-large\"><img loading=\"lazy\" decoding=\"async\" width=\"1024\" height=\"613\" src=\"https:\/\/www.vagadeempregorj.com.br\/wp-content\/uploads\/2024\/05\/image-2-1024x613.png\" alt=\"\" class=\"wp-image-39624\" srcset=\"https:\/\/www.vagadeempregorj.com.br\/wp-content\/uploads\/2024\/05\/image-2-1024x613.png 1024w, https:\/\/www.vagadeempregorj.com.br\/wp-content\/uploads\/2024\/05\/image-2-300x179.png 300w, https:\/\/www.vagadeempregorj.com.br\/wp-content\/uploads\/2024\/05\/image-2-768x459.png 768w, https:\/\/www.vagadeempregorj.com.br\/wp-content\/uploads\/2024\/05\/image-2-150x90.png 150w, https:\/\/www.vagadeempregorj.com.br\/wp-content\/uploads\/2024\/05\/image-2.png 1170w\" sizes=\"auto, (max-width: 1024px) 100vw, 1024px\" \/><\/figure>\n\n\n\n<p>Geralmente, o processo de solicita\u00e7\u00e3o envolve preencher um formul\u00e1rio espec\u00edfico, fornecendo informa\u00e7\u00f5es detalhadas sobre a composi\u00e7\u00e3o familiar, a renda per capita e outros dados relevantes. \u00c9 importante que as fam\u00edlias interessadas busquem orienta\u00e7\u00e3o junto aos \u00f3rg\u00e3os competentes para garantir que cumpram todos os requisitos e procedimentos necess\u00e1rios para solicitar o retroativo do Bolsa Fam\u00edlia.<\/p>\n\n\n\n<h3 class=\"wp-block-heading\">3. Por que o retroativo \u00e9 importante?<\/h3>\n\n\n\n<p>O retroativo do Bolsa Fam\u00edlia desempenha um papel fundamental na garantia dos direitos das fam\u00edlias em situa\u00e7\u00e3o de vulnerabilidade econ\u00f4mica. Muitas vezes, essas fam\u00edlias podem n\u00e3o estar cientes do programa ou podem enfrentar dificuldades no processo de inscri\u00e7\u00e3o devido a quest\u00f5es como falta de informa\u00e7\u00e3o ou acesso limitado aos servi\u00e7os p\u00fablicos.<\/p>\n\n\n\n<p>Ao permitir o pagamento retroativo, o programa Bolsa Fam\u00edlia oferece uma oportunidade para que essas fam\u00edlias recebam o suporte financeiro ao qual t\u00eam direito, mesmo que n\u00e3o tenham se cadastrado imediatamente ap\u00f3s atenderem aos crit\u00e9rios de elegibilidade. Isso contribui para reduzir a desigualdade social e promover a inclus\u00e3o econ\u00f4mica das fam\u00edlias mais vulner\u00e1veis.<\/p>\n\n\n\n<h2 class=\"wp-block-heading\">Instrumento de combate \u00e0 pobreza<\/h2>\n\n\n\n<p>O Bolsa Fam\u00edlia, desde sua cria\u00e7\u00e3o em 2003, tem sido reconhecido como um dos principais instrumentos de combate \u00e0 pobreza no Brasil. Sua abordagem inovadora de transfer\u00eancia de renda condicionada tem demonstrado impactos significativos na redu\u00e7\u00e3o da pobreza e da desigualdade social em todo o pa\u00eds.&nbsp;<\/p>\n\n\n\n<h3 class=\"wp-block-heading\">1. Redu\u00e7\u00e3o da pobreza extrema<\/h3>\n\n\n\n<p>Uma das conquistas mais not\u00e1veis do Bolsa Fam\u00edlia \u00e9 sua contribui\u00e7\u00e3o para a redu\u00e7\u00e3o da pobreza extrema no Brasil. Ao fornecer um suporte financeiro mensal \u00e0s fam\u00edlias mais necessitadas, o programa ajuda a garantir que elas tenham acesso a alimentos, moradia e outros recursos b\u00e1sicos essenciais para a sobreviv\u00eancia. Isso \u00e9 especialmente crucial em regi\u00f5es onde a pobreza extrema \u00e9 generalizada e as condi\u00e7\u00f5es de vida s\u00e3o prec\u00e1rias.<\/p>\n\n\n\n<h3 class=\"wp-block-heading\">2. Incentivo \u00e0 educa\u00e7\u00e3o e sa\u00fade<\/h3>\n\n\n\n<p>O Bolsa Fam\u00edlia tamb\u00e9m atua como um incentivo para que as fam\u00edlias benefici\u00e1rias cumpram as condicionalidades relacionadas \u00e0 educa\u00e7\u00e3o e sa\u00fade estabelecidas pelo programa. Para continuar recebendo os benef\u00edcios, as fam\u00edlias devem garantir que seus filhos estejam matriculados na escola e frequentando regularmente as aulas, al\u00e9m de manterem em dia o calend\u00e1rio de vacina\u00e7\u00e3o e consultas m\u00e9dicas.&nbsp;<\/p>\n\n\n\n<p>Esse enfoque n\u00e3o apenas melhora o acesso \u00e0 educa\u00e7\u00e3o e sa\u00fade, mas tamb\u00e9m ajuda a quebrar o ciclo intergeracional da pobreza, ao investir no desenvolvimento das crian\u00e7as e adolescentes.<\/p>\n\n\n\n<h3 class=\"wp-block-heading\">3. Promo\u00e7\u00e3o da inclus\u00e3o social<\/h3>\n\n\n\n<p>Al\u00e9m de aliviar a pobreza material, o Bolsa Fam\u00edlia desempenha um papel importante na promo\u00e7\u00e3o da inclus\u00e3o social das fam\u00edlias mais vulner\u00e1veis.&nbsp;<\/p>\n\n\n\n<p>Ao fornecer um suporte financeiro regular, o programa permite que essas fam\u00edlias participem mais plenamente da vida econ\u00f4mica e social do pa\u00eds, reduzindo o isolamento e a marginaliza\u00e7\u00e3o que muitas vezes acompanham a pobreza. Isso pode ter efeitos positivos de longo prazo na autoestima, na autoconfian\u00e7a e no senso de pertencimento dessas fam\u00edlias \u00e0 comunidade.<\/p>\n\n\n\n<h3 class=\"wp-block-heading\">4. Combate \u00e0 desigualdade de renda<\/h3>\n\n\n\n<p>Por fim, o Bolsa Fam\u00edlia desempenha um papel crucial no combate \u00e0 desigualdade de renda no Brasil. Ao direcionar os recursos para as fam\u00edlias mais pobres e vulner\u00e1veis, o programa ajuda a reduzir a disparidade entre os estratos sociais e a promover uma distribui\u00e7\u00e3o mais equitativa da riqueza nacional.<\/p>\n\n\n\n<p>Isso \u00e9 essencial para garantir que todos os cidad\u00e3os tenham oportunidades justas de prosperar e contribuir para o desenvolvimento econ\u00f4mico e social do pa\u00eds.<\/p>\n\n\n\n<p>\u00c9 fundamental que as fam\u00edlias estejam cientes de seus direitos e busquem as informa\u00e7\u00f5es necess\u00e1rias para garantir o acesso aos benef\u00edcios a que t\u00eam direito.<\/p>\n\n\n\n<p><strong>Veja tamb\u00e9m: <a href=\"https:\/\/www.vagadeempregorj.com.br\/ar\/emprego-em-tempos-de-crise-estrategias-para-encontrar-oportunidades\/\">Emprego em Tempos de Crise: Estrat\u00e9gias para Encontrar Oportunidades<\/a><\/strong><\/p>\n\n\n\n<p>6 de maio de 2024<\/p>","protected":false},"excerpt":{"rendered":"<p>O Bolsa Fam\u00edlia \u00e9 um dos programas sociais mais importantes do Brasil, beneficiando milh\u00f5es de fam\u00edlias em situa\u00e7\u00e3o de vulnerabilidade econ\u00f4mica. No entanto, surgem muitas d\u00favidas em torno desse programa, incluindo se ele possui retroativo.&nbsp; O que \u00e9 o Bolsa Fam\u00edlia? O Bolsa Fam\u00edlia \u00e9 um programa de transfer\u00eancia de renda criado pelo governo federal&hellip;&nbsp;<\/p>","protected":false},"author":16,"featured_media":39624,"comment_status":"closed","ping_status":"closed","sticky":false,"template":"","format":"standard","meta":{"neve_meta_sidebar":"","neve_meta_container":"","neve_meta_enable_content_width":"","neve_meta_content_width":0,"neve_meta_title_alignment":"","neve_meta_author_avatar":"","neve_post_elements_order":"","neve_meta_disable_header":"","neve_meta_disable_footer":"","neve_meta_disable_title":"","footnotes":""},"categories":[1],"tags":[],"class_list":["post-39618","post","type-post","status-publish","format-standard","has-post-thumbnail","hentry","category-beneficios-sociais"],"yoast_head":"<!-- This site is optimized with the Yoast SEO plugin v27.5 - https:\/\/yoast.com\/product\/yoast-seo-wordpress\/ -->\n<title>Bolsa Fam\u00edlia tem retroativo? Entenda mais sobre o benef\u00edcio -<\/title>\n<meta name=\"description\" content=\"Veja em Vagas de Emprego RJ as vagas de emprego com e sem experi\u00eancia no seu Estado e Regi\u00e3o!\" \/>\n<meta name=\"robots\" content=\"index, follow, max-snippet:-1, max-image-preview:large, max-video-preview:-1\" \/>\n<link rel=\"canonical\" href=\"https:\/\/www.vagadeempregorj.com.br\/ar\/bolsa-familia-tem-retroativo-entenda-mais-sobre-o-beneficio\/\" \/>\n<meta property=\"og:locale\" content=\"ar_AR\" \/>\n<meta property=\"og:type\" content=\"article\" \/>\n<meta property=\"og:title\" content=\"Bolsa Fam\u00edlia tem retroativo? Entenda mais sobre o benef\u00edcio -\" \/>\n<meta property=\"og:description\" content=\"Veja em Vagas de Emprego RJ as vagas de emprego com e sem experi\u00eancia no seu Estado e Regi\u00e3o!\" \/>\n<meta property=\"og:url\" content=\"https:\/\/www.vagadeempregorj.com.br\/ar\/bolsa-familia-tem-retroativo-entenda-mais-sobre-o-beneficio\/\" \/>\n<meta property=\"article:publisher\" content=\"https:\/\/www.facebook.com\/empregobrasiloficial\" \/>\n<meta property=\"article:published_time\" content=\"2024-05-06T03:01:00+00:00\" \/>\n<meta property=\"og:image\" content=\"https:\/\/www.vagadeempregorj.com.br\/wp-content\/uploads\/2024\/05\/image-2.png\" \/>\n\t<meta property=\"og:image:width\" content=\"1170\" \/>\n\t<meta property=\"og:image:height\" content=\"700\" \/>\n\t<meta property=\"og:image:type\" content=\"image\/png\" \/>\n<meta name=\"author\" content=\"Michele\" \/>\n<meta name=\"twitter:card\" content=\"summary_large_image\" \/>\n<meta name=\"twitter:label1\" content=\"\u0643\u064f\u062a\u0628 \u0628\u0648\u0627\u0633\u0637\u0629\" \/>\n\t<meta name=\"twitter:data1\" content=\"Michele\" \/>\n\t<meta name=\"twitter:label2\" content=\"\u0648\u0642\u062a \u0627\u0644\u0642\u0631\u0627\u0621\u0629 \u0627\u0644\u0645\u064f\u0642\u062f\u0651\u0631\" \/>\n\t<meta name=\"twitter:data2\" content=\"5 \u062f\u0642\u0627\u0626\u0642\" \/>\n<script type=\"application\/ld+json\" class=\"yoast-schema-graph\">{\"@context\":\"https:\\\/\\\/schema.org\",\"@graph\":[{\"@type\":\"Article\",\"@id\":\"https:\\\/\\\/www.vagadeempregorj.com.br\\\/bolsa-familia-tem-retroativo-entenda-mais-sobre-o-beneficio\\\/#article\",\"isPartOf\":{\"@id\":\"https:\\\/\\\/www.vagadeempregorj.com.br\\\/bolsa-familia-tem-retroativo-entenda-mais-sobre-o-beneficio\\\/\"},\"author\":{\"name\":\"Michele\",\"@id\":\"https:\\\/\\\/www.vagadeempregorj.com.br\\\/#\\\/schema\\\/person\\\/3ddb19fa0539706786e502152f3aae95\"},\"headline\":\"Bolsa Fam\u00edlia tem retroativo? Entenda mais sobre o benef\u00edcio\",\"datePublished\":\"2024-05-06T03:01:00+00:00\",\"mainEntityOfPage\":{\"@id\":\"https:\\\/\\\/www.vagadeempregorj.com.br\\\/bolsa-familia-tem-retroativo-entenda-mais-sobre-o-beneficio\\\/\"},\"wordCount\":1057,\"image\":{\"@id\":\"https:\\\/\\\/www.vagadeempregorj.com.br\\\/bolsa-familia-tem-retroativo-entenda-mais-sobre-o-beneficio\\\/#primaryimage\"},\"thumbnailUrl\":\"https:\\\/\\\/www.vagadeempregorj.com.br\\\/wp-content\\\/uploads\\\/2024\\\/05\\\/image-2.png\",\"articleSection\":[\"Benef\u00edcios Sociais\"],\"inLanguage\":\"ar\"},{\"@type\":\"WebPage\",\"@id\":\"https:\\\/\\\/www.vagadeempregorj.com.br\\\/bolsa-familia-tem-retroativo-entenda-mais-sobre-o-beneficio\\\/\",\"url\":\"https:\\\/\\\/www.vagadeempregorj.com.br\\\/bolsa-familia-tem-retroativo-entenda-mais-sobre-o-beneficio\\\/\",\"name\":\"Bolsa Fam\u00edlia tem retroativo? Entenda mais sobre o benef\u00edcio -\",\"isPartOf\":{\"@id\":\"https:\\\/\\\/www.vagadeempregorj.com.br\\\/#website\"},\"primaryImageOfPage\":{\"@id\":\"https:\\\/\\\/www.vagadeempregorj.com.br\\\/bolsa-familia-tem-retroativo-entenda-mais-sobre-o-beneficio\\\/#primaryimage\"},\"image\":{\"@id\":\"https:\\\/\\\/www.vagadeempregorj.com.br\\\/bolsa-familia-tem-retroativo-entenda-mais-sobre-o-beneficio\\\/#primaryimage\"},\"thumbnailUrl\":\"https:\\\/\\\/www.vagadeempregorj.com.br\\\/wp-content\\\/uploads\\\/2024\\\/05\\\/image-2.png\",\"datePublished\":\"2024-05-06T03:01:00+00:00\",\"author\":{\"@id\":\"https:\\\/\\\/www.vagadeempregorj.com.br\\\/#\\\/schema\\\/person\\\/3ddb19fa0539706786e502152f3aae95\"},\"description\":\"Veja em Vagas de Emprego RJ as vagas de emprego com e sem experi\u00eancia no seu Estado e Regi\u00e3o!\",\"breadcrumb\":{\"@id\":\"https:\\\/\\\/www.vagadeempregorj.com.br\\\/bolsa-familia-tem-retroativo-entenda-mais-sobre-o-beneficio\\\/#breadcrumb\"},\"inLanguage\":\"ar\",\"potentialAction\":[{\"@type\":\"ReadAction\",\"target\":[\"https:\\\/\\\/www.vagadeempregorj.com.br\\\/bolsa-familia-tem-retroativo-entenda-mais-sobre-o-beneficio\\\/\"]}]},{\"@type\":\"ImageObject\",\"inLanguage\":\"ar\",\"@id\":\"https:\\\/\\\/www.vagadeempregorj.com.br\\\/bolsa-familia-tem-retroativo-entenda-mais-sobre-o-beneficio\\\/#primaryimage\",\"url\":\"https:\\\/\\\/www.vagadeempregorj.com.br\\\/wp-content\\\/uploads\\\/2024\\\/05\\\/image-2.png\",\"contentUrl\":\"https:\\\/\\\/www.vagadeempregorj.com.br\\\/wp-content\\\/uploads\\\/2024\\\/05\\\/image-2.png\",\"width\":1170,\"height\":700},{\"@type\":\"BreadcrumbList\",\"@id\":\"https:\\\/\\\/www.vagadeempregorj.com.br\\\/bolsa-familia-tem-retroativo-entenda-mais-sobre-o-beneficio\\\/#breadcrumb\",\"itemListElement\":[{\"@type\":\"ListItem\",\"position\":1,\"name\":\"In\u00edcio\",\"item\":\"https:\\\/\\\/www.vagadeempregorj.com.br\\\/\"},{\"@type\":\"ListItem\",\"position\":2,\"name\":\"Benef\u00edcios Sociais\",\"item\":\"https:\\\/\\\/www.vagadeempregorj.com.br\\\/beneficios-sociais\\\/\"},{\"@type\":\"ListItem\",\"position\":3,\"name\":\"Bolsa Fam\u00edlia tem retroativo? Entenda mais sobre o benef\u00edcio\"}]},{\"@type\":\"WebSite\",\"@id\":\"https:\\\/\\\/www.vagadeempregorj.com.br\\\/#website\",\"url\":\"https:\\\/\\\/www.vagadeempregorj.com.br\\\/\",\"name\":\"\",\"description\":\"Conquiste Sonhos: Vagas, Benef\u00edcios e Economia para Transformar Vidas e Alcan\u00e7ar Melhorias Cotidianas\",\"potentialAction\":[{\"@type\":\"SearchAction\",\"target\":{\"@type\":\"EntryPoint\",\"urlTemplate\":\"https:\\\/\\\/www.vagadeempregorj.com.br\\\/?s={search_term_string}\"},\"query-input\":{\"@type\":\"PropertyValueSpecification\",\"valueRequired\":true,\"valueName\":\"search_term_string\"}}],\"inLanguage\":\"ar\"},{\"@type\":\"Person\",\"@id\":\"https:\\\/\\\/www.vagadeempregorj.com.br\\\/#\\\/schema\\\/person\\\/3ddb19fa0539706786e502152f3aae95\",\"name\":\"Michele\",\"image\":{\"@type\":\"ImageObject\",\"inLanguage\":\"ar\",\"@id\":\"https:\\\/\\\/secure.gravatar.com\\\/avatar\\\/6b0eb9d22841282815e2cd856a0061c45e1761cd54b22e952d98c4746939aa85?s=96&r=g\",\"url\":\"https:\\\/\\\/secure.gravatar.com\\\/avatar\\\/6b0eb9d22841282815e2cd856a0061c45e1761cd54b22e952d98c4746939aa85?s=96&r=g\",\"contentUrl\":\"https:\\\/\\\/secure.gravatar.com\\\/avatar\\\/6b0eb9d22841282815e2cd856a0061c45e1761cd54b22e952d98c4746939aa85?s=96&r=g\",\"caption\":\"Michele\"},\"description\":\"Formada em Letras - Portugu\u00eas\\\/ Ingl\u00eas, e idealizadora do site Escritora de Sucesso, busca expandir o conhecimento de todos com informa\u00e7\u00f5es relevantes sobre diversos assuntos, enquanto redatora. No Vaga de Emprego RJ, traz oportunidades e dicas sobre o mercado de trabalho.\",\"url\":\"https:\\\/\\\/www.vagadeempregorj.com.br\\\/ar\\\/author\\\/michele\\\/\"}]}<\/script>\n<!-- \/ Yoast SEO plugin. -->","yoast_head_json":{"title":"Bolsa Fam\u00edlia tem retroativo? Entenda mais sobre o benef\u00edcio -","description":"Veja em Vagas de Emprego RJ as vagas de emprego com e sem experi\u00eancia no seu Estado e Regi\u00e3o!","robots":{"index":"index","follow":"follow","max-snippet":"max-snippet:-1","max-image-preview":"max-image-preview:large","max-video-preview":"max-video-preview:-1"},"canonical":"https:\/\/www.vagadeempregorj.com.br\/ar\/bolsa-familia-tem-retroativo-entenda-mais-sobre-o-beneficio\/","og_locale":"ar_AR","og_type":"article","og_title":"Bolsa Fam\u00edlia tem retroativo? Entenda mais sobre o benef\u00edcio -","og_description":"Veja em Vagas de Emprego RJ as vagas de emprego com e sem experi\u00eancia no seu Estado e Regi\u00e3o!","og_url":"https:\/\/www.vagadeempregorj.com.br\/ar\/bolsa-familia-tem-retroativo-entenda-mais-sobre-o-beneficio\/","article_publisher":"https:\/\/www.facebook.com\/empregobrasiloficial","article_published_time":"2024-05-06T03:01:00+00:00","og_image":[{"width":1170,"height":700,"url":"https:\/\/www.vagadeempregorj.com.br\/wp-content\/uploads\/2024\/05\/image-2.png","type":"image\/png"}],"author":"Michele","twitter_card":"summary_large_image","twitter_misc":{"\u0643\u064f\u062a\u0628 \u0628\u0648\u0627\u0633\u0637\u0629":"Michele","\u0648\u0642\u062a \u0627\u0644\u0642\u0631\u0627\u0621\u0629 \u0627\u0644\u0645\u064f\u0642\u062f\u0651\u0631":"5 \u062f\u0642\u0627\u0626\u0642"},"schema":{"@context":"https:\/\/schema.org","@graph":[{"@type":"Article","@id":"https:\/\/www.vagadeempregorj.com.br\/bolsa-familia-tem-retroativo-entenda-mais-sobre-o-beneficio\/#article","isPartOf":{"@id":"https:\/\/www.vagadeempregorj.com.br\/bolsa-familia-tem-retroativo-entenda-mais-sobre-o-beneficio\/"},"author":{"name":"Michele","@id":"https:\/\/www.vagadeempregorj.com.br\/#\/schema\/person\/3ddb19fa0539706786e502152f3aae95"},"headline":"Bolsa Fam\u00edlia tem retroativo? Entenda mais sobre o benef\u00edcio","datePublished":"2024-05-06T03:01:00+00:00","mainEntityOfPage":{"@id":"https:\/\/www.vagadeempregorj.com.br\/bolsa-familia-tem-retroativo-entenda-mais-sobre-o-beneficio\/"},"wordCount":1057,"image":{"@id":"https:\/\/www.vagadeempregorj.com.br\/bolsa-familia-tem-retroativo-entenda-mais-sobre-o-beneficio\/#primaryimage"},"thumbnailUrl":"https:\/\/www.vagadeempregorj.com.br\/wp-content\/uploads\/2024\/05\/image-2.png","articleSection":["Benef\u00edcios Sociais"],"inLanguage":"ar"},{"@type":"WebPage","@id":"https:\/\/www.vagadeempregorj.com.br\/bolsa-familia-tem-retroativo-entenda-mais-sobre-o-beneficio\/","url":"https:\/\/www.vagadeempregorj.com.br\/bolsa-familia-tem-retroativo-entenda-mais-sobre-o-beneficio\/","name":"Bolsa Fam\u00edlia tem retroativo? Entenda mais sobre o benef\u00edcio -","isPartOf":{"@id":"https:\/\/www.vagadeempregorj.com.br\/#website"},"primaryImageOfPage":{"@id":"https:\/\/www.vagadeempregorj.com.br\/bolsa-familia-tem-retroativo-entenda-mais-sobre-o-beneficio\/#primaryimage"},"image":{"@id":"https:\/\/www.vagadeempregorj.com.br\/bolsa-familia-tem-retroativo-entenda-mais-sobre-o-beneficio\/#primaryimage"},"thumbnailUrl":"https:\/\/www.vagadeempregorj.com.br\/wp-content\/uploads\/2024\/05\/image-2.png","datePublished":"2024-05-06T03:01:00+00:00","author":{"@id":"https:\/\/www.vagadeempregorj.com.br\/#\/schema\/person\/3ddb19fa0539706786e502152f3aae95"},"description":"Veja em Vagas de Emprego RJ as vagas de emprego com e sem experi\u00eancia no seu Estado e Regi\u00e3o!","breadcrumb":{"@id":"https:\/\/www.vagadeempregorj.com.br\/bolsa-familia-tem-retroativo-entenda-mais-sobre-o-beneficio\/#breadcrumb"},"inLanguage":"ar","potentialAction":[{"@type":"ReadAction","target":["https:\/\/www.vagadeempregorj.com.br\/bolsa-familia-tem-retroativo-entenda-mais-sobre-o-beneficio\/"]}]},{"@type":"ImageObject","inLanguage":"ar","@id":"https:\/\/www.vagadeempregorj.com.br\/bolsa-familia-tem-retroativo-entenda-mais-sobre-o-beneficio\/#primaryimage","url":"https:\/\/www.vagadeempregorj.com.br\/wp-content\/uploads\/2024\/05\/image-2.png","contentUrl":"https:\/\/www.vagadeempregorj.com.br\/wp-content\/uploads\/2024\/05\/image-2.png","width":1170,"height":700},{"@type":"BreadcrumbList","@id":"https:\/\/www.vagadeempregorj.com.br\/bolsa-familia-tem-retroativo-entenda-mais-sobre-o-beneficio\/#breadcrumb","itemListElement":[{"@type":"ListItem","position":1,"name":"In\u00edcio","item":"https:\/\/www.vagadeempregorj.com.br\/"},{"@type":"ListItem","position":2,"name":"Benef\u00edcios Sociais","item":"https:\/\/www.vagadeempregorj.com.br\/beneficios-sociais\/"},{"@type":"ListItem","position":3,"name":"Bolsa Fam\u00edlia tem retroativo? Entenda mais sobre o benef\u00edcio"}]},{"@type":"WebSite","@id":"https:\/\/www.vagadeempregorj.com.br\/#website","url":"https:\/\/www.vagadeempregorj.com.br\/","name":"","description":"\u062a\u062d\u0642\u064a\u0642 \u0627\u0644\u0623\u062d\u0644\u0627\u0645: \u0641\u0631\u0635 \u0639\u0645\u0644\u060c \u0645\u0632\u0627\u064a\u0627\u060c \u0648\u062a\u0648\u0641\u064a\u0631\u0627\u062a \u0644\u062a\u063a\u064a\u064a\u0631 \u0627\u0644\u062d\u064a\u0627\u0629 \u0648\u062a\u062d\u0642\u064a\u0642 \u062a\u062d\u0633\u064a\u0646\u0627\u062a \u064a\u0648\u0645\u064a\u0629","potentialAction":[{"@type":"SearchAction","target":{"@type":"EntryPoint","urlTemplate":"https:\/\/www.vagadeempregorj.com.br\/?s={search_term_string}"},"query-input":{"@type":"PropertyValueSpecification","valueRequired":true,"valueName":"search_term_string"}}],"inLanguage":"ar"},{"@type":"Person","@id":"https:\/\/www.vagadeempregorj.com.br\/#\/schema\/person\/3ddb19fa0539706786e502152f3aae95","name":"Michele","image":{"@type":"ImageObject","inLanguage":"ar","@id":"https:\/\/secure.gravatar.com\/avatar\/6b0eb9d22841282815e2cd856a0061c45e1761cd54b22e952d98c4746939aa85?s=96&r=g","url":"https:\/\/secure.gravatar.com\/avatar\/6b0eb9d22841282815e2cd856a0061c45e1761cd54b22e952d98c4746939aa85?s=96&r=g","contentUrl":"https:\/\/secure.gravatar.com\/avatar\/6b0eb9d22841282815e2cd856a0061c45e1761cd54b22e952d98c4746939aa85?s=96&r=g","caption":"Michele"},"description":"Formada em Letras - Portugu\u00eas\/ Ingl\u00eas, e idealizadora do site Escritora de Sucesso, busca expandir o conhecimento de todos com informa\u00e7\u00f5es relevantes sobre diversos assuntos, enquanto redatora. No Vaga de Emprego RJ, traz oportunidades e dicas sobre o mercado de trabalho.","url":"https:\/\/www.vagadeempregorj.com.br\/ar\/author\/michele\/"}]}},"_links":{"self":[{"href":"https:\/\/www.vagadeempregorj.com.br\/ar\/wp-json\/wp\/v2\/posts\/39618","targetHints":{"allow":["GET"]}}],"collection":[{"href":"https:\/\/www.vagadeempregorj.com.br\/ar\/wp-json\/wp\/v2\/posts"}],"about":[{"href":"https:\/\/www.vagadeempregorj.com.br\/ar\/wp-json\/wp\/v2\/types\/post"}],"author":[{"embeddable":true,"href":"https:\/\/www.vagadeempregorj.com.br\/ar\/wp-json\/wp\/v2\/users\/16"}],"replies":[{"embeddable":true,"href":"https:\/\/www.vagadeempregorj.com.br\/ar\/wp-json\/wp\/v2\/comments?post=39618"}],"version-history":[{"count":0,"href":"https:\/\/www.vagadeempregorj.com.br\/ar\/wp-json\/wp\/v2\/posts\/39618\/revisions"}],"wp:featuredmedia":[{"embeddable":true,"href":"https:\/\/www.vagadeempregorj.com.br\/ar\/wp-json\/wp\/v2\/media\/39624"}],"wp:attachment":[{"href":"https:\/\/www.vagadeempregorj.com.br\/ar\/wp-json\/wp\/v2\/media?parent=39618"}],"wp:term":[{"taxonomy":"category","embeddable":true,"href":"https:\/\/www.vagadeempregorj.com.br\/ar\/wp-json\/wp\/v2\/categories?post=39618"},{"taxonomy":"post_tag","embeddable":true,"href":"https:\/\/www.vagadeempregorj.com.br\/ar\/wp-json\/wp\/v2\/tags?post=39618"}],"curies":[{"name":"wp","href":"https:\/\/api.w.org\/{rel}","templated":true}]}}