{"id":39674,"date":"2024-05-29T01:00:00","date_gmt":"2024-05-29T04:00:00","guid":{"rendered":"https:\/\/www.vagadeempregorj.com.br\/?p=39674"},"modified":"2024-05-28T23:22:50","modified_gmt":"2024-05-29T02:22:50","slug":"ecolab-abre-vagas-de-emprego-home-office-pelo-pais","status":"publish","type":"post","link":"https:\/\/www.vagadeempregorj.com.br\/ar\/ecolab-abre-vagas-de-emprego-home-office-pelo-pais\/","title":{"rendered":"Ecolab abre vagas de emprego home office pelo pa\u00eds"},"content":{"rendered":"<p>Em meio a um cen\u00e1rio de transforma\u00e7\u00f5es constantes no mercado de trabalho, a busca por oportunidades que ofere\u00e7am flexibilidade e possibilidade de crescimento tem se tornado cada vez mais relevante para profissionais de diversas \u00e1reas. Nesse contexto, a <strong>Ecolab<\/strong>, empresa l\u00edder global em solu\u00e7\u00f5es e servi\u00e7os de \u00e1gua, higiene e preven\u00e7\u00e3o de infec\u00e7\u00f5es, anuncia a abertura de novas vagas de emprego em regime home office em todo o pa\u00eds.<\/p>\n\n\n\n<h2 class=\"wp-block-heading\">Ecolab abre vagas de emprego home office pelo pa\u00eds<\/h2>\n\n\n\n<p>Com um compromisso s\u00f3lido com a inova\u00e7\u00e3o e a sustentabilidade, a Ecolab oferece um ambiente de trabalho din\u00e2mico e desafiador, proporcionando aos colaboradores a oportunidade de contribuir para um mundo mais limpo, seguro e saud\u00e1vel.<\/p>\n\n\n\n<h2 class=\"wp-block-heading\">Cargos dispon\u00edveis<\/h2>\n\n\n\n<p>As vagas oferecidas pela Ecolab abrangem uma variedade de \u00e1reas e n\u00edveis de experi\u00eancia, refletindo a diversidade de talentos necess\u00e1rios para impulsionar o crescimento e a excel\u00eancia da empresa. Entre os cargos dispon\u00edveis, destacam-se:<\/p>\n\n\n\n<ul class=\"wp-block-list\">\n<li>Especialista em Sustentabilidade: Respons\u00e1vel por desenvolver e implementar estrat\u00e9gias sustent\u00e1veis, visando reduzir o impacto ambiental das opera\u00e7\u00f5es da empresa.<\/li>\n\n\n\n<li>Analista de Marketing Digital: Encarregado de planejar e executar campanhas digitais, monitorar m\u00e9tricas de desempenho e identificar oportunidades de otimiza\u00e7\u00e3o.<\/li>\n\n\n\n<li>Engenheiro de Processos Qu\u00edmicos: Atua na otimiza\u00e7\u00e3o de processos industriais, garantindo efici\u00eancia e seguran\u00e7a na produ\u00e7\u00e3o de produtos qu\u00edmicos.<\/li>\n\n\n\n<li>Consultor T\u00e9cnico de Vendas: Respons\u00e1vel por fornecer suporte t\u00e9cnico a clientes, apresentar solu\u00e7\u00f5es personalizadas e impulsionar o crescimento das vendas.<\/li>\n\n\n\n<li>Analista de Recursos Humanos: Encarregado de recrutamento, sele\u00e7\u00e3o, treinamento e desenvolvimento de talentos, promovendo uma cultura organizacional inclusiva e colaborativa.<\/li>\n<\/ul>\n\n\n\n<p>Esses s\u00e3o apenas alguns exemplos das oportunidades dispon\u00edveis na <strong>Ecolab<\/strong>. A empresa valoriza a diversidade e incentiva candidatos de diferentes perfis a se candidatarem \u00e0s vagas.<\/p>\n\n\n\n<figure class=\"wp-block-image size-large\"><img loading=\"lazy\" decoding=\"async\" width=\"1024\" height=\"535\" src=\"https:\/\/www.vagadeempregorj.com.br\/wp-content\/uploads\/2024\/05\/image-10-1024x535.png\" alt=\"\" class=\"wp-image-39675\" srcset=\"https:\/\/www.vagadeempregorj.com.br\/wp-content\/uploads\/2024\/05\/image-10-1024x535.png 1024w, https:\/\/www.vagadeempregorj.com.br\/wp-content\/uploads\/2024\/05\/image-10-300x157.png 300w, https:\/\/www.vagadeempregorj.com.br\/wp-content\/uploads\/2024\/05\/image-10-768x401.png 768w, https:\/\/www.vagadeempregorj.com.br\/wp-content\/uploads\/2024\/05\/image-10-150x78.png 150w, https:\/\/www.vagadeempregorj.com.br\/wp-content\/uploads\/2024\/05\/image-10.png 1200w\" sizes=\"auto, (max-width: 1024px) 100vw, 1024px\" \/><\/figure>\n\n\n\n<h2 class=\"wp-block-heading\">Como se inscrever<\/h2>\n\n\n\n<p>Para se candidatar \u00e0s vagas de emprego home office na Ecolab, os interessados devem <a href=\"https:\/\/ecolab.gupy.io\/\">acessar o site oficial<\/a> da empresa e cadastrar seu curr\u00edculo no banco de talentos. \u00c9 importante que os candidatos forne\u00e7am informa\u00e7\u00f5es precisas e atualizadas, destacando suas experi\u00eancias, habilidades e realiza\u00e7\u00f5es relevantes para a posi\u00e7\u00e3o desejada.<\/p>\n\n\n\n<p>Ap\u00f3s o cadastro, os curr\u00edculos ser\u00e3o analisados pela equipe de recrutamento da Ecolab, que entrar\u00e1 em contato com os candidatos selecionados para dar continuidade ao processo seletivo. Durante todas as etapas, a transpar\u00eancia e o respeito aos candidatos s\u00e3o prioridades da empresa, que busca proporcionar uma experi\u00eancia positiva e inclusiva a todos os participantes.<\/p>\n\n\n\n<h2 class=\"wp-block-heading\">Carreira na Ecolab<\/h2>\n\n\n\n<p>A <strong>Ecolab <\/strong>reconhece que seus colaboradores s\u00e3o pe\u00e7as fundamentais para o sucesso da empresa e, por isso, investe no desenvolvimento profissional e pessoal de cada um. Com programas de capacita\u00e7\u00e3o, mentoria e oportunidades de crescimento, a empresa incentiva o aprendizado cont\u00ednuo e o desenvolvimento de habilidades, preparando seus colaboradores para os desafios do presente e do futuro.<\/p>\n\n\n\n<p>Al\u00e9m disso, a empresa promove uma cultura de inclus\u00e3o e diversidade, onde todos s\u00e3o valorizados e respeitados em suas diferen\u00e7as. A companhia acredita que a diversidade de pensamento e experi\u00eancias enriquece o ambiente de trabalho e impulsiona a inova\u00e7\u00e3o, contribuindo para o sucesso coletivo.<\/p>\n\n\n\n<p>Se voc\u00ea est\u00e1 em busca de uma oportunidade de emprego que ofere\u00e7a desafios estimulantes, crescimento profissional e um ambiente de trabalho colaborativo, n\u00e3o deixe de considerar as vagas dispon\u00edveis na <strong>Ecolab<\/strong>. Junte-se a n\u00f3s e fa\u00e7a parte de uma equipe comprometida em criar um futuro melhor para o nosso planeta e para as gera\u00e7\u00f5es futuras.<\/p>\n\n\n\n<p><strong>Veja tamb\u00e9m: <a href=\"https:\/\/www.vagadeempregorj.com.br\/ar\/veja-vagas-de-emprego-abertas-na-marisa-saiba-como-se-inscrever\/\">Veja vagas de emprego abertas na Marisa; saiba como se inscrever<\/a><\/strong><\/p>\n\n\n\n<p>29 de maio de 2024<\/p>","protected":false},"excerpt":{"rendered":"<p>Em meio a um cen\u00e1rio de transforma\u00e7\u00f5es constantes no mercado de trabalho, a busca por oportunidades que ofere\u00e7am flexibilidade e possibilidade de crescimento tem se tornado cada vez mais relevante para profissionais de diversas \u00e1reas. Nesse contexto, a Ecolab, empresa l\u00edder global em solu\u00e7\u00f5es e servi\u00e7os de \u00e1gua, higiene e preven\u00e7\u00e3o de infec\u00e7\u00f5es, anuncia a&hellip;&nbsp;<\/p>","protected":false},"author":16,"featured_media":39675,"comment_status":"closed","ping_status":"closed","sticky":false,"template":"","format":"standard","meta":{"neve_meta_sidebar":"","neve_meta_container":"","neve_meta_enable_content_width":"","neve_meta_content_width":0,"neve_meta_title_alignment":"","neve_meta_author_avatar":"","neve_post_elements_order":"","neve_meta_disable_header":"","neve_meta_disable_footer":"","neve_meta_disable_title":"","footnotes":""},"categories":[123],"tags":[],"class_list":["post-39674","post","type-post","status-publish","format-standard","has-post-thumbnail","hentry","category-vagas-de-emprego-nacionais"],"yoast_head":"<!-- This site is optimized with the Yoast SEO plugin v27.5 - https:\/\/yoast.com\/product\/yoast-seo-wordpress\/ -->\n<title>Ecolab abre vagas de emprego home office pelo pa\u00eds -<\/title>\n<meta name=\"description\" content=\"Veja em Vagas de Emprego RJ as vagas de emprego com e sem experi\u00eancia no seu Estado e Regi\u00e3o!\" \/>\n<meta name=\"robots\" content=\"index, follow, max-snippet:-1, max-image-preview:large, max-video-preview:-1\" \/>\n<link rel=\"canonical\" href=\"https:\/\/www.vagadeempregorj.com.br\/ar\/ecolab-abre-vagas-de-emprego-home-office-pelo-pais\/\" \/>\n<meta property=\"og:locale\" content=\"ar_AR\" \/>\n<meta property=\"og:type\" content=\"article\" \/>\n<meta property=\"og:title\" content=\"Ecolab abre vagas de emprego home office pelo pa\u00eds -\" \/>\n<meta property=\"og:description\" content=\"Veja em Vagas de Emprego RJ as vagas de emprego com e sem experi\u00eancia no seu Estado e Regi\u00e3o!\" \/>\n<meta property=\"og:url\" content=\"https:\/\/www.vagadeempregorj.com.br\/ar\/ecolab-abre-vagas-de-emprego-home-office-pelo-pais\/\" \/>\n<meta property=\"article:publisher\" content=\"https:\/\/www.facebook.com\/empregobrasiloficial\" \/>\n<meta property=\"article:published_time\" content=\"2024-05-29T04:00:00+00:00\" \/>\n<meta property=\"og:image\" content=\"https:\/\/www.vagadeempregorj.com.br\/wp-content\/uploads\/2024\/05\/image-10.png\" \/>\n\t<meta property=\"og:image:width\" content=\"1200\" \/>\n\t<meta property=\"og:image:height\" content=\"627\" \/>\n\t<meta property=\"og:image:type\" content=\"image\/png\" \/>\n<meta name=\"author\" content=\"Michele\" \/>\n<meta name=\"twitter:card\" content=\"summary_large_image\" \/>\n<meta name=\"twitter:label1\" content=\"\u0643\u064f\u062a\u0628 \u0628\u0648\u0627\u0633\u0637\u0629\" \/>\n\t<meta name=\"twitter:data1\" content=\"Michele\" \/>\n\t<meta name=\"twitter:label2\" content=\"\u0648\u0642\u062a \u0627\u0644\u0642\u0631\u0627\u0621\u0629 \u0627\u0644\u0645\u064f\u0642\u062f\u0651\u0631\" \/>\n\t<meta name=\"twitter:data2\" content=\"3 \u062f\u0642\u0627\u0626\u0642\" \/>\n<script type=\"application\/ld+json\" class=\"yoast-schema-graph\">{\"@context\":\"https:\\\/\\\/schema.org\",\"@graph\":[{\"@type\":\"Article\",\"@id\":\"https:\\\/\\\/www.vagadeempregorj.com.br\\\/ecolab-abre-vagas-de-emprego-home-office-pelo-pais\\\/#article\",\"isPartOf\":{\"@id\":\"https:\\\/\\\/www.vagadeempregorj.com.br\\\/ecolab-abre-vagas-de-emprego-home-office-pelo-pais\\\/\"},\"author\":{\"name\":\"Michele\",\"@id\":\"https:\\\/\\\/www.vagadeempregorj.com.br\\\/#\\\/schema\\\/person\\\/3ddb19fa0539706786e502152f3aae95\"},\"headline\":\"Ecolab abre vagas de emprego home office pelo pa\u00eds\",\"datePublished\":\"2024-05-29T04:00:00+00:00\",\"mainEntityOfPage\":{\"@id\":\"https:\\\/\\\/www.vagadeempregorj.com.br\\\/ecolab-abre-vagas-de-emprego-home-office-pelo-pais\\\/\"},\"wordCount\":631,\"image\":{\"@id\":\"https:\\\/\\\/www.vagadeempregorj.com.br\\\/ecolab-abre-vagas-de-emprego-home-office-pelo-pais\\\/#primaryimage\"},\"thumbnailUrl\":\"https:\\\/\\\/www.vagadeempregorj.com.br\\\/wp-content\\\/uploads\\\/2024\\\/05\\\/image-10.png\",\"articleSection\":[\"Vagas de Emprego Nacionais\"],\"inLanguage\":\"ar\"},{\"@type\":\"WebPage\",\"@id\":\"https:\\\/\\\/www.vagadeempregorj.com.br\\\/ecolab-abre-vagas-de-emprego-home-office-pelo-pais\\\/\",\"url\":\"https:\\\/\\\/www.vagadeempregorj.com.br\\\/ecolab-abre-vagas-de-emprego-home-office-pelo-pais\\\/\",\"name\":\"Ecolab abre vagas de emprego home office pelo pa\u00eds -\",\"isPartOf\":{\"@id\":\"https:\\\/\\\/www.vagadeempregorj.com.br\\\/#website\"},\"primaryImageOfPage\":{\"@id\":\"https:\\\/\\\/www.vagadeempregorj.com.br\\\/ecolab-abre-vagas-de-emprego-home-office-pelo-pais\\\/#primaryimage\"},\"image\":{\"@id\":\"https:\\\/\\\/www.vagadeempregorj.com.br\\\/ecolab-abre-vagas-de-emprego-home-office-pelo-pais\\\/#primaryimage\"},\"thumbnailUrl\":\"https:\\\/\\\/www.vagadeempregorj.com.br\\\/wp-content\\\/uploads\\\/2024\\\/05\\\/image-10.png\",\"datePublished\":\"2024-05-29T04:00:00+00:00\",\"author\":{\"@id\":\"https:\\\/\\\/www.vagadeempregorj.com.br\\\/#\\\/schema\\\/person\\\/3ddb19fa0539706786e502152f3aae95\"},\"description\":\"Veja em Vagas de Emprego RJ as vagas de emprego com e sem experi\u00eancia no seu Estado e Regi\u00e3o!\",\"breadcrumb\":{\"@id\":\"https:\\\/\\\/www.vagadeempregorj.com.br\\\/ecolab-abre-vagas-de-emprego-home-office-pelo-pais\\\/#breadcrumb\"},\"inLanguage\":\"ar\",\"potentialAction\":[{\"@type\":\"ReadAction\",\"target\":[\"https:\\\/\\\/www.vagadeempregorj.com.br\\\/ecolab-abre-vagas-de-emprego-home-office-pelo-pais\\\/\"]}]},{\"@type\":\"ImageObject\",\"inLanguage\":\"ar\",\"@id\":\"https:\\\/\\\/www.vagadeempregorj.com.br\\\/ecolab-abre-vagas-de-emprego-home-office-pelo-pais\\\/#primaryimage\",\"url\":\"https:\\\/\\\/www.vagadeempregorj.com.br\\\/wp-content\\\/uploads\\\/2024\\\/05\\\/image-10.png\",\"contentUrl\":\"https:\\\/\\\/www.vagadeempregorj.com.br\\\/wp-content\\\/uploads\\\/2024\\\/05\\\/image-10.png\",\"width\":1200,\"height\":627},{\"@type\":\"BreadcrumbList\",\"@id\":\"https:\\\/\\\/www.vagadeempregorj.com.br\\\/ecolab-abre-vagas-de-emprego-home-office-pelo-pais\\\/#breadcrumb\",\"itemListElement\":[{\"@type\":\"ListItem\",\"position\":1,\"name\":\"In\u00edcio\",\"item\":\"https:\\\/\\\/www.vagadeempregorj.com.br\\\/\"},{\"@type\":\"ListItem\",\"position\":2,\"name\":\"Vagas de Emprego Nacionais\",\"item\":\"https:\\\/\\\/www.vagadeempregorj.com.br\\\/vagas-de-emprego-nacionais\\\/\"},{\"@type\":\"ListItem\",\"position\":3,\"name\":\"Ecolab abre vagas de emprego home office pelo pa\u00eds\"}]},{\"@type\":\"WebSite\",\"@id\":\"https:\\\/\\\/www.vagadeempregorj.com.br\\\/#website\",\"url\":\"https:\\\/\\\/www.vagadeempregorj.com.br\\\/\",\"name\":\"\",\"description\":\"Conquiste Sonhos: Vagas, Benef\u00edcios e Economia para Transformar Vidas e Alcan\u00e7ar Melhorias Cotidianas\",\"potentialAction\":[{\"@type\":\"SearchAction\",\"target\":{\"@type\":\"EntryPoint\",\"urlTemplate\":\"https:\\\/\\\/www.vagadeempregorj.com.br\\\/?s={search_term_string}\"},\"query-input\":{\"@type\":\"PropertyValueSpecification\",\"valueRequired\":true,\"valueName\":\"search_term_string\"}}],\"inLanguage\":\"ar\"},{\"@type\":\"Person\",\"@id\":\"https:\\\/\\\/www.vagadeempregorj.com.br\\\/#\\\/schema\\\/person\\\/3ddb19fa0539706786e502152f3aae95\",\"name\":\"Michele\",\"image\":{\"@type\":\"ImageObject\",\"inLanguage\":\"ar\",\"@id\":\"https:\\\/\\\/secure.gravatar.com\\\/avatar\\\/6b0eb9d22841282815e2cd856a0061c45e1761cd54b22e952d98c4746939aa85?s=96&r=g\",\"url\":\"https:\\\/\\\/secure.gravatar.com\\\/avatar\\\/6b0eb9d22841282815e2cd856a0061c45e1761cd54b22e952d98c4746939aa85?s=96&r=g\",\"contentUrl\":\"https:\\\/\\\/secure.gravatar.com\\\/avatar\\\/6b0eb9d22841282815e2cd856a0061c45e1761cd54b22e952d98c4746939aa85?s=96&r=g\",\"caption\":\"Michele\"},\"description\":\"Formada em Letras - Portugu\u00eas\\\/ Ingl\u00eas, e idealizadora do site Escritora de Sucesso, busca expandir o conhecimento de todos com informa\u00e7\u00f5es relevantes sobre diversos assuntos, enquanto redatora. No Vaga de Emprego RJ, traz oportunidades e dicas sobre o mercado de trabalho.\",\"url\":\"https:\\\/\\\/www.vagadeempregorj.com.br\\\/ar\\\/author\\\/michele\\\/\"}]}<\/script>\n<!-- \/ Yoast SEO plugin. -->","yoast_head_json":{"title":"Ecolab abre vagas de emprego home office pelo pa\u00eds -","description":"Veja em Vagas de Emprego RJ as vagas de emprego com e sem experi\u00eancia no seu Estado e Regi\u00e3o!","robots":{"index":"index","follow":"follow","max-snippet":"max-snippet:-1","max-image-preview":"max-image-preview:large","max-video-preview":"max-video-preview:-1"},"canonical":"https:\/\/www.vagadeempregorj.com.br\/ar\/ecolab-abre-vagas-de-emprego-home-office-pelo-pais\/","og_locale":"ar_AR","og_type":"article","og_title":"Ecolab abre vagas de emprego home office pelo pa\u00eds -","og_description":"Veja em Vagas de Emprego RJ as vagas de emprego com e sem experi\u00eancia no seu Estado e Regi\u00e3o!","og_url":"https:\/\/www.vagadeempregorj.com.br\/ar\/ecolab-abre-vagas-de-emprego-home-office-pelo-pais\/","article_publisher":"https:\/\/www.facebook.com\/empregobrasiloficial","article_published_time":"2024-05-29T04:00:00+00:00","og_image":[{"width":1200,"height":627,"url":"https:\/\/www.vagadeempregorj.com.br\/wp-content\/uploads\/2024\/05\/image-10.png","type":"image\/png"}],"author":"Michele","twitter_card":"summary_large_image","twitter_misc":{"\u0643\u064f\u062a\u0628 \u0628\u0648\u0627\u0633\u0637\u0629":"Michele","\u0648\u0642\u062a \u0627\u0644\u0642\u0631\u0627\u0621\u0629 \u0627\u0644\u0645\u064f\u0642\u062f\u0651\u0631":"3 \u062f\u0642\u0627\u0626\u0642"},"schema":{"@context":"https:\/\/schema.org","@graph":[{"@type":"Article","@id":"https:\/\/www.vagadeempregorj.com.br\/ecolab-abre-vagas-de-emprego-home-office-pelo-pais\/#article","isPartOf":{"@id":"https:\/\/www.vagadeempregorj.com.br\/ecolab-abre-vagas-de-emprego-home-office-pelo-pais\/"},"author":{"name":"Michele","@id":"https:\/\/www.vagadeempregorj.com.br\/#\/schema\/person\/3ddb19fa0539706786e502152f3aae95"},"headline":"Ecolab abre vagas de emprego home office pelo pa\u00eds","datePublished":"2024-05-29T04:00:00+00:00","mainEntityOfPage":{"@id":"https:\/\/www.vagadeempregorj.com.br\/ecolab-abre-vagas-de-emprego-home-office-pelo-pais\/"},"wordCount":631,"image":{"@id":"https:\/\/www.vagadeempregorj.com.br\/ecolab-abre-vagas-de-emprego-home-office-pelo-pais\/#primaryimage"},"thumbnailUrl":"https:\/\/www.vagadeempregorj.com.br\/wp-content\/uploads\/2024\/05\/image-10.png","articleSection":["Vagas de Emprego Nacionais"],"inLanguage":"ar"},{"@type":"WebPage","@id":"https:\/\/www.vagadeempregorj.com.br\/ecolab-abre-vagas-de-emprego-home-office-pelo-pais\/","url":"https:\/\/www.vagadeempregorj.com.br\/ecolab-abre-vagas-de-emprego-home-office-pelo-pais\/","name":"Ecolab abre vagas de emprego home office pelo pa\u00eds -","isPartOf":{"@id":"https:\/\/www.vagadeempregorj.com.br\/#website"},"primaryImageOfPage":{"@id":"https:\/\/www.vagadeempregorj.com.br\/ecolab-abre-vagas-de-emprego-home-office-pelo-pais\/#primaryimage"},"image":{"@id":"https:\/\/www.vagadeempregorj.com.br\/ecolab-abre-vagas-de-emprego-home-office-pelo-pais\/#primaryimage"},"thumbnailUrl":"https:\/\/www.vagadeempregorj.com.br\/wp-content\/uploads\/2024\/05\/image-10.png","datePublished":"2024-05-29T04:00:00+00:00","author":{"@id":"https:\/\/www.vagadeempregorj.com.br\/#\/schema\/person\/3ddb19fa0539706786e502152f3aae95"},"description":"Veja em Vagas de Emprego RJ as vagas de emprego com e sem experi\u00eancia no seu Estado e Regi\u00e3o!","breadcrumb":{"@id":"https:\/\/www.vagadeempregorj.com.br\/ecolab-abre-vagas-de-emprego-home-office-pelo-pais\/#breadcrumb"},"inLanguage":"ar","potentialAction":[{"@type":"ReadAction","target":["https:\/\/www.vagadeempregorj.com.br\/ecolab-abre-vagas-de-emprego-home-office-pelo-pais\/"]}]},{"@type":"ImageObject","inLanguage":"ar","@id":"https:\/\/www.vagadeempregorj.com.br\/ecolab-abre-vagas-de-emprego-home-office-pelo-pais\/#primaryimage","url":"https:\/\/www.vagadeempregorj.com.br\/wp-content\/uploads\/2024\/05\/image-10.png","contentUrl":"https:\/\/www.vagadeempregorj.com.br\/wp-content\/uploads\/2024\/05\/image-10.png","width":1200,"height":627},{"@type":"BreadcrumbList","@id":"https:\/\/www.vagadeempregorj.com.br\/ecolab-abre-vagas-de-emprego-home-office-pelo-pais\/#breadcrumb","itemListElement":[{"@type":"ListItem","position":1,"name":"In\u00edcio","item":"https:\/\/www.vagadeempregorj.com.br\/"},{"@type":"ListItem","position":2,"name":"Vagas de Emprego Nacionais","item":"https:\/\/www.vagadeempregorj.com.br\/vagas-de-emprego-nacionais\/"},{"@type":"ListItem","position":3,"name":"Ecolab abre vagas de emprego home office pelo pa\u00eds"}]},{"@type":"WebSite","@id":"https:\/\/www.vagadeempregorj.com.br\/#website","url":"https:\/\/www.vagadeempregorj.com.br\/","name":"","description":"\u062a\u062d\u0642\u064a\u0642 \u0627\u0644\u0623\u062d\u0644\u0627\u0645: \u0641\u0631\u0635 \u0639\u0645\u0644\u060c \u0645\u0632\u0627\u064a\u0627\u060c \u0648\u062a\u0648\u0641\u064a\u0631\u0627\u062a \u0644\u062a\u063a\u064a\u064a\u0631 \u0627\u0644\u062d\u064a\u0627\u0629 \u0648\u062a\u062d\u0642\u064a\u0642 \u062a\u062d\u0633\u064a\u0646\u0627\u062a \u064a\u0648\u0645\u064a\u0629","potentialAction":[{"@type":"SearchAction","target":{"@type":"EntryPoint","urlTemplate":"https:\/\/www.vagadeempregorj.com.br\/?s={search_term_string}"},"query-input":{"@type":"PropertyValueSpecification","valueRequired":true,"valueName":"search_term_string"}}],"inLanguage":"ar"},{"@type":"Person","@id":"https:\/\/www.vagadeempregorj.com.br\/#\/schema\/person\/3ddb19fa0539706786e502152f3aae95","name":"Michele","image":{"@type":"ImageObject","inLanguage":"ar","@id":"https:\/\/secure.gravatar.com\/avatar\/6b0eb9d22841282815e2cd856a0061c45e1761cd54b22e952d98c4746939aa85?s=96&r=g","url":"https:\/\/secure.gravatar.com\/avatar\/6b0eb9d22841282815e2cd856a0061c45e1761cd54b22e952d98c4746939aa85?s=96&r=g","contentUrl":"https:\/\/secure.gravatar.com\/avatar\/6b0eb9d22841282815e2cd856a0061c45e1761cd54b22e952d98c4746939aa85?s=96&r=g","caption":"Michele"},"description":"Formada em Letras - Portugu\u00eas\/ Ingl\u00eas, e idealizadora do site Escritora de Sucesso, busca expandir o conhecimento de todos com informa\u00e7\u00f5es relevantes sobre diversos assuntos, enquanto redatora. No Vaga de Emprego RJ, traz oportunidades e dicas sobre o mercado de trabalho.","url":"https:\/\/www.vagadeempregorj.com.br\/ar\/author\/michele\/"}]}},"_links":{"self":[{"href":"https:\/\/www.vagadeempregorj.com.br\/ar\/wp-json\/wp\/v2\/posts\/39674","targetHints":{"allow":["GET"]}}],"collection":[{"href":"https:\/\/www.vagadeempregorj.com.br\/ar\/wp-json\/wp\/v2\/posts"}],"about":[{"href":"https:\/\/www.vagadeempregorj.com.br\/ar\/wp-json\/wp\/v2\/types\/post"}],"author":[{"embeddable":true,"href":"https:\/\/www.vagadeempregorj.com.br\/ar\/wp-json\/wp\/v2\/users\/16"}],"replies":[{"embeddable":true,"href":"https:\/\/www.vagadeempregorj.com.br\/ar\/wp-json\/wp\/v2\/comments?post=39674"}],"version-history":[{"count":0,"href":"https:\/\/www.vagadeempregorj.com.br\/ar\/wp-json\/wp\/v2\/posts\/39674\/revisions"}],"wp:featuredmedia":[{"embeddable":true,"href":"https:\/\/www.vagadeempregorj.com.br\/ar\/wp-json\/wp\/v2\/media\/39675"}],"wp:attachment":[{"href":"https:\/\/www.vagadeempregorj.com.br\/ar\/wp-json\/wp\/v2\/media?parent=39674"}],"wp:term":[{"taxonomy":"category","embeddable":true,"href":"https:\/\/www.vagadeempregorj.com.br\/ar\/wp-json\/wp\/v2\/categories?post=39674"},{"taxonomy":"post_tag","embeddable":true,"href":"https:\/\/www.vagadeempregorj.com.br\/ar\/wp-json\/wp\/v2\/tags?post=39674"}],"curies":[{"name":"wp","href":"https:\/\/api.w.org\/{rel}","templated":true}]}}