{"id":39699,"date":"2024-06-14T01:00:00","date_gmt":"2024-06-14T04:00:00","guid":{"rendered":"https:\/\/www.vagadeempregorj.com.br\/?p=39699"},"modified":"2025-03-29T23:53:36","modified_gmt":"2025-03-30T02:53:36","slug":"capella-conheca-app-que-promete-traduzir-choro-do-bebe","status":"publish","type":"post","link":"https:\/\/www.vagadeempregorj.com.br\/ar\/capella-conheca-app-que-promete-traduzir-choro-do-bebe\/","title":{"rendered":"Capella: conhe\u00e7a app que promete traduzir choro do beb\u00ea"},"content":{"rendered":"<p>Ser pai ou m\u00e3e \u00e9 uma das experi\u00eancias mais gratificantes da vida, mas tamb\u00e9m pode ser uma das mais desafiadoras, especialmente nos primeiros meses. Uma das maiores dificuldades que novos pais enfrentam \u00e9 entender o choro do beb\u00ea. \u00c9 fome? Fralda suja? C\u00f3lica? Cansa\u00e7o? A incapacidade de discernir a causa do choro pode gerar ansiedade e estresse. Para ajudar a resolver esse problema, surge o Capella, um aplicativo inovador que promete traduzir o choro do beb\u00ea, trazendo mais tranquilidade para os pais.<\/p>\n\n\n\n<h2 class=\"wp-block-heading\">O Que \u00e9 o Capella?<\/h2>\n\n\n\n<p>Capella \u00e9 um aplicativo de tradu\u00e7\u00e3o de choro de beb\u00ea, desenvolvido com base em intelig\u00eancia artificial (IA) e machine learning. Ele analisa padr\u00f5es no choro do beb\u00ea e fornece aos pais uma interpreta\u00e7\u00e3o do motivo do choro. O aplicativo foi criado por uma equipe de cientistas e engenheiros de som, com o objetivo de oferecer uma ferramenta pr\u00e1tica para os pais de primeira viagem.<\/p>\n\n\n\n<h2 class=\"wp-block-heading\">Como Funciona o Capella?<\/h2>\n\n\n\n<p>O funcionamento do Capella \u00e9 bastante simples. Quando o beb\u00ea come\u00e7a a chorar, os pais ou cuidadores podem gravar alguns segundos do choro atrav\u00e9s do aplicativo. O Capella ent\u00e3o processa essa grava\u00e7\u00e3o, analisando frequ\u00eancias sonoras, tons e outros par\u00e2metros ac\u00fasticos. Em seguida, o app compara esses dados com um vasto banco de dados de grava\u00e7\u00f5es de choro de beb\u00eas, onde cada choro est\u00e1 associado a uma causa espec\u00edfica, como fome, desconforto, sono ou dor.<\/p>\n\n\n\n<h2 class=\"wp-block-heading\">A Ci\u00eancia por Tr\u00e1s do Capella<\/h2>\n\n\n\n<p>O desenvolvimento do Capella envolveu uma pesquisa extensa com a participa\u00e7\u00e3o de pediatras, especialistas em desenvolvimento infantil e engenheiros de som. Estudos mostram que diferentes tipos de choro podem apresentar padr\u00f5es ac\u00fasticos distintos. Por exemplo, o choro de fome tende a ter um ritmo mais repetitivo e crescente, enquanto o choro de dor pode ser mais agudo e intenso.<\/p>\n\n\n\n<p>Os desenvolvedores do Capella treinaram um modelo de IA usando milhares de grava\u00e7\u00f5es de choro, cada uma rotulada com a causa correspondente. Isso permitiu que o algoritmo aprendesse a identificar as caracter\u00edsticas espec\u00edficas de cada tipo de choro. A cada nova grava\u00e7\u00e3o analisada, o modelo se aprimora, tornando-se mais preciso ao longo do tempo.<\/p>\n\n\n\n<figure class=\"wp-block-image size-large\"><img loading=\"lazy\" decoding=\"async\" width=\"1024\" height=\"682\" src=\"https:\/\/www.vagadeempregorj.com.br\/wp-content\/uploads\/2024\/06\/image-4-1024x682.png\" alt=\"\" class=\"wp-image-39711\" srcset=\"https:\/\/www.vagadeempregorj.com.br\/wp-content\/uploads\/2024\/06\/image-4-1024x682.png 1024w, https:\/\/www.vagadeempregorj.com.br\/wp-content\/uploads\/2024\/06\/image-4-300x200.png 300w, https:\/\/www.vagadeempregorj.com.br\/wp-content\/uploads\/2024\/06\/image-4-768x512.png 768w, https:\/\/www.vagadeempregorj.com.br\/wp-content\/uploads\/2024\/06\/image-4-150x100.png 150w, https:\/\/www.vagadeempregorj.com.br\/wp-content\/uploads\/2024\/06\/image-4.png 1280w\" sizes=\"auto, (max-width: 1024px) 100vw, 1024px\" \/><\/figure>\n\n\n\n<h2 class=\"wp-block-heading\">Benef\u00edcios do Capella<\/h2>\n\n\n\n<ul class=\"wp-block-list\">\n<li>Redu\u00e7\u00e3o da Ansiedade Parental: Com o Capella, os pais podem obter respostas r\u00e1pidas e precisas sobre o motivo do choro do beb\u00ea, o que reduz significativamente a ansiedade e o estresse.<\/li>\n\n\n\n<li>Melhor Cuidado ao Beb\u00ea: Ao entender melhor as necessidades do beb\u00ea, os pais podem responder de maneira mais adequada e r\u00e1pida, proporcionando um cuidado mais eficiente e personalizado.<\/li>\n\n\n\n<li>Ferramenta Educativa: O Capella tamb\u00e9m funciona como uma ferramenta educativa, ajudando os pais a aprenderem mais sobre os padr\u00f5es de choro e as necessidades do beb\u00ea ao longo do tempo.<\/li>\n<\/ul>\n\n\n\n<h2 class=\"wp-block-heading\">Limita\u00e7\u00f5es e Considera\u00e7\u00f5es<\/h2>\n\n\n\n<p>Embora o Capella seja uma ferramenta revolucion\u00e1ria, \u00e9 importante reconhecer suas limita\u00e7\u00f5es. Nenhum aplicativo pode substituir completamente o julgamento humano e a intui\u00e7\u00e3o parental. O Capella oferece uma orienta\u00e7\u00e3o valiosa, mas os pais devem us\u00e1-lo como um complemento, e n\u00e3o como um substituto para a observa\u00e7\u00e3o cuidadosa e a consulta com profissionais de sa\u00fade.<\/p>\n\n\n\n<p>Al\u00e9m disso, a precis\u00e3o do Capella pode variar dependendo da qualidade da grava\u00e7\u00e3o e do ambiente. Ru\u00eddos de fundo e outras interfer\u00eancias sonoras podem afetar a an\u00e1lise, por isso \u00e9 importante gravar o choro em um ambiente relativamente silencioso.<\/p>\n\n\n\n<h2 class=\"wp-block-heading\">O Futuro do Capella e Tecnologias Semelhantes<\/h2>\n\n\n\n<p>O Capella representa apenas o come\u00e7o de uma nova era de tecnologias assistivas para pais. \u00c0 medida que a IA e o machine learning continuam a avan\u00e7ar, podemos esperar que essas ferramentas se tornem cada vez mais sofisticadas e precisas. Futuras vers\u00f5es do Capella podem incluir funcionalidades adicionais, como a capacidade de monitorar outros sinais vitais do beb\u00ea ou integrar-se a dispositivos de casa inteligente para criar um ambiente mais confort\u00e1vel para o beb\u00ea.<\/p>\n\n\n\n<p>Se voc\u00ea \u00e9 um novo pai ou m\u00e3e em busca de um aliado na dif\u00edcil tarefa de decifrar o choro do seu beb\u00ea, o Capella pode ser a solu\u00e7\u00e3o que voc\u00ea estava esperando. Experimente o aplicativo e descubra como ele pode fazer a diferen\u00e7a no seu dia a dia, trazendo mais tranquilidade e confian\u00e7a na sua jornada parental.<\/p>\n\n\n\n<p><strong>Veja tamb\u00e9m: <a href=\"https:\/\/www.vagadeempregorj.com.br\/ar\/vale-abre-vagas-de-emprego-pelo-pais-veja-oportunidades\/\">Vale abre vagas de emprego pelo pa\u00eds; veja oportunidades<\/a><\/strong><\/p>\n\n\n\n<p>14 de junho de 2024<\/p>","protected":false},"excerpt":{"rendered":"<p>Ser pai ou m\u00e3e \u00e9 uma das experi\u00eancias mais gratificantes da vida, mas tamb\u00e9m pode ser uma das mais desafiadoras, especialmente nos primeiros meses. Uma das maiores dificuldades que novos pais enfrentam \u00e9 entender o choro do beb\u00ea. \u00c9 fome? Fralda suja? C\u00f3lica? Cansa\u00e7o? A incapacidade de discernir a causa do choro pode gerar ansiedade&hellip;&nbsp;<\/p>","protected":false},"author":16,"featured_media":39711,"comment_status":"closed","ping_status":"closed","sticky":false,"template":"","format":"standard","meta":{"neve_meta_sidebar":"","neve_meta_container":"","neve_meta_enable_content_width":"","neve_meta_content_width":0,"neve_meta_title_alignment":"","neve_meta_author_avatar":"","neve_post_elements_order":"","neve_meta_disable_header":"","neve_meta_disable_footer":"","neve_meta_disable_title":"","footnotes":""},"categories":[703],"tags":[],"class_list":["post-39699","post","type-post","status-publish","format-standard","has-post-thumbnail","hentry","category-informacao-tecnologica-e-curiosidades"],"yoast_head":"<!-- This site is optimized with the Yoast SEO plugin v27.5 - https:\/\/yoast.com\/product\/yoast-seo-wordpress\/ -->\n<title>Capella: conhe\u00e7a app que promete traduzir choro do beb\u00ea -<\/title>\n<meta name=\"description\" content=\"Veja em Vagas de Emprego RJ as vagas de emprego com e sem experi\u00eancia no seu Estado e Regi\u00e3o!\" \/>\n<meta name=\"robots\" content=\"index, follow, max-snippet:-1, max-image-preview:large, max-video-preview:-1\" \/>\n<link rel=\"canonical\" href=\"https:\/\/www.vagadeempregorj.com.br\/ar\/capella-conheca-app-que-promete-traduzir-choro-do-bebe\/\" \/>\n<meta property=\"og:locale\" content=\"ar_AR\" \/>\n<meta property=\"og:type\" content=\"article\" \/>\n<meta property=\"og:title\" content=\"Capella: conhe\u00e7a app que promete traduzir choro do beb\u00ea -\" \/>\n<meta property=\"og:description\" content=\"Veja em Vagas de Emprego RJ as vagas de emprego com e sem experi\u00eancia no seu Estado e Regi\u00e3o!\" \/>\n<meta property=\"og:url\" content=\"https:\/\/www.vagadeempregorj.com.br\/ar\/capella-conheca-app-que-promete-traduzir-choro-do-bebe\/\" \/>\n<meta property=\"article:publisher\" content=\"https:\/\/www.facebook.com\/empregobrasiloficial\" \/>\n<meta property=\"article:published_time\" content=\"2024-06-14T04:00:00+00:00\" \/>\n<meta property=\"article:modified_time\" content=\"2025-03-30T02:53:36+00:00\" \/>\n<meta property=\"og:image\" content=\"https:\/\/www.vagadeempregorj.com.br\/wp-content\/uploads\/2024\/06\/image-4.png\" \/>\n\t<meta property=\"og:image:width\" content=\"1280\" \/>\n\t<meta property=\"og:image:height\" content=\"853\" \/>\n\t<meta property=\"og:image:type\" content=\"image\/png\" \/>\n<meta name=\"author\" content=\"Michele\" \/>\n<meta name=\"twitter:card\" content=\"summary_large_image\" \/>\n<meta name=\"twitter:label1\" content=\"Written by\" \/>\n\t<meta name=\"twitter:data1\" content=\"Michele\" \/>\n\t<meta name=\"twitter:label2\" content=\"Est. reading time\" \/>\n\t<meta name=\"twitter:data2\" content=\"4 \u062f\u0642\u0627\u0626\u0642\" \/>\n<script type=\"application\/ld+json\" class=\"yoast-schema-graph\">{\"@context\":\"https:\\\/\\\/schema.org\",\"@graph\":[{\"@type\":\"Article\",\"@id\":\"https:\\\/\\\/www.vagadeempregorj.com.br\\\/capella-conheca-app-que-promete-traduzir-choro-do-bebe\\\/#article\",\"isPartOf\":{\"@id\":\"https:\\\/\\\/www.vagadeempregorj.com.br\\\/capella-conheca-app-que-promete-traduzir-choro-do-bebe\\\/\"},\"author\":{\"name\":\"Michele\",\"@id\":\"https:\\\/\\\/www.vagadeempregorj.com.br\\\/#\\\/schema\\\/person\\\/3ddb19fa0539706786e502152f3aae95\"},\"headline\":\"Capella: conhe\u00e7a app que promete traduzir choro do beb\u00ea\",\"datePublished\":\"2024-06-14T04:00:00+00:00\",\"dateModified\":\"2025-03-30T02:53:36+00:00\",\"mainEntityOfPage\":{\"@id\":\"https:\\\/\\\/www.vagadeempregorj.com.br\\\/capella-conheca-app-que-promete-traduzir-choro-do-bebe\\\/\"},\"wordCount\":751,\"image\":{\"@id\":\"https:\\\/\\\/www.vagadeempregorj.com.br\\\/capella-conheca-app-que-promete-traduzir-choro-do-bebe\\\/#primaryimage\"},\"thumbnailUrl\":\"https:\\\/\\\/www.vagadeempregorj.com.br\\\/wp-content\\\/uploads\\\/2024\\\/06\\\/image-4.png\",\"articleSection\":[\"Informa\u00e7\u00e3o Tecnol\u00f3gica, Curiosidades e Cursos\"],\"inLanguage\":\"ar\"},{\"@type\":\"WebPage\",\"@id\":\"https:\\\/\\\/www.vagadeempregorj.com.br\\\/capella-conheca-app-que-promete-traduzir-choro-do-bebe\\\/\",\"url\":\"https:\\\/\\\/www.vagadeempregorj.com.br\\\/capella-conheca-app-que-promete-traduzir-choro-do-bebe\\\/\",\"name\":\"Capella: conhe\u00e7a app que promete traduzir choro do beb\u00ea -\",\"isPartOf\":{\"@id\":\"https:\\\/\\\/www.vagadeempregorj.com.br\\\/#website\"},\"primaryImageOfPage\":{\"@id\":\"https:\\\/\\\/www.vagadeempregorj.com.br\\\/capella-conheca-app-que-promete-traduzir-choro-do-bebe\\\/#primaryimage\"},\"image\":{\"@id\":\"https:\\\/\\\/www.vagadeempregorj.com.br\\\/capella-conheca-app-que-promete-traduzir-choro-do-bebe\\\/#primaryimage\"},\"thumbnailUrl\":\"https:\\\/\\\/www.vagadeempregorj.com.br\\\/wp-content\\\/uploads\\\/2024\\\/06\\\/image-4.png\",\"datePublished\":\"2024-06-14T04:00:00+00:00\",\"dateModified\":\"2025-03-30T02:53:36+00:00\",\"author\":{\"@id\":\"https:\\\/\\\/www.vagadeempregorj.com.br\\\/#\\\/schema\\\/person\\\/3ddb19fa0539706786e502152f3aae95\"},\"description\":\"Veja em Vagas de Emprego RJ as vagas de emprego com e sem experi\u00eancia no seu Estado e Regi\u00e3o!\",\"breadcrumb\":{\"@id\":\"https:\\\/\\\/www.vagadeempregorj.com.br\\\/capella-conheca-app-que-promete-traduzir-choro-do-bebe\\\/#breadcrumb\"},\"inLanguage\":\"ar\",\"potentialAction\":[{\"@type\":\"ReadAction\",\"target\":[\"https:\\\/\\\/www.vagadeempregorj.com.br\\\/capella-conheca-app-que-promete-traduzir-choro-do-bebe\\\/\"]}]},{\"@type\":\"ImageObject\",\"inLanguage\":\"ar\",\"@id\":\"https:\\\/\\\/www.vagadeempregorj.com.br\\\/capella-conheca-app-que-promete-traduzir-choro-do-bebe\\\/#primaryimage\",\"url\":\"https:\\\/\\\/www.vagadeempregorj.com.br\\\/wp-content\\\/uploads\\\/2024\\\/06\\\/image-4.png\",\"contentUrl\":\"https:\\\/\\\/www.vagadeempregorj.com.br\\\/wp-content\\\/uploads\\\/2024\\\/06\\\/image-4.png\",\"width\":1280,\"height\":853},{\"@type\":\"BreadcrumbList\",\"@id\":\"https:\\\/\\\/www.vagadeempregorj.com.br\\\/capella-conheca-app-que-promete-traduzir-choro-do-bebe\\\/#breadcrumb\",\"itemListElement\":[{\"@type\":\"ListItem\",\"position\":1,\"name\":\"In\u00edcio\",\"item\":\"https:\\\/\\\/www.vagadeempregorj.com.br\\\/\"},{\"@type\":\"ListItem\",\"position\":2,\"name\":\"Informa\u00e7\u00e3o Tecnol\u00f3gica, Curiosidades e Cursos\",\"item\":\"https:\\\/\\\/www.vagadeempregorj.com.br\\\/informacao-tecnologica-e-curiosidades\\\/\"},{\"@type\":\"ListItem\",\"position\":3,\"name\":\"Capella: conhe\u00e7a app que promete traduzir choro do beb\u00ea\"}]},{\"@type\":\"WebSite\",\"@id\":\"https:\\\/\\\/www.vagadeempregorj.com.br\\\/#website\",\"url\":\"https:\\\/\\\/www.vagadeempregorj.com.br\\\/\",\"name\":\"\",\"description\":\"Conquiste Sonhos: Vagas, Benef\u00edcios e Economia para Transformar Vidas e Alcan\u00e7ar Melhorias Cotidianas\",\"potentialAction\":[{\"@type\":\"SearchAction\",\"target\":{\"@type\":\"EntryPoint\",\"urlTemplate\":\"https:\\\/\\\/www.vagadeempregorj.com.br\\\/?s={search_term_string}\"},\"query-input\":{\"@type\":\"PropertyValueSpecification\",\"valueRequired\":true,\"valueName\":\"search_term_string\"}}],\"inLanguage\":\"ar\"},{\"@type\":\"Person\",\"@id\":\"https:\\\/\\\/www.vagadeempregorj.com.br\\\/#\\\/schema\\\/person\\\/3ddb19fa0539706786e502152f3aae95\",\"name\":\"Michele\",\"image\":{\"@type\":\"ImageObject\",\"inLanguage\":\"ar\",\"@id\":\"https:\\\/\\\/secure.gravatar.com\\\/avatar\\\/6b0eb9d22841282815e2cd856a0061c45e1761cd54b22e952d98c4746939aa85?s=96&r=g\",\"url\":\"https:\\\/\\\/secure.gravatar.com\\\/avatar\\\/6b0eb9d22841282815e2cd856a0061c45e1761cd54b22e952d98c4746939aa85?s=96&r=g\",\"contentUrl\":\"https:\\\/\\\/secure.gravatar.com\\\/avatar\\\/6b0eb9d22841282815e2cd856a0061c45e1761cd54b22e952d98c4746939aa85?s=96&r=g\",\"caption\":\"Michele\"},\"description\":\"Formada em Letras - Portugu\u00eas\\\/ Ingl\u00eas, e idealizadora do site Escritora de Sucesso, busca expandir o conhecimento de todos com informa\u00e7\u00f5es relevantes sobre diversos assuntos, enquanto redatora. No Vaga de Emprego RJ, traz oportunidades e dicas sobre o mercado de trabalho.\",\"url\":\"https:\\\/\\\/www.vagadeempregorj.com.br\\\/ar\\\/author\\\/michele\\\/\"}]}<\/script>\n<!-- \/ Yoast SEO plugin. -->","yoast_head_json":{"title":"Capella: conhe\u00e7a app que promete traduzir choro do beb\u00ea -","description":"Veja em Vagas de Emprego RJ as vagas de emprego com e sem experi\u00eancia no seu Estado e Regi\u00e3o!","robots":{"index":"index","follow":"follow","max-snippet":"max-snippet:-1","max-image-preview":"max-image-preview:large","max-video-preview":"max-video-preview:-1"},"canonical":"https:\/\/www.vagadeempregorj.com.br\/ar\/capella-conheca-app-que-promete-traduzir-choro-do-bebe\/","og_locale":"ar_AR","og_type":"article","og_title":"Capella: conhe\u00e7a app que promete traduzir choro do beb\u00ea -","og_description":"Veja em Vagas de Emprego RJ as vagas de emprego com e sem experi\u00eancia no seu Estado e Regi\u00e3o!","og_url":"https:\/\/www.vagadeempregorj.com.br\/ar\/capella-conheca-app-que-promete-traduzir-choro-do-bebe\/","article_publisher":"https:\/\/www.facebook.com\/empregobrasiloficial","article_published_time":"2024-06-14T04:00:00+00:00","article_modified_time":"2025-03-30T02:53:36+00:00","og_image":[{"width":1280,"height":853,"url":"https:\/\/www.vagadeempregorj.com.br\/wp-content\/uploads\/2024\/06\/image-4.png","type":"image\/png"}],"author":"Michele","twitter_card":"summary_large_image","twitter_misc":{"Written by":"Michele","Est. reading time":"4 \u062f\u0642\u0627\u0626\u0642"},"schema":{"@context":"https:\/\/schema.org","@graph":[{"@type":"Article","@id":"https:\/\/www.vagadeempregorj.com.br\/capella-conheca-app-que-promete-traduzir-choro-do-bebe\/#article","isPartOf":{"@id":"https:\/\/www.vagadeempregorj.com.br\/capella-conheca-app-que-promete-traduzir-choro-do-bebe\/"},"author":{"name":"Michele","@id":"https:\/\/www.vagadeempregorj.com.br\/#\/schema\/person\/3ddb19fa0539706786e502152f3aae95"},"headline":"Capella: conhe\u00e7a app que promete traduzir choro do beb\u00ea","datePublished":"2024-06-14T04:00:00+00:00","dateModified":"2025-03-30T02:53:36+00:00","mainEntityOfPage":{"@id":"https:\/\/www.vagadeempregorj.com.br\/capella-conheca-app-que-promete-traduzir-choro-do-bebe\/"},"wordCount":751,"image":{"@id":"https:\/\/www.vagadeempregorj.com.br\/capella-conheca-app-que-promete-traduzir-choro-do-bebe\/#primaryimage"},"thumbnailUrl":"https:\/\/www.vagadeempregorj.com.br\/wp-content\/uploads\/2024\/06\/image-4.png","articleSection":["Informa\u00e7\u00e3o Tecnol\u00f3gica, Curiosidades e Cursos"],"inLanguage":"ar"},{"@type":"WebPage","@id":"https:\/\/www.vagadeempregorj.com.br\/capella-conheca-app-que-promete-traduzir-choro-do-bebe\/","url":"https:\/\/www.vagadeempregorj.com.br\/capella-conheca-app-que-promete-traduzir-choro-do-bebe\/","name":"Capella: conhe\u00e7a app que promete traduzir choro do beb\u00ea -","isPartOf":{"@id":"https:\/\/www.vagadeempregorj.com.br\/#website"},"primaryImageOfPage":{"@id":"https:\/\/www.vagadeempregorj.com.br\/capella-conheca-app-que-promete-traduzir-choro-do-bebe\/#primaryimage"},"image":{"@id":"https:\/\/www.vagadeempregorj.com.br\/capella-conheca-app-que-promete-traduzir-choro-do-bebe\/#primaryimage"},"thumbnailUrl":"https:\/\/www.vagadeempregorj.com.br\/wp-content\/uploads\/2024\/06\/image-4.png","datePublished":"2024-06-14T04:00:00+00:00","dateModified":"2025-03-30T02:53:36+00:00","author":{"@id":"https:\/\/www.vagadeempregorj.com.br\/#\/schema\/person\/3ddb19fa0539706786e502152f3aae95"},"description":"Veja em Vagas de Emprego RJ as vagas de emprego com e sem experi\u00eancia no seu Estado e Regi\u00e3o!","breadcrumb":{"@id":"https:\/\/www.vagadeempregorj.com.br\/capella-conheca-app-que-promete-traduzir-choro-do-bebe\/#breadcrumb"},"inLanguage":"ar","potentialAction":[{"@type":"ReadAction","target":["https:\/\/www.vagadeempregorj.com.br\/capella-conheca-app-que-promete-traduzir-choro-do-bebe\/"]}]},{"@type":"ImageObject","inLanguage":"ar","@id":"https:\/\/www.vagadeempregorj.com.br\/capella-conheca-app-que-promete-traduzir-choro-do-bebe\/#primaryimage","url":"https:\/\/www.vagadeempregorj.com.br\/wp-content\/uploads\/2024\/06\/image-4.png","contentUrl":"https:\/\/www.vagadeempregorj.com.br\/wp-content\/uploads\/2024\/06\/image-4.png","width":1280,"height":853},{"@type":"BreadcrumbList","@id":"https:\/\/www.vagadeempregorj.com.br\/capella-conheca-app-que-promete-traduzir-choro-do-bebe\/#breadcrumb","itemListElement":[{"@type":"ListItem","position":1,"name":"In\u00edcio","item":"https:\/\/www.vagadeempregorj.com.br\/"},{"@type":"ListItem","position":2,"name":"Informa\u00e7\u00e3o Tecnol\u00f3gica, Curiosidades e Cursos","item":"https:\/\/www.vagadeempregorj.com.br\/informacao-tecnologica-e-curiosidades\/"},{"@type":"ListItem","position":3,"name":"Capella: conhe\u00e7a app que promete traduzir choro do beb\u00ea"}]},{"@type":"WebSite","@id":"https:\/\/www.vagadeempregorj.com.br\/#website","url":"https:\/\/www.vagadeempregorj.com.br\/","name":"","description":"Conquiste Sonhos: Vagas, Benef\u00edcios e Economia para Transformar Vidas e Alcan\u00e7ar Melhorias Cotidianas","potentialAction":[{"@type":"SearchAction","target":{"@type":"EntryPoint","urlTemplate":"https:\/\/www.vagadeempregorj.com.br\/?s={search_term_string}"},"query-input":{"@type":"PropertyValueSpecification","valueRequired":true,"valueName":"search_term_string"}}],"inLanguage":"ar"},{"@type":"Person","@id":"https:\/\/www.vagadeempregorj.com.br\/#\/schema\/person\/3ddb19fa0539706786e502152f3aae95","name":"Michele","image":{"@type":"ImageObject","inLanguage":"ar","@id":"https:\/\/secure.gravatar.com\/avatar\/6b0eb9d22841282815e2cd856a0061c45e1761cd54b22e952d98c4746939aa85?s=96&r=g","url":"https:\/\/secure.gravatar.com\/avatar\/6b0eb9d22841282815e2cd856a0061c45e1761cd54b22e952d98c4746939aa85?s=96&r=g","contentUrl":"https:\/\/secure.gravatar.com\/avatar\/6b0eb9d22841282815e2cd856a0061c45e1761cd54b22e952d98c4746939aa85?s=96&r=g","caption":"Michele"},"description":"Formada em Letras - Portugu\u00eas\/ Ingl\u00eas, e idealizadora do site Escritora de Sucesso, busca expandir o conhecimento de todos com informa\u00e7\u00f5es relevantes sobre diversos assuntos, enquanto redatora. No Vaga de Emprego RJ, traz oportunidades e dicas sobre o mercado de trabalho.","url":"https:\/\/www.vagadeempregorj.com.br\/ar\/author\/michele\/"}]}},"_links":{"self":[{"href":"https:\/\/www.vagadeempregorj.com.br\/ar\/wp-json\/wp\/v2\/posts\/39699","targetHints":{"allow":["GET"]}}],"collection":[{"href":"https:\/\/www.vagadeempregorj.com.br\/ar\/wp-json\/wp\/v2\/posts"}],"about":[{"href":"https:\/\/www.vagadeempregorj.com.br\/ar\/wp-json\/wp\/v2\/types\/post"}],"author":[{"embeddable":true,"href":"https:\/\/www.vagadeempregorj.com.br\/ar\/wp-json\/wp\/v2\/users\/16"}],"replies":[{"embeddable":true,"href":"https:\/\/www.vagadeempregorj.com.br\/ar\/wp-json\/wp\/v2\/comments?post=39699"}],"version-history":[{"count":0,"href":"https:\/\/www.vagadeempregorj.com.br\/ar\/wp-json\/wp\/v2\/posts\/39699\/revisions"}],"wp:featuredmedia":[{"embeddable":true,"href":"https:\/\/www.vagadeempregorj.com.br\/ar\/wp-json\/wp\/v2\/media\/39711"}],"wp:attachment":[{"href":"https:\/\/www.vagadeempregorj.com.br\/ar\/wp-json\/wp\/v2\/media?parent=39699"}],"wp:term":[{"taxonomy":"category","embeddable":true,"href":"https:\/\/www.vagadeempregorj.com.br\/ar\/wp-json\/wp\/v2\/categories?post=39699"},{"taxonomy":"post_tag","embeddable":true,"href":"https:\/\/www.vagadeempregorj.com.br\/ar\/wp-json\/wp\/v2\/tags?post=39699"}],"curies":[{"name":"wp","href":"https:\/\/api.w.org\/{rel}","templated":true}]}}