{"id":39701,"date":"2024-06-17T01:00:00","date_gmt":"2024-06-17T04:00:00","guid":{"rendered":"https:\/\/www.vagadeempregorj.com.br\/?p=39701"},"modified":"2025-06-14T13:09:39","modified_gmt":"2025-06-14T16:09:39","slug":"unimed-tem-vagas-de-emprego-abertas-pelo-pais-veja-os-cargos","status":"publish","type":"post","link":"https:\/\/www.vagadeempregorj.com.br\/ar\/unimed-tem-vagas-de-emprego-abertas-pelo-pais-veja-os-cargos\/","title":{"rendered":"Unimed tem vagas de emprego abertas pelo pa\u00eds; veja os cargos"},"content":{"rendered":"<p>A Unimed, uma das maiores cooperativas de sa\u00fade do Brasil, est\u00e1 com diversas vagas de emprego abertas em v\u00e1rias regi\u00f5es do pa\u00eds. Com uma hist\u00f3ria s\u00f3lida de mais de 50 anos, a Unimed \u00e9 conhecida por sua excel\u00eancia no atendimento e por oferecer um ambiente de trabalho que valoriza o desenvolvimento profissional e o bem-estar de seus colaboradores.<\/p>\n\n\n\n<h2 class=\"wp-block-heading\">Oportunidades de Carreira na Unimed<\/h2>\n\n\n\n<p>A Unimed est\u00e1 em busca de profissionais comprometidos e talentosos para compor seu quadro de colaboradores. As vagas s\u00e3o para diferentes \u00e1reas e n\u00edveis de experi\u00eancia, desde posi\u00e7\u00f5es administrativas at\u00e9 cargos na \u00e1rea da sa\u00fade. Veja abaixo algumas das oportunidades dispon\u00edveis:<\/p>\n\n\n\n<h3 class=\"wp-block-heading\">1. Enfermeiro<\/h3>\n\n\n\n<p>Localidade: S\u00e3o Paulo, SP<\/p>\n\n\n\n<p>Descri\u00e7\u00e3o: O enfermeiro ser\u00e1 respons\u00e1vel pelo atendimento aos pacientes, administra\u00e7\u00e3o de medicamentos, realiza\u00e7\u00e3o de procedimentos e suporte \u00e0s equipes m\u00e9dicas.<\/p>\n\n\n\n<p><strong>Requisitos:<\/strong><\/p>\n\n\n\n<ul class=\"wp-block-list\">\n<li>Gradua\u00e7\u00e3o em Enfermagem<\/li>\n\n\n\n<li>Registro no COREN ativo<\/li>\n\n\n\n<li>Experi\u00eancia na \u00e1rea hospitalar<\/li>\n<\/ul>\n\n\n\n<h3 class=\"wp-block-heading\">2. Analista de Recursos Humanos<\/h3>\n\n\n\n<p>Localidade: Belo Horizonte, MG<\/p>\n\n\n\n<p>Descri\u00e7\u00e3o: O analista de RH atuar\u00e1 em processos de recrutamento e sele\u00e7\u00e3o, treinamento e desenvolvimento, al\u00e9m de apoiar nas rotinas administrativas do departamento de RH.<\/p>\n\n\n\n<p><strong>Requisitos:<\/strong><\/p>\n\n\n\n<ul class=\"wp-block-list\">\n<li>Gradua\u00e7\u00e3o em Administra\u00e7\u00e3o, Psicologia ou \u00e1reas afins<\/li>\n\n\n\n<li>Experi\u00eancia na fun\u00e7\u00e3o<\/li>\n\n\n\n<li>Conhecimentos em processos de R&S e T&D<\/li>\n<\/ul>\n\n\n\n<figure class=\"wp-block-image size-full is-resized\"><img loading=\"lazy\" decoding=\"async\" width=\"600\" height=\"378\" src=\"https:\/\/www.vagadeempregorj.com.br\/wp-content\/uploads\/2024\/06\/image-5.png\" alt=\"\" class=\"wp-image-39713\" style=\"width:840px;height:auto\" srcset=\"https:\/\/www.vagadeempregorj.com.br\/wp-content\/uploads\/2024\/06\/image-5.png 600w, https:\/\/www.vagadeempregorj.com.br\/wp-content\/uploads\/2024\/06\/image-5-300x189.png 300w, https:\/\/www.vagadeempregorj.com.br\/wp-content\/uploads\/2024\/06\/image-5-150x95.png 150w\" sizes=\"auto, (max-width: 600px) 100vw, 600px\" \/><\/figure>\n\n\n\n<h3 class=\"wp-block-heading\">3. Assistente Administrativo<\/h3>\n\n\n\n<p>Localidade: Rio de Janeiro, RJ<\/p>\n\n\n\n<p>Descri\u00e7\u00e3o: O assistente administrativo dar\u00e1 suporte nas rotinas administrativas da unidade, incluindo atendimento ao cliente, controle de documentos e organiza\u00e7\u00e3o de agendas.<\/p>\n\n\n\n<p><strong>Requisitos:<\/strong><\/p>\n\n\n\n<ul class=\"wp-block-list\">\n<li>Ensino M\u00e9dio Completo<\/li>\n\n\n\n<li>Experi\u00eancia em atividades administrativas<\/li>\n\n\n\n<li>Boa comunica\u00e7\u00e3o e organiza\u00e7\u00e3o<\/li>\n<\/ul>\n\n\n\n<h3 class=\"wp-block-heading\">4. T\u00e9cnico de Enfermagem<\/h3>\n\n\n\n<p>Localidade: Curitiba, PR<\/p>\n\n\n\n<p>Descri\u00e7\u00e3o: O t\u00e9cnico de enfermagem ser\u00e1 respons\u00e1vel por prestar cuidados diretos aos pacientes, auxiliar nos procedimentos m\u00e9dicos e realizar a administra\u00e7\u00e3o de medicamentos.<\/p>\n\n\n\n<p><strong>Requisitos:<\/strong><\/p>\n\n\n\n<ul class=\"wp-block-list\">\n<li>Curso T\u00e9cnico de Enfermagem<\/li>\n\n\n\n<li>Registro no COREN ativo<\/li>\n\n\n\n<li>Experi\u00eancia em hospital ou cl\u00ednica<\/li>\n<\/ul>\n\n\n\n<h3 class=\"wp-block-heading\">5. M\u00e9dico Generalista<\/h3>\n\n\n\n<p>Localidade: Porto Alegre, RS<\/p>\n\n\n\n<p>Descri\u00e7\u00e3o: O m\u00e9dico generalista atuar\u00e1 no atendimento ambulatorial de pacientes, realizando consultas, diagn\u00f3sticos e encaminhamentos necess\u00e1rios.<\/p>\n\n\n\n<p>Requisitos:<\/p>\n\n\n\n<ul class=\"wp-block-list\">\n<li>Gradua\u00e7\u00e3o em Medicina<\/li>\n\n\n\n<li>Registro no CRM ativo<\/li>\n\n\n\n<li>Experi\u00eancia em atendimento ambulatorial<\/li>\n<\/ul>\n\n\n\n<h3 class=\"wp-block-heading\">6. Fisioterapeuta<\/h3>\n\n\n\n<p>Localidade: Recife, PE<\/p>\n\n\n\n<p>Descri\u00e7\u00e3o: O fisioterapeuta ser\u00e1 respons\u00e1vel por avaliar e tratar pacientes com diferentes condi\u00e7\u00f5es, promovendo a reabilita\u00e7\u00e3o f\u00edsica e a melhora da qualidade de vida.<\/p>\n\n\n\n<p><strong>Requisitos:<\/strong><\/p>\n\n\n\n<ul class=\"wp-block-list\">\n<li>Gradua\u00e7\u00e3o em Fisioterapia<\/li>\n\n\n\n<li>Registro no CREFITO ativo<\/li>\n\n\n\n<li>Experi\u00eancia na \u00e1rea de fisioterapia<\/li>\n<\/ul>\n\n\n\n<h2 class=\"wp-block-heading\">Como se Candidatar<\/h2>\n\n\n\n<p>Para se candidatar \u00e0s vagas da Unimed, os interessados devem acessar o site oficial da empresa e seguir os passos indicados na se\u00e7\u00e3o de &#8220;Trabalhe Conosco&#8221;. \u00c9 importante ter em m\u00e3os o curr\u00edculo atualizado e, em alguns casos, documentos que comprovem a forma\u00e7\u00e3o e registro profissional.<\/p>\n\n\n\n<h2 class=\"wp-block-heading\">Benef\u00edcios de Trabalhar na Unimed<\/h2>\n\n\n\n<p>A Unimed oferece diversos benef\u00edcios aos seus colaboradores, incluindo:<\/p>\n\n\n\n<ul class=\"wp-block-list\">\n<li>Plano de sa\u00fade<\/li>\n\n\n\n<li>Vale-alimenta\u00e7\u00e3o ou refei\u00e7\u00e3o<\/li>\n\n\n\n<li>Aux\u00edlio-transporte<\/li>\n\n\n\n<li>Programa de Participa\u00e7\u00e3o nos Resultados (PPR)<\/li>\n\n\n\n<li>Oportunidades de desenvolvimento profissional<\/li>\n\n\n\n<li>Ambiente de trabalho colaborativo e inovador<\/li>\n<\/ul>\n\n\n\n<p>Trabalhar na Unimed significa fazer parte de uma equipe comprometida com a sa\u00fade e o bem-estar de milh\u00f5es de brasileiros. Se voc\u00ea se identifica com os valores da Unimed e deseja construir uma carreira s\u00f3lida em uma das maiores cooperativas de sa\u00fade do Brasil, essa \u00e9 a sua oportunidade!<\/p>\n\n\n\n<p>Aproveite para se candidatar e fa\u00e7a parte de uma empresa que valoriza e investe no talento de seus colaboradores.&nbsp;<\/p>\n\n\n\n<p><strong>Veja tamb\u00e9m: <a href=\"https:\/\/www.vagadeempregorj.com.br\/ar\/vale-abre-vagas-de-emprego-pelo-pais-veja-oportunidades\/\">Vale abre vagas de emprego pelo pa\u00eds; veja oportunidades<\/a><\/strong><\/p>\n\n\n\n<p>17 de junho de 2024<\/p>","protected":false},"excerpt":{"rendered":"<p>A Unimed, uma das maiores cooperativas de sa\u00fade do Brasil, est\u00e1 com diversas vagas de emprego abertas em v\u00e1rias regi\u00f5es do pa\u00eds. Com uma hist\u00f3ria s\u00f3lida de mais de 50 anos, a Unimed \u00e9 conhecida por sua excel\u00eancia no atendimento e por oferecer um ambiente de trabalho que valoriza o desenvolvimento profissional e o bem-estar&hellip;&nbsp;<\/p>","protected":false},"author":16,"featured_media":39713,"comment_status":"closed","ping_status":"closed","sticky":false,"template":"","format":"standard","meta":{"neve_meta_sidebar":"","neve_meta_container":"","neve_meta_enable_content_width":"","neve_meta_content_width":0,"neve_meta_title_alignment":"","neve_meta_author_avatar":"","neve_post_elements_order":"","neve_meta_disable_header":"","neve_meta_disable_footer":"","neve_meta_disable_title":"","footnotes":""},"categories":[123],"tags":[],"class_list":["post-39701","post","type-post","status-publish","format-standard","has-post-thumbnail","hentry","category-vagas-de-emprego-nacionais"],"yoast_head":"<!-- This site is optimized with the Yoast SEO plugin v27.5 - https:\/\/yoast.com\/product\/yoast-seo-wordpress\/ -->\n<title>Unimed tem vagas de emprego abertas pelo pa\u00eds; veja os cargos -<\/title>\n<meta name=\"description\" content=\"Veja em Vagas de Emprego RJ as vagas de emprego com e sem experi\u00eancia no seu Estado e Regi\u00e3o!\" \/>\n<meta name=\"robots\" content=\"index, follow, max-snippet:-1, max-image-preview:large, max-video-preview:-1\" \/>\n<link rel=\"canonical\" href=\"https:\/\/www.vagadeempregorj.com.br\/ar\/unimed-tem-vagas-de-emprego-abertas-pelo-pais-veja-os-cargos\/\" \/>\n<meta property=\"og:locale\" content=\"ar_AR\" \/>\n<meta property=\"og:type\" content=\"article\" \/>\n<meta property=\"og:title\" content=\"Unimed tem vagas de emprego abertas pelo pa\u00eds; veja os cargos -\" \/>\n<meta property=\"og:description\" content=\"Veja em Vagas de Emprego RJ as vagas de emprego com e sem experi\u00eancia no seu Estado e Regi\u00e3o!\" \/>\n<meta property=\"og:url\" content=\"https:\/\/www.vagadeempregorj.com.br\/ar\/unimed-tem-vagas-de-emprego-abertas-pelo-pais-veja-os-cargos\/\" \/>\n<meta property=\"article:publisher\" content=\"https:\/\/www.facebook.com\/empregobrasiloficial\" \/>\n<meta property=\"article:published_time\" content=\"2024-06-17T04:00:00+00:00\" \/>\n<meta property=\"article:modified_time\" content=\"2025-06-14T16:09:39+00:00\" \/>\n<meta property=\"og:image\" content=\"https:\/\/www.vagadeempregorj.com.br\/wp-content\/uploads\/2024\/06\/image-5.png\" \/>\n\t<meta property=\"og:image:width\" content=\"600\" \/>\n\t<meta property=\"og:image:height\" content=\"378\" \/>\n\t<meta property=\"og:image:type\" content=\"image\/png\" \/>\n<meta name=\"author\" content=\"Michele\" \/>\n<meta name=\"twitter:card\" content=\"summary_large_image\" \/>\n<meta name=\"twitter:label1\" content=\"Written by\" \/>\n\t<meta name=\"twitter:data1\" content=\"Michele\" \/>\n\t<meta name=\"twitter:label2\" content=\"Est. reading time\" \/>\n\t<meta name=\"twitter:data2\" content=\"3 \u062f\u0642\u0627\u0626\u0642\" \/>\n<script type=\"application\/ld+json\" class=\"yoast-schema-graph\">{\"@context\":\"https:\\\/\\\/schema.org\",\"@graph\":[{\"@type\":\"Article\",\"@id\":\"https:\\\/\\\/www.vagadeempregorj.com.br\\\/unimed-tem-vagas-de-emprego-abertas-pelo-pais-veja-os-cargos\\\/#article\",\"isPartOf\":{\"@id\":\"https:\\\/\\\/www.vagadeempregorj.com.br\\\/unimed-tem-vagas-de-emprego-abertas-pelo-pais-veja-os-cargos\\\/\"},\"author\":{\"name\":\"Michele\",\"@id\":\"https:\\\/\\\/www.vagadeempregorj.com.br\\\/#\\\/schema\\\/person\\\/3ddb19fa0539706786e502152f3aae95\"},\"headline\":\"Unimed tem vagas de emprego abertas pelo pa\u00eds; veja os cargos\",\"datePublished\":\"2024-06-17T04:00:00+00:00\",\"dateModified\":\"2025-06-14T16:09:39+00:00\",\"mainEntityOfPage\":{\"@id\":\"https:\\\/\\\/www.vagadeempregorj.com.br\\\/unimed-tem-vagas-de-emprego-abertas-pelo-pais-veja-os-cargos\\\/\"},\"wordCount\":607,\"image\":{\"@id\":\"https:\\\/\\\/www.vagadeempregorj.com.br\\\/unimed-tem-vagas-de-emprego-abertas-pelo-pais-veja-os-cargos\\\/#primaryimage\"},\"thumbnailUrl\":\"https:\\\/\\\/www.vagadeempregorj.com.br\\\/wp-content\\\/uploads\\\/2024\\\/06\\\/image-5.png\",\"articleSection\":[\"Vagas de Emprego Nacionais\"],\"inLanguage\":\"ar\"},{\"@type\":\"WebPage\",\"@id\":\"https:\\\/\\\/www.vagadeempregorj.com.br\\\/unimed-tem-vagas-de-emprego-abertas-pelo-pais-veja-os-cargos\\\/\",\"url\":\"https:\\\/\\\/www.vagadeempregorj.com.br\\\/unimed-tem-vagas-de-emprego-abertas-pelo-pais-veja-os-cargos\\\/\",\"name\":\"Unimed tem vagas de emprego abertas pelo pa\u00eds; veja os cargos -\",\"isPartOf\":{\"@id\":\"https:\\\/\\\/www.vagadeempregorj.com.br\\\/#website\"},\"primaryImageOfPage\":{\"@id\":\"https:\\\/\\\/www.vagadeempregorj.com.br\\\/unimed-tem-vagas-de-emprego-abertas-pelo-pais-veja-os-cargos\\\/#primaryimage\"},\"image\":{\"@id\":\"https:\\\/\\\/www.vagadeempregorj.com.br\\\/unimed-tem-vagas-de-emprego-abertas-pelo-pais-veja-os-cargos\\\/#primaryimage\"},\"thumbnailUrl\":\"https:\\\/\\\/www.vagadeempregorj.com.br\\\/wp-content\\\/uploads\\\/2024\\\/06\\\/image-5.png\",\"datePublished\":\"2024-06-17T04:00:00+00:00\",\"dateModified\":\"2025-06-14T16:09:39+00:00\",\"author\":{\"@id\":\"https:\\\/\\\/www.vagadeempregorj.com.br\\\/#\\\/schema\\\/person\\\/3ddb19fa0539706786e502152f3aae95\"},\"description\":\"Veja em Vagas de Emprego RJ as vagas de emprego com e sem experi\u00eancia no seu Estado e Regi\u00e3o!\",\"breadcrumb\":{\"@id\":\"https:\\\/\\\/www.vagadeempregorj.com.br\\\/unimed-tem-vagas-de-emprego-abertas-pelo-pais-veja-os-cargos\\\/#breadcrumb\"},\"inLanguage\":\"ar\",\"potentialAction\":[{\"@type\":\"ReadAction\",\"target\":[\"https:\\\/\\\/www.vagadeempregorj.com.br\\\/unimed-tem-vagas-de-emprego-abertas-pelo-pais-veja-os-cargos\\\/\"]}]},{\"@type\":\"ImageObject\",\"inLanguage\":\"ar\",\"@id\":\"https:\\\/\\\/www.vagadeempregorj.com.br\\\/unimed-tem-vagas-de-emprego-abertas-pelo-pais-veja-os-cargos\\\/#primaryimage\",\"url\":\"https:\\\/\\\/www.vagadeempregorj.com.br\\\/wp-content\\\/uploads\\\/2024\\\/06\\\/image-5.png\",\"contentUrl\":\"https:\\\/\\\/www.vagadeempregorj.com.br\\\/wp-content\\\/uploads\\\/2024\\\/06\\\/image-5.png\",\"width\":600,\"height\":378},{\"@type\":\"BreadcrumbList\",\"@id\":\"https:\\\/\\\/www.vagadeempregorj.com.br\\\/unimed-tem-vagas-de-emprego-abertas-pelo-pais-veja-os-cargos\\\/#breadcrumb\",\"itemListElement\":[{\"@type\":\"ListItem\",\"position\":1,\"name\":\"In\u00edcio\",\"item\":\"https:\\\/\\\/www.vagadeempregorj.com.br\\\/\"},{\"@type\":\"ListItem\",\"position\":2,\"name\":\"Vagas de Emprego Nacionais\",\"item\":\"https:\\\/\\\/www.vagadeempregorj.com.br\\\/vagas-de-emprego-nacionais\\\/\"},{\"@type\":\"ListItem\",\"position\":3,\"name\":\"Unimed tem vagas de emprego abertas pelo pa\u00eds; veja os cargos\"}]},{\"@type\":\"WebSite\",\"@id\":\"https:\\\/\\\/www.vagadeempregorj.com.br\\\/#website\",\"url\":\"https:\\\/\\\/www.vagadeempregorj.com.br\\\/\",\"name\":\"\",\"description\":\"Conquiste Sonhos: Vagas, Benef\u00edcios e Economia para Transformar Vidas e Alcan\u00e7ar Melhorias Cotidianas\",\"potentialAction\":[{\"@type\":\"SearchAction\",\"target\":{\"@type\":\"EntryPoint\",\"urlTemplate\":\"https:\\\/\\\/www.vagadeempregorj.com.br\\\/?s={search_term_string}\"},\"query-input\":{\"@type\":\"PropertyValueSpecification\",\"valueRequired\":true,\"valueName\":\"search_term_string\"}}],\"inLanguage\":\"ar\"},{\"@type\":\"Person\",\"@id\":\"https:\\\/\\\/www.vagadeempregorj.com.br\\\/#\\\/schema\\\/person\\\/3ddb19fa0539706786e502152f3aae95\",\"name\":\"Michele\",\"image\":{\"@type\":\"ImageObject\",\"inLanguage\":\"ar\",\"@id\":\"https:\\\/\\\/secure.gravatar.com\\\/avatar\\\/6b0eb9d22841282815e2cd856a0061c45e1761cd54b22e952d98c4746939aa85?s=96&r=g\",\"url\":\"https:\\\/\\\/secure.gravatar.com\\\/avatar\\\/6b0eb9d22841282815e2cd856a0061c45e1761cd54b22e952d98c4746939aa85?s=96&r=g\",\"contentUrl\":\"https:\\\/\\\/secure.gravatar.com\\\/avatar\\\/6b0eb9d22841282815e2cd856a0061c45e1761cd54b22e952d98c4746939aa85?s=96&r=g\",\"caption\":\"Michele\"},\"description\":\"Formada em Letras - Portugu\u00eas\\\/ Ingl\u00eas, e idealizadora do site Escritora de Sucesso, busca expandir o conhecimento de todos com informa\u00e7\u00f5es relevantes sobre diversos assuntos, enquanto redatora. No Vaga de Emprego RJ, traz oportunidades e dicas sobre o mercado de trabalho.\",\"url\":\"https:\\\/\\\/www.vagadeempregorj.com.br\\\/ar\\\/author\\\/michele\\\/\"}]}<\/script>\n<!-- \/ Yoast SEO plugin. -->","yoast_head_json":{"title":"Unimed tem vagas de emprego abertas pelo pa\u00eds; veja os cargos -","description":"Veja em Vagas de Emprego RJ as vagas de emprego com e sem experi\u00eancia no seu Estado e Regi\u00e3o!","robots":{"index":"index","follow":"follow","max-snippet":"max-snippet:-1","max-image-preview":"max-image-preview:large","max-video-preview":"max-video-preview:-1"},"canonical":"https:\/\/www.vagadeempregorj.com.br\/ar\/unimed-tem-vagas-de-emprego-abertas-pelo-pais-veja-os-cargos\/","og_locale":"ar_AR","og_type":"article","og_title":"Unimed tem vagas de emprego abertas pelo pa\u00eds; veja os cargos -","og_description":"Veja em Vagas de Emprego RJ as vagas de emprego com e sem experi\u00eancia no seu Estado e Regi\u00e3o!","og_url":"https:\/\/www.vagadeempregorj.com.br\/ar\/unimed-tem-vagas-de-emprego-abertas-pelo-pais-veja-os-cargos\/","article_publisher":"https:\/\/www.facebook.com\/empregobrasiloficial","article_published_time":"2024-06-17T04:00:00+00:00","article_modified_time":"2025-06-14T16:09:39+00:00","og_image":[{"width":600,"height":378,"url":"https:\/\/www.vagadeempregorj.com.br\/wp-content\/uploads\/2024\/06\/image-5.png","type":"image\/png"}],"author":"Michele","twitter_card":"summary_large_image","twitter_misc":{"Written by":"Michele","Est. reading time":"3 \u062f\u0642\u0627\u0626\u0642"},"schema":{"@context":"https:\/\/schema.org","@graph":[{"@type":"Article","@id":"https:\/\/www.vagadeempregorj.com.br\/unimed-tem-vagas-de-emprego-abertas-pelo-pais-veja-os-cargos\/#article","isPartOf":{"@id":"https:\/\/www.vagadeempregorj.com.br\/unimed-tem-vagas-de-emprego-abertas-pelo-pais-veja-os-cargos\/"},"author":{"name":"Michele","@id":"https:\/\/www.vagadeempregorj.com.br\/#\/schema\/person\/3ddb19fa0539706786e502152f3aae95"},"headline":"Unimed tem vagas de emprego abertas pelo pa\u00eds; veja os cargos","datePublished":"2024-06-17T04:00:00+00:00","dateModified":"2025-06-14T16:09:39+00:00","mainEntityOfPage":{"@id":"https:\/\/www.vagadeempregorj.com.br\/unimed-tem-vagas-de-emprego-abertas-pelo-pais-veja-os-cargos\/"},"wordCount":607,"image":{"@id":"https:\/\/www.vagadeempregorj.com.br\/unimed-tem-vagas-de-emprego-abertas-pelo-pais-veja-os-cargos\/#primaryimage"},"thumbnailUrl":"https:\/\/www.vagadeempregorj.com.br\/wp-content\/uploads\/2024\/06\/image-5.png","articleSection":["Vagas de Emprego Nacionais"],"inLanguage":"ar"},{"@type":"WebPage","@id":"https:\/\/www.vagadeempregorj.com.br\/unimed-tem-vagas-de-emprego-abertas-pelo-pais-veja-os-cargos\/","url":"https:\/\/www.vagadeempregorj.com.br\/unimed-tem-vagas-de-emprego-abertas-pelo-pais-veja-os-cargos\/","name":"Unimed tem vagas de emprego abertas pelo pa\u00eds; veja os cargos -","isPartOf":{"@id":"https:\/\/www.vagadeempregorj.com.br\/#website"},"primaryImageOfPage":{"@id":"https:\/\/www.vagadeempregorj.com.br\/unimed-tem-vagas-de-emprego-abertas-pelo-pais-veja-os-cargos\/#primaryimage"},"image":{"@id":"https:\/\/www.vagadeempregorj.com.br\/unimed-tem-vagas-de-emprego-abertas-pelo-pais-veja-os-cargos\/#primaryimage"},"thumbnailUrl":"https:\/\/www.vagadeempregorj.com.br\/wp-content\/uploads\/2024\/06\/image-5.png","datePublished":"2024-06-17T04:00:00+00:00","dateModified":"2025-06-14T16:09:39+00:00","author":{"@id":"https:\/\/www.vagadeempregorj.com.br\/#\/schema\/person\/3ddb19fa0539706786e502152f3aae95"},"description":"Veja em Vagas de Emprego RJ as vagas de emprego com e sem experi\u00eancia no seu Estado e Regi\u00e3o!","breadcrumb":{"@id":"https:\/\/www.vagadeempregorj.com.br\/unimed-tem-vagas-de-emprego-abertas-pelo-pais-veja-os-cargos\/#breadcrumb"},"inLanguage":"ar","potentialAction":[{"@type":"ReadAction","target":["https:\/\/www.vagadeempregorj.com.br\/unimed-tem-vagas-de-emprego-abertas-pelo-pais-veja-os-cargos\/"]}]},{"@type":"ImageObject","inLanguage":"ar","@id":"https:\/\/www.vagadeempregorj.com.br\/unimed-tem-vagas-de-emprego-abertas-pelo-pais-veja-os-cargos\/#primaryimage","url":"https:\/\/www.vagadeempregorj.com.br\/wp-content\/uploads\/2024\/06\/image-5.png","contentUrl":"https:\/\/www.vagadeempregorj.com.br\/wp-content\/uploads\/2024\/06\/image-5.png","width":600,"height":378},{"@type":"BreadcrumbList","@id":"https:\/\/www.vagadeempregorj.com.br\/unimed-tem-vagas-de-emprego-abertas-pelo-pais-veja-os-cargos\/#breadcrumb","itemListElement":[{"@type":"ListItem","position":1,"name":"In\u00edcio","item":"https:\/\/www.vagadeempregorj.com.br\/"},{"@type":"ListItem","position":2,"name":"Vagas de Emprego Nacionais","item":"https:\/\/www.vagadeempregorj.com.br\/vagas-de-emprego-nacionais\/"},{"@type":"ListItem","position":3,"name":"Unimed tem vagas de emprego abertas pelo pa\u00eds; veja os cargos"}]},{"@type":"WebSite","@id":"https:\/\/www.vagadeempregorj.com.br\/#website","url":"https:\/\/www.vagadeempregorj.com.br\/","name":"","description":"Conquiste Sonhos: Vagas, Benef\u00edcios e Economia para Transformar Vidas e Alcan\u00e7ar Melhorias Cotidianas","potentialAction":[{"@type":"SearchAction","target":{"@type":"EntryPoint","urlTemplate":"https:\/\/www.vagadeempregorj.com.br\/?s={search_term_string}"},"query-input":{"@type":"PropertyValueSpecification","valueRequired":true,"valueName":"search_term_string"}}],"inLanguage":"ar"},{"@type":"Person","@id":"https:\/\/www.vagadeempregorj.com.br\/#\/schema\/person\/3ddb19fa0539706786e502152f3aae95","name":"Michele","image":{"@type":"ImageObject","inLanguage":"ar","@id":"https:\/\/secure.gravatar.com\/avatar\/6b0eb9d22841282815e2cd856a0061c45e1761cd54b22e952d98c4746939aa85?s=96&r=g","url":"https:\/\/secure.gravatar.com\/avatar\/6b0eb9d22841282815e2cd856a0061c45e1761cd54b22e952d98c4746939aa85?s=96&r=g","contentUrl":"https:\/\/secure.gravatar.com\/avatar\/6b0eb9d22841282815e2cd856a0061c45e1761cd54b22e952d98c4746939aa85?s=96&r=g","caption":"Michele"},"description":"Formada em Letras - Portugu\u00eas\/ Ingl\u00eas, e idealizadora do site Escritora de Sucesso, busca expandir o conhecimento de todos com informa\u00e7\u00f5es relevantes sobre diversos assuntos, enquanto redatora. No Vaga de Emprego RJ, traz oportunidades e dicas sobre o mercado de trabalho.","url":"https:\/\/www.vagadeempregorj.com.br\/ar\/author\/michele\/"}]}},"_links":{"self":[{"href":"https:\/\/www.vagadeempregorj.com.br\/ar\/wp-json\/wp\/v2\/posts\/39701","targetHints":{"allow":["GET"]}}],"collection":[{"href":"https:\/\/www.vagadeempregorj.com.br\/ar\/wp-json\/wp\/v2\/posts"}],"about":[{"href":"https:\/\/www.vagadeempregorj.com.br\/ar\/wp-json\/wp\/v2\/types\/post"}],"author":[{"embeddable":true,"href":"https:\/\/www.vagadeempregorj.com.br\/ar\/wp-json\/wp\/v2\/users\/16"}],"replies":[{"embeddable":true,"href":"https:\/\/www.vagadeempregorj.com.br\/ar\/wp-json\/wp\/v2\/comments?post=39701"}],"version-history":[{"count":1,"href":"https:\/\/www.vagadeempregorj.com.br\/ar\/wp-json\/wp\/v2\/posts\/39701\/revisions"}],"predecessor-version":[{"id":43516,"href":"https:\/\/www.vagadeempregorj.com.br\/ar\/wp-json\/wp\/v2\/posts\/39701\/revisions\/43516"}],"wp:featuredmedia":[{"embeddable":true,"href":"https:\/\/www.vagadeempregorj.com.br\/ar\/wp-json\/wp\/v2\/media\/39713"}],"wp:attachment":[{"href":"https:\/\/www.vagadeempregorj.com.br\/ar\/wp-json\/wp\/v2\/media?parent=39701"}],"wp:term":[{"taxonomy":"category","embeddable":true,"href":"https:\/\/www.vagadeempregorj.com.br\/ar\/wp-json\/wp\/v2\/categories?post=39701"},{"taxonomy":"post_tag","embeddable":true,"href":"https:\/\/www.vagadeempregorj.com.br\/ar\/wp-json\/wp\/v2\/tags?post=39701"}],"curies":[{"name":"wp","href":"https:\/\/api.w.org\/{rel}","templated":true}]}}