{"id":39718,"date":"2024-06-03T01:00:00","date_gmt":"2024-06-03T04:00:00","guid":{"rendered":"https:\/\/www.vagadeempregorj.com.br\/?p=39718"},"modified":"2024-06-02T21:32:12","modified_gmt":"2024-06-03T00:32:12","slug":"vagas-de-emprego-na-ambev-mais-de-100-oportunidades-abertas","status":"publish","type":"post","link":"https:\/\/www.vagadeempregorj.com.br\/ar\/vagas-de-emprego-na-ambev-mais-de-100-oportunidades-abertas\/","title":{"rendered":"Vagas de emprego na Ambev: Mais de 100 oportunidades abertas"},"content":{"rendered":"<p>A <strong>Ambev<\/strong>, uma das maiores cervejarias do mundo e uma das empresas mais renomadas do Brasil, est\u00e1 com mais de 100 vagas de emprego abertas em diversas \u00e1reas. Reconhecida por sua cultura de inova\u00e7\u00e3o, sustentabilidade e por proporcionar um ambiente de trabalho din\u00e2mico e desafiador, a empresa busca constantemente talentos que possam contribuir para o seu crescimento e sucesso cont\u00ednuo.\u00a0<\/p>\n\n\n\n<h2 class=\"wp-block-heading\">Conhe\u00e7a as vagas de emprego na Ambev<\/h2>\n\n\n\n<p>A Ambev oferece uma ampla variedade de oportunidades de emprego que abrangem diversas \u00e1reas de atua\u00e7\u00e3o. As vagas est\u00e3o distribu\u00eddas em diferentes n\u00edveis de experi\u00eancia, desde est\u00e1gios e programas de trainee at\u00e9 posi\u00e7\u00f5es de ger\u00eancia e cargos executivos. Algumas das principais \u00e1reas com oportunidades abertas incluem:<\/p>\n\n\n\n<ul class=\"wp-block-list\">\n<li>Opera\u00e7\u00f5es e Log\u00edstica: Estas vagas envolvem fun\u00e7\u00f5es como operador de produ\u00e7\u00e3o, t\u00e9cnico de manuten\u00e7\u00e3o, analista de log\u00edstica, entre outras. Profissionais nesta \u00e1rea garantem que a produ\u00e7\u00e3o e a distribui\u00e7\u00e3o dos produtos da Ambev ocorram de maneira eficiente e sem interrup\u00e7\u00f5es.<\/li>\n\n\n\n<li>Vendas e Marketing: A Ambev est\u00e1 sempre em busca de talentos para fortalecer suas equipes de vendas e marketing. As posi\u00e7\u00f5es nesta \u00e1rea variam de promotores de vendas a gerentes de marketing e analistas de mercado, com foco em impulsionar o crescimento das marcas e produtos da empresa.<\/li>\n<\/ul>\n\n\n\n<figure class=\"wp-block-image size-large\"><img loading=\"lazy\" decoding=\"async\" width=\"1024\" height=\"538\" src=\"https:\/\/www.vagadeempregorj.com.br\/wp-content\/uploads\/2024\/06\/image-7-1024x538.png\" alt=\"\" class=\"wp-image-39719\" srcset=\"https:\/\/www.vagadeempregorj.com.br\/wp-content\/uploads\/2024\/06\/image-7-1024x538.png 1024w, https:\/\/www.vagadeempregorj.com.br\/wp-content\/uploads\/2024\/06\/image-7-300x158.png 300w, https:\/\/www.vagadeempregorj.com.br\/wp-content\/uploads\/2024\/06\/image-7-768x403.png 768w, https:\/\/www.vagadeempregorj.com.br\/wp-content\/uploads\/2024\/06\/image-7-150x79.png 150w, https:\/\/www.vagadeempregorj.com.br\/wp-content\/uploads\/2024\/06\/image-7.png 1200w\" sizes=\"auto, (max-width: 1024px) 100vw, 1024px\" \/><\/figure>\n\n\n\n<ul class=\"wp-block-list\">\n<li>Finan\u00e7as e Administra\u00e7\u00e3o: Para quem tem habilidades em finan\u00e7as, contabilidade e administra\u00e7\u00e3o, a Ambev oferece oportunidades em cargos como analista financeiro, coordenador de contas a pagar e receber, e posi\u00e7\u00f5es em controladoria.<\/li>\n\n\n\n<li>Tecnologia da Informa\u00e7\u00e3o (TI): A inova\u00e7\u00e3o tecnol\u00f3gica \u00e9 uma prioridade para a Ambev. Profissionais de TI podem encontrar vagas como desenvolvedor de software, analista de sistemas, especialista em ciberseguran\u00e7a, entre outras.<\/li>\n\n\n\n<li>Recursos Humanos (RH): A \u00e1rea de RH \u00e9 crucial para o desenvolvimento e bem-estar dos colaboradores. As vagas dispon\u00edveis incluem analista de recrutamento e sele\u00e7\u00e3o, especialista em desenvolvimento de talentos e consultor de RH.<\/li>\n\n\n\n<li>Sustentabilidade e Meio Ambiente: Comprometida com a sustentabilidade, a Ambev oferece posi\u00e7\u00f5es para profissionais que desejam trabalhar com projetos de preserva\u00e7\u00e3o ambiental, gest\u00e3o de res\u00edduos e iniciativas de sustentabilidade.<\/li>\n<\/ul>\n\n\n\n<h2 class=\"wp-block-heading\">Como conseguir um emprego na Ambev?<\/h2>\n\n\n\n<p>Conseguir um emprego na Ambev requer prepara\u00e7\u00e3o, conhecimento sobre a empresa e uma abordagem estrat\u00e9gica durante o processo seletivo.<\/p>\n\n\n\n<p>A Ambev valoriza a cultura de desempenho e resultados. Pesquise sobre a miss\u00e3o, vis\u00e3o e valores da empresa para entender melhor o que \u00e9 esperado dos colaboradores. Isso ajudar\u00e1 voc\u00ea a alinhar suas respostas durante entrevistas e a demonstrar que voc\u00ea se encaixa bem na cultura da Ambev.<\/p>\n\n\n\n<p>Identifique as habilidades e qualifica\u00e7\u00f5es que s\u00e3o frequentemente mencionadas nas descri\u00e7\u00f5es de vagas da Ambev. Invista no desenvolvimento dessas compet\u00eancias, seja por meio de cursos, workshops ou experi\u00eancias profissionais.<\/p>\n\n\n\n<p>Personalize seu curr\u00edculo e carta de apresenta\u00e7\u00e3o para destacar suas habilidades e experi\u00eancias que s\u00e3o mais relevantes para a vaga desejada. Seja claro e objetivo, e use exemplos concretos de suas realiza\u00e7\u00f5es.<\/p>\n\n\n\n<p>A Ambev costuma realizar entrevistas que avaliam tanto compet\u00eancias t\u00e9cnicas quanto comportamentais. Pratique suas respostas para perguntas comuns de entrevista e esteja preparado para discutir suas experi\u00eancias passadas e como elas se relacionam com a vaga.<\/p>\n\n\n\n<h2 class=\"wp-block-heading\">Como se candidatar?<\/h2>\n\n\n\n<p>Para se candidatar a uma das vagas de emprego na Ambev, a empresa possui um portal de carreiras onde todas as vagas abertas s\u00e3o listadas. Visite o <a href=\"https:\/\/ambev.gupy.io\/\">site de carreiras da Ambev<\/a> para come\u00e7ar sua busca.<\/p>\n\n\n\n<ul class=\"wp-block-list\">\n<li>Pesquise as vagas dispon\u00edveis: Utilize os filtros de busca para encontrar vagas que correspondam ao seu perfil e interesses. Voc\u00ea pode filtrar por localidade, \u00e1rea de atua\u00e7\u00e3o, n\u00edvel de experi\u00eancia e tipo de contrato.<\/li>\n\n\n\n<li>Crie um perfil: Antes de se candidatar, ser\u00e1 necess\u00e1rio criar um perfil no sistema de recrutamento da Ambev. Insira suas informa\u00e7\u00f5es pessoais, hist\u00f3rico profissional e educacional, e anexe seu curr\u00edculo.<\/li>\n\n\n\n<li>Envie sua candidatura: Para cada vaga de interesse, clique no bot\u00e3o de candidatura e preencha os formul\u00e1rios necess\u00e1rios. Certifique-se de enviar todas as informa\u00e7\u00f5es e documentos solicitados.<\/li>\n\n\n\n<li>Acompanhe o status da candidatura: Ap\u00f3s enviar sua candidatura, voc\u00ea pode acompanhar o status do seu processo seletivo atrav\u00e9s do portal de carreiras da Ambev. Fique atento a e-mails e comunica\u00e7\u00f5es da equipe de recrutamento.<\/li>\n<\/ul>\n\n\n\n<p>Com dedica\u00e7\u00e3o e prepara\u00e7\u00e3o, voc\u00ea pode aumentar suas chances de se juntar \u00e0 equipe da Ambev e contribuir para o sucesso de uma das maiores empresas do setor de bebidas do mundo. <\/p>\n\n\n\n<p><strong>Veja tamb\u00e9m: <a href=\"https:\/\/www.vagadeempregorj.com.br\/ar\/vale-abre-vagas-de-emprego-pelo-pais-veja-oportunidades\/\">Vale abre vagas de emprego pelo pa\u00eds; veja oportunidades<\/a><\/strong><\/p>\n\n\n\n<p>3 de junho de 2024<\/p>","protected":false},"excerpt":{"rendered":"<p>A Ambev, uma das maiores cervejarias do mundo e uma das empresas mais renomadas do Brasil, est\u00e1 com mais de 100 vagas de emprego abertas em diversas \u00e1reas. Reconhecida por sua cultura de inova\u00e7\u00e3o, sustentabilidade e por proporcionar um ambiente de trabalho din\u00e2mico e desafiador, a empresa busca constantemente talentos que possam contribuir para o&hellip;&nbsp;<\/p>","protected":false},"author":16,"featured_media":39719,"comment_status":"closed","ping_status":"closed","sticky":false,"template":"","format":"standard","meta":{"neve_meta_sidebar":"","neve_meta_container":"","neve_meta_enable_content_width":"","neve_meta_content_width":0,"neve_meta_title_alignment":"","neve_meta_author_avatar":"","neve_post_elements_order":"","neve_meta_disable_header":"","neve_meta_disable_footer":"","neve_meta_disable_title":"","footnotes":""},"categories":[123],"tags":[],"class_list":["post-39718","post","type-post","status-publish","format-standard","has-post-thumbnail","hentry","category-vagas-de-emprego-nacionais"],"yoast_head":"<!-- This site is optimized with the Yoast SEO plugin v27.5 - https:\/\/yoast.com\/product\/yoast-seo-wordpress\/ -->\n<title>Vagas de emprego na Ambev: Mais de 100 oportunidades abertas -<\/title>\n<meta name=\"description\" content=\"Veja em Vagas de Emprego RJ as vagas de emprego com e sem experi\u00eancia no seu Estado e Regi\u00e3o!\" \/>\n<meta name=\"robots\" content=\"index, follow, max-snippet:-1, max-image-preview:large, max-video-preview:-1\" \/>\n<link rel=\"canonical\" href=\"https:\/\/www.vagadeempregorj.com.br\/ar\/vagas-de-emprego-na-ambev-mais-de-100-oportunidades-abertas\/\" \/>\n<meta property=\"og:locale\" content=\"ar_AR\" \/>\n<meta property=\"og:type\" content=\"article\" \/>\n<meta property=\"og:title\" content=\"Vagas de emprego na Ambev: Mais de 100 oportunidades abertas -\" \/>\n<meta property=\"og:description\" content=\"Veja em Vagas de Emprego RJ as vagas de emprego com e sem experi\u00eancia no seu Estado e Regi\u00e3o!\" \/>\n<meta property=\"og:url\" content=\"https:\/\/www.vagadeempregorj.com.br\/ar\/vagas-de-emprego-na-ambev-mais-de-100-oportunidades-abertas\/\" \/>\n<meta property=\"article:publisher\" content=\"https:\/\/www.facebook.com\/empregobrasiloficial\" \/>\n<meta property=\"article:published_time\" content=\"2024-06-03T04:00:00+00:00\" \/>\n<meta property=\"og:image\" content=\"https:\/\/www.vagadeempregorj.com.br\/wp-content\/uploads\/2024\/06\/image-7.png\" \/>\n\t<meta property=\"og:image:width\" content=\"1200\" \/>\n\t<meta property=\"og:image:height\" content=\"630\" \/>\n\t<meta property=\"og:image:type\" content=\"image\/png\" \/>\n<meta name=\"author\" content=\"Michele\" \/>\n<meta name=\"twitter:card\" content=\"summary_large_image\" \/>\n<meta name=\"twitter:label1\" content=\"\u0643\u064f\u062a\u0628 \u0628\u0648\u0627\u0633\u0637\u0629\" \/>\n\t<meta name=\"twitter:data1\" content=\"Michele\" \/>\n\t<meta name=\"twitter:label2\" content=\"\u0648\u0642\u062a \u0627\u0644\u0642\u0631\u0627\u0621\u0629 \u0627\u0644\u0645\u064f\u0642\u062f\u0651\u0631\" \/>\n\t<meta name=\"twitter:data2\" content=\"4 \u062f\u0642\u0627\u0626\u0642\" \/>\n<script type=\"application\/ld+json\" class=\"yoast-schema-graph\">{\"@context\":\"https:\\\/\\\/schema.org\",\"@graph\":[{\"@type\":\"Article\",\"@id\":\"https:\\\/\\\/www.vagadeempregorj.com.br\\\/vagas-de-emprego-na-ambev-mais-de-100-oportunidades-abertas\\\/#article\",\"isPartOf\":{\"@id\":\"https:\\\/\\\/www.vagadeempregorj.com.br\\\/vagas-de-emprego-na-ambev-mais-de-100-oportunidades-abertas\\\/\"},\"author\":{\"name\":\"Michele\",\"@id\":\"https:\\\/\\\/www.vagadeempregorj.com.br\\\/#\\\/schema\\\/person\\\/3ddb19fa0539706786e502152f3aae95\"},\"headline\":\"Vagas de emprego na Ambev: Mais de 100 oportunidades abertas\",\"datePublished\":\"2024-06-03T04:00:00+00:00\",\"mainEntityOfPage\":{\"@id\":\"https:\\\/\\\/www.vagadeempregorj.com.br\\\/vagas-de-emprego-na-ambev-mais-de-100-oportunidades-abertas\\\/\"},\"wordCount\":788,\"image\":{\"@id\":\"https:\\\/\\\/www.vagadeempregorj.com.br\\\/vagas-de-emprego-na-ambev-mais-de-100-oportunidades-abertas\\\/#primaryimage\"},\"thumbnailUrl\":\"https:\\\/\\\/www.vagadeempregorj.com.br\\\/wp-content\\\/uploads\\\/2024\\\/06\\\/image-7.png\",\"articleSection\":[\"Vagas de Emprego Nacionais\"],\"inLanguage\":\"ar\"},{\"@type\":\"WebPage\",\"@id\":\"https:\\\/\\\/www.vagadeempregorj.com.br\\\/vagas-de-emprego-na-ambev-mais-de-100-oportunidades-abertas\\\/\",\"url\":\"https:\\\/\\\/www.vagadeempregorj.com.br\\\/vagas-de-emprego-na-ambev-mais-de-100-oportunidades-abertas\\\/\",\"name\":\"Vagas de emprego na Ambev: Mais de 100 oportunidades abertas -\",\"isPartOf\":{\"@id\":\"https:\\\/\\\/www.vagadeempregorj.com.br\\\/#website\"},\"primaryImageOfPage\":{\"@id\":\"https:\\\/\\\/www.vagadeempregorj.com.br\\\/vagas-de-emprego-na-ambev-mais-de-100-oportunidades-abertas\\\/#primaryimage\"},\"image\":{\"@id\":\"https:\\\/\\\/www.vagadeempregorj.com.br\\\/vagas-de-emprego-na-ambev-mais-de-100-oportunidades-abertas\\\/#primaryimage\"},\"thumbnailUrl\":\"https:\\\/\\\/www.vagadeempregorj.com.br\\\/wp-content\\\/uploads\\\/2024\\\/06\\\/image-7.png\",\"datePublished\":\"2024-06-03T04:00:00+00:00\",\"author\":{\"@id\":\"https:\\\/\\\/www.vagadeempregorj.com.br\\\/#\\\/schema\\\/person\\\/3ddb19fa0539706786e502152f3aae95\"},\"description\":\"Veja em Vagas de Emprego RJ as vagas de emprego com e sem experi\u00eancia no seu Estado e Regi\u00e3o!\",\"breadcrumb\":{\"@id\":\"https:\\\/\\\/www.vagadeempregorj.com.br\\\/vagas-de-emprego-na-ambev-mais-de-100-oportunidades-abertas\\\/#breadcrumb\"},\"inLanguage\":\"ar\",\"potentialAction\":[{\"@type\":\"ReadAction\",\"target\":[\"https:\\\/\\\/www.vagadeempregorj.com.br\\\/vagas-de-emprego-na-ambev-mais-de-100-oportunidades-abertas\\\/\"]}]},{\"@type\":\"ImageObject\",\"inLanguage\":\"ar\",\"@id\":\"https:\\\/\\\/www.vagadeempregorj.com.br\\\/vagas-de-emprego-na-ambev-mais-de-100-oportunidades-abertas\\\/#primaryimage\",\"url\":\"https:\\\/\\\/www.vagadeempregorj.com.br\\\/wp-content\\\/uploads\\\/2024\\\/06\\\/image-7.png\",\"contentUrl\":\"https:\\\/\\\/www.vagadeempregorj.com.br\\\/wp-content\\\/uploads\\\/2024\\\/06\\\/image-7.png\",\"width\":1200,\"height\":630},{\"@type\":\"BreadcrumbList\",\"@id\":\"https:\\\/\\\/www.vagadeempregorj.com.br\\\/vagas-de-emprego-na-ambev-mais-de-100-oportunidades-abertas\\\/#breadcrumb\",\"itemListElement\":[{\"@type\":\"ListItem\",\"position\":1,\"name\":\"In\u00edcio\",\"item\":\"https:\\\/\\\/www.vagadeempregorj.com.br\\\/\"},{\"@type\":\"ListItem\",\"position\":2,\"name\":\"Vagas de Emprego Nacionais\",\"item\":\"https:\\\/\\\/www.vagadeempregorj.com.br\\\/vagas-de-emprego-nacionais\\\/\"},{\"@type\":\"ListItem\",\"position\":3,\"name\":\"Vagas de emprego na Ambev: Mais de 100 oportunidades abertas\"}]},{\"@type\":\"WebSite\",\"@id\":\"https:\\\/\\\/www.vagadeempregorj.com.br\\\/#website\",\"url\":\"https:\\\/\\\/www.vagadeempregorj.com.br\\\/\",\"name\":\"\",\"description\":\"Conquiste Sonhos: Vagas, Benef\u00edcios e Economia para Transformar Vidas e Alcan\u00e7ar Melhorias Cotidianas\",\"potentialAction\":[{\"@type\":\"SearchAction\",\"target\":{\"@type\":\"EntryPoint\",\"urlTemplate\":\"https:\\\/\\\/www.vagadeempregorj.com.br\\\/?s={search_term_string}\"},\"query-input\":{\"@type\":\"PropertyValueSpecification\",\"valueRequired\":true,\"valueName\":\"search_term_string\"}}],\"inLanguage\":\"ar\"},{\"@type\":\"Person\",\"@id\":\"https:\\\/\\\/www.vagadeempregorj.com.br\\\/#\\\/schema\\\/person\\\/3ddb19fa0539706786e502152f3aae95\",\"name\":\"Michele\",\"image\":{\"@type\":\"ImageObject\",\"inLanguage\":\"ar\",\"@id\":\"https:\\\/\\\/secure.gravatar.com\\\/avatar\\\/6b0eb9d22841282815e2cd856a0061c45e1761cd54b22e952d98c4746939aa85?s=96&r=g\",\"url\":\"https:\\\/\\\/secure.gravatar.com\\\/avatar\\\/6b0eb9d22841282815e2cd856a0061c45e1761cd54b22e952d98c4746939aa85?s=96&r=g\",\"contentUrl\":\"https:\\\/\\\/secure.gravatar.com\\\/avatar\\\/6b0eb9d22841282815e2cd856a0061c45e1761cd54b22e952d98c4746939aa85?s=96&r=g\",\"caption\":\"Michele\"},\"description\":\"Formada em Letras - Portugu\u00eas\\\/ Ingl\u00eas, e idealizadora do site Escritora de Sucesso, busca expandir o conhecimento de todos com informa\u00e7\u00f5es relevantes sobre diversos assuntos, enquanto redatora. No Vaga de Emprego RJ, traz oportunidades e dicas sobre o mercado de trabalho.\",\"url\":\"https:\\\/\\\/www.vagadeempregorj.com.br\\\/ar\\\/author\\\/michele\\\/\"}]}<\/script>\n<!-- \/ Yoast SEO plugin. -->","yoast_head_json":{"title":"Vagas de emprego na Ambev: Mais de 100 oportunidades abertas -","description":"Veja em Vagas de Emprego RJ as vagas de emprego com e sem experi\u00eancia no seu Estado e Regi\u00e3o!","robots":{"index":"index","follow":"follow","max-snippet":"max-snippet:-1","max-image-preview":"max-image-preview:large","max-video-preview":"max-video-preview:-1"},"canonical":"https:\/\/www.vagadeempregorj.com.br\/ar\/vagas-de-emprego-na-ambev-mais-de-100-oportunidades-abertas\/","og_locale":"ar_AR","og_type":"article","og_title":"Vagas de emprego na Ambev: Mais de 100 oportunidades abertas -","og_description":"Veja em Vagas de Emprego RJ as vagas de emprego com e sem experi\u00eancia no seu Estado e Regi\u00e3o!","og_url":"https:\/\/www.vagadeempregorj.com.br\/ar\/vagas-de-emprego-na-ambev-mais-de-100-oportunidades-abertas\/","article_publisher":"https:\/\/www.facebook.com\/empregobrasiloficial","article_published_time":"2024-06-03T04:00:00+00:00","og_image":[{"width":1200,"height":630,"url":"https:\/\/www.vagadeempregorj.com.br\/wp-content\/uploads\/2024\/06\/image-7.png","type":"image\/png"}],"author":"Michele","twitter_card":"summary_large_image","twitter_misc":{"\u0643\u064f\u062a\u0628 \u0628\u0648\u0627\u0633\u0637\u0629":"Michele","\u0648\u0642\u062a \u0627\u0644\u0642\u0631\u0627\u0621\u0629 \u0627\u0644\u0645\u064f\u0642\u062f\u0651\u0631":"4 \u062f\u0642\u0627\u0626\u0642"},"schema":{"@context":"https:\/\/schema.org","@graph":[{"@type":"Article","@id":"https:\/\/www.vagadeempregorj.com.br\/vagas-de-emprego-na-ambev-mais-de-100-oportunidades-abertas\/#article","isPartOf":{"@id":"https:\/\/www.vagadeempregorj.com.br\/vagas-de-emprego-na-ambev-mais-de-100-oportunidades-abertas\/"},"author":{"name":"Michele","@id":"https:\/\/www.vagadeempregorj.com.br\/#\/schema\/person\/3ddb19fa0539706786e502152f3aae95"},"headline":"Vagas de emprego na Ambev: Mais de 100 oportunidades abertas","datePublished":"2024-06-03T04:00:00+00:00","mainEntityOfPage":{"@id":"https:\/\/www.vagadeempregorj.com.br\/vagas-de-emprego-na-ambev-mais-de-100-oportunidades-abertas\/"},"wordCount":788,"image":{"@id":"https:\/\/www.vagadeempregorj.com.br\/vagas-de-emprego-na-ambev-mais-de-100-oportunidades-abertas\/#primaryimage"},"thumbnailUrl":"https:\/\/www.vagadeempregorj.com.br\/wp-content\/uploads\/2024\/06\/image-7.png","articleSection":["Vagas de Emprego Nacionais"],"inLanguage":"ar"},{"@type":"WebPage","@id":"https:\/\/www.vagadeempregorj.com.br\/vagas-de-emprego-na-ambev-mais-de-100-oportunidades-abertas\/","url":"https:\/\/www.vagadeempregorj.com.br\/vagas-de-emprego-na-ambev-mais-de-100-oportunidades-abertas\/","name":"Vagas de emprego na Ambev: Mais de 100 oportunidades abertas -","isPartOf":{"@id":"https:\/\/www.vagadeempregorj.com.br\/#website"},"primaryImageOfPage":{"@id":"https:\/\/www.vagadeempregorj.com.br\/vagas-de-emprego-na-ambev-mais-de-100-oportunidades-abertas\/#primaryimage"},"image":{"@id":"https:\/\/www.vagadeempregorj.com.br\/vagas-de-emprego-na-ambev-mais-de-100-oportunidades-abertas\/#primaryimage"},"thumbnailUrl":"https:\/\/www.vagadeempregorj.com.br\/wp-content\/uploads\/2024\/06\/image-7.png","datePublished":"2024-06-03T04:00:00+00:00","author":{"@id":"https:\/\/www.vagadeempregorj.com.br\/#\/schema\/person\/3ddb19fa0539706786e502152f3aae95"},"description":"Veja em Vagas de Emprego RJ as vagas de emprego com e sem experi\u00eancia no seu Estado e Regi\u00e3o!","breadcrumb":{"@id":"https:\/\/www.vagadeempregorj.com.br\/vagas-de-emprego-na-ambev-mais-de-100-oportunidades-abertas\/#breadcrumb"},"inLanguage":"ar","potentialAction":[{"@type":"ReadAction","target":["https:\/\/www.vagadeempregorj.com.br\/vagas-de-emprego-na-ambev-mais-de-100-oportunidades-abertas\/"]}]},{"@type":"ImageObject","inLanguage":"ar","@id":"https:\/\/www.vagadeempregorj.com.br\/vagas-de-emprego-na-ambev-mais-de-100-oportunidades-abertas\/#primaryimage","url":"https:\/\/www.vagadeempregorj.com.br\/wp-content\/uploads\/2024\/06\/image-7.png","contentUrl":"https:\/\/www.vagadeempregorj.com.br\/wp-content\/uploads\/2024\/06\/image-7.png","width":1200,"height":630},{"@type":"BreadcrumbList","@id":"https:\/\/www.vagadeempregorj.com.br\/vagas-de-emprego-na-ambev-mais-de-100-oportunidades-abertas\/#breadcrumb","itemListElement":[{"@type":"ListItem","position":1,"name":"In\u00edcio","item":"https:\/\/www.vagadeempregorj.com.br\/"},{"@type":"ListItem","position":2,"name":"Vagas de Emprego Nacionais","item":"https:\/\/www.vagadeempregorj.com.br\/vagas-de-emprego-nacionais\/"},{"@type":"ListItem","position":3,"name":"Vagas de emprego na Ambev: Mais de 100 oportunidades abertas"}]},{"@type":"WebSite","@id":"https:\/\/www.vagadeempregorj.com.br\/#website","url":"https:\/\/www.vagadeempregorj.com.br\/","name":"","description":"\u062a\u062d\u0642\u064a\u0642 \u0627\u0644\u0623\u062d\u0644\u0627\u0645: \u0641\u0631\u0635 \u0639\u0645\u0644\u060c \u0645\u0632\u0627\u064a\u0627\u060c \u0648\u062a\u0648\u0641\u064a\u0631\u0627\u062a \u0644\u062a\u063a\u064a\u064a\u0631 \u0627\u0644\u062d\u064a\u0627\u0629 \u0648\u062a\u062d\u0642\u064a\u0642 \u062a\u062d\u0633\u064a\u0646\u0627\u062a \u064a\u0648\u0645\u064a\u0629","potentialAction":[{"@type":"SearchAction","target":{"@type":"EntryPoint","urlTemplate":"https:\/\/www.vagadeempregorj.com.br\/?s={search_term_string}"},"query-input":{"@type":"PropertyValueSpecification","valueRequired":true,"valueName":"search_term_string"}}],"inLanguage":"ar"},{"@type":"Person","@id":"https:\/\/www.vagadeempregorj.com.br\/#\/schema\/person\/3ddb19fa0539706786e502152f3aae95","name":"Michele","image":{"@type":"ImageObject","inLanguage":"ar","@id":"https:\/\/secure.gravatar.com\/avatar\/6b0eb9d22841282815e2cd856a0061c45e1761cd54b22e952d98c4746939aa85?s=96&r=g","url":"https:\/\/secure.gravatar.com\/avatar\/6b0eb9d22841282815e2cd856a0061c45e1761cd54b22e952d98c4746939aa85?s=96&r=g","contentUrl":"https:\/\/secure.gravatar.com\/avatar\/6b0eb9d22841282815e2cd856a0061c45e1761cd54b22e952d98c4746939aa85?s=96&r=g","caption":"Michele"},"description":"Formada em Letras - Portugu\u00eas\/ Ingl\u00eas, e idealizadora do site Escritora de Sucesso, busca expandir o conhecimento de todos com informa\u00e7\u00f5es relevantes sobre diversos assuntos, enquanto redatora. No Vaga de Emprego RJ, traz oportunidades e dicas sobre o mercado de trabalho.","url":"https:\/\/www.vagadeempregorj.com.br\/ar\/author\/michele\/"}]}},"_links":{"self":[{"href":"https:\/\/www.vagadeempregorj.com.br\/ar\/wp-json\/wp\/v2\/posts\/39718","targetHints":{"allow":["GET"]}}],"collection":[{"href":"https:\/\/www.vagadeempregorj.com.br\/ar\/wp-json\/wp\/v2\/posts"}],"about":[{"href":"https:\/\/www.vagadeempregorj.com.br\/ar\/wp-json\/wp\/v2\/types\/post"}],"author":[{"embeddable":true,"href":"https:\/\/www.vagadeempregorj.com.br\/ar\/wp-json\/wp\/v2\/users\/16"}],"replies":[{"embeddable":true,"href":"https:\/\/www.vagadeempregorj.com.br\/ar\/wp-json\/wp\/v2\/comments?post=39718"}],"version-history":[{"count":0,"href":"https:\/\/www.vagadeempregorj.com.br\/ar\/wp-json\/wp\/v2\/posts\/39718\/revisions"}],"wp:featuredmedia":[{"embeddable":true,"href":"https:\/\/www.vagadeempregorj.com.br\/ar\/wp-json\/wp\/v2\/media\/39719"}],"wp:attachment":[{"href":"https:\/\/www.vagadeempregorj.com.br\/ar\/wp-json\/wp\/v2\/media?parent=39718"}],"wp:term":[{"taxonomy":"category","embeddable":true,"href":"https:\/\/www.vagadeempregorj.com.br\/ar\/wp-json\/wp\/v2\/categories?post=39718"},{"taxonomy":"post_tag","embeddable":true,"href":"https:\/\/www.vagadeempregorj.com.br\/ar\/wp-json\/wp\/v2\/tags?post=39718"}],"curies":[{"name":"wp","href":"https:\/\/api.w.org\/{rel}","templated":true}]}}