{"id":39786,"date":"2024-06-21T06:00:00","date_gmt":"2024-06-21T09:00:00","guid":{"rendered":"https:\/\/www.vagadeempregorj.com.br\/?p=39786"},"modified":"2024-06-18T21:44:32","modified_gmt":"2024-06-19T00:44:32","slug":"vagas-de-emprego-no-assai-mais-de-200-oportunidades-abertas-pelo-pais","status":"publish","type":"post","link":"https:\/\/www.vagadeempregorj.com.br\/ar\/vagas-de-emprego-no-assai-mais-de-200-oportunidades-abertas-pelo-pais\/","title":{"rendered":"Vagas de emprego no Assa\u00ed: Mais de 200 oportunidades abertas pelo pa\u00eds"},"content":{"rendered":"<p>A rede de atacarejo Assa\u00ed Atacadista, conhecida por oferecer pre\u00e7os competitivos e uma vasta gama de produtos, est\u00e1 com mais de 200 vagas de emprego abertas em v\u00e1rias localidades do Brasil. Se voc\u00ea est\u00e1 em busca de uma nova oportunidade de trabalho, esta pode ser a chance que voc\u00ea esperava.&nbsp;<\/p>\n\n\n\n<h2 class=\"wp-block-heading\">Sobre a Empresa<\/h2>\n\n\n\n<p>O Assa\u00ed Atacadista \u00e9 uma das maiores redes de atacarejo do Brasil, pertencente ao Grupo P\u00e3o de A\u00e7\u00facar (GPA). Fundado em 1974, o Assa\u00ed come\u00e7ou com uma pequena loja no bairro do Tatuap\u00e9, em S\u00e3o Paulo. Ao longo dos anos, a empresa cresceu exponencialmente e hoje conta com mais de 190 lojas espalhadas por todos os estados brasileiros. O modelo de neg\u00f3cios do Assa\u00ed combina a venda de grandes volumes a pre\u00e7os baixos, atendendo tanto pequenos comerciantes quanto o consumidor final.<\/p>\n\n\n\n<p>A miss\u00e3o do Assa\u00ed \u00e9 democratizar o acesso a produtos de qualidade com pre\u00e7os acess\u00edveis, sempre prezando pela excel\u00eancia no atendimento e pela sustentabilidade. A empresa valoriza seus colaboradores, oferecendo um ambiente de trabalho din\u00e2mico, com oportunidades de crescimento e desenvolvimento profissional.<\/p>\n\n\n\n<h2 class=\"wp-block-heading\">Oportunidades de Emprego<\/h2>\n\n\n\n<p>As mais de 200 vagas abertas pelo Assa\u00ed est\u00e3o distribu\u00eddas em diversas \u00e1reas e fun\u00e7\u00f5es, atendendo a diferentes perfis profissionais. Abaixo, listamos algumas das principais \u00e1reas com oportunidades dispon\u00edveis:<\/p>\n\n\n\n<h3 class=\"wp-block-heading\">1. Atendimento ao Cliente<\/h3>\n\n\n\n<p>Operador de Caixa<\/p>\n\n\n\n<p>Repositor de Mercadorias<\/p>\n\n\n\n<p>Atendente de Loja<\/p>\n\n\n\n<h3 class=\"wp-block-heading\">2. Administrativo e Log\u00edstica<\/h3>\n\n\n\n<p>Assistente Administrativo<\/p>\n\n\n\n<p>Auxiliar de Log\u00edstica<\/p>\n\n\n\n<p>Analista de Log\u00edstica<\/p>\n\n\n\n<figure class=\"wp-block-image size-large\"><img loading=\"lazy\" decoding=\"async\" width=\"1024\" height=\"682\" src=\"https:\/\/www.vagadeempregorj.com.br\/wp-content\/uploads\/2024\/06\/image-25-1024x682.png\" alt=\"\" class=\"wp-image-39800\" srcset=\"https:\/\/www.vagadeempregorj.com.br\/wp-content\/uploads\/2024\/06\/image-25-1024x682.png 1024w, https:\/\/www.vagadeempregorj.com.br\/wp-content\/uploads\/2024\/06\/image-25-300x200.png 300w, https:\/\/www.vagadeempregorj.com.br\/wp-content\/uploads\/2024\/06\/image-25-768x512.png 768w, https:\/\/www.vagadeempregorj.com.br\/wp-content\/uploads\/2024\/06\/image-25-150x100.png 150w, https:\/\/www.vagadeempregorj.com.br\/wp-content\/uploads\/2024\/06\/image-25.png 1280w\" sizes=\"auto, (max-width: 1024px) 100vw, 1024px\" \/><\/figure>\n\n\n\n<h3 class=\"wp-block-heading\">3. Vendas e Marketing<\/h3>\n\n\n\n<p>Promotor de Vendas<\/p>\n\n\n\n<p>Analista de Marketing<\/p>\n\n\n\n<p>Coordenador de Vendas<\/p>\n\n\n\n<h3 class=\"wp-block-heading\">4. Setor Operacional<\/h3>\n\n\n\n<p>Auxiliar de Cozinha<\/p>\n\n\n\n<p>Cozinheiro<\/p>\n\n\n\n<p>Encarregado de Setor<\/p>\n\n\n\n<h3 class=\"wp-block-heading\">5. Tecnologia da Informa\u00e7\u00e3o<\/h3>\n\n\n\n<p>Analista de Sistemas<\/p>\n\n\n\n<p>Desenvolvedor de Software<\/p>\n\n\n\n<p>Suporte T\u00e9cnico<\/p>\n\n\n\n<h3 class=\"wp-block-heading\">6. Recursos Humanos<\/h3>\n\n\n\n<p>Assistente de Recursos Humanos<\/p>\n\n\n\n<p>Analista de Recursos Humanos<\/p>\n\n\n\n<p>Coordenador de Treinamento e Desenvolvimento<\/p>\n\n\n\n<h3 class=\"wp-block-heading\">7. Manuten\u00e7\u00e3o e Infraestrutura<\/h3>\n\n\n\n<p>T\u00e9cnico de Manuten\u00e7\u00e3o<\/p>\n\n\n\n<p>Eletricista<\/p>\n\n\n\n<p>Encarregado de Manuten\u00e7\u00e3o<\/p>\n\n\n\n<p>Essas s\u00e3o apenas algumas das \u00e1reas com vagas dispon\u00edveis. O Assa\u00ed tamb\u00e9m oferece oportunidades para est\u00e1gios e programas de trainee, buscando jovens talentos que desejam iniciar suas carreiras em uma empresa s\u00f3lida e em crescimento constante.<\/p>\n\n\n\n<h2 class=\"wp-block-heading\">Benef\u00edcios Oferecidos<\/h2>\n\n\n\n<p>O Assa\u00ed Atacadista valoriza seus colaboradores e, por isso, oferece um pacote de benef\u00edcios atrativo, que pode incluir:<\/p>\n\n\n\n<ul class=\"wp-block-list\">\n<li>Vale-transporte<\/li>\n\n\n\n<li>Vale-alimenta\u00e7\u00e3o ou refei\u00e7\u00e3o no local<\/li>\n\n\n\n<li>Assist\u00eancia m\u00e9dica e odontol\u00f3gica<\/li>\n\n\n\n<li>Seguro de vida<\/li>\n\n\n\n<li>Participa\u00e7\u00e3o nos lucros e resultados<\/li>\n\n\n\n<li>Programas de desenvolvimento profissional e treinamentos<\/li>\n\n\n\n<li>Descontos em produtos nas lojas da rede<\/li>\n<\/ul>\n\n\n\n<p>Esses benef\u00edcios podem variar de acordo com o cargo e a localidade, mas todos visam proporcionar bem-estar e qualidade de vida aos colaboradores.<\/p>\n\n\n\n<h2 class=\"wp-block-heading\">Como se candidatar<\/h2>\n\n\n\n<p>Se voc\u00ea est\u00e1 interessado em se candidatar a uma das vagas abertas no Assa\u00ed Atacadista, o processo \u00e9 simples e pode ser feito de forma totalmente online. Aqui est\u00e1 um passo a passo para voc\u00ea se candidatar:<\/p>\n\n\n\n<p>O primeiro passo \u00e9 acessar o <a href=\"https:\/\/www.assai.com.br\/trabalhe-conosco\">site de carreiras do Assa\u00ed<\/a>. Nesse portal, voc\u00ea encontrar\u00e1 todas as vagas dispon\u00edveis, bem como informa\u00e7\u00f5es detalhadas sobre cada uma delas.<\/p>\n\n\n\n<p>No site, voc\u00ea pode buscar as vagas por localiza\u00e7\u00e3o, \u00e1rea de interesse ou palavra-chave. Utilize os filtros dispon\u00edveis para refinar sua busca e encontrar as oportunidades que mais se adequam ao seu perfil.<\/p>\n\n\n\n<p><strong>Veja tamb\u00e9m: <a href=\"https:\/\/www.vagadeempregorj.com.br\/ar\/unimed-tem-vagas-de-emprego-abertas-pelo-pais-veja-os-cargos\/\">Unimed tem vagas de emprego abertas pelo pa\u00eds; veja os cargos<\/a><\/strong><\/p>\n\n\n\n<p>21 de junho de 2024<\/p>","protected":false},"excerpt":{"rendered":"<p>A rede de atacarejo Assa\u00ed Atacadista, conhecida por oferecer pre\u00e7os competitivos e uma vasta gama de produtos, est\u00e1 com mais de 200 vagas de emprego abertas em v\u00e1rias localidades do Brasil. Se voc\u00ea est\u00e1 em busca de uma nova oportunidade de trabalho, esta pode ser a chance que voc\u00ea esperava.&nbsp; Sobre a Empresa O Assa\u00ed&hellip;&nbsp;<\/p>","protected":false},"author":16,"featured_media":39800,"comment_status":"closed","ping_status":"closed","sticky":false,"template":"","format":"standard","meta":{"neve_meta_sidebar":"","neve_meta_container":"","neve_meta_enable_content_width":"","neve_meta_content_width":0,"neve_meta_title_alignment":"","neve_meta_author_avatar":"","neve_post_elements_order":"","neve_meta_disable_header":"","neve_meta_disable_footer":"","neve_meta_disable_title":"","footnotes":""},"categories":[123],"tags":[830,608],"class_list":["post-39786","post","type-post","status-publish","format-standard","has-post-thumbnail","hentry","category-vagas-de-emprego-nacionais","tag-empregos","tag-oportunidades"],"yoast_head":"<!-- This site is optimized with the Yoast SEO plugin v27.5 - https:\/\/yoast.com\/product\/yoast-seo-wordpress\/ -->\n<title>Vagas de emprego no Assa\u00ed: Mais de 200 oportunidades abertas pelo pa\u00eds -<\/title>\n<meta name=\"description\" content=\"Veja em Vagas de Emprego RJ as vagas de emprego com e sem experi\u00eancia no seu Estado e Regi\u00e3o!\" \/>\n<meta name=\"robots\" content=\"index, follow, max-snippet:-1, max-image-preview:large, max-video-preview:-1\" \/>\n<link rel=\"canonical\" href=\"https:\/\/www.vagadeempregorj.com.br\/ar\/vagas-de-emprego-no-assai-mais-de-200-oportunidades-abertas-pelo-pais\/\" \/>\n<meta property=\"og:locale\" content=\"ar_AR\" \/>\n<meta property=\"og:type\" content=\"article\" \/>\n<meta property=\"og:title\" content=\"Vagas de emprego no Assa\u00ed: Mais de 200 oportunidades abertas pelo pa\u00eds -\" \/>\n<meta property=\"og:description\" content=\"Veja em Vagas de Emprego RJ as vagas de emprego com e sem experi\u00eancia no seu Estado e Regi\u00e3o!\" \/>\n<meta property=\"og:url\" content=\"https:\/\/www.vagadeempregorj.com.br\/ar\/vagas-de-emprego-no-assai-mais-de-200-oportunidades-abertas-pelo-pais\/\" \/>\n<meta property=\"article:publisher\" content=\"https:\/\/www.facebook.com\/empregobrasiloficial\" \/>\n<meta property=\"article:published_time\" content=\"2024-06-21T09:00:00+00:00\" \/>\n<meta property=\"og:image\" content=\"https:\/\/www.vagadeempregorj.com.br\/wp-content\/uploads\/2024\/06\/image-25.png\" \/>\n\t<meta property=\"og:image:width\" content=\"1280\" \/>\n\t<meta property=\"og:image:height\" content=\"853\" \/>\n\t<meta property=\"og:image:type\" content=\"image\/png\" \/>\n<meta name=\"author\" content=\"Michele\" \/>\n<meta name=\"twitter:card\" content=\"summary_large_image\" \/>\n<meta name=\"twitter:label1\" content=\"Written by\" \/>\n\t<meta name=\"twitter:data1\" content=\"Michele\" \/>\n\t<meta name=\"twitter:label2\" content=\"Est. reading time\" \/>\n\t<meta name=\"twitter:data2\" content=\"3 \u062f\u0642\u0627\u0626\u0642\" \/>\n<script type=\"application\/ld+json\" class=\"yoast-schema-graph\">{\"@context\":\"https:\\\/\\\/schema.org\",\"@graph\":[{\"@type\":\"Article\",\"@id\":\"https:\\\/\\\/www.vagadeempregorj.com.br\\\/vagas-de-emprego-no-assai-mais-de-200-oportunidades-abertas-pelo-pais\\\/#article\",\"isPartOf\":{\"@id\":\"https:\\\/\\\/www.vagadeempregorj.com.br\\\/vagas-de-emprego-no-assai-mais-de-200-oportunidades-abertas-pelo-pais\\\/\"},\"author\":{\"name\":\"Michele\",\"@id\":\"https:\\\/\\\/www.vagadeempregorj.com.br\\\/#\\\/schema\\\/person\\\/3ddb19fa0539706786e502152f3aae95\"},\"headline\":\"Vagas de emprego no Assa\u00ed: Mais de 200 oportunidades abertas pelo pa\u00eds\",\"datePublished\":\"2024-06-21T09:00:00+00:00\",\"mainEntityOfPage\":{\"@id\":\"https:\\\/\\\/www.vagadeempregorj.com.br\\\/vagas-de-emprego-no-assai-mais-de-200-oportunidades-abertas-pelo-pais\\\/\"},\"wordCount\":565,\"image\":{\"@id\":\"https:\\\/\\\/www.vagadeempregorj.com.br\\\/vagas-de-emprego-no-assai-mais-de-200-oportunidades-abertas-pelo-pais\\\/#primaryimage\"},\"thumbnailUrl\":\"https:\\\/\\\/www.vagadeempregorj.com.br\\\/wp-content\\\/uploads\\\/2024\\\/06\\\/image-25.png\",\"keywords\":[\"empregos\",\"oportunidades\"],\"articleSection\":[\"Vagas de Emprego Nacionais\"],\"inLanguage\":\"ar\"},{\"@type\":\"WebPage\",\"@id\":\"https:\\\/\\\/www.vagadeempregorj.com.br\\\/vagas-de-emprego-no-assai-mais-de-200-oportunidades-abertas-pelo-pais\\\/\",\"url\":\"https:\\\/\\\/www.vagadeempregorj.com.br\\\/vagas-de-emprego-no-assai-mais-de-200-oportunidades-abertas-pelo-pais\\\/\",\"name\":\"Vagas de emprego no Assa\u00ed: Mais de 200 oportunidades abertas pelo pa\u00eds -\",\"isPartOf\":{\"@id\":\"https:\\\/\\\/www.vagadeempregorj.com.br\\\/#website\"},\"primaryImageOfPage\":{\"@id\":\"https:\\\/\\\/www.vagadeempregorj.com.br\\\/vagas-de-emprego-no-assai-mais-de-200-oportunidades-abertas-pelo-pais\\\/#primaryimage\"},\"image\":{\"@id\":\"https:\\\/\\\/www.vagadeempregorj.com.br\\\/vagas-de-emprego-no-assai-mais-de-200-oportunidades-abertas-pelo-pais\\\/#primaryimage\"},\"thumbnailUrl\":\"https:\\\/\\\/www.vagadeempregorj.com.br\\\/wp-content\\\/uploads\\\/2024\\\/06\\\/image-25.png\",\"datePublished\":\"2024-06-21T09:00:00+00:00\",\"author\":{\"@id\":\"https:\\\/\\\/www.vagadeempregorj.com.br\\\/#\\\/schema\\\/person\\\/3ddb19fa0539706786e502152f3aae95\"},\"description\":\"Veja em Vagas de Emprego RJ as vagas de emprego com e sem experi\u00eancia no seu Estado e Regi\u00e3o!\",\"breadcrumb\":{\"@id\":\"https:\\\/\\\/www.vagadeempregorj.com.br\\\/vagas-de-emprego-no-assai-mais-de-200-oportunidades-abertas-pelo-pais\\\/#breadcrumb\"},\"inLanguage\":\"ar\",\"potentialAction\":[{\"@type\":\"ReadAction\",\"target\":[\"https:\\\/\\\/www.vagadeempregorj.com.br\\\/vagas-de-emprego-no-assai-mais-de-200-oportunidades-abertas-pelo-pais\\\/\"]}]},{\"@type\":\"ImageObject\",\"inLanguage\":\"ar\",\"@id\":\"https:\\\/\\\/www.vagadeempregorj.com.br\\\/vagas-de-emprego-no-assai-mais-de-200-oportunidades-abertas-pelo-pais\\\/#primaryimage\",\"url\":\"https:\\\/\\\/www.vagadeempregorj.com.br\\\/wp-content\\\/uploads\\\/2024\\\/06\\\/image-25.png\",\"contentUrl\":\"https:\\\/\\\/www.vagadeempregorj.com.br\\\/wp-content\\\/uploads\\\/2024\\\/06\\\/image-25.png\",\"width\":1280,\"height\":853},{\"@type\":\"BreadcrumbList\",\"@id\":\"https:\\\/\\\/www.vagadeempregorj.com.br\\\/vagas-de-emprego-no-assai-mais-de-200-oportunidades-abertas-pelo-pais\\\/#breadcrumb\",\"itemListElement\":[{\"@type\":\"ListItem\",\"position\":1,\"name\":\"In\u00edcio\",\"item\":\"https:\\\/\\\/www.vagadeempregorj.com.br\\\/\"},{\"@type\":\"ListItem\",\"position\":2,\"name\":\"Vagas de Emprego Nacionais\",\"item\":\"https:\\\/\\\/www.vagadeempregorj.com.br\\\/vagas-de-emprego-nacionais\\\/\"},{\"@type\":\"ListItem\",\"position\":3,\"name\":\"Vagas de emprego no Assa\u00ed: Mais de 200 oportunidades abertas pelo pa\u00eds\"}]},{\"@type\":\"WebSite\",\"@id\":\"https:\\\/\\\/www.vagadeempregorj.com.br\\\/#website\",\"url\":\"https:\\\/\\\/www.vagadeempregorj.com.br\\\/\",\"name\":\"\",\"description\":\"Conquiste Sonhos: Vagas, Benef\u00edcios e Economia para Transformar Vidas e Alcan\u00e7ar Melhorias Cotidianas\",\"potentialAction\":[{\"@type\":\"SearchAction\",\"target\":{\"@type\":\"EntryPoint\",\"urlTemplate\":\"https:\\\/\\\/www.vagadeempregorj.com.br\\\/?s={search_term_string}\"},\"query-input\":{\"@type\":\"PropertyValueSpecification\",\"valueRequired\":true,\"valueName\":\"search_term_string\"}}],\"inLanguage\":\"ar\"},{\"@type\":\"Person\",\"@id\":\"https:\\\/\\\/www.vagadeempregorj.com.br\\\/#\\\/schema\\\/person\\\/3ddb19fa0539706786e502152f3aae95\",\"name\":\"Michele\",\"image\":{\"@type\":\"ImageObject\",\"inLanguage\":\"ar\",\"@id\":\"https:\\\/\\\/secure.gravatar.com\\\/avatar\\\/6b0eb9d22841282815e2cd856a0061c45e1761cd54b22e952d98c4746939aa85?s=96&r=g\",\"url\":\"https:\\\/\\\/secure.gravatar.com\\\/avatar\\\/6b0eb9d22841282815e2cd856a0061c45e1761cd54b22e952d98c4746939aa85?s=96&r=g\",\"contentUrl\":\"https:\\\/\\\/secure.gravatar.com\\\/avatar\\\/6b0eb9d22841282815e2cd856a0061c45e1761cd54b22e952d98c4746939aa85?s=96&r=g\",\"caption\":\"Michele\"},\"description\":\"Formada em Letras - Portugu\u00eas\\\/ Ingl\u00eas, e idealizadora do site Escritora de Sucesso, busca expandir o conhecimento de todos com informa\u00e7\u00f5es relevantes sobre diversos assuntos, enquanto redatora. No Vaga de Emprego RJ, traz oportunidades e dicas sobre o mercado de trabalho.\",\"url\":\"https:\\\/\\\/www.vagadeempregorj.com.br\\\/ar\\\/author\\\/michele\\\/\"}]}<\/script>\n<!-- \/ Yoast SEO plugin. -->","yoast_head_json":{"title":"Vagas de emprego no Assa\u00ed: Mais de 200 oportunidades abertas pelo pa\u00eds -","description":"Veja em Vagas de Emprego RJ as vagas de emprego com e sem experi\u00eancia no seu Estado e Regi\u00e3o!","robots":{"index":"index","follow":"follow","max-snippet":"max-snippet:-1","max-image-preview":"max-image-preview:large","max-video-preview":"max-video-preview:-1"},"canonical":"https:\/\/www.vagadeempregorj.com.br\/ar\/vagas-de-emprego-no-assai-mais-de-200-oportunidades-abertas-pelo-pais\/","og_locale":"ar_AR","og_type":"article","og_title":"Vagas de emprego no Assa\u00ed: Mais de 200 oportunidades abertas pelo pa\u00eds -","og_description":"Veja em Vagas de Emprego RJ as vagas de emprego com e sem experi\u00eancia no seu Estado e Regi\u00e3o!","og_url":"https:\/\/www.vagadeempregorj.com.br\/ar\/vagas-de-emprego-no-assai-mais-de-200-oportunidades-abertas-pelo-pais\/","article_publisher":"https:\/\/www.facebook.com\/empregobrasiloficial","article_published_time":"2024-06-21T09:00:00+00:00","og_image":[{"width":1280,"height":853,"url":"https:\/\/www.vagadeempregorj.com.br\/wp-content\/uploads\/2024\/06\/image-25.png","type":"image\/png"}],"author":"Michele","twitter_card":"summary_large_image","twitter_misc":{"Written by":"Michele","Est. reading time":"3 \u062f\u0642\u0627\u0626\u0642"},"schema":{"@context":"https:\/\/schema.org","@graph":[{"@type":"Article","@id":"https:\/\/www.vagadeempregorj.com.br\/vagas-de-emprego-no-assai-mais-de-200-oportunidades-abertas-pelo-pais\/#article","isPartOf":{"@id":"https:\/\/www.vagadeempregorj.com.br\/vagas-de-emprego-no-assai-mais-de-200-oportunidades-abertas-pelo-pais\/"},"author":{"name":"Michele","@id":"https:\/\/www.vagadeempregorj.com.br\/#\/schema\/person\/3ddb19fa0539706786e502152f3aae95"},"headline":"Vagas de emprego no Assa\u00ed: Mais de 200 oportunidades abertas pelo pa\u00eds","datePublished":"2024-06-21T09:00:00+00:00","mainEntityOfPage":{"@id":"https:\/\/www.vagadeempregorj.com.br\/vagas-de-emprego-no-assai-mais-de-200-oportunidades-abertas-pelo-pais\/"},"wordCount":565,"image":{"@id":"https:\/\/www.vagadeempregorj.com.br\/vagas-de-emprego-no-assai-mais-de-200-oportunidades-abertas-pelo-pais\/#primaryimage"},"thumbnailUrl":"https:\/\/www.vagadeempregorj.com.br\/wp-content\/uploads\/2024\/06\/image-25.png","keywords":["empregos","oportunidades"],"articleSection":["Vagas de Emprego Nacionais"],"inLanguage":"ar"},{"@type":"WebPage","@id":"https:\/\/www.vagadeempregorj.com.br\/vagas-de-emprego-no-assai-mais-de-200-oportunidades-abertas-pelo-pais\/","url":"https:\/\/www.vagadeempregorj.com.br\/vagas-de-emprego-no-assai-mais-de-200-oportunidades-abertas-pelo-pais\/","name":"Vagas de emprego no Assa\u00ed: Mais de 200 oportunidades abertas pelo pa\u00eds -","isPartOf":{"@id":"https:\/\/www.vagadeempregorj.com.br\/#website"},"primaryImageOfPage":{"@id":"https:\/\/www.vagadeempregorj.com.br\/vagas-de-emprego-no-assai-mais-de-200-oportunidades-abertas-pelo-pais\/#primaryimage"},"image":{"@id":"https:\/\/www.vagadeempregorj.com.br\/vagas-de-emprego-no-assai-mais-de-200-oportunidades-abertas-pelo-pais\/#primaryimage"},"thumbnailUrl":"https:\/\/www.vagadeempregorj.com.br\/wp-content\/uploads\/2024\/06\/image-25.png","datePublished":"2024-06-21T09:00:00+00:00","author":{"@id":"https:\/\/www.vagadeempregorj.com.br\/#\/schema\/person\/3ddb19fa0539706786e502152f3aae95"},"description":"Veja em Vagas de Emprego RJ as vagas de emprego com e sem experi\u00eancia no seu Estado e Regi\u00e3o!","breadcrumb":{"@id":"https:\/\/www.vagadeempregorj.com.br\/vagas-de-emprego-no-assai-mais-de-200-oportunidades-abertas-pelo-pais\/#breadcrumb"},"inLanguage":"ar","potentialAction":[{"@type":"ReadAction","target":["https:\/\/www.vagadeempregorj.com.br\/vagas-de-emprego-no-assai-mais-de-200-oportunidades-abertas-pelo-pais\/"]}]},{"@type":"ImageObject","inLanguage":"ar","@id":"https:\/\/www.vagadeempregorj.com.br\/vagas-de-emprego-no-assai-mais-de-200-oportunidades-abertas-pelo-pais\/#primaryimage","url":"https:\/\/www.vagadeempregorj.com.br\/wp-content\/uploads\/2024\/06\/image-25.png","contentUrl":"https:\/\/www.vagadeempregorj.com.br\/wp-content\/uploads\/2024\/06\/image-25.png","width":1280,"height":853},{"@type":"BreadcrumbList","@id":"https:\/\/www.vagadeempregorj.com.br\/vagas-de-emprego-no-assai-mais-de-200-oportunidades-abertas-pelo-pais\/#breadcrumb","itemListElement":[{"@type":"ListItem","position":1,"name":"In\u00edcio","item":"https:\/\/www.vagadeempregorj.com.br\/"},{"@type":"ListItem","position":2,"name":"Vagas de Emprego Nacionais","item":"https:\/\/www.vagadeempregorj.com.br\/vagas-de-emprego-nacionais\/"},{"@type":"ListItem","position":3,"name":"Vagas de emprego no Assa\u00ed: Mais de 200 oportunidades abertas pelo pa\u00eds"}]},{"@type":"WebSite","@id":"https:\/\/www.vagadeempregorj.com.br\/#website","url":"https:\/\/www.vagadeempregorj.com.br\/","name":"","description":"Conquiste Sonhos: Vagas, Benef\u00edcios e Economia para Transformar Vidas e Alcan\u00e7ar Melhorias Cotidianas","potentialAction":[{"@type":"SearchAction","target":{"@type":"EntryPoint","urlTemplate":"https:\/\/www.vagadeempregorj.com.br\/?s={search_term_string}"},"query-input":{"@type":"PropertyValueSpecification","valueRequired":true,"valueName":"search_term_string"}}],"inLanguage":"ar"},{"@type":"Person","@id":"https:\/\/www.vagadeempregorj.com.br\/#\/schema\/person\/3ddb19fa0539706786e502152f3aae95","name":"Michele","image":{"@type":"ImageObject","inLanguage":"ar","@id":"https:\/\/secure.gravatar.com\/avatar\/6b0eb9d22841282815e2cd856a0061c45e1761cd54b22e952d98c4746939aa85?s=96&r=g","url":"https:\/\/secure.gravatar.com\/avatar\/6b0eb9d22841282815e2cd856a0061c45e1761cd54b22e952d98c4746939aa85?s=96&r=g","contentUrl":"https:\/\/secure.gravatar.com\/avatar\/6b0eb9d22841282815e2cd856a0061c45e1761cd54b22e952d98c4746939aa85?s=96&r=g","caption":"Michele"},"description":"Formada em Letras - Portugu\u00eas\/ Ingl\u00eas, e idealizadora do site Escritora de Sucesso, busca expandir o conhecimento de todos com informa\u00e7\u00f5es relevantes sobre diversos assuntos, enquanto redatora. No Vaga de Emprego RJ, traz oportunidades e dicas sobre o mercado de trabalho.","url":"https:\/\/www.vagadeempregorj.com.br\/ar\/author\/michele\/"}]}},"_links":{"self":[{"href":"https:\/\/www.vagadeempregorj.com.br\/ar\/wp-json\/wp\/v2\/posts\/39786","targetHints":{"allow":["GET"]}}],"collection":[{"href":"https:\/\/www.vagadeempregorj.com.br\/ar\/wp-json\/wp\/v2\/posts"}],"about":[{"href":"https:\/\/www.vagadeempregorj.com.br\/ar\/wp-json\/wp\/v2\/types\/post"}],"author":[{"embeddable":true,"href":"https:\/\/www.vagadeempregorj.com.br\/ar\/wp-json\/wp\/v2\/users\/16"}],"replies":[{"embeddable":true,"href":"https:\/\/www.vagadeempregorj.com.br\/ar\/wp-json\/wp\/v2\/comments?post=39786"}],"version-history":[{"count":0,"href":"https:\/\/www.vagadeempregorj.com.br\/ar\/wp-json\/wp\/v2\/posts\/39786\/revisions"}],"wp:featuredmedia":[{"embeddable":true,"href":"https:\/\/www.vagadeempregorj.com.br\/ar\/wp-json\/wp\/v2\/media\/39800"}],"wp:attachment":[{"href":"https:\/\/www.vagadeempregorj.com.br\/ar\/wp-json\/wp\/v2\/media?parent=39786"}],"wp:term":[{"taxonomy":"category","embeddable":true,"href":"https:\/\/www.vagadeempregorj.com.br\/ar\/wp-json\/wp\/v2\/categories?post=39786"},{"taxonomy":"post_tag","embeddable":true,"href":"https:\/\/www.vagadeempregorj.com.br\/ar\/wp-json\/wp\/v2\/tags?post=39786"}],"curies":[{"name":"wp","href":"https:\/\/api.w.org\/{rel}","templated":true}]}}