{"id":39821,"date":"2024-06-27T06:00:00","date_gmt":"2024-06-27T09:00:00","guid":{"rendered":"https:\/\/www.vagadeempregorj.com.br\/?p=39821"},"modified":"2024-06-23T16:55:16","modified_gmt":"2024-06-23T19:55:16","slug":"vagas-de-emprego-na-braspress-mais-de-30-oportunidades-abertas","status":"publish","type":"post","link":"https:\/\/www.vagadeempregorj.com.br\/ar\/vagas-de-emprego-na-braspress-mais-de-30-oportunidades-abertas\/","title":{"rendered":"Vagas de emprego na Braspress: Mais de 30 oportunidades abertas"},"content":{"rendered":"<p>A Braspress, uma das maiores transportadoras do Brasil, est\u00e1 com mais de 30 vagas de emprego abertas, oferecendo diversas oportunidades para profissionais de diferentes \u00e1reas. Com uma trajet\u00f3ria de sucesso e uma s\u00f3lida reputa\u00e7\u00e3o no mercado, a empresa busca talentos que desejam crescer e contribuir para a excel\u00eancia no transporte de cargas.&nbsp;<\/p>\n\n\n\n<h2 class=\"wp-block-heading\">Crit\u00e9rios para ser contratado pela Braspress<\/h2>\n\n\n\n<p>Para se destacar no processo seletivo da Braspress, \u00e9 fundamental compreender os crit\u00e9rios que a empresa valoriza em seus candidatos. Primeiramente, a experi\u00eancia na \u00e1rea de transporte e log\u00edstica \u00e9 um diferencial importante, embora n\u00e3o seja obrigat\u00f3ria para todas as vagas. A empresa valoriza tamb\u00e9m habilidades t\u00e9cnicas espec\u00edficas de acordo com cada fun\u00e7\u00e3o, al\u00e9m de um perfil proativo e comprometido com a qualidade do servi\u00e7o.<\/p>\n\n\n\n<p>A forma\u00e7\u00e3o acad\u00eamica \u00e9 outro aspecto relevante, com exig\u00eancias que variam conforme o cargo pretendido. Candidatos a posi\u00e7\u00f5es administrativas e de gest\u00e3o, por exemplo, podem precisar de gradua\u00e7\u00e3o em \u00e1reas como Administra\u00e7\u00e3o, Log\u00edstica ou Engenharia. J\u00e1 para fun\u00e7\u00f5es operacionais, cursos t\u00e9cnicos podem ser um diferencial.<\/p>\n\n\n\n<figure class=\"wp-block-image size-large\"><img loading=\"lazy\" decoding=\"async\" width=\"1024\" height=\"683\" src=\"https:\/\/www.vagadeempregorj.com.br\/wp-content\/uploads\/2024\/06\/image-32-1024x683.png\" alt=\"\" class=\"wp-image-39833\" srcset=\"https:\/\/www.vagadeempregorj.com.br\/wp-content\/uploads\/2024\/06\/image-32-1024x683.png 1024w, https:\/\/www.vagadeempregorj.com.br\/wp-content\/uploads\/2024\/06\/image-32-300x200.png 300w, https:\/\/www.vagadeempregorj.com.br\/wp-content\/uploads\/2024\/06\/image-32-768x512.png 768w, https:\/\/www.vagadeempregorj.com.br\/wp-content\/uploads\/2024\/06\/image-32-1536x1024.png 1536w, https:\/\/www.vagadeempregorj.com.br\/wp-content\/uploads\/2024\/06\/image-32-2048x1365.png 2048w, https:\/\/www.vagadeempregorj.com.br\/wp-content\/uploads\/2024\/06\/image-32-150x100.png 150w\" sizes=\"auto, (max-width: 1024px) 100vw, 1024px\" \/><\/figure>\n\n\n\n<p>A Braspress tamb\u00e9m preza por caracter\u00edsticas comportamentais como trabalho em equipe, capacidade de resolver problemas e uma atitude positiva diante dos desafios. Outro ponto importante \u00e9 a disponibilidade para trabalhar em hor\u00e1rios flex\u00edveis, j\u00e1 que a \u00e1rea de transportes demanda opera\u00e7\u00f5es cont\u00ednuas.<\/p>\n\n\n\n<h2 class=\"wp-block-heading\">Quais s\u00e3o as oportunidades abertas na Braspress?<\/h2>\n\n\n\n<p>Atualmente, a Braspress est\u00e1 com vagas abertas em diferentes setores e localidades do pa\u00eds, refletindo sua ampla atua\u00e7\u00e3o no mercado. Entre as oportunidades dispon\u00edveis, destacam-se:<\/p>\n\n\n\n<ul class=\"wp-block-list\">\n<li>Motorista de Caminh\u00e3o: Respons\u00e1vel pelo transporte de cargas em rotas pr\u00e9-estabelecidas, garantindo a entrega segura e pontual dos produtos.<\/li>\n\n\n\n<li>Ajudante de Carga e Descarga: Atua\u00e7\u00e3o no carregamento e descarregamento de mercadorias, colaborando com a organiza\u00e7\u00e3o do estoque e a prepara\u00e7\u00e3o das entregas.<\/li>\n\n\n\n<li>Auxiliar Administrativo: Apoio nas tarefas administrativas, como controle de documentos, atendimento ao cliente e gest\u00e3o de processos internos.<\/li>\n\n\n\n<li>Analista de Log\u00edstica: Planejamento e coordena\u00e7\u00e3o das opera\u00e7\u00f5es log\u00edsticas, otimizando processos e garantindo a efici\u00eancia do transporte.<\/li>\n\n\n\n<li>Supervisor de Transporte: Gest\u00e3o da equipe de motoristas e ajudantes, assegurando o cumprimento das rotas e a qualidade do servi\u00e7o prestado.<\/li>\n<\/ul>\n\n\n\n<p>Al\u00e9m dessas, h\u00e1 oportunidades em \u00e1reas como Recursos Humanos, Tecnologia da Informa\u00e7\u00e3o, Manuten\u00e7\u00e3o de Ve\u00edculos e Comercial. Cada vaga possui requisitos espec\u00edficos, que podem ser consultados no site da empresa.<\/p>\n\n\n\n<h2 class=\"wp-block-heading\">Como se candidatar<\/h2>\n\n\n\n<p>O processo para se candidatar a uma vaga na Braspress \u00e9 simples e acess\u00edvel. Primeiramente, o candidato deve <a href=\"https:\/\/www.braspress.com\/trabalhe-conosco\/\">acessar o site oficial<\/a> da empresa e navegar at\u00e9 a se\u00e7\u00e3o de <em>Trabalhe Conosco<\/em>. Nesta \u00e1rea, est\u00e3o listadas todas as vagas dispon\u00edveis, com detalhes sobre as responsabilidades e os requisitos de cada uma.<\/p>\n\n\n\n<p>Ao encontrar uma oportunidade de interesse, o candidato deve clicar na descri\u00e7\u00e3o da vaga para obter mais informa\u00e7\u00f5es e, em seguida, preencher um formul\u00e1rio de candidatura online. \u00c9 importante anexar um curr\u00edculo atualizado e, se necess\u00e1rio, uma carta de apresenta\u00e7\u00e3o destacando as qualifica\u00e7\u00f5es e experi\u00eancias relevantes para a posi\u00e7\u00e3o.<\/p>\n\n\n\n<p>Ap\u00f3s o envio da candidatura, a equipe de Recursos Humanos da Braspress analisar\u00e1 os perfis recebidos e entrar\u00e1 em contato com os candidatos que melhor atendem aos requisitos das vagas. O processo seletivo pode incluir entrevistas, testes de habilidades e din\u00e2micas de grupo, dependendo do cargo.<\/p>\n\n\n\n<p>Se voc\u00ea est\u00e1 em busca de uma nova oportunidade de carreira e deseja fazer parte de uma empresa s\u00f3lida e em crescimento, a Braspress pode ser o lugar ideal. Com um ambiente de trabalho din\u00e2mico e oportunidades de desenvolvimento profissional, a empresa oferece uma plataforma para o sucesso e a realiza\u00e7\u00e3o pessoal.<\/p>\n\n\n\n<p><strong>Veja tamb\u00e9m: <a href=\"https:\/\/www.vagadeempregorj.com.br\/ar\/vagas-de-emprego-no-bradesco-mais-de-100-oportunidades-abertas-pelo-pais\/\">Vagas de emprego no Bradesco: Mais de 100 oportunidades abertas pelo pa\u00eds<\/a><\/strong><\/p>\n\n\n\n<p>27 de junho de 2024<\/p>","protected":false},"excerpt":{"rendered":"<p>A Braspress, uma das maiores transportadoras do Brasil, est\u00e1 com mais de 30 vagas de emprego abertas, oferecendo diversas oportunidades para profissionais de diferentes \u00e1reas. Com uma trajet\u00f3ria de sucesso e uma s\u00f3lida reputa\u00e7\u00e3o no mercado, a empresa busca talentos que desejam crescer e contribuir para a excel\u00eancia no transporte de cargas.&nbsp; Crit\u00e9rios para ser&hellip;&nbsp;<\/p>","protected":false},"author":16,"featured_media":39833,"comment_status":"closed","ping_status":"closed","sticky":false,"template":"","format":"standard","meta":{"neve_meta_sidebar":"","neve_meta_container":"","neve_meta_enable_content_width":"","neve_meta_content_width":0,"neve_meta_title_alignment":"","neve_meta_author_avatar":"","neve_post_elements_order":"","neve_meta_disable_header":"","neve_meta_disable_footer":"","neve_meta_disable_title":"","footnotes":""},"categories":[123],"tags":[837,830,608],"class_list":["post-39821","post","type-post","status-publish","format-standard","has-post-thumbnail","hentry","category-vagas-de-emprego-nacionais","tag-brasspress","tag-empregos","tag-oportunidades"],"yoast_head":"<!-- This site is optimized with the Yoast SEO plugin v27.5 - https:\/\/yoast.com\/product\/yoast-seo-wordpress\/ -->\n<title>Vagas de emprego na Braspress: Mais de 30 oportunidades abertas -<\/title>\n<meta name=\"description\" content=\"Veja em Vagas de Emprego RJ as vagas de emprego com e sem experi\u00eancia no seu Estado e Regi\u00e3o!\" \/>\n<meta name=\"robots\" content=\"index, follow, max-snippet:-1, max-image-preview:large, max-video-preview:-1\" \/>\n<link rel=\"canonical\" href=\"https:\/\/www.vagadeempregorj.com.br\/ar\/vagas-de-emprego-na-braspress-mais-de-30-oportunidades-abertas\/\" \/>\n<meta property=\"og:locale\" content=\"ar_AR\" \/>\n<meta property=\"og:type\" content=\"article\" \/>\n<meta property=\"og:title\" content=\"Vagas de emprego na Braspress: Mais de 30 oportunidades abertas -\" \/>\n<meta property=\"og:description\" content=\"Veja em Vagas de Emprego RJ as vagas de emprego com e sem experi\u00eancia no seu Estado e Regi\u00e3o!\" \/>\n<meta property=\"og:url\" content=\"https:\/\/www.vagadeempregorj.com.br\/ar\/vagas-de-emprego-na-braspress-mais-de-30-oportunidades-abertas\/\" \/>\n<meta property=\"article:publisher\" content=\"https:\/\/www.facebook.com\/empregobrasiloficial\" \/>\n<meta property=\"article:published_time\" content=\"2024-06-27T09:00:00+00:00\" \/>\n<meta property=\"og:image\" content=\"https:\/\/www.vagadeempregorj.com.br\/wp-content\/uploads\/2024\/06\/image-32-1024x683.png\" \/>\n\t<meta property=\"og:image:width\" content=\"1024\" \/>\n\t<meta property=\"og:image:height\" content=\"683\" \/>\n\t<meta property=\"og:image:type\" content=\"image\/png\" \/>\n<meta name=\"author\" content=\"Michele\" \/>\n<meta name=\"twitter:card\" content=\"summary_large_image\" \/>\n<meta name=\"twitter:label1\" content=\"Written by\" \/>\n\t<meta name=\"twitter:data1\" content=\"Michele\" \/>\n\t<meta name=\"twitter:label2\" content=\"Est. reading time\" \/>\n\t<meta name=\"twitter:data2\" content=\"3 \u062f\u0642\u0627\u0626\u0642\" \/>\n<script type=\"application\/ld+json\" class=\"yoast-schema-graph\">{\"@context\":\"https:\\\/\\\/schema.org\",\"@graph\":[{\"@type\":\"Article\",\"@id\":\"https:\\\/\\\/www.vagadeempregorj.com.br\\\/vagas-de-emprego-na-braspress-mais-de-30-oportunidades-abertas\\\/#article\",\"isPartOf\":{\"@id\":\"https:\\\/\\\/www.vagadeempregorj.com.br\\\/vagas-de-emprego-na-braspress-mais-de-30-oportunidades-abertas\\\/\"},\"author\":{\"name\":\"Michele\",\"@id\":\"https:\\\/\\\/www.vagadeempregorj.com.br\\\/#\\\/schema\\\/person\\\/3ddb19fa0539706786e502152f3aae95\"},\"headline\":\"Vagas de emprego na Braspress: Mais de 30 oportunidades abertas\",\"datePublished\":\"2024-06-27T09:00:00+00:00\",\"mainEntityOfPage\":{\"@id\":\"https:\\\/\\\/www.vagadeempregorj.com.br\\\/vagas-de-emprego-na-braspress-mais-de-30-oportunidades-abertas\\\/\"},\"wordCount\":665,\"image\":{\"@id\":\"https:\\\/\\\/www.vagadeempregorj.com.br\\\/vagas-de-emprego-na-braspress-mais-de-30-oportunidades-abertas\\\/#primaryimage\"},\"thumbnailUrl\":\"https:\\\/\\\/www.vagadeempregorj.com.br\\\/wp-content\\\/uploads\\\/2024\\\/06\\\/image-32.png\",\"keywords\":[\"Brasspress\",\"empregos\",\"oportunidades\"],\"articleSection\":[\"Vagas de Emprego Nacionais\"],\"inLanguage\":\"ar\"},{\"@type\":\"WebPage\",\"@id\":\"https:\\\/\\\/www.vagadeempregorj.com.br\\\/vagas-de-emprego-na-braspress-mais-de-30-oportunidades-abertas\\\/\",\"url\":\"https:\\\/\\\/www.vagadeempregorj.com.br\\\/vagas-de-emprego-na-braspress-mais-de-30-oportunidades-abertas\\\/\",\"name\":\"Vagas de emprego na Braspress: Mais de 30 oportunidades abertas -\",\"isPartOf\":{\"@id\":\"https:\\\/\\\/www.vagadeempregorj.com.br\\\/#website\"},\"primaryImageOfPage\":{\"@id\":\"https:\\\/\\\/www.vagadeempregorj.com.br\\\/vagas-de-emprego-na-braspress-mais-de-30-oportunidades-abertas\\\/#primaryimage\"},\"image\":{\"@id\":\"https:\\\/\\\/www.vagadeempregorj.com.br\\\/vagas-de-emprego-na-braspress-mais-de-30-oportunidades-abertas\\\/#primaryimage\"},\"thumbnailUrl\":\"https:\\\/\\\/www.vagadeempregorj.com.br\\\/wp-content\\\/uploads\\\/2024\\\/06\\\/image-32.png\",\"datePublished\":\"2024-06-27T09:00:00+00:00\",\"author\":{\"@id\":\"https:\\\/\\\/www.vagadeempregorj.com.br\\\/#\\\/schema\\\/person\\\/3ddb19fa0539706786e502152f3aae95\"},\"description\":\"Veja em Vagas de Emprego RJ as vagas de emprego com e sem experi\u00eancia no seu Estado e Regi\u00e3o!\",\"breadcrumb\":{\"@id\":\"https:\\\/\\\/www.vagadeempregorj.com.br\\\/vagas-de-emprego-na-braspress-mais-de-30-oportunidades-abertas\\\/#breadcrumb\"},\"inLanguage\":\"ar\",\"potentialAction\":[{\"@type\":\"ReadAction\",\"target\":[\"https:\\\/\\\/www.vagadeempregorj.com.br\\\/vagas-de-emprego-na-braspress-mais-de-30-oportunidades-abertas\\\/\"]}]},{\"@type\":\"ImageObject\",\"inLanguage\":\"ar\",\"@id\":\"https:\\\/\\\/www.vagadeempregorj.com.br\\\/vagas-de-emprego-na-braspress-mais-de-30-oportunidades-abertas\\\/#primaryimage\",\"url\":\"https:\\\/\\\/www.vagadeempregorj.com.br\\\/wp-content\\\/uploads\\\/2024\\\/06\\\/image-32.png\",\"contentUrl\":\"https:\\\/\\\/www.vagadeempregorj.com.br\\\/wp-content\\\/uploads\\\/2024\\\/06\\\/image-32.png\",\"width\":2976,\"height\":1984},{\"@type\":\"BreadcrumbList\",\"@id\":\"https:\\\/\\\/www.vagadeempregorj.com.br\\\/vagas-de-emprego-na-braspress-mais-de-30-oportunidades-abertas\\\/#breadcrumb\",\"itemListElement\":[{\"@type\":\"ListItem\",\"position\":1,\"name\":\"In\u00edcio\",\"item\":\"https:\\\/\\\/www.vagadeempregorj.com.br\\\/\"},{\"@type\":\"ListItem\",\"position\":2,\"name\":\"Vagas de Emprego Nacionais\",\"item\":\"https:\\\/\\\/www.vagadeempregorj.com.br\\\/vagas-de-emprego-nacionais\\\/\"},{\"@type\":\"ListItem\",\"position\":3,\"name\":\"Vagas de emprego na Braspress: Mais de 30 oportunidades abertas\"}]},{\"@type\":\"WebSite\",\"@id\":\"https:\\\/\\\/www.vagadeempregorj.com.br\\\/#website\",\"url\":\"https:\\\/\\\/www.vagadeempregorj.com.br\\\/\",\"name\":\"\",\"description\":\"Conquiste Sonhos: Vagas, Benef\u00edcios e Economia para Transformar Vidas e Alcan\u00e7ar Melhorias Cotidianas\",\"potentialAction\":[{\"@type\":\"SearchAction\",\"target\":{\"@type\":\"EntryPoint\",\"urlTemplate\":\"https:\\\/\\\/www.vagadeempregorj.com.br\\\/?s={search_term_string}\"},\"query-input\":{\"@type\":\"PropertyValueSpecification\",\"valueRequired\":true,\"valueName\":\"search_term_string\"}}],\"inLanguage\":\"ar\"},{\"@type\":\"Person\",\"@id\":\"https:\\\/\\\/www.vagadeempregorj.com.br\\\/#\\\/schema\\\/person\\\/3ddb19fa0539706786e502152f3aae95\",\"name\":\"Michele\",\"image\":{\"@type\":\"ImageObject\",\"inLanguage\":\"ar\",\"@id\":\"https:\\\/\\\/secure.gravatar.com\\\/avatar\\\/6b0eb9d22841282815e2cd856a0061c45e1761cd54b22e952d98c4746939aa85?s=96&r=g\",\"url\":\"https:\\\/\\\/secure.gravatar.com\\\/avatar\\\/6b0eb9d22841282815e2cd856a0061c45e1761cd54b22e952d98c4746939aa85?s=96&r=g\",\"contentUrl\":\"https:\\\/\\\/secure.gravatar.com\\\/avatar\\\/6b0eb9d22841282815e2cd856a0061c45e1761cd54b22e952d98c4746939aa85?s=96&r=g\",\"caption\":\"Michele\"},\"description\":\"Formada em Letras - Portugu\u00eas\\\/ Ingl\u00eas, e idealizadora do site Escritora de Sucesso, busca expandir o conhecimento de todos com informa\u00e7\u00f5es relevantes sobre diversos assuntos, enquanto redatora. No Vaga de Emprego RJ, traz oportunidades e dicas sobre o mercado de trabalho.\",\"url\":\"https:\\\/\\\/www.vagadeempregorj.com.br\\\/ar\\\/author\\\/michele\\\/\"}]}<\/script>\n<!-- \/ Yoast SEO plugin. -->","yoast_head_json":{"title":"Vagas de emprego na Braspress: Mais de 30 oportunidades abertas -","description":"Veja em Vagas de Emprego RJ as vagas de emprego com e sem experi\u00eancia no seu Estado e Regi\u00e3o!","robots":{"index":"index","follow":"follow","max-snippet":"max-snippet:-1","max-image-preview":"max-image-preview:large","max-video-preview":"max-video-preview:-1"},"canonical":"https:\/\/www.vagadeempregorj.com.br\/ar\/vagas-de-emprego-na-braspress-mais-de-30-oportunidades-abertas\/","og_locale":"ar_AR","og_type":"article","og_title":"Vagas de emprego na Braspress: Mais de 30 oportunidades abertas -","og_description":"Veja em Vagas de Emprego RJ as vagas de emprego com e sem experi\u00eancia no seu Estado e Regi\u00e3o!","og_url":"https:\/\/www.vagadeempregorj.com.br\/ar\/vagas-de-emprego-na-braspress-mais-de-30-oportunidades-abertas\/","article_publisher":"https:\/\/www.facebook.com\/empregobrasiloficial","article_published_time":"2024-06-27T09:00:00+00:00","og_image":[{"width":1024,"height":683,"url":"https:\/\/www.vagadeempregorj.com.br\/wp-content\/uploads\/2024\/06\/image-32-1024x683.png","type":"image\/png"}],"author":"Michele","twitter_card":"summary_large_image","twitter_misc":{"Written by":"Michele","Est. reading time":"3 \u062f\u0642\u0627\u0626\u0642"},"schema":{"@context":"https:\/\/schema.org","@graph":[{"@type":"Article","@id":"https:\/\/www.vagadeempregorj.com.br\/vagas-de-emprego-na-braspress-mais-de-30-oportunidades-abertas\/#article","isPartOf":{"@id":"https:\/\/www.vagadeempregorj.com.br\/vagas-de-emprego-na-braspress-mais-de-30-oportunidades-abertas\/"},"author":{"name":"Michele","@id":"https:\/\/www.vagadeempregorj.com.br\/#\/schema\/person\/3ddb19fa0539706786e502152f3aae95"},"headline":"Vagas de emprego na Braspress: Mais de 30 oportunidades abertas","datePublished":"2024-06-27T09:00:00+00:00","mainEntityOfPage":{"@id":"https:\/\/www.vagadeempregorj.com.br\/vagas-de-emprego-na-braspress-mais-de-30-oportunidades-abertas\/"},"wordCount":665,"image":{"@id":"https:\/\/www.vagadeempregorj.com.br\/vagas-de-emprego-na-braspress-mais-de-30-oportunidades-abertas\/#primaryimage"},"thumbnailUrl":"https:\/\/www.vagadeempregorj.com.br\/wp-content\/uploads\/2024\/06\/image-32.png","keywords":["Brasspress","empregos","oportunidades"],"articleSection":["Vagas de Emprego Nacionais"],"inLanguage":"ar"},{"@type":"WebPage","@id":"https:\/\/www.vagadeempregorj.com.br\/vagas-de-emprego-na-braspress-mais-de-30-oportunidades-abertas\/","url":"https:\/\/www.vagadeempregorj.com.br\/vagas-de-emprego-na-braspress-mais-de-30-oportunidades-abertas\/","name":"Vagas de emprego na Braspress: Mais de 30 oportunidades abertas -","isPartOf":{"@id":"https:\/\/www.vagadeempregorj.com.br\/#website"},"primaryImageOfPage":{"@id":"https:\/\/www.vagadeempregorj.com.br\/vagas-de-emprego-na-braspress-mais-de-30-oportunidades-abertas\/#primaryimage"},"image":{"@id":"https:\/\/www.vagadeempregorj.com.br\/vagas-de-emprego-na-braspress-mais-de-30-oportunidades-abertas\/#primaryimage"},"thumbnailUrl":"https:\/\/www.vagadeempregorj.com.br\/wp-content\/uploads\/2024\/06\/image-32.png","datePublished":"2024-06-27T09:00:00+00:00","author":{"@id":"https:\/\/www.vagadeempregorj.com.br\/#\/schema\/person\/3ddb19fa0539706786e502152f3aae95"},"description":"Veja em Vagas de Emprego RJ as vagas de emprego com e sem experi\u00eancia no seu Estado e Regi\u00e3o!","breadcrumb":{"@id":"https:\/\/www.vagadeempregorj.com.br\/vagas-de-emprego-na-braspress-mais-de-30-oportunidades-abertas\/#breadcrumb"},"inLanguage":"ar","potentialAction":[{"@type":"ReadAction","target":["https:\/\/www.vagadeempregorj.com.br\/vagas-de-emprego-na-braspress-mais-de-30-oportunidades-abertas\/"]}]},{"@type":"ImageObject","inLanguage":"ar","@id":"https:\/\/www.vagadeempregorj.com.br\/vagas-de-emprego-na-braspress-mais-de-30-oportunidades-abertas\/#primaryimage","url":"https:\/\/www.vagadeempregorj.com.br\/wp-content\/uploads\/2024\/06\/image-32.png","contentUrl":"https:\/\/www.vagadeempregorj.com.br\/wp-content\/uploads\/2024\/06\/image-32.png","width":2976,"height":1984},{"@type":"BreadcrumbList","@id":"https:\/\/www.vagadeempregorj.com.br\/vagas-de-emprego-na-braspress-mais-de-30-oportunidades-abertas\/#breadcrumb","itemListElement":[{"@type":"ListItem","position":1,"name":"In\u00edcio","item":"https:\/\/www.vagadeempregorj.com.br\/"},{"@type":"ListItem","position":2,"name":"Vagas de Emprego Nacionais","item":"https:\/\/www.vagadeempregorj.com.br\/vagas-de-emprego-nacionais\/"},{"@type":"ListItem","position":3,"name":"Vagas de emprego na Braspress: Mais de 30 oportunidades abertas"}]},{"@type":"WebSite","@id":"https:\/\/www.vagadeempregorj.com.br\/#website","url":"https:\/\/www.vagadeempregorj.com.br\/","name":"","description":"Conquiste Sonhos: Vagas, Benef\u00edcios e Economia para Transformar Vidas e Alcan\u00e7ar Melhorias Cotidianas","potentialAction":[{"@type":"SearchAction","target":{"@type":"EntryPoint","urlTemplate":"https:\/\/www.vagadeempregorj.com.br\/?s={search_term_string}"},"query-input":{"@type":"PropertyValueSpecification","valueRequired":true,"valueName":"search_term_string"}}],"inLanguage":"ar"},{"@type":"Person","@id":"https:\/\/www.vagadeempregorj.com.br\/#\/schema\/person\/3ddb19fa0539706786e502152f3aae95","name":"Michele","image":{"@type":"ImageObject","inLanguage":"ar","@id":"https:\/\/secure.gravatar.com\/avatar\/6b0eb9d22841282815e2cd856a0061c45e1761cd54b22e952d98c4746939aa85?s=96&r=g","url":"https:\/\/secure.gravatar.com\/avatar\/6b0eb9d22841282815e2cd856a0061c45e1761cd54b22e952d98c4746939aa85?s=96&r=g","contentUrl":"https:\/\/secure.gravatar.com\/avatar\/6b0eb9d22841282815e2cd856a0061c45e1761cd54b22e952d98c4746939aa85?s=96&r=g","caption":"Michele"},"description":"Formada em Letras - Portugu\u00eas\/ Ingl\u00eas, e idealizadora do site Escritora de Sucesso, busca expandir o conhecimento de todos com informa\u00e7\u00f5es relevantes sobre diversos assuntos, enquanto redatora. No Vaga de Emprego RJ, traz oportunidades e dicas sobre o mercado de trabalho.","url":"https:\/\/www.vagadeempregorj.com.br\/ar\/author\/michele\/"}]}},"_links":{"self":[{"href":"https:\/\/www.vagadeempregorj.com.br\/ar\/wp-json\/wp\/v2\/posts\/39821","targetHints":{"allow":["GET"]}}],"collection":[{"href":"https:\/\/www.vagadeempregorj.com.br\/ar\/wp-json\/wp\/v2\/posts"}],"about":[{"href":"https:\/\/www.vagadeempregorj.com.br\/ar\/wp-json\/wp\/v2\/types\/post"}],"author":[{"embeddable":true,"href":"https:\/\/www.vagadeempregorj.com.br\/ar\/wp-json\/wp\/v2\/users\/16"}],"replies":[{"embeddable":true,"href":"https:\/\/www.vagadeempregorj.com.br\/ar\/wp-json\/wp\/v2\/comments?post=39821"}],"version-history":[{"count":0,"href":"https:\/\/www.vagadeempregorj.com.br\/ar\/wp-json\/wp\/v2\/posts\/39821\/revisions"}],"wp:featuredmedia":[{"embeddable":true,"href":"https:\/\/www.vagadeempregorj.com.br\/ar\/wp-json\/wp\/v2\/media\/39833"}],"wp:attachment":[{"href":"https:\/\/www.vagadeempregorj.com.br\/ar\/wp-json\/wp\/v2\/media?parent=39821"}],"wp:term":[{"taxonomy":"category","embeddable":true,"href":"https:\/\/www.vagadeempregorj.com.br\/ar\/wp-json\/wp\/v2\/categories?post=39821"},{"taxonomy":"post_tag","embeddable":true,"href":"https:\/\/www.vagadeempregorj.com.br\/ar\/wp-json\/wp\/v2\/tags?post=39821"}],"curies":[{"name":"wp","href":"https:\/\/api.w.org\/{rel}","templated":true}]}}