{"id":39872,"date":"2024-07-05T06:00:00","date_gmt":"2024-07-05T09:00:00","guid":{"rendered":"https:\/\/www.vagadeempregorj.com.br\/?p=39872"},"modified":"2024-07-02T19:35:57","modified_gmt":"2024-07-02T22:35:57","slug":"vagas-de-emprego-na-usaflex-10-oportunidades-abertas","status":"publish","type":"post","link":"https:\/\/www.vagadeempregorj.com.br\/ar\/vagas-de-emprego-na-usaflex-10-oportunidades-abertas\/","title":{"rendered":"Vagas de emprego na Usaflex: 10 oportunidades abertas"},"content":{"rendered":"<p>A Usaflex, conhecida pela produ\u00e7\u00e3o de cal\u00e7ados de conforto e moda, \u00e9 uma das marcas mais respeitadas do Brasil. Com mais de 25 anos de hist\u00f3ria, a empresa continua a crescer e inovar, oferecendo oportunidades de emprego em diversas \u00e1reas. Se voc\u00ea est\u00e1 em busca de uma nova oportunidade de carreira, este \u00e9 o momento ideal para considerar a Usaflex.<\/p>\n\n\n\n<h2 class=\"wp-block-heading\">Sobre a Usaflex<\/h2>\n\n\n\n<p>A Usaflex \u00e9 uma pioneira na fabrica\u00e7\u00e3o de cal\u00e7ados que combinam moda e conforto, atendendo mulheres de todas as idades. Fundada em 1998, a empresa est\u00e1 sediada no Vale dos Sinos e Paranhana, no Rio Grande do Sul, com unidades produtivas em Igrejinha, Campo Bom, Dois Irm\u00e3os e Parob\u00e9. Atualmente, a Usaflex emprega cerca de 3.200 pessoas diretamente e produz aproximadamente 30 mil pares de sapatos por dia.<\/p>\n\n\n\n<figure class=\"wp-block-image size-full is-resized\"><img loading=\"lazy\" decoding=\"async\" width=\"400\" height=\"400\" src=\"https:\/\/www.vagadeempregorj.com.br\/wp-content\/uploads\/2024\/07\/image-3.png\" alt=\"\" class=\"wp-image-39880\" style=\"width:840px;height:auto\" srcset=\"https:\/\/www.vagadeempregorj.com.br\/wp-content\/uploads\/2024\/07\/image-3.png 400w, https:\/\/www.vagadeempregorj.com.br\/wp-content\/uploads\/2024\/07\/image-3-300x300.png 300w, https:\/\/www.vagadeempregorj.com.br\/wp-content\/uploads\/2024\/07\/image-3-150x150.png 150w, https:\/\/www.vagadeempregorj.com.br\/wp-content\/uploads\/2024\/07\/image-3-96x96.png 96w\" sizes=\"auto, (max-width: 400px) 100vw, 400px\" \/><\/figure>\n\n\n\n<p>A empresa se destaca pela sua preocupa\u00e7\u00e3o com a sustentabilidade e a qualidade de vida de seus colaboradores. A Usaflex \u00e9 certificada como uma das melhores empresas para trabalhar, segundo a GPTW, o que reflete seu compromisso com o bem-estar e desenvolvimento profissional dos seus funcion\u00e1rios.<\/p>\n\n\n\n<h2 class=\"wp-block-heading\">Oportunidades de emprego abertas na Usaflex<\/h2>\n\n\n\n<p>A Usaflex est\u00e1 divulgando vagas de emprego abertas em v\u00e1rias localidades e \u00e1reas de atua\u00e7\u00e3o. Confira algumas das posi\u00e7\u00f5es dispon\u00edveis:<\/p>\n\n\n\n<h3 class=\"wp-block-heading\">Analista de Expans\u00e3o &#8211; Franquias (Igrejinha &#8211; RS)<\/h3>\n\n\n\n<p>Respons\u00e1vel por desenvolver e implementar estrat\u00e9gias de expans\u00e3o das franquias da Usaflex, garantindo o crescimento sustent\u00e1vel da rede.<\/p>\n\n\n\n<h3 class=\"wp-block-heading\">Analista de Produtos Digitais (S\u00e3o Paulo &#8211; SP, H\u00edbrido)<\/h3>\n\n\n\n<p>Encarregado de gerenciar produtos digitais, otimizando a experi\u00eancia do usu\u00e1rio e assegurando a integra\u00e7\u00e3o com outras plataformas digitais da empresa.<\/p>\n\n\n\n<h3 class=\"wp-block-heading\">Auxiliar de Expedi\u00e7\u00e3o (Igrejinha &#8211; RS)<\/h3>\n\n\n\n<p>Atua no setor de expedi\u00e7\u00e3o, auxiliando na organiza\u00e7\u00e3o e envio dos produtos.<\/p>\n\n\n\n<h3 class=\"wp-block-heading\">Conferente de Almoxarifado II &#8211; Noite (Igrejinha &#8211; RS)<\/h3>\n\n\n\n<p>Respons\u00e1vel por conferir materiais e produtos no almoxarifado, garantindo a precis\u00e3o dos estoques.<\/p>\n\n\n\n<h3 class=\"wp-block-heading\">Conferente de Almoxarifado I (Matriz) (Igrejinha &#8211; RS)<\/h3>\n\n\n\n<p>Similar ao Conferente II, mas atuando na matriz da empresa, assegurando a correta gest\u00e3o de materiais.<\/p>\n\n\n\n<h3 class=\"wp-block-heading\">Consultor de Campo e Neg\u00f3cio &#8211; Regional Norte (Bel\u00e9m &#8211; PA, H\u00edbrido)<\/h3>\n\n\n\n<p>Consultoria para franquias na regi\u00e3o Norte, ajudando a melhorar a performance e a execu\u00e7\u00e3o das estrat\u00e9gias de neg\u00f3cio.<\/p>\n\n\n\n<h3 class=\"wp-block-heading\">Cronoanalista (Parob\u00e9 &#8211; RS)<\/h3>\n\n\n\n<p>Realiza an\u00e1lises de tempo e m\u00e9todos, otimizando processos produtivos.<\/p>\n\n\n\n<h3 class=\"wp-block-heading\">Revisor(a) de Qualidade &#8211; Montagem (Matriz) (Igrejinha &#8211; RS)<\/h3>\n\n\n\n<p>Inspe\u00e7\u00e3o da qualidade dos produtos durante o processo de montagem, assegurando que todos os padr\u00f5es de qualidade sejam cumpridos.<\/p>\n\n\n\n<h3 class=\"wp-block-heading\">Analista de M\u00eddia Digital &#8211; Meta Ads (S\u00e3o Paulo &#8211; SP, H\u00edbrido)<\/h3>\n\n\n\n<p>Gerenciamento de campanhas de m\u00eddia digital, focando em an\u00fancios no Facebook para otimizar a performance e alcan\u00e7ar metas estrat\u00e9gicas.<\/p>\n\n\n\n<h3 class=\"wp-block-heading\">Banco de Talentos &#8211; Est\u00e1gio (Igrejinha &#8211; RS)<\/h3>\n\n\n\n<p>Cadastro de talentos para futuras oportunidades de est\u00e1gio em diversas \u00e1reas como Pesquisa e Desenvolvimento, TI, Marketing, entre outras.<\/p>\n\n\n\n<h2 class=\"wp-block-heading\">Como se candidatar<\/h2>\n\n\n\n<p>Para se candidatar a uma das vagas dispon\u00edveis na Usaflex, siga estes passos:<\/p>\n\n\n\n<p><strong>Acesse o portal de carreiras da Usaflex na Gupy:<\/strong> Todas as oportunidades de emprego est\u00e3o listadas no site de recrutamento da empresa, dispon\u00edvel em Usaflex Gupy.<\/p>\n\n\n\n<p><strong>Selecione a vaga de interesse: <\/strong>Navegue pelas posi\u00e7\u00f5es abertas e clique na vaga que mais se alinha com seu perfil e experi\u00eancia.<\/p>\n\n\n\n<p><strong>Cadastre-se e envie seu curr\u00edculo:<\/strong> Fa\u00e7a seu cadastro na plataforma, preencha as informa\u00e7\u00f5es necess\u00e1rias e envie seu curr\u00edculo para an\u00e1lise. Algumas posi\u00e7\u00f5es tamb\u00e9m podem exigir o envio de uma carta de apresenta\u00e7\u00e3o ou portf\u00f3lio, dependendo da \u00e1rea de atua\u00e7\u00e3o.<\/p>\n\n\n\n<p><strong>Acompanhe o processo seletivo:<\/strong> Ap\u00f3s o envio da candidatura, voc\u00ea poder\u00e1 acompanhar o status do processo seletivo diretamente na plataforma Gupy. A Usaflex geralmente segue um processo estruturado que inclui triagem de curr\u00edculos, entrevistas e avalia\u00e7\u00f5es espec\u00edficas conforme a vaga.<\/p>\n\n\n\n<h2 class=\"wp-block-heading\">Uma oportunidade para quem busca desenvolvimento profissional<\/h2>\n\n\n\n<p>Trabalhar na Usaflex \u00e9 uma excelente oportunidade para quem busca desenvolvimento profissional em um ambiente que valoriza a inova\u00e7\u00e3o, a sustentabilidade e o bem-estar dos seus colaboradores. N\u00e3o perca a chance de fazer parte dessa equipe e contribuir para o sucesso de uma das marcas mais respeitadas do mercado de cal\u00e7ados.&nbsp;<\/p>\n\n\n\n<p><strong>Veja tamb\u00e9m: <a href=\"https:\/\/www.vagadeempregorj.com.br\/ar\/vagas-de-emprego-na-leroy-merlin-mais-de-110-oportunidades-abertas\/\">Vagas de emprego na Leroy Merlin: Mais de 110 oportunidades abertas<\/a><\/strong><\/p>\n\n\n\n<p>5 de julho de 2024<\/p>","protected":false},"excerpt":{"rendered":"<p>A Usaflex, conhecida pela produ\u00e7\u00e3o de cal\u00e7ados de conforto e moda, \u00e9 uma das marcas mais respeitadas do Brasil. Com mais de 25 anos de hist\u00f3ria, a empresa continua a crescer e inovar, oferecendo oportunidades de emprego em diversas \u00e1reas. Se voc\u00ea est\u00e1 em busca de uma nova oportunidade de carreira, este \u00e9 o momento&hellip;&nbsp;<\/p>","protected":false},"author":16,"featured_media":39880,"comment_status":"closed","ping_status":"closed","sticky":false,"template":"","format":"standard","meta":{"neve_meta_sidebar":"","neve_meta_container":"","neve_meta_enable_content_width":"","neve_meta_content_width":0,"neve_meta_title_alignment":"","neve_meta_author_avatar":"","neve_post_elements_order":"","neve_meta_disable_header":"","neve_meta_disable_footer":"","neve_meta_disable_title":"","footnotes":""},"categories":[123],"tags":[830,608],"class_list":["post-39872","post","type-post","status-publish","format-standard","has-post-thumbnail","hentry","category-vagas-de-emprego-nacionais","tag-empregos","tag-oportunidades"],"yoast_head":"<!-- This site is optimized with the Yoast SEO plugin v27.5 - https:\/\/yoast.com\/product\/yoast-seo-wordpress\/ -->\n<title>Vagas de emprego na Usaflex: 10 oportunidades abertas -<\/title>\n<meta name=\"description\" content=\"Veja em Vagas de Emprego RJ as vagas de emprego com e sem experi\u00eancia no seu Estado e Regi\u00e3o!\" \/>\n<meta name=\"robots\" content=\"index, follow, max-snippet:-1, max-image-preview:large, max-video-preview:-1\" \/>\n<link rel=\"canonical\" href=\"https:\/\/www.vagadeempregorj.com.br\/ar\/vagas-de-emprego-na-usaflex-10-oportunidades-abertas\/\" \/>\n<meta property=\"og:locale\" content=\"ar_AR\" \/>\n<meta property=\"og:type\" content=\"article\" \/>\n<meta property=\"og:title\" content=\"Vagas de emprego na Usaflex: 10 oportunidades abertas -\" \/>\n<meta property=\"og:description\" content=\"Veja em Vagas de Emprego RJ as vagas de emprego com e sem experi\u00eancia no seu Estado e Regi\u00e3o!\" \/>\n<meta property=\"og:url\" content=\"https:\/\/www.vagadeempregorj.com.br\/ar\/vagas-de-emprego-na-usaflex-10-oportunidades-abertas\/\" \/>\n<meta property=\"article:publisher\" content=\"https:\/\/www.facebook.com\/empregobrasiloficial\" \/>\n<meta property=\"article:published_time\" content=\"2024-07-05T09:00:00+00:00\" \/>\n<meta property=\"og:image\" content=\"https:\/\/www.vagadeempregorj.com.br\/wp-content\/uploads\/2024\/07\/image-3.png\" \/>\n\t<meta property=\"og:image:width\" content=\"400\" \/>\n\t<meta property=\"og:image:height\" content=\"400\" \/>\n\t<meta property=\"og:image:type\" content=\"image\/png\" \/>\n<meta name=\"author\" content=\"Michele\" \/>\n<meta name=\"twitter:card\" content=\"summary_large_image\" \/>\n<meta name=\"twitter:label1\" content=\"Written by\" \/>\n\t<meta name=\"twitter:data1\" content=\"Michele\" \/>\n\t<meta name=\"twitter:label2\" content=\"Est. reading time\" \/>\n\t<meta name=\"twitter:data2\" content=\"4 \u062f\u0642\u0627\u0626\u0642\" \/>\n<script type=\"application\/ld+json\" class=\"yoast-schema-graph\">{\"@context\":\"https:\\\/\\\/schema.org\",\"@graph\":[{\"@type\":\"Article\",\"@id\":\"https:\\\/\\\/www.vagadeempregorj.com.br\\\/vagas-de-emprego-na-usaflex-10-oportunidades-abertas\\\/#article\",\"isPartOf\":{\"@id\":\"https:\\\/\\\/www.vagadeempregorj.com.br\\\/vagas-de-emprego-na-usaflex-10-oportunidades-abertas\\\/\"},\"author\":{\"name\":\"Michele\",\"@id\":\"https:\\\/\\\/www.vagadeempregorj.com.br\\\/#\\\/schema\\\/person\\\/3ddb19fa0539706786e502152f3aae95\"},\"headline\":\"Vagas de emprego na Usaflex: 10 oportunidades abertas\",\"datePublished\":\"2024-07-05T09:00:00+00:00\",\"mainEntityOfPage\":{\"@id\":\"https:\\\/\\\/www.vagadeempregorj.com.br\\\/vagas-de-emprego-na-usaflex-10-oportunidades-abertas\\\/\"},\"wordCount\":739,\"image\":{\"@id\":\"https:\\\/\\\/www.vagadeempregorj.com.br\\\/vagas-de-emprego-na-usaflex-10-oportunidades-abertas\\\/#primaryimage\"},\"thumbnailUrl\":\"https:\\\/\\\/www.vagadeempregorj.com.br\\\/wp-content\\\/uploads\\\/2024\\\/07\\\/image-3.png\",\"keywords\":[\"empregos\",\"oportunidades\"],\"articleSection\":[\"Vagas de Emprego Nacionais\"],\"inLanguage\":\"ar\"},{\"@type\":\"WebPage\",\"@id\":\"https:\\\/\\\/www.vagadeempregorj.com.br\\\/vagas-de-emprego-na-usaflex-10-oportunidades-abertas\\\/\",\"url\":\"https:\\\/\\\/www.vagadeempregorj.com.br\\\/vagas-de-emprego-na-usaflex-10-oportunidades-abertas\\\/\",\"name\":\"Vagas de emprego na Usaflex: 10 oportunidades abertas -\",\"isPartOf\":{\"@id\":\"https:\\\/\\\/www.vagadeempregorj.com.br\\\/#website\"},\"primaryImageOfPage\":{\"@id\":\"https:\\\/\\\/www.vagadeempregorj.com.br\\\/vagas-de-emprego-na-usaflex-10-oportunidades-abertas\\\/#primaryimage\"},\"image\":{\"@id\":\"https:\\\/\\\/www.vagadeempregorj.com.br\\\/vagas-de-emprego-na-usaflex-10-oportunidades-abertas\\\/#primaryimage\"},\"thumbnailUrl\":\"https:\\\/\\\/www.vagadeempregorj.com.br\\\/wp-content\\\/uploads\\\/2024\\\/07\\\/image-3.png\",\"datePublished\":\"2024-07-05T09:00:00+00:00\",\"author\":{\"@id\":\"https:\\\/\\\/www.vagadeempregorj.com.br\\\/#\\\/schema\\\/person\\\/3ddb19fa0539706786e502152f3aae95\"},\"description\":\"Veja em Vagas de Emprego RJ as vagas de emprego com e sem experi\u00eancia no seu Estado e Regi\u00e3o!\",\"breadcrumb\":{\"@id\":\"https:\\\/\\\/www.vagadeempregorj.com.br\\\/vagas-de-emprego-na-usaflex-10-oportunidades-abertas\\\/#breadcrumb\"},\"inLanguage\":\"ar\",\"potentialAction\":[{\"@type\":\"ReadAction\",\"target\":[\"https:\\\/\\\/www.vagadeempregorj.com.br\\\/vagas-de-emprego-na-usaflex-10-oportunidades-abertas\\\/\"]}]},{\"@type\":\"ImageObject\",\"inLanguage\":\"ar\",\"@id\":\"https:\\\/\\\/www.vagadeempregorj.com.br\\\/vagas-de-emprego-na-usaflex-10-oportunidades-abertas\\\/#primaryimage\",\"url\":\"https:\\\/\\\/www.vagadeempregorj.com.br\\\/wp-content\\\/uploads\\\/2024\\\/07\\\/image-3.png\",\"contentUrl\":\"https:\\\/\\\/www.vagadeempregorj.com.br\\\/wp-content\\\/uploads\\\/2024\\\/07\\\/image-3.png\",\"width\":400,\"height\":400},{\"@type\":\"BreadcrumbList\",\"@id\":\"https:\\\/\\\/www.vagadeempregorj.com.br\\\/vagas-de-emprego-na-usaflex-10-oportunidades-abertas\\\/#breadcrumb\",\"itemListElement\":[{\"@type\":\"ListItem\",\"position\":1,\"name\":\"In\u00edcio\",\"item\":\"https:\\\/\\\/www.vagadeempregorj.com.br\\\/\"},{\"@type\":\"ListItem\",\"position\":2,\"name\":\"Vagas de Emprego Nacionais\",\"item\":\"https:\\\/\\\/www.vagadeempregorj.com.br\\\/vagas-de-emprego-nacionais\\\/\"},{\"@type\":\"ListItem\",\"position\":3,\"name\":\"Vagas de emprego na Usaflex: 10 oportunidades abertas\"}]},{\"@type\":\"WebSite\",\"@id\":\"https:\\\/\\\/www.vagadeempregorj.com.br\\\/#website\",\"url\":\"https:\\\/\\\/www.vagadeempregorj.com.br\\\/\",\"name\":\"\",\"description\":\"Conquiste Sonhos: Vagas, Benef\u00edcios e Economia para Transformar Vidas e Alcan\u00e7ar Melhorias Cotidianas\",\"potentialAction\":[{\"@type\":\"SearchAction\",\"target\":{\"@type\":\"EntryPoint\",\"urlTemplate\":\"https:\\\/\\\/www.vagadeempregorj.com.br\\\/?s={search_term_string}\"},\"query-input\":{\"@type\":\"PropertyValueSpecification\",\"valueRequired\":true,\"valueName\":\"search_term_string\"}}],\"inLanguage\":\"ar\"},{\"@type\":\"Person\",\"@id\":\"https:\\\/\\\/www.vagadeempregorj.com.br\\\/#\\\/schema\\\/person\\\/3ddb19fa0539706786e502152f3aae95\",\"name\":\"Michele\",\"image\":{\"@type\":\"ImageObject\",\"inLanguage\":\"ar\",\"@id\":\"https:\\\/\\\/secure.gravatar.com\\\/avatar\\\/6b0eb9d22841282815e2cd856a0061c45e1761cd54b22e952d98c4746939aa85?s=96&r=g\",\"url\":\"https:\\\/\\\/secure.gravatar.com\\\/avatar\\\/6b0eb9d22841282815e2cd856a0061c45e1761cd54b22e952d98c4746939aa85?s=96&r=g\",\"contentUrl\":\"https:\\\/\\\/secure.gravatar.com\\\/avatar\\\/6b0eb9d22841282815e2cd856a0061c45e1761cd54b22e952d98c4746939aa85?s=96&r=g\",\"caption\":\"Michele\"},\"description\":\"Formada em Letras - Portugu\u00eas\\\/ Ingl\u00eas, e idealizadora do site Escritora de Sucesso, busca expandir o conhecimento de todos com informa\u00e7\u00f5es relevantes sobre diversos assuntos, enquanto redatora. No Vaga de Emprego RJ, traz oportunidades e dicas sobre o mercado de trabalho.\",\"url\":\"https:\\\/\\\/www.vagadeempregorj.com.br\\\/ar\\\/author\\\/michele\\\/\"}]}<\/script>\n<!-- \/ Yoast SEO plugin. -->","yoast_head_json":{"title":"Vagas de emprego na Usaflex: 10 oportunidades abertas -","description":"Veja em Vagas de Emprego RJ as vagas de emprego com e sem experi\u00eancia no seu Estado e Regi\u00e3o!","robots":{"index":"index","follow":"follow","max-snippet":"max-snippet:-1","max-image-preview":"max-image-preview:large","max-video-preview":"max-video-preview:-1"},"canonical":"https:\/\/www.vagadeempregorj.com.br\/ar\/vagas-de-emprego-na-usaflex-10-oportunidades-abertas\/","og_locale":"ar_AR","og_type":"article","og_title":"Vagas de emprego na Usaflex: 10 oportunidades abertas -","og_description":"Veja em Vagas de Emprego RJ as vagas de emprego com e sem experi\u00eancia no seu Estado e Regi\u00e3o!","og_url":"https:\/\/www.vagadeempregorj.com.br\/ar\/vagas-de-emprego-na-usaflex-10-oportunidades-abertas\/","article_publisher":"https:\/\/www.facebook.com\/empregobrasiloficial","article_published_time":"2024-07-05T09:00:00+00:00","og_image":[{"width":400,"height":400,"url":"https:\/\/www.vagadeempregorj.com.br\/wp-content\/uploads\/2024\/07\/image-3.png","type":"image\/png"}],"author":"Michele","twitter_card":"summary_large_image","twitter_misc":{"Written by":"Michele","Est. reading time":"4 \u062f\u0642\u0627\u0626\u0642"},"schema":{"@context":"https:\/\/schema.org","@graph":[{"@type":"Article","@id":"https:\/\/www.vagadeempregorj.com.br\/vagas-de-emprego-na-usaflex-10-oportunidades-abertas\/#article","isPartOf":{"@id":"https:\/\/www.vagadeempregorj.com.br\/vagas-de-emprego-na-usaflex-10-oportunidades-abertas\/"},"author":{"name":"Michele","@id":"https:\/\/www.vagadeempregorj.com.br\/#\/schema\/person\/3ddb19fa0539706786e502152f3aae95"},"headline":"Vagas de emprego na Usaflex: 10 oportunidades abertas","datePublished":"2024-07-05T09:00:00+00:00","mainEntityOfPage":{"@id":"https:\/\/www.vagadeempregorj.com.br\/vagas-de-emprego-na-usaflex-10-oportunidades-abertas\/"},"wordCount":739,"image":{"@id":"https:\/\/www.vagadeempregorj.com.br\/vagas-de-emprego-na-usaflex-10-oportunidades-abertas\/#primaryimage"},"thumbnailUrl":"https:\/\/www.vagadeempregorj.com.br\/wp-content\/uploads\/2024\/07\/image-3.png","keywords":["empregos","oportunidades"],"articleSection":["Vagas de Emprego Nacionais"],"inLanguage":"ar"},{"@type":"WebPage","@id":"https:\/\/www.vagadeempregorj.com.br\/vagas-de-emprego-na-usaflex-10-oportunidades-abertas\/","url":"https:\/\/www.vagadeempregorj.com.br\/vagas-de-emprego-na-usaflex-10-oportunidades-abertas\/","name":"Vagas de emprego na Usaflex: 10 oportunidades abertas -","isPartOf":{"@id":"https:\/\/www.vagadeempregorj.com.br\/#website"},"primaryImageOfPage":{"@id":"https:\/\/www.vagadeempregorj.com.br\/vagas-de-emprego-na-usaflex-10-oportunidades-abertas\/#primaryimage"},"image":{"@id":"https:\/\/www.vagadeempregorj.com.br\/vagas-de-emprego-na-usaflex-10-oportunidades-abertas\/#primaryimage"},"thumbnailUrl":"https:\/\/www.vagadeempregorj.com.br\/wp-content\/uploads\/2024\/07\/image-3.png","datePublished":"2024-07-05T09:00:00+00:00","author":{"@id":"https:\/\/www.vagadeempregorj.com.br\/#\/schema\/person\/3ddb19fa0539706786e502152f3aae95"},"description":"Veja em Vagas de Emprego RJ as vagas de emprego com e sem experi\u00eancia no seu Estado e Regi\u00e3o!","breadcrumb":{"@id":"https:\/\/www.vagadeempregorj.com.br\/vagas-de-emprego-na-usaflex-10-oportunidades-abertas\/#breadcrumb"},"inLanguage":"ar","potentialAction":[{"@type":"ReadAction","target":["https:\/\/www.vagadeempregorj.com.br\/vagas-de-emprego-na-usaflex-10-oportunidades-abertas\/"]}]},{"@type":"ImageObject","inLanguage":"ar","@id":"https:\/\/www.vagadeempregorj.com.br\/vagas-de-emprego-na-usaflex-10-oportunidades-abertas\/#primaryimage","url":"https:\/\/www.vagadeempregorj.com.br\/wp-content\/uploads\/2024\/07\/image-3.png","contentUrl":"https:\/\/www.vagadeempregorj.com.br\/wp-content\/uploads\/2024\/07\/image-3.png","width":400,"height":400},{"@type":"BreadcrumbList","@id":"https:\/\/www.vagadeempregorj.com.br\/vagas-de-emprego-na-usaflex-10-oportunidades-abertas\/#breadcrumb","itemListElement":[{"@type":"ListItem","position":1,"name":"In\u00edcio","item":"https:\/\/www.vagadeempregorj.com.br\/"},{"@type":"ListItem","position":2,"name":"Vagas de Emprego Nacionais","item":"https:\/\/www.vagadeempregorj.com.br\/vagas-de-emprego-nacionais\/"},{"@type":"ListItem","position":3,"name":"Vagas de emprego na Usaflex: 10 oportunidades abertas"}]},{"@type":"WebSite","@id":"https:\/\/www.vagadeempregorj.com.br\/#website","url":"https:\/\/www.vagadeempregorj.com.br\/","name":"","description":"Conquiste Sonhos: Vagas, Benef\u00edcios e Economia para Transformar Vidas e Alcan\u00e7ar Melhorias Cotidianas","potentialAction":[{"@type":"SearchAction","target":{"@type":"EntryPoint","urlTemplate":"https:\/\/www.vagadeempregorj.com.br\/?s={search_term_string}"},"query-input":{"@type":"PropertyValueSpecification","valueRequired":true,"valueName":"search_term_string"}}],"inLanguage":"ar"},{"@type":"Person","@id":"https:\/\/www.vagadeempregorj.com.br\/#\/schema\/person\/3ddb19fa0539706786e502152f3aae95","name":"Michele","image":{"@type":"ImageObject","inLanguage":"ar","@id":"https:\/\/secure.gravatar.com\/avatar\/6b0eb9d22841282815e2cd856a0061c45e1761cd54b22e952d98c4746939aa85?s=96&r=g","url":"https:\/\/secure.gravatar.com\/avatar\/6b0eb9d22841282815e2cd856a0061c45e1761cd54b22e952d98c4746939aa85?s=96&r=g","contentUrl":"https:\/\/secure.gravatar.com\/avatar\/6b0eb9d22841282815e2cd856a0061c45e1761cd54b22e952d98c4746939aa85?s=96&r=g","caption":"Michele"},"description":"Formada em Letras - Portugu\u00eas\/ Ingl\u00eas, e idealizadora do site Escritora de Sucesso, busca expandir o conhecimento de todos com informa\u00e7\u00f5es relevantes sobre diversos assuntos, enquanto redatora. No Vaga de Emprego RJ, traz oportunidades e dicas sobre o mercado de trabalho.","url":"https:\/\/www.vagadeempregorj.com.br\/ar\/author\/michele\/"}]}},"_links":{"self":[{"href":"https:\/\/www.vagadeempregorj.com.br\/ar\/wp-json\/wp\/v2\/posts\/39872","targetHints":{"allow":["GET"]}}],"collection":[{"href":"https:\/\/www.vagadeempregorj.com.br\/ar\/wp-json\/wp\/v2\/posts"}],"about":[{"href":"https:\/\/www.vagadeempregorj.com.br\/ar\/wp-json\/wp\/v2\/types\/post"}],"author":[{"embeddable":true,"href":"https:\/\/www.vagadeempregorj.com.br\/ar\/wp-json\/wp\/v2\/users\/16"}],"replies":[{"embeddable":true,"href":"https:\/\/www.vagadeempregorj.com.br\/ar\/wp-json\/wp\/v2\/comments?post=39872"}],"version-history":[{"count":0,"href":"https:\/\/www.vagadeempregorj.com.br\/ar\/wp-json\/wp\/v2\/posts\/39872\/revisions"}],"wp:featuredmedia":[{"embeddable":true,"href":"https:\/\/www.vagadeempregorj.com.br\/ar\/wp-json\/wp\/v2\/media\/39880"}],"wp:attachment":[{"href":"https:\/\/www.vagadeempregorj.com.br\/ar\/wp-json\/wp\/v2\/media?parent=39872"}],"wp:term":[{"taxonomy":"category","embeddable":true,"href":"https:\/\/www.vagadeempregorj.com.br\/ar\/wp-json\/wp\/v2\/categories?post=39872"},{"taxonomy":"post_tag","embeddable":true,"href":"https:\/\/www.vagadeempregorj.com.br\/ar\/wp-json\/wp\/v2\/tags?post=39872"}],"curies":[{"name":"wp","href":"https:\/\/api.w.org\/{rel}","templated":true}]}}