{"id":39889,"date":"2024-07-05T01:00:00","date_gmt":"2024-07-05T04:00:00","guid":{"rendered":"https:\/\/www.vagadeempregorj.com.br\/?p=39889"},"modified":"2024-07-02T21:20:44","modified_gmt":"2024-07-03T00:20:44","slug":"o-que-acontece-com-o-fgts-retido-por-pedido-de-demissao","status":"publish","type":"post","link":"https:\/\/www.vagadeempregorj.com.br\/ar\/o-que-acontece-com-o-fgts-retido-por-pedido-de-demissao\/","title":{"rendered":"O que acontece com o FGTS retido por pedido de demiss\u00e3o?"},"content":{"rendered":"<p>Quando um trabalhador decide pedir demiss\u00e3o de seu emprego, uma das preocupa\u00e7\u00f5es que surge \u00e9 o destino do Fundo de Garantia do Tempo de Servi\u00e7o (FGTS) que foi acumulado durante o per\u00edodo de trabalho na empresa.&nbsp;<\/p>\n\n\n\n<p>O FGTS \u00e9 um direito assegurado aos trabalhadores regidos pela Consolida\u00e7\u00e3o das Leis do Trabalho (CLT) e possui regras espec\u00edficas quanto \u00e0 sua utiliza\u00e7\u00e3o e saque.&nbsp;<\/p>\n\n\n\n<h2 class=\"wp-block-heading\">O que \u00e9 o FGTS?<\/h2>\n\n\n\n<p>O Fundo de Garantia do Tempo de Servi\u00e7o, criado em 1966, \u00e9 uma reserva financeira destinada a proteger o trabalhador em casos de demiss\u00e3o sem justa causa, entre outras situa\u00e7\u00f5es espec\u00edficas.&nbsp;<\/p>\n\n\n\n<p>Mensalmente, o empregador deposita uma quantia correspondente a 8% do sal\u00e1rio do empregado em uma conta vinculada ao FGTS na Caixa Econ\u00f4mica Federal. Esse fundo \u00e9 corrigido monetariamente e rende juros, sendo uma forma de poupan\u00e7a for\u00e7ada para o trabalhador.<\/p>\n\n\n\n<figure class=\"wp-block-image size-full is-resized\"><img loading=\"lazy\" decoding=\"async\" width=\"740\" height=\"491\" src=\"https:\/\/www.vagadeempregorj.com.br\/wp-content\/uploads\/2024\/07\/image-6.png\" alt=\"\" class=\"wp-image-39901\" style=\"width:840px;height:auto\" srcset=\"https:\/\/www.vagadeempregorj.com.br\/wp-content\/uploads\/2024\/07\/image-6.png 740w, https:\/\/www.vagadeempregorj.com.br\/wp-content\/uploads\/2024\/07\/image-6-300x199.png 300w, https:\/\/www.vagadeempregorj.com.br\/wp-content\/uploads\/2024\/07\/image-6-150x100.png 150w\" sizes=\"auto, (max-width: 740px) 100vw, 740px\" \/><\/figure>\n\n\n\n<h2 class=\"wp-block-heading\">Situa\u00e7\u00e3o do FGTS em caso de pedido de demiss\u00e3o<\/h2>\n\n\n\n<p>Quando um empregado decide pedir demiss\u00e3o, a situa\u00e7\u00e3o do FGTS acumulado n\u00e3o \u00e9 a mesma que ocorre em demiss\u00f5es sem justa causa. No caso de demiss\u00e3o a pedido do empregado, ele n\u00e3o tem direito ao saque integral imediatamente ap\u00f3s o desligamento da empresa.<\/p>\n\n\n\n<h2 class=\"wp-block-heading\">O que acontece com o FGTS retido?<\/h2>\n\n\n\n<p>O FGTS retido por pedido de demiss\u00e3o continua depositado na conta vinculada do trabalhador na Caixa Econ\u00f4mica Federal. Esse montante permanece dispon\u00edvel e segue as regras gerais de movimenta\u00e7\u00e3o do FGTS estabelecidas pela legisla\u00e7\u00e3o vigente.<\/p>\n\n\n\n<h2 class=\"wp-block-heading\">Possibilidades de saque do FGTS ap\u00f3s pedido de demiss\u00e3o<\/h2>\n\n\n\n<p>Embora n\u00e3o haja a possibilidade de saque imediato do FGTS ap\u00f3s o pedido de demiss\u00e3o, existem algumas situa\u00e7\u00f5es espec\u00edficas em que o trabalhador pode acessar os recursos:<\/p>\n\n\n\n<ul class=\"wp-block-list\">\n<li><strong>Compra da casa pr\u00f3pria<\/strong>: O trabalhador pode utiliz\u00e1-lo para comprar um im\u00f3vel, seja novo ou usado, quitando ou amortizando o saldo devedor ou pagando parte das presta\u00e7\u00f5es.<\/li>\n<\/ul>\n\n\n\n<ul class=\"wp-block-list\">\n<li><strong>Morte do trabalhador<\/strong>: Em caso de falecimento do titular da conta vinculada do FGTS, os dependentes t\u00eam direito ao saque dos valores.<\/li>\n<\/ul>\n\n\n\n<ul class=\"wp-block-list\">\n<li><strong>Doen\u00e7a grave<\/strong>: Em casos de doen\u00e7as graves, como c\u00e2ncer, HIV, entre outras condi\u00e7\u00f5es especificadas em lei, \u00e9 poss\u00edvel sacar o FGTS.<\/li>\n<\/ul>\n\n\n\n<ul class=\"wp-block-list\">\n<li><strong>Aposentadoria<\/strong>: Ao se aposentar, o trabalhador pode sacar o saldo total do FGTS.<\/li>\n<\/ul>\n\n\n\n<ul class=\"wp-block-list\">\n<li><strong>Conta inativa<\/strong>: Caso o trabalhador permane\u00e7a tr\u00eas anos sem registro de dep\u00f3sitos na conta vinculada, ele pode solicitar o saque do saldo, mesmo sem se enquadrar nas situa\u00e7\u00f5es acima.<\/li>\n<\/ul>\n\n\n\n<h2 class=\"wp-block-heading\">Como movimentar o FGTS ap\u00f3s o pedido de demiss\u00e3o<\/h2>\n\n\n\n<p>Para movimentar o FGTS acumulado ap\u00f3s o pedido de demiss\u00e3o, o trabalhador deve estar atento aos procedimentos e \u00e0s documenta\u00e7\u00f5es necess\u00e1rias para cada situa\u00e7\u00e3o espec\u00edfica de saque.&nbsp;<\/p>\n\n\n\n<p>Normalmente, o acesso aos recursos exige a apresenta\u00e7\u00e3o de documentos que comprovem a necessidade ou o enquadramento nos casos permitidos por lei.<\/p>\n\n\n\n<h2 class=\"wp-block-heading\">Alternativas ao saque do FGTS<\/h2>\n\n\n\n<p>Caso n\u00e3o se enquadre em nenhuma das situa\u00e7\u00f5es que permitem o saque ap\u00f3s o pedido de demiss\u00e3o, o trabalhador pode optar por deixar os recursos aplicados na conta vinculada.&nbsp;<\/p>\n\n\n\n<p>O FGTS continua rendendo juros e \u00e9 corrigido monetariamente, funcionando como uma reserva financeira para eventuais necessidades futuras.<\/p>\n\n\n\n<h2 class=\"wp-block-heading\">Conhecendo seus direitos<\/h2>\n\n\n\n<p>O Fundo de Garantia do Tempo de Servi\u00e7o (FGTS) acumulado por um trabalhador que pede demiss\u00e3o permanece vinculado \u00e0 sua conta na Caixa Econ\u00f4mica Federal.&nbsp;<\/p>\n\n\n\n<p>Apesar de n\u00e3o poder sac\u00e1-lo imediatamente, existem diversas possibilidades legais para movimentar esse fundo, como a compra da casa pr\u00f3pria, situa\u00e7\u00f5es de doen\u00e7as graves, aposentadoria, entre outras.&nbsp;<\/p>\n\n\n\n<p>\u00c9 importante que o trabalhador conhe\u00e7a seus direitos e as formas de utiliza\u00e7\u00e3o do FGTS, garantindo assim uma gest\u00e3o financeira consciente e segura dos seus recursos.<\/p>\n\n\n\n<p><strong>Veja tamb\u00e9m: <a href=\"https:\/\/www.vagadeempregorj.com.br\/ar\/emprego-na-area-de-vigilante-6-empresas-contratando\/\">Emprego na \u00e1rea de vigilante: 6 empresas contratando<\/a><\/strong><\/p>\n\n\n\n<p>5 de julho de 2024<\/p>","protected":false},"excerpt":{"rendered":"<p>Quando um trabalhador decide pedir demiss\u00e3o de seu emprego, uma das preocupa\u00e7\u00f5es que surge \u00e9 o destino do Fundo de Garantia do Tempo de Servi\u00e7o (FGTS) que foi acumulado durante o per\u00edodo de trabalho na empresa.&nbsp; O FGTS \u00e9 um direito assegurado aos trabalhadores regidos pela Consolida\u00e7\u00e3o das Leis do Trabalho (CLT) e possui regras&hellip;&nbsp;<\/p>","protected":false},"author":16,"featured_media":39901,"comment_status":"closed","ping_status":"closed","sticky":false,"template":"","format":"standard","meta":{"neve_meta_sidebar":"","neve_meta_container":"","neve_meta_enable_content_width":"","neve_meta_content_width":0,"neve_meta_title_alignment":"","neve_meta_author_avatar":"","neve_post_elements_order":"","neve_meta_disable_header":"","neve_meta_disable_footer":"","neve_meta_disable_title":"","footnotes":""},"categories":[1],"tags":[],"class_list":["post-39889","post","type-post","status-publish","format-standard","has-post-thumbnail","hentry","category-beneficios-sociais"],"yoast_head":"<!-- This site is optimized with the Yoast SEO plugin v27.5 - https:\/\/yoast.com\/product\/yoast-seo-wordpress\/ -->\n<title>O que acontece com o FGTS retido por pedido de demiss\u00e3o? -<\/title>\n<meta name=\"description\" content=\"Veja em Vagas de Emprego RJ as vagas de emprego com e sem experi\u00eancia no seu Estado e Regi\u00e3o!\" \/>\n<meta name=\"robots\" content=\"index, follow, max-snippet:-1, max-image-preview:large, max-video-preview:-1\" \/>\n<link rel=\"canonical\" href=\"https:\/\/www.vagadeempregorj.com.br\/ar\/o-que-acontece-com-o-fgts-retido-por-pedido-de-demissao\/\" \/>\n<meta property=\"og:locale\" content=\"ar_AR\" \/>\n<meta property=\"og:type\" content=\"article\" \/>\n<meta property=\"og:title\" content=\"O que acontece com o FGTS retido por pedido de demiss\u00e3o? -\" \/>\n<meta property=\"og:description\" content=\"Veja em Vagas de Emprego RJ as vagas de emprego com e sem experi\u00eancia no seu Estado e Regi\u00e3o!\" \/>\n<meta property=\"og:url\" content=\"https:\/\/www.vagadeempregorj.com.br\/ar\/o-que-acontece-com-o-fgts-retido-por-pedido-de-demissao\/\" \/>\n<meta property=\"article:publisher\" content=\"https:\/\/www.facebook.com\/empregobrasiloficial\" \/>\n<meta property=\"article:published_time\" content=\"2024-07-05T04:00:00+00:00\" \/>\n<meta property=\"og:image\" content=\"https:\/\/www.vagadeempregorj.com.br\/wp-content\/uploads\/2024\/07\/image-6.png\" \/>\n\t<meta property=\"og:image:width\" content=\"740\" \/>\n\t<meta property=\"og:image:height\" content=\"491\" \/>\n\t<meta property=\"og:image:type\" content=\"image\/png\" \/>\n<meta name=\"author\" content=\"Michele\" \/>\n<meta name=\"twitter:card\" content=\"summary_large_image\" \/>\n<meta name=\"twitter:label1\" content=\"Written by\" \/>\n\t<meta name=\"twitter:data1\" content=\"Michele\" \/>\n\t<meta name=\"twitter:label2\" content=\"Est. reading time\" \/>\n\t<meta name=\"twitter:data2\" content=\"3 \u062f\u0642\u0627\u0626\u0642\" \/>\n<script type=\"application\/ld+json\" class=\"yoast-schema-graph\">{\"@context\":\"https:\\\/\\\/schema.org\",\"@graph\":[{\"@type\":\"Article\",\"@id\":\"https:\\\/\\\/www.vagadeempregorj.com.br\\\/o-que-acontece-com-o-fgts-retido-por-pedido-de-demissao\\\/#article\",\"isPartOf\":{\"@id\":\"https:\\\/\\\/www.vagadeempregorj.com.br\\\/o-que-acontece-com-o-fgts-retido-por-pedido-de-demissao\\\/\"},\"author\":{\"name\":\"Michele\",\"@id\":\"https:\\\/\\\/www.vagadeempregorj.com.br\\\/#\\\/schema\\\/person\\\/3ddb19fa0539706786e502152f3aae95\"},\"headline\":\"O que acontece com o FGTS retido por pedido de demiss\u00e3o?\",\"datePublished\":\"2024-07-05T04:00:00+00:00\",\"mainEntityOfPage\":{\"@id\":\"https:\\\/\\\/www.vagadeempregorj.com.br\\\/o-que-acontece-com-o-fgts-retido-por-pedido-de-demissao\\\/\"},\"wordCount\":664,\"image\":{\"@id\":\"https:\\\/\\\/www.vagadeempregorj.com.br\\\/o-que-acontece-com-o-fgts-retido-por-pedido-de-demissao\\\/#primaryimage\"},\"thumbnailUrl\":\"https:\\\/\\\/www.vagadeempregorj.com.br\\\/wp-content\\\/uploads\\\/2024\\\/07\\\/image-6.png\",\"articleSection\":[\"Benef\u00edcios Sociais\"],\"inLanguage\":\"ar\"},{\"@type\":\"WebPage\",\"@id\":\"https:\\\/\\\/www.vagadeempregorj.com.br\\\/o-que-acontece-com-o-fgts-retido-por-pedido-de-demissao\\\/\",\"url\":\"https:\\\/\\\/www.vagadeempregorj.com.br\\\/o-que-acontece-com-o-fgts-retido-por-pedido-de-demissao\\\/\",\"name\":\"O que acontece com o FGTS retido por pedido de demiss\u00e3o? -\",\"isPartOf\":{\"@id\":\"https:\\\/\\\/www.vagadeempregorj.com.br\\\/#website\"},\"primaryImageOfPage\":{\"@id\":\"https:\\\/\\\/www.vagadeempregorj.com.br\\\/o-que-acontece-com-o-fgts-retido-por-pedido-de-demissao\\\/#primaryimage\"},\"image\":{\"@id\":\"https:\\\/\\\/www.vagadeempregorj.com.br\\\/o-que-acontece-com-o-fgts-retido-por-pedido-de-demissao\\\/#primaryimage\"},\"thumbnailUrl\":\"https:\\\/\\\/www.vagadeempregorj.com.br\\\/wp-content\\\/uploads\\\/2024\\\/07\\\/image-6.png\",\"datePublished\":\"2024-07-05T04:00:00+00:00\",\"author\":{\"@id\":\"https:\\\/\\\/www.vagadeempregorj.com.br\\\/#\\\/schema\\\/person\\\/3ddb19fa0539706786e502152f3aae95\"},\"description\":\"Veja em Vagas de Emprego RJ as vagas de emprego com e sem experi\u00eancia no seu Estado e Regi\u00e3o!\",\"breadcrumb\":{\"@id\":\"https:\\\/\\\/www.vagadeempregorj.com.br\\\/o-que-acontece-com-o-fgts-retido-por-pedido-de-demissao\\\/#breadcrumb\"},\"inLanguage\":\"ar\",\"potentialAction\":[{\"@type\":\"ReadAction\",\"target\":[\"https:\\\/\\\/www.vagadeempregorj.com.br\\\/o-que-acontece-com-o-fgts-retido-por-pedido-de-demissao\\\/\"]}]},{\"@type\":\"ImageObject\",\"inLanguage\":\"ar\",\"@id\":\"https:\\\/\\\/www.vagadeempregorj.com.br\\\/o-que-acontece-com-o-fgts-retido-por-pedido-de-demissao\\\/#primaryimage\",\"url\":\"https:\\\/\\\/www.vagadeempregorj.com.br\\\/wp-content\\\/uploads\\\/2024\\\/07\\\/image-6.png\",\"contentUrl\":\"https:\\\/\\\/www.vagadeempregorj.com.br\\\/wp-content\\\/uploads\\\/2024\\\/07\\\/image-6.png\",\"width\":740,\"height\":491},{\"@type\":\"BreadcrumbList\",\"@id\":\"https:\\\/\\\/www.vagadeempregorj.com.br\\\/o-que-acontece-com-o-fgts-retido-por-pedido-de-demissao\\\/#breadcrumb\",\"itemListElement\":[{\"@type\":\"ListItem\",\"position\":1,\"name\":\"In\u00edcio\",\"item\":\"https:\\\/\\\/www.vagadeempregorj.com.br\\\/\"},{\"@type\":\"ListItem\",\"position\":2,\"name\":\"Benef\u00edcios Sociais\",\"item\":\"https:\\\/\\\/www.vagadeempregorj.com.br\\\/beneficios-sociais\\\/\"},{\"@type\":\"ListItem\",\"position\":3,\"name\":\"O que acontece com o FGTS retido por pedido de demiss\u00e3o?\"}]},{\"@type\":\"WebSite\",\"@id\":\"https:\\\/\\\/www.vagadeempregorj.com.br\\\/#website\",\"url\":\"https:\\\/\\\/www.vagadeempregorj.com.br\\\/\",\"name\":\"\",\"description\":\"Conquiste Sonhos: Vagas, Benef\u00edcios e Economia para Transformar Vidas e Alcan\u00e7ar Melhorias Cotidianas\",\"potentialAction\":[{\"@type\":\"SearchAction\",\"target\":{\"@type\":\"EntryPoint\",\"urlTemplate\":\"https:\\\/\\\/www.vagadeempregorj.com.br\\\/?s={search_term_string}\"},\"query-input\":{\"@type\":\"PropertyValueSpecification\",\"valueRequired\":true,\"valueName\":\"search_term_string\"}}],\"inLanguage\":\"ar\"},{\"@type\":\"Person\",\"@id\":\"https:\\\/\\\/www.vagadeempregorj.com.br\\\/#\\\/schema\\\/person\\\/3ddb19fa0539706786e502152f3aae95\",\"name\":\"Michele\",\"image\":{\"@type\":\"ImageObject\",\"inLanguage\":\"ar\",\"@id\":\"https:\\\/\\\/secure.gravatar.com\\\/avatar\\\/6b0eb9d22841282815e2cd856a0061c45e1761cd54b22e952d98c4746939aa85?s=96&r=g\",\"url\":\"https:\\\/\\\/secure.gravatar.com\\\/avatar\\\/6b0eb9d22841282815e2cd856a0061c45e1761cd54b22e952d98c4746939aa85?s=96&r=g\",\"contentUrl\":\"https:\\\/\\\/secure.gravatar.com\\\/avatar\\\/6b0eb9d22841282815e2cd856a0061c45e1761cd54b22e952d98c4746939aa85?s=96&r=g\",\"caption\":\"Michele\"},\"description\":\"Formada em Letras - Portugu\u00eas\\\/ Ingl\u00eas, e idealizadora do site Escritora de Sucesso, busca expandir o conhecimento de todos com informa\u00e7\u00f5es relevantes sobre diversos assuntos, enquanto redatora. No Vaga de Emprego RJ, traz oportunidades e dicas sobre o mercado de trabalho.\",\"url\":\"https:\\\/\\\/www.vagadeempregorj.com.br\\\/ar\\\/author\\\/michele\\\/\"}]}<\/script>\n<!-- \/ Yoast SEO plugin. -->","yoast_head_json":{"title":"O que acontece com o FGTS retido por pedido de demiss\u00e3o? -","description":"Veja em Vagas de Emprego RJ as vagas de emprego com e sem experi\u00eancia no seu Estado e Regi\u00e3o!","robots":{"index":"index","follow":"follow","max-snippet":"max-snippet:-1","max-image-preview":"max-image-preview:large","max-video-preview":"max-video-preview:-1"},"canonical":"https:\/\/www.vagadeempregorj.com.br\/ar\/o-que-acontece-com-o-fgts-retido-por-pedido-de-demissao\/","og_locale":"ar_AR","og_type":"article","og_title":"O que acontece com o FGTS retido por pedido de demiss\u00e3o? -","og_description":"Veja em Vagas de Emprego RJ as vagas de emprego com e sem experi\u00eancia no seu Estado e Regi\u00e3o!","og_url":"https:\/\/www.vagadeempregorj.com.br\/ar\/o-que-acontece-com-o-fgts-retido-por-pedido-de-demissao\/","article_publisher":"https:\/\/www.facebook.com\/empregobrasiloficial","article_published_time":"2024-07-05T04:00:00+00:00","og_image":[{"width":740,"height":491,"url":"https:\/\/www.vagadeempregorj.com.br\/wp-content\/uploads\/2024\/07\/image-6.png","type":"image\/png"}],"author":"Michele","twitter_card":"summary_large_image","twitter_misc":{"Written by":"Michele","Est. reading time":"3 \u062f\u0642\u0627\u0626\u0642"},"schema":{"@context":"https:\/\/schema.org","@graph":[{"@type":"Article","@id":"https:\/\/www.vagadeempregorj.com.br\/o-que-acontece-com-o-fgts-retido-por-pedido-de-demissao\/#article","isPartOf":{"@id":"https:\/\/www.vagadeempregorj.com.br\/o-que-acontece-com-o-fgts-retido-por-pedido-de-demissao\/"},"author":{"name":"Michele","@id":"https:\/\/www.vagadeempregorj.com.br\/#\/schema\/person\/3ddb19fa0539706786e502152f3aae95"},"headline":"O que acontece com o FGTS retido por pedido de demiss\u00e3o?","datePublished":"2024-07-05T04:00:00+00:00","mainEntityOfPage":{"@id":"https:\/\/www.vagadeempregorj.com.br\/o-que-acontece-com-o-fgts-retido-por-pedido-de-demissao\/"},"wordCount":664,"image":{"@id":"https:\/\/www.vagadeempregorj.com.br\/o-que-acontece-com-o-fgts-retido-por-pedido-de-demissao\/#primaryimage"},"thumbnailUrl":"https:\/\/www.vagadeempregorj.com.br\/wp-content\/uploads\/2024\/07\/image-6.png","articleSection":["Benef\u00edcios Sociais"],"inLanguage":"ar"},{"@type":"WebPage","@id":"https:\/\/www.vagadeempregorj.com.br\/o-que-acontece-com-o-fgts-retido-por-pedido-de-demissao\/","url":"https:\/\/www.vagadeempregorj.com.br\/o-que-acontece-com-o-fgts-retido-por-pedido-de-demissao\/","name":"O que acontece com o FGTS retido por pedido de demiss\u00e3o? -","isPartOf":{"@id":"https:\/\/www.vagadeempregorj.com.br\/#website"},"primaryImageOfPage":{"@id":"https:\/\/www.vagadeempregorj.com.br\/o-que-acontece-com-o-fgts-retido-por-pedido-de-demissao\/#primaryimage"},"image":{"@id":"https:\/\/www.vagadeempregorj.com.br\/o-que-acontece-com-o-fgts-retido-por-pedido-de-demissao\/#primaryimage"},"thumbnailUrl":"https:\/\/www.vagadeempregorj.com.br\/wp-content\/uploads\/2024\/07\/image-6.png","datePublished":"2024-07-05T04:00:00+00:00","author":{"@id":"https:\/\/www.vagadeempregorj.com.br\/#\/schema\/person\/3ddb19fa0539706786e502152f3aae95"},"description":"Veja em Vagas de Emprego RJ as vagas de emprego com e sem experi\u00eancia no seu Estado e Regi\u00e3o!","breadcrumb":{"@id":"https:\/\/www.vagadeempregorj.com.br\/o-que-acontece-com-o-fgts-retido-por-pedido-de-demissao\/#breadcrumb"},"inLanguage":"ar","potentialAction":[{"@type":"ReadAction","target":["https:\/\/www.vagadeempregorj.com.br\/o-que-acontece-com-o-fgts-retido-por-pedido-de-demissao\/"]}]},{"@type":"ImageObject","inLanguage":"ar","@id":"https:\/\/www.vagadeempregorj.com.br\/o-que-acontece-com-o-fgts-retido-por-pedido-de-demissao\/#primaryimage","url":"https:\/\/www.vagadeempregorj.com.br\/wp-content\/uploads\/2024\/07\/image-6.png","contentUrl":"https:\/\/www.vagadeempregorj.com.br\/wp-content\/uploads\/2024\/07\/image-6.png","width":740,"height":491},{"@type":"BreadcrumbList","@id":"https:\/\/www.vagadeempregorj.com.br\/o-que-acontece-com-o-fgts-retido-por-pedido-de-demissao\/#breadcrumb","itemListElement":[{"@type":"ListItem","position":1,"name":"In\u00edcio","item":"https:\/\/www.vagadeempregorj.com.br\/"},{"@type":"ListItem","position":2,"name":"Benef\u00edcios Sociais","item":"https:\/\/www.vagadeempregorj.com.br\/beneficios-sociais\/"},{"@type":"ListItem","position":3,"name":"O que acontece com o FGTS retido por pedido de demiss\u00e3o?"}]},{"@type":"WebSite","@id":"https:\/\/www.vagadeempregorj.com.br\/#website","url":"https:\/\/www.vagadeempregorj.com.br\/","name":"","description":"Conquiste Sonhos: Vagas, Benef\u00edcios e Economia para Transformar Vidas e Alcan\u00e7ar Melhorias Cotidianas","potentialAction":[{"@type":"SearchAction","target":{"@type":"EntryPoint","urlTemplate":"https:\/\/www.vagadeempregorj.com.br\/?s={search_term_string}"},"query-input":{"@type":"PropertyValueSpecification","valueRequired":true,"valueName":"search_term_string"}}],"inLanguage":"ar"},{"@type":"Person","@id":"https:\/\/www.vagadeempregorj.com.br\/#\/schema\/person\/3ddb19fa0539706786e502152f3aae95","name":"Michele","image":{"@type":"ImageObject","inLanguage":"ar","@id":"https:\/\/secure.gravatar.com\/avatar\/6b0eb9d22841282815e2cd856a0061c45e1761cd54b22e952d98c4746939aa85?s=96&r=g","url":"https:\/\/secure.gravatar.com\/avatar\/6b0eb9d22841282815e2cd856a0061c45e1761cd54b22e952d98c4746939aa85?s=96&r=g","contentUrl":"https:\/\/secure.gravatar.com\/avatar\/6b0eb9d22841282815e2cd856a0061c45e1761cd54b22e952d98c4746939aa85?s=96&r=g","caption":"Michele"},"description":"Formada em Letras - Portugu\u00eas\/ Ingl\u00eas, e idealizadora do site Escritora de Sucesso, busca expandir o conhecimento de todos com informa\u00e7\u00f5es relevantes sobre diversos assuntos, enquanto redatora. No Vaga de Emprego RJ, traz oportunidades e dicas sobre o mercado de trabalho.","url":"https:\/\/www.vagadeempregorj.com.br\/ar\/author\/michele\/"}]}},"_links":{"self":[{"href":"https:\/\/www.vagadeempregorj.com.br\/ar\/wp-json\/wp\/v2\/posts\/39889","targetHints":{"allow":["GET"]}}],"collection":[{"href":"https:\/\/www.vagadeempregorj.com.br\/ar\/wp-json\/wp\/v2\/posts"}],"about":[{"href":"https:\/\/www.vagadeempregorj.com.br\/ar\/wp-json\/wp\/v2\/types\/post"}],"author":[{"embeddable":true,"href":"https:\/\/www.vagadeempregorj.com.br\/ar\/wp-json\/wp\/v2\/users\/16"}],"replies":[{"embeddable":true,"href":"https:\/\/www.vagadeempregorj.com.br\/ar\/wp-json\/wp\/v2\/comments?post=39889"}],"version-history":[{"count":0,"href":"https:\/\/www.vagadeempregorj.com.br\/ar\/wp-json\/wp\/v2\/posts\/39889\/revisions"}],"wp:featuredmedia":[{"embeddable":true,"href":"https:\/\/www.vagadeempregorj.com.br\/ar\/wp-json\/wp\/v2\/media\/39901"}],"wp:attachment":[{"href":"https:\/\/www.vagadeempregorj.com.br\/ar\/wp-json\/wp\/v2\/media?parent=39889"}],"wp:term":[{"taxonomy":"category","embeddable":true,"href":"https:\/\/www.vagadeempregorj.com.br\/ar\/wp-json\/wp\/v2\/categories?post=39889"},{"taxonomy":"post_tag","embeddable":true,"href":"https:\/\/www.vagadeempregorj.com.br\/ar\/wp-json\/wp\/v2\/tags?post=39889"}],"curies":[{"name":"wp","href":"https:\/\/api.w.org\/{rel}","templated":true}]}}