{"id":39897,"date":"2024-07-17T01:00:00","date_gmt":"2024-07-17T04:00:00","guid":{"rendered":"https:\/\/www.vagadeempregorj.com.br\/?p=39897"},"modified":"2024-07-02T21:24:47","modified_gmt":"2024-07-03T00:24:47","slug":"emprego-na-area-de-saude-7-empresas-que-estao-contratando","status":"publish","type":"post","link":"https:\/\/www.vagadeempregorj.com.br\/ar\/emprego-na-area-de-saude-7-empresas-que-estao-contratando\/","title":{"rendered":"Emprego na \u00e1rea de sa\u00fade: 7 empresas que est\u00e3o contratando"},"content":{"rendered":"<p>A demanda por profissionais da sa\u00fade tem crescido significativamente, impulsionada por diversos fatores, incluindo o envelhecimento da popula\u00e7\u00e3o, avan\u00e7os tecnol\u00f3gicos e novas necessidades de cuidado.&nbsp;<\/p>\n\n\n\n<h2 class=\"wp-block-heading\">Empresas que est\u00e3o contratando na \u00e1rea da sa\u00fade<\/h2>\n\n\n\n<p>Se voc\u00ea est\u00e1 procurando oportunidades de emprego nesse setor din\u00e2mico e essencial, aqui est\u00e3o 7 empresas que est\u00e3o contratando e que podem oferecer a oportunidade que voc\u00ea est\u00e1 buscando.<\/p>\n\n\n\n<h3 class=\"wp-block-heading\">1. Hospital S\u00edrio-Liban\u00eas<\/h3>\n\n\n\n<p>O Hospital S\u00edrio-Liban\u00eas \u00e9 uma institui\u00e7\u00e3o renomada no cen\u00e1rio da sa\u00fade brasileira, conhecida pela excel\u00eancia em atendimento e inova\u00e7\u00e3o.&nbsp;<\/p>\n\n\n\n<p>Regularmente, o hospital abre vagas para profissionais de diversas \u00e1reas da sa\u00fade, desde m\u00e9dicos e enfermeiros at\u00e9 fisioterapeutas e t\u00e9cnicos especializados.&nbsp;<\/p>\n\n\n\n<p>A institui\u00e7\u00e3o valoriza o desenvolvimento profissional cont\u00ednuo e oferece um ambiente de trabalho colaborativo e estimulante.<\/p>\n\n\n\n<figure class=\"wp-block-image size-full is-resized\"><img loading=\"lazy\" decoding=\"async\" width=\"740\" height=\"493\" src=\"https:\/\/www.vagadeempregorj.com.br\/wp-content\/uploads\/2024\/07\/image-10.png\" alt=\"\" class=\"wp-image-39909\" style=\"width:840px;height:auto\" srcset=\"https:\/\/www.vagadeempregorj.com.br\/wp-content\/uploads\/2024\/07\/image-10.png 740w, https:\/\/www.vagadeempregorj.com.br\/wp-content\/uploads\/2024\/07\/image-10-300x200.png 300w, https:\/\/www.vagadeempregorj.com.br\/wp-content\/uploads\/2024\/07\/image-10-150x100.png 150w\" sizes=\"auto, (max-width: 740px) 100vw, 740px\" \/><\/figure>\n\n\n\n<h3 class=\"wp-block-heading\">2. Rede D'Or S\u00e3o Luiz<\/h3>\n\n\n\n<p>A Rede D'Or S\u00e3o Luiz \u00e9 uma das maiores redes de hospitais privados do Brasil, com unidades espalhadas por v\u00e1rias regi\u00f5es do pa\u00eds.&nbsp;<\/p>\n\n\n\n<p>Com um compromisso com a qualidade e a seguran\u00e7a do paciente, a Rede frequentemente recruta profissionais para suas unidades hospitalares e cl\u00ednicas especializadas. As oportunidades incluem desde cargos administrativos at\u00e9 especializa\u00e7\u00f5es m\u00e9dicas e terap\u00eauticas avan\u00e7adas.<\/p>\n\n\n\n<h3 class=\"wp-block-heading\">3. Hospitals of Providence<\/h3>\n\n\n\n<p>Localizada nos Estados Unidos, a Hospitals of Providence \u00e9 uma rede hospitalar que oferece oportunidades para profissionais da sa\u00fade tanto na assist\u00eancia direta ao paciente quanto em fun\u00e7\u00f5es administrativas e de suporte.&nbsp;<\/p>\n\n\n\n<p>Com uma cultura organizacional centrada na qualidade do atendimento e na inova\u00e7\u00e3o m\u00e9dica, a empresa busca constantemente expandir sua equipe com talentos dedicados e apaixonados pelo cuidado com a sa\u00fade.<\/p>\n\n\n\n<h3 class=\"wp-block-heading\">4. Johnson & Johnson<\/h3>\n\n\n\n<p>Como uma das maiores empresas de sa\u00fade do mundo, a Johnson & Johnson n\u00e3o s\u00f3 fabrica produtos farmac\u00eauticos e dispositivos m\u00e9dicos, mas tamb\u00e9m emprega profissionais em diversas \u00e1reas, desde pesquisa e desenvolvimento at\u00e9 vendas e marketing.&nbsp;<\/p>\n\n\n\n<p>A empresa valoriza a diversidade e a inclus\u00e3o, oferecendo oportunidades para profissionais de diversas forma\u00e7\u00f5es e n\u00edveis de experi\u00eancia contribu\u00edrem para avan\u00e7os significativos na \u00e1rea da sa\u00fade.<\/p>\n\n\n\n<h3 class=\"wp-block-heading\">5. UnitedHealth Group<\/h3>\n\n\n\n<p>O UnitedHealth Group \u00e9 uma empresa global de sa\u00fade e bem-estar, que oferece uma ampla gama de servi\u00e7os de sa\u00fade, incluindo seguros, tecnologias de informa\u00e7\u00e3o em sa\u00fade e servi\u00e7os de assist\u00eancia m\u00e9dica direta.&nbsp;<\/p>\n\n\n\n<p>Com uma cultura corporativa focada na inova\u00e7\u00e3o e na melhoria cont\u00ednua do sistema de sa\u00fade, a empresa busca constantemente novos talentos para suas equipes ao redor do mundo.<\/p>\n\n\n\n<h3 class=\"wp-block-heading\">6. Amil<\/h3>\n\n\n\n<p>Parte do grupo UnitedHealth, a Amil \u00e9 uma das maiores operadoras de planos de sa\u00fade do Brasil. Al\u00e9m de oferecer servi\u00e7os de assist\u00eancia m\u00e9dica, tamb\u00e9m emprega uma grande variedade de profissionais da sa\u00fade em suas redes de hospitais, cl\u00ednicas e centros de diagn\u00f3stico.&nbsp;<\/p>\n\n\n\n<p>A empresa valoriza a qualidade do atendimento ao paciente e investe no desenvolvimento de seus colaboradores, proporcionando um ambiente de trabalho desafiador e gratificante.<\/p>\n\n\n\n<h3 class=\"wp-block-heading\">7. Novartis<\/h3>\n\n\n\n<p>A Novartis \u00e9 uma empresa farmac\u00eautica global com foco em inova\u00e7\u00e3o e pesquisa cient\u00edfica. Al\u00e9m de desenvolver medicamentos inovadores, a empresa tamb\u00e9m investe em programas de sa\u00fade p\u00fablica e pesquisa cl\u00ednica.&nbsp;<\/p>\n\n\n\n<p>Com oportunidades em diversas \u00e1reas, incluindo pesquisa, desenvolvimento de produtos, marketing e vendas, oferece um ambiente de trabalho din\u00e2mico e colaborativo para profissionais interessados em fazer a diferen\u00e7a na vida das pessoas atrav\u00e9s da ci\u00eancia e da sa\u00fade.<\/p>\n\n\n\n<h2 class=\"wp-block-heading\">Como se candidatar<\/h2>\n\n\n\n<p>Para se candidatar a uma vaga em uma dessas empresas, \u00e9 importante estar preparado. Revise seu curr\u00edculo para destacar suas habilidades relevantes e experi\u00eancia na \u00e1rea da sa\u00fade.&nbsp;<\/p>\n\n\n\n<p>Al\u00e9m disso, esteja pronto para participar de entrevistas que possam incluir perguntas t\u00e9cnicas e comportamentais, demonstrando seu comprometimento com a qualidade do servi\u00e7o e a melhoria cont\u00ednua.<\/p>\n\n\n\n<p>Antes de enviar sua candidatura, pesquise sobre a empresa e entenda sua miss\u00e3o, vis\u00e3o e valores. Isso n\u00e3o s\u00f3 ajudar\u00e1 voc\u00ea a se preparar melhor para as entrevistas, mas tamb\u00e9m garantir\u00e1 que esteja alinhado com a cultura organizacional da empresa.<\/p>\n\n\n\n<h2 class=\"wp-block-heading\">Investindo em sua carreira profissional<\/h2>\n\n\n\n<p>Encontrar um emprego na \u00e1rea de sa\u00fade pode ser uma jornada desafiadora, mas tamb\u00e9m extremamente gratificante. As empresas mencionadas oferecem oportunidades para profissionais motivados que desejam fazer a diferen\u00e7a na vida das pessoas atrav\u00e9s do cuidado com a sa\u00fade, inova\u00e7\u00e3o m\u00e9dica e pesquisa cient\u00edfica.&nbsp;<\/p>\n\n\n\n<p>Ao se candidatar a uma vaga em uma dessas empresas, voc\u00ea n\u00e3o s\u00f3 estar\u00e1 investindo em sua carreira profissional, mas tamb\u00e9m contribuindo para um setor vital que continua a evoluir e expandir para atender \u00e0s necessidades da sociedade moderna.<\/p>\n\n\n\n<p><strong>Veja tamb\u00e9m: <a href=\"https:\/\/www.vagadeempregorj.com.br\/ar\/emprego-na-area-de-vigilante-6-empresas-contratando\/\">Emprego na \u00e1rea de vigilante: 6 empresas contratando<\/a><\/strong><\/p>\n\n\n\n<p>17 de julho de 2024<\/p>","protected":false},"excerpt":{"rendered":"<p>A demanda por profissionais da sa\u00fade tem crescido significativamente, impulsionada por diversos fatores, incluindo o envelhecimento da popula\u00e7\u00e3o, avan\u00e7os tecnol\u00f3gicos e novas necessidades de cuidado.&nbsp; Empresas que est\u00e3o contratando na \u00e1rea da sa\u00fade Se voc\u00ea est\u00e1 procurando oportunidades de emprego nesse setor din\u00e2mico e essencial, aqui est\u00e3o 7 empresas que est\u00e3o contratando e que podem&hellip;&nbsp;<\/p>","protected":false},"author":16,"featured_media":39909,"comment_status":"closed","ping_status":"closed","sticky":false,"template":"","format":"standard","meta":{"neve_meta_sidebar":"","neve_meta_container":"","neve_meta_enable_content_width":"","neve_meta_content_width":0,"neve_meta_title_alignment":"","neve_meta_author_avatar":"","neve_post_elements_order":"","neve_meta_disable_header":"","neve_meta_disable_footer":"","neve_meta_disable_title":"","footnotes":""},"categories":[123],"tags":[],"class_list":["post-39897","post","type-post","status-publish","format-standard","has-post-thumbnail","hentry","category-vagas-de-emprego-nacionais"],"yoast_head":"<!-- This site is optimized with the Yoast SEO plugin v27.5 - https:\/\/yoast.com\/product\/yoast-seo-wordpress\/ -->\n<title>Emprego na \u00e1rea de sa\u00fade: 7 empresas que est\u00e3o contratando -<\/title>\n<meta name=\"description\" content=\"Veja em Vagas de Emprego RJ as vagas de emprego com e sem experi\u00eancia no seu Estado e Regi\u00e3o!\" \/>\n<meta name=\"robots\" content=\"index, follow, max-snippet:-1, max-image-preview:large, max-video-preview:-1\" \/>\n<link rel=\"canonical\" href=\"https:\/\/www.vagadeempregorj.com.br\/ar\/emprego-na-area-de-saude-7-empresas-que-estao-contratando\/\" \/>\n<meta property=\"og:locale\" content=\"ar_AR\" \/>\n<meta property=\"og:type\" content=\"article\" \/>\n<meta property=\"og:title\" content=\"Emprego na \u00e1rea de sa\u00fade: 7 empresas que est\u00e3o contratando -\" \/>\n<meta property=\"og:description\" content=\"Veja em Vagas de Emprego RJ as vagas de emprego com e sem experi\u00eancia no seu Estado e Regi\u00e3o!\" \/>\n<meta property=\"og:url\" content=\"https:\/\/www.vagadeempregorj.com.br\/ar\/emprego-na-area-de-saude-7-empresas-que-estao-contratando\/\" \/>\n<meta property=\"article:publisher\" content=\"https:\/\/www.facebook.com\/empregobrasiloficial\" \/>\n<meta property=\"article:published_time\" content=\"2024-07-17T04:00:00+00:00\" \/>\n<meta property=\"og:image\" content=\"https:\/\/www.vagadeempregorj.com.br\/wp-content\/uploads\/2024\/07\/image-10.png\" \/>\n\t<meta property=\"og:image:width\" content=\"740\" \/>\n\t<meta property=\"og:image:height\" content=\"493\" \/>\n\t<meta property=\"og:image:type\" content=\"image\/png\" \/>\n<meta name=\"author\" content=\"Michele\" \/>\n<meta name=\"twitter:card\" content=\"summary_large_image\" \/>\n<meta name=\"twitter:label1\" content=\"\u0643\u064f\u062a\u0628 \u0628\u0648\u0627\u0633\u0637\u0629\" \/>\n\t<meta name=\"twitter:data1\" content=\"Michele\" \/>\n\t<meta name=\"twitter:label2\" content=\"\u0648\u0642\u062a \u0627\u0644\u0642\u0631\u0627\u0621\u0629 \u0627\u0644\u0645\u064f\u0642\u062f\u0651\u0631\" \/>\n\t<meta name=\"twitter:data2\" content=\"4 \u062f\u0642\u0627\u0626\u0642\" \/>\n<script type=\"application\/ld+json\" class=\"yoast-schema-graph\">{\"@context\":\"https:\\\/\\\/schema.org\",\"@graph\":[{\"@type\":\"Article\",\"@id\":\"https:\\\/\\\/www.vagadeempregorj.com.br\\\/emprego-na-area-de-saude-7-empresas-que-estao-contratando\\\/#article\",\"isPartOf\":{\"@id\":\"https:\\\/\\\/www.vagadeempregorj.com.br\\\/emprego-na-area-de-saude-7-empresas-que-estao-contratando\\\/\"},\"author\":{\"name\":\"Michele\",\"@id\":\"https:\\\/\\\/www.vagadeempregorj.com.br\\\/#\\\/schema\\\/person\\\/3ddb19fa0539706786e502152f3aae95\"},\"headline\":\"Emprego na \u00e1rea de sa\u00fade: 7 empresas que est\u00e3o contratando\",\"datePublished\":\"2024-07-17T04:00:00+00:00\",\"mainEntityOfPage\":{\"@id\":\"https:\\\/\\\/www.vagadeempregorj.com.br\\\/emprego-na-area-de-saude-7-empresas-que-estao-contratando\\\/\"},\"wordCount\":835,\"image\":{\"@id\":\"https:\\\/\\\/www.vagadeempregorj.com.br\\\/emprego-na-area-de-saude-7-empresas-que-estao-contratando\\\/#primaryimage\"},\"thumbnailUrl\":\"https:\\\/\\\/www.vagadeempregorj.com.br\\\/wp-content\\\/uploads\\\/2024\\\/07\\\/image-10.png\",\"articleSection\":[\"Vagas de Emprego Nacionais\"],\"inLanguage\":\"ar\"},{\"@type\":\"WebPage\",\"@id\":\"https:\\\/\\\/www.vagadeempregorj.com.br\\\/emprego-na-area-de-saude-7-empresas-que-estao-contratando\\\/\",\"url\":\"https:\\\/\\\/www.vagadeempregorj.com.br\\\/emprego-na-area-de-saude-7-empresas-que-estao-contratando\\\/\",\"name\":\"Emprego na \u00e1rea de sa\u00fade: 7 empresas que est\u00e3o contratando -\",\"isPartOf\":{\"@id\":\"https:\\\/\\\/www.vagadeempregorj.com.br\\\/#website\"},\"primaryImageOfPage\":{\"@id\":\"https:\\\/\\\/www.vagadeempregorj.com.br\\\/emprego-na-area-de-saude-7-empresas-que-estao-contratando\\\/#primaryimage\"},\"image\":{\"@id\":\"https:\\\/\\\/www.vagadeempregorj.com.br\\\/emprego-na-area-de-saude-7-empresas-que-estao-contratando\\\/#primaryimage\"},\"thumbnailUrl\":\"https:\\\/\\\/www.vagadeempregorj.com.br\\\/wp-content\\\/uploads\\\/2024\\\/07\\\/image-10.png\",\"datePublished\":\"2024-07-17T04:00:00+00:00\",\"author\":{\"@id\":\"https:\\\/\\\/www.vagadeempregorj.com.br\\\/#\\\/schema\\\/person\\\/3ddb19fa0539706786e502152f3aae95\"},\"description\":\"Veja em Vagas de Emprego RJ as vagas de emprego com e sem experi\u00eancia no seu Estado e Regi\u00e3o!\",\"breadcrumb\":{\"@id\":\"https:\\\/\\\/www.vagadeempregorj.com.br\\\/emprego-na-area-de-saude-7-empresas-que-estao-contratando\\\/#breadcrumb\"},\"inLanguage\":\"ar\",\"potentialAction\":[{\"@type\":\"ReadAction\",\"target\":[\"https:\\\/\\\/www.vagadeempregorj.com.br\\\/emprego-na-area-de-saude-7-empresas-que-estao-contratando\\\/\"]}]},{\"@type\":\"ImageObject\",\"inLanguage\":\"ar\",\"@id\":\"https:\\\/\\\/www.vagadeempregorj.com.br\\\/emprego-na-area-de-saude-7-empresas-que-estao-contratando\\\/#primaryimage\",\"url\":\"https:\\\/\\\/www.vagadeempregorj.com.br\\\/wp-content\\\/uploads\\\/2024\\\/07\\\/image-10.png\",\"contentUrl\":\"https:\\\/\\\/www.vagadeempregorj.com.br\\\/wp-content\\\/uploads\\\/2024\\\/07\\\/image-10.png\",\"width\":740,\"height\":493},{\"@type\":\"BreadcrumbList\",\"@id\":\"https:\\\/\\\/www.vagadeempregorj.com.br\\\/emprego-na-area-de-saude-7-empresas-que-estao-contratando\\\/#breadcrumb\",\"itemListElement\":[{\"@type\":\"ListItem\",\"position\":1,\"name\":\"In\u00edcio\",\"item\":\"https:\\\/\\\/www.vagadeempregorj.com.br\\\/\"},{\"@type\":\"ListItem\",\"position\":2,\"name\":\"Vagas de Emprego Nacionais\",\"item\":\"https:\\\/\\\/www.vagadeempregorj.com.br\\\/vagas-de-emprego-nacionais\\\/\"},{\"@type\":\"ListItem\",\"position\":3,\"name\":\"Emprego na \u00e1rea de sa\u00fade: 7 empresas que est\u00e3o contratando\"}]},{\"@type\":\"WebSite\",\"@id\":\"https:\\\/\\\/www.vagadeempregorj.com.br\\\/#website\",\"url\":\"https:\\\/\\\/www.vagadeempregorj.com.br\\\/\",\"name\":\"\",\"description\":\"Conquiste Sonhos: Vagas, Benef\u00edcios e Economia para Transformar Vidas e Alcan\u00e7ar Melhorias Cotidianas\",\"potentialAction\":[{\"@type\":\"SearchAction\",\"target\":{\"@type\":\"EntryPoint\",\"urlTemplate\":\"https:\\\/\\\/www.vagadeempregorj.com.br\\\/?s={search_term_string}\"},\"query-input\":{\"@type\":\"PropertyValueSpecification\",\"valueRequired\":true,\"valueName\":\"search_term_string\"}}],\"inLanguage\":\"ar\"},{\"@type\":\"Person\",\"@id\":\"https:\\\/\\\/www.vagadeempregorj.com.br\\\/#\\\/schema\\\/person\\\/3ddb19fa0539706786e502152f3aae95\",\"name\":\"Michele\",\"image\":{\"@type\":\"ImageObject\",\"inLanguage\":\"ar\",\"@id\":\"https:\\\/\\\/secure.gravatar.com\\\/avatar\\\/6b0eb9d22841282815e2cd856a0061c45e1761cd54b22e952d98c4746939aa85?s=96&r=g\",\"url\":\"https:\\\/\\\/secure.gravatar.com\\\/avatar\\\/6b0eb9d22841282815e2cd856a0061c45e1761cd54b22e952d98c4746939aa85?s=96&r=g\",\"contentUrl\":\"https:\\\/\\\/secure.gravatar.com\\\/avatar\\\/6b0eb9d22841282815e2cd856a0061c45e1761cd54b22e952d98c4746939aa85?s=96&r=g\",\"caption\":\"Michele\"},\"description\":\"Formada em Letras - Portugu\u00eas\\\/ Ingl\u00eas, e idealizadora do site Escritora de Sucesso, busca expandir o conhecimento de todos com informa\u00e7\u00f5es relevantes sobre diversos assuntos, enquanto redatora. No Vaga de Emprego RJ, traz oportunidades e dicas sobre o mercado de trabalho.\",\"url\":\"https:\\\/\\\/www.vagadeempregorj.com.br\\\/ar\\\/author\\\/michele\\\/\"}]}<\/script>\n<!-- \/ Yoast SEO plugin. -->","yoast_head_json":{"title":"Emprego na \u00e1rea de sa\u00fade: 7 empresas que est\u00e3o contratando -","description":"Veja em Vagas de Emprego RJ as vagas de emprego com e sem experi\u00eancia no seu Estado e Regi\u00e3o!","robots":{"index":"index","follow":"follow","max-snippet":"max-snippet:-1","max-image-preview":"max-image-preview:large","max-video-preview":"max-video-preview:-1"},"canonical":"https:\/\/www.vagadeempregorj.com.br\/ar\/emprego-na-area-de-saude-7-empresas-que-estao-contratando\/","og_locale":"ar_AR","og_type":"article","og_title":"Emprego na \u00e1rea de sa\u00fade: 7 empresas que est\u00e3o contratando -","og_description":"Veja em Vagas de Emprego RJ as vagas de emprego com e sem experi\u00eancia no seu Estado e Regi\u00e3o!","og_url":"https:\/\/www.vagadeempregorj.com.br\/ar\/emprego-na-area-de-saude-7-empresas-que-estao-contratando\/","article_publisher":"https:\/\/www.facebook.com\/empregobrasiloficial","article_published_time":"2024-07-17T04:00:00+00:00","og_image":[{"width":740,"height":493,"url":"https:\/\/www.vagadeempregorj.com.br\/wp-content\/uploads\/2024\/07\/image-10.png","type":"image\/png"}],"author":"Michele","twitter_card":"summary_large_image","twitter_misc":{"\u0643\u064f\u062a\u0628 \u0628\u0648\u0627\u0633\u0637\u0629":"Michele","\u0648\u0642\u062a \u0627\u0644\u0642\u0631\u0627\u0621\u0629 \u0627\u0644\u0645\u064f\u0642\u062f\u0651\u0631":"4 \u062f\u0642\u0627\u0626\u0642"},"schema":{"@context":"https:\/\/schema.org","@graph":[{"@type":"Article","@id":"https:\/\/www.vagadeempregorj.com.br\/emprego-na-area-de-saude-7-empresas-que-estao-contratando\/#article","isPartOf":{"@id":"https:\/\/www.vagadeempregorj.com.br\/emprego-na-area-de-saude-7-empresas-que-estao-contratando\/"},"author":{"name":"Michele","@id":"https:\/\/www.vagadeempregorj.com.br\/#\/schema\/person\/3ddb19fa0539706786e502152f3aae95"},"headline":"Emprego na \u00e1rea de sa\u00fade: 7 empresas que est\u00e3o contratando","datePublished":"2024-07-17T04:00:00+00:00","mainEntityOfPage":{"@id":"https:\/\/www.vagadeempregorj.com.br\/emprego-na-area-de-saude-7-empresas-que-estao-contratando\/"},"wordCount":835,"image":{"@id":"https:\/\/www.vagadeempregorj.com.br\/emprego-na-area-de-saude-7-empresas-que-estao-contratando\/#primaryimage"},"thumbnailUrl":"https:\/\/www.vagadeempregorj.com.br\/wp-content\/uploads\/2024\/07\/image-10.png","articleSection":["Vagas de Emprego Nacionais"],"inLanguage":"ar"},{"@type":"WebPage","@id":"https:\/\/www.vagadeempregorj.com.br\/emprego-na-area-de-saude-7-empresas-que-estao-contratando\/","url":"https:\/\/www.vagadeempregorj.com.br\/emprego-na-area-de-saude-7-empresas-que-estao-contratando\/","name":"Emprego na \u00e1rea de sa\u00fade: 7 empresas que est\u00e3o contratando -","isPartOf":{"@id":"https:\/\/www.vagadeempregorj.com.br\/#website"},"primaryImageOfPage":{"@id":"https:\/\/www.vagadeempregorj.com.br\/emprego-na-area-de-saude-7-empresas-que-estao-contratando\/#primaryimage"},"image":{"@id":"https:\/\/www.vagadeempregorj.com.br\/emprego-na-area-de-saude-7-empresas-que-estao-contratando\/#primaryimage"},"thumbnailUrl":"https:\/\/www.vagadeempregorj.com.br\/wp-content\/uploads\/2024\/07\/image-10.png","datePublished":"2024-07-17T04:00:00+00:00","author":{"@id":"https:\/\/www.vagadeempregorj.com.br\/#\/schema\/person\/3ddb19fa0539706786e502152f3aae95"},"description":"Veja em Vagas de Emprego RJ as vagas de emprego com e sem experi\u00eancia no seu Estado e Regi\u00e3o!","breadcrumb":{"@id":"https:\/\/www.vagadeempregorj.com.br\/emprego-na-area-de-saude-7-empresas-que-estao-contratando\/#breadcrumb"},"inLanguage":"ar","potentialAction":[{"@type":"ReadAction","target":["https:\/\/www.vagadeempregorj.com.br\/emprego-na-area-de-saude-7-empresas-que-estao-contratando\/"]}]},{"@type":"ImageObject","inLanguage":"ar","@id":"https:\/\/www.vagadeempregorj.com.br\/emprego-na-area-de-saude-7-empresas-que-estao-contratando\/#primaryimage","url":"https:\/\/www.vagadeempregorj.com.br\/wp-content\/uploads\/2024\/07\/image-10.png","contentUrl":"https:\/\/www.vagadeempregorj.com.br\/wp-content\/uploads\/2024\/07\/image-10.png","width":740,"height":493},{"@type":"BreadcrumbList","@id":"https:\/\/www.vagadeempregorj.com.br\/emprego-na-area-de-saude-7-empresas-que-estao-contratando\/#breadcrumb","itemListElement":[{"@type":"ListItem","position":1,"name":"In\u00edcio","item":"https:\/\/www.vagadeempregorj.com.br\/"},{"@type":"ListItem","position":2,"name":"Vagas de Emprego Nacionais","item":"https:\/\/www.vagadeempregorj.com.br\/vagas-de-emprego-nacionais\/"},{"@type":"ListItem","position":3,"name":"Emprego na \u00e1rea de sa\u00fade: 7 empresas que est\u00e3o contratando"}]},{"@type":"WebSite","@id":"https:\/\/www.vagadeempregorj.com.br\/#website","url":"https:\/\/www.vagadeempregorj.com.br\/","name":"","description":"\u062a\u062d\u0642\u064a\u0642 \u0627\u0644\u0623\u062d\u0644\u0627\u0645: \u0641\u0631\u0635 \u0639\u0645\u0644\u060c \u0645\u0632\u0627\u064a\u0627\u060c \u0648\u062a\u0648\u0641\u064a\u0631\u0627\u062a \u0644\u062a\u063a\u064a\u064a\u0631 \u0627\u0644\u062d\u064a\u0627\u0629 \u0648\u062a\u062d\u0642\u064a\u0642 \u062a\u062d\u0633\u064a\u0646\u0627\u062a \u064a\u0648\u0645\u064a\u0629","potentialAction":[{"@type":"SearchAction","target":{"@type":"EntryPoint","urlTemplate":"https:\/\/www.vagadeempregorj.com.br\/?s={search_term_string}"},"query-input":{"@type":"PropertyValueSpecification","valueRequired":true,"valueName":"search_term_string"}}],"inLanguage":"ar"},{"@type":"Person","@id":"https:\/\/www.vagadeempregorj.com.br\/#\/schema\/person\/3ddb19fa0539706786e502152f3aae95","name":"Michele","image":{"@type":"ImageObject","inLanguage":"ar","@id":"https:\/\/secure.gravatar.com\/avatar\/6b0eb9d22841282815e2cd856a0061c45e1761cd54b22e952d98c4746939aa85?s=96&r=g","url":"https:\/\/secure.gravatar.com\/avatar\/6b0eb9d22841282815e2cd856a0061c45e1761cd54b22e952d98c4746939aa85?s=96&r=g","contentUrl":"https:\/\/secure.gravatar.com\/avatar\/6b0eb9d22841282815e2cd856a0061c45e1761cd54b22e952d98c4746939aa85?s=96&r=g","caption":"Michele"},"description":"Formada em Letras - Portugu\u00eas\/ Ingl\u00eas, e idealizadora do site Escritora de Sucesso, busca expandir o conhecimento de todos com informa\u00e7\u00f5es relevantes sobre diversos assuntos, enquanto redatora. No Vaga de Emprego RJ, traz oportunidades e dicas sobre o mercado de trabalho.","url":"https:\/\/www.vagadeempregorj.com.br\/ar\/author\/michele\/"}]}},"_links":{"self":[{"href":"https:\/\/www.vagadeempregorj.com.br\/ar\/wp-json\/wp\/v2\/posts\/39897","targetHints":{"allow":["GET"]}}],"collection":[{"href":"https:\/\/www.vagadeempregorj.com.br\/ar\/wp-json\/wp\/v2\/posts"}],"about":[{"href":"https:\/\/www.vagadeempregorj.com.br\/ar\/wp-json\/wp\/v2\/types\/post"}],"author":[{"embeddable":true,"href":"https:\/\/www.vagadeempregorj.com.br\/ar\/wp-json\/wp\/v2\/users\/16"}],"replies":[{"embeddable":true,"href":"https:\/\/www.vagadeempregorj.com.br\/ar\/wp-json\/wp\/v2\/comments?post=39897"}],"version-history":[{"count":0,"href":"https:\/\/www.vagadeempregorj.com.br\/ar\/wp-json\/wp\/v2\/posts\/39897\/revisions"}],"wp:featuredmedia":[{"embeddable":true,"href":"https:\/\/www.vagadeempregorj.com.br\/ar\/wp-json\/wp\/v2\/media\/39909"}],"wp:attachment":[{"href":"https:\/\/www.vagadeempregorj.com.br\/ar\/wp-json\/wp\/v2\/media?parent=39897"}],"wp:term":[{"taxonomy":"category","embeddable":true,"href":"https:\/\/www.vagadeempregorj.com.br\/ar\/wp-json\/wp\/v2\/categories?post=39897"},{"taxonomy":"post_tag","embeddable":true,"href":"https:\/\/www.vagadeempregorj.com.br\/ar\/wp-json\/wp\/v2\/tags?post=39897"}],"curies":[{"name":"wp","href":"https:\/\/api.w.org\/{rel}","templated":true}]}}