{"id":39927,"date":"2024-07-11T20:31:43","date_gmt":"2024-07-11T23:31:43","guid":{"rendered":"https:\/\/www.vagadeempregorj.com.br\/?p=39927"},"modified":"2024-07-11T20:31:44","modified_gmt":"2024-07-11T23:31:44","slug":"vagas-de-emprego-na-estacio-mais-de-300-oportunidades-abertas","status":"publish","type":"post","link":"https:\/\/www.vagadeempregorj.com.br\/ar\/vagas-de-emprego-na-estacio-mais-de-300-oportunidades-abertas\/","title":{"rendered":"Vagas de emprego na Est\u00e1cio: Mais de 300 oportunidades abertas"},"content":{"rendered":"<p>No cen\u00e1rio din\u00e2mico do mercado de trabalho brasileiro, encontrar oportunidades de emprego em institui\u00e7\u00f5es de renome \u00e9 um passo crucial para muitos profissionais. A Est\u00e1cio, uma das maiores redes de ensino superior do pa\u00eds, anunciou recentemente a abertura de mais de 300 vagas em diversas \u00e1reas.&nbsp;<\/p>\n\n\n\n<p>Essas oportunidades n\u00e3o apenas representam um impulso significativo para a economia local, mas tamb\u00e9m oferecem aos candidatos a chance de contribuir para uma institui\u00e7\u00e3o que valoriza a educa\u00e7\u00e3o de qualidade e a inova\u00e7\u00e3o no ensino.<\/p>\n\n\n\n<h2 class=\"wp-block-heading\">Sobre a Est\u00e1cio<\/h2>\n\n\n\n<p>Fundada em 1970, a Est\u00e1cio \u00e9 uma institui\u00e7\u00e3o com uma hist\u00f3ria rica e um compromisso firme com a educa\u00e7\u00e3o superior acess\u00edvel e de qualidade. Com uma rede de unidades em todo o Brasil, a institui\u00e7\u00e3o se destaca n\u00e3o apenas pelo seu tamanho, mas tamb\u00e9m pela diversidade de cursos oferecidos e pela infraestrutura que suporta o aprendizado dos seus alunos.<\/p>\n\n\n\n<figure class=\"wp-block-image size-full\"><img loading=\"lazy\" decoding=\"async\" width=\"1024\" height=\"481\" src=\"https:\/\/www.vagadeempregorj.com.br\/wp-content\/uploads\/2024\/07\/image-16.png\" alt=\"\" class=\"wp-image-39934\" srcset=\"https:\/\/www.vagadeempregorj.com.br\/wp-content\/uploads\/2024\/07\/image-16.png 1024w, https:\/\/www.vagadeempregorj.com.br\/wp-content\/uploads\/2024\/07\/image-16-300x141.png 300w, https:\/\/www.vagadeempregorj.com.br\/wp-content\/uploads\/2024\/07\/image-16-768x361.png 768w, https:\/\/www.vagadeempregorj.com.br\/wp-content\/uploads\/2024\/07\/image-16-150x70.png 150w\" sizes=\"auto, (max-width: 1024px) 100vw, 1024px\" \/><\/figure>\n\n\n\n<p>A Est\u00e1cio acredita que investir em pessoas \u00e9 fundamental para o seu crescimento cont\u00ednuo e para a melhoria da experi\u00eancia educacional oferecida aos estudantes. Al\u00e9m de buscar a excel\u00eancia acad\u00eamica, a institui\u00e7\u00e3o valoriza a inova\u00e7\u00e3o, a inclus\u00e3o e a colabora\u00e7\u00e3o como pilares fundamentais para o sucesso de sua miss\u00e3o educacional.<\/p>\n\n\n\n<h2 class=\"wp-block-heading\">Oportunidades de emprego abertas na Est\u00e1cio<\/h2>\n\n\n\n<p>Com mais de 300 vagas dispon\u00edveis, a Est\u00e1cio oferece oportunidades em diversas \u00e1reas e n\u00edveis de experi\u00eancia. Entre as \u00e1reas com maior demanda est\u00e3o:<\/p>\n\n\n\n<h3 class=\"wp-block-heading\">Administra\u00e7\u00e3o e gest\u00e3o<\/h3>\n\n\n\n<p>Vagas para profissionais com experi\u00eancia em administra\u00e7\u00e3o educacional, gest\u00e3o de recursos humanos, gest\u00e3o financeira, entre outras \u00e1reas relacionadas \u00e0 administra\u00e7\u00e3o de institui\u00e7\u00f5es de ensino superior.<\/p>\n\n\n\n<h3 class=\"wp-block-heading\">Tecnologia da informa\u00e7\u00e3o<\/h3>\n\n\n\n<p>Oportunidades para desenvolvedores, analistas de sistemas, gestores de projetos de TI, suporte t\u00e9cnico e outras especializa\u00e7\u00f5es voltadas para a infraestrutura tecnol\u00f3gica necess\u00e1ria para suportar as opera\u00e7\u00f5es da institui\u00e7\u00e3o.<\/p>\n\n\n\n<h3 class=\"wp-block-heading\">Educa\u00e7\u00e3o e ensino<\/h3>\n\n\n\n<p>Vagas para professores, tutores e coordenadores pedag\u00f3gicos, tanto para cursos presenciais quanto para educa\u00e7\u00e3o a dist\u00e2ncia (EAD). A Est\u00e1cio valoriza profissionais comprometidos com a qualidade do ensino e com habilidades inovadoras para aprimorar m\u00e9todos de aprendizagem.<\/p>\n\n\n\n<h3 class=\"wp-block-heading\">Marketing e comunica\u00e7\u00e3o<\/h3>\n\n\n\n<p>Oportunidades para profissionais de marketing digital, comunica\u00e7\u00e3o institucional, designers gr\u00e1ficos, especialistas em m\u00eddias sociais e outros cargos voltados para fortalecer a imagem da Est\u00e1cio e atrair novos alunos.<\/p>\n\n\n\n<h3 class=\"wp-block-heading\">Suporte administrativo<\/h3>\n\n\n\n<p>Vagas para assistentes administrativos, secret\u00e1rias, recepcionistas e outros profissionais que desempenham pap\u00e9is essenciais no suporte operacional e administrativo da institui\u00e7\u00e3o.<\/p>\n\n\n\n<p>Essas oportunidades n\u00e3o apenas oferecem um ambiente de trabalho din\u00e2mico e desafiador, mas tamb\u00e9m a possibilidade de crescimento profissional dentro de uma das maiores e mais respeitadas institui\u00e7\u00f5es de ensino do Brasil.<\/p>\n\n\n\n<h2 class=\"wp-block-heading\">Como se candidatar<\/h2>\n\n\n\n<p>Para se candidatar \u00e0s vagas na Est\u00e1cio, o processo \u00e9 conduzido atrav\u00e9s da <a href=\"https:\/\/vempraestacio.gupy.io\/\">plataforma Gupy<\/a>, um sistema moderno e eficiente de recrutamento e sele\u00e7\u00e3o. Siga os passos abaixo para garantir que sua candidatura seja considerada:<\/p>\n\n\n\n<ul class=\"wp-block-list\">\n<li><strong>Acesso \u00e0 plataforma Gupy<\/strong>: Visite o site oficial da Est\u00e1cio ou da Gupy para visualizar todas as vagas dispon\u00edveis. Cada vaga listada detalha os requisitos espec\u00edficos e as responsabilidades do cargo.<\/li>\n<\/ul>\n\n\n\n<ul class=\"wp-block-list\">\n<li><strong>Cadastro e perfil completo<\/strong>: Caso ainda n\u00e3o tenha um perfil na Gupy, ser\u00e1 necess\u00e1rio criar uma conta. Preencha todas as informa\u00e7\u00f5es solicitadas de maneira completa e precisa, destacando sua experi\u00eancia relevante e suas qualifica\u00e7\u00f5es.<\/li>\n<\/ul>\n\n\n\n<ul class=\"wp-block-list\">\n<li><strong>Pesquisa e candidatura<\/strong>: Utilize os filtros de busca na plataforma para encontrar vagas que correspondam ao seu perfil e interesse profissional. Leia atentamente os detalhes de cada vaga antes de enviar sua candidatura.<\/li>\n<\/ul>\n\n\n\n<ul class=\"wp-block-list\">\n<li><strong>Envio de documentos<\/strong>: Certifique-se de anexar todos os documentos necess\u00e1rios, como curr\u00edculo atualizado, carta de apresenta\u00e7\u00e3o (se aplic\u00e1vel), e quaisquer certifica\u00e7\u00f5es ou refer\u00eancias que possam ser relevantes para a vaga.<\/li>\n<\/ul>\n\n\n\n<ul class=\"wp-block-list\">\n<li><strong>Acompanhamento da candidatura<\/strong>: Ap\u00f3s o envio da candidatura, acompanhe regularmente o status de sua aplica\u00e7\u00e3o atrav\u00e9s da plataforma. Esteja dispon\u00edvel para responder a quaisquer solicita\u00e7\u00f5es adicionais de informa\u00e7\u00f5es ou entrevistas.<\/li>\n<\/ul>\n\n\n\n<ul class=\"wp-block-list\">\n<li><strong>Entrevistas e processo de sele\u00e7\u00e3o<\/strong>: Os candidatos selecionados ser\u00e3o contatados para participar de entrevistas e outras etapas do processo de sele\u00e7\u00e3o, que podem incluir avalia\u00e7\u00f5es t\u00e9cnicas e comportamentais.<\/li>\n<\/ul>\n\n\n\n<h2 class=\"wp-block-heading\">Institui\u00e7\u00e3o l\u00edder no setor educacional brasileiro<\/h2>\n\n\n\n<p>As vagas de emprego na Est\u00e1cio representam uma oportunidade \u00fanica para profissionais que desejam fazer parte de uma institui\u00e7\u00e3o l\u00edder no setor educacional brasileiro. Com um compromisso cont\u00ednuo com a excel\u00eancia acad\u00eamica e a inova\u00e7\u00e3o, a institui\u00e7\u00e3o busca talentos que compartilhem seus valores e estejam dispostos a contribuir para o crescimento e sucesso da institui\u00e7\u00e3o.&nbsp;<\/p>\n\n\n\n<p><strong>Veja tamb\u00e9m: <a href=\"https:\/\/www.vagadeempregorj.com.br\/ar\/vagas-de-emprego-nos-supermercados-guanabara-mais-de-60-oportunidades\/\">Vagas de emprego nos Supermercados Guanabara: Mais de 60 oportunidades<\/a><\/strong><\/p>\n\n\n\n<p>11 de julho de 2024<\/p>","protected":false},"excerpt":{"rendered":"<p>No cen\u00e1rio din\u00e2mico do mercado de trabalho brasileiro, encontrar oportunidades de emprego em institui\u00e7\u00f5es de renome \u00e9 um passo crucial para muitos profissionais. A Est\u00e1cio, uma das maiores redes de ensino superior do pa\u00eds, anunciou recentemente a abertura de mais de 300 vagas em diversas \u00e1reas.&nbsp; Essas oportunidades n\u00e3o apenas representam um impulso significativo para&hellip;&nbsp;<\/p>","protected":false},"author":16,"featured_media":39934,"comment_status":"closed","ping_status":"closed","sticky":false,"template":"","format":"standard","meta":{"neve_meta_sidebar":"","neve_meta_container":"","neve_meta_enable_content_width":"","neve_meta_content_width":0,"neve_meta_title_alignment":"","neve_meta_author_avatar":"","neve_post_elements_order":"","neve_meta_disable_header":"","neve_meta_disable_footer":"","neve_meta_disable_title":"","footnotes":""},"categories":[123],"tags":[830,608],"class_list":["post-39927","post","type-post","status-publish","format-standard","has-post-thumbnail","hentry","category-vagas-de-emprego-nacionais","tag-empregos","tag-oportunidades"],"yoast_head":"<!-- This site is optimized with the Yoast SEO plugin v27.5 - https:\/\/yoast.com\/product\/yoast-seo-wordpress\/ -->\n<title>Vagas de emprego na Est\u00e1cio: Mais de 300 oportunidades abertas -<\/title>\n<meta name=\"description\" content=\"Veja em Vagas de Emprego RJ as vagas de emprego com e sem experi\u00eancia no seu Estado e Regi\u00e3o!\" \/>\n<meta name=\"robots\" content=\"index, follow, max-snippet:-1, max-image-preview:large, max-video-preview:-1\" \/>\n<link rel=\"canonical\" href=\"https:\/\/www.vagadeempregorj.com.br\/ar\/vagas-de-emprego-na-estacio-mais-de-300-oportunidades-abertas\/\" \/>\n<meta property=\"og:locale\" content=\"ar_AR\" \/>\n<meta property=\"og:type\" content=\"article\" \/>\n<meta property=\"og:title\" content=\"Vagas de emprego na Est\u00e1cio: Mais de 300 oportunidades abertas -\" \/>\n<meta property=\"og:description\" content=\"Veja em Vagas de Emprego RJ as vagas de emprego com e sem experi\u00eancia no seu Estado e Regi\u00e3o!\" \/>\n<meta property=\"og:url\" content=\"https:\/\/www.vagadeempregorj.com.br\/ar\/vagas-de-emprego-na-estacio-mais-de-300-oportunidades-abertas\/\" \/>\n<meta property=\"article:publisher\" content=\"https:\/\/www.facebook.com\/empregobrasiloficial\" \/>\n<meta property=\"article:published_time\" content=\"2024-07-11T23:31:43+00:00\" \/>\n<meta property=\"article:modified_time\" content=\"2024-07-11T23:31:44+00:00\" \/>\n<meta property=\"og:image\" content=\"https:\/\/www.vagadeempregorj.com.br\/wp-content\/uploads\/2024\/07\/image-16.png\" \/>\n\t<meta property=\"og:image:width\" content=\"1024\" \/>\n\t<meta property=\"og:image:height\" content=\"481\" \/>\n\t<meta property=\"og:image:type\" content=\"image\/png\" \/>\n<meta name=\"author\" content=\"Michele\" \/>\n<meta name=\"twitter:card\" content=\"summary_large_image\" \/>\n<meta name=\"twitter:label1\" content=\"Written by\" \/>\n\t<meta name=\"twitter:data1\" content=\"Michele\" \/>\n\t<meta name=\"twitter:label2\" content=\"Est. reading time\" \/>\n\t<meta name=\"twitter:data2\" content=\"4 \u062f\u0642\u0627\u0626\u0642\" \/>\n<script type=\"application\/ld+json\" class=\"yoast-schema-graph\">{\"@context\":\"https:\\\/\\\/schema.org\",\"@graph\":[{\"@type\":\"Article\",\"@id\":\"https:\\\/\\\/www.vagadeempregorj.com.br\\\/vagas-de-emprego-na-estacio-mais-de-300-oportunidades-abertas\\\/#article\",\"isPartOf\":{\"@id\":\"https:\\\/\\\/www.vagadeempregorj.com.br\\\/vagas-de-emprego-na-estacio-mais-de-300-oportunidades-abertas\\\/\"},\"author\":{\"name\":\"Michele\",\"@id\":\"https:\\\/\\\/www.vagadeempregorj.com.br\\\/#\\\/schema\\\/person\\\/3ddb19fa0539706786e502152f3aae95\"},\"headline\":\"Vagas de emprego na Est\u00e1cio: Mais de 300 oportunidades abertas\",\"datePublished\":\"2024-07-11T23:31:43+00:00\",\"dateModified\":\"2024-07-11T23:31:44+00:00\",\"mainEntityOfPage\":{\"@id\":\"https:\\\/\\\/www.vagadeempregorj.com.br\\\/vagas-de-emprego-na-estacio-mais-de-300-oportunidades-abertas\\\/\"},\"wordCount\":817,\"image\":{\"@id\":\"https:\\\/\\\/www.vagadeempregorj.com.br\\\/vagas-de-emprego-na-estacio-mais-de-300-oportunidades-abertas\\\/#primaryimage\"},\"thumbnailUrl\":\"https:\\\/\\\/www.vagadeempregorj.com.br\\\/wp-content\\\/uploads\\\/2024\\\/07\\\/image-16.png\",\"keywords\":[\"empregos\",\"oportunidades\"],\"articleSection\":[\"Vagas de Emprego Nacionais\"],\"inLanguage\":\"ar\"},{\"@type\":\"WebPage\",\"@id\":\"https:\\\/\\\/www.vagadeempregorj.com.br\\\/vagas-de-emprego-na-estacio-mais-de-300-oportunidades-abertas\\\/\",\"url\":\"https:\\\/\\\/www.vagadeempregorj.com.br\\\/vagas-de-emprego-na-estacio-mais-de-300-oportunidades-abertas\\\/\",\"name\":\"Vagas de emprego na Est\u00e1cio: Mais de 300 oportunidades abertas -\",\"isPartOf\":{\"@id\":\"https:\\\/\\\/www.vagadeempregorj.com.br\\\/#website\"},\"primaryImageOfPage\":{\"@id\":\"https:\\\/\\\/www.vagadeempregorj.com.br\\\/vagas-de-emprego-na-estacio-mais-de-300-oportunidades-abertas\\\/#primaryimage\"},\"image\":{\"@id\":\"https:\\\/\\\/www.vagadeempregorj.com.br\\\/vagas-de-emprego-na-estacio-mais-de-300-oportunidades-abertas\\\/#primaryimage\"},\"thumbnailUrl\":\"https:\\\/\\\/www.vagadeempregorj.com.br\\\/wp-content\\\/uploads\\\/2024\\\/07\\\/image-16.png\",\"datePublished\":\"2024-07-11T23:31:43+00:00\",\"dateModified\":\"2024-07-11T23:31:44+00:00\",\"author\":{\"@id\":\"https:\\\/\\\/www.vagadeempregorj.com.br\\\/#\\\/schema\\\/person\\\/3ddb19fa0539706786e502152f3aae95\"},\"description\":\"Veja em Vagas de Emprego RJ as vagas de emprego com e sem experi\u00eancia no seu Estado e Regi\u00e3o!\",\"breadcrumb\":{\"@id\":\"https:\\\/\\\/www.vagadeempregorj.com.br\\\/vagas-de-emprego-na-estacio-mais-de-300-oportunidades-abertas\\\/#breadcrumb\"},\"inLanguage\":\"ar\",\"potentialAction\":[{\"@type\":\"ReadAction\",\"target\":[\"https:\\\/\\\/www.vagadeempregorj.com.br\\\/vagas-de-emprego-na-estacio-mais-de-300-oportunidades-abertas\\\/\"]}]},{\"@type\":\"ImageObject\",\"inLanguage\":\"ar\",\"@id\":\"https:\\\/\\\/www.vagadeempregorj.com.br\\\/vagas-de-emprego-na-estacio-mais-de-300-oportunidades-abertas\\\/#primaryimage\",\"url\":\"https:\\\/\\\/www.vagadeempregorj.com.br\\\/wp-content\\\/uploads\\\/2024\\\/07\\\/image-16.png\",\"contentUrl\":\"https:\\\/\\\/www.vagadeempregorj.com.br\\\/wp-content\\\/uploads\\\/2024\\\/07\\\/image-16.png\",\"width\":1024,\"height\":481},{\"@type\":\"BreadcrumbList\",\"@id\":\"https:\\\/\\\/www.vagadeempregorj.com.br\\\/vagas-de-emprego-na-estacio-mais-de-300-oportunidades-abertas\\\/#breadcrumb\",\"itemListElement\":[{\"@type\":\"ListItem\",\"position\":1,\"name\":\"In\u00edcio\",\"item\":\"https:\\\/\\\/www.vagadeempregorj.com.br\\\/\"},{\"@type\":\"ListItem\",\"position\":2,\"name\":\"Vagas de Emprego Nacionais\",\"item\":\"https:\\\/\\\/www.vagadeempregorj.com.br\\\/vagas-de-emprego-nacionais\\\/\"},{\"@type\":\"ListItem\",\"position\":3,\"name\":\"Vagas de emprego na Est\u00e1cio: Mais de 300 oportunidades abertas\"}]},{\"@type\":\"WebSite\",\"@id\":\"https:\\\/\\\/www.vagadeempregorj.com.br\\\/#website\",\"url\":\"https:\\\/\\\/www.vagadeempregorj.com.br\\\/\",\"name\":\"\",\"description\":\"Conquiste Sonhos: Vagas, Benef\u00edcios e Economia para Transformar Vidas e Alcan\u00e7ar Melhorias Cotidianas\",\"potentialAction\":[{\"@type\":\"SearchAction\",\"target\":{\"@type\":\"EntryPoint\",\"urlTemplate\":\"https:\\\/\\\/www.vagadeempregorj.com.br\\\/?s={search_term_string}\"},\"query-input\":{\"@type\":\"PropertyValueSpecification\",\"valueRequired\":true,\"valueName\":\"search_term_string\"}}],\"inLanguage\":\"ar\"},{\"@type\":\"Person\",\"@id\":\"https:\\\/\\\/www.vagadeempregorj.com.br\\\/#\\\/schema\\\/person\\\/3ddb19fa0539706786e502152f3aae95\",\"name\":\"Michele\",\"image\":{\"@type\":\"ImageObject\",\"inLanguage\":\"ar\",\"@id\":\"https:\\\/\\\/secure.gravatar.com\\\/avatar\\\/6b0eb9d22841282815e2cd856a0061c45e1761cd54b22e952d98c4746939aa85?s=96&r=g\",\"url\":\"https:\\\/\\\/secure.gravatar.com\\\/avatar\\\/6b0eb9d22841282815e2cd856a0061c45e1761cd54b22e952d98c4746939aa85?s=96&r=g\",\"contentUrl\":\"https:\\\/\\\/secure.gravatar.com\\\/avatar\\\/6b0eb9d22841282815e2cd856a0061c45e1761cd54b22e952d98c4746939aa85?s=96&r=g\",\"caption\":\"Michele\"},\"description\":\"Formada em Letras - Portugu\u00eas\\\/ Ingl\u00eas, e idealizadora do site Escritora de Sucesso, busca expandir o conhecimento de todos com informa\u00e7\u00f5es relevantes sobre diversos assuntos, enquanto redatora. No Vaga de Emprego RJ, traz oportunidades e dicas sobre o mercado de trabalho.\",\"url\":\"https:\\\/\\\/www.vagadeempregorj.com.br\\\/ar\\\/author\\\/michele\\\/\"}]}<\/script>\n<!-- \/ Yoast SEO plugin. -->","yoast_head_json":{"title":"Vagas de emprego na Est\u00e1cio: Mais de 300 oportunidades abertas -","description":"Veja em Vagas de Emprego RJ as vagas de emprego com e sem experi\u00eancia no seu Estado e Regi\u00e3o!","robots":{"index":"index","follow":"follow","max-snippet":"max-snippet:-1","max-image-preview":"max-image-preview:large","max-video-preview":"max-video-preview:-1"},"canonical":"https:\/\/www.vagadeempregorj.com.br\/ar\/vagas-de-emprego-na-estacio-mais-de-300-oportunidades-abertas\/","og_locale":"ar_AR","og_type":"article","og_title":"Vagas de emprego na Est\u00e1cio: Mais de 300 oportunidades abertas -","og_description":"Veja em Vagas de Emprego RJ as vagas de emprego com e sem experi\u00eancia no seu Estado e Regi\u00e3o!","og_url":"https:\/\/www.vagadeempregorj.com.br\/ar\/vagas-de-emprego-na-estacio-mais-de-300-oportunidades-abertas\/","article_publisher":"https:\/\/www.facebook.com\/empregobrasiloficial","article_published_time":"2024-07-11T23:31:43+00:00","article_modified_time":"2024-07-11T23:31:44+00:00","og_image":[{"width":1024,"height":481,"url":"https:\/\/www.vagadeempregorj.com.br\/wp-content\/uploads\/2024\/07\/image-16.png","type":"image\/png"}],"author":"Michele","twitter_card":"summary_large_image","twitter_misc":{"Written by":"Michele","Est. reading time":"4 \u062f\u0642\u0627\u0626\u0642"},"schema":{"@context":"https:\/\/schema.org","@graph":[{"@type":"Article","@id":"https:\/\/www.vagadeempregorj.com.br\/vagas-de-emprego-na-estacio-mais-de-300-oportunidades-abertas\/#article","isPartOf":{"@id":"https:\/\/www.vagadeempregorj.com.br\/vagas-de-emprego-na-estacio-mais-de-300-oportunidades-abertas\/"},"author":{"name":"Michele","@id":"https:\/\/www.vagadeempregorj.com.br\/#\/schema\/person\/3ddb19fa0539706786e502152f3aae95"},"headline":"Vagas de emprego na Est\u00e1cio: Mais de 300 oportunidades abertas","datePublished":"2024-07-11T23:31:43+00:00","dateModified":"2024-07-11T23:31:44+00:00","mainEntityOfPage":{"@id":"https:\/\/www.vagadeempregorj.com.br\/vagas-de-emprego-na-estacio-mais-de-300-oportunidades-abertas\/"},"wordCount":817,"image":{"@id":"https:\/\/www.vagadeempregorj.com.br\/vagas-de-emprego-na-estacio-mais-de-300-oportunidades-abertas\/#primaryimage"},"thumbnailUrl":"https:\/\/www.vagadeempregorj.com.br\/wp-content\/uploads\/2024\/07\/image-16.png","keywords":["empregos","oportunidades"],"articleSection":["Vagas de Emprego Nacionais"],"inLanguage":"ar"},{"@type":"WebPage","@id":"https:\/\/www.vagadeempregorj.com.br\/vagas-de-emprego-na-estacio-mais-de-300-oportunidades-abertas\/","url":"https:\/\/www.vagadeempregorj.com.br\/vagas-de-emprego-na-estacio-mais-de-300-oportunidades-abertas\/","name":"Vagas de emprego na Est\u00e1cio: Mais de 300 oportunidades abertas -","isPartOf":{"@id":"https:\/\/www.vagadeempregorj.com.br\/#website"},"primaryImageOfPage":{"@id":"https:\/\/www.vagadeempregorj.com.br\/vagas-de-emprego-na-estacio-mais-de-300-oportunidades-abertas\/#primaryimage"},"image":{"@id":"https:\/\/www.vagadeempregorj.com.br\/vagas-de-emprego-na-estacio-mais-de-300-oportunidades-abertas\/#primaryimage"},"thumbnailUrl":"https:\/\/www.vagadeempregorj.com.br\/wp-content\/uploads\/2024\/07\/image-16.png","datePublished":"2024-07-11T23:31:43+00:00","dateModified":"2024-07-11T23:31:44+00:00","author":{"@id":"https:\/\/www.vagadeempregorj.com.br\/#\/schema\/person\/3ddb19fa0539706786e502152f3aae95"},"description":"Veja em Vagas de Emprego RJ as vagas de emprego com e sem experi\u00eancia no seu Estado e Regi\u00e3o!","breadcrumb":{"@id":"https:\/\/www.vagadeempregorj.com.br\/vagas-de-emprego-na-estacio-mais-de-300-oportunidades-abertas\/#breadcrumb"},"inLanguage":"ar","potentialAction":[{"@type":"ReadAction","target":["https:\/\/www.vagadeempregorj.com.br\/vagas-de-emprego-na-estacio-mais-de-300-oportunidades-abertas\/"]}]},{"@type":"ImageObject","inLanguage":"ar","@id":"https:\/\/www.vagadeempregorj.com.br\/vagas-de-emprego-na-estacio-mais-de-300-oportunidades-abertas\/#primaryimage","url":"https:\/\/www.vagadeempregorj.com.br\/wp-content\/uploads\/2024\/07\/image-16.png","contentUrl":"https:\/\/www.vagadeempregorj.com.br\/wp-content\/uploads\/2024\/07\/image-16.png","width":1024,"height":481},{"@type":"BreadcrumbList","@id":"https:\/\/www.vagadeempregorj.com.br\/vagas-de-emprego-na-estacio-mais-de-300-oportunidades-abertas\/#breadcrumb","itemListElement":[{"@type":"ListItem","position":1,"name":"In\u00edcio","item":"https:\/\/www.vagadeempregorj.com.br\/"},{"@type":"ListItem","position":2,"name":"Vagas de Emprego Nacionais","item":"https:\/\/www.vagadeempregorj.com.br\/vagas-de-emprego-nacionais\/"},{"@type":"ListItem","position":3,"name":"Vagas de emprego na Est\u00e1cio: Mais de 300 oportunidades abertas"}]},{"@type":"WebSite","@id":"https:\/\/www.vagadeempregorj.com.br\/#website","url":"https:\/\/www.vagadeempregorj.com.br\/","name":"","description":"Conquiste Sonhos: Vagas, Benef\u00edcios e Economia para Transformar Vidas e Alcan\u00e7ar Melhorias Cotidianas","potentialAction":[{"@type":"SearchAction","target":{"@type":"EntryPoint","urlTemplate":"https:\/\/www.vagadeempregorj.com.br\/?s={search_term_string}"},"query-input":{"@type":"PropertyValueSpecification","valueRequired":true,"valueName":"search_term_string"}}],"inLanguage":"ar"},{"@type":"Person","@id":"https:\/\/www.vagadeempregorj.com.br\/#\/schema\/person\/3ddb19fa0539706786e502152f3aae95","name":"Michele","image":{"@type":"ImageObject","inLanguage":"ar","@id":"https:\/\/secure.gravatar.com\/avatar\/6b0eb9d22841282815e2cd856a0061c45e1761cd54b22e952d98c4746939aa85?s=96&r=g","url":"https:\/\/secure.gravatar.com\/avatar\/6b0eb9d22841282815e2cd856a0061c45e1761cd54b22e952d98c4746939aa85?s=96&r=g","contentUrl":"https:\/\/secure.gravatar.com\/avatar\/6b0eb9d22841282815e2cd856a0061c45e1761cd54b22e952d98c4746939aa85?s=96&r=g","caption":"Michele"},"description":"Formada em Letras - Portugu\u00eas\/ Ingl\u00eas, e idealizadora do site Escritora de Sucesso, busca expandir o conhecimento de todos com informa\u00e7\u00f5es relevantes sobre diversos assuntos, enquanto redatora. No Vaga de Emprego RJ, traz oportunidades e dicas sobre o mercado de trabalho.","url":"https:\/\/www.vagadeempregorj.com.br\/ar\/author\/michele\/"}]}},"_links":{"self":[{"href":"https:\/\/www.vagadeempregorj.com.br\/ar\/wp-json\/wp\/v2\/posts\/39927","targetHints":{"allow":["GET"]}}],"collection":[{"href":"https:\/\/www.vagadeempregorj.com.br\/ar\/wp-json\/wp\/v2\/posts"}],"about":[{"href":"https:\/\/www.vagadeempregorj.com.br\/ar\/wp-json\/wp\/v2\/types\/post"}],"author":[{"embeddable":true,"href":"https:\/\/www.vagadeempregorj.com.br\/ar\/wp-json\/wp\/v2\/users\/16"}],"replies":[{"embeddable":true,"href":"https:\/\/www.vagadeempregorj.com.br\/ar\/wp-json\/wp\/v2\/comments?post=39927"}],"version-history":[{"count":0,"href":"https:\/\/www.vagadeempregorj.com.br\/ar\/wp-json\/wp\/v2\/posts\/39927\/revisions"}],"wp:featuredmedia":[{"embeddable":true,"href":"https:\/\/www.vagadeempregorj.com.br\/ar\/wp-json\/wp\/v2\/media\/39934"}],"wp:attachment":[{"href":"https:\/\/www.vagadeempregorj.com.br\/ar\/wp-json\/wp\/v2\/media?parent=39927"}],"wp:term":[{"taxonomy":"category","embeddable":true,"href":"https:\/\/www.vagadeempregorj.com.br\/ar\/wp-json\/wp\/v2\/categories?post=39927"},{"taxonomy":"post_tag","embeddable":true,"href":"https:\/\/www.vagadeempregorj.com.br\/ar\/wp-json\/wp\/v2\/tags?post=39927"}],"curies":[{"name":"wp","href":"https:\/\/api.w.org\/{rel}","templated":true}]}}