{"id":39996,"date":"2024-07-31T06:00:00","date_gmt":"2024-07-31T09:00:00","guid":{"rendered":"https:\/\/www.vagadeempregorj.com.br\/?p=39996"},"modified":"2024-07-14T16:40:28","modified_gmt":"2024-07-14T19:40:28","slug":"emprego-na-mercedes-veja-como-se-candidatar-a-uma-oportunidade","status":"publish","type":"post","link":"https:\/\/www.vagadeempregorj.com.br\/ar\/emprego-na-mercedes-veja-como-se-candidatar-a-uma-oportunidade\/","title":{"rendered":"Emprego na Mercedes: veja como se candidatar a uma oportunidade"},"content":{"rendered":"<p>Conseguir um emprego em uma empresa de renome mundial como a Mercedes-Benz n\u00e3o \u00e9 apenas uma conquista profissional, mas tamb\u00e9m uma oportunidade de fazer parte de uma marca com legado e inova\u00e7\u00e3o.&nbsp;<\/p>\n\n\n\n<p>Com uma presen\u00e7a global marcante e um compromisso com a excel\u00eancia em tecnologia automotiva, a Mercedes-Benz fabrica ve\u00edculos de alta qualidade, e tamb\u00e9m oferece um ambiente de trabalho que incentiva o crescimento profissional e pessoal dos seus colaboradores.<\/p>\n\n\n\n<h2 class=\"wp-block-heading\">Sobre a Mercedes-Benz<\/h2>\n\n\n\n<p>A Mercedes-Benz \u00e9 uma das marcas mais reconhecidas e respeitadas no setor automotivo global. Fundada em 1926, na Alemanha, a empresa se destaca n\u00e3o apenas pela fabrica\u00e7\u00e3o de autom\u00f3veis de luxo, mas tamb\u00e9m pela sua lideran\u00e7a em inova\u00e7\u00e3o e tecnologia.&nbsp;<\/p>\n\n\n\n<p>Desde o primeiro carro produzido pela Benz Patent-Motorwagen em 1886 at\u00e9 os ve\u00edculos el\u00e9tricos e aut\u00f4nomos de hoje, a companhia tem sido pioneira em definir os padr\u00f5es da ind\u00fastria.<\/p>\n\n\n\n<p>Al\u00e9m dos autom\u00f3veis, a Mercedes-Benz est\u00e1 envolvida na produ\u00e7\u00e3o de ve\u00edculos comerciais, motores e oferece uma ampla gama de servi\u00e7os de mobilidade. Com uma rede global de produ\u00e7\u00e3o e vendas, a empresa emprega milhares de pessoas ao redor do mundo, todas comprometidas com os valores de qualidade, seguran\u00e7a e sustentabilidade que s\u00e3o fundamentais para a marca.<\/p>\n\n\n\n<h2 class=\"wp-block-heading\">Oportunidades de emprego abertas na Mercedes-Benz<\/h2>\n\n\n\n<p>Para aqueles que buscam fazer parte da equipe da Mercedes-Benz, a plataforma Gupy \u00e9 uma excelente fonte de oportunidades de emprego atualizadas. A empresa frequentemente publica vagas em diversas \u00e1reas, desde engenharia e produ\u00e7\u00e3o at\u00e9 vendas, marketing, finan\u00e7as e recursos humanos.<\/p>\n\n\n\n<figure class=\"wp-block-image size-full is-resized\"><img loading=\"lazy\" decoding=\"async\" width=\"784\" height=\"445\" src=\"https:\/\/www.vagadeempregorj.com.br\/wp-content\/uploads\/2024\/07\/image-39.png\" alt=\"\" class=\"wp-image-40013\" style=\"width:840px;height:auto\" srcset=\"https:\/\/www.vagadeempregorj.com.br\/wp-content\/uploads\/2024\/07\/image-39.png 784w, https:\/\/www.vagadeempregorj.com.br\/wp-content\/uploads\/2024\/07\/image-39-300x170.png 300w, https:\/\/www.vagadeempregorj.com.br\/wp-content\/uploads\/2024\/07\/image-39-768x436.png 768w, https:\/\/www.vagadeempregorj.com.br\/wp-content\/uploads\/2024\/07\/image-39-150x85.png 150w\" sizes=\"auto, (max-width: 784px) 100vw, 784px\" \/><\/figure>\n\n\n\n<p>&nbsp;As oportunidades podem variar de est\u00e1gios para estudantes at\u00e9 cargos de lideran\u00e7a para profissionais experientes. Entre as vagas mais comuns na Mercedes-Benz est\u00e3o as \u00e1reas de:<\/p>\n\n\n\n<ul class=\"wp-block-list\">\n<li>Engenheiro de produto;<\/li>\n\n\n\n<li>Especialista em manufatura;<\/li>\n\n\n\n<li>Analista de marketing;<\/li>\n\n\n\n<li>Gerente de vendas;<\/li>\n\n\n\n<li>Entre outras.&nbsp;<\/li>\n<\/ul>\n\n\n\n<p>Cada uma dessas fun\u00e7\u00f5es oferece a oportunidade de contribuir para o sucesso cont\u00ednuo da empresa e para o desenvolvimento de tecnologias inovadoras que moldam o futuro da mobilidade.<\/p>\n\n\n\n<h2 class=\"wp-block-heading\">Como se candidatar<\/h2>\n\n\n\n<p>O processo de candidatura para uma vaga na Mercedes-Benz atrav\u00e9s da plataforma Gupy \u00e9 simples e direto. Aqui est\u00e3o os passos b\u00e1sicos que voc\u00ea precisa seguir:<\/p>\n\n\n\n<ol class=\"wp-block-list\">\n<li>Acesse a plataforma Gupy:<\/li>\n<\/ol>\n\n\n\n<p>Visite o site da Mercedes na <a href=\"https:\/\/mercedes-benzcaminhoeseonibus.gupy.io\/\">plataforma Gupy<\/a> e crie uma conta se ainda n\u00e3o tiver uma. A plataforma \u00e9 usada pela Mercedes-Benz para gerenciar seu processo de recrutamento e sele\u00e7\u00e3o, garantindo uma experi\u00eancia eficiente e transparente para os candidatos.<\/p>\n\n\n\n<ol class=\"wp-block-list\" start=\"2\">\n<li>Pesquise por vagas:<\/li>\n<\/ol>\n\n\n\n<p>Utilize a barra de busca na plataforma para encontrar as vagas dispon\u00edveis na Mercedes-Benz que correspondem ao seu perfil e interesse. Voc\u00ea pode filtrar por localiza\u00e7\u00e3o, \u00e1rea de atua\u00e7\u00e3o e tipo de contrato (est\u00e1gio, CLT, tempor\u00e1rio, etc.).<\/p>\n\n\n\n<ol class=\"wp-block-list\" start=\"3\">\n<li>Leia os requisitos da vaga:<\/li>\n<\/ol>\n\n\n\n<p>Antes de se candidatar, certifique-se de ler atentamente os requisitos e responsabilidades da vaga. Isso ajudar\u00e1 voc\u00ea a determinar se suas habilidades e experi\u00eancia s\u00e3o adequadas para a posi\u00e7\u00e3o.<\/p>\n\n\n\n<ol class=\"wp-block-list\" start=\"4\">\n<li>Candidate-se online:<\/li>\n<\/ol>\n\n\n\n<p>Ap\u00f3s encontrar uma vaga que corresponda ao seu perfil, clique no bot\u00e3o &#8220;Candidatar-se&#8221; e preencha todas as informa\u00e7\u00f5es solicitadas. Esteja preparado para enviar seu curr\u00edculo atualizado e qualquer outra documenta\u00e7\u00e3o relevante, como carta de apresenta\u00e7\u00e3o ou portf\u00f3lio.<\/p>\n\n\n\n<ol class=\"wp-block-list\" start=\"5\">\n<li>Acompanhe o status da sua candidatura:<\/li>\n<\/ol>\n\n\n\n<p>Ap\u00f3s enviar sua candidatura, voc\u00ea poder\u00e1 acompanhar o status do seu processo na plataforma Gupy. A Mercedes-Benz geralmente informa os candidatos sobre as pr\u00f3ximas etapas do processo seletivo, que podem incluir entrevistas, testes e avalia\u00e7\u00f5es t\u00e9cnicas.<\/p>\n\n\n\n<ol class=\"wp-block-list\" start=\"6\">\n<li>Prepare-se para a entrevista:<\/li>\n<\/ol>\n\n\n\n<p>Se sua candidatura for selecionada, esteja pronto para participar de entrevistas com os recrutadores da Mercedes-Benz. Pesquise sobre a empresa, prepare exemplos de suas realiza\u00e7\u00f5es e esteja preparado para demonstrar seu interesse e alinhamento com os valores da empresa.<\/p>\n\n\n\n<h2 class=\"wp-block-heading\">Uma organiza\u00e7\u00e3o inovadora<\/h2>\n\n\n\n<p>Trabalhar na Mercedes-Benz n\u00e3o \u00e9 apenas uma oportunidade de carreira, mas uma chance de fazer parte de uma organiza\u00e7\u00e3o que est\u00e1 na vanguarda da inova\u00e7\u00e3o e da excel\u00eancia automotiva.&nbsp;<\/p>\n\n\n\n<p>Com uma cultura empresarial centrada em valores como qualidade, integridade e responsabilidade social, a companhia oferece um ambiente din\u00e2mico e colaborativo para seus funcion\u00e1rios crescerem e se destacarem.<\/p>\n\n\n\n<p><strong>Veja tamb\u00e9m: <a href=\"https:\/\/www.vagadeempregorj.com.br\/ar\/vagas-de-emprego-na-electrolux-mais-de-100-oportunidades-abertas\/\">Vagas de emprego na Electrolux: Mais de 100 oportunidades abertas<\/a><\/strong><\/p>\n\n\n\n<p>31 de julho de 2024<\/p>","protected":false},"excerpt":{"rendered":"<p>Conseguir um emprego em uma empresa de renome mundial como a Mercedes-Benz n\u00e3o \u00e9 apenas uma conquista profissional, mas tamb\u00e9m uma oportunidade de fazer parte de uma marca com legado e inova\u00e7\u00e3o.&nbsp; Com uma presen\u00e7a global marcante e um compromisso com a excel\u00eancia em tecnologia automotiva, a Mercedes-Benz fabrica ve\u00edculos de alta qualidade, e tamb\u00e9m&hellip;&nbsp;<\/p>","protected":false},"author":16,"featured_media":40013,"comment_status":"closed","ping_status":"closed","sticky":false,"template":"","format":"standard","meta":{"neve_meta_sidebar":"","neve_meta_container":"","neve_meta_enable_content_width":"","neve_meta_content_width":0,"neve_meta_title_alignment":"","neve_meta_author_avatar":"","neve_post_elements_order":"","neve_meta_disable_header":"","neve_meta_disable_footer":"","neve_meta_disable_title":"","footnotes":""},"categories":[123],"tags":[830,608],"class_list":["post-39996","post","type-post","status-publish","format-standard","has-post-thumbnail","hentry","category-vagas-de-emprego-nacionais","tag-empregos","tag-oportunidades"],"yoast_head":"<!-- This site is optimized with the Yoast SEO plugin v27.5 - https:\/\/yoast.com\/product\/yoast-seo-wordpress\/ -->\n<title>Emprego na Mercedes: veja como se candidatar a uma oportunidade -<\/title>\n<meta name=\"description\" content=\"Veja em Vagas de Emprego RJ as vagas de emprego com e sem experi\u00eancia no seu Estado e Regi\u00e3o!\" \/>\n<meta name=\"robots\" content=\"index, follow, max-snippet:-1, max-image-preview:large, max-video-preview:-1\" \/>\n<link rel=\"canonical\" href=\"https:\/\/www.vagadeempregorj.com.br\/ar\/emprego-na-mercedes-veja-como-se-candidatar-a-uma-oportunidade\/\" \/>\n<meta property=\"og:locale\" content=\"ar_AR\" \/>\n<meta property=\"og:type\" content=\"article\" \/>\n<meta property=\"og:title\" content=\"Emprego na Mercedes: veja como se candidatar a uma oportunidade -\" \/>\n<meta property=\"og:description\" content=\"Veja em Vagas de Emprego RJ as vagas de emprego com e sem experi\u00eancia no seu Estado e Regi\u00e3o!\" \/>\n<meta property=\"og:url\" content=\"https:\/\/www.vagadeempregorj.com.br\/ar\/emprego-na-mercedes-veja-como-se-candidatar-a-uma-oportunidade\/\" \/>\n<meta property=\"article:publisher\" content=\"https:\/\/www.facebook.com\/empregobrasiloficial\" \/>\n<meta property=\"article:published_time\" content=\"2024-07-31T09:00:00+00:00\" \/>\n<meta property=\"og:image\" content=\"https:\/\/www.vagadeempregorj.com.br\/wp-content\/uploads\/2024\/07\/image-39.png\" \/>\n\t<meta property=\"og:image:width\" content=\"784\" \/>\n\t<meta property=\"og:image:height\" content=\"445\" \/>\n\t<meta property=\"og:image:type\" content=\"image\/png\" \/>\n<meta name=\"author\" content=\"Michele\" \/>\n<meta name=\"twitter:card\" content=\"summary_large_image\" \/>\n<meta name=\"twitter:label1\" content=\"Written by\" \/>\n\t<meta name=\"twitter:data1\" content=\"Michele\" \/>\n\t<meta name=\"twitter:label2\" content=\"Est. reading time\" \/>\n\t<meta name=\"twitter:data2\" content=\"4 \u062f\u0642\u0627\u0626\u0642\" \/>\n<script type=\"application\/ld+json\" class=\"yoast-schema-graph\">{\"@context\":\"https:\\\/\\\/schema.org\",\"@graph\":[{\"@type\":\"Article\",\"@id\":\"https:\\\/\\\/www.vagadeempregorj.com.br\\\/emprego-na-mercedes-veja-como-se-candidatar-a-uma-oportunidade\\\/#article\",\"isPartOf\":{\"@id\":\"https:\\\/\\\/www.vagadeempregorj.com.br\\\/emprego-na-mercedes-veja-como-se-candidatar-a-uma-oportunidade\\\/\"},\"author\":{\"name\":\"Michele\",\"@id\":\"https:\\\/\\\/www.vagadeempregorj.com.br\\\/#\\\/schema\\\/person\\\/3ddb19fa0539706786e502152f3aae95\"},\"headline\":\"Emprego na Mercedes: veja como se candidatar a uma oportunidade\",\"datePublished\":\"2024-07-31T09:00:00+00:00\",\"mainEntityOfPage\":{\"@id\":\"https:\\\/\\\/www.vagadeempregorj.com.br\\\/emprego-na-mercedes-veja-como-se-candidatar-a-uma-oportunidade\\\/\"},\"wordCount\":732,\"image\":{\"@id\":\"https:\\\/\\\/www.vagadeempregorj.com.br\\\/emprego-na-mercedes-veja-como-se-candidatar-a-uma-oportunidade\\\/#primaryimage\"},\"thumbnailUrl\":\"https:\\\/\\\/www.vagadeempregorj.com.br\\\/wp-content\\\/uploads\\\/2024\\\/07\\\/image-39.png\",\"keywords\":[\"empregos\",\"oportunidades\"],\"articleSection\":[\"Vagas de Emprego Nacionais\"],\"inLanguage\":\"ar\"},{\"@type\":\"WebPage\",\"@id\":\"https:\\\/\\\/www.vagadeempregorj.com.br\\\/emprego-na-mercedes-veja-como-se-candidatar-a-uma-oportunidade\\\/\",\"url\":\"https:\\\/\\\/www.vagadeempregorj.com.br\\\/emprego-na-mercedes-veja-como-se-candidatar-a-uma-oportunidade\\\/\",\"name\":\"Emprego na Mercedes: veja como se candidatar a uma oportunidade -\",\"isPartOf\":{\"@id\":\"https:\\\/\\\/www.vagadeempregorj.com.br\\\/#website\"},\"primaryImageOfPage\":{\"@id\":\"https:\\\/\\\/www.vagadeempregorj.com.br\\\/emprego-na-mercedes-veja-como-se-candidatar-a-uma-oportunidade\\\/#primaryimage\"},\"image\":{\"@id\":\"https:\\\/\\\/www.vagadeempregorj.com.br\\\/emprego-na-mercedes-veja-como-se-candidatar-a-uma-oportunidade\\\/#primaryimage\"},\"thumbnailUrl\":\"https:\\\/\\\/www.vagadeempregorj.com.br\\\/wp-content\\\/uploads\\\/2024\\\/07\\\/image-39.png\",\"datePublished\":\"2024-07-31T09:00:00+00:00\",\"author\":{\"@id\":\"https:\\\/\\\/www.vagadeempregorj.com.br\\\/#\\\/schema\\\/person\\\/3ddb19fa0539706786e502152f3aae95\"},\"description\":\"Veja em Vagas de Emprego RJ as vagas de emprego com e sem experi\u00eancia no seu Estado e Regi\u00e3o!\",\"breadcrumb\":{\"@id\":\"https:\\\/\\\/www.vagadeempregorj.com.br\\\/emprego-na-mercedes-veja-como-se-candidatar-a-uma-oportunidade\\\/#breadcrumb\"},\"inLanguage\":\"ar\",\"potentialAction\":[{\"@type\":\"ReadAction\",\"target\":[\"https:\\\/\\\/www.vagadeempregorj.com.br\\\/emprego-na-mercedes-veja-como-se-candidatar-a-uma-oportunidade\\\/\"]}]},{\"@type\":\"ImageObject\",\"inLanguage\":\"ar\",\"@id\":\"https:\\\/\\\/www.vagadeempregorj.com.br\\\/emprego-na-mercedes-veja-como-se-candidatar-a-uma-oportunidade\\\/#primaryimage\",\"url\":\"https:\\\/\\\/www.vagadeempregorj.com.br\\\/wp-content\\\/uploads\\\/2024\\\/07\\\/image-39.png\",\"contentUrl\":\"https:\\\/\\\/www.vagadeempregorj.com.br\\\/wp-content\\\/uploads\\\/2024\\\/07\\\/image-39.png\",\"width\":784,\"height\":445},{\"@type\":\"BreadcrumbList\",\"@id\":\"https:\\\/\\\/www.vagadeempregorj.com.br\\\/emprego-na-mercedes-veja-como-se-candidatar-a-uma-oportunidade\\\/#breadcrumb\",\"itemListElement\":[{\"@type\":\"ListItem\",\"position\":1,\"name\":\"In\u00edcio\",\"item\":\"https:\\\/\\\/www.vagadeempregorj.com.br\\\/\"},{\"@type\":\"ListItem\",\"position\":2,\"name\":\"Vagas de Emprego Nacionais\",\"item\":\"https:\\\/\\\/www.vagadeempregorj.com.br\\\/vagas-de-emprego-nacionais\\\/\"},{\"@type\":\"ListItem\",\"position\":3,\"name\":\"Emprego na Mercedes: veja como se candidatar a uma oportunidade\"}]},{\"@type\":\"WebSite\",\"@id\":\"https:\\\/\\\/www.vagadeempregorj.com.br\\\/#website\",\"url\":\"https:\\\/\\\/www.vagadeempregorj.com.br\\\/\",\"name\":\"\",\"description\":\"Conquiste Sonhos: Vagas, Benef\u00edcios e Economia para Transformar Vidas e Alcan\u00e7ar Melhorias Cotidianas\",\"potentialAction\":[{\"@type\":\"SearchAction\",\"target\":{\"@type\":\"EntryPoint\",\"urlTemplate\":\"https:\\\/\\\/www.vagadeempregorj.com.br\\\/?s={search_term_string}\"},\"query-input\":{\"@type\":\"PropertyValueSpecification\",\"valueRequired\":true,\"valueName\":\"search_term_string\"}}],\"inLanguage\":\"ar\"},{\"@type\":\"Person\",\"@id\":\"https:\\\/\\\/www.vagadeempregorj.com.br\\\/#\\\/schema\\\/person\\\/3ddb19fa0539706786e502152f3aae95\",\"name\":\"Michele\",\"image\":{\"@type\":\"ImageObject\",\"inLanguage\":\"ar\",\"@id\":\"https:\\\/\\\/secure.gravatar.com\\\/avatar\\\/6b0eb9d22841282815e2cd856a0061c45e1761cd54b22e952d98c4746939aa85?s=96&r=g\",\"url\":\"https:\\\/\\\/secure.gravatar.com\\\/avatar\\\/6b0eb9d22841282815e2cd856a0061c45e1761cd54b22e952d98c4746939aa85?s=96&r=g\",\"contentUrl\":\"https:\\\/\\\/secure.gravatar.com\\\/avatar\\\/6b0eb9d22841282815e2cd856a0061c45e1761cd54b22e952d98c4746939aa85?s=96&r=g\",\"caption\":\"Michele\"},\"description\":\"Formada em Letras - Portugu\u00eas\\\/ Ingl\u00eas, e idealizadora do site Escritora de Sucesso, busca expandir o conhecimento de todos com informa\u00e7\u00f5es relevantes sobre diversos assuntos, enquanto redatora. No Vaga de Emprego RJ, traz oportunidades e dicas sobre o mercado de trabalho.\",\"url\":\"https:\\\/\\\/www.vagadeempregorj.com.br\\\/ar\\\/author\\\/michele\\\/\"}]}<\/script>\n<!-- \/ Yoast SEO plugin. -->","yoast_head_json":{"title":"Emprego na Mercedes: veja como se candidatar a uma oportunidade -","description":"Veja em Vagas de Emprego RJ as vagas de emprego com e sem experi\u00eancia no seu Estado e Regi\u00e3o!","robots":{"index":"index","follow":"follow","max-snippet":"max-snippet:-1","max-image-preview":"max-image-preview:large","max-video-preview":"max-video-preview:-1"},"canonical":"https:\/\/www.vagadeempregorj.com.br\/ar\/emprego-na-mercedes-veja-como-se-candidatar-a-uma-oportunidade\/","og_locale":"ar_AR","og_type":"article","og_title":"Emprego na Mercedes: veja como se candidatar a uma oportunidade -","og_description":"Veja em Vagas de Emprego RJ as vagas de emprego com e sem experi\u00eancia no seu Estado e Regi\u00e3o!","og_url":"https:\/\/www.vagadeempregorj.com.br\/ar\/emprego-na-mercedes-veja-como-se-candidatar-a-uma-oportunidade\/","article_publisher":"https:\/\/www.facebook.com\/empregobrasiloficial","article_published_time":"2024-07-31T09:00:00+00:00","og_image":[{"width":784,"height":445,"url":"https:\/\/www.vagadeempregorj.com.br\/wp-content\/uploads\/2024\/07\/image-39.png","type":"image\/png"}],"author":"Michele","twitter_card":"summary_large_image","twitter_misc":{"Written by":"Michele","Est. reading time":"4 \u062f\u0642\u0627\u0626\u0642"},"schema":{"@context":"https:\/\/schema.org","@graph":[{"@type":"Article","@id":"https:\/\/www.vagadeempregorj.com.br\/emprego-na-mercedes-veja-como-se-candidatar-a-uma-oportunidade\/#article","isPartOf":{"@id":"https:\/\/www.vagadeempregorj.com.br\/emprego-na-mercedes-veja-como-se-candidatar-a-uma-oportunidade\/"},"author":{"name":"Michele","@id":"https:\/\/www.vagadeempregorj.com.br\/#\/schema\/person\/3ddb19fa0539706786e502152f3aae95"},"headline":"Emprego na Mercedes: veja como se candidatar a uma oportunidade","datePublished":"2024-07-31T09:00:00+00:00","mainEntityOfPage":{"@id":"https:\/\/www.vagadeempregorj.com.br\/emprego-na-mercedes-veja-como-se-candidatar-a-uma-oportunidade\/"},"wordCount":732,"image":{"@id":"https:\/\/www.vagadeempregorj.com.br\/emprego-na-mercedes-veja-como-se-candidatar-a-uma-oportunidade\/#primaryimage"},"thumbnailUrl":"https:\/\/www.vagadeempregorj.com.br\/wp-content\/uploads\/2024\/07\/image-39.png","keywords":["empregos","oportunidades"],"articleSection":["Vagas de Emprego Nacionais"],"inLanguage":"ar"},{"@type":"WebPage","@id":"https:\/\/www.vagadeempregorj.com.br\/emprego-na-mercedes-veja-como-se-candidatar-a-uma-oportunidade\/","url":"https:\/\/www.vagadeempregorj.com.br\/emprego-na-mercedes-veja-como-se-candidatar-a-uma-oportunidade\/","name":"Emprego na Mercedes: veja como se candidatar a uma oportunidade -","isPartOf":{"@id":"https:\/\/www.vagadeempregorj.com.br\/#website"},"primaryImageOfPage":{"@id":"https:\/\/www.vagadeempregorj.com.br\/emprego-na-mercedes-veja-como-se-candidatar-a-uma-oportunidade\/#primaryimage"},"image":{"@id":"https:\/\/www.vagadeempregorj.com.br\/emprego-na-mercedes-veja-como-se-candidatar-a-uma-oportunidade\/#primaryimage"},"thumbnailUrl":"https:\/\/www.vagadeempregorj.com.br\/wp-content\/uploads\/2024\/07\/image-39.png","datePublished":"2024-07-31T09:00:00+00:00","author":{"@id":"https:\/\/www.vagadeempregorj.com.br\/#\/schema\/person\/3ddb19fa0539706786e502152f3aae95"},"description":"Veja em Vagas de Emprego RJ as vagas de emprego com e sem experi\u00eancia no seu Estado e Regi\u00e3o!","breadcrumb":{"@id":"https:\/\/www.vagadeempregorj.com.br\/emprego-na-mercedes-veja-como-se-candidatar-a-uma-oportunidade\/#breadcrumb"},"inLanguage":"ar","potentialAction":[{"@type":"ReadAction","target":["https:\/\/www.vagadeempregorj.com.br\/emprego-na-mercedes-veja-como-se-candidatar-a-uma-oportunidade\/"]}]},{"@type":"ImageObject","inLanguage":"ar","@id":"https:\/\/www.vagadeempregorj.com.br\/emprego-na-mercedes-veja-como-se-candidatar-a-uma-oportunidade\/#primaryimage","url":"https:\/\/www.vagadeempregorj.com.br\/wp-content\/uploads\/2024\/07\/image-39.png","contentUrl":"https:\/\/www.vagadeempregorj.com.br\/wp-content\/uploads\/2024\/07\/image-39.png","width":784,"height":445},{"@type":"BreadcrumbList","@id":"https:\/\/www.vagadeempregorj.com.br\/emprego-na-mercedes-veja-como-se-candidatar-a-uma-oportunidade\/#breadcrumb","itemListElement":[{"@type":"ListItem","position":1,"name":"In\u00edcio","item":"https:\/\/www.vagadeempregorj.com.br\/"},{"@type":"ListItem","position":2,"name":"Vagas de Emprego Nacionais","item":"https:\/\/www.vagadeempregorj.com.br\/vagas-de-emprego-nacionais\/"},{"@type":"ListItem","position":3,"name":"Emprego na Mercedes: veja como se candidatar a uma oportunidade"}]},{"@type":"WebSite","@id":"https:\/\/www.vagadeempregorj.com.br\/#website","url":"https:\/\/www.vagadeempregorj.com.br\/","name":"","description":"Conquiste Sonhos: Vagas, Benef\u00edcios e Economia para Transformar Vidas e Alcan\u00e7ar Melhorias Cotidianas","potentialAction":[{"@type":"SearchAction","target":{"@type":"EntryPoint","urlTemplate":"https:\/\/www.vagadeempregorj.com.br\/?s={search_term_string}"},"query-input":{"@type":"PropertyValueSpecification","valueRequired":true,"valueName":"search_term_string"}}],"inLanguage":"ar"},{"@type":"Person","@id":"https:\/\/www.vagadeempregorj.com.br\/#\/schema\/person\/3ddb19fa0539706786e502152f3aae95","name":"Michele","image":{"@type":"ImageObject","inLanguage":"ar","@id":"https:\/\/secure.gravatar.com\/avatar\/6b0eb9d22841282815e2cd856a0061c45e1761cd54b22e952d98c4746939aa85?s=96&r=g","url":"https:\/\/secure.gravatar.com\/avatar\/6b0eb9d22841282815e2cd856a0061c45e1761cd54b22e952d98c4746939aa85?s=96&r=g","contentUrl":"https:\/\/secure.gravatar.com\/avatar\/6b0eb9d22841282815e2cd856a0061c45e1761cd54b22e952d98c4746939aa85?s=96&r=g","caption":"Michele"},"description":"Formada em Letras - Portugu\u00eas\/ Ingl\u00eas, e idealizadora do site Escritora de Sucesso, busca expandir o conhecimento de todos com informa\u00e7\u00f5es relevantes sobre diversos assuntos, enquanto redatora. No Vaga de Emprego RJ, traz oportunidades e dicas sobre o mercado de trabalho.","url":"https:\/\/www.vagadeempregorj.com.br\/ar\/author\/michele\/"}]}},"_links":{"self":[{"href":"https:\/\/www.vagadeempregorj.com.br\/ar\/wp-json\/wp\/v2\/posts\/39996","targetHints":{"allow":["GET"]}}],"collection":[{"href":"https:\/\/www.vagadeempregorj.com.br\/ar\/wp-json\/wp\/v2\/posts"}],"about":[{"href":"https:\/\/www.vagadeempregorj.com.br\/ar\/wp-json\/wp\/v2\/types\/post"}],"author":[{"embeddable":true,"href":"https:\/\/www.vagadeempregorj.com.br\/ar\/wp-json\/wp\/v2\/users\/16"}],"replies":[{"embeddable":true,"href":"https:\/\/www.vagadeempregorj.com.br\/ar\/wp-json\/wp\/v2\/comments?post=39996"}],"version-history":[{"count":0,"href":"https:\/\/www.vagadeempregorj.com.br\/ar\/wp-json\/wp\/v2\/posts\/39996\/revisions"}],"wp:featuredmedia":[{"embeddable":true,"href":"https:\/\/www.vagadeempregorj.com.br\/ar\/wp-json\/wp\/v2\/media\/40013"}],"wp:attachment":[{"href":"https:\/\/www.vagadeempregorj.com.br\/ar\/wp-json\/wp\/v2\/media?parent=39996"}],"wp:term":[{"taxonomy":"category","embeddable":true,"href":"https:\/\/www.vagadeempregorj.com.br\/ar\/wp-json\/wp\/v2\/categories?post=39996"},{"taxonomy":"post_tag","embeddable":true,"href":"https:\/\/www.vagadeempregorj.com.br\/ar\/wp-json\/wp\/v2\/tags?post=39996"}],"curies":[{"name":"wp","href":"https:\/\/api.w.org\/{rel}","templated":true}]}}