{"id":40075,"date":"2024-08-04T06:00:00","date_gmt":"2024-08-04T09:00:00","guid":{"rendered":"https:\/\/www.vagadeempregorj.com.br\/?p=40075"},"modified":"2024-08-04T00:07:50","modified_gmt":"2024-08-04T03:07:50","slug":"assai-atacadista-tem-mais-de-1000-empregos-abertos-pelo-pais","status":"publish","type":"post","link":"https:\/\/www.vagadeempregorj.com.br\/ar\/assai-atacadista-tem-mais-de-1000-empregos-abertos-pelo-pais\/","title":{"rendered":"Assa\u00ed Atacadista tem mais de 1000 empregos abertos pelo pa\u00eds"},"content":{"rendered":"<p>O Assa\u00ed Atacadista, uma das maiores redes de atacado do Brasil, est\u00e1 oferecendo mais de 1000 vagas de emprego em diversas regi\u00f5es do pa\u00eds. A empresa, conhecida por seu modelo de neg\u00f3cios que mistura o atacado e o varejo, busca profissionais para compor seu quadro de funcion\u00e1rios e continuar sua trajet\u00f3ria de crescimento e expans\u00e3o.<\/p>\n\n\n\n<h2 class=\"wp-block-heading\">Sobre a Assa\u00ed Atacadista<\/h2>\n\n\n\n<p>Fundada em 1974, a Assa\u00ed Atacadista consolidou-se como uma das l\u00edderes no segmento de atacado de autosservi\u00e7o. A empresa faz parte do grupo franc\u00eas Casino e tem como principal objetivo atender tanto pequenos e m\u00e9dios comerciantes quanto consumidores finais.&nbsp;<\/p>\n\n\n\n<p>Com uma presen\u00e7a marcante em todas as regi\u00f5es do Brasil, a rede possui mais de 200 lojas espalhadas pelo pa\u00eds, oferecendo uma vasta gama de produtos que v\u00e3o desde alimentos at\u00e9 itens de higiene e limpeza.<\/p>\n\n\n\n<figure class=\"wp-block-image size-full is-resized\"><img loading=\"lazy\" decoding=\"async\" width=\"645\" height=\"410\" src=\"https:\/\/www.vagadeempregorj.com.br\/wp-content\/uploads\/2024\/08\/image-3.png\" alt=\"\" class=\"wp-image-40083\" style=\"width:840px;height:auto\" srcset=\"https:\/\/www.vagadeempregorj.com.br\/wp-content\/uploads\/2024\/08\/image-3.png 645w, https:\/\/www.vagadeempregorj.com.br\/wp-content\/uploads\/2024\/08\/image-3-300x191.png 300w, https:\/\/www.vagadeempregorj.com.br\/wp-content\/uploads\/2024\/08\/image-3-150x95.png 150w\" sizes=\"auto, (max-width: 645px) 100vw, 645px\" \/><\/figure>\n\n\n\n<p>A Assa\u00ed Atacadista destaca-se pela qualidade de seus produtos e pela efici\u00eancia no atendimento ao cliente. O modelo de neg\u00f3cio da empresa permite a compra de produtos em grandes quantidades a pre\u00e7os mais competitivos, atraindo um p\u00fablico variado que busca economia sem abrir m\u00e3o da qualidade.&nbsp;<\/p>\n\n\n\n<p>Al\u00e9m disso, a empresa investe constantemente em infraestrutura e tecnologia para melhorar a experi\u00eancia de compra de seus clientes e otimizar seus processos internos.<\/p>\n\n\n\n<h2 class=\"wp-block-heading\">Oportunidades de emprego na Assa\u00ed Atacadista<\/h2>\n\n\n\n<p>A Assa\u00ed Atacadista est\u00e1 com mais de 1000 vagas de emprego abertas em diversas localidades do Brasil. As oportunidades abrangem diferentes \u00e1reas e n\u00edveis de experi\u00eancia, desde <a href=\"https:\/\/escritoradesucesso.com.br\/pode-trabalhar-em-dois-empregos-de-carteira-assinada\/\">cargos operacionais<\/a> at\u00e9 posi\u00e7\u00f5es de lideran\u00e7a.&nbsp;<\/p>\n\n\n\n<p><strong>As vagas incluem fun\u00e7\u00f5es como repositor, operador de caixa, auxiliar de dep\u00f3sito, encarregado de setor, supervisor de loja, entre outras.<\/strong><\/p>\n\n\n\n<p>A empresa valoriza a diversidade e busca candidatos com perfis variados, promovendo um ambiente de trabalho inclusivo e acolhedor.&nbsp;<\/p>\n\n\n\n<p>O Assa\u00ed Atacadista oferece aos seus colaboradores um pacote de benef\u00edcios atraente, que inclui vale-transporte, vale-refei\u00e7\u00e3o, assist\u00eancia m\u00e9dica, assist\u00eancia odontol\u00f3gica, seguro de vida e programas de desenvolvimento profissional.<\/p>\n\n\n\n<p>A expans\u00e3o constante da rede de lojas da Assa\u00ed Atacadista tamb\u00e9m abre espa\u00e7o para novas oportunidades de carreira. A empresa frequentemente inaugura novas unidades, o que gera um aumento na demanda por profissionais qualificados. Isso representa uma excelente chance para quem busca crescimento profissional em uma empresa s\u00f3lida e em plena expans\u00e3o.<\/p>\n\n\n\n<h2 class=\"wp-block-heading\">Como se candidatar<\/h2>\n\n\n\n<p>Os interessados em fazer parte do time Assa\u00ed Atacadista podem se candidatar atrav\u00e9s do site oficial da empresa. No portal, \u00e9 poss\u00edvel encontrar todas as vagas dispon\u00edveis, com descri\u00e7\u00e3o detalhada das fun\u00e7\u00f5es e requisitos necess\u00e1rios para cada posi\u00e7\u00e3o. O processo de candidatura \u00e9 simples e pode ser feito totalmente online.<\/p>\n\n\n\n<p>Para se candidatar, o candidato deve acessar o site do Assa\u00ed Atacadista e clicar na se\u00e7\u00e3o <a href=\"https:\/\/assai.gupy.io\/\"><strong>Trabalhe Conosco<\/strong><\/a>. Nessa p\u00e1gina, o interessado encontrar\u00e1 a lista de vagas abertas e poder\u00e1 filtrar as oportunidades por localidade e \u00e1rea de interesse.&nbsp;<\/p>\n\n\n\n<p>Ao selecionar a vaga desejada, o candidato deve preencher um formul\u00e1rio com seus dados pessoais, informa\u00e7\u00f5es profissionais e anexar o curr\u00edculo atualizado.<\/p>\n\n\n\n<p>Ap\u00f3s a inscri\u00e7\u00e3o, os candidatos pr\u00e9-selecionados ser\u00e3o contatados pela equipe de recrutamento do Assa\u00ed Atacadista para as pr\u00f3ximas etapas do processo seletivo, que podem incluir entrevistas e testes espec\u00edficos. A empresa valoriza a transpar\u00eancia e mant\u00e9m os candidatos informados sobre o andamento de suas candidaturas.<\/p>\n\n\n\n<p>O Assa\u00ed Atacadista investe continuamente no desenvolvimento de seus colaboradores, oferecendo treinamentos e capacita\u00e7\u00f5es para aprimorar suas habilidades e preparar os profissionais para novos desafios. Al\u00e9m disso, a empresa possui programas de reconhecimento e valoriza\u00e7\u00e3o do desempenho, incentivando o crescimento e a motiva\u00e7\u00e3o de sua equipe.<\/p>\n\n\n\n<p>Trabalhar na Assa\u00ed Atacadista representa uma oportunidade de integrar uma empresa din\u00e2mica e em constante crescimento. Com uma cultura organizacional que valoriza o respeito, a \u00e9tica e a diversidade, o Assa\u00ed Atacadista oferece um ambiente prop\u00edcio para o desenvolvimento pessoal e profissional de seus colaboradores.<\/p>\n\n\n\n<p><strong>Veja tamb\u00e9m: <a href=\"https:\/\/www.vagadeempregorj.com.br\/ar\/melhores-empregos-para-quem-faz-faculdade-7-empresas-contratando\/\">Melhores empregos para quem faz faculdade: 7 empresas contratando<\/a><\/strong><\/p>\n\n\n\n<p>4 de agosto de 2024<\/p>","protected":false},"excerpt":{"rendered":"<p>O Assa\u00ed Atacadista, uma das maiores redes de atacado do Brasil, est\u00e1 oferecendo mais de 1000 vagas de emprego em diversas regi\u00f5es do pa\u00eds. A empresa, conhecida por seu modelo de neg\u00f3cios que mistura o atacado e o varejo, busca profissionais para compor seu quadro de funcion\u00e1rios e continuar sua trajet\u00f3ria de crescimento e expans\u00e3o.&hellip;&nbsp;<\/p>","protected":false},"author":16,"featured_media":40083,"comment_status":"closed","ping_status":"closed","sticky":false,"template":"","format":"standard","meta":{"neve_meta_sidebar":"","neve_meta_container":"","neve_meta_enable_content_width":"","neve_meta_content_width":0,"neve_meta_title_alignment":"","neve_meta_author_avatar":"","neve_post_elements_order":"","neve_meta_disable_header":"","neve_meta_disable_footer":"","neve_meta_disable_title":"","footnotes":""},"categories":[123],"tags":[830,608],"class_list":["post-40075","post","type-post","status-publish","format-standard","has-post-thumbnail","hentry","category-vagas-de-emprego-nacionais","tag-empregos","tag-oportunidades"],"yoast_head":"<!-- This site is optimized with the Yoast SEO plugin v27.5 - https:\/\/yoast.com\/product\/yoast-seo-wordpress\/ -->\n<title>Assa\u00ed Atacadista tem mais de 1000 empregos abertos pelo pa\u00eds -<\/title>\n<meta name=\"description\" content=\"Veja em Vagas de Emprego RJ as vagas de emprego com e sem experi\u00eancia no seu Estado e Regi\u00e3o!\" \/>\n<meta name=\"robots\" content=\"index, follow, max-snippet:-1, max-image-preview:large, max-video-preview:-1\" \/>\n<link rel=\"canonical\" href=\"https:\/\/www.vagadeempregorj.com.br\/ar\/assai-atacadista-tem-mais-de-1000-empregos-abertos-pelo-pais\/\" \/>\n<meta property=\"og:locale\" content=\"ar_AR\" \/>\n<meta property=\"og:type\" content=\"article\" \/>\n<meta property=\"og:title\" content=\"Assa\u00ed Atacadista tem mais de 1000 empregos abertos pelo pa\u00eds -\" \/>\n<meta property=\"og:description\" content=\"Veja em Vagas de Emprego RJ as vagas de emprego com e sem experi\u00eancia no seu Estado e Regi\u00e3o!\" \/>\n<meta property=\"og:url\" content=\"https:\/\/www.vagadeempregorj.com.br\/ar\/assai-atacadista-tem-mais-de-1000-empregos-abertos-pelo-pais\/\" \/>\n<meta property=\"article:publisher\" content=\"https:\/\/www.facebook.com\/empregobrasiloficial\" \/>\n<meta property=\"article:published_time\" content=\"2024-08-04T09:00:00+00:00\" \/>\n<meta property=\"og:image\" content=\"https:\/\/www.vagadeempregorj.com.br\/wp-content\/uploads\/2024\/08\/image-3.png\" \/>\n\t<meta property=\"og:image:width\" content=\"645\" \/>\n\t<meta property=\"og:image:height\" content=\"410\" \/>\n\t<meta property=\"og:image:type\" content=\"image\/png\" \/>\n<meta name=\"author\" content=\"Michele\" \/>\n<meta name=\"twitter:card\" content=\"summary_large_image\" \/>\n<meta name=\"twitter:label1\" content=\"\u0643\u064f\u062a\u0628 \u0628\u0648\u0627\u0633\u0637\u0629\" \/>\n\t<meta name=\"twitter:data1\" content=\"Michele\" \/>\n\t<meta name=\"twitter:label2\" content=\"\u0648\u0642\u062a \u0627\u0644\u0642\u0631\u0627\u0621\u0629 \u0627\u0644\u0645\u064f\u0642\u062f\u0651\u0631\" \/>\n\t<meta name=\"twitter:data2\" content=\"3 \u062f\u0642\u0627\u0626\u0642\" \/>\n<script type=\"application\/ld+json\" class=\"yoast-schema-graph\">{\"@context\":\"https:\\\/\\\/schema.org\",\"@graph\":[{\"@type\":\"Article\",\"@id\":\"https:\\\/\\\/www.vagadeempregorj.com.br\\\/assai-atacadista-tem-mais-de-1000-empregos-abertos-pelo-pais\\\/#article\",\"isPartOf\":{\"@id\":\"https:\\\/\\\/www.vagadeempregorj.com.br\\\/assai-atacadista-tem-mais-de-1000-empregos-abertos-pelo-pais\\\/\"},\"author\":{\"name\":\"Michele\",\"@id\":\"https:\\\/\\\/www.vagadeempregorj.com.br\\\/#\\\/schema\\\/person\\\/3ddb19fa0539706786e502152f3aae95\"},\"headline\":\"Assa\u00ed Atacadista tem mais de 1000 empregos abertos pelo pa\u00eds\",\"datePublished\":\"2024-08-04T09:00:00+00:00\",\"mainEntityOfPage\":{\"@id\":\"https:\\\/\\\/www.vagadeempregorj.com.br\\\/assai-atacadista-tem-mais-de-1000-empregos-abertos-pelo-pais\\\/\"},\"wordCount\":699,\"image\":{\"@id\":\"https:\\\/\\\/www.vagadeempregorj.com.br\\\/assai-atacadista-tem-mais-de-1000-empregos-abertos-pelo-pais\\\/#primaryimage\"},\"thumbnailUrl\":\"https:\\\/\\\/www.vagadeempregorj.com.br\\\/wp-content\\\/uploads\\\/2024\\\/08\\\/image-3.png\",\"keywords\":[\"empregos\",\"oportunidades\"],\"articleSection\":[\"Vagas de Emprego Nacionais\"],\"inLanguage\":\"ar\"},{\"@type\":\"WebPage\",\"@id\":\"https:\\\/\\\/www.vagadeempregorj.com.br\\\/assai-atacadista-tem-mais-de-1000-empregos-abertos-pelo-pais\\\/\",\"url\":\"https:\\\/\\\/www.vagadeempregorj.com.br\\\/assai-atacadista-tem-mais-de-1000-empregos-abertos-pelo-pais\\\/\",\"name\":\"Assa\u00ed Atacadista tem mais de 1000 empregos abertos pelo pa\u00eds -\",\"isPartOf\":{\"@id\":\"https:\\\/\\\/www.vagadeempregorj.com.br\\\/#website\"},\"primaryImageOfPage\":{\"@id\":\"https:\\\/\\\/www.vagadeempregorj.com.br\\\/assai-atacadista-tem-mais-de-1000-empregos-abertos-pelo-pais\\\/#primaryimage\"},\"image\":{\"@id\":\"https:\\\/\\\/www.vagadeempregorj.com.br\\\/assai-atacadista-tem-mais-de-1000-empregos-abertos-pelo-pais\\\/#primaryimage\"},\"thumbnailUrl\":\"https:\\\/\\\/www.vagadeempregorj.com.br\\\/wp-content\\\/uploads\\\/2024\\\/08\\\/image-3.png\",\"datePublished\":\"2024-08-04T09:00:00+00:00\",\"author\":{\"@id\":\"https:\\\/\\\/www.vagadeempregorj.com.br\\\/#\\\/schema\\\/person\\\/3ddb19fa0539706786e502152f3aae95\"},\"description\":\"Veja em Vagas de Emprego RJ as vagas de emprego com e sem experi\u00eancia no seu Estado e Regi\u00e3o!\",\"breadcrumb\":{\"@id\":\"https:\\\/\\\/www.vagadeempregorj.com.br\\\/assai-atacadista-tem-mais-de-1000-empregos-abertos-pelo-pais\\\/#breadcrumb\"},\"inLanguage\":\"ar\",\"potentialAction\":[{\"@type\":\"ReadAction\",\"target\":[\"https:\\\/\\\/www.vagadeempregorj.com.br\\\/assai-atacadista-tem-mais-de-1000-empregos-abertos-pelo-pais\\\/\"]}]},{\"@type\":\"ImageObject\",\"inLanguage\":\"ar\",\"@id\":\"https:\\\/\\\/www.vagadeempregorj.com.br\\\/assai-atacadista-tem-mais-de-1000-empregos-abertos-pelo-pais\\\/#primaryimage\",\"url\":\"https:\\\/\\\/www.vagadeempregorj.com.br\\\/wp-content\\\/uploads\\\/2024\\\/08\\\/image-3.png\",\"contentUrl\":\"https:\\\/\\\/www.vagadeempregorj.com.br\\\/wp-content\\\/uploads\\\/2024\\\/08\\\/image-3.png\",\"width\":645,\"height\":410},{\"@type\":\"BreadcrumbList\",\"@id\":\"https:\\\/\\\/www.vagadeempregorj.com.br\\\/assai-atacadista-tem-mais-de-1000-empregos-abertos-pelo-pais\\\/#breadcrumb\",\"itemListElement\":[{\"@type\":\"ListItem\",\"position\":1,\"name\":\"In\u00edcio\",\"item\":\"https:\\\/\\\/www.vagadeempregorj.com.br\\\/\"},{\"@type\":\"ListItem\",\"position\":2,\"name\":\"Vagas de Emprego Nacionais\",\"item\":\"https:\\\/\\\/www.vagadeempregorj.com.br\\\/vagas-de-emprego-nacionais\\\/\"},{\"@type\":\"ListItem\",\"position\":3,\"name\":\"Assa\u00ed Atacadista tem mais de 1000 empregos abertos pelo pa\u00eds\"}]},{\"@type\":\"WebSite\",\"@id\":\"https:\\\/\\\/www.vagadeempregorj.com.br\\\/#website\",\"url\":\"https:\\\/\\\/www.vagadeempregorj.com.br\\\/\",\"name\":\"\",\"description\":\"Conquiste Sonhos: Vagas, Benef\u00edcios e Economia para Transformar Vidas e Alcan\u00e7ar Melhorias Cotidianas\",\"potentialAction\":[{\"@type\":\"SearchAction\",\"target\":{\"@type\":\"EntryPoint\",\"urlTemplate\":\"https:\\\/\\\/www.vagadeempregorj.com.br\\\/?s={search_term_string}\"},\"query-input\":{\"@type\":\"PropertyValueSpecification\",\"valueRequired\":true,\"valueName\":\"search_term_string\"}}],\"inLanguage\":\"ar\"},{\"@type\":\"Person\",\"@id\":\"https:\\\/\\\/www.vagadeempregorj.com.br\\\/#\\\/schema\\\/person\\\/3ddb19fa0539706786e502152f3aae95\",\"name\":\"Michele\",\"image\":{\"@type\":\"ImageObject\",\"inLanguage\":\"ar\",\"@id\":\"https:\\\/\\\/secure.gravatar.com\\\/avatar\\\/6b0eb9d22841282815e2cd856a0061c45e1761cd54b22e952d98c4746939aa85?s=96&r=g\",\"url\":\"https:\\\/\\\/secure.gravatar.com\\\/avatar\\\/6b0eb9d22841282815e2cd856a0061c45e1761cd54b22e952d98c4746939aa85?s=96&r=g\",\"contentUrl\":\"https:\\\/\\\/secure.gravatar.com\\\/avatar\\\/6b0eb9d22841282815e2cd856a0061c45e1761cd54b22e952d98c4746939aa85?s=96&r=g\",\"caption\":\"Michele\"},\"description\":\"Formada em Letras - Portugu\u00eas\\\/ Ingl\u00eas, e idealizadora do site Escritora de Sucesso, busca expandir o conhecimento de todos com informa\u00e7\u00f5es relevantes sobre diversos assuntos, enquanto redatora. No Vaga de Emprego RJ, traz oportunidades e dicas sobre o mercado de trabalho.\",\"url\":\"https:\\\/\\\/www.vagadeempregorj.com.br\\\/ar\\\/author\\\/michele\\\/\"}]}<\/script>\n<!-- \/ Yoast SEO plugin. -->","yoast_head_json":{"title":"Assa\u00ed Atacadista tem mais de 1000 empregos abertos pelo pa\u00eds -","description":"Veja em Vagas de Emprego RJ as vagas de emprego com e sem experi\u00eancia no seu Estado e Regi\u00e3o!","robots":{"index":"index","follow":"follow","max-snippet":"max-snippet:-1","max-image-preview":"max-image-preview:large","max-video-preview":"max-video-preview:-1"},"canonical":"https:\/\/www.vagadeempregorj.com.br\/ar\/assai-atacadista-tem-mais-de-1000-empregos-abertos-pelo-pais\/","og_locale":"ar_AR","og_type":"article","og_title":"Assa\u00ed Atacadista tem mais de 1000 empregos abertos pelo pa\u00eds -","og_description":"Veja em Vagas de Emprego RJ as vagas de emprego com e sem experi\u00eancia no seu Estado e Regi\u00e3o!","og_url":"https:\/\/www.vagadeempregorj.com.br\/ar\/assai-atacadista-tem-mais-de-1000-empregos-abertos-pelo-pais\/","article_publisher":"https:\/\/www.facebook.com\/empregobrasiloficial","article_published_time":"2024-08-04T09:00:00+00:00","og_image":[{"width":645,"height":410,"url":"https:\/\/www.vagadeempregorj.com.br\/wp-content\/uploads\/2024\/08\/image-3.png","type":"image\/png"}],"author":"Michele","twitter_card":"summary_large_image","twitter_misc":{"\u0643\u064f\u062a\u0628 \u0628\u0648\u0627\u0633\u0637\u0629":"Michele","\u0648\u0642\u062a \u0627\u0644\u0642\u0631\u0627\u0621\u0629 \u0627\u0644\u0645\u064f\u0642\u062f\u0651\u0631":"3 \u062f\u0642\u0627\u0626\u0642"},"schema":{"@context":"https:\/\/schema.org","@graph":[{"@type":"Article","@id":"https:\/\/www.vagadeempregorj.com.br\/assai-atacadista-tem-mais-de-1000-empregos-abertos-pelo-pais\/#article","isPartOf":{"@id":"https:\/\/www.vagadeempregorj.com.br\/assai-atacadista-tem-mais-de-1000-empregos-abertos-pelo-pais\/"},"author":{"name":"Michele","@id":"https:\/\/www.vagadeempregorj.com.br\/#\/schema\/person\/3ddb19fa0539706786e502152f3aae95"},"headline":"Assa\u00ed Atacadista tem mais de 1000 empregos abertos pelo pa\u00eds","datePublished":"2024-08-04T09:00:00+00:00","mainEntityOfPage":{"@id":"https:\/\/www.vagadeempregorj.com.br\/assai-atacadista-tem-mais-de-1000-empregos-abertos-pelo-pais\/"},"wordCount":699,"image":{"@id":"https:\/\/www.vagadeempregorj.com.br\/assai-atacadista-tem-mais-de-1000-empregos-abertos-pelo-pais\/#primaryimage"},"thumbnailUrl":"https:\/\/www.vagadeempregorj.com.br\/wp-content\/uploads\/2024\/08\/image-3.png","keywords":["empregos","oportunidades"],"articleSection":["Vagas de Emprego Nacionais"],"inLanguage":"ar"},{"@type":"WebPage","@id":"https:\/\/www.vagadeempregorj.com.br\/assai-atacadista-tem-mais-de-1000-empregos-abertos-pelo-pais\/","url":"https:\/\/www.vagadeempregorj.com.br\/assai-atacadista-tem-mais-de-1000-empregos-abertos-pelo-pais\/","name":"Assa\u00ed Atacadista tem mais de 1000 empregos abertos pelo pa\u00eds -","isPartOf":{"@id":"https:\/\/www.vagadeempregorj.com.br\/#website"},"primaryImageOfPage":{"@id":"https:\/\/www.vagadeempregorj.com.br\/assai-atacadista-tem-mais-de-1000-empregos-abertos-pelo-pais\/#primaryimage"},"image":{"@id":"https:\/\/www.vagadeempregorj.com.br\/assai-atacadista-tem-mais-de-1000-empregos-abertos-pelo-pais\/#primaryimage"},"thumbnailUrl":"https:\/\/www.vagadeempregorj.com.br\/wp-content\/uploads\/2024\/08\/image-3.png","datePublished":"2024-08-04T09:00:00+00:00","author":{"@id":"https:\/\/www.vagadeempregorj.com.br\/#\/schema\/person\/3ddb19fa0539706786e502152f3aae95"},"description":"Veja em Vagas de Emprego RJ as vagas de emprego com e sem experi\u00eancia no seu Estado e Regi\u00e3o!","breadcrumb":{"@id":"https:\/\/www.vagadeempregorj.com.br\/assai-atacadista-tem-mais-de-1000-empregos-abertos-pelo-pais\/#breadcrumb"},"inLanguage":"ar","potentialAction":[{"@type":"ReadAction","target":["https:\/\/www.vagadeempregorj.com.br\/assai-atacadista-tem-mais-de-1000-empregos-abertos-pelo-pais\/"]}]},{"@type":"ImageObject","inLanguage":"ar","@id":"https:\/\/www.vagadeempregorj.com.br\/assai-atacadista-tem-mais-de-1000-empregos-abertos-pelo-pais\/#primaryimage","url":"https:\/\/www.vagadeempregorj.com.br\/wp-content\/uploads\/2024\/08\/image-3.png","contentUrl":"https:\/\/www.vagadeempregorj.com.br\/wp-content\/uploads\/2024\/08\/image-3.png","width":645,"height":410},{"@type":"BreadcrumbList","@id":"https:\/\/www.vagadeempregorj.com.br\/assai-atacadista-tem-mais-de-1000-empregos-abertos-pelo-pais\/#breadcrumb","itemListElement":[{"@type":"ListItem","position":1,"name":"In\u00edcio","item":"https:\/\/www.vagadeempregorj.com.br\/"},{"@type":"ListItem","position":2,"name":"Vagas de Emprego Nacionais","item":"https:\/\/www.vagadeempregorj.com.br\/vagas-de-emprego-nacionais\/"},{"@type":"ListItem","position":3,"name":"Assa\u00ed Atacadista tem mais de 1000 empregos abertos pelo pa\u00eds"}]},{"@type":"WebSite","@id":"https:\/\/www.vagadeempregorj.com.br\/#website","url":"https:\/\/www.vagadeempregorj.com.br\/","name":"","description":"\u062a\u062d\u0642\u064a\u0642 \u0627\u0644\u0623\u062d\u0644\u0627\u0645: \u0641\u0631\u0635 \u0639\u0645\u0644\u060c \u0645\u0632\u0627\u064a\u0627\u060c \u0648\u062a\u0648\u0641\u064a\u0631\u0627\u062a \u0644\u062a\u063a\u064a\u064a\u0631 \u0627\u0644\u062d\u064a\u0627\u0629 \u0648\u062a\u062d\u0642\u064a\u0642 \u062a\u062d\u0633\u064a\u0646\u0627\u062a \u064a\u0648\u0645\u064a\u0629","potentialAction":[{"@type":"SearchAction","target":{"@type":"EntryPoint","urlTemplate":"https:\/\/www.vagadeempregorj.com.br\/?s={search_term_string}"},"query-input":{"@type":"PropertyValueSpecification","valueRequired":true,"valueName":"search_term_string"}}],"inLanguage":"ar"},{"@type":"Person","@id":"https:\/\/www.vagadeempregorj.com.br\/#\/schema\/person\/3ddb19fa0539706786e502152f3aae95","name":"Michele","image":{"@type":"ImageObject","inLanguage":"ar","@id":"https:\/\/secure.gravatar.com\/avatar\/6b0eb9d22841282815e2cd856a0061c45e1761cd54b22e952d98c4746939aa85?s=96&r=g","url":"https:\/\/secure.gravatar.com\/avatar\/6b0eb9d22841282815e2cd856a0061c45e1761cd54b22e952d98c4746939aa85?s=96&r=g","contentUrl":"https:\/\/secure.gravatar.com\/avatar\/6b0eb9d22841282815e2cd856a0061c45e1761cd54b22e952d98c4746939aa85?s=96&r=g","caption":"Michele"},"description":"Formada em Letras - Portugu\u00eas\/ Ingl\u00eas, e idealizadora do site Escritora de Sucesso, busca expandir o conhecimento de todos com informa\u00e7\u00f5es relevantes sobre diversos assuntos, enquanto redatora. No Vaga de Emprego RJ, traz oportunidades e dicas sobre o mercado de trabalho.","url":"https:\/\/www.vagadeempregorj.com.br\/ar\/author\/michele\/"}]}},"_links":{"self":[{"href":"https:\/\/www.vagadeempregorj.com.br\/ar\/wp-json\/wp\/v2\/posts\/40075","targetHints":{"allow":["GET"]}}],"collection":[{"href":"https:\/\/www.vagadeempregorj.com.br\/ar\/wp-json\/wp\/v2\/posts"}],"about":[{"href":"https:\/\/www.vagadeempregorj.com.br\/ar\/wp-json\/wp\/v2\/types\/post"}],"author":[{"embeddable":true,"href":"https:\/\/www.vagadeempregorj.com.br\/ar\/wp-json\/wp\/v2\/users\/16"}],"replies":[{"embeddable":true,"href":"https:\/\/www.vagadeempregorj.com.br\/ar\/wp-json\/wp\/v2\/comments?post=40075"}],"version-history":[{"count":0,"href":"https:\/\/www.vagadeempregorj.com.br\/ar\/wp-json\/wp\/v2\/posts\/40075\/revisions"}],"wp:featuredmedia":[{"embeddable":true,"href":"https:\/\/www.vagadeempregorj.com.br\/ar\/wp-json\/wp\/v2\/media\/40083"}],"wp:attachment":[{"href":"https:\/\/www.vagadeempregorj.com.br\/ar\/wp-json\/wp\/v2\/media?parent=40075"}],"wp:term":[{"taxonomy":"category","embeddable":true,"href":"https:\/\/www.vagadeempregorj.com.br\/ar\/wp-json\/wp\/v2\/categories?post=40075"},{"taxonomy":"post_tag","embeddable":true,"href":"https:\/\/www.vagadeempregorj.com.br\/ar\/wp-json\/wp\/v2\/tags?post=40075"}],"curies":[{"name":"wp","href":"https:\/\/api.w.org\/{rel}","templated":true}]}}