{"id":40307,"date":"2024-08-19T20:55:47","date_gmt":"2024-08-19T23:55:47","guid":{"rendered":"https:\/\/www.vagadeempregorj.com.br\/?p=40307"},"modified":"2024-08-19T20:55:48","modified_gmt":"2024-08-19T23:55:48","slug":"mudancas-recentes-no-bolsa-familia-o-que-voce-precisa-saber","status":"publish","type":"post","link":"https:\/\/www.vagadeempregorj.com.br\/ar\/mudancas-recentes-no-bolsa-familia-o-que-voce-precisa-saber\/","title":{"rendered":"Mudan\u00e7as Recentes no Bolsa Fam\u00edlia: O Que Voc\u00ea Precisa Saber"},"content":{"rendered":"<p>O Bolsa Fam\u00edlia \u00e9 um dos principais programas de transfer\u00eancia de renda do Brasil, destinado a apoiar fam\u00edlias em situa\u00e7\u00e3o de vulnerabilidade econ\u00f4mica. Desde a sua implementa\u00e7\u00e3o, o programa tem desempenhado um papel crucial na redu\u00e7\u00e3o da pobreza e na melhoria da qualidade de vida de milh\u00f5es de brasileiros. Recentemente, o Bolsa Fam\u00edlia passou por algumas mudan\u00e7as significativas que visam aprimorar sua efic\u00e1cia e alcan\u00e7ar um n\u00famero ainda maior de benefici\u00e1rios. <\/p>\n\n\n\n<h2 class=\"wp-block-heading\">Mudan\u00e7as no Bolsa Fam\u00edlia<\/h2>\n\n\n\n<p>O Bolsa Fam\u00edlia \u00e9 um programa de transfer\u00eancia direta de recursos do governo federal para fam\u00edlias em situa\u00e7\u00e3o de pobreza e extrema pobreza. Criado em 2003, o programa visa garantir uma renda m\u00ednima para ajudar na cobertura das necessidades b\u00e1sicas, como alimenta\u00e7\u00e3o, sa\u00fade e educa\u00e7\u00e3o. Os benef\u00edcios s\u00e3o destinados \u00e0s fam\u00edlias que atendem a certos crit\u00e9rios de renda e composi\u00e7\u00e3o familiar.<\/p>\n\n\n\n<figure class=\"wp-block-image size-full\"><img loading=\"lazy\" decoding=\"async\" width=\"1024\" height=\"512\" src=\"https:\/\/www.vagadeempregorj.com.br\/wp-content\/uploads\/2024\/08\/image-18.png\" alt=\"\" class=\"wp-image-40308\" srcset=\"https:\/\/www.vagadeempregorj.com.br\/wp-content\/uploads\/2024\/08\/image-18.png 1024w, https:\/\/www.vagadeempregorj.com.br\/wp-content\/uploads\/2024\/08\/image-18-300x150.png 300w, https:\/\/www.vagadeempregorj.com.br\/wp-content\/uploads\/2024\/08\/image-18-768x384.png 768w, https:\/\/www.vagadeempregorj.com.br\/wp-content\/uploads\/2024\/08\/image-18-150x75.png 150w\" sizes=\"auto, (max-width: 1024px) 100vw, 1024px\" \/><\/figure>\n\n\n\n<h3 class=\"wp-block-heading\">Raz\u00f5es para as Mudan\u00e7as<\/h3>\n\n\n\n<p>Nos \u00faltimos anos, o governo federal tem buscado maneiras de melhorar a efic\u00e1cia do Bolsa Fam\u00edlia e adequ\u00e1-lo \u00e0s novas necessidades da popula\u00e7\u00e3o. As mudan\u00e7as recentes refletem o compromisso com a moderniza\u00e7\u00e3o do programa, a inclus\u00e3o de novas tecnologias e a adapta\u00e7\u00e3o \u00e0s condi\u00e7\u00f5es econ\u00f4micas e sociais em constante evolu\u00e7\u00e3o.<\/p>\n\n\n\n<h2 class=\"wp-block-heading\">Principais Mudan\u00e7as no Bolsa Fam\u00edlia<\/h2>\n\n\n\n<p>Uma das mudan\u00e7as mais not\u00e1veis no Bolsa Fam\u00edlia \u00e9 o aumento no valor dos benef\u00edcios. A medida visa ajustar os valores para que eles reflitam melhor o custo de vida atual e garantir que as fam\u00edlias recebam um suporte mais significativo.<\/p>\n\n\n\n<ul class=\"wp-block-list\">\n<li><strong>Reajuste dos Benef\u00edcios<\/strong>: Os valores dos benef\u00edcios foram reajustados para proporcionar um suporte financeiro mais adequado \u00e0s fam\u00edlias. Esse aumento \u00e9 uma resposta \u00e0 infla\u00e7\u00e3o e \u00e0s crescentes necessidades de assist\u00eancia social.<\/li>\n\n\n\n<li><strong>Benef\u00edcios Adicionais<\/strong>: Al\u00e9m do aumento geral, foram introduzidos benef\u00edcios adicionais para fam\u00edlias com crian\u00e7as e adolescentes em idade escolar, incentivando a educa\u00e7\u00e3o e a manuten\u00e7\u00e3o dos jovens na escola.<\/li>\n<\/ul>\n\n\n\n<h3 class=\"wp-block-heading\">Inclus\u00e3o de Novos Crit\u00e9rios de Elegibilidade<\/h3>\n\n\n\n<p>As mudan\u00e7as recentes tamb\u00e9m envolvem a revis\u00e3o dos crit\u00e9rios de elegibilidade para o Bolsa Fam\u00edlia.<\/p>\n\n\n\n<ul class=\"wp-block-list\">\n<li><strong>Revis\u00e3o dos Limites de Renda<\/strong>: Os limites de renda para a inclus\u00e3o no programa foram atualizados para refletir as novas condi\u00e7\u00f5es econ\u00f4micas. Isso permite que mais fam\u00edlias se qualifiquem para o benef\u00edcio, ampliando o alcance do programa.<\/li>\n\n\n\n<li><strong>Crit\u00e9rios de Composi\u00e7\u00e3o Familiar<\/strong>: Foram ajustados os crit\u00e9rios relacionados \u00e0 composi\u00e7\u00e3o familiar para garantir que o programa atenda melhor \u00e0s necessidades espec\u00edficas de diferentes tipos de fam\u00edlias.<\/li>\n<\/ul>\n\n\n\n<h3 class=\"wp-block-heading\">Introdu\u00e7\u00e3o de Novas Tecnologias e Processos<\/h3>\n\n\n\n<p>Para melhorar a gest\u00e3o e a efici\u00eancia do Bolsa Fam\u00edlia, o governo tem investido em novas tecnologias e processos.<\/p>\n\n\n\n<ul class=\"wp-block-list\">\n<li><strong>Plataforma Digital<\/strong>: Uma nova plataforma digital foi criada para facilitar o acesso ao programa e a gest\u00e3o dos benef\u00edcios. Os benefici\u00e1rios podem agora se inscrever, acompanhar e gerenciar seus benef\u00edcios de maneira mais simples e eficiente atrav\u00e9s de um aplicativo e site dedicados.<\/li>\n\n\n\n<li><strong>Atualiza\u00e7\u00e3o de Dados<\/strong>: O processo de atualiza\u00e7\u00e3o de dados dos benefici\u00e1rios foi modernizado para garantir que as informa\u00e7\u00f5es estejam sempre precisas e atualizadas, o que ajuda a prevenir fraudes e garantir que os recursos sejam destinados a quem realmente precisa.<\/li>\n<\/ul>\n\n\n\n<h3 class=\"wp-block-heading\">Parcerias e Programas Complementares<\/h3>\n\n\n\n<p>Al\u00e9m das mudan\u00e7as diretas no Bolsa Fam\u00edlia, o governo est\u00e1 promovendo parcerias e programas complementares para fortalecer o apoio \u00e0s fam\u00edlias benefici\u00e1rias.<\/p>\n\n\n\n<ul class=\"wp-block-list\">\n<li><strong>Programas de Capacita\u00e7\u00e3o<\/strong>: Foram criados programas de capacita\u00e7\u00e3o e qualifica\u00e7\u00e3o profissional para ajudar as fam\u00edlias a se prepararem para o mercado de trabalho e melhorarem suas perspectivas econ\u00f4micas a longo prazo.<\/li>\n\n\n\n<li><strong>Apoio \u00e0 Sa\u00fade e Educa\u00e7\u00e3o<\/strong>: Parcerias com outras institui\u00e7\u00f5es e programas voltados para a sa\u00fade e educa\u00e7\u00e3o foram estabelecidas para garantir que os benefici\u00e1rios tenham acesso a servi\u00e7os essenciais e possam aproveitar plenamente os benef\u00edcios do programa.<\/li>\n<\/ul>\n\n\n\n<h2 class=\"wp-block-heading\">Benef\u00edcios para as Fam\u00edlias<\/h2>\n\n\n\n<p>As mudan\u00e7as no Bolsa Fam\u00edlia t\u00eam o potencial de trazer diversos benef\u00edcios para as fam\u00edlias que dependem do programa.<\/p>\n\n\n\n<ul class=\"wp-block-list\">\n<li><strong>Apoio Financeiro Ampliado<\/strong>: O aumento no valor dos benef\u00edcios oferece um suporte financeiro mais robusto, ajudando as fam\u00edlias a cobrir suas necessidades b\u00e1sicas e a melhorar sua qualidade de vida.<\/li>\n\n\n\n<li><strong>Acesso Facilitado<\/strong>: A introdu\u00e7\u00e3o de tecnologias e a simplifica\u00e7\u00e3o dos processos tornam mais f\u00e1cil para os benefici\u00e1rios acessar e gerenciar seus benef\u00edcios, reduzindo a burocracia e aumentando a transpar\u00eancia.<\/li>\n\n\n\n<li><strong>Oportunidades de Desenvolvimento<\/strong>: Os programas complementares e as parcerias para capacita\u00e7\u00e3o e qualifica\u00e7\u00e3o oferecem oportunidades adicionais para as fam\u00edlias, ajudando a promover a inclus\u00e3o social e o desenvolvimento econ\u00f4mico.<\/li>\n<\/ul>\n\n\n\n<h3 class=\"wp-block-heading\">Impactos Sociais e Econ\u00f4micos<\/h3>\n\n\n\n<p>As mudan\u00e7as no Bolsa Fam\u00edlia tamb\u00e9m t\u00eam implica\u00e7\u00f5es para a sociedade e para a economia como um todo.<\/p>\n\n\n\n<ul class=\"wp-block-list\">\n<li><strong>Redu\u00e7\u00e3o da Pobreza<\/strong>: Ao ampliar o alcance do programa e aumentar os benef\u00edcios, o Bolsa Fam\u00edlia pode contribuir ainda mais para a redu\u00e7\u00e3o da pobreza e a melhoria das condi\u00e7\u00f5es de vida das popula\u00e7\u00f5es vulner\u00e1veis.<\/li>\n\n\n\n<li><strong>Est\u00edmulo ao Mercado Interno<\/strong>: Com mais recursos sendo destinados \u00e0s fam\u00edlias, h\u00e1 um potencial para o est\u00edmulo ao mercado interno e ao consumo, o que pode ter um impacto positivo na economia.<\/li>\n\n\n\n<li><strong>Efici\u00eancia na Gest\u00e3o de Recursos<\/strong>: A moderniza\u00e7\u00e3o dos processos e a ado\u00e7\u00e3o de novas tecnologias ajudam a melhorar a gest\u00e3o dos recursos e a garantir que os benef\u00edcios sejam utilizados de maneira eficaz.<\/li>\n<\/ul>\n\n\n\n<h2 class=\"wp-block-heading\">Desafios e Considera\u00e7\u00f5es Futuras<\/h2>\n\n\n\n<p>Embora as mudan\u00e7as tragam benef\u00edcios significativos, \u00e9 importante considerar a sustentabilidade a longo prazo do Bolsa Fam\u00edlia.<\/p>\n\n\n\n<ul class=\"wp-block-list\">\n<li><strong>Custo e Financiamento<\/strong>: Aumentos nos benef\u00edcios e a expans\u00e3o do programa exigem um financiamento adequado e sustent\u00e1vel. O governo precisar\u00e1 garantir que os recursos estejam dispon\u00edveis para manter e expandir o programa conforme necess\u00e1rio.<\/li>\n\n\n\n<li><strong>Manuten\u00e7\u00e3o da Qualidade<\/strong>: A implementa\u00e7\u00e3o de novas tecnologias e processos deve ser acompanhada por uma gest\u00e3o eficaz para garantir que a qualidade do atendimento e dos servi\u00e7os n\u00e3o seja comprometida.<\/li>\n<\/ul>\n\n\n\n<h3 class=\"wp-block-heading\">Monitoramento e Avalia\u00e7\u00e3o<\/h3>\n\n\n\n<p>O acompanhamento cont\u00ednuo e a avalia\u00e7\u00e3o do impacto das mudan\u00e7as s\u00e3o essenciais para garantir que o programa atenda \u00e0s suas metas e necessidades.<\/p>\n\n\n\n<ul class=\"wp-block-list\">\n<li><strong>Avalia\u00e7\u00e3o de Resultados<\/strong>: A efic\u00e1cia das mudan\u00e7as deve ser monitorada regularmente para garantir que elas estejam alcan\u00e7ando os resultados desejados e beneficiando os destinat\u00e1rios da maneira esperada.<\/li>\n\n\n\n<li><strong>Feedback dos Benefici\u00e1rios<\/strong>: Ouvir o feedback dos benefici\u00e1rios e das comunidades afetadas \u00e9 crucial para fazer ajustes e melhorias cont\u00ednuas no programa.<\/li>\n<\/ul>\n\n\n\n<h2 class=\"wp-block-heading\">Reflex\u00f5es sobre o Futuro do Bolsa Fam\u00edlia<\/h2>\n\n\n\n<p>As mudan\u00e7as recentes no Bolsa Fam\u00edlia representam um avan\u00e7o importante na busca por uma assist\u00eancia social mais eficaz e inclusiva. Com o aumento dos benef\u00edcios, a moderniza\u00e7\u00e3o dos processos e a introdu\u00e7\u00e3o de novas tecnologias, o programa est\u00e1 se adaptando \u00e0s necessidades atuais e oferecendo um suporte mais robusto para as fam\u00edlias em situa\u00e7\u00e3o de vulnerabilidade.<\/p>\n\n\n\n<p>O Bolsa Fam\u00edlia continua a ser uma ferramenta essencial na luta contra a pobreza e na promo\u00e7\u00e3o da inclus\u00e3o social. As melhorias implementadas refletem o compromisso com a cria\u00e7\u00e3o de um sistema mais justo e eficiente, que busca oferecer apoio significativo e oportunidades para todos os brasileiros.<\/p>\n\n\n\n<p><strong>Veja tamb\u00e9m: <a href=\"https:\/\/www.vagadeempregorj.com.br\/ar\/bolsa-familia-2024-voce-pode-ter-direito-a-este-beneficio\/\">Bolsa Fam\u00edlia 2024: Voc\u00ea pode ter direito a este benef\u00edcio!<\/a><\/strong><\/p>\n\n\n\n<p>19 de agosto de 2024<\/p>","protected":false},"excerpt":{"rendered":"<p>O Bolsa Fam\u00edlia \u00e9 um dos principais programas de transfer\u00eancia de renda do Brasil, destinado a apoiar fam\u00edlias em situa\u00e7\u00e3o de vulnerabilidade econ\u00f4mica. Desde a sua implementa\u00e7\u00e3o, o programa tem desempenhado um papel crucial na redu\u00e7\u00e3o da pobreza e na melhoria da qualidade de vida de milh\u00f5es de brasileiros. Recentemente, o Bolsa Fam\u00edlia passou por&hellip;&nbsp;<\/p>","protected":false},"author":16,"featured_media":40308,"comment_status":"closed","ping_status":"closed","sticky":false,"template":"","format":"standard","meta":{"neve_meta_sidebar":"","neve_meta_container":"","neve_meta_enable_content_width":"","neve_meta_content_width":0,"neve_meta_title_alignment":"","neve_meta_author_avatar":"","neve_post_elements_order":"","neve_meta_disable_header":"","neve_meta_disable_footer":"","neve_meta_disable_title":"","footnotes":""},"categories":[1],"tags":[],"class_list":["post-40307","post","type-post","status-publish","format-standard","has-post-thumbnail","hentry","category-beneficios-sociais"],"yoast_head":"<!-- This site is optimized with the Yoast SEO plugin v27.5 - https:\/\/yoast.com\/product\/yoast-seo-wordpress\/ -->\n<title>Mudan\u00e7as Recentes no Bolsa Fam\u00edlia: O Que Voc\u00ea Precisa Saber -<\/title>\n<meta name=\"description\" content=\"Veja em Vagas de Emprego RJ as vagas de emprego com e sem experi\u00eancia no seu Estado e Regi\u00e3o!\" \/>\n<meta name=\"robots\" content=\"index, follow, max-snippet:-1, max-image-preview:large, max-video-preview:-1\" \/>\n<link rel=\"canonical\" href=\"https:\/\/www.vagadeempregorj.com.br\/ar\/mudancas-recentes-no-bolsa-familia-o-que-voce-precisa-saber\/\" \/>\n<meta property=\"og:locale\" content=\"ar_AR\" \/>\n<meta property=\"og:type\" content=\"article\" \/>\n<meta property=\"og:title\" content=\"Mudan\u00e7as Recentes no Bolsa Fam\u00edlia: O Que Voc\u00ea Precisa Saber -\" \/>\n<meta property=\"og:description\" content=\"Veja em Vagas de Emprego RJ as vagas de emprego com e sem experi\u00eancia no seu Estado e Regi\u00e3o!\" \/>\n<meta property=\"og:url\" content=\"https:\/\/www.vagadeempregorj.com.br\/ar\/mudancas-recentes-no-bolsa-familia-o-que-voce-precisa-saber\/\" \/>\n<meta property=\"article:publisher\" content=\"https:\/\/www.facebook.com\/empregobrasiloficial\" \/>\n<meta property=\"article:published_time\" content=\"2024-08-19T23:55:47+00:00\" \/>\n<meta property=\"article:modified_time\" content=\"2024-08-19T23:55:48+00:00\" \/>\n<meta property=\"og:image\" content=\"https:\/\/www.vagadeempregorj.com.br\/wp-content\/uploads\/2024\/08\/image-18.png\" \/>\n\t<meta property=\"og:image:width\" content=\"1024\" \/>\n\t<meta property=\"og:image:height\" content=\"512\" \/>\n\t<meta property=\"og:image:type\" content=\"image\/png\" \/>\n<meta name=\"author\" content=\"Michele\" \/>\n<meta name=\"twitter:card\" content=\"summary_large_image\" \/>\n<meta name=\"twitter:label1\" content=\"\u0643\u064f\u062a\u0628 \u0628\u0648\u0627\u0633\u0637\u0629\" \/>\n\t<meta name=\"twitter:data1\" content=\"Michele\" \/>\n\t<meta name=\"twitter:label2\" content=\"\u0648\u0642\u062a \u0627\u0644\u0642\u0631\u0627\u0621\u0629 \u0627\u0644\u0645\u064f\u0642\u062f\u0651\u0631\" \/>\n\t<meta name=\"twitter:data2\" content=\"6 \u062f\u0642\u0627\u0626\u0642\" \/>\n<script type=\"application\/ld+json\" class=\"yoast-schema-graph\">{\"@context\":\"https:\\\/\\\/schema.org\",\"@graph\":[{\"@type\":\"Article\",\"@id\":\"https:\\\/\\\/www.vagadeempregorj.com.br\\\/mudancas-recentes-no-bolsa-familia-o-que-voce-precisa-saber\\\/#article\",\"isPartOf\":{\"@id\":\"https:\\\/\\\/www.vagadeempregorj.com.br\\\/mudancas-recentes-no-bolsa-familia-o-que-voce-precisa-saber\\\/\"},\"author\":{\"name\":\"Michele\",\"@id\":\"https:\\\/\\\/www.vagadeempregorj.com.br\\\/#\\\/schema\\\/person\\\/3ddb19fa0539706786e502152f3aae95\"},\"headline\":\"Mudan\u00e7as Recentes no Bolsa Fam\u00edlia: O Que Voc\u00ea Precisa Saber\",\"datePublished\":\"2024-08-19T23:55:47+00:00\",\"dateModified\":\"2024-08-19T23:55:48+00:00\",\"mainEntityOfPage\":{\"@id\":\"https:\\\/\\\/www.vagadeempregorj.com.br\\\/mudancas-recentes-no-bolsa-familia-o-que-voce-precisa-saber\\\/\"},\"wordCount\":1303,\"image\":{\"@id\":\"https:\\\/\\\/www.vagadeempregorj.com.br\\\/mudancas-recentes-no-bolsa-familia-o-que-voce-precisa-saber\\\/#primaryimage\"},\"thumbnailUrl\":\"https:\\\/\\\/www.vagadeempregorj.com.br\\\/wp-content\\\/uploads\\\/2024\\\/08\\\/image-18.png\",\"articleSection\":[\"Benef\u00edcios Sociais\"],\"inLanguage\":\"ar\"},{\"@type\":\"WebPage\",\"@id\":\"https:\\\/\\\/www.vagadeempregorj.com.br\\\/mudancas-recentes-no-bolsa-familia-o-que-voce-precisa-saber\\\/\",\"url\":\"https:\\\/\\\/www.vagadeempregorj.com.br\\\/mudancas-recentes-no-bolsa-familia-o-que-voce-precisa-saber\\\/\",\"name\":\"Mudan\u00e7as Recentes no Bolsa Fam\u00edlia: O Que Voc\u00ea Precisa Saber -\",\"isPartOf\":{\"@id\":\"https:\\\/\\\/www.vagadeempregorj.com.br\\\/#website\"},\"primaryImageOfPage\":{\"@id\":\"https:\\\/\\\/www.vagadeempregorj.com.br\\\/mudancas-recentes-no-bolsa-familia-o-que-voce-precisa-saber\\\/#primaryimage\"},\"image\":{\"@id\":\"https:\\\/\\\/www.vagadeempregorj.com.br\\\/mudancas-recentes-no-bolsa-familia-o-que-voce-precisa-saber\\\/#primaryimage\"},\"thumbnailUrl\":\"https:\\\/\\\/www.vagadeempregorj.com.br\\\/wp-content\\\/uploads\\\/2024\\\/08\\\/image-18.png\",\"datePublished\":\"2024-08-19T23:55:47+00:00\",\"dateModified\":\"2024-08-19T23:55:48+00:00\",\"author\":{\"@id\":\"https:\\\/\\\/www.vagadeempregorj.com.br\\\/#\\\/schema\\\/person\\\/3ddb19fa0539706786e502152f3aae95\"},\"description\":\"Veja em Vagas de Emprego RJ as vagas de emprego com e sem experi\u00eancia no seu Estado e Regi\u00e3o!\",\"breadcrumb\":{\"@id\":\"https:\\\/\\\/www.vagadeempregorj.com.br\\\/mudancas-recentes-no-bolsa-familia-o-que-voce-precisa-saber\\\/#breadcrumb\"},\"inLanguage\":\"ar\",\"potentialAction\":[{\"@type\":\"ReadAction\",\"target\":[\"https:\\\/\\\/www.vagadeempregorj.com.br\\\/mudancas-recentes-no-bolsa-familia-o-que-voce-precisa-saber\\\/\"]}]},{\"@type\":\"ImageObject\",\"inLanguage\":\"ar\",\"@id\":\"https:\\\/\\\/www.vagadeempregorj.com.br\\\/mudancas-recentes-no-bolsa-familia-o-que-voce-precisa-saber\\\/#primaryimage\",\"url\":\"https:\\\/\\\/www.vagadeempregorj.com.br\\\/wp-content\\\/uploads\\\/2024\\\/08\\\/image-18.png\",\"contentUrl\":\"https:\\\/\\\/www.vagadeempregorj.com.br\\\/wp-content\\\/uploads\\\/2024\\\/08\\\/image-18.png\",\"width\":1024,\"height\":512},{\"@type\":\"BreadcrumbList\",\"@id\":\"https:\\\/\\\/www.vagadeempregorj.com.br\\\/mudancas-recentes-no-bolsa-familia-o-que-voce-precisa-saber\\\/#breadcrumb\",\"itemListElement\":[{\"@type\":\"ListItem\",\"position\":1,\"name\":\"In\u00edcio\",\"item\":\"https:\\\/\\\/www.vagadeempregorj.com.br\\\/\"},{\"@type\":\"ListItem\",\"position\":2,\"name\":\"Benef\u00edcios Sociais\",\"item\":\"https:\\\/\\\/www.vagadeempregorj.com.br\\\/beneficios-sociais\\\/\"},{\"@type\":\"ListItem\",\"position\":3,\"name\":\"Mudan\u00e7as Recentes no Bolsa Fam\u00edlia: O Que Voc\u00ea Precisa Saber\"}]},{\"@type\":\"WebSite\",\"@id\":\"https:\\\/\\\/www.vagadeempregorj.com.br\\\/#website\",\"url\":\"https:\\\/\\\/www.vagadeempregorj.com.br\\\/\",\"name\":\"\",\"description\":\"Conquiste Sonhos: Vagas, Benef\u00edcios e Economia para Transformar Vidas e Alcan\u00e7ar Melhorias Cotidianas\",\"potentialAction\":[{\"@type\":\"SearchAction\",\"target\":{\"@type\":\"EntryPoint\",\"urlTemplate\":\"https:\\\/\\\/www.vagadeempregorj.com.br\\\/?s={search_term_string}\"},\"query-input\":{\"@type\":\"PropertyValueSpecification\",\"valueRequired\":true,\"valueName\":\"search_term_string\"}}],\"inLanguage\":\"ar\"},{\"@type\":\"Person\",\"@id\":\"https:\\\/\\\/www.vagadeempregorj.com.br\\\/#\\\/schema\\\/person\\\/3ddb19fa0539706786e502152f3aae95\",\"name\":\"Michele\",\"image\":{\"@type\":\"ImageObject\",\"inLanguage\":\"ar\",\"@id\":\"https:\\\/\\\/secure.gravatar.com\\\/avatar\\\/6b0eb9d22841282815e2cd856a0061c45e1761cd54b22e952d98c4746939aa85?s=96&r=g\",\"url\":\"https:\\\/\\\/secure.gravatar.com\\\/avatar\\\/6b0eb9d22841282815e2cd856a0061c45e1761cd54b22e952d98c4746939aa85?s=96&r=g\",\"contentUrl\":\"https:\\\/\\\/secure.gravatar.com\\\/avatar\\\/6b0eb9d22841282815e2cd856a0061c45e1761cd54b22e952d98c4746939aa85?s=96&r=g\",\"caption\":\"Michele\"},\"description\":\"Formada em Letras - Portugu\u00eas\\\/ Ingl\u00eas, e idealizadora do site Escritora de Sucesso, busca expandir o conhecimento de todos com informa\u00e7\u00f5es relevantes sobre diversos assuntos, enquanto redatora. No Vaga de Emprego RJ, traz oportunidades e dicas sobre o mercado de trabalho.\",\"url\":\"https:\\\/\\\/www.vagadeempregorj.com.br\\\/ar\\\/author\\\/michele\\\/\"}]}<\/script>\n<!-- \/ Yoast SEO plugin. -->","yoast_head_json":{"title":"Mudan\u00e7as Recentes no Bolsa Fam\u00edlia: O Que Voc\u00ea Precisa Saber -","description":"Veja em Vagas de Emprego RJ as vagas de emprego com e sem experi\u00eancia no seu Estado e Regi\u00e3o!","robots":{"index":"index","follow":"follow","max-snippet":"max-snippet:-1","max-image-preview":"max-image-preview:large","max-video-preview":"max-video-preview:-1"},"canonical":"https:\/\/www.vagadeempregorj.com.br\/ar\/mudancas-recentes-no-bolsa-familia-o-que-voce-precisa-saber\/","og_locale":"ar_AR","og_type":"article","og_title":"Mudan\u00e7as Recentes no Bolsa Fam\u00edlia: O Que Voc\u00ea Precisa Saber -","og_description":"Veja em Vagas de Emprego RJ as vagas de emprego com e sem experi\u00eancia no seu Estado e Regi\u00e3o!","og_url":"https:\/\/www.vagadeempregorj.com.br\/ar\/mudancas-recentes-no-bolsa-familia-o-que-voce-precisa-saber\/","article_publisher":"https:\/\/www.facebook.com\/empregobrasiloficial","article_published_time":"2024-08-19T23:55:47+00:00","article_modified_time":"2024-08-19T23:55:48+00:00","og_image":[{"width":1024,"height":512,"url":"https:\/\/www.vagadeempregorj.com.br\/wp-content\/uploads\/2024\/08\/image-18.png","type":"image\/png"}],"author":"Michele","twitter_card":"summary_large_image","twitter_misc":{"\u0643\u064f\u062a\u0628 \u0628\u0648\u0627\u0633\u0637\u0629":"Michele","\u0648\u0642\u062a \u0627\u0644\u0642\u0631\u0627\u0621\u0629 \u0627\u0644\u0645\u064f\u0642\u062f\u0651\u0631":"6 \u062f\u0642\u0627\u0626\u0642"},"schema":{"@context":"https:\/\/schema.org","@graph":[{"@type":"Article","@id":"https:\/\/www.vagadeempregorj.com.br\/mudancas-recentes-no-bolsa-familia-o-que-voce-precisa-saber\/#article","isPartOf":{"@id":"https:\/\/www.vagadeempregorj.com.br\/mudancas-recentes-no-bolsa-familia-o-que-voce-precisa-saber\/"},"author":{"name":"Michele","@id":"https:\/\/www.vagadeempregorj.com.br\/#\/schema\/person\/3ddb19fa0539706786e502152f3aae95"},"headline":"Mudan\u00e7as Recentes no Bolsa Fam\u00edlia: O Que Voc\u00ea Precisa Saber","datePublished":"2024-08-19T23:55:47+00:00","dateModified":"2024-08-19T23:55:48+00:00","mainEntityOfPage":{"@id":"https:\/\/www.vagadeempregorj.com.br\/mudancas-recentes-no-bolsa-familia-o-que-voce-precisa-saber\/"},"wordCount":1303,"image":{"@id":"https:\/\/www.vagadeempregorj.com.br\/mudancas-recentes-no-bolsa-familia-o-que-voce-precisa-saber\/#primaryimage"},"thumbnailUrl":"https:\/\/www.vagadeempregorj.com.br\/wp-content\/uploads\/2024\/08\/image-18.png","articleSection":["Benef\u00edcios Sociais"],"inLanguage":"ar"},{"@type":"WebPage","@id":"https:\/\/www.vagadeempregorj.com.br\/mudancas-recentes-no-bolsa-familia-o-que-voce-precisa-saber\/","url":"https:\/\/www.vagadeempregorj.com.br\/mudancas-recentes-no-bolsa-familia-o-que-voce-precisa-saber\/","name":"Mudan\u00e7as Recentes no Bolsa Fam\u00edlia: O Que Voc\u00ea Precisa Saber -","isPartOf":{"@id":"https:\/\/www.vagadeempregorj.com.br\/#website"},"primaryImageOfPage":{"@id":"https:\/\/www.vagadeempregorj.com.br\/mudancas-recentes-no-bolsa-familia-o-que-voce-precisa-saber\/#primaryimage"},"image":{"@id":"https:\/\/www.vagadeempregorj.com.br\/mudancas-recentes-no-bolsa-familia-o-que-voce-precisa-saber\/#primaryimage"},"thumbnailUrl":"https:\/\/www.vagadeempregorj.com.br\/wp-content\/uploads\/2024\/08\/image-18.png","datePublished":"2024-08-19T23:55:47+00:00","dateModified":"2024-08-19T23:55:48+00:00","author":{"@id":"https:\/\/www.vagadeempregorj.com.br\/#\/schema\/person\/3ddb19fa0539706786e502152f3aae95"},"description":"Veja em Vagas de Emprego RJ as vagas de emprego com e sem experi\u00eancia no seu Estado e Regi\u00e3o!","breadcrumb":{"@id":"https:\/\/www.vagadeempregorj.com.br\/mudancas-recentes-no-bolsa-familia-o-que-voce-precisa-saber\/#breadcrumb"},"inLanguage":"ar","potentialAction":[{"@type":"ReadAction","target":["https:\/\/www.vagadeempregorj.com.br\/mudancas-recentes-no-bolsa-familia-o-que-voce-precisa-saber\/"]}]},{"@type":"ImageObject","inLanguage":"ar","@id":"https:\/\/www.vagadeempregorj.com.br\/mudancas-recentes-no-bolsa-familia-o-que-voce-precisa-saber\/#primaryimage","url":"https:\/\/www.vagadeempregorj.com.br\/wp-content\/uploads\/2024\/08\/image-18.png","contentUrl":"https:\/\/www.vagadeempregorj.com.br\/wp-content\/uploads\/2024\/08\/image-18.png","width":1024,"height":512},{"@type":"BreadcrumbList","@id":"https:\/\/www.vagadeempregorj.com.br\/mudancas-recentes-no-bolsa-familia-o-que-voce-precisa-saber\/#breadcrumb","itemListElement":[{"@type":"ListItem","position":1,"name":"In\u00edcio","item":"https:\/\/www.vagadeempregorj.com.br\/"},{"@type":"ListItem","position":2,"name":"Benef\u00edcios Sociais","item":"https:\/\/www.vagadeempregorj.com.br\/beneficios-sociais\/"},{"@type":"ListItem","position":3,"name":"Mudan\u00e7as Recentes no Bolsa Fam\u00edlia: O Que Voc\u00ea Precisa Saber"}]},{"@type":"WebSite","@id":"https:\/\/www.vagadeempregorj.com.br\/#website","url":"https:\/\/www.vagadeempregorj.com.br\/","name":"","description":"\u062a\u062d\u0642\u064a\u0642 \u0627\u0644\u0623\u062d\u0644\u0627\u0645: \u0641\u0631\u0635 \u0639\u0645\u0644\u060c \u0645\u0632\u0627\u064a\u0627\u060c \u0648\u062a\u0648\u0641\u064a\u0631\u0627\u062a \u0644\u062a\u063a\u064a\u064a\u0631 \u0627\u0644\u062d\u064a\u0627\u0629 \u0648\u062a\u062d\u0642\u064a\u0642 \u062a\u062d\u0633\u064a\u0646\u0627\u062a \u064a\u0648\u0645\u064a\u0629","potentialAction":[{"@type":"SearchAction","target":{"@type":"EntryPoint","urlTemplate":"https:\/\/www.vagadeempregorj.com.br\/?s={search_term_string}"},"query-input":{"@type":"PropertyValueSpecification","valueRequired":true,"valueName":"search_term_string"}}],"inLanguage":"ar"},{"@type":"Person","@id":"https:\/\/www.vagadeempregorj.com.br\/#\/schema\/person\/3ddb19fa0539706786e502152f3aae95","name":"Michele","image":{"@type":"ImageObject","inLanguage":"ar","@id":"https:\/\/secure.gravatar.com\/avatar\/6b0eb9d22841282815e2cd856a0061c45e1761cd54b22e952d98c4746939aa85?s=96&r=g","url":"https:\/\/secure.gravatar.com\/avatar\/6b0eb9d22841282815e2cd856a0061c45e1761cd54b22e952d98c4746939aa85?s=96&r=g","contentUrl":"https:\/\/secure.gravatar.com\/avatar\/6b0eb9d22841282815e2cd856a0061c45e1761cd54b22e952d98c4746939aa85?s=96&r=g","caption":"Michele"},"description":"Formada em Letras - Portugu\u00eas\/ Ingl\u00eas, e idealizadora do site Escritora de Sucesso, busca expandir o conhecimento de todos com informa\u00e7\u00f5es relevantes sobre diversos assuntos, enquanto redatora. No Vaga de Emprego RJ, traz oportunidades e dicas sobre o mercado de trabalho.","url":"https:\/\/www.vagadeempregorj.com.br\/ar\/author\/michele\/"}]}},"_links":{"self":[{"href":"https:\/\/www.vagadeempregorj.com.br\/ar\/wp-json\/wp\/v2\/posts\/40307","targetHints":{"allow":["GET"]}}],"collection":[{"href":"https:\/\/www.vagadeempregorj.com.br\/ar\/wp-json\/wp\/v2\/posts"}],"about":[{"href":"https:\/\/www.vagadeempregorj.com.br\/ar\/wp-json\/wp\/v2\/types\/post"}],"author":[{"embeddable":true,"href":"https:\/\/www.vagadeempregorj.com.br\/ar\/wp-json\/wp\/v2\/users\/16"}],"replies":[{"embeddable":true,"href":"https:\/\/www.vagadeempregorj.com.br\/ar\/wp-json\/wp\/v2\/comments?post=40307"}],"version-history":[{"count":0,"href":"https:\/\/www.vagadeempregorj.com.br\/ar\/wp-json\/wp\/v2\/posts\/40307\/revisions"}],"wp:featuredmedia":[{"embeddable":true,"href":"https:\/\/www.vagadeempregorj.com.br\/ar\/wp-json\/wp\/v2\/media\/40308"}],"wp:attachment":[{"href":"https:\/\/www.vagadeempregorj.com.br\/ar\/wp-json\/wp\/v2\/media?parent=40307"}],"wp:term":[{"taxonomy":"category","embeddable":true,"href":"https:\/\/www.vagadeempregorj.com.br\/ar\/wp-json\/wp\/v2\/categories?post=40307"},{"taxonomy":"post_tag","embeddable":true,"href":"https:\/\/www.vagadeempregorj.com.br\/ar\/wp-json\/wp\/v2\/tags?post=40307"}],"curies":[{"name":"wp","href":"https:\/\/api.w.org\/{rel}","templated":true}]}}