{"id":40339,"date":"2024-09-03T06:00:00","date_gmt":"2024-09-03T09:00:00","guid":{"rendered":"https:\/\/www.vagadeempregorj.com.br\/?p=40339"},"modified":"2025-01-17T11:32:11","modified_gmt":"2025-01-17T14:32:11","slug":"atualizacoes-sobre-o-auxilio-emergencial-novos-requisitos-e-valores","status":"publish","type":"post","link":"https:\/\/www.vagadeempregorj.com.br\/ar\/atualizacoes-sobre-o-auxilio-emergencial-novos-requisitos-e-valores\/","title":{"rendered":"Atualiza\u00e7\u00f5es sobre o aux\u00edlio emergencial: novos requisitos e valores"},"content":{"rendered":"<p class=\"has-medium-font-size\">O aux\u00edlio emergencial tem sido uma ferramenta crucial para apoiar milh\u00f5es de brasileiros em momentos de crise econ\u00f4mica. Desde a sua cria\u00e7\u00e3o, o benef\u00edcio passou por v\u00e1rias reformula\u00e7\u00f5es para se adaptar \u00e0s necessidades da popula\u00e7\u00e3o e \u00e0s condi\u00e7\u00f5es econ\u00f4micas do pa\u00eds. Em 2025, o governo anunciou novas atualiza\u00e7\u00f5es sobre o aux\u00edlio emergencial, incluindo mudan\u00e7as nos requisitos para a elegibilidade e ajustes nos valores pagos aos benefici\u00e1rios.<\/p>\n\n\n\n<h2 class=\"wp-block-heading\">A evolu\u00e7\u00e3o do aux\u00edlio emergencial<\/h2>\n\n\n\n<p class=\"has-medium-font-size\">O aux\u00edlio emergencial foi criado em 2020, durante a pandemia de COVID-19, como uma medida tempor\u00e1ria para ajudar os trabalhadores informais, desempregados e microempreendedores individuais a enfrentar os desafios econ\u00f4micos impostos pela crise sanit\u00e1ria. O benef\u00edcio inicial foi de R$ 600,00, e seu impacto foi significativo, proporcionando um al\u00edvio imediato para milh\u00f5es de fam\u00edlias em todo o pa\u00eds.<\/p>\n\n\n\n<p class=\"has-medium-font-size\">Com o passar do tempo, o aux\u00edlio emergencial passou por v\u00e1rias fases de reformula\u00e7\u00e3o, ajustando os valores e crit\u00e9rios de elegibilidade de acordo com a evolu\u00e7\u00e3o da pandemia e as condi\u00e7\u00f5es econ\u00f4micas do Brasil. Em 2021 e 2022, por exemplo, os valores foram reduzidos e os crit\u00e9rios se tornaram mais restritivos, limitando o n\u00famero de benefici\u00e1rios. Agora, em 2025, novas atualiza\u00e7\u00f5es foram anunciadas, trazendo mais mudan\u00e7as que visam continuar o suporte \u00e0queles que ainda enfrentam dificuldades econ\u00f4micas.<\/p>\n\n\n\n<h2 class=\"wp-block-heading\">Novos requisitos para o aux\u00edlio emergencial em 2025<\/h2>\n\n\n\n<p class=\"has-medium-font-size\">Uma das principais atualiza\u00e7\u00f5es do aux\u00edlio emergencial em 2025 \u00e9 a mudan\u00e7a nos crit\u00e9rios de elegibilidade. Agora, o benef\u00edcio \u00e9 destinado principalmente \u00e0s fam\u00edlias com renda per capita de at\u00e9 meio sal\u00e1rio m\u00ednimo, que \u00e9 de aproximadamente R$ 660,00, e cuja renda familiar total n\u00e3o ultrapasse tr\u00eas sal\u00e1rios m\u00ednimos, cerca de R$ 3.960,00.<\/p>\n\n\n\n<p class=\"has-medium-font-size\">Al\u00e9m disso, para se qualificar, os benefici\u00e1rios n\u00e3o podem estar recebendo outros benef\u00edcios do governo, como seguro-desemprego ou aposentadoria, com exce\u00e7\u00e3o do Bolsa Fam\u00edlia. O governo tamb\u00e9m implementou um sistema de verifica\u00e7\u00e3o mais rigoroso para garantir que apenas aqueles que realmente precisam do aux\u00edlio o recebam, evitando fraudes e pagamentos indevidos.<\/p>\n\n\n\n<p class=\"has-medium-font-size\">Outra mudan\u00e7a significativa \u00e9 a inclus\u00e3o de novos grupos de vulnerabilidade no crit\u00e9rio de elegibilidade. Pessoas com defici\u00eancia, m\u00e3es solteiras e fam\u00edlias monoparentais que n\u00e3o atendem ao crit\u00e9rio de renda, mas que est\u00e3o em situa\u00e7\u00e3o de vulnerabilidade comprovada, tamb\u00e9m podem ter acesso ao benef\u00edcio, desde que sejam aprovadas ap\u00f3s uma an\u00e1lise social.<\/p>\n\n\n\n<h3 class=\"wp-block-heading\">Documenta\u00e7\u00e3o exigida<\/h3>\n\n\n\n<p class=\"has-medium-font-size\">Para receber o aux\u00edlio emergencial em 2025, os benefici\u00e1rios precisam apresentar uma documenta\u00e7\u00e3o espec\u00edfica que comprove sua elegibilidade. Al\u00e9m dos documentos b\u00e1sicos, como CPF e comprovante de resid\u00eancia, agora \u00e9 necess\u00e1rio fornecer comprovantes de renda, como contracheques ou declara\u00e7\u00e3o de rendimentos, bem como documenta\u00e7\u00e3o que comprove a composi\u00e7\u00e3o familiar, como certid\u00f5es de nascimento ou casamento.<\/p>\n\n\n\n<p class=\"has-medium-font-size\">O governo tamb\u00e9m exige que os benefici\u00e1rios fa\u00e7am uma declara\u00e7\u00e3o de veracidade das informa\u00e7\u00f5es fornecidas, que pode ser verificada a qualquer momento por meio de cruzamento de dados com outras bases governamentais. Caso seja identificada alguma inconsist\u00eancia ou tentativa de fraude, o benefici\u00e1rio pode ter o aux\u00edlio suspenso e ser\u00e1 obrigado a devolver os valores recebidos indevidamente.<\/p>\n\n\n\n<h2 class=\"wp-block-heading\">Novos valores do aux\u00edlio emergencial<\/h2>\n\n\n\n<p class=\"has-medium-font-size\">Outra atualiza\u00e7\u00e3o importante no aux\u00edlio emergencial em 2025 diz respeito aos valores pagos. O governo decidiu fazer um reajuste nos valores do benef\u00edcio para compensar a infla\u00e7\u00e3o e o aumento do custo de vida. Agora, o aux\u00edlio emergencial ser\u00e1 dividido em tr\u00eas faixas, de acordo com a composi\u00e7\u00e3o familiar e a renda declarada.<\/p>\n\n\n\n<ol class=\"wp-block-list\">\n<li class=\"has-medium-font-size\"><strong>Fam\u00edlias unipessoais<\/strong>: Para pessoas que vivem sozinhas, o valor do benef\u00edcio foi fixado em R$ 300,00 mensais. Esse valor \u00e9 destinado a cobrir as necessidades b\u00e1sicas, como alimenta\u00e7\u00e3o e transporte.<\/li>\n\n\n\n<li class=\"has-medium-font-size\"><strong>Fam\u00edlias com dois ou mais integrantes<\/strong>: Para fam\u00edlias compostas por dois ou mais membros, o valor do aux\u00edlio foi ajustado para R$ 500,00 mensais. Esse montante \u00e9 pensado para ajudar nas despesas familiares, especialmente em situa\u00e7\u00f5es onde o \u00fanico provedor de renda est\u00e1 desempregado ou subempregado.<\/li>\n\n\n\n<li class=\"has-medium-font-size\"><strong>Fam\u00edlias monoparentais lideradas por mulheres<\/strong>: Para m\u00e3es solteiras ou chefes de fam\u00edlia monoparentais, o aux\u00edlio emergencial foi fixado em R$ 600,00 mensais. O valor mais alto reflete a maior necessidade dessas fam\u00edlias, que muitas vezes t\u00eam filhos menores de idade e dependem exclusivamente da renda da m\u00e3e.<\/li>\n<\/ol>\n\n\n\n<p class=\"has-medium-font-size\">Esses novos valores representam um esfor\u00e7o do governo para continuar apoiando as fam\u00edlias em situa\u00e7\u00e3o de vulnerabilidade, ao mesmo tempo em que busca equilibrar o or\u00e7amento p\u00fablico e controlar os gastos.<\/p>\n\n\n\n<h3 class=\"wp-block-heading\">Pagamento e calend\u00e1rio<\/h3>\n\n\n\n<p class=\"has-medium-font-size\">O pagamento do aux\u00edlio emergencial em 2025 continuar\u00e1 sendo realizado por meio da Caixa Econ\u00f4mica Federal, que depositar\u00e1 os valores nas contas digitais dos benefici\u00e1rios. Aqueles que n\u00e3o possuem conta na Caixa poder\u00e3o sacar o benef\u00edcio diretamente nas ag\u00eancias ou nos caixas eletr\u00f4nicos autorizados.<\/p>\n\n\n\n<p class=\"has-medium-font-size\">O calend\u00e1rio de pagamento ser\u00e1 divulgado mensalmente pelo governo, com base no m\u00eas de nascimento do benefici\u00e1rio, para evitar aglomera\u00e7\u00f5es e facilitar o acesso ao benef\u00edcio. \u00c9 importante que os benefici\u00e1rios fiquem atentos \u00e0s datas de pagamento e aos prazos para saque, j\u00e1 que os valores que n\u00e3o forem retirados no per\u00edodo determinado poder\u00e3o ser devolvidos ao governo.<\/p>\n\n\n\n<h2 class=\"wp-block-heading\">O impacto do aux\u00edlio emergencial na economia<\/h2>\n\n\n\n<p class=\"has-medium-font-size\">O aux\u00edlio emergencial tem desempenhado um papel crucial na economia brasileira desde sua implementa\u00e7\u00e3o, ajudando a sustentar o consumo em per\u00edodos de recess\u00e3o e crise econ\u00f4mica. Os pagamentos do aux\u00edlio contribu\u00edram para a manuten\u00e7\u00e3o do poder de compra das fam\u00edlias, que por sua vez, ajudaram a dinamizar o com\u00e9rcio local e a manter empregos em setores como varejo e servi\u00e7os.<\/p>\n\n\n\n<p class=\"has-medium-font-size\">Em 2025, com a continuidade do benef\u00edcio, o governo espera que o aux\u00edlio emergencial continue a servir como uma ferramenta importante para estimular a economia, especialmente em regi\u00f5es mais pobres do pa\u00eds, onde o impacto das transfer\u00eancias de renda \u00e9 mais significativo.<\/p>\n\n\n\n<h3 class=\"wp-block-heading\">Desafios e perspectivas<\/h3>\n\n\n\n<p class=\"has-medium-font-size\">Apesar de seu impacto positivo, o aux\u00edlio emergencial tamb\u00e9m representa um desafio significativo para as finan\u00e7as p\u00fablicas. O governo precisa equilibrar a necessidade de apoiar as fam\u00edlias em situa\u00e7\u00e3o de vulnerabilidade com a responsabilidade fiscal e o controle da d\u00edvida p\u00fablica.<\/p>\n\n\n\n<p class=\"has-medium-font-size\">A expectativa para 2025 \u00e9 que o governo continue buscando formas de otimizar os gastos com o aux\u00edlio emergencial, ao mesmo tempo em que explora alternativas de pol\u00edtica social que possam gradualmente substituir o benef\u00edcio, conforme a economia se recupera. Entre essas alternativas est\u00e3o programas de capacita\u00e7\u00e3o profissional, incentivo ao empreendedorismo e fortalecimento do Bolsa Fam\u00edlia.<\/p>\n\n\n\n<h3 class=\"wp-block-heading\">Como se Inscrever no Aux\u00edlio Emergencial em 2025<\/h3>\n\n\n\n<p class=\"has-medium-font-size\">Se voc\u00ea deseja se inscrever para o aux\u00edlio emergencial em 2025, siga este passo a passo para garantir que sua inscri\u00e7\u00e3o seja realizada corretamente e que todas as informa\u00e7\u00f5es necess\u00e1rias sejam enviadas:<\/p>\n\n\n\n<ol class=\"wp-block-list\">\n<li class=\"has-medium-font-size\"><strong>Verifique sua elegibilidade<\/strong><br>Antes de iniciar sua inscri\u00e7\u00e3o, certifique-se de que atende aos novos requisitos estabelecidos pelo governo. Confira se sua renda familiar est\u00e1 dentro dos limites especificados e se voc\u00ea n\u00e3o est\u00e1 recebendo outros benef\u00edcios incompat\u00edveis com o aux\u00edlio emergencial, como aposentadoria ou seguro-desemprego (com exce\u00e7\u00e3o do Bolsa Fam\u00edlia).<\/li>\n\n\n\n<li class=\"has-medium-font-size\"><strong>Re\u00fana a documenta\u00e7\u00e3o necess\u00e1ria<\/strong><br>Prepare os documentos exigidos para comprovar sua situa\u00e7\u00e3o:\n<ul class=\"wp-block-list\">\n<li>CPF v\u00e1lido de todos os membros da fam\u00edlia.<\/li>\n\n\n\n<li>Comprovante de resid\u00eancia atualizado.<\/li>\n\n\n\n<li>Documentos que comprovem a composi\u00e7\u00e3o familiar, como certid\u00f5es de nascimento ou casamento.<\/li>\n\n\n\n<li>Comprovantes de renda, como contracheques ou declara\u00e7\u00e3o de rendimentos.<\/li>\n\n\n\n<li>Declara\u00e7\u00e3o de veracidade das informa\u00e7\u00f5es fornecidas (pode ser feita no momento da inscri\u00e7\u00e3o).<\/li>\n<\/ul>\n<\/li>\n\n\n\n<li class=\"has-medium-font-size\"><strong>Acesse o sistema de inscri\u00e7\u00e3o<\/strong><br>Entre no site oficial do aux\u00edlio emergencial (ou no aplicativo <em>Caixa Tem<\/em>, se dispon\u00edvel) para iniciar sua inscri\u00e7\u00e3o. Certifique-se de utilizar apenas os canais oficiais do governo para evitar fraudes.<\/li>\n\n\n\n<li class=\"has-medium-font-size\"><strong>Preencha o formul\u00e1rio de inscri\u00e7\u00e3o<\/strong><br>Complete o formul\u00e1rio online com seus dados pessoais, informa\u00e7\u00f5es sobre sua renda e composi\u00e7\u00e3o familiar. Revise atentamente todos os campos para garantir que n\u00e3o haja erros.<\/li>\n\n\n\n<li class=\"has-medium-font-size\"><strong>Envie os documentos<\/strong><br>Fa\u00e7a o upload dos documentos solicitados diretamente na plataforma. Certifique-se de que os arquivos est\u00e3o leg\u00edveis e no formato exigido (PDF ou imagem).<\/li>\n\n\n\n<li class=\"has-medium-font-size\"><strong>Envie sua inscri\u00e7\u00e3o<\/strong><br>Ap\u00f3s revisar todos os detalhes, envie sua inscri\u00e7\u00e3o. Voc\u00ea receber\u00e1 um n\u00famero de protocolo, que deve ser anotado para consultas futuras.<\/li>\n\n\n\n<li class=\"has-medium-font-size\"><strong>Acompanhe sua inscri\u00e7\u00e3o<\/strong><br>O governo far\u00e1 uma an\u00e1lise das informa\u00e7\u00f5es enviadas e pode entrar em contato caso seja necess\u00e1ria alguma complementa\u00e7\u00e3o. Voc\u00ea pode acompanhar o status de sua inscri\u00e7\u00e3o no site ou aplicativo oficial utilizando seu CPF e o n\u00famero de protocolo fornecido.<\/li>\n\n\n\n<li class=\"has-medium-font-size\"><strong>Aguarde o calend\u00e1rio de pagamento<\/strong><br>Caso sua inscri\u00e7\u00e3o seja aprovada, fique atento \u00e0s datas de pagamento, que ser\u00e3o divulgadas mensalmente. Os valores ser\u00e3o creditados na conta informada ou poder\u00e3o ser retirados em ag\u00eancias da Caixa Econ\u00f4mica Federal.<\/li>\n<\/ol>\n\n\n\n<p class=\"has-medium-font-size\"><strong>Importante:<\/strong> Caso sua inscri\u00e7\u00e3o seja recusada e voc\u00ea acredite que atenda aos requisitos, o sistema oferecer\u00e1 uma op\u00e7\u00e3o de contesta\u00e7\u00e3o. O prazo para contestar ser\u00e1 informado no momento da negativa.<\/p>\n\n\n\n<h2 class=\"wp-block-heading\">O futuro do aux\u00edlio emergencial<\/h2>\n\n\n\n<p class=\"has-medium-font-size\">Embora o aux\u00edlio emergencial de 2025 tenha sido desenhado como uma medida tempor\u00e1ria, h\u00e1 discuss\u00f5es em curso sobre a possibilidade de estender o benef\u00edcio ou transform\u00e1-lo em um programa de renda b\u00e1sica permanente. Essas discuss\u00f5es envolvem n\u00e3o apenas o governo, mas tamb\u00e9m economistas, especialistas em pol\u00edticas sociais e a sociedade civil.<\/p>\n\n\n\n<p class=\"has-medium-font-size\">O futuro do aux\u00edlio emergencial depender\u00e1 em grande parte do cen\u00e1rio econ\u00f4mico nos pr\u00f3ximos meses e da capacidade do governo de implementar pol\u00edticas que estimulem a recupera\u00e7\u00e3o econ\u00f4mica de forma sustent\u00e1vel. A expectativa \u00e9 que novas pol\u00edticas sociais possam ser introduzidas para substituir gradualmente o aux\u00edlio, focando em capacita\u00e7\u00e3o, gera\u00e7\u00e3o de emprego e inclus\u00e3o social.<\/p>\n\n\n\n<h2 class=\"wp-block-heading\">O aux\u00edlio emergencial como suporte crucial<\/h2>\n\n\n\n<p class=\"has-medium-font-size\">As atualiza\u00e7\u00f5es no aux\u00edlio emergencial em 2025 representam um esfor\u00e7o cont\u00ednuo do governo para apoiar os brasileiros em situa\u00e7\u00e3o de vulnerabilidade. Com novos requisitos e valores ajustados, o benef\u00edcio continua sendo uma pe\u00e7a-chave na prote\u00e7\u00e3o social do pa\u00eds, especialmente em tempos de crise.<\/p>\n\n\n\n<p class=\"has-medium-font-size\">\u00c0 medida que o Brasil enfrenta os desafios econ\u00f4micos e sociais do futuro, o aux\u00edlio emergencial serve como um lembrete da import\u00e2ncia de pol\u00edticas p\u00fablicas eficazes que protejam os mais vulner\u00e1veis e ajudem a construir uma sociedade mais justa e inclusiva.<\/p>\n\n\n\n<p class=\"has-medium-font-size\"><strong>Veja tamb\u00e9m: <a href=\"https:\/\/www.vagadeempregorj.com.br\/ar\/mude-sua-vida-financeira-veja-os-beneficios-sociais-e-os-empregos-disponiveis\/\">Mude sua vida financeira: Veja os benef\u00edcios sociais e os empregos dispon\u00edveis<\/a><\/strong><\/p>\n\n\n\n<p class=\"has-medium-font-size\">3 de setembro de 2024<\/p>","protected":false},"excerpt":{"rendered":"<p>O aux\u00edlio emergencial tem sido uma ferramenta crucial para apoiar milh\u00f5es de brasileiros em momentos de crise econ\u00f4mica. Desde a sua cria\u00e7\u00e3o, o benef\u00edcio passou por v\u00e1rias reformula\u00e7\u00f5es para se adaptar \u00e0s necessidades da popula\u00e7\u00e3o e \u00e0s condi\u00e7\u00f5es econ\u00f4micas do pa\u00eds. Em 2025, o governo anunciou novas atualiza\u00e7\u00f5es sobre o aux\u00edlio emergencial, incluindo mudan\u00e7as nos&hellip;&nbsp;<\/p>","protected":false},"author":16,"featured_media":40369,"comment_status":"closed","ping_status":"closed","sticky":false,"template":"","format":"standard","meta":{"neve_meta_sidebar":"","neve_meta_container":"","neve_meta_enable_content_width":"","neve_meta_content_width":0,"neve_meta_title_alignment":"","neve_meta_author_avatar":"","neve_post_elements_order":"","neve_meta_disable_header":"","neve_meta_disable_footer":"","neve_meta_disable_title":"","footnotes":""},"categories":[1],"tags":[],"class_list":["post-40339","post","type-post","status-publish","format-standard","has-post-thumbnail","hentry","category-beneficios-sociais"],"yoast_head":"<!-- This site is optimized with the Yoast SEO plugin v27.5 - https:\/\/yoast.com\/product\/yoast-seo-wordpress\/ -->\n<title>Atualiza\u00e7\u00f5es sobre o aux\u00edlio emergencial: novos requisitos e valores -<\/title>\n<meta name=\"description\" content=\"Veja em Vagas de Emprego RJ as vagas de emprego com e sem experi\u00eancia no seu Estado e Regi\u00e3o!\" \/>\n<meta name=\"robots\" content=\"index, follow, max-snippet:-1, max-image-preview:large, max-video-preview:-1\" \/>\n<link rel=\"canonical\" href=\"https:\/\/www.vagadeempregorj.com.br\/ar\/atualizacoes-sobre-o-auxilio-emergencial-novos-requisitos-e-valores\/\" \/>\n<meta property=\"og:locale\" content=\"ar_AR\" \/>\n<meta property=\"og:type\" content=\"article\" \/>\n<meta property=\"og:title\" content=\"Atualiza\u00e7\u00f5es sobre o aux\u00edlio emergencial: novos requisitos e valores -\" \/>\n<meta property=\"og:description\" content=\"Veja em Vagas de Emprego RJ as vagas de emprego com e sem experi\u00eancia no seu Estado e Regi\u00e3o!\" \/>\n<meta property=\"og:url\" content=\"https:\/\/www.vagadeempregorj.com.br\/ar\/atualizacoes-sobre-o-auxilio-emergencial-novos-requisitos-e-valores\/\" \/>\n<meta property=\"article:publisher\" content=\"https:\/\/www.facebook.com\/empregobrasiloficial\" \/>\n<meta property=\"article:published_time\" content=\"2024-09-03T09:00:00+00:00\" \/>\n<meta property=\"article:modified_time\" content=\"2025-01-17T14:32:11+00:00\" \/>\n<meta property=\"og:image\" content=\"https:\/\/www.vagadeempregorj.com.br\/wp-content\/uploads\/2024\/08\/image-23.png\" \/>\n\t<meta property=\"og:image:width\" content=\"740\" \/>\n\t<meta property=\"og:image:height\" content=\"493\" \/>\n\t<meta property=\"og:image:type\" content=\"image\/png\" \/>\n<meta name=\"author\" content=\"Michele\" \/>\n<meta name=\"twitter:card\" content=\"summary_large_image\" \/>\n<meta name=\"twitter:label1\" content=\"\u0643\u064f\u062a\u0628 \u0628\u0648\u0627\u0633\u0637\u0629\" \/>\n\t<meta name=\"twitter:data1\" content=\"Michele\" \/>\n\t<meta name=\"twitter:label2\" content=\"\u0648\u0642\u062a \u0627\u0644\u0642\u0631\u0627\u0621\u0629 \u0627\u0644\u0645\u064f\u0642\u062f\u0651\u0631\" \/>\n\t<meta name=\"twitter:data2\" content=\"9 \u062f\u0642\u0627\u0626\u0642\" \/>\n<script type=\"application\/ld+json\" class=\"yoast-schema-graph\">{\"@context\":\"https:\\\/\\\/schema.org\",\"@graph\":[{\"@type\":\"Article\",\"@id\":\"https:\\\/\\\/www.vagadeempregorj.com.br\\\/atualizacoes-sobre-o-auxilio-emergencial-novos-requisitos-e-valores\\\/#article\",\"isPartOf\":{\"@id\":\"https:\\\/\\\/www.vagadeempregorj.com.br\\\/atualizacoes-sobre-o-auxilio-emergencial-novos-requisitos-e-valores\\\/\"},\"author\":{\"name\":\"Michele\",\"@id\":\"https:\\\/\\\/www.vagadeempregorj.com.br\\\/#\\\/schema\\\/person\\\/3ddb19fa0539706786e502152f3aae95\"},\"headline\":\"Atualiza\u00e7\u00f5es sobre o aux\u00edlio emergencial: novos requisitos e valores\",\"datePublished\":\"2024-09-03T09:00:00+00:00\",\"dateModified\":\"2025-01-17T14:32:11+00:00\",\"mainEntityOfPage\":{\"@id\":\"https:\\\/\\\/www.vagadeempregorj.com.br\\\/atualizacoes-sobre-o-auxilio-emergencial-novos-requisitos-e-valores\\\/\"},\"wordCount\":1854,\"image\":{\"@id\":\"https:\\\/\\\/www.vagadeempregorj.com.br\\\/atualizacoes-sobre-o-auxilio-emergencial-novos-requisitos-e-valores\\\/#primaryimage\"},\"thumbnailUrl\":\"https:\\\/\\\/www.vagadeempregorj.com.br\\\/wp-content\\\/uploads\\\/2024\\\/08\\\/image-23.png\",\"articleSection\":[\"Benef\u00edcios Sociais\"],\"inLanguage\":\"ar\"},{\"@type\":\"WebPage\",\"@id\":\"https:\\\/\\\/www.vagadeempregorj.com.br\\\/atualizacoes-sobre-o-auxilio-emergencial-novos-requisitos-e-valores\\\/\",\"url\":\"https:\\\/\\\/www.vagadeempregorj.com.br\\\/atualizacoes-sobre-o-auxilio-emergencial-novos-requisitos-e-valores\\\/\",\"name\":\"Atualiza\u00e7\u00f5es sobre o aux\u00edlio emergencial: novos requisitos e valores -\",\"isPartOf\":{\"@id\":\"https:\\\/\\\/www.vagadeempregorj.com.br\\\/#website\"},\"primaryImageOfPage\":{\"@id\":\"https:\\\/\\\/www.vagadeempregorj.com.br\\\/atualizacoes-sobre-o-auxilio-emergencial-novos-requisitos-e-valores\\\/#primaryimage\"},\"image\":{\"@id\":\"https:\\\/\\\/www.vagadeempregorj.com.br\\\/atualizacoes-sobre-o-auxilio-emergencial-novos-requisitos-e-valores\\\/#primaryimage\"},\"thumbnailUrl\":\"https:\\\/\\\/www.vagadeempregorj.com.br\\\/wp-content\\\/uploads\\\/2024\\\/08\\\/image-23.png\",\"datePublished\":\"2024-09-03T09:00:00+00:00\",\"dateModified\":\"2025-01-17T14:32:11+00:00\",\"author\":{\"@id\":\"https:\\\/\\\/www.vagadeempregorj.com.br\\\/#\\\/schema\\\/person\\\/3ddb19fa0539706786e502152f3aae95\"},\"description\":\"Veja em Vagas de Emprego RJ as vagas de emprego com e sem experi\u00eancia no seu Estado e Regi\u00e3o!\",\"breadcrumb\":{\"@id\":\"https:\\\/\\\/www.vagadeempregorj.com.br\\\/atualizacoes-sobre-o-auxilio-emergencial-novos-requisitos-e-valores\\\/#breadcrumb\"},\"inLanguage\":\"ar\",\"potentialAction\":[{\"@type\":\"ReadAction\",\"target\":[\"https:\\\/\\\/www.vagadeempregorj.com.br\\\/atualizacoes-sobre-o-auxilio-emergencial-novos-requisitos-e-valores\\\/\"]}]},{\"@type\":\"ImageObject\",\"inLanguage\":\"ar\",\"@id\":\"https:\\\/\\\/www.vagadeempregorj.com.br\\\/atualizacoes-sobre-o-auxilio-emergencial-novos-requisitos-e-valores\\\/#primaryimage\",\"url\":\"https:\\\/\\\/www.vagadeempregorj.com.br\\\/wp-content\\\/uploads\\\/2024\\\/08\\\/image-23.png\",\"contentUrl\":\"https:\\\/\\\/www.vagadeempregorj.com.br\\\/wp-content\\\/uploads\\\/2024\\\/08\\\/image-23.png\",\"width\":740,\"height\":493},{\"@type\":\"BreadcrumbList\",\"@id\":\"https:\\\/\\\/www.vagadeempregorj.com.br\\\/atualizacoes-sobre-o-auxilio-emergencial-novos-requisitos-e-valores\\\/#breadcrumb\",\"itemListElement\":[{\"@type\":\"ListItem\",\"position\":1,\"name\":\"In\u00edcio\",\"item\":\"https:\\\/\\\/www.vagadeempregorj.com.br\\\/\"},{\"@type\":\"ListItem\",\"position\":2,\"name\":\"Benef\u00edcios Sociais\",\"item\":\"https:\\\/\\\/www.vagadeempregorj.com.br\\\/beneficios-sociais\\\/\"},{\"@type\":\"ListItem\",\"position\":3,\"name\":\"Atualiza\u00e7\u00f5es sobre o aux\u00edlio emergencial: novos requisitos e valores\"}]},{\"@type\":\"WebSite\",\"@id\":\"https:\\\/\\\/www.vagadeempregorj.com.br\\\/#website\",\"url\":\"https:\\\/\\\/www.vagadeempregorj.com.br\\\/\",\"name\":\"\",\"description\":\"Conquiste Sonhos: Vagas, Benef\u00edcios e Economia para Transformar Vidas e Alcan\u00e7ar Melhorias Cotidianas\",\"potentialAction\":[{\"@type\":\"SearchAction\",\"target\":{\"@type\":\"EntryPoint\",\"urlTemplate\":\"https:\\\/\\\/www.vagadeempregorj.com.br\\\/?s={search_term_string}\"},\"query-input\":{\"@type\":\"PropertyValueSpecification\",\"valueRequired\":true,\"valueName\":\"search_term_string\"}}],\"inLanguage\":\"ar\"},{\"@type\":\"Person\",\"@id\":\"https:\\\/\\\/www.vagadeempregorj.com.br\\\/#\\\/schema\\\/person\\\/3ddb19fa0539706786e502152f3aae95\",\"name\":\"Michele\",\"image\":{\"@type\":\"ImageObject\",\"inLanguage\":\"ar\",\"@id\":\"https:\\\/\\\/secure.gravatar.com\\\/avatar\\\/6b0eb9d22841282815e2cd856a0061c45e1761cd54b22e952d98c4746939aa85?s=96&r=g\",\"url\":\"https:\\\/\\\/secure.gravatar.com\\\/avatar\\\/6b0eb9d22841282815e2cd856a0061c45e1761cd54b22e952d98c4746939aa85?s=96&r=g\",\"contentUrl\":\"https:\\\/\\\/secure.gravatar.com\\\/avatar\\\/6b0eb9d22841282815e2cd856a0061c45e1761cd54b22e952d98c4746939aa85?s=96&r=g\",\"caption\":\"Michele\"},\"description\":\"Formada em Letras - Portugu\u00eas\\\/ Ingl\u00eas, e idealizadora do site Escritora de Sucesso, busca expandir o conhecimento de todos com informa\u00e7\u00f5es relevantes sobre diversos assuntos, enquanto redatora. No Vaga de Emprego RJ, traz oportunidades e dicas sobre o mercado de trabalho.\",\"url\":\"https:\\\/\\\/www.vagadeempregorj.com.br\\\/ar\\\/author\\\/michele\\\/\"}]}<\/script>\n<!-- \/ Yoast SEO plugin. -->","yoast_head_json":{"title":"Atualiza\u00e7\u00f5es sobre o aux\u00edlio emergencial: novos requisitos e valores -","description":"Veja em Vagas de Emprego RJ as vagas de emprego com e sem experi\u00eancia no seu Estado e Regi\u00e3o!","robots":{"index":"index","follow":"follow","max-snippet":"max-snippet:-1","max-image-preview":"max-image-preview:large","max-video-preview":"max-video-preview:-1"},"canonical":"https:\/\/www.vagadeempregorj.com.br\/ar\/atualizacoes-sobre-o-auxilio-emergencial-novos-requisitos-e-valores\/","og_locale":"ar_AR","og_type":"article","og_title":"Atualiza\u00e7\u00f5es sobre o aux\u00edlio emergencial: novos requisitos e valores -","og_description":"Veja em Vagas de Emprego RJ as vagas de emprego com e sem experi\u00eancia no seu Estado e Regi\u00e3o!","og_url":"https:\/\/www.vagadeempregorj.com.br\/ar\/atualizacoes-sobre-o-auxilio-emergencial-novos-requisitos-e-valores\/","article_publisher":"https:\/\/www.facebook.com\/empregobrasiloficial","article_published_time":"2024-09-03T09:00:00+00:00","article_modified_time":"2025-01-17T14:32:11+00:00","og_image":[{"width":740,"height":493,"url":"https:\/\/www.vagadeempregorj.com.br\/wp-content\/uploads\/2024\/08\/image-23.png","type":"image\/png"}],"author":"Michele","twitter_card":"summary_large_image","twitter_misc":{"\u0643\u064f\u062a\u0628 \u0628\u0648\u0627\u0633\u0637\u0629":"Michele","\u0648\u0642\u062a \u0627\u0644\u0642\u0631\u0627\u0621\u0629 \u0627\u0644\u0645\u064f\u0642\u062f\u0651\u0631":"9 \u062f\u0642\u0627\u0626\u0642"},"schema":{"@context":"https:\/\/schema.org","@graph":[{"@type":"Article","@id":"https:\/\/www.vagadeempregorj.com.br\/atualizacoes-sobre-o-auxilio-emergencial-novos-requisitos-e-valores\/#article","isPartOf":{"@id":"https:\/\/www.vagadeempregorj.com.br\/atualizacoes-sobre-o-auxilio-emergencial-novos-requisitos-e-valores\/"},"author":{"name":"Michele","@id":"https:\/\/www.vagadeempregorj.com.br\/#\/schema\/person\/3ddb19fa0539706786e502152f3aae95"},"headline":"Atualiza\u00e7\u00f5es sobre o aux\u00edlio emergencial: novos requisitos e valores","datePublished":"2024-09-03T09:00:00+00:00","dateModified":"2025-01-17T14:32:11+00:00","mainEntityOfPage":{"@id":"https:\/\/www.vagadeempregorj.com.br\/atualizacoes-sobre-o-auxilio-emergencial-novos-requisitos-e-valores\/"},"wordCount":1854,"image":{"@id":"https:\/\/www.vagadeempregorj.com.br\/atualizacoes-sobre-o-auxilio-emergencial-novos-requisitos-e-valores\/#primaryimage"},"thumbnailUrl":"https:\/\/www.vagadeempregorj.com.br\/wp-content\/uploads\/2024\/08\/image-23.png","articleSection":["Benef\u00edcios Sociais"],"inLanguage":"ar"},{"@type":"WebPage","@id":"https:\/\/www.vagadeempregorj.com.br\/atualizacoes-sobre-o-auxilio-emergencial-novos-requisitos-e-valores\/","url":"https:\/\/www.vagadeempregorj.com.br\/atualizacoes-sobre-o-auxilio-emergencial-novos-requisitos-e-valores\/","name":"Atualiza\u00e7\u00f5es sobre o aux\u00edlio emergencial: novos requisitos e valores -","isPartOf":{"@id":"https:\/\/www.vagadeempregorj.com.br\/#website"},"primaryImageOfPage":{"@id":"https:\/\/www.vagadeempregorj.com.br\/atualizacoes-sobre-o-auxilio-emergencial-novos-requisitos-e-valores\/#primaryimage"},"image":{"@id":"https:\/\/www.vagadeempregorj.com.br\/atualizacoes-sobre-o-auxilio-emergencial-novos-requisitos-e-valores\/#primaryimage"},"thumbnailUrl":"https:\/\/www.vagadeempregorj.com.br\/wp-content\/uploads\/2024\/08\/image-23.png","datePublished":"2024-09-03T09:00:00+00:00","dateModified":"2025-01-17T14:32:11+00:00","author":{"@id":"https:\/\/www.vagadeempregorj.com.br\/#\/schema\/person\/3ddb19fa0539706786e502152f3aae95"},"description":"Veja em Vagas de Emprego RJ as vagas de emprego com e sem experi\u00eancia no seu Estado e Regi\u00e3o!","breadcrumb":{"@id":"https:\/\/www.vagadeempregorj.com.br\/atualizacoes-sobre-o-auxilio-emergencial-novos-requisitos-e-valores\/#breadcrumb"},"inLanguage":"ar","potentialAction":[{"@type":"ReadAction","target":["https:\/\/www.vagadeempregorj.com.br\/atualizacoes-sobre-o-auxilio-emergencial-novos-requisitos-e-valores\/"]}]},{"@type":"ImageObject","inLanguage":"ar","@id":"https:\/\/www.vagadeempregorj.com.br\/atualizacoes-sobre-o-auxilio-emergencial-novos-requisitos-e-valores\/#primaryimage","url":"https:\/\/www.vagadeempregorj.com.br\/wp-content\/uploads\/2024\/08\/image-23.png","contentUrl":"https:\/\/www.vagadeempregorj.com.br\/wp-content\/uploads\/2024\/08\/image-23.png","width":740,"height":493},{"@type":"BreadcrumbList","@id":"https:\/\/www.vagadeempregorj.com.br\/atualizacoes-sobre-o-auxilio-emergencial-novos-requisitos-e-valores\/#breadcrumb","itemListElement":[{"@type":"ListItem","position":1,"name":"In\u00edcio","item":"https:\/\/www.vagadeempregorj.com.br\/"},{"@type":"ListItem","position":2,"name":"Benef\u00edcios Sociais","item":"https:\/\/www.vagadeempregorj.com.br\/beneficios-sociais\/"},{"@type":"ListItem","position":3,"name":"Atualiza\u00e7\u00f5es sobre o aux\u00edlio emergencial: novos requisitos e valores"}]},{"@type":"WebSite","@id":"https:\/\/www.vagadeempregorj.com.br\/#website","url":"https:\/\/www.vagadeempregorj.com.br\/","name":"","description":"\u062a\u062d\u0642\u064a\u0642 \u0627\u0644\u0623\u062d\u0644\u0627\u0645: \u0641\u0631\u0635 \u0639\u0645\u0644\u060c \u0645\u0632\u0627\u064a\u0627\u060c \u0648\u062a\u0648\u0641\u064a\u0631\u0627\u062a \u0644\u062a\u063a\u064a\u064a\u0631 \u0627\u0644\u062d\u064a\u0627\u0629 \u0648\u062a\u062d\u0642\u064a\u0642 \u062a\u062d\u0633\u064a\u0646\u0627\u062a \u064a\u0648\u0645\u064a\u0629","potentialAction":[{"@type":"SearchAction","target":{"@type":"EntryPoint","urlTemplate":"https:\/\/www.vagadeempregorj.com.br\/?s={search_term_string}"},"query-input":{"@type":"PropertyValueSpecification","valueRequired":true,"valueName":"search_term_string"}}],"inLanguage":"ar"},{"@type":"Person","@id":"https:\/\/www.vagadeempregorj.com.br\/#\/schema\/person\/3ddb19fa0539706786e502152f3aae95","name":"Michele","image":{"@type":"ImageObject","inLanguage":"ar","@id":"https:\/\/secure.gravatar.com\/avatar\/6b0eb9d22841282815e2cd856a0061c45e1761cd54b22e952d98c4746939aa85?s=96&r=g","url":"https:\/\/secure.gravatar.com\/avatar\/6b0eb9d22841282815e2cd856a0061c45e1761cd54b22e952d98c4746939aa85?s=96&r=g","contentUrl":"https:\/\/secure.gravatar.com\/avatar\/6b0eb9d22841282815e2cd856a0061c45e1761cd54b22e952d98c4746939aa85?s=96&r=g","caption":"Michele"},"description":"Formada em Letras - Portugu\u00eas\/ Ingl\u00eas, e idealizadora do site Escritora de Sucesso, busca expandir o conhecimento de todos com informa\u00e7\u00f5es relevantes sobre diversos assuntos, enquanto redatora. No Vaga de Emprego RJ, traz oportunidades e dicas sobre o mercado de trabalho.","url":"https:\/\/www.vagadeempregorj.com.br\/ar\/author\/michele\/"}]}},"_links":{"self":[{"href":"https:\/\/www.vagadeempregorj.com.br\/ar\/wp-json\/wp\/v2\/posts\/40339","targetHints":{"allow":["GET"]}}],"collection":[{"href":"https:\/\/www.vagadeempregorj.com.br\/ar\/wp-json\/wp\/v2\/posts"}],"about":[{"href":"https:\/\/www.vagadeempregorj.com.br\/ar\/wp-json\/wp\/v2\/types\/post"}],"author":[{"embeddable":true,"href":"https:\/\/www.vagadeempregorj.com.br\/ar\/wp-json\/wp\/v2\/users\/16"}],"replies":[{"embeddable":true,"href":"https:\/\/www.vagadeempregorj.com.br\/ar\/wp-json\/wp\/v2\/comments?post=40339"}],"version-history":[{"count":0,"href":"https:\/\/www.vagadeempregorj.com.br\/ar\/wp-json\/wp\/v2\/posts\/40339\/revisions"}],"wp:featuredmedia":[{"embeddable":true,"href":"https:\/\/www.vagadeempregorj.com.br\/ar\/wp-json\/wp\/v2\/media\/40369"}],"wp:attachment":[{"href":"https:\/\/www.vagadeempregorj.com.br\/ar\/wp-json\/wp\/v2\/media?parent=40339"}],"wp:term":[{"taxonomy":"category","embeddable":true,"href":"https:\/\/www.vagadeempregorj.com.br\/ar\/wp-json\/wp\/v2\/categories?post=40339"},{"taxonomy":"post_tag","embeddable":true,"href":"https:\/\/www.vagadeempregorj.com.br\/ar\/wp-json\/wp\/v2\/tags?post=40339"}],"curies":[{"name":"wp","href":"https:\/\/api.w.org\/{rel}","templated":true}]}}