{"id":40390,"date":"2024-08-25T07:00:00","date_gmt":"2024-08-25T10:00:00","guid":{"rendered":"https:\/\/www.vagadeempregorj.com.br\/?p=40390"},"modified":"2024-08-21T10:12:35","modified_gmt":"2024-08-21T13:12:35","slug":"nubank-contrata-profissionais-em-areas-de-ti-e-inovacao","status":"publish","type":"post","link":"https:\/\/www.vagadeempregorj.com.br\/ar\/nubank-contrata-profissionais-em-areas-de-ti-e-inovacao\/","title":{"rendered":"Nubank contrata profissionais em \u00e1reas de TI e inova\u00e7\u00e3o"},"content":{"rendered":"<p>O <strong>Nubank<\/strong>, uma das maiores fintechs do mundo, est\u00e1 ampliando sua equipe com a contrata\u00e7\u00e3o de novos talentos nas \u00e1reas de Tecnologia da Informa\u00e7\u00e3o (TI) e inova\u00e7\u00e3o. Com uma cultura centrada em oferecer experi\u00eancias excepcionais aos clientes, o Nubank continua a expandir suas opera\u00e7\u00f5es, buscando profissionais que estejam alinhados com sua miss\u00e3o de descomplicar a vida financeira das pessoas.<\/p>\n\n\n\n<h2 class=\"wp-block-heading\">Oportunidades dispon\u00edveis no Nubank<\/h2>\n\n\n\n<p>Atualmente, o Nubank tem quase 700 vagas abertas, principalmente na \u00e1rea de tecnologia, refletindo sua necessidade cont\u00ednua de inova\u00e7\u00e3o e desenvolvimento de novos produtos. As vagas incluem posi\u00e7\u00f5es em engenharia de software, gerenciamento de produtos, design e ci\u00eancia de dados. Cada uma dessas \u00e1reas oferece oportunidades para diferentes n\u00edveis de experi\u00eancia, desde posi\u00e7\u00f5es para iniciantes at\u00e9 cargos s\u00eaniores.<\/p>\n\n\n\n<figure class=\"wp-block-image size-large\"><img loading=\"lazy\" decoding=\"async\" width=\"1024\" height=\"683\" src=\"https:\/\/www.vagadeempregorj.com.br\/wp-content\/uploads\/2024\/08\/image-34-1024x683.png\" alt=\"\" class=\"wp-image-40413\" srcset=\"https:\/\/www.vagadeempregorj.com.br\/wp-content\/uploads\/2024\/08\/image-34-1024x683.png 1024w, https:\/\/www.vagadeempregorj.com.br\/wp-content\/uploads\/2024\/08\/image-34-300x200.png 300w, https:\/\/www.vagadeempregorj.com.br\/wp-content\/uploads\/2024\/08\/image-34-768x512.png 768w, https:\/\/www.vagadeempregorj.com.br\/wp-content\/uploads\/2024\/08\/image-34-150x100.png 150w, https:\/\/www.vagadeempregorj.com.br\/wp-content\/uploads\/2024\/08\/image-34.png 1170w\" sizes=\"auto, (max-width: 1024px) 100vw, 1024px\" \/><\/figure>\n\n\n\n<p>A empresa tamb\u00e9m se destaca por sua diversidade e inclus\u00e3o, buscando construir equipes multifacetadas que tragam perspectivas variadas para resolver os desafios do setor financeiro. Essa abordagem tem sido fundamental para o sucesso do Nubank, que hoje atende mais de 40 milh\u00f5es de clientes no Brasil.<\/p>\n\n\n\n<h2 class=\"wp-block-heading\">Como se candidatar \u00e0s vagas do Nubank<\/h2>\n\n\n\n<p><strong>Para se inscrever em uma das oportunidades oferecidas pelo Nubank, o processo \u00e9 totalmente online e come\u00e7a com a candidatura no <a href=\"https:\/\/international.nubank.com.br\">portal de carreiras do Nubank<\/a>\u200b. A primeira etapa consiste em revisar cuidadosamente os requisitos da vaga para garantir que voc\u00ea se encaixa no perfil desejado. Ap\u00f3s encontrar a vaga ideal, basta preencher o formul\u00e1rio de inscri\u00e7\u00e3o com suas informa\u00e7\u00f5es pessoais e profissionais.<\/strong><\/p>\n\n\n\n<p>Se seu perfil for selecionado, voc\u00ea passar\u00e1 por uma entrevista inicial, geralmente realizada de forma remota, onde os recrutadores do Nubank buscam conhecer mais sobre voc\u00ea, tanto do ponto de vista profissional quanto pessoal. Se houver alinhamento, voc\u00ea avan\u00e7ar\u00e1 para a fase de avalia\u00e7\u00e3o t\u00e9cnica, que pode incluir exerc\u00edcios pr\u00e1ticos relacionados \u00e0 vaga.<\/p>\n\n\n\n<p>Finalmente, os candidatos que chegam \u00e0s entrevistas finais t\u00eam a chance de interagir com membros da equipe e da lideran\u00e7a do Nubank. Nessa fase, o foco \u00e9 avaliar o fit cultural com a empresa, bem como as habilidades espec\u00edficas para o cargo em quest\u00e3o.<\/p>\n\n\n\n<h2 class=\"wp-block-heading\">O que torna o Nubank um \u00f3timo lugar para trabalhar<\/h2>\n\n\n\n<p>Trabalhar no Nubank significa fazer parte de uma das empresas mais inovadoras e admiradas do Brasil. Com escrit\u00f3rios em S\u00e3o Paulo e centros de tecnologia espalhados por pa\u00edses como Alemanha, M\u00e9xico e Col\u00f4mbia, o Nubank oferece um ambiente de trabalho colaborativo e flex\u00edvel, onde o desenvolvimento cont\u00ednuo dos profissionais \u00e9 uma prioridade.<\/p>\n\n\n\n<p>Al\u00e9m disso, a empresa promove uma cultura organizacional inclusiva e diversa, onde o respeito e a valoriza\u00e7\u00e3o das diferen\u00e7as s\u00e3o princ\u00edpios fundamentais. Para aqueles que se identificam com a miss\u00e3o do Nubank e est\u00e3o prontos para contribuir com sua &#8220;revolu\u00e7\u00e3o roxa&#8221;, esta \u00e9 uma oportunidade \u00fanica de fazer parte de uma equipe que est\u00e1 redefinindo o mercado financeiro.<\/p>\n\n\n\n<p><strong>Se voc\u00ea est\u00e1 interessado em se juntar ao time do Nubank e ajudar a construir o futuro dos servi\u00e7os financeiros, n\u00e3o deixe de visitar o <a href=\"https:\/\/international.nubank.com.br\">portal de carreiras do Nubank<\/a> e se inscrever na vaga que melhor se encaixa no seu perfil.<\/strong><\/p>\n\n\n\n<p><strong>Veja tamb\u00e9m: <a href=\"https:\/\/www.vagadeempregorj.com.br\/ar\/magazine-luiza-abre-mais-de-100-vagas-de-emprego-pelo-pais\/\">Magazine Luiza abre mais de 100 vagas de emprego pelo pa\u00eds<\/a><\/strong><\/p>\n\n\n\n<p>25 de agosto de 2024<\/p>","protected":false},"excerpt":{"rendered":"<p>O Nubank, uma das maiores fintechs do mundo, est\u00e1 ampliando sua equipe com a contrata\u00e7\u00e3o de novos talentos nas \u00e1reas de Tecnologia da Informa\u00e7\u00e3o (TI) e inova\u00e7\u00e3o. Com uma cultura centrada em oferecer experi\u00eancias excepcionais aos clientes, o Nubank continua a expandir suas opera\u00e7\u00f5es, buscando profissionais que estejam alinhados com sua miss\u00e3o de descomplicar a&hellip;&nbsp;<\/p>","protected":false},"author":16,"featured_media":40413,"comment_status":"closed","ping_status":"closed","sticky":false,"template":"","format":"standard","meta":{"neve_meta_sidebar":"","neve_meta_container":"","neve_meta_enable_content_width":"","neve_meta_content_width":0,"neve_meta_title_alignment":"","neve_meta_author_avatar":"","neve_post_elements_order":"","neve_meta_disable_header":"","neve_meta_disable_footer":"","neve_meta_disable_title":"","footnotes":""},"categories":[123],"tags":[],"class_list":["post-40390","post","type-post","status-publish","format-standard","has-post-thumbnail","hentry","category-vagas-de-emprego-nacionais"],"yoast_head":"<!-- This site is optimized with the Yoast SEO plugin v27.5 - https:\/\/yoast.com\/product\/yoast-seo-wordpress\/ -->\n<title>Nubank contrata profissionais em \u00e1reas de TI e inova\u00e7\u00e3o -<\/title>\n<meta name=\"description\" content=\"Veja em Vagas de Emprego RJ as vagas de emprego com e sem experi\u00eancia no seu Estado e Regi\u00e3o!\" \/>\n<meta name=\"robots\" content=\"index, follow, max-snippet:-1, max-image-preview:large, max-video-preview:-1\" \/>\n<link rel=\"canonical\" href=\"https:\/\/www.vagadeempregorj.com.br\/ar\/nubank-contrata-profissionais-em-areas-de-ti-e-inovacao\/\" \/>\n<meta property=\"og:locale\" content=\"ar_AR\" \/>\n<meta property=\"og:type\" content=\"article\" \/>\n<meta property=\"og:title\" content=\"Nubank contrata profissionais em \u00e1reas de TI e inova\u00e7\u00e3o -\" \/>\n<meta property=\"og:description\" content=\"Veja em Vagas de Emprego RJ as vagas de emprego com e sem experi\u00eancia no seu Estado e Regi\u00e3o!\" \/>\n<meta property=\"og:url\" content=\"https:\/\/www.vagadeempregorj.com.br\/ar\/nubank-contrata-profissionais-em-areas-de-ti-e-inovacao\/\" \/>\n<meta property=\"article:publisher\" content=\"https:\/\/www.facebook.com\/empregobrasiloficial\" \/>\n<meta property=\"article:published_time\" content=\"2024-08-25T10:00:00+00:00\" \/>\n<meta property=\"og:image\" content=\"https:\/\/www.vagadeempregorj.com.br\/wp-content\/uploads\/2024\/08\/image-34.png\" \/>\n\t<meta property=\"og:image:width\" content=\"1170\" \/>\n\t<meta property=\"og:image:height\" content=\"780\" \/>\n\t<meta property=\"og:image:type\" content=\"image\/png\" \/>\n<meta name=\"author\" content=\"Michele\" \/>\n<meta name=\"twitter:card\" content=\"summary_large_image\" \/>\n<meta name=\"twitter:label1\" content=\"\u0643\u064f\u062a\u0628 \u0628\u0648\u0627\u0633\u0637\u0629\" \/>\n\t<meta name=\"twitter:data1\" content=\"Michele\" \/>\n\t<meta name=\"twitter:label2\" content=\"\u0648\u0642\u062a \u0627\u0644\u0642\u0631\u0627\u0621\u0629 \u0627\u0644\u0645\u064f\u0642\u062f\u0651\u0631\" \/>\n\t<meta name=\"twitter:data2\" content=\"3 \u062f\u0642\u0627\u0626\u0642\" \/>\n<script type=\"application\/ld+json\" class=\"yoast-schema-graph\">{\"@context\":\"https:\\\/\\\/schema.org\",\"@graph\":[{\"@type\":\"Article\",\"@id\":\"https:\\\/\\\/www.vagadeempregorj.com.br\\\/nubank-contrata-profissionais-em-areas-de-ti-e-inovacao\\\/#article\",\"isPartOf\":{\"@id\":\"https:\\\/\\\/www.vagadeempregorj.com.br\\\/nubank-contrata-profissionais-em-areas-de-ti-e-inovacao\\\/\"},\"author\":{\"name\":\"Michele\",\"@id\":\"https:\\\/\\\/www.vagadeempregorj.com.br\\\/#\\\/schema\\\/person\\\/3ddb19fa0539706786e502152f3aae95\"},\"headline\":\"Nubank contrata profissionais em \u00e1reas de TI e inova\u00e7\u00e3o\",\"datePublished\":\"2024-08-25T10:00:00+00:00\",\"mainEntityOfPage\":{\"@id\":\"https:\\\/\\\/www.vagadeempregorj.com.br\\\/nubank-contrata-profissionais-em-areas-de-ti-e-inovacao\\\/\"},\"wordCount\":565,\"image\":{\"@id\":\"https:\\\/\\\/www.vagadeempregorj.com.br\\\/nubank-contrata-profissionais-em-areas-de-ti-e-inovacao\\\/#primaryimage\"},\"thumbnailUrl\":\"https:\\\/\\\/www.vagadeempregorj.com.br\\\/wp-content\\\/uploads\\\/2024\\\/08\\\/image-34.png\",\"articleSection\":[\"Vagas de Emprego Nacionais\"],\"inLanguage\":\"ar\"},{\"@type\":\"WebPage\",\"@id\":\"https:\\\/\\\/www.vagadeempregorj.com.br\\\/nubank-contrata-profissionais-em-areas-de-ti-e-inovacao\\\/\",\"url\":\"https:\\\/\\\/www.vagadeempregorj.com.br\\\/nubank-contrata-profissionais-em-areas-de-ti-e-inovacao\\\/\",\"name\":\"Nubank contrata profissionais em \u00e1reas de TI e inova\u00e7\u00e3o -\",\"isPartOf\":{\"@id\":\"https:\\\/\\\/www.vagadeempregorj.com.br\\\/#website\"},\"primaryImageOfPage\":{\"@id\":\"https:\\\/\\\/www.vagadeempregorj.com.br\\\/nubank-contrata-profissionais-em-areas-de-ti-e-inovacao\\\/#primaryimage\"},\"image\":{\"@id\":\"https:\\\/\\\/www.vagadeempregorj.com.br\\\/nubank-contrata-profissionais-em-areas-de-ti-e-inovacao\\\/#primaryimage\"},\"thumbnailUrl\":\"https:\\\/\\\/www.vagadeempregorj.com.br\\\/wp-content\\\/uploads\\\/2024\\\/08\\\/image-34.png\",\"datePublished\":\"2024-08-25T10:00:00+00:00\",\"author\":{\"@id\":\"https:\\\/\\\/www.vagadeempregorj.com.br\\\/#\\\/schema\\\/person\\\/3ddb19fa0539706786e502152f3aae95\"},\"description\":\"Veja em Vagas de Emprego RJ as vagas de emprego com e sem experi\u00eancia no seu Estado e Regi\u00e3o!\",\"breadcrumb\":{\"@id\":\"https:\\\/\\\/www.vagadeempregorj.com.br\\\/nubank-contrata-profissionais-em-areas-de-ti-e-inovacao\\\/#breadcrumb\"},\"inLanguage\":\"ar\",\"potentialAction\":[{\"@type\":\"ReadAction\",\"target\":[\"https:\\\/\\\/www.vagadeempregorj.com.br\\\/nubank-contrata-profissionais-em-areas-de-ti-e-inovacao\\\/\"]}]},{\"@type\":\"ImageObject\",\"inLanguage\":\"ar\",\"@id\":\"https:\\\/\\\/www.vagadeempregorj.com.br\\\/nubank-contrata-profissionais-em-areas-de-ti-e-inovacao\\\/#primaryimage\",\"url\":\"https:\\\/\\\/www.vagadeempregorj.com.br\\\/wp-content\\\/uploads\\\/2024\\\/08\\\/image-34.png\",\"contentUrl\":\"https:\\\/\\\/www.vagadeempregorj.com.br\\\/wp-content\\\/uploads\\\/2024\\\/08\\\/image-34.png\",\"width\":1170,\"height\":780},{\"@type\":\"BreadcrumbList\",\"@id\":\"https:\\\/\\\/www.vagadeempregorj.com.br\\\/nubank-contrata-profissionais-em-areas-de-ti-e-inovacao\\\/#breadcrumb\",\"itemListElement\":[{\"@type\":\"ListItem\",\"position\":1,\"name\":\"In\u00edcio\",\"item\":\"https:\\\/\\\/www.vagadeempregorj.com.br\\\/\"},{\"@type\":\"ListItem\",\"position\":2,\"name\":\"Vagas de Emprego Nacionais\",\"item\":\"https:\\\/\\\/www.vagadeempregorj.com.br\\\/vagas-de-emprego-nacionais\\\/\"},{\"@type\":\"ListItem\",\"position\":3,\"name\":\"Nubank contrata profissionais em \u00e1reas de TI e inova\u00e7\u00e3o\"}]},{\"@type\":\"WebSite\",\"@id\":\"https:\\\/\\\/www.vagadeempregorj.com.br\\\/#website\",\"url\":\"https:\\\/\\\/www.vagadeempregorj.com.br\\\/\",\"name\":\"\",\"description\":\"Conquiste Sonhos: Vagas, Benef\u00edcios e Economia para Transformar Vidas e Alcan\u00e7ar Melhorias Cotidianas\",\"potentialAction\":[{\"@type\":\"SearchAction\",\"target\":{\"@type\":\"EntryPoint\",\"urlTemplate\":\"https:\\\/\\\/www.vagadeempregorj.com.br\\\/?s={search_term_string}\"},\"query-input\":{\"@type\":\"PropertyValueSpecification\",\"valueRequired\":true,\"valueName\":\"search_term_string\"}}],\"inLanguage\":\"ar\"},{\"@type\":\"Person\",\"@id\":\"https:\\\/\\\/www.vagadeempregorj.com.br\\\/#\\\/schema\\\/person\\\/3ddb19fa0539706786e502152f3aae95\",\"name\":\"Michele\",\"image\":{\"@type\":\"ImageObject\",\"inLanguage\":\"ar\",\"@id\":\"https:\\\/\\\/secure.gravatar.com\\\/avatar\\\/6b0eb9d22841282815e2cd856a0061c45e1761cd54b22e952d98c4746939aa85?s=96&r=g\",\"url\":\"https:\\\/\\\/secure.gravatar.com\\\/avatar\\\/6b0eb9d22841282815e2cd856a0061c45e1761cd54b22e952d98c4746939aa85?s=96&r=g\",\"contentUrl\":\"https:\\\/\\\/secure.gravatar.com\\\/avatar\\\/6b0eb9d22841282815e2cd856a0061c45e1761cd54b22e952d98c4746939aa85?s=96&r=g\",\"caption\":\"Michele\"},\"description\":\"Formada em Letras - Portugu\u00eas\\\/ Ingl\u00eas, e idealizadora do site Escritora de Sucesso, busca expandir o conhecimento de todos com informa\u00e7\u00f5es relevantes sobre diversos assuntos, enquanto redatora. No Vaga de Emprego RJ, traz oportunidades e dicas sobre o mercado de trabalho.\",\"url\":\"https:\\\/\\\/www.vagadeempregorj.com.br\\\/ar\\\/author\\\/michele\\\/\"}]}<\/script>\n<!-- \/ Yoast SEO plugin. -->","yoast_head_json":{"title":"Nubank contrata profissionais em \u00e1reas de TI e inova\u00e7\u00e3o -","description":"Veja em Vagas de Emprego RJ as vagas de emprego com e sem experi\u00eancia no seu Estado e Regi\u00e3o!","robots":{"index":"index","follow":"follow","max-snippet":"max-snippet:-1","max-image-preview":"max-image-preview:large","max-video-preview":"max-video-preview:-1"},"canonical":"https:\/\/www.vagadeempregorj.com.br\/ar\/nubank-contrata-profissionais-em-areas-de-ti-e-inovacao\/","og_locale":"ar_AR","og_type":"article","og_title":"Nubank contrata profissionais em \u00e1reas de TI e inova\u00e7\u00e3o -","og_description":"Veja em Vagas de Emprego RJ as vagas de emprego com e sem experi\u00eancia no seu Estado e Regi\u00e3o!","og_url":"https:\/\/www.vagadeempregorj.com.br\/ar\/nubank-contrata-profissionais-em-areas-de-ti-e-inovacao\/","article_publisher":"https:\/\/www.facebook.com\/empregobrasiloficial","article_published_time":"2024-08-25T10:00:00+00:00","og_image":[{"width":1170,"height":780,"url":"https:\/\/www.vagadeempregorj.com.br\/wp-content\/uploads\/2024\/08\/image-34.png","type":"image\/png"}],"author":"Michele","twitter_card":"summary_large_image","twitter_misc":{"\u0643\u064f\u062a\u0628 \u0628\u0648\u0627\u0633\u0637\u0629":"Michele","\u0648\u0642\u062a \u0627\u0644\u0642\u0631\u0627\u0621\u0629 \u0627\u0644\u0645\u064f\u0642\u062f\u0651\u0631":"3 \u062f\u0642\u0627\u0626\u0642"},"schema":{"@context":"https:\/\/schema.org","@graph":[{"@type":"Article","@id":"https:\/\/www.vagadeempregorj.com.br\/nubank-contrata-profissionais-em-areas-de-ti-e-inovacao\/#article","isPartOf":{"@id":"https:\/\/www.vagadeempregorj.com.br\/nubank-contrata-profissionais-em-areas-de-ti-e-inovacao\/"},"author":{"name":"Michele","@id":"https:\/\/www.vagadeempregorj.com.br\/#\/schema\/person\/3ddb19fa0539706786e502152f3aae95"},"headline":"Nubank contrata profissionais em \u00e1reas de TI e inova\u00e7\u00e3o","datePublished":"2024-08-25T10:00:00+00:00","mainEntityOfPage":{"@id":"https:\/\/www.vagadeempregorj.com.br\/nubank-contrata-profissionais-em-areas-de-ti-e-inovacao\/"},"wordCount":565,"image":{"@id":"https:\/\/www.vagadeempregorj.com.br\/nubank-contrata-profissionais-em-areas-de-ti-e-inovacao\/#primaryimage"},"thumbnailUrl":"https:\/\/www.vagadeempregorj.com.br\/wp-content\/uploads\/2024\/08\/image-34.png","articleSection":["Vagas de Emprego Nacionais"],"inLanguage":"ar"},{"@type":"WebPage","@id":"https:\/\/www.vagadeempregorj.com.br\/nubank-contrata-profissionais-em-areas-de-ti-e-inovacao\/","url":"https:\/\/www.vagadeempregorj.com.br\/nubank-contrata-profissionais-em-areas-de-ti-e-inovacao\/","name":"Nubank contrata profissionais em \u00e1reas de TI e inova\u00e7\u00e3o -","isPartOf":{"@id":"https:\/\/www.vagadeempregorj.com.br\/#website"},"primaryImageOfPage":{"@id":"https:\/\/www.vagadeempregorj.com.br\/nubank-contrata-profissionais-em-areas-de-ti-e-inovacao\/#primaryimage"},"image":{"@id":"https:\/\/www.vagadeempregorj.com.br\/nubank-contrata-profissionais-em-areas-de-ti-e-inovacao\/#primaryimage"},"thumbnailUrl":"https:\/\/www.vagadeempregorj.com.br\/wp-content\/uploads\/2024\/08\/image-34.png","datePublished":"2024-08-25T10:00:00+00:00","author":{"@id":"https:\/\/www.vagadeempregorj.com.br\/#\/schema\/person\/3ddb19fa0539706786e502152f3aae95"},"description":"Veja em Vagas de Emprego RJ as vagas de emprego com e sem experi\u00eancia no seu Estado e Regi\u00e3o!","breadcrumb":{"@id":"https:\/\/www.vagadeempregorj.com.br\/nubank-contrata-profissionais-em-areas-de-ti-e-inovacao\/#breadcrumb"},"inLanguage":"ar","potentialAction":[{"@type":"ReadAction","target":["https:\/\/www.vagadeempregorj.com.br\/nubank-contrata-profissionais-em-areas-de-ti-e-inovacao\/"]}]},{"@type":"ImageObject","inLanguage":"ar","@id":"https:\/\/www.vagadeempregorj.com.br\/nubank-contrata-profissionais-em-areas-de-ti-e-inovacao\/#primaryimage","url":"https:\/\/www.vagadeempregorj.com.br\/wp-content\/uploads\/2024\/08\/image-34.png","contentUrl":"https:\/\/www.vagadeempregorj.com.br\/wp-content\/uploads\/2024\/08\/image-34.png","width":1170,"height":780},{"@type":"BreadcrumbList","@id":"https:\/\/www.vagadeempregorj.com.br\/nubank-contrata-profissionais-em-areas-de-ti-e-inovacao\/#breadcrumb","itemListElement":[{"@type":"ListItem","position":1,"name":"In\u00edcio","item":"https:\/\/www.vagadeempregorj.com.br\/"},{"@type":"ListItem","position":2,"name":"Vagas de Emprego Nacionais","item":"https:\/\/www.vagadeempregorj.com.br\/vagas-de-emprego-nacionais\/"},{"@type":"ListItem","position":3,"name":"Nubank contrata profissionais em \u00e1reas de TI e inova\u00e7\u00e3o"}]},{"@type":"WebSite","@id":"https:\/\/www.vagadeempregorj.com.br\/#website","url":"https:\/\/www.vagadeempregorj.com.br\/","name":"","description":"\u062a\u062d\u0642\u064a\u0642 \u0627\u0644\u0623\u062d\u0644\u0627\u0645: \u0641\u0631\u0635 \u0639\u0645\u0644\u060c \u0645\u0632\u0627\u064a\u0627\u060c \u0648\u062a\u0648\u0641\u064a\u0631\u0627\u062a \u0644\u062a\u063a\u064a\u064a\u0631 \u0627\u0644\u062d\u064a\u0627\u0629 \u0648\u062a\u062d\u0642\u064a\u0642 \u062a\u062d\u0633\u064a\u0646\u0627\u062a \u064a\u0648\u0645\u064a\u0629","potentialAction":[{"@type":"SearchAction","target":{"@type":"EntryPoint","urlTemplate":"https:\/\/www.vagadeempregorj.com.br\/?s={search_term_string}"},"query-input":{"@type":"PropertyValueSpecification","valueRequired":true,"valueName":"search_term_string"}}],"inLanguage":"ar"},{"@type":"Person","@id":"https:\/\/www.vagadeempregorj.com.br\/#\/schema\/person\/3ddb19fa0539706786e502152f3aae95","name":"Michele","image":{"@type":"ImageObject","inLanguage":"ar","@id":"https:\/\/secure.gravatar.com\/avatar\/6b0eb9d22841282815e2cd856a0061c45e1761cd54b22e952d98c4746939aa85?s=96&r=g","url":"https:\/\/secure.gravatar.com\/avatar\/6b0eb9d22841282815e2cd856a0061c45e1761cd54b22e952d98c4746939aa85?s=96&r=g","contentUrl":"https:\/\/secure.gravatar.com\/avatar\/6b0eb9d22841282815e2cd856a0061c45e1761cd54b22e952d98c4746939aa85?s=96&r=g","caption":"Michele"},"description":"Formada em Letras - Portugu\u00eas\/ Ingl\u00eas, e idealizadora do site Escritora de Sucesso, busca expandir o conhecimento de todos com informa\u00e7\u00f5es relevantes sobre diversos assuntos, enquanto redatora. No Vaga de Emprego RJ, traz oportunidades e dicas sobre o mercado de trabalho.","url":"https:\/\/www.vagadeempregorj.com.br\/ar\/author\/michele\/"}]}},"_links":{"self":[{"href":"https:\/\/www.vagadeempregorj.com.br\/ar\/wp-json\/wp\/v2\/posts\/40390","targetHints":{"allow":["GET"]}}],"collection":[{"href":"https:\/\/www.vagadeempregorj.com.br\/ar\/wp-json\/wp\/v2\/posts"}],"about":[{"href":"https:\/\/www.vagadeempregorj.com.br\/ar\/wp-json\/wp\/v2\/types\/post"}],"author":[{"embeddable":true,"href":"https:\/\/www.vagadeempregorj.com.br\/ar\/wp-json\/wp\/v2\/users\/16"}],"replies":[{"embeddable":true,"href":"https:\/\/www.vagadeempregorj.com.br\/ar\/wp-json\/wp\/v2\/comments?post=40390"}],"version-history":[{"count":0,"href":"https:\/\/www.vagadeempregorj.com.br\/ar\/wp-json\/wp\/v2\/posts\/40390\/revisions"}],"wp:featuredmedia":[{"embeddable":true,"href":"https:\/\/www.vagadeempregorj.com.br\/ar\/wp-json\/wp\/v2\/media\/40413"}],"wp:attachment":[{"href":"https:\/\/www.vagadeempregorj.com.br\/ar\/wp-json\/wp\/v2\/media?parent=40390"}],"wp:term":[{"taxonomy":"category","embeddable":true,"href":"https:\/\/www.vagadeempregorj.com.br\/ar\/wp-json\/wp\/v2\/categories?post=40390"},{"taxonomy":"post_tag","embeddable":true,"href":"https:\/\/www.vagadeempregorj.com.br\/ar\/wp-json\/wp\/v2\/tags?post=40390"}],"curies":[{"name":"wp","href":"https:\/\/api.w.org\/{rel}","templated":true}]}}