{"id":40668,"date":"2024-09-09T23:15:19","date_gmt":"2024-09-10T02:15:19","guid":{"rendered":"https:\/\/www.vagadeempregorj.com.br\/?p=40668"},"modified":"2024-09-09T23:15:20","modified_gmt":"2024-09-10T02:15:20","slug":"camed-microcredito-38-vagas-de-emprego-abertas-pelo-pais","status":"publish","type":"post","link":"https:\/\/www.vagadeempregorj.com.br\/ar\/camed-microcredito-38-vagas-de-emprego-abertas-pelo-pais\/","title":{"rendered":"Camed Microcr\u00e9dito: 38 vagas de emprego abertas pelo pa\u00eds"},"content":{"rendered":"<p>A <strong>Camed Microcr\u00e9dito<\/strong>, refer\u00eancia no mercado financeiro voltado a pequenos e m\u00e9dios empreendedores, est\u00e1 divulgando vagas de emprego dispon\u00edveis em diversas regi\u00f5es do Brasil. A empresa, que atua oferecendo solu\u00e7\u00f5es financeiras para quem busca expandir seu neg\u00f3cio, tem ganhado destaque pela sua atua\u00e7\u00e3o pr\u00f3xima ao p\u00fablico-alvo e pela oferta de produtos acess\u00edveis.\u00a0<\/p>\n\n\n\n<figure class=\"wp-block-image size-large\"><img loading=\"lazy\" decoding=\"async\" width=\"1024\" height=\"567\" src=\"https:\/\/www.vagadeempregorj.com.br\/wp-content\/uploads\/2024\/09\/image-8-1024x567.png\" alt=\"\" class=\"wp-image-40669\" srcset=\"https:\/\/www.vagadeempregorj.com.br\/wp-content\/uploads\/2024\/09\/image-8-1024x567.png 1024w, https:\/\/www.vagadeempregorj.com.br\/wp-content\/uploads\/2024\/09\/image-8-300x166.png 300w, https:\/\/www.vagadeempregorj.com.br\/wp-content\/uploads\/2024\/09\/image-8-768x426.png 768w, https:\/\/www.vagadeempregorj.com.br\/wp-content\/uploads\/2024\/09\/image-8-1536x851.png 1536w, https:\/\/www.vagadeempregorj.com.br\/wp-content\/uploads\/2024\/09\/image-8-350x195.png 350w, https:\/\/www.vagadeempregorj.com.br\/wp-content\/uploads\/2024\/09\/image-8-150x83.png 150w, https:\/\/www.vagadeempregorj.com.br\/wp-content\/uploads\/2024\/09\/image-8.png 1541w\" sizes=\"auto, (max-width: 1024px) 100vw, 1024px\" \/><\/figure>\n\n\n\n<h2 class=\"wp-block-heading\">Quais s\u00e3o as vagas de emprego abertas pela Camed Microcr\u00e9dito?<\/h2>\n\n\n\n<p>A Camed Microcr\u00e9dito busca profissionais em v\u00e1rias \u00e1reas, desde o atendimento ao cliente at\u00e9 cargos administrativos e de supervis\u00e3o. As vagas oferecidas abrangem perfis t\u00e9cnicos e operacionais, com destaque para fun\u00e7\u00f5es ligadas \u00e0 expans\u00e3o do atendimento e an\u00e1lise de cr\u00e9dito, que s\u00e3o essenciais para o bom funcionamento da opera\u00e7\u00e3o.<\/p>\n\n\n\n<p>Confira algumas das principais posi\u00e7\u00f5es dispon\u00edveis:<\/p>\n\n\n\n<ul class=\"wp-block-list\">\n<li>Analista de Cr\u00e9dito: Respons\u00e1vel por avaliar o perfil de clientes e aprovar opera\u00e7\u00f5es de microcr\u00e9dito. \u00c9 necess\u00e1rio ter experi\u00eancia no setor banc\u00e1rio ou financeiro, al\u00e9m de boa capacidade anal\u00edtica.<\/li>\n\n\n\n<li>Consultor de Neg\u00f3cios: Profissional voltado para a capta\u00e7\u00e3o e relacionamento com clientes. Esse cargo exige habilidades comerciais, al\u00e9m de conhecimento sobre os produtos oferecidos pela Camed.<\/li>\n\n\n\n<li>Atendente Comercial: Atuando diretamente no atendimento ao p\u00fablico, o atendente ser\u00e1 o primeiro ponto de contato com o cliente. \u00c9 essencial que o candidato tenha boa comunica\u00e7\u00e3o e empatia.<\/li>\n\n\n\n<li>Gerente de Unidade: Respons\u00e1vel pela coordena\u00e7\u00e3o da equipe e pela gest\u00e3o de metas de sua unidade, o gerente precisa ter experi\u00eancia em lideran\u00e7a e gest\u00e3o de pessoas.<\/li>\n\n\n\n<li>Supervisor de Opera\u00e7\u00f5es: Com a fun\u00e7\u00e3o de garantir que as opera\u00e7\u00f5es di\u00e1rias ocorram conforme planejado, o supervisor de opera\u00e7\u00f5es deve ter experi\u00eancia pr\u00e9via em cargos de gest\u00e3o e conhecimento sobre fluxos operacionais.<\/li>\n<\/ul>\n\n\n\n<p>Al\u00e9m dessas fun\u00e7\u00f5es, h\u00e1 vagas nas \u00e1reas de tecnologia, marketing e recursos humanos, para quem deseja atuar no suporte interno da Camed. Isso demonstra que a empresa est\u00e1 em plena expans\u00e3o e valorizando o crescimento em diversos departamentos.<\/p>\n\n\n\n<p>A Camed tamb\u00e9m busca candidatos que tenham afinidade com o setor de microcr\u00e9dito e compartilhem da vis\u00e3o da empresa sobre a import\u00e2ncia da inclus\u00e3o financeira. A empresa valoriza profissionais proativos, capazes de resolver problemas de maneira \u00e1gil e que tenham bom relacionamento interpessoal.<\/p>\n\n\n\n<h2 class=\"wp-block-heading\">Como se candidatar?<\/h2>\n\n\n\n<p>Para se candidatar a uma das vagas abertas pela Camed Microcr\u00e9dito, o processo \u00e9 simples e direto. A empresa disponibiliza todas as oportunidades em seu site oficial de recrutamento, onde os candidatos podem acessar a descri\u00e7\u00e3o completa de cada posi\u00e7\u00e3o e enviar seus curr\u00edculos.<\/p>\n\n\n\n<p>Siga os passos abaixo para realizar sua candidatura:<\/p>\n\n\n\n<ul class=\"wp-block-list\">\n<li>Acesse o site de recrutamento da Camed Microcr\u00e9dito: Copie e cole o endere\u00e7o <strong>www.camedmicrocredito.com.br\/carreiras<\/strong> em seu navegador e acesse a p\u00e1gina oficial de carreiras da empresa.<\/li>\n\n\n\n<li>Escolha a vaga desejada: Navegue pelas op\u00e7\u00f5es dispon\u00edveis e leia atentamente as descri\u00e7\u00f5es das fun\u00e7\u00f5es, requisitos e benef\u00edcios oferecidos para cada cargo. Isso \u00e9 essencial para garantir que voc\u00ea se enquadre no perfil buscado pela empresa.<\/li>\n\n\n\n<li>Preencha o formul\u00e1rio de candidatura: Ap\u00f3s selecionar a vaga, voc\u00ea ser\u00e1 direcionado a um formul\u00e1rio online, onde dever\u00e1 inserir seus dados pessoais, experi\u00eancias profissionais e anexar o curr\u00edculo atualizado.<\/li>\n\n\n\n<li>Aguarde o contato da empresa: Ap\u00f3s o envio do curr\u00edculo, a equipe de recursos humanos da Camed far\u00e1 a triagem dos candidatos e entrar\u00e1 em contato com os selecionados para a pr\u00f3xima etapa, que pode incluir entrevistas e testes espec\u00edficos de cada fun\u00e7\u00e3o.<\/li>\n<\/ul>\n\n\n\n<p><strong>Dica:<\/strong> \u00e9 fundamental que o curr\u00edculo esteja atualizado e bem organizado, destacando suas experi\u00eancias mais relevantes e adequadas \u00e0 vaga desejada. Lembre-se tamb\u00e9m de personalizar a carta de apresenta\u00e7\u00e3o, mostrando como voc\u00ea pode contribuir com os objetivos da empresa e seu interesse no setor de microcr\u00e9dito.<\/p>\n\n\n\n<h2 class=\"wp-block-heading\">Por que trabalhar na Camed Microcr\u00e9dito?<\/h2>\n\n\n\n<p>A Camed Microcr\u00e9dito n\u00e3o \u00e9 apenas uma empresa de solu\u00e7\u00f5es financeiras, mas uma organiza\u00e7\u00e3o com prop\u00f3sito. Trabalhar na Camed significa colaborar diretamente para a inclus\u00e3o financeira de milhares de pessoas, ajudando pequenos empreendedores a crescerem e a conquistarem sua independ\u00eancia.&nbsp;<\/p>\n\n\n\n<p>Al\u00e9m disso, a empresa oferece um ambiente de trabalho colaborativo e din\u00e2mico, onde h\u00e1 oportunidade de crescimento e desenvolvimento profissional.<\/p>\n\n\n\n<p>Outro diferencial \u00e9 o compromisso da Camed com a forma\u00e7\u00e3o de seus colaboradores. A empresa oferece treinamentos regulares, capacita\u00e7\u00e3o t\u00e9cnica e suporte para o desenvolvimento de carreira, o que contribui para a reten\u00e7\u00e3o de talentos e a forma\u00e7\u00e3o de l\u00edderes dentro da pr\u00f3pria organiza\u00e7\u00e3o.<\/p>\n\n\n\n<p>Os benef\u00edcios oferecidos aos funcion\u00e1rios tamb\u00e9m s\u00e3o atrativos. Al\u00e9m dos sal\u00e1rios compat\u00edveis com o mercado, a Camed oferece plano de sa\u00fade, vale-alimenta\u00e7\u00e3o, seguro de vida e participa\u00e7\u00e3o nos lucros da empresa. Esses diferenciais tornam as vagas ainda mais competitivas e interessantes para profissionais de diversas \u00e1reas.<\/p>\n\n\n\n<p><strong>Veja tamb\u00e9m: <a href=\"https:\/\/www.vagadeempregorj.com.br\/ar\/3coracoes-257-vagas-de-emprego-abertas-pelo-pais\/\">3cora\u00e7\u00f5es: 257 vagas de emprego abertas pelo pa\u00eds<\/a><\/strong><\/p>\n\n\n\n<p>09 de setembro de 2024<\/p>","protected":false},"excerpt":{"rendered":"<p>A Camed Microcr\u00e9dito, refer\u00eancia no mercado financeiro voltado a pequenos e m\u00e9dios empreendedores, est\u00e1 divulgando vagas de emprego dispon\u00edveis em diversas regi\u00f5es do Brasil. A empresa, que atua oferecendo solu\u00e7\u00f5es financeiras para quem busca expandir seu neg\u00f3cio, tem ganhado destaque pela sua atua\u00e7\u00e3o pr\u00f3xima ao p\u00fablico-alvo e pela oferta de produtos acess\u00edveis.\u00a0 Quais s\u00e3o as&hellip;&nbsp;<\/p>","protected":false},"author":16,"featured_media":40669,"comment_status":"closed","ping_status":"closed","sticky":false,"template":"","format":"standard","meta":{"neve_meta_sidebar":"","neve_meta_container":"","neve_meta_enable_content_width":"","neve_meta_content_width":0,"neve_meta_title_alignment":"","neve_meta_author_avatar":"","neve_post_elements_order":"","neve_meta_disable_header":"","neve_meta_disable_footer":"","neve_meta_disable_title":"","footnotes":""},"categories":[123],"tags":[830,608],"class_list":["post-40668","post","type-post","status-publish","format-standard","has-post-thumbnail","hentry","category-vagas-de-emprego-nacionais","tag-empregos","tag-oportunidades"],"yoast_head":"<!-- This site is optimized with the Yoast SEO plugin v27.5 - https:\/\/yoast.com\/product\/yoast-seo-wordpress\/ -->\n<title>Camed Microcr\u00e9dito: 38 vagas de emprego abertas pelo pa\u00eds -<\/title>\n<meta name=\"description\" content=\"Veja em Vagas de Emprego RJ as vagas de emprego com e sem experi\u00eancia no seu Estado e Regi\u00e3o!\" \/>\n<meta name=\"robots\" content=\"index, follow, max-snippet:-1, max-image-preview:large, max-video-preview:-1\" \/>\n<link rel=\"canonical\" href=\"https:\/\/www.vagadeempregorj.com.br\/ar\/camed-microcredito-38-vagas-de-emprego-abertas-pelo-pais\/\" \/>\n<meta property=\"og:locale\" content=\"ar_AR\" \/>\n<meta property=\"og:type\" content=\"article\" \/>\n<meta property=\"og:title\" content=\"Camed Microcr\u00e9dito: 38 vagas de emprego abertas pelo pa\u00eds -\" \/>\n<meta property=\"og:description\" content=\"Veja em Vagas de Emprego RJ as vagas de emprego com e sem experi\u00eancia no seu Estado e Regi\u00e3o!\" \/>\n<meta property=\"og:url\" content=\"https:\/\/www.vagadeempregorj.com.br\/ar\/camed-microcredito-38-vagas-de-emprego-abertas-pelo-pais\/\" \/>\n<meta property=\"article:publisher\" content=\"https:\/\/www.facebook.com\/empregobrasiloficial\" \/>\n<meta property=\"article:published_time\" content=\"2024-09-10T02:15:19+00:00\" \/>\n<meta property=\"article:modified_time\" content=\"2024-09-10T02:15:20+00:00\" \/>\n<meta property=\"og:image\" content=\"https:\/\/www.vagadeempregorj.com.br\/wp-content\/uploads\/2024\/09\/image-8.png\" \/>\n\t<meta property=\"og:image:width\" content=\"1541\" \/>\n\t<meta property=\"og:image:height\" content=\"854\" \/>\n\t<meta property=\"og:image:type\" content=\"image\/png\" \/>\n<meta name=\"author\" content=\"Michele\" \/>\n<meta name=\"twitter:card\" content=\"summary_large_image\" \/>\n<meta name=\"twitter:label1\" content=\"Written by\" \/>\n\t<meta name=\"twitter:data1\" content=\"Michele\" \/>\n\t<meta name=\"twitter:label2\" content=\"Est. reading time\" \/>\n\t<meta name=\"twitter:data2\" content=\"4 \u062f\u0642\u0627\u0626\u0642\" \/>\n<script type=\"application\/ld+json\" class=\"yoast-schema-graph\">{\"@context\":\"https:\\\/\\\/schema.org\",\"@graph\":[{\"@type\":\"Article\",\"@id\":\"https:\\\/\\\/www.vagadeempregorj.com.br\\\/camed-microcredito-38-vagas-de-emprego-abertas-pelo-pais\\\/#article\",\"isPartOf\":{\"@id\":\"https:\\\/\\\/www.vagadeempregorj.com.br\\\/camed-microcredito-38-vagas-de-emprego-abertas-pelo-pais\\\/\"},\"author\":{\"name\":\"Michele\",\"@id\":\"https:\\\/\\\/www.vagadeempregorj.com.br\\\/#\\\/schema\\\/person\\\/3ddb19fa0539706786e502152f3aae95\"},\"headline\":\"Camed Microcr\u00e9dito: 38 vagas de emprego abertas pelo pa\u00eds\",\"datePublished\":\"2024-09-10T02:15:19+00:00\",\"dateModified\":\"2024-09-10T02:15:20+00:00\",\"mainEntityOfPage\":{\"@id\":\"https:\\\/\\\/www.vagadeempregorj.com.br\\\/camed-microcredito-38-vagas-de-emprego-abertas-pelo-pais\\\/\"},\"wordCount\":869,\"image\":{\"@id\":\"https:\\\/\\\/www.vagadeempregorj.com.br\\\/camed-microcredito-38-vagas-de-emprego-abertas-pelo-pais\\\/#primaryimage\"},\"thumbnailUrl\":\"https:\\\/\\\/www.vagadeempregorj.com.br\\\/wp-content\\\/uploads\\\/2024\\\/09\\\/image-8.png\",\"keywords\":[\"empregos\",\"oportunidades\"],\"articleSection\":[\"Vagas de Emprego Nacionais\"],\"inLanguage\":\"ar\"},{\"@type\":\"WebPage\",\"@id\":\"https:\\\/\\\/www.vagadeempregorj.com.br\\\/camed-microcredito-38-vagas-de-emprego-abertas-pelo-pais\\\/\",\"url\":\"https:\\\/\\\/www.vagadeempregorj.com.br\\\/camed-microcredito-38-vagas-de-emprego-abertas-pelo-pais\\\/\",\"name\":\"Camed Microcr\u00e9dito: 38 vagas de emprego abertas pelo pa\u00eds -\",\"isPartOf\":{\"@id\":\"https:\\\/\\\/www.vagadeempregorj.com.br\\\/#website\"},\"primaryImageOfPage\":{\"@id\":\"https:\\\/\\\/www.vagadeempregorj.com.br\\\/camed-microcredito-38-vagas-de-emprego-abertas-pelo-pais\\\/#primaryimage\"},\"image\":{\"@id\":\"https:\\\/\\\/www.vagadeempregorj.com.br\\\/camed-microcredito-38-vagas-de-emprego-abertas-pelo-pais\\\/#primaryimage\"},\"thumbnailUrl\":\"https:\\\/\\\/www.vagadeempregorj.com.br\\\/wp-content\\\/uploads\\\/2024\\\/09\\\/image-8.png\",\"datePublished\":\"2024-09-10T02:15:19+00:00\",\"dateModified\":\"2024-09-10T02:15:20+00:00\",\"author\":{\"@id\":\"https:\\\/\\\/www.vagadeempregorj.com.br\\\/#\\\/schema\\\/person\\\/3ddb19fa0539706786e502152f3aae95\"},\"description\":\"Veja em Vagas de Emprego RJ as vagas de emprego com e sem experi\u00eancia no seu Estado e Regi\u00e3o!\",\"breadcrumb\":{\"@id\":\"https:\\\/\\\/www.vagadeempregorj.com.br\\\/camed-microcredito-38-vagas-de-emprego-abertas-pelo-pais\\\/#breadcrumb\"},\"inLanguage\":\"ar\",\"potentialAction\":[{\"@type\":\"ReadAction\",\"target\":[\"https:\\\/\\\/www.vagadeempregorj.com.br\\\/camed-microcredito-38-vagas-de-emprego-abertas-pelo-pais\\\/\"]}]},{\"@type\":\"ImageObject\",\"inLanguage\":\"ar\",\"@id\":\"https:\\\/\\\/www.vagadeempregorj.com.br\\\/camed-microcredito-38-vagas-de-emprego-abertas-pelo-pais\\\/#primaryimage\",\"url\":\"https:\\\/\\\/www.vagadeempregorj.com.br\\\/wp-content\\\/uploads\\\/2024\\\/09\\\/image-8.png\",\"contentUrl\":\"https:\\\/\\\/www.vagadeempregorj.com.br\\\/wp-content\\\/uploads\\\/2024\\\/09\\\/image-8.png\",\"width\":1541,\"height\":854,\"caption\":\"Camed Microcr\u00e9dito\"},{\"@type\":\"BreadcrumbList\",\"@id\":\"https:\\\/\\\/www.vagadeempregorj.com.br\\\/camed-microcredito-38-vagas-de-emprego-abertas-pelo-pais\\\/#breadcrumb\",\"itemListElement\":[{\"@type\":\"ListItem\",\"position\":1,\"name\":\"In\u00edcio\",\"item\":\"https:\\\/\\\/www.vagadeempregorj.com.br\\\/\"},{\"@type\":\"ListItem\",\"position\":2,\"name\":\"Vagas de Emprego Nacionais\",\"item\":\"https:\\\/\\\/www.vagadeempregorj.com.br\\\/vagas-de-emprego-nacionais\\\/\"},{\"@type\":\"ListItem\",\"position\":3,\"name\":\"Camed Microcr\u00e9dito: 38 vagas de emprego abertas pelo pa\u00eds\"}]},{\"@type\":\"WebSite\",\"@id\":\"https:\\\/\\\/www.vagadeempregorj.com.br\\\/#website\",\"url\":\"https:\\\/\\\/www.vagadeempregorj.com.br\\\/\",\"name\":\"\",\"description\":\"Conquiste Sonhos: Vagas, Benef\u00edcios e Economia para Transformar Vidas e Alcan\u00e7ar Melhorias Cotidianas\",\"potentialAction\":[{\"@type\":\"SearchAction\",\"target\":{\"@type\":\"EntryPoint\",\"urlTemplate\":\"https:\\\/\\\/www.vagadeempregorj.com.br\\\/?s={search_term_string}\"},\"query-input\":{\"@type\":\"PropertyValueSpecification\",\"valueRequired\":true,\"valueName\":\"search_term_string\"}}],\"inLanguage\":\"ar\"},{\"@type\":\"Person\",\"@id\":\"https:\\\/\\\/www.vagadeempregorj.com.br\\\/#\\\/schema\\\/person\\\/3ddb19fa0539706786e502152f3aae95\",\"name\":\"Michele\",\"image\":{\"@type\":\"ImageObject\",\"inLanguage\":\"ar\",\"@id\":\"https:\\\/\\\/secure.gravatar.com\\\/avatar\\\/6b0eb9d22841282815e2cd856a0061c45e1761cd54b22e952d98c4746939aa85?s=96&r=g\",\"url\":\"https:\\\/\\\/secure.gravatar.com\\\/avatar\\\/6b0eb9d22841282815e2cd856a0061c45e1761cd54b22e952d98c4746939aa85?s=96&r=g\",\"contentUrl\":\"https:\\\/\\\/secure.gravatar.com\\\/avatar\\\/6b0eb9d22841282815e2cd856a0061c45e1761cd54b22e952d98c4746939aa85?s=96&r=g\",\"caption\":\"Michele\"},\"description\":\"Formada em Letras - Portugu\u00eas\\\/ Ingl\u00eas, e idealizadora do site Escritora de Sucesso, busca expandir o conhecimento de todos com informa\u00e7\u00f5es relevantes sobre diversos assuntos, enquanto redatora. No Vaga de Emprego RJ, traz oportunidades e dicas sobre o mercado de trabalho.\",\"url\":\"https:\\\/\\\/www.vagadeempregorj.com.br\\\/ar\\\/author\\\/michele\\\/\"}]}<\/script>\n<!-- \/ Yoast SEO plugin. -->","yoast_head_json":{"title":"Camed Microcr\u00e9dito: 38 vagas de emprego abertas pelo pa\u00eds -","description":"Veja em Vagas de Emprego RJ as vagas de emprego com e sem experi\u00eancia no seu Estado e Regi\u00e3o!","robots":{"index":"index","follow":"follow","max-snippet":"max-snippet:-1","max-image-preview":"max-image-preview:large","max-video-preview":"max-video-preview:-1"},"canonical":"https:\/\/www.vagadeempregorj.com.br\/ar\/camed-microcredito-38-vagas-de-emprego-abertas-pelo-pais\/","og_locale":"ar_AR","og_type":"article","og_title":"Camed Microcr\u00e9dito: 38 vagas de emprego abertas pelo pa\u00eds -","og_description":"Veja em Vagas de Emprego RJ as vagas de emprego com e sem experi\u00eancia no seu Estado e Regi\u00e3o!","og_url":"https:\/\/www.vagadeempregorj.com.br\/ar\/camed-microcredito-38-vagas-de-emprego-abertas-pelo-pais\/","article_publisher":"https:\/\/www.facebook.com\/empregobrasiloficial","article_published_time":"2024-09-10T02:15:19+00:00","article_modified_time":"2024-09-10T02:15:20+00:00","og_image":[{"width":1541,"height":854,"url":"https:\/\/www.vagadeempregorj.com.br\/wp-content\/uploads\/2024\/09\/image-8.png","type":"image\/png"}],"author":"Michele","twitter_card":"summary_large_image","twitter_misc":{"Written by":"Michele","Est. reading time":"4 \u062f\u0642\u0627\u0626\u0642"},"schema":{"@context":"https:\/\/schema.org","@graph":[{"@type":"Article","@id":"https:\/\/www.vagadeempregorj.com.br\/camed-microcredito-38-vagas-de-emprego-abertas-pelo-pais\/#article","isPartOf":{"@id":"https:\/\/www.vagadeempregorj.com.br\/camed-microcredito-38-vagas-de-emprego-abertas-pelo-pais\/"},"author":{"name":"Michele","@id":"https:\/\/www.vagadeempregorj.com.br\/#\/schema\/person\/3ddb19fa0539706786e502152f3aae95"},"headline":"Camed Microcr\u00e9dito: 38 vagas de emprego abertas pelo pa\u00eds","datePublished":"2024-09-10T02:15:19+00:00","dateModified":"2024-09-10T02:15:20+00:00","mainEntityOfPage":{"@id":"https:\/\/www.vagadeempregorj.com.br\/camed-microcredito-38-vagas-de-emprego-abertas-pelo-pais\/"},"wordCount":869,"image":{"@id":"https:\/\/www.vagadeempregorj.com.br\/camed-microcredito-38-vagas-de-emprego-abertas-pelo-pais\/#primaryimage"},"thumbnailUrl":"https:\/\/www.vagadeempregorj.com.br\/wp-content\/uploads\/2024\/09\/image-8.png","keywords":["empregos","oportunidades"],"articleSection":["Vagas de Emprego Nacionais"],"inLanguage":"ar"},{"@type":"WebPage","@id":"https:\/\/www.vagadeempregorj.com.br\/camed-microcredito-38-vagas-de-emprego-abertas-pelo-pais\/","url":"https:\/\/www.vagadeempregorj.com.br\/camed-microcredito-38-vagas-de-emprego-abertas-pelo-pais\/","name":"Camed Microcr\u00e9dito: 38 vagas de emprego abertas pelo pa\u00eds -","isPartOf":{"@id":"https:\/\/www.vagadeempregorj.com.br\/#website"},"primaryImageOfPage":{"@id":"https:\/\/www.vagadeempregorj.com.br\/camed-microcredito-38-vagas-de-emprego-abertas-pelo-pais\/#primaryimage"},"image":{"@id":"https:\/\/www.vagadeempregorj.com.br\/camed-microcredito-38-vagas-de-emprego-abertas-pelo-pais\/#primaryimage"},"thumbnailUrl":"https:\/\/www.vagadeempregorj.com.br\/wp-content\/uploads\/2024\/09\/image-8.png","datePublished":"2024-09-10T02:15:19+00:00","dateModified":"2024-09-10T02:15:20+00:00","author":{"@id":"https:\/\/www.vagadeempregorj.com.br\/#\/schema\/person\/3ddb19fa0539706786e502152f3aae95"},"description":"Veja em Vagas de Emprego RJ as vagas de emprego com e sem experi\u00eancia no seu Estado e Regi\u00e3o!","breadcrumb":{"@id":"https:\/\/www.vagadeempregorj.com.br\/camed-microcredito-38-vagas-de-emprego-abertas-pelo-pais\/#breadcrumb"},"inLanguage":"ar","potentialAction":[{"@type":"ReadAction","target":["https:\/\/www.vagadeempregorj.com.br\/camed-microcredito-38-vagas-de-emprego-abertas-pelo-pais\/"]}]},{"@type":"ImageObject","inLanguage":"ar","@id":"https:\/\/www.vagadeempregorj.com.br\/camed-microcredito-38-vagas-de-emprego-abertas-pelo-pais\/#primaryimage","url":"https:\/\/www.vagadeempregorj.com.br\/wp-content\/uploads\/2024\/09\/image-8.png","contentUrl":"https:\/\/www.vagadeempregorj.com.br\/wp-content\/uploads\/2024\/09\/image-8.png","width":1541,"height":854,"caption":"Camed Microcr\u00e9dito"},{"@type":"BreadcrumbList","@id":"https:\/\/www.vagadeempregorj.com.br\/camed-microcredito-38-vagas-de-emprego-abertas-pelo-pais\/#breadcrumb","itemListElement":[{"@type":"ListItem","position":1,"name":"In\u00edcio","item":"https:\/\/www.vagadeempregorj.com.br\/"},{"@type":"ListItem","position":2,"name":"Vagas de Emprego Nacionais","item":"https:\/\/www.vagadeempregorj.com.br\/vagas-de-emprego-nacionais\/"},{"@type":"ListItem","position":3,"name":"Camed Microcr\u00e9dito: 38 vagas de emprego abertas pelo pa\u00eds"}]},{"@type":"WebSite","@id":"https:\/\/www.vagadeempregorj.com.br\/#website","url":"https:\/\/www.vagadeempregorj.com.br\/","name":"","description":"Conquiste Sonhos: Vagas, Benef\u00edcios e Economia para Transformar Vidas e Alcan\u00e7ar Melhorias Cotidianas","potentialAction":[{"@type":"SearchAction","target":{"@type":"EntryPoint","urlTemplate":"https:\/\/www.vagadeempregorj.com.br\/?s={search_term_string}"},"query-input":{"@type":"PropertyValueSpecification","valueRequired":true,"valueName":"search_term_string"}}],"inLanguage":"ar"},{"@type":"Person","@id":"https:\/\/www.vagadeempregorj.com.br\/#\/schema\/person\/3ddb19fa0539706786e502152f3aae95","name":"Michele","image":{"@type":"ImageObject","inLanguage":"ar","@id":"https:\/\/secure.gravatar.com\/avatar\/6b0eb9d22841282815e2cd856a0061c45e1761cd54b22e952d98c4746939aa85?s=96&r=g","url":"https:\/\/secure.gravatar.com\/avatar\/6b0eb9d22841282815e2cd856a0061c45e1761cd54b22e952d98c4746939aa85?s=96&r=g","contentUrl":"https:\/\/secure.gravatar.com\/avatar\/6b0eb9d22841282815e2cd856a0061c45e1761cd54b22e952d98c4746939aa85?s=96&r=g","caption":"Michele"},"description":"Formada em Letras - Portugu\u00eas\/ Ingl\u00eas, e idealizadora do site Escritora de Sucesso, busca expandir o conhecimento de todos com informa\u00e7\u00f5es relevantes sobre diversos assuntos, enquanto redatora. No Vaga de Emprego RJ, traz oportunidades e dicas sobre o mercado de trabalho.","url":"https:\/\/www.vagadeempregorj.com.br\/ar\/author\/michele\/"}]}},"_links":{"self":[{"href":"https:\/\/www.vagadeempregorj.com.br\/ar\/wp-json\/wp\/v2\/posts\/40668","targetHints":{"allow":["GET"]}}],"collection":[{"href":"https:\/\/www.vagadeempregorj.com.br\/ar\/wp-json\/wp\/v2\/posts"}],"about":[{"href":"https:\/\/www.vagadeempregorj.com.br\/ar\/wp-json\/wp\/v2\/types\/post"}],"author":[{"embeddable":true,"href":"https:\/\/www.vagadeempregorj.com.br\/ar\/wp-json\/wp\/v2\/users\/16"}],"replies":[{"embeddable":true,"href":"https:\/\/www.vagadeempregorj.com.br\/ar\/wp-json\/wp\/v2\/comments?post=40668"}],"version-history":[{"count":0,"href":"https:\/\/www.vagadeempregorj.com.br\/ar\/wp-json\/wp\/v2\/posts\/40668\/revisions"}],"wp:featuredmedia":[{"embeddable":true,"href":"https:\/\/www.vagadeempregorj.com.br\/ar\/wp-json\/wp\/v2\/media\/40669"}],"wp:attachment":[{"href":"https:\/\/www.vagadeempregorj.com.br\/ar\/wp-json\/wp\/v2\/media?parent=40668"}],"wp:term":[{"taxonomy":"category","embeddable":true,"href":"https:\/\/www.vagadeempregorj.com.br\/ar\/wp-json\/wp\/v2\/categories?post=40668"},{"taxonomy":"post_tag","embeddable":true,"href":"https:\/\/www.vagadeempregorj.com.br\/ar\/wp-json\/wp\/v2\/tags?post=40668"}],"curies":[{"name":"wp","href":"https:\/\/api.w.org\/{rel}","templated":true}]}}