{"id":40733,"date":"2024-09-14T17:24:29","date_gmt":"2024-09-14T20:24:29","guid":{"rendered":"https:\/\/www.vagadeempregorj.com.br\/?p=40733"},"modified":"2024-09-14T17:24:31","modified_gmt":"2024-09-14T20:24:31","slug":"inpasa-brasil-187-vagas-de-emprego-abertas-pelo-pais","status":"publish","type":"post","link":"https:\/\/www.vagadeempregorj.com.br\/ar\/inpasa-brasil-187-vagas-de-emprego-abertas-pelo-pais\/","title":{"rendered":"Inpasa Brasil: 187 vagas de EMPREGO abertas pelo pa\u00eds"},"content":{"rendered":"<p>A <strong>Inpasa Brasil<\/strong>, uma das maiores produtoras de etanol do pa\u00eds, est\u00e1 com 187 vagas de emprego abertas em diversas regi\u00f5es. A empresa, que tem se destacado no setor de biocombust\u00edveis, oferece oportunidades para profissionais de diferentes n\u00edveis de experi\u00eancia e \u00e1reas de atua\u00e7\u00e3o.<\/p>\n\n\n\n<h2 class=\"wp-block-heading\"><strong>Quais s\u00e3o as vagas de emprego abertas pela Inpasa Brasil?<\/strong><\/h2>\n\n\n\n<p>A Inpasa Brasil est\u00e1 com vagas abertas para diferentes \u00e1reas e n\u00edveis de forma\u00e7\u00e3o. De cargos t\u00e9cnicos a posi\u00e7\u00f5es de lideran\u00e7a, a empresa busca profissionais dispostos a contribuir com sua miss\u00e3o de promover a produ\u00e7\u00e3o sustent\u00e1vel de biocombust\u00edveis. Abaixo, listamos alguns dos cargos dispon\u00edveis.<\/p>\n\n\n\n<figure class=\"wp-block-image size-large\"><img loading=\"lazy\" decoding=\"async\" width=\"1024\" height=\"683\" src=\"https:\/\/www.vagadeempregorj.com.br\/wp-content\/uploads\/2024\/09\/image-14-1024x683.png\" alt=\"\" class=\"wp-image-40740\" srcset=\"https:\/\/www.vagadeempregorj.com.br\/wp-content\/uploads\/2024\/09\/image-14-1024x683.png 1024w, https:\/\/www.vagadeempregorj.com.br\/wp-content\/uploads\/2024\/09\/image-14-300x200.png 300w, https:\/\/www.vagadeempregorj.com.br\/wp-content\/uploads\/2024\/09\/image-14-768x512.png 768w, https:\/\/www.vagadeempregorj.com.br\/wp-content\/uploads\/2024\/09\/image-14-1536x1024.png 1536w, https:\/\/www.vagadeempregorj.com.br\/wp-content\/uploads\/2024\/09\/image-14-150x100.png 150w, https:\/\/www.vagadeempregorj.com.br\/wp-content\/uploads\/2024\/09\/image-14.png 1920w\" sizes=\"auto, (max-width: 1024px) 100vw, 1024px\" \/><\/figure>\n\n\n\n<h3 class=\"wp-block-heading\"><strong>Operador de Produ\u00e7\u00e3o<\/strong><\/h3>\n\n\n\n<p>Respons\u00e1vel por monitorar e operar equipamentos na linha de produ\u00e7\u00e3o, o Operador de Produ\u00e7\u00e3o \u00e9 pe\u00e7a-chave para garantir o bom funcionamento da planta de etanol. Esse profissional atua diretamente no controle de m\u00e1quinas, realizando ajustes e garantindo a efici\u00eancia do processo produtivo.<\/p>\n\n\n\n<ul class=\"wp-block-list\">\n<li><strong>Local de trabalho:<\/strong> diversas regi\u00f5es<\/li>\n\n\n\n<li><strong>Requisitos:<\/strong> ensino m\u00e9dio completo, experi\u00eancia em opera\u00e7\u00f5es industriais \u00e9 um diferencial<\/li>\n\n\n\n<li><strong>Benef\u00edcios:<\/strong> sal\u00e1rio compat\u00edvel com o mercado, plano de sa\u00fade, vale-alimenta\u00e7\u00e3o<\/li>\n<\/ul>\n\n\n\n<h3 class=\"wp-block-heading\"><strong>Analista de Qualidade<\/strong><\/h3>\n\n\n\n<p>O Analista de Qualidade tem a miss\u00e3o de assegurar que os padr\u00f5es de qualidade sejam mantidos em todas as etapas de produ\u00e7\u00e3o. Este profissional realiza auditorias internas e externas, al\u00e9m de trabalhar diretamente com a equipe de produ\u00e7\u00e3o para corrigir poss\u00edveis falhas.<\/p>\n\n\n\n<ul class=\"wp-block-list\">\n<li><strong>Local de trabalho:<\/strong> regi\u00f5es com plantas industriais da Inpasa<\/li>\n\n\n\n<li><strong>Requisitos:<\/strong> ensino superior em Qu\u00edmica, Engenharia ou \u00e1reas correlatas, experi\u00eancia na \u00e1rea<\/li>\n\n\n\n<li><strong>Benef\u00edcios:<\/strong> plano de sa\u00fade, aux\u00edlio-transporte, seguro de vida<\/li>\n<\/ul>\n\n\n\n<h3 class=\"wp-block-heading\"><strong>T\u00e9cnico de Manuten\u00e7\u00e3o<\/strong><\/h3>\n\n\n\n<p>O T\u00e9cnico de Manuten\u00e7\u00e3o \u00e9 respons\u00e1vel pela manuten\u00e7\u00e3o preventiva e corretiva de equipamentos, garantindo que a planta de produ\u00e7\u00e3o opere de forma cont\u00ednua e segura. Esse profissional realiza diagn\u00f3sticos de falhas e prop\u00f5e melhorias nos processos de manuten\u00e7\u00e3o.<\/p>\n\n\n\n<ul class=\"wp-block-list\">\n<li><strong>Local de trabalho:<\/strong> plantas da Inpasa no Brasil<\/li>\n\n\n\n<li><strong>Requisitos:<\/strong> curso t\u00e9cnico em Mec\u00e2nica, Eletromec\u00e2nica ou \u00e1reas afins, experi\u00eancia em manuten\u00e7\u00e3o industrial<\/li>\n\n\n\n<li><strong>Benef\u00edcios:<\/strong> assist\u00eancia m\u00e9dica, vale-refei\u00e7\u00e3o, plano de carreira<\/li>\n<\/ul>\n\n\n\n<h3 class=\"wp-block-heading\"><strong>Coordenador de Log\u00edstica<\/strong><\/h3>\n\n\n\n<p>O Coordenador de Log\u00edstica gerencia toda a cadeia de suprimentos, desde a compra de mat\u00e9rias-primas at\u00e9 a distribui\u00e7\u00e3o final dos produtos. Seu papel \u00e9 garantir que a opera\u00e7\u00e3o log\u00edstica seja eficiente, reduzindo custos e otimizando prazos.<\/p>\n\n\n\n<ul class=\"wp-block-list\">\n<li><strong>Local de trabalho:<\/strong> centros de distribui\u00e7\u00e3o e f\u00e1bricas da Inpasa<\/li>\n\n\n\n<li><strong>Requisitos:<\/strong> ensino superior em Log\u00edstica, Administra\u00e7\u00e3o ou \u00e1reas correlatas, experi\u00eancia em cargos de lideran\u00e7a<\/li>\n\n\n\n<li><strong>Benef\u00edcios:<\/strong> plano de sa\u00fade, b\u00f4nus por desempenho, vale-refei\u00e7\u00e3o<\/li>\n<\/ul>\n\n\n\n<h3 class=\"wp-block-heading\"><strong>Engenheiro de Produ\u00e7\u00e3o<\/strong><\/h3>\n\n\n\n<p>Este profissional \u00e9 respons\u00e1vel por planejar e otimizar os processos de produ\u00e7\u00e3o, buscando sempre melhorias que aumentem a efici\u00eancia e reduzam os custos. O Engenheiro de Produ\u00e7\u00e3o tamb\u00e9m atua diretamente na implementa\u00e7\u00e3o de novas tecnologias.<\/p>\n\n\n\n<ul class=\"wp-block-list\">\n<li><strong>Local de trabalho:<\/strong> plantas industriais da Inpasa<\/li>\n\n\n\n<li><strong>Requisitos:<\/strong> gradua\u00e7\u00e3o em Engenharia de Produ\u00e7\u00e3o, experi\u00eancia em ind\u00fastrias de grande porte<\/li>\n\n\n\n<li><strong>Benef\u00edcios:<\/strong> participa\u00e7\u00e3o nos lucros, plano de sa\u00fade, plano odontol\u00f3gico<\/li>\n<\/ul>\n\n\n\n<h2 class=\"wp-block-heading\"><strong>Como se candidatar?<\/strong><\/h2>\n\n\n\n<p>Candidatar-se a uma das vagas da Inpasa Brasil \u00e9 um processo simples e acess\u00edvel. A empresa utiliza a plataforma Gupy para gerenciar as inscri\u00e7\u00f5es e selecionar os melhores talentos para suas vagas.<\/p>\n\n\n\n<p>Se voc\u00ea ficou interessado em alguma das oportunidades, siga os passos abaixo para se candidatar:<\/p>\n\n\n\n<ul class=\"wp-block-list\">\n<li>Copie e cole o endere\u00e7o <strong>inpasa.gupy.io<\/strong> em seu navegador.<\/li>\n\n\n\n<li>Acesse a p\u00e1gina e encontre uma oportunidade que se encaixe com seu perfil.<\/li>\n\n\n\n<li>Cadastre seu curr\u00edculo e preencha as informa\u00e7\u00f5es solicitadas no formul\u00e1rio.<\/li>\n\n\n\n<li>Aguarde o retorno da empresa para os pr\u00f3ximos passos do processo seletivo.<\/li>\n<\/ul>\n\n\n\n<p>\u00c9 importante destacar que a Inpasa Brasil valoriza a diversidade e a inclus\u00e3o em seu processo seletivo, promovendo um ambiente de trabalho saud\u00e1vel e colaborativo. Al\u00e9m disso, a empresa oferece oportunidades para o desenvolvimento cont\u00ednuo dos seus colaboradores, com programas de capacita\u00e7\u00e3o e crescimento interno.<\/p>\n\n\n\n<p>Se voc\u00ea est\u00e1 em busca de uma empresa s\u00f3lida, com uma vis\u00e3o sustent\u00e1vel e comprometida com a inova\u00e7\u00e3o, esta \u00e9 a sua chance de fazer parte da Inpasa Brasil. Boa sorte na sua candidatura!<\/p>\n\n\n\n<p><strong>Veja tamb\u00e9m: <a href=\"https:\/\/www.vagadeempregorj.com.br\/ar\/decathlon-149-vagas-de-emprego-abertas-pelo-pais\/\">Decathlon: 149 vagas de emprego abertas pelo pa\u00eds<\/a><\/strong><\/p>\n\n\n\n<p>14 de setembro de 2024<\/p>","protected":false},"excerpt":{"rendered":"<p>A Inpasa Brasil, uma das maiores produtoras de etanol do pa\u00eds, est\u00e1 com 187 vagas de emprego abertas em diversas regi\u00f5es. A empresa, que tem se destacado no setor de biocombust\u00edveis, oferece oportunidades para profissionais de diferentes n\u00edveis de experi\u00eancia e \u00e1reas de atua\u00e7\u00e3o. Quais s\u00e3o as vagas de emprego abertas pela Inpasa Brasil? A&hellip;&nbsp;<\/p>","protected":false},"author":16,"featured_media":40740,"comment_status":"closed","ping_status":"closed","sticky":false,"template":"","format":"standard","meta":{"neve_meta_sidebar":"","neve_meta_container":"","neve_meta_enable_content_width":"","neve_meta_content_width":0,"neve_meta_title_alignment":"","neve_meta_author_avatar":"","neve_post_elements_order":"","neve_meta_disable_header":"","neve_meta_disable_footer":"","neve_meta_disable_title":"","footnotes":""},"categories":[123],"tags":[],"class_list":["post-40733","post","type-post","status-publish","format-standard","has-post-thumbnail","hentry","category-vagas-de-emprego-nacionais"],"yoast_head":"<!-- This site is optimized with the Yoast SEO plugin v27.5 - https:\/\/yoast.com\/product\/yoast-seo-wordpress\/ -->\n<title>Inpasa Brasil: 187 vagas de EMPREGO abertas pelo pa\u00eds -<\/title>\n<meta name=\"description\" content=\"Veja em Vagas de Emprego RJ as vagas de emprego com e sem experi\u00eancia no seu Estado e Regi\u00e3o!\" \/>\n<meta name=\"robots\" content=\"index, follow, max-snippet:-1, max-image-preview:large, max-video-preview:-1\" \/>\n<link rel=\"canonical\" href=\"https:\/\/www.vagadeempregorj.com.br\/ar\/inpasa-brasil-187-vagas-de-emprego-abertas-pelo-pais\/\" \/>\n<meta property=\"og:locale\" content=\"ar_AR\" \/>\n<meta property=\"og:type\" content=\"article\" \/>\n<meta property=\"og:title\" content=\"Inpasa Brasil: 187 vagas de EMPREGO abertas pelo pa\u00eds -\" \/>\n<meta property=\"og:description\" content=\"Veja em Vagas de Emprego RJ as vagas de emprego com e sem experi\u00eancia no seu Estado e Regi\u00e3o!\" \/>\n<meta property=\"og:url\" content=\"https:\/\/www.vagadeempregorj.com.br\/ar\/inpasa-brasil-187-vagas-de-emprego-abertas-pelo-pais\/\" \/>\n<meta property=\"article:publisher\" content=\"https:\/\/www.facebook.com\/empregobrasiloficial\" \/>\n<meta property=\"article:published_time\" content=\"2024-09-14T20:24:29+00:00\" \/>\n<meta property=\"article:modified_time\" content=\"2024-09-14T20:24:31+00:00\" \/>\n<meta property=\"og:image\" content=\"https:\/\/www.vagadeempregorj.com.br\/wp-content\/uploads\/2024\/09\/image-14-1024x683.png\" \/>\n\t<meta property=\"og:image:width\" content=\"1024\" \/>\n\t<meta property=\"og:image:height\" content=\"683\" \/>\n\t<meta property=\"og:image:type\" content=\"image\/png\" \/>\n<meta name=\"author\" content=\"Michele\" \/>\n<meta name=\"twitter:card\" content=\"summary_large_image\" \/>\n<meta name=\"twitter:label1\" content=\"Written by\" \/>\n\t<meta name=\"twitter:data1\" content=\"Michele\" \/>\n\t<meta name=\"twitter:label2\" content=\"Est. reading time\" \/>\n\t<meta name=\"twitter:data2\" content=\"4 \u062f\u0642\u0627\u0626\u0642\" \/>\n<script type=\"application\/ld+json\" class=\"yoast-schema-graph\">{\"@context\":\"https:\\\/\\\/schema.org\",\"@graph\":[{\"@type\":\"Article\",\"@id\":\"https:\\\/\\\/www.vagadeempregorj.com.br\\\/inpasa-brasil-187-vagas-de-emprego-abertas-pelo-pais\\\/#article\",\"isPartOf\":{\"@id\":\"https:\\\/\\\/www.vagadeempregorj.com.br\\\/inpasa-brasil-187-vagas-de-emprego-abertas-pelo-pais\\\/\"},\"author\":{\"name\":\"Michele\",\"@id\":\"https:\\\/\\\/www.vagadeempregorj.com.br\\\/#\\\/schema\\\/person\\\/3ddb19fa0539706786e502152f3aae95\"},\"headline\":\"Inpasa Brasil: 187 vagas de EMPREGO abertas pelo pa\u00eds\",\"datePublished\":\"2024-09-14T20:24:29+00:00\",\"dateModified\":\"2024-09-14T20:24:31+00:00\",\"mainEntityOfPage\":{\"@id\":\"https:\\\/\\\/www.vagadeempregorj.com.br\\\/inpasa-brasil-187-vagas-de-emprego-abertas-pelo-pais\\\/\"},\"wordCount\":751,\"image\":{\"@id\":\"https:\\\/\\\/www.vagadeempregorj.com.br\\\/inpasa-brasil-187-vagas-de-emprego-abertas-pelo-pais\\\/#primaryimage\"},\"thumbnailUrl\":\"https:\\\/\\\/www.vagadeempregorj.com.br\\\/wp-content\\\/uploads\\\/2024\\\/09\\\/image-14.png\",\"articleSection\":[\"Vagas de Emprego Nacionais\"],\"inLanguage\":\"ar\"},{\"@type\":\"WebPage\",\"@id\":\"https:\\\/\\\/www.vagadeempregorj.com.br\\\/inpasa-brasil-187-vagas-de-emprego-abertas-pelo-pais\\\/\",\"url\":\"https:\\\/\\\/www.vagadeempregorj.com.br\\\/inpasa-brasil-187-vagas-de-emprego-abertas-pelo-pais\\\/\",\"name\":\"Inpasa Brasil: 187 vagas de EMPREGO abertas pelo pa\u00eds -\",\"isPartOf\":{\"@id\":\"https:\\\/\\\/www.vagadeempregorj.com.br\\\/#website\"},\"primaryImageOfPage\":{\"@id\":\"https:\\\/\\\/www.vagadeempregorj.com.br\\\/inpasa-brasil-187-vagas-de-emprego-abertas-pelo-pais\\\/#primaryimage\"},\"image\":{\"@id\":\"https:\\\/\\\/www.vagadeempregorj.com.br\\\/inpasa-brasil-187-vagas-de-emprego-abertas-pelo-pais\\\/#primaryimage\"},\"thumbnailUrl\":\"https:\\\/\\\/www.vagadeempregorj.com.br\\\/wp-content\\\/uploads\\\/2024\\\/09\\\/image-14.png\",\"datePublished\":\"2024-09-14T20:24:29+00:00\",\"dateModified\":\"2024-09-14T20:24:31+00:00\",\"author\":{\"@id\":\"https:\\\/\\\/www.vagadeempregorj.com.br\\\/#\\\/schema\\\/person\\\/3ddb19fa0539706786e502152f3aae95\"},\"description\":\"Veja em Vagas de Emprego RJ as vagas de emprego com e sem experi\u00eancia no seu Estado e Regi\u00e3o!\",\"breadcrumb\":{\"@id\":\"https:\\\/\\\/www.vagadeempregorj.com.br\\\/inpasa-brasil-187-vagas-de-emprego-abertas-pelo-pais\\\/#breadcrumb\"},\"inLanguage\":\"ar\",\"potentialAction\":[{\"@type\":\"ReadAction\",\"target\":[\"https:\\\/\\\/www.vagadeempregorj.com.br\\\/inpasa-brasil-187-vagas-de-emprego-abertas-pelo-pais\\\/\"]}]},{\"@type\":\"ImageObject\",\"inLanguage\":\"ar\",\"@id\":\"https:\\\/\\\/www.vagadeempregorj.com.br\\\/inpasa-brasil-187-vagas-de-emprego-abertas-pelo-pais\\\/#primaryimage\",\"url\":\"https:\\\/\\\/www.vagadeempregorj.com.br\\\/wp-content\\\/uploads\\\/2024\\\/09\\\/image-14.png\",\"contentUrl\":\"https:\\\/\\\/www.vagadeempregorj.com.br\\\/wp-content\\\/uploads\\\/2024\\\/09\\\/image-14.png\",\"width\":1920,\"height\":1280},{\"@type\":\"BreadcrumbList\",\"@id\":\"https:\\\/\\\/www.vagadeempregorj.com.br\\\/inpasa-brasil-187-vagas-de-emprego-abertas-pelo-pais\\\/#breadcrumb\",\"itemListElement\":[{\"@type\":\"ListItem\",\"position\":1,\"name\":\"In\u00edcio\",\"item\":\"https:\\\/\\\/www.vagadeempregorj.com.br\\\/\"},{\"@type\":\"ListItem\",\"position\":2,\"name\":\"Vagas de Emprego Nacionais\",\"item\":\"https:\\\/\\\/www.vagadeempregorj.com.br\\\/vagas-de-emprego-nacionais\\\/\"},{\"@type\":\"ListItem\",\"position\":3,\"name\":\"Inpasa Brasil: 187 vagas de EMPREGO abertas pelo pa\u00eds\"}]},{\"@type\":\"WebSite\",\"@id\":\"https:\\\/\\\/www.vagadeempregorj.com.br\\\/#website\",\"url\":\"https:\\\/\\\/www.vagadeempregorj.com.br\\\/\",\"name\":\"\",\"description\":\"Conquiste Sonhos: Vagas, Benef\u00edcios e Economia para Transformar Vidas e Alcan\u00e7ar Melhorias Cotidianas\",\"potentialAction\":[{\"@type\":\"SearchAction\",\"target\":{\"@type\":\"EntryPoint\",\"urlTemplate\":\"https:\\\/\\\/www.vagadeempregorj.com.br\\\/?s={search_term_string}\"},\"query-input\":{\"@type\":\"PropertyValueSpecification\",\"valueRequired\":true,\"valueName\":\"search_term_string\"}}],\"inLanguage\":\"ar\"},{\"@type\":\"Person\",\"@id\":\"https:\\\/\\\/www.vagadeempregorj.com.br\\\/#\\\/schema\\\/person\\\/3ddb19fa0539706786e502152f3aae95\",\"name\":\"Michele\",\"image\":{\"@type\":\"ImageObject\",\"inLanguage\":\"ar\",\"@id\":\"https:\\\/\\\/secure.gravatar.com\\\/avatar\\\/6b0eb9d22841282815e2cd856a0061c45e1761cd54b22e952d98c4746939aa85?s=96&r=g\",\"url\":\"https:\\\/\\\/secure.gravatar.com\\\/avatar\\\/6b0eb9d22841282815e2cd856a0061c45e1761cd54b22e952d98c4746939aa85?s=96&r=g\",\"contentUrl\":\"https:\\\/\\\/secure.gravatar.com\\\/avatar\\\/6b0eb9d22841282815e2cd856a0061c45e1761cd54b22e952d98c4746939aa85?s=96&r=g\",\"caption\":\"Michele\"},\"description\":\"Formada em Letras - Portugu\u00eas\\\/ Ingl\u00eas, e idealizadora do site Escritora de Sucesso, busca expandir o conhecimento de todos com informa\u00e7\u00f5es relevantes sobre diversos assuntos, enquanto redatora. No Vaga de Emprego RJ, traz oportunidades e dicas sobre o mercado de trabalho.\",\"url\":\"https:\\\/\\\/www.vagadeempregorj.com.br\\\/ar\\\/author\\\/michele\\\/\"}]}<\/script>\n<!-- \/ Yoast SEO plugin. -->","yoast_head_json":{"title":"Inpasa Brasil: 187 vagas de EMPREGO abertas pelo pa\u00eds -","description":"Veja em Vagas de Emprego RJ as vagas de emprego com e sem experi\u00eancia no seu Estado e Regi\u00e3o!","robots":{"index":"index","follow":"follow","max-snippet":"max-snippet:-1","max-image-preview":"max-image-preview:large","max-video-preview":"max-video-preview:-1"},"canonical":"https:\/\/www.vagadeempregorj.com.br\/ar\/inpasa-brasil-187-vagas-de-emprego-abertas-pelo-pais\/","og_locale":"ar_AR","og_type":"article","og_title":"Inpasa Brasil: 187 vagas de EMPREGO abertas pelo pa\u00eds -","og_description":"Veja em Vagas de Emprego RJ as vagas de emprego com e sem experi\u00eancia no seu Estado e Regi\u00e3o!","og_url":"https:\/\/www.vagadeempregorj.com.br\/ar\/inpasa-brasil-187-vagas-de-emprego-abertas-pelo-pais\/","article_publisher":"https:\/\/www.facebook.com\/empregobrasiloficial","article_published_time":"2024-09-14T20:24:29+00:00","article_modified_time":"2024-09-14T20:24:31+00:00","og_image":[{"width":1024,"height":683,"url":"https:\/\/www.vagadeempregorj.com.br\/wp-content\/uploads\/2024\/09\/image-14-1024x683.png","type":"image\/png"}],"author":"Michele","twitter_card":"summary_large_image","twitter_misc":{"Written by":"Michele","Est. reading time":"4 \u062f\u0642\u0627\u0626\u0642"},"schema":{"@context":"https:\/\/schema.org","@graph":[{"@type":"Article","@id":"https:\/\/www.vagadeempregorj.com.br\/inpasa-brasil-187-vagas-de-emprego-abertas-pelo-pais\/#article","isPartOf":{"@id":"https:\/\/www.vagadeempregorj.com.br\/inpasa-brasil-187-vagas-de-emprego-abertas-pelo-pais\/"},"author":{"name":"Michele","@id":"https:\/\/www.vagadeempregorj.com.br\/#\/schema\/person\/3ddb19fa0539706786e502152f3aae95"},"headline":"Inpasa Brasil: 187 vagas de EMPREGO abertas pelo pa\u00eds","datePublished":"2024-09-14T20:24:29+00:00","dateModified":"2024-09-14T20:24:31+00:00","mainEntityOfPage":{"@id":"https:\/\/www.vagadeempregorj.com.br\/inpasa-brasil-187-vagas-de-emprego-abertas-pelo-pais\/"},"wordCount":751,"image":{"@id":"https:\/\/www.vagadeempregorj.com.br\/inpasa-brasil-187-vagas-de-emprego-abertas-pelo-pais\/#primaryimage"},"thumbnailUrl":"https:\/\/www.vagadeempregorj.com.br\/wp-content\/uploads\/2024\/09\/image-14.png","articleSection":["Vagas de Emprego Nacionais"],"inLanguage":"ar"},{"@type":"WebPage","@id":"https:\/\/www.vagadeempregorj.com.br\/inpasa-brasil-187-vagas-de-emprego-abertas-pelo-pais\/","url":"https:\/\/www.vagadeempregorj.com.br\/inpasa-brasil-187-vagas-de-emprego-abertas-pelo-pais\/","name":"Inpasa Brasil: 187 vagas de EMPREGO abertas pelo pa\u00eds -","isPartOf":{"@id":"https:\/\/www.vagadeempregorj.com.br\/#website"},"primaryImageOfPage":{"@id":"https:\/\/www.vagadeempregorj.com.br\/inpasa-brasil-187-vagas-de-emprego-abertas-pelo-pais\/#primaryimage"},"image":{"@id":"https:\/\/www.vagadeempregorj.com.br\/inpasa-brasil-187-vagas-de-emprego-abertas-pelo-pais\/#primaryimage"},"thumbnailUrl":"https:\/\/www.vagadeempregorj.com.br\/wp-content\/uploads\/2024\/09\/image-14.png","datePublished":"2024-09-14T20:24:29+00:00","dateModified":"2024-09-14T20:24:31+00:00","author":{"@id":"https:\/\/www.vagadeempregorj.com.br\/#\/schema\/person\/3ddb19fa0539706786e502152f3aae95"},"description":"Veja em Vagas de Emprego RJ as vagas de emprego com e sem experi\u00eancia no seu Estado e Regi\u00e3o!","breadcrumb":{"@id":"https:\/\/www.vagadeempregorj.com.br\/inpasa-brasil-187-vagas-de-emprego-abertas-pelo-pais\/#breadcrumb"},"inLanguage":"ar","potentialAction":[{"@type":"ReadAction","target":["https:\/\/www.vagadeempregorj.com.br\/inpasa-brasil-187-vagas-de-emprego-abertas-pelo-pais\/"]}]},{"@type":"ImageObject","inLanguage":"ar","@id":"https:\/\/www.vagadeempregorj.com.br\/inpasa-brasil-187-vagas-de-emprego-abertas-pelo-pais\/#primaryimage","url":"https:\/\/www.vagadeempregorj.com.br\/wp-content\/uploads\/2024\/09\/image-14.png","contentUrl":"https:\/\/www.vagadeempregorj.com.br\/wp-content\/uploads\/2024\/09\/image-14.png","width":1920,"height":1280},{"@type":"BreadcrumbList","@id":"https:\/\/www.vagadeempregorj.com.br\/inpasa-brasil-187-vagas-de-emprego-abertas-pelo-pais\/#breadcrumb","itemListElement":[{"@type":"ListItem","position":1,"name":"In\u00edcio","item":"https:\/\/www.vagadeempregorj.com.br\/"},{"@type":"ListItem","position":2,"name":"Vagas de Emprego Nacionais","item":"https:\/\/www.vagadeempregorj.com.br\/vagas-de-emprego-nacionais\/"},{"@type":"ListItem","position":3,"name":"Inpasa Brasil: 187 vagas de EMPREGO abertas pelo pa\u00eds"}]},{"@type":"WebSite","@id":"https:\/\/www.vagadeempregorj.com.br\/#website","url":"https:\/\/www.vagadeempregorj.com.br\/","name":"","description":"Conquiste Sonhos: Vagas, Benef\u00edcios e Economia para Transformar Vidas e Alcan\u00e7ar Melhorias Cotidianas","potentialAction":[{"@type":"SearchAction","target":{"@type":"EntryPoint","urlTemplate":"https:\/\/www.vagadeempregorj.com.br\/?s={search_term_string}"},"query-input":{"@type":"PropertyValueSpecification","valueRequired":true,"valueName":"search_term_string"}}],"inLanguage":"ar"},{"@type":"Person","@id":"https:\/\/www.vagadeempregorj.com.br\/#\/schema\/person\/3ddb19fa0539706786e502152f3aae95","name":"Michele","image":{"@type":"ImageObject","inLanguage":"ar","@id":"https:\/\/secure.gravatar.com\/avatar\/6b0eb9d22841282815e2cd856a0061c45e1761cd54b22e952d98c4746939aa85?s=96&r=g","url":"https:\/\/secure.gravatar.com\/avatar\/6b0eb9d22841282815e2cd856a0061c45e1761cd54b22e952d98c4746939aa85?s=96&r=g","contentUrl":"https:\/\/secure.gravatar.com\/avatar\/6b0eb9d22841282815e2cd856a0061c45e1761cd54b22e952d98c4746939aa85?s=96&r=g","caption":"Michele"},"description":"Formada em Letras - Portugu\u00eas\/ Ingl\u00eas, e idealizadora do site Escritora de Sucesso, busca expandir o conhecimento de todos com informa\u00e7\u00f5es relevantes sobre diversos assuntos, enquanto redatora. No Vaga de Emprego RJ, traz oportunidades e dicas sobre o mercado de trabalho.","url":"https:\/\/www.vagadeempregorj.com.br\/ar\/author\/michele\/"}]}},"_links":{"self":[{"href":"https:\/\/www.vagadeempregorj.com.br\/ar\/wp-json\/wp\/v2\/posts\/40733","targetHints":{"allow":["GET"]}}],"collection":[{"href":"https:\/\/www.vagadeempregorj.com.br\/ar\/wp-json\/wp\/v2\/posts"}],"about":[{"href":"https:\/\/www.vagadeempregorj.com.br\/ar\/wp-json\/wp\/v2\/types\/post"}],"author":[{"embeddable":true,"href":"https:\/\/www.vagadeempregorj.com.br\/ar\/wp-json\/wp\/v2\/users\/16"}],"replies":[{"embeddable":true,"href":"https:\/\/www.vagadeempregorj.com.br\/ar\/wp-json\/wp\/v2\/comments?post=40733"}],"version-history":[{"count":0,"href":"https:\/\/www.vagadeempregorj.com.br\/ar\/wp-json\/wp\/v2\/posts\/40733\/revisions"}],"wp:featuredmedia":[{"embeddable":true,"href":"https:\/\/www.vagadeempregorj.com.br\/ar\/wp-json\/wp\/v2\/media\/40740"}],"wp:attachment":[{"href":"https:\/\/www.vagadeempregorj.com.br\/ar\/wp-json\/wp\/v2\/media?parent=40733"}],"wp:term":[{"taxonomy":"category","embeddable":true,"href":"https:\/\/www.vagadeempregorj.com.br\/ar\/wp-json\/wp\/v2\/categories?post=40733"},{"taxonomy":"post_tag","embeddable":true,"href":"https:\/\/www.vagadeempregorj.com.br\/ar\/wp-json\/wp\/v2\/tags?post=40733"}],"curies":[{"name":"wp","href":"https:\/\/api.w.org\/{rel}","templated":true}]}}