{"id":40750,"date":"2024-09-19T06:00:00","date_gmt":"2024-09-19T09:00:00","guid":{"rendered":"https:\/\/www.vagadeempregorj.com.br\/?p=40750"},"modified":"2024-09-17T22:30:00","modified_gmt":"2024-09-18T01:30:00","slug":"telemont-426-vagas-de-emprego-abertas-pelo-brasil","status":"publish","type":"post","link":"https:\/\/www.vagadeempregorj.com.br\/ar\/telemont-426-vagas-de-emprego-abertas-pelo-brasil\/","title":{"rendered":"TELEMONT: 426 vagas de emprego abertas pelo Brasil"},"content":{"rendered":"<p>A <strong>TELEMONT<\/strong>, uma das maiores empresas do setor de telecomunica\u00e7\u00f5es e tecnologia, est\u00e1 com 426 vagas de emprego abertas em diversas regi\u00f5es do Brasil. Se voc\u00ea est\u00e1 \u00e0 procura de uma nova oportunidade, este pode ser o momento ideal para ingressar em uma companhia consolidada e com crescimento constante no mercado. As vagas dispon\u00edveis variam desde fun\u00e7\u00f5es t\u00e9cnicas at\u00e9 posi\u00e7\u00f5es administrativas, e est\u00e3o espalhadas por v\u00e1rias cidades, abrangendo diferentes regi\u00f5es do pa\u00eds.<\/p>\n\n\n\n<h2 class=\"wp-block-heading\"><strong>Quais s\u00e3o as vagas de emprego abertas pela TELEMONT?<\/strong><\/h2>\n\n\n\n<p>A TELEMONT est\u00e1 em busca de profissionais capacitados para preencher diversas vagas em \u00e1reas como tecnologia, infraestrutura e servi\u00e7os de suporte. A seguir, voc\u00ea pode conferir alguns dos cargos dispon\u00edveis:<\/p>\n\n\n\n<h3 class=\"wp-block-heading\"><strong>1. T\u00e9cnico de Telecomunica\u00e7\u00f5es<\/strong><\/h3>\n\n\n\n<p>Esse profissional ser\u00e1 respons\u00e1vel pela instala\u00e7\u00e3o e manuten\u00e7\u00e3o de equipamentos de telecomunica\u00e7\u00f5es, garantindo a qualidade e efici\u00eancia dos servi\u00e7os oferecidos pela empresa.<\/p>\n\n\n\n<figure class=\"wp-block-image size-large\"><img loading=\"lazy\" decoding=\"async\" width=\"1024\" height=\"576\" src=\"https:\/\/www.vagadeempregorj.com.br\/wp-content\/uploads\/2024\/09\/image-20-1024x576.png\" alt=\"\" class=\"wp-image-40761\" srcset=\"https:\/\/www.vagadeempregorj.com.br\/wp-content\/uploads\/2024\/09\/image-20-1024x576.png 1024w, https:\/\/www.vagadeempregorj.com.br\/wp-content\/uploads\/2024\/09\/image-20-300x169.png 300w, https:\/\/www.vagadeempregorj.com.br\/wp-content\/uploads\/2024\/09\/image-20-768x432.png 768w, https:\/\/www.vagadeempregorj.com.br\/wp-content\/uploads\/2024\/09\/image-20-383x215.png 383w, https:\/\/www.vagadeempregorj.com.br\/wp-content\/uploads\/2024\/09\/image-20-150x84.png 150w, https:\/\/www.vagadeempregorj.com.br\/wp-content\/uploads\/2024\/09\/image-20.png 1280w\" sizes=\"auto, (max-width: 1024px) 100vw, 1024px\" \/><\/figure>\n\n\n\n<p><strong>Principais atividades:<\/strong><\/p>\n\n\n\n<ul class=\"wp-block-list\">\n<li>Realizar a instala\u00e7\u00e3o de sistemas de telecomunica\u00e7\u00f5es;<\/li>\n\n\n\n<li>Fazer a manuten\u00e7\u00e3o preventiva e corretiva dos equipamentos;<\/li>\n\n\n\n<li>Monitorar a performance dos sistemas e propor melhorias.<\/li>\n<\/ul>\n\n\n\n<h3 class=\"wp-block-heading\"><strong>2. Analista de Redes<\/strong><\/h3>\n\n\n\n<p>O Analista de Redes atua no planejamento, implanta\u00e7\u00e3o e gest\u00e3o das redes de telecomunica\u00e7\u00f5es. Esse profissional desempenha um papel essencial para garantir a conectividade de alta qualidade aos clientes.<\/p>\n\n\n\n<p><strong>Principais atividades:<\/strong><\/p>\n\n\n\n<ul class=\"wp-block-list\">\n<li>Analisar o desempenho das redes e propor ajustes;<\/li>\n\n\n\n<li>Implantar novos sistemas de rede;<\/li>\n\n\n\n<li>Solucionar problemas t\u00e9cnicos e realizar melhorias constantes.<\/li>\n<\/ul>\n\n\n\n<h3 class=\"wp-block-heading\"><strong>3. Eletricista de Instala\u00e7\u00f5es<\/strong><\/h3>\n\n\n\n<p>O Eletricista de Instala\u00e7\u00f5es \u00e9 fundamental para assegurar a infraestrutura el\u00e9trica necess\u00e1ria para o bom funcionamento dos equipamentos de telecomunica\u00e7\u00f5es.<\/p>\n\n\n\n<p><strong>Principais atividades:<\/strong><\/p>\n\n\n\n<ul class=\"wp-block-list\">\n<li>Instalar redes el\u00e9tricas para suportar os equipamentos de telecomunica\u00e7\u00f5es;<\/li>\n\n\n\n<li>Realizar a manuten\u00e7\u00e3o el\u00e9trica preventiva e corretiva;<\/li>\n\n\n\n<li>Garantir a seguran\u00e7a no manuseio dos equipamentos el\u00e9tricos.<\/li>\n<\/ul>\n\n\n\n<h3 class=\"wp-block-heading\"><strong>4. Auxiliar T\u00e9cnico<\/strong><\/h3>\n\n\n\n<p>Essa fun\u00e7\u00e3o \u00e9 voltada para profissionais que atuam na assist\u00eancia aos t\u00e9cnicos de campo, colaborando com a manuten\u00e7\u00e3o e instala\u00e7\u00e3o de sistemas e equipamentos.<\/p>\n\n\n\n<p><strong>Principais atividades:<\/strong><\/p>\n\n\n\n<ul class=\"wp-block-list\">\n<li>Prestar apoio na instala\u00e7\u00e3o de equipamentos;<\/li>\n\n\n\n<li>Auxiliar na manuten\u00e7\u00e3o de sistemas de telecomunica\u00e7\u00f5es;<\/li>\n\n\n\n<li>Colaborar com a equipe t\u00e9cnica na resolu\u00e7\u00e3o de problemas.<\/li>\n<\/ul>\n\n\n\n<h3 class=\"wp-block-heading\"><strong>5. Coordenador de Projetos<\/strong><\/h3>\n\n\n\n<p>O Coordenador de Projetos lidera equipes e coordena a execu\u00e7\u00e3o de projetos de infraestrutura e telecomunica\u00e7\u00f5es, garantindo que as metas sejam cumpridas dentro dos prazos estabelecidos.<\/p>\n\n\n\n<p><strong>Principais atividades:<\/strong><\/p>\n\n\n\n<ul class=\"wp-block-list\">\n<li>Gerenciar o cronograma e os recursos dos projetos;<\/li>\n\n\n\n<li>Coordenar a equipe t\u00e9cnica e garantir a qualidade das entregas;<\/li>\n\n\n\n<li>Assegurar que o projeto atenda aos requisitos t\u00e9cnicos e ao or\u00e7amento.<\/li>\n<\/ul>\n\n\n\n<p>Essas s\u00e3o apenas algumas das 426 vagas abertas. A empresa tamb\u00e9m oferece oportunidades em diversas outras \u00e1reas, como log\u00edstica, atendimento ao cliente e engenharia. A TELEMONT busca colaboradores dispostos a crescer junto com a empresa, garantindo sempre a melhor experi\u00eancia para seus clientes.<\/p>\n\n\n\n<h2 class=\"wp-block-heading\"><strong>Como se candidatar?<\/strong><\/h2>\n\n\n\n<p>Se alguma dessas vagas despertou seu interesse e voc\u00ea deseja se candidatar, o processo \u00e9 simples e totalmente online. A TELEMONT utiliza a plataforma Gupy para a sele\u00e7\u00e3o de seus candidatos, facilitando a aplica\u00e7\u00e3o e o acompanhamento do processo seletivo.<\/p>\n\n\n\n<p><strong>Siga os passos abaixo para enviar sua candidatura:<\/strong><\/p>\n\n\n\n<ul class=\"wp-block-list\">\n<li>Copie e cole o endere\u00e7o <strong>https:\/\/telemont.gupy.io<\/strong> em seu navegador;<\/li>\n\n\n\n<li>Acesse a p\u00e1gina e navegue at\u00e9 a se\u00e7\u00e3o de vagas abertas;<\/li>\n\n\n\n<li>Encontre a oportunidade que melhor se adequa ao seu perfil;<\/li>\n\n\n\n<li>Clique na vaga desejada e leia atentamente as descri\u00e7\u00f5es e requisitos;<\/li>\n\n\n\n<li>Clique em &#8220;Candidatar-se&#8221; e fa\u00e7a o seu cadastro ou login na plataforma Gupy;<\/li>\n\n\n\n<li>Preencha as informa\u00e7\u00f5es solicitadas e envie o seu curr\u00edculo.<\/li>\n<\/ul>\n\n\n\n<p>O processo de candidatura \u00e9 r\u00e1pido e eficiente, permitindo que voc\u00ea acompanhe todas as etapas pela plataforma, desde o envio do curr\u00edculo at\u00e9 as entrevistas e testes, se aplic\u00e1veis. Al\u00e9m disso, a plataforma tamb\u00e9m oferece a possibilidade de receber notifica\u00e7\u00f5es sobre novas vagas que estejam de acordo com o seu perfil.<\/p>\n\n\n\n<p><strong>Veja tamb\u00e9m: <a href=\"https:\/\/www.vagadeempregorj.com.br\/ar\/grupo-muffato-900-vagas-de-emprego-abertas-pelo-pais\/\">Grupo Muffato: 900 vagas de EMPREGO abertas pelo pa\u00eds<\/a><\/strong><\/p>\n\n\n\n<p>19 de setembro de 2024<\/p>\n\n\n\n<p><\/p>","protected":false},"excerpt":{"rendered":"<p>A TELEMONT, uma das maiores empresas do setor de telecomunica\u00e7\u00f5es e tecnologia, est\u00e1 com 426 vagas de emprego abertas em diversas regi\u00f5es do Brasil. Se voc\u00ea est\u00e1 \u00e0 procura de uma nova oportunidade, este pode ser o momento ideal para ingressar em uma companhia consolidada e com crescimento constante no mercado. As vagas dispon\u00edveis variam&hellip;&nbsp;<\/p>","protected":false},"author":16,"featured_media":40761,"comment_status":"closed","ping_status":"closed","sticky":false,"template":"","format":"standard","meta":{"neve_meta_sidebar":"","neve_meta_container":"","neve_meta_enable_content_width":"","neve_meta_content_width":0,"neve_meta_title_alignment":"","neve_meta_author_avatar":"","neve_post_elements_order":"","neve_meta_disable_header":"","neve_meta_disable_footer":"","neve_meta_disable_title":"","footnotes":""},"categories":[123],"tags":[830,608],"class_list":["post-40750","post","type-post","status-publish","format-standard","has-post-thumbnail","hentry","category-vagas-de-emprego-nacionais","tag-empregos","tag-oportunidades"],"yoast_head":"<!-- This site is optimized with the Yoast SEO plugin v27.5 - https:\/\/yoast.com\/product\/yoast-seo-wordpress\/ -->\n<title>TELEMONT: 426 vagas de emprego abertas pelo Brasil -<\/title>\n<meta name=\"description\" content=\"Veja em Vagas de Emprego RJ as vagas de emprego com e sem experi\u00eancia no seu Estado e Regi\u00e3o!\" \/>\n<meta name=\"robots\" content=\"index, follow, max-snippet:-1, max-image-preview:large, max-video-preview:-1\" \/>\n<link rel=\"canonical\" href=\"https:\/\/www.vagadeempregorj.com.br\/ar\/telemont-426-vagas-de-emprego-abertas-pelo-brasil\/\" \/>\n<meta property=\"og:locale\" content=\"ar_AR\" \/>\n<meta property=\"og:type\" content=\"article\" \/>\n<meta property=\"og:title\" content=\"TELEMONT: 426 vagas de emprego abertas pelo Brasil -\" \/>\n<meta property=\"og:description\" content=\"Veja em Vagas de Emprego RJ as vagas de emprego com e sem experi\u00eancia no seu Estado e Regi\u00e3o!\" \/>\n<meta property=\"og:url\" content=\"https:\/\/www.vagadeempregorj.com.br\/ar\/telemont-426-vagas-de-emprego-abertas-pelo-brasil\/\" \/>\n<meta property=\"article:publisher\" content=\"https:\/\/www.facebook.com\/empregobrasiloficial\" \/>\n<meta property=\"article:published_time\" content=\"2024-09-19T09:00:00+00:00\" \/>\n<meta property=\"og:image\" content=\"https:\/\/www.vagadeempregorj.com.br\/wp-content\/uploads\/2024\/09\/image-20.png\" \/>\n\t<meta property=\"og:image:width\" content=\"1280\" \/>\n\t<meta property=\"og:image:height\" content=\"720\" \/>\n\t<meta property=\"og:image:type\" content=\"image\/png\" \/>\n<meta name=\"author\" content=\"Michele\" \/>\n<meta name=\"twitter:card\" content=\"summary_large_image\" \/>\n<meta name=\"twitter:label1\" content=\"Written by\" \/>\n\t<meta name=\"twitter:data1\" content=\"Michele\" \/>\n\t<meta name=\"twitter:label2\" content=\"Est. reading time\" \/>\n\t<meta name=\"twitter:data2\" content=\"3 \u062f\u0642\u0627\u0626\u0642\" \/>\n<script type=\"application\/ld+json\" class=\"yoast-schema-graph\">{\"@context\":\"https:\\\/\\\/schema.org\",\"@graph\":[{\"@type\":\"Article\",\"@id\":\"https:\\\/\\\/www.vagadeempregorj.com.br\\\/telemont-426-vagas-de-emprego-abertas-pelo-brasil\\\/#article\",\"isPartOf\":{\"@id\":\"https:\\\/\\\/www.vagadeempregorj.com.br\\\/telemont-426-vagas-de-emprego-abertas-pelo-brasil\\\/\"},\"author\":{\"name\":\"Michele\",\"@id\":\"https:\\\/\\\/www.vagadeempregorj.com.br\\\/#\\\/schema\\\/person\\\/3ddb19fa0539706786e502152f3aae95\"},\"headline\":\"TELEMONT: 426 vagas de emprego abertas pelo Brasil\",\"datePublished\":\"2024-09-19T09:00:00+00:00\",\"mainEntityOfPage\":{\"@id\":\"https:\\\/\\\/www.vagadeempregorj.com.br\\\/telemont-426-vagas-de-emprego-abertas-pelo-brasil\\\/\"},\"wordCount\":674,\"image\":{\"@id\":\"https:\\\/\\\/www.vagadeempregorj.com.br\\\/telemont-426-vagas-de-emprego-abertas-pelo-brasil\\\/#primaryimage\"},\"thumbnailUrl\":\"https:\\\/\\\/www.vagadeempregorj.com.br\\\/wp-content\\\/uploads\\\/2024\\\/09\\\/image-20.png\",\"keywords\":[\"empregos\",\"oportunidades\"],\"articleSection\":[\"Vagas de Emprego Nacionais\"],\"inLanguage\":\"ar\"},{\"@type\":\"WebPage\",\"@id\":\"https:\\\/\\\/www.vagadeempregorj.com.br\\\/telemont-426-vagas-de-emprego-abertas-pelo-brasil\\\/\",\"url\":\"https:\\\/\\\/www.vagadeempregorj.com.br\\\/telemont-426-vagas-de-emprego-abertas-pelo-brasil\\\/\",\"name\":\"TELEMONT: 426 vagas de emprego abertas pelo Brasil -\",\"isPartOf\":{\"@id\":\"https:\\\/\\\/www.vagadeempregorj.com.br\\\/#website\"},\"primaryImageOfPage\":{\"@id\":\"https:\\\/\\\/www.vagadeempregorj.com.br\\\/telemont-426-vagas-de-emprego-abertas-pelo-brasil\\\/#primaryimage\"},\"image\":{\"@id\":\"https:\\\/\\\/www.vagadeempregorj.com.br\\\/telemont-426-vagas-de-emprego-abertas-pelo-brasil\\\/#primaryimage\"},\"thumbnailUrl\":\"https:\\\/\\\/www.vagadeempregorj.com.br\\\/wp-content\\\/uploads\\\/2024\\\/09\\\/image-20.png\",\"datePublished\":\"2024-09-19T09:00:00+00:00\",\"author\":{\"@id\":\"https:\\\/\\\/www.vagadeempregorj.com.br\\\/#\\\/schema\\\/person\\\/3ddb19fa0539706786e502152f3aae95\"},\"description\":\"Veja em Vagas de Emprego RJ as vagas de emprego com e sem experi\u00eancia no seu Estado e Regi\u00e3o!\",\"breadcrumb\":{\"@id\":\"https:\\\/\\\/www.vagadeempregorj.com.br\\\/telemont-426-vagas-de-emprego-abertas-pelo-brasil\\\/#breadcrumb\"},\"inLanguage\":\"ar\",\"potentialAction\":[{\"@type\":\"ReadAction\",\"target\":[\"https:\\\/\\\/www.vagadeempregorj.com.br\\\/telemont-426-vagas-de-emprego-abertas-pelo-brasil\\\/\"]}]},{\"@type\":\"ImageObject\",\"inLanguage\":\"ar\",\"@id\":\"https:\\\/\\\/www.vagadeempregorj.com.br\\\/telemont-426-vagas-de-emprego-abertas-pelo-brasil\\\/#primaryimage\",\"url\":\"https:\\\/\\\/www.vagadeempregorj.com.br\\\/wp-content\\\/uploads\\\/2024\\\/09\\\/image-20.png\",\"contentUrl\":\"https:\\\/\\\/www.vagadeempregorj.com.br\\\/wp-content\\\/uploads\\\/2024\\\/09\\\/image-20.png\",\"width\":1280,\"height\":720},{\"@type\":\"BreadcrumbList\",\"@id\":\"https:\\\/\\\/www.vagadeempregorj.com.br\\\/telemont-426-vagas-de-emprego-abertas-pelo-brasil\\\/#breadcrumb\",\"itemListElement\":[{\"@type\":\"ListItem\",\"position\":1,\"name\":\"In\u00edcio\",\"item\":\"https:\\\/\\\/www.vagadeempregorj.com.br\\\/\"},{\"@type\":\"ListItem\",\"position\":2,\"name\":\"Vagas de Emprego Nacionais\",\"item\":\"https:\\\/\\\/www.vagadeempregorj.com.br\\\/vagas-de-emprego-nacionais\\\/\"},{\"@type\":\"ListItem\",\"position\":3,\"name\":\"TELEMONT: 426 vagas de emprego abertas pelo Brasil\"}]},{\"@type\":\"WebSite\",\"@id\":\"https:\\\/\\\/www.vagadeempregorj.com.br\\\/#website\",\"url\":\"https:\\\/\\\/www.vagadeempregorj.com.br\\\/\",\"name\":\"\",\"description\":\"Conquiste Sonhos: Vagas, Benef\u00edcios e Economia para Transformar Vidas e Alcan\u00e7ar Melhorias Cotidianas\",\"potentialAction\":[{\"@type\":\"SearchAction\",\"target\":{\"@type\":\"EntryPoint\",\"urlTemplate\":\"https:\\\/\\\/www.vagadeempregorj.com.br\\\/?s={search_term_string}\"},\"query-input\":{\"@type\":\"PropertyValueSpecification\",\"valueRequired\":true,\"valueName\":\"search_term_string\"}}],\"inLanguage\":\"ar\"},{\"@type\":\"Person\",\"@id\":\"https:\\\/\\\/www.vagadeempregorj.com.br\\\/#\\\/schema\\\/person\\\/3ddb19fa0539706786e502152f3aae95\",\"name\":\"Michele\",\"image\":{\"@type\":\"ImageObject\",\"inLanguage\":\"ar\",\"@id\":\"https:\\\/\\\/secure.gravatar.com\\\/avatar\\\/6b0eb9d22841282815e2cd856a0061c45e1761cd54b22e952d98c4746939aa85?s=96&r=g\",\"url\":\"https:\\\/\\\/secure.gravatar.com\\\/avatar\\\/6b0eb9d22841282815e2cd856a0061c45e1761cd54b22e952d98c4746939aa85?s=96&r=g\",\"contentUrl\":\"https:\\\/\\\/secure.gravatar.com\\\/avatar\\\/6b0eb9d22841282815e2cd856a0061c45e1761cd54b22e952d98c4746939aa85?s=96&r=g\",\"caption\":\"Michele\"},\"description\":\"Formada em Letras - Portugu\u00eas\\\/ Ingl\u00eas, e idealizadora do site Escritora de Sucesso, busca expandir o conhecimento de todos com informa\u00e7\u00f5es relevantes sobre diversos assuntos, enquanto redatora. No Vaga de Emprego RJ, traz oportunidades e dicas sobre o mercado de trabalho.\",\"url\":\"https:\\\/\\\/www.vagadeempregorj.com.br\\\/ar\\\/author\\\/michele\\\/\"}]}<\/script>\n<!-- \/ Yoast SEO plugin. -->","yoast_head_json":{"title":"TELEMONT: 426 vagas de emprego abertas pelo Brasil -","description":"Veja em Vagas de Emprego RJ as vagas de emprego com e sem experi\u00eancia no seu Estado e Regi\u00e3o!","robots":{"index":"index","follow":"follow","max-snippet":"max-snippet:-1","max-image-preview":"max-image-preview:large","max-video-preview":"max-video-preview:-1"},"canonical":"https:\/\/www.vagadeempregorj.com.br\/ar\/telemont-426-vagas-de-emprego-abertas-pelo-brasil\/","og_locale":"ar_AR","og_type":"article","og_title":"TELEMONT: 426 vagas de emprego abertas pelo Brasil -","og_description":"Veja em Vagas de Emprego RJ as vagas de emprego com e sem experi\u00eancia no seu Estado e Regi\u00e3o!","og_url":"https:\/\/www.vagadeempregorj.com.br\/ar\/telemont-426-vagas-de-emprego-abertas-pelo-brasil\/","article_publisher":"https:\/\/www.facebook.com\/empregobrasiloficial","article_published_time":"2024-09-19T09:00:00+00:00","og_image":[{"width":1280,"height":720,"url":"https:\/\/www.vagadeempregorj.com.br\/wp-content\/uploads\/2024\/09\/image-20.png","type":"image\/png"}],"author":"Michele","twitter_card":"summary_large_image","twitter_misc":{"Written by":"Michele","Est. reading time":"3 \u062f\u0642\u0627\u0626\u0642"},"schema":{"@context":"https:\/\/schema.org","@graph":[{"@type":"Article","@id":"https:\/\/www.vagadeempregorj.com.br\/telemont-426-vagas-de-emprego-abertas-pelo-brasil\/#article","isPartOf":{"@id":"https:\/\/www.vagadeempregorj.com.br\/telemont-426-vagas-de-emprego-abertas-pelo-brasil\/"},"author":{"name":"Michele","@id":"https:\/\/www.vagadeempregorj.com.br\/#\/schema\/person\/3ddb19fa0539706786e502152f3aae95"},"headline":"TELEMONT: 426 vagas de emprego abertas pelo Brasil","datePublished":"2024-09-19T09:00:00+00:00","mainEntityOfPage":{"@id":"https:\/\/www.vagadeempregorj.com.br\/telemont-426-vagas-de-emprego-abertas-pelo-brasil\/"},"wordCount":674,"image":{"@id":"https:\/\/www.vagadeempregorj.com.br\/telemont-426-vagas-de-emprego-abertas-pelo-brasil\/#primaryimage"},"thumbnailUrl":"https:\/\/www.vagadeempregorj.com.br\/wp-content\/uploads\/2024\/09\/image-20.png","keywords":["empregos","oportunidades"],"articleSection":["Vagas de Emprego Nacionais"],"inLanguage":"ar"},{"@type":"WebPage","@id":"https:\/\/www.vagadeempregorj.com.br\/telemont-426-vagas-de-emprego-abertas-pelo-brasil\/","url":"https:\/\/www.vagadeempregorj.com.br\/telemont-426-vagas-de-emprego-abertas-pelo-brasil\/","name":"TELEMONT: 426 vagas de emprego abertas pelo Brasil -","isPartOf":{"@id":"https:\/\/www.vagadeempregorj.com.br\/#website"},"primaryImageOfPage":{"@id":"https:\/\/www.vagadeempregorj.com.br\/telemont-426-vagas-de-emprego-abertas-pelo-brasil\/#primaryimage"},"image":{"@id":"https:\/\/www.vagadeempregorj.com.br\/telemont-426-vagas-de-emprego-abertas-pelo-brasil\/#primaryimage"},"thumbnailUrl":"https:\/\/www.vagadeempregorj.com.br\/wp-content\/uploads\/2024\/09\/image-20.png","datePublished":"2024-09-19T09:00:00+00:00","author":{"@id":"https:\/\/www.vagadeempregorj.com.br\/#\/schema\/person\/3ddb19fa0539706786e502152f3aae95"},"description":"Veja em Vagas de Emprego RJ as vagas de emprego com e sem experi\u00eancia no seu Estado e Regi\u00e3o!","breadcrumb":{"@id":"https:\/\/www.vagadeempregorj.com.br\/telemont-426-vagas-de-emprego-abertas-pelo-brasil\/#breadcrumb"},"inLanguage":"ar","potentialAction":[{"@type":"ReadAction","target":["https:\/\/www.vagadeempregorj.com.br\/telemont-426-vagas-de-emprego-abertas-pelo-brasil\/"]}]},{"@type":"ImageObject","inLanguage":"ar","@id":"https:\/\/www.vagadeempregorj.com.br\/telemont-426-vagas-de-emprego-abertas-pelo-brasil\/#primaryimage","url":"https:\/\/www.vagadeempregorj.com.br\/wp-content\/uploads\/2024\/09\/image-20.png","contentUrl":"https:\/\/www.vagadeempregorj.com.br\/wp-content\/uploads\/2024\/09\/image-20.png","width":1280,"height":720},{"@type":"BreadcrumbList","@id":"https:\/\/www.vagadeempregorj.com.br\/telemont-426-vagas-de-emprego-abertas-pelo-brasil\/#breadcrumb","itemListElement":[{"@type":"ListItem","position":1,"name":"In\u00edcio","item":"https:\/\/www.vagadeempregorj.com.br\/"},{"@type":"ListItem","position":2,"name":"Vagas de Emprego Nacionais","item":"https:\/\/www.vagadeempregorj.com.br\/vagas-de-emprego-nacionais\/"},{"@type":"ListItem","position":3,"name":"TELEMONT: 426 vagas de emprego abertas pelo Brasil"}]},{"@type":"WebSite","@id":"https:\/\/www.vagadeempregorj.com.br\/#website","url":"https:\/\/www.vagadeempregorj.com.br\/","name":"","description":"Conquiste Sonhos: Vagas, Benef\u00edcios e Economia para Transformar Vidas e Alcan\u00e7ar Melhorias Cotidianas","potentialAction":[{"@type":"SearchAction","target":{"@type":"EntryPoint","urlTemplate":"https:\/\/www.vagadeempregorj.com.br\/?s={search_term_string}"},"query-input":{"@type":"PropertyValueSpecification","valueRequired":true,"valueName":"search_term_string"}}],"inLanguage":"ar"},{"@type":"Person","@id":"https:\/\/www.vagadeempregorj.com.br\/#\/schema\/person\/3ddb19fa0539706786e502152f3aae95","name":"Michele","image":{"@type":"ImageObject","inLanguage":"ar","@id":"https:\/\/secure.gravatar.com\/avatar\/6b0eb9d22841282815e2cd856a0061c45e1761cd54b22e952d98c4746939aa85?s=96&r=g","url":"https:\/\/secure.gravatar.com\/avatar\/6b0eb9d22841282815e2cd856a0061c45e1761cd54b22e952d98c4746939aa85?s=96&r=g","contentUrl":"https:\/\/secure.gravatar.com\/avatar\/6b0eb9d22841282815e2cd856a0061c45e1761cd54b22e952d98c4746939aa85?s=96&r=g","caption":"Michele"},"description":"Formada em Letras - Portugu\u00eas\/ Ingl\u00eas, e idealizadora do site Escritora de Sucesso, busca expandir o conhecimento de todos com informa\u00e7\u00f5es relevantes sobre diversos assuntos, enquanto redatora. No Vaga de Emprego RJ, traz oportunidades e dicas sobre o mercado de trabalho.","url":"https:\/\/www.vagadeempregorj.com.br\/ar\/author\/michele\/"}]}},"_links":{"self":[{"href":"https:\/\/www.vagadeempregorj.com.br\/ar\/wp-json\/wp\/v2\/posts\/40750","targetHints":{"allow":["GET"]}}],"collection":[{"href":"https:\/\/www.vagadeempregorj.com.br\/ar\/wp-json\/wp\/v2\/posts"}],"about":[{"href":"https:\/\/www.vagadeempregorj.com.br\/ar\/wp-json\/wp\/v2\/types\/post"}],"author":[{"embeddable":true,"href":"https:\/\/www.vagadeempregorj.com.br\/ar\/wp-json\/wp\/v2\/users\/16"}],"replies":[{"embeddable":true,"href":"https:\/\/www.vagadeempregorj.com.br\/ar\/wp-json\/wp\/v2\/comments?post=40750"}],"version-history":[{"count":0,"href":"https:\/\/www.vagadeempregorj.com.br\/ar\/wp-json\/wp\/v2\/posts\/40750\/revisions"}],"wp:featuredmedia":[{"embeddable":true,"href":"https:\/\/www.vagadeempregorj.com.br\/ar\/wp-json\/wp\/v2\/media\/40761"}],"wp:attachment":[{"href":"https:\/\/www.vagadeempregorj.com.br\/ar\/wp-json\/wp\/v2\/media?parent=40750"}],"wp:term":[{"taxonomy":"category","embeddable":true,"href":"https:\/\/www.vagadeempregorj.com.br\/ar\/wp-json\/wp\/v2\/categories?post=40750"},{"taxonomy":"post_tag","embeddable":true,"href":"https:\/\/www.vagadeempregorj.com.br\/ar\/wp-json\/wp\/v2\/tags?post=40750"}],"curies":[{"name":"wp","href":"https:\/\/api.w.org\/{rel}","templated":true}]}}