{"id":40754,"date":"2024-09-21T06:00:00","date_gmt":"2024-09-21T09:00:00","guid":{"rendered":"https:\/\/www.vagadeempregorj.com.br\/?p=40754"},"modified":"2024-09-17T22:33:03","modified_gmt":"2024-09-18T01:33:03","slug":"gpa-596-vagas-de-emprego-abertas-pelo-brasil","status":"publish","type":"post","link":"https:\/\/www.vagadeempregorj.com.br\/ar\/gpa-596-vagas-de-emprego-abertas-pelo-brasil\/","title":{"rendered":"GPA: 596 vagas de emprego abertas pelo Brasil"},"content":{"rendered":"<p>O mercado de trabalho brasileiro est\u00e1 vibrando com novas oportunidades! O Grupo P\u00e3o de A\u00e7\u00facar (<strong>GPA<\/strong>), um dos maiores varejistas do pa\u00eds, anunciou a abertura de 596 vagas de emprego em diversas localidades. Se voc\u00ea est\u00e1 em busca de uma chance para come\u00e7ar ou avan\u00e7ar na sua carreira, agora \u00e9 o momento perfeito. O GPA, conhecido pela sua robustez no setor de varejo e por sua vasta rede de lojas, est\u00e1 expandindo suas opera\u00e7\u00f5es e buscando novos talentos para se juntar \u00e0 equipe.<\/p>\n\n\n\n<p>A iniciativa do GPA n\u00e3o \u00e9 apenas uma excelente not\u00edcia para aqueles que est\u00e3o procurando emprego, mas tamb\u00e9m um sinal positivo para a economia local, promovendo crescimento e estabilidade. O mercado de trabalho est\u00e1 se aquecendo, e o GPA est\u00e1 liderando o caminho com uma oferta impressionante de posi\u00e7\u00f5es abertas em diferentes \u00e1reas.<\/p>\n\n\n\n<figure class=\"wp-block-image size-full\"><img loading=\"lazy\" decoding=\"async\" width=\"888\" height=\"616\" src=\"https:\/\/www.vagadeempregorj.com.br\/wp-content\/uploads\/2024\/09\/image-22.png\" alt=\"\" class=\"wp-image-40765\" srcset=\"https:\/\/www.vagadeempregorj.com.br\/wp-content\/uploads\/2024\/09\/image-22.png 888w, https:\/\/www.vagadeempregorj.com.br\/wp-content\/uploads\/2024\/09\/image-22-300x208.png 300w, https:\/\/www.vagadeempregorj.com.br\/wp-content\/uploads\/2024\/09\/image-22-768x533.png 768w, https:\/\/www.vagadeempregorj.com.br\/wp-content\/uploads\/2024\/09\/image-22-150x104.png 150w\" sizes=\"auto, (max-width: 888px) 100vw, 888px\" \/><\/figure>\n\n\n\n<h2 class=\"wp-block-heading\"><strong>Quais s\u00e3o as vagas de emprego abertas pela GPA?<\/strong><\/h2>\n\n\n\n<p>O GPA est\u00e1 oferecendo uma variedade de vagas que cobrem diferentes n\u00edveis de experi\u00eancia e \u00e1reas de atua\u00e7\u00e3o. Se voc\u00ea tem interesse em trabalhar em um ambiente din\u00e2mico e desafiador, aqui est\u00e3o algumas das principais categorias de vagas dispon\u00edveis:<\/p>\n\n\n\n<h3 class=\"wp-block-heading\"><strong>1. Atendente de Loja<\/strong><\/h3>\n\n\n\n<p>Este cargo \u00e9 ideal para quem gosta de estar em contato direto com os clientes e ajudar a garantir uma experi\u00eancia de compra positiva. As principais responsabilidades incluem:<\/p>\n\n\n\n<ul class=\"wp-block-list\">\n<li>Atendimento ao cliente<\/li>\n\n\n\n<li>Organiza\u00e7\u00e3o e reposi\u00e7\u00e3o de mercadorias<\/li>\n\n\n\n<li>Manuten\u00e7\u00e3o da limpeza e organiza\u00e7\u00e3o da loja<\/li>\n<\/ul>\n\n\n\n<h3 class=\"wp-block-heading\"><strong>2. Caixa<\/strong><\/h3>\n\n\n\n<p>Os caixas desempenham um papel crucial na opera\u00e7\u00e3o di\u00e1ria das lojas. As responsabilidades incluem:<\/p>\n\n\n\n<ul class=\"wp-block-list\">\n<li>Registro das compras dos clientes<\/li>\n\n\n\n<li>Manuseio de pagamentos e emiss\u00e3o de notas fiscais<\/li>\n\n\n\n<li>Atendimento eficiente e cordial ao cliente<\/li>\n<\/ul>\n\n\n\n<h3 class=\"wp-block-heading\"><strong>3. Gerente de Loja<\/strong><\/h3>\n\n\n\n<p>Para aqueles que t\u00eam experi\u00eancia em lideran\u00e7a e gest\u00e3o, o cargo de gerente de loja pode ser a oportunidade certa. As fun\u00e7\u00f5es incluem:<\/p>\n\n\n\n<ul class=\"wp-block-list\">\n<li>Coordena\u00e7\u00e3o das atividades di\u00e1rias da loja<\/li>\n\n\n\n<li>Gest\u00e3o de equipe e treinamento de novos funcion\u00e1rios<\/li>\n\n\n\n<li>Controle de estoque e an\u00e1lise de vendas<\/li>\n<\/ul>\n\n\n\n<h3 class=\"wp-block-heading\"><strong>4. Repositor<\/strong><\/h3>\n\n\n\n<p>Os repositores garantem que as prateleiras estejam sempre abastecidas e bem organizadas. As responsabilidades incluem:<\/p>\n\n\n\n<ul class=\"wp-block-list\">\n<li>Reposi\u00e7\u00e3o de produtos<\/li>\n\n\n\n<li>Verifica\u00e7\u00e3o de validade e qualidade dos itens<\/li>\n\n\n\n<li>Organiza\u00e7\u00e3o do estoque<\/li>\n<\/ul>\n\n\n\n<h3 class=\"wp-block-heading\"><strong>5. Analista de Log\u00edstica<\/strong><\/h3>\n\n\n\n<p>Este cargo \u00e9 perfeito para quem tem interesse em log\u00edstica e cadeia de suprimentos. As principais fun\u00e7\u00f5es incluem:<\/p>\n\n\n\n<ul class=\"wp-block-list\">\n<li>Coordena\u00e7\u00e3o do transporte de mercadorias<\/li>\n\n\n\n<li>Monitoramento de processos log\u00edsticos<\/li>\n\n\n\n<li>Implementa\u00e7\u00e3o de melhorias na efici\u00eancia operacional<\/li>\n<\/ul>\n\n\n\n<h2 class=\"wp-block-heading\"><strong>Como se candidatar?<\/strong><\/h2>\n\n\n\n<p>Se alguma dessas oportunidades chamou sua aten\u00e7\u00e3o, \u00e9 hora de dar o pr\u00f3ximo passo e se candidatar. O processo \u00e9 simples e direto. Siga estas etapas para se inscrever:<\/p>\n\n\n\n<ul class=\"wp-block-list\">\n<li>Copie e cole o endere\u00e7o: <strong>https:\/\/gpa.gupy.io<\/strong> em seu navegador.<\/li>\n\n\n\n<li>Acesse a p\u00e1gina e encontre a oportunidade que mais combina com seu perfil.<\/li>\n\n\n\n<li>Preencha o formul\u00e1rio de inscri\u00e7\u00e3o com suas informa\u00e7\u00f5es e envie seu curr\u00edculo.<\/li>\n<\/ul>\n\n\n\n<p>N\u00e3o perca tempo! As vagas est\u00e3o abertas, e o GPA est\u00e1 pronto para receber novos talentos. Essa \u00e9 sua chance de fazer parte de uma empresa renomada e contribuir para o seu sucesso enquanto cresce profissionalmente.<\/p>\n\n\n\n<p>O GPA est\u00e1 oferecendo uma gama diversificada de oportunidades de emprego em todo o Brasil, e n\u00e3o importa qual seja sua experi\u00eancia ou \u00e1rea de interesse, h\u00e1 uma vaga esperando por voc\u00ea. Aproveite essa chance para impulsionar sua carreira e se juntar a uma equipe que valoriza e investe em seus colaboradores.<\/p>\n\n\n\n<p><strong>Veja tamb\u00e9m: <a href=\"https:\/\/www.vagadeempregorj.com.br\/ar\/grupo-muffato-900-vagas-de-emprego-abertas-pelo-pais\/\">Grupo Muffato: 900 vagas de EMPREGO abertas pelo pa\u00eds<\/a><\/strong><\/p>\n\n\n\n<p>21 de setembro de 2024<\/p>\n\n\n\n<p><\/p>","protected":false},"excerpt":{"rendered":"<p>O mercado de trabalho brasileiro est\u00e1 vibrando com novas oportunidades! O Grupo P\u00e3o de A\u00e7\u00facar (GPA), um dos maiores varejistas do pa\u00eds, anunciou a abertura de 596 vagas de emprego em diversas localidades. Se voc\u00ea est\u00e1 em busca de uma chance para come\u00e7ar ou avan\u00e7ar na sua carreira, agora \u00e9 o momento perfeito. O GPA,&hellip;&nbsp;<\/p>","protected":false},"author":16,"featured_media":40765,"comment_status":"closed","ping_status":"closed","sticky":false,"template":"","format":"standard","meta":{"neve_meta_sidebar":"","neve_meta_container":"","neve_meta_enable_content_width":"","neve_meta_content_width":0,"neve_meta_title_alignment":"","neve_meta_author_avatar":"","neve_post_elements_order":"","neve_meta_disable_header":"","neve_meta_disable_footer":"","neve_meta_disable_title":"","footnotes":""},"categories":[123],"tags":[830,608],"class_list":["post-40754","post","type-post","status-publish","format-standard","has-post-thumbnail","hentry","category-vagas-de-emprego-nacionais","tag-empregos","tag-oportunidades"],"yoast_head":"<!-- This site is optimized with the Yoast SEO plugin v27.5 - https:\/\/yoast.com\/product\/yoast-seo-wordpress\/ -->\n<title>GPA: 596 vagas de emprego abertas pelo Brasil -<\/title>\n<meta name=\"description\" content=\"Veja em Vagas de Emprego RJ as vagas de emprego com e sem experi\u00eancia no seu Estado e Regi\u00e3o!\" \/>\n<meta name=\"robots\" content=\"index, follow, max-snippet:-1, max-image-preview:large, max-video-preview:-1\" \/>\n<link rel=\"canonical\" href=\"https:\/\/www.vagadeempregorj.com.br\/ar\/gpa-596-vagas-de-emprego-abertas-pelo-brasil\/\" \/>\n<meta property=\"og:locale\" content=\"ar_AR\" \/>\n<meta property=\"og:type\" content=\"article\" \/>\n<meta property=\"og:title\" content=\"GPA: 596 vagas de emprego abertas pelo Brasil -\" \/>\n<meta property=\"og:description\" content=\"Veja em Vagas de Emprego RJ as vagas de emprego com e sem experi\u00eancia no seu Estado e Regi\u00e3o!\" \/>\n<meta property=\"og:url\" content=\"https:\/\/www.vagadeempregorj.com.br\/ar\/gpa-596-vagas-de-emprego-abertas-pelo-brasil\/\" \/>\n<meta property=\"article:publisher\" content=\"https:\/\/www.facebook.com\/empregobrasiloficial\" \/>\n<meta property=\"article:published_time\" content=\"2024-09-21T09:00:00+00:00\" \/>\n<meta property=\"og:image\" content=\"https:\/\/www.vagadeempregorj.com.br\/wp-content\/uploads\/2024\/09\/image-22.png\" \/>\n\t<meta property=\"og:image:width\" content=\"888\" \/>\n\t<meta property=\"og:image:height\" content=\"616\" \/>\n\t<meta property=\"og:image:type\" content=\"image\/png\" \/>\n<meta name=\"author\" content=\"Michele\" \/>\n<meta name=\"twitter:card\" content=\"summary_large_image\" \/>\n<meta name=\"twitter:label1\" content=\"Written by\" \/>\n\t<meta name=\"twitter:data1\" content=\"Michele\" \/>\n\t<meta name=\"twitter:label2\" content=\"Est. reading time\" \/>\n\t<meta name=\"twitter:data2\" content=\"3 \u062f\u0642\u0627\u0626\u0642\" \/>\n<script type=\"application\/ld+json\" class=\"yoast-schema-graph\">{\"@context\":\"https:\\\/\\\/schema.org\",\"@graph\":[{\"@type\":\"Article\",\"@id\":\"https:\\\/\\\/www.vagadeempregorj.com.br\\\/gpa-596-vagas-de-emprego-abertas-pelo-brasil\\\/#article\",\"isPartOf\":{\"@id\":\"https:\\\/\\\/www.vagadeempregorj.com.br\\\/gpa-596-vagas-de-emprego-abertas-pelo-brasil\\\/\"},\"author\":{\"name\":\"Michele\",\"@id\":\"https:\\\/\\\/www.vagadeempregorj.com.br\\\/#\\\/schema\\\/person\\\/3ddb19fa0539706786e502152f3aae95\"},\"headline\":\"GPA: 596 vagas de emprego abertas pelo Brasil\",\"datePublished\":\"2024-09-21T09:00:00+00:00\",\"mainEntityOfPage\":{\"@id\":\"https:\\\/\\\/www.vagadeempregorj.com.br\\\/gpa-596-vagas-de-emprego-abertas-pelo-brasil\\\/\"},\"wordCount\":604,\"image\":{\"@id\":\"https:\\\/\\\/www.vagadeempregorj.com.br\\\/gpa-596-vagas-de-emprego-abertas-pelo-brasil\\\/#primaryimage\"},\"thumbnailUrl\":\"https:\\\/\\\/www.vagadeempregorj.com.br\\\/wp-content\\\/uploads\\\/2024\\\/09\\\/image-22.png\",\"keywords\":[\"empregos\",\"oportunidades\"],\"articleSection\":[\"Vagas de Emprego Nacionais\"],\"inLanguage\":\"ar\"},{\"@type\":\"WebPage\",\"@id\":\"https:\\\/\\\/www.vagadeempregorj.com.br\\\/gpa-596-vagas-de-emprego-abertas-pelo-brasil\\\/\",\"url\":\"https:\\\/\\\/www.vagadeempregorj.com.br\\\/gpa-596-vagas-de-emprego-abertas-pelo-brasil\\\/\",\"name\":\"GPA: 596 vagas de emprego abertas pelo Brasil -\",\"isPartOf\":{\"@id\":\"https:\\\/\\\/www.vagadeempregorj.com.br\\\/#website\"},\"primaryImageOfPage\":{\"@id\":\"https:\\\/\\\/www.vagadeempregorj.com.br\\\/gpa-596-vagas-de-emprego-abertas-pelo-brasil\\\/#primaryimage\"},\"image\":{\"@id\":\"https:\\\/\\\/www.vagadeempregorj.com.br\\\/gpa-596-vagas-de-emprego-abertas-pelo-brasil\\\/#primaryimage\"},\"thumbnailUrl\":\"https:\\\/\\\/www.vagadeempregorj.com.br\\\/wp-content\\\/uploads\\\/2024\\\/09\\\/image-22.png\",\"datePublished\":\"2024-09-21T09:00:00+00:00\",\"author\":{\"@id\":\"https:\\\/\\\/www.vagadeempregorj.com.br\\\/#\\\/schema\\\/person\\\/3ddb19fa0539706786e502152f3aae95\"},\"description\":\"Veja em Vagas de Emprego RJ as vagas de emprego com e sem experi\u00eancia no seu Estado e Regi\u00e3o!\",\"breadcrumb\":{\"@id\":\"https:\\\/\\\/www.vagadeempregorj.com.br\\\/gpa-596-vagas-de-emprego-abertas-pelo-brasil\\\/#breadcrumb\"},\"inLanguage\":\"ar\",\"potentialAction\":[{\"@type\":\"ReadAction\",\"target\":[\"https:\\\/\\\/www.vagadeempregorj.com.br\\\/gpa-596-vagas-de-emprego-abertas-pelo-brasil\\\/\"]}]},{\"@type\":\"ImageObject\",\"inLanguage\":\"ar\",\"@id\":\"https:\\\/\\\/www.vagadeempregorj.com.br\\\/gpa-596-vagas-de-emprego-abertas-pelo-brasil\\\/#primaryimage\",\"url\":\"https:\\\/\\\/www.vagadeempregorj.com.br\\\/wp-content\\\/uploads\\\/2024\\\/09\\\/image-22.png\",\"contentUrl\":\"https:\\\/\\\/www.vagadeempregorj.com.br\\\/wp-content\\\/uploads\\\/2024\\\/09\\\/image-22.png\",\"width\":888,\"height\":616,\"caption\":\"GPA: 596 vagas de emprego abertas pelo Brasil\"},{\"@type\":\"BreadcrumbList\",\"@id\":\"https:\\\/\\\/www.vagadeempregorj.com.br\\\/gpa-596-vagas-de-emprego-abertas-pelo-brasil\\\/#breadcrumb\",\"itemListElement\":[{\"@type\":\"ListItem\",\"position\":1,\"name\":\"In\u00edcio\",\"item\":\"https:\\\/\\\/www.vagadeempregorj.com.br\\\/\"},{\"@type\":\"ListItem\",\"position\":2,\"name\":\"Vagas de Emprego Nacionais\",\"item\":\"https:\\\/\\\/www.vagadeempregorj.com.br\\\/vagas-de-emprego-nacionais\\\/\"},{\"@type\":\"ListItem\",\"position\":3,\"name\":\"GPA: 596 vagas de emprego abertas pelo Brasil\"}]},{\"@type\":\"WebSite\",\"@id\":\"https:\\\/\\\/www.vagadeempregorj.com.br\\\/#website\",\"url\":\"https:\\\/\\\/www.vagadeempregorj.com.br\\\/\",\"name\":\"\",\"description\":\"Conquiste Sonhos: Vagas, Benef\u00edcios e Economia para Transformar Vidas e Alcan\u00e7ar Melhorias Cotidianas\",\"potentialAction\":[{\"@type\":\"SearchAction\",\"target\":{\"@type\":\"EntryPoint\",\"urlTemplate\":\"https:\\\/\\\/www.vagadeempregorj.com.br\\\/?s={search_term_string}\"},\"query-input\":{\"@type\":\"PropertyValueSpecification\",\"valueRequired\":true,\"valueName\":\"search_term_string\"}}],\"inLanguage\":\"ar\"},{\"@type\":\"Person\",\"@id\":\"https:\\\/\\\/www.vagadeempregorj.com.br\\\/#\\\/schema\\\/person\\\/3ddb19fa0539706786e502152f3aae95\",\"name\":\"Michele\",\"image\":{\"@type\":\"ImageObject\",\"inLanguage\":\"ar\",\"@id\":\"https:\\\/\\\/secure.gravatar.com\\\/avatar\\\/6b0eb9d22841282815e2cd856a0061c45e1761cd54b22e952d98c4746939aa85?s=96&r=g\",\"url\":\"https:\\\/\\\/secure.gravatar.com\\\/avatar\\\/6b0eb9d22841282815e2cd856a0061c45e1761cd54b22e952d98c4746939aa85?s=96&r=g\",\"contentUrl\":\"https:\\\/\\\/secure.gravatar.com\\\/avatar\\\/6b0eb9d22841282815e2cd856a0061c45e1761cd54b22e952d98c4746939aa85?s=96&r=g\",\"caption\":\"Michele\"},\"description\":\"Formada em Letras - Portugu\u00eas\\\/ Ingl\u00eas, e idealizadora do site Escritora de Sucesso, busca expandir o conhecimento de todos com informa\u00e7\u00f5es relevantes sobre diversos assuntos, enquanto redatora. No Vaga de Emprego RJ, traz oportunidades e dicas sobre o mercado de trabalho.\",\"url\":\"https:\\\/\\\/www.vagadeempregorj.com.br\\\/ar\\\/author\\\/michele\\\/\"}]}<\/script>\n<!-- \/ Yoast SEO plugin. -->","yoast_head_json":{"title":"GPA: 596 vagas de emprego abertas pelo Brasil -","description":"Veja em Vagas de Emprego RJ as vagas de emprego com e sem experi\u00eancia no seu Estado e Regi\u00e3o!","robots":{"index":"index","follow":"follow","max-snippet":"max-snippet:-1","max-image-preview":"max-image-preview:large","max-video-preview":"max-video-preview:-1"},"canonical":"https:\/\/www.vagadeempregorj.com.br\/ar\/gpa-596-vagas-de-emprego-abertas-pelo-brasil\/","og_locale":"ar_AR","og_type":"article","og_title":"GPA: 596 vagas de emprego abertas pelo Brasil -","og_description":"Veja em Vagas de Emprego RJ as vagas de emprego com e sem experi\u00eancia no seu Estado e Regi\u00e3o!","og_url":"https:\/\/www.vagadeempregorj.com.br\/ar\/gpa-596-vagas-de-emprego-abertas-pelo-brasil\/","article_publisher":"https:\/\/www.facebook.com\/empregobrasiloficial","article_published_time":"2024-09-21T09:00:00+00:00","og_image":[{"width":888,"height":616,"url":"https:\/\/www.vagadeempregorj.com.br\/wp-content\/uploads\/2024\/09\/image-22.png","type":"image\/png"}],"author":"Michele","twitter_card":"summary_large_image","twitter_misc":{"Written by":"Michele","Est. reading time":"3 \u062f\u0642\u0627\u0626\u0642"},"schema":{"@context":"https:\/\/schema.org","@graph":[{"@type":"Article","@id":"https:\/\/www.vagadeempregorj.com.br\/gpa-596-vagas-de-emprego-abertas-pelo-brasil\/#article","isPartOf":{"@id":"https:\/\/www.vagadeempregorj.com.br\/gpa-596-vagas-de-emprego-abertas-pelo-brasil\/"},"author":{"name":"Michele","@id":"https:\/\/www.vagadeempregorj.com.br\/#\/schema\/person\/3ddb19fa0539706786e502152f3aae95"},"headline":"GPA: 596 vagas de emprego abertas pelo Brasil","datePublished":"2024-09-21T09:00:00+00:00","mainEntityOfPage":{"@id":"https:\/\/www.vagadeempregorj.com.br\/gpa-596-vagas-de-emprego-abertas-pelo-brasil\/"},"wordCount":604,"image":{"@id":"https:\/\/www.vagadeempregorj.com.br\/gpa-596-vagas-de-emprego-abertas-pelo-brasil\/#primaryimage"},"thumbnailUrl":"https:\/\/www.vagadeempregorj.com.br\/wp-content\/uploads\/2024\/09\/image-22.png","keywords":["empregos","oportunidades"],"articleSection":["Vagas de Emprego Nacionais"],"inLanguage":"ar"},{"@type":"WebPage","@id":"https:\/\/www.vagadeempregorj.com.br\/gpa-596-vagas-de-emprego-abertas-pelo-brasil\/","url":"https:\/\/www.vagadeempregorj.com.br\/gpa-596-vagas-de-emprego-abertas-pelo-brasil\/","name":"GPA: 596 vagas de emprego abertas pelo Brasil -","isPartOf":{"@id":"https:\/\/www.vagadeempregorj.com.br\/#website"},"primaryImageOfPage":{"@id":"https:\/\/www.vagadeempregorj.com.br\/gpa-596-vagas-de-emprego-abertas-pelo-brasil\/#primaryimage"},"image":{"@id":"https:\/\/www.vagadeempregorj.com.br\/gpa-596-vagas-de-emprego-abertas-pelo-brasil\/#primaryimage"},"thumbnailUrl":"https:\/\/www.vagadeempregorj.com.br\/wp-content\/uploads\/2024\/09\/image-22.png","datePublished":"2024-09-21T09:00:00+00:00","author":{"@id":"https:\/\/www.vagadeempregorj.com.br\/#\/schema\/person\/3ddb19fa0539706786e502152f3aae95"},"description":"Veja em Vagas de Emprego RJ as vagas de emprego com e sem experi\u00eancia no seu Estado e Regi\u00e3o!","breadcrumb":{"@id":"https:\/\/www.vagadeempregorj.com.br\/gpa-596-vagas-de-emprego-abertas-pelo-brasil\/#breadcrumb"},"inLanguage":"ar","potentialAction":[{"@type":"ReadAction","target":["https:\/\/www.vagadeempregorj.com.br\/gpa-596-vagas-de-emprego-abertas-pelo-brasil\/"]}]},{"@type":"ImageObject","inLanguage":"ar","@id":"https:\/\/www.vagadeempregorj.com.br\/gpa-596-vagas-de-emprego-abertas-pelo-brasil\/#primaryimage","url":"https:\/\/www.vagadeempregorj.com.br\/wp-content\/uploads\/2024\/09\/image-22.png","contentUrl":"https:\/\/www.vagadeempregorj.com.br\/wp-content\/uploads\/2024\/09\/image-22.png","width":888,"height":616,"caption":"GPA: 596 vagas de emprego abertas pelo Brasil"},{"@type":"BreadcrumbList","@id":"https:\/\/www.vagadeempregorj.com.br\/gpa-596-vagas-de-emprego-abertas-pelo-brasil\/#breadcrumb","itemListElement":[{"@type":"ListItem","position":1,"name":"In\u00edcio","item":"https:\/\/www.vagadeempregorj.com.br\/"},{"@type":"ListItem","position":2,"name":"Vagas de Emprego Nacionais","item":"https:\/\/www.vagadeempregorj.com.br\/vagas-de-emprego-nacionais\/"},{"@type":"ListItem","position":3,"name":"GPA: 596 vagas de emprego abertas pelo Brasil"}]},{"@type":"WebSite","@id":"https:\/\/www.vagadeempregorj.com.br\/#website","url":"https:\/\/www.vagadeempregorj.com.br\/","name":"","description":"Conquiste Sonhos: Vagas, Benef\u00edcios e Economia para Transformar Vidas e Alcan\u00e7ar Melhorias Cotidianas","potentialAction":[{"@type":"SearchAction","target":{"@type":"EntryPoint","urlTemplate":"https:\/\/www.vagadeempregorj.com.br\/?s={search_term_string}"},"query-input":{"@type":"PropertyValueSpecification","valueRequired":true,"valueName":"search_term_string"}}],"inLanguage":"ar"},{"@type":"Person","@id":"https:\/\/www.vagadeempregorj.com.br\/#\/schema\/person\/3ddb19fa0539706786e502152f3aae95","name":"Michele","image":{"@type":"ImageObject","inLanguage":"ar","@id":"https:\/\/secure.gravatar.com\/avatar\/6b0eb9d22841282815e2cd856a0061c45e1761cd54b22e952d98c4746939aa85?s=96&r=g","url":"https:\/\/secure.gravatar.com\/avatar\/6b0eb9d22841282815e2cd856a0061c45e1761cd54b22e952d98c4746939aa85?s=96&r=g","contentUrl":"https:\/\/secure.gravatar.com\/avatar\/6b0eb9d22841282815e2cd856a0061c45e1761cd54b22e952d98c4746939aa85?s=96&r=g","caption":"Michele"},"description":"Formada em Letras - Portugu\u00eas\/ Ingl\u00eas, e idealizadora do site Escritora de Sucesso, busca expandir o conhecimento de todos com informa\u00e7\u00f5es relevantes sobre diversos assuntos, enquanto redatora. No Vaga de Emprego RJ, traz oportunidades e dicas sobre o mercado de trabalho.","url":"https:\/\/www.vagadeempregorj.com.br\/ar\/author\/michele\/"}]}},"_links":{"self":[{"href":"https:\/\/www.vagadeempregorj.com.br\/ar\/wp-json\/wp\/v2\/posts\/40754","targetHints":{"allow":["GET"]}}],"collection":[{"href":"https:\/\/www.vagadeempregorj.com.br\/ar\/wp-json\/wp\/v2\/posts"}],"about":[{"href":"https:\/\/www.vagadeempregorj.com.br\/ar\/wp-json\/wp\/v2\/types\/post"}],"author":[{"embeddable":true,"href":"https:\/\/www.vagadeempregorj.com.br\/ar\/wp-json\/wp\/v2\/users\/16"}],"replies":[{"embeddable":true,"href":"https:\/\/www.vagadeempregorj.com.br\/ar\/wp-json\/wp\/v2\/comments?post=40754"}],"version-history":[{"count":0,"href":"https:\/\/www.vagadeempregorj.com.br\/ar\/wp-json\/wp\/v2\/posts\/40754\/revisions"}],"wp:featuredmedia":[{"embeddable":true,"href":"https:\/\/www.vagadeempregorj.com.br\/ar\/wp-json\/wp\/v2\/media\/40765"}],"wp:attachment":[{"href":"https:\/\/www.vagadeempregorj.com.br\/ar\/wp-json\/wp\/v2\/media?parent=40754"}],"wp:term":[{"taxonomy":"category","embeddable":true,"href":"https:\/\/www.vagadeempregorj.com.br\/ar\/wp-json\/wp\/v2\/categories?post=40754"},{"taxonomy":"post_tag","embeddable":true,"href":"https:\/\/www.vagadeempregorj.com.br\/ar\/wp-json\/wp\/v2\/tags?post=40754"}],"curies":[{"name":"wp","href":"https:\/\/api.w.org\/{rel}","templated":true}]}}