{"id":40782,"date":"2024-09-26T06:00:00","date_gmt":"2024-09-26T09:00:00","guid":{"rendered":"https:\/\/www.vagadeempregorj.com.br\/?p=40782"},"modified":"2024-09-24T00:19:46","modified_gmt":"2024-09-24T03:19:46","slug":"agrinorte-11-vagas-de-emprego-abertas-no-para","status":"publish","type":"post","link":"https:\/\/www.vagadeempregorj.com.br\/ar\/agrinorte-11-vagas-de-emprego-abertas-no-para\/","title":{"rendered":"Agrinorte: 11 vagas de emprego abertas no Par\u00e1"},"content":{"rendered":"<p>A <strong>Agrinorte<\/strong>, uma das principais empresas do setor agr\u00edcola na regi\u00e3o Norte do Brasil, est\u00e1 com uma oferta de emprego que promete movimentar o mercado de trabalho local. Com um portf\u00f3lio diversificado e uma s\u00f3lida presen\u00e7a no Par\u00e1, a empresa est\u00e1 expandindo suas opera\u00e7\u00f5es e busca novos talentos para fortalecer sua equipe. Se voc\u00ea est\u00e1 \u00e0 procura de uma oportunidade de emprego na \u00e1rea agr\u00edcola, esta pode ser a chance que esperava. Neste post, vamos explorar as vagas dispon\u00edveis, o que elas exigem e como voc\u00ea pode se candidatar.<\/p>\n\n\n\n<h2 class=\"wp-block-heading\"><strong>Quais s\u00e3o as vagas de emprego abertas pela Agrinorte?<\/strong><\/h2>\n\n\n\n<p>A Agrinorte est\u00e1 com 11 vagas abertas para diferentes cargos. Cada posi\u00e7\u00e3o \u00e9 crucial para o funcionamento da empresa e oferece uma oportunidade \u00fanica para quem deseja crescer na \u00e1rea agr\u00edcola. Abaixo, voc\u00ea confere as vagas dispon\u00edveis:<\/p>\n\n\n\n<figure class=\"wp-block-image size-large\"><img loading=\"lazy\" decoding=\"async\" width=\"1024\" height=\"576\" src=\"https:\/\/www.vagadeempregorj.com.br\/wp-content\/uploads\/2024\/09\/image-27-1024x576.png\" alt=\"\" class=\"wp-image-40802\" srcset=\"https:\/\/www.vagadeempregorj.com.br\/wp-content\/uploads\/2024\/09\/image-27-1024x576.png 1024w, https:\/\/www.vagadeempregorj.com.br\/wp-content\/uploads\/2024\/09\/image-27-300x169.png 300w, https:\/\/www.vagadeempregorj.com.br\/wp-content\/uploads\/2024\/09\/image-27-768x432.png 768w, https:\/\/www.vagadeempregorj.com.br\/wp-content\/uploads\/2024\/09\/image-27-383x215.png 383w, https:\/\/www.vagadeempregorj.com.br\/wp-content\/uploads\/2024\/09\/image-27-150x84.png 150w, https:\/\/www.vagadeempregorj.com.br\/wp-content\/uploads\/2024\/09\/image-27.png 1280w\" sizes=\"auto, (max-width: 1024px) 100vw, 1024px\" \/><\/figure>\n\n\n\n<h3 class=\"wp-block-heading\"><strong>1. Engenheiro Agr\u00f4nomo<\/strong><\/h3>\n\n\n\n<ul class=\"wp-block-list\">\n<li><strong>Descri\u00e7\u00e3o<\/strong>: O Engenheiro Agr\u00f4nomo ser\u00e1 respons\u00e1vel pelo planejamento e gerenciamento de cultivos, an\u00e1lise de solo e desenvolvimento de t\u00e9cnicas para otimizar a produ\u00e7\u00e3o.<\/li>\n\n\n\n<li><strong>Requisitos<\/strong>: Gradua\u00e7\u00e3o em Engenharia Agron\u00f4mica, experi\u00eancia pr\u00e9via na \u00e1rea e habilidades de gest\u00e3o de projetos.<\/li>\n<\/ul>\n\n\n\n<h3 class=\"wp-block-heading\"><strong>2. T\u00e9cnico Agr\u00edcola<\/strong><\/h3>\n\n\n\n<ul class=\"wp-block-list\">\n<li><strong>Descri\u00e7\u00e3o<\/strong>: Atuar\u00e1 na implementa\u00e7\u00e3o de pr\u00e1ticas agr\u00edcolas, suporte t\u00e9cnico aos produtores e acompanhamento de cultivos.<\/li>\n\n\n\n<li><strong>Requisitos<\/strong>: T\u00e9cnico em Agropecu\u00e1ria ou \u00e1reas afins, experi\u00eancia em campo e capacidade de trabalho em equipe.<\/li>\n<\/ul>\n\n\n\n<h3 class=\"wp-block-heading\"><strong>3. Analista de Log\u00edstica<\/strong><\/h3>\n\n\n\n<ul class=\"wp-block-list\">\n<li><strong>Descri\u00e7\u00e3o<\/strong>: O Analista de Log\u00edstica ir\u00e1 coordenar o fluxo de produtos e insumos, garantindo efici\u00eancia e redu\u00e7\u00e3o de custos.<\/li>\n\n\n\n<li><strong>Requisitos<\/strong>: Gradua\u00e7\u00e3o em Log\u00edstica, Administra\u00e7\u00e3o ou \u00e1reas relacionadas, experi\u00eancia em gest\u00e3o de cadeia de suprimentos.<\/li>\n<\/ul>\n\n\n\n<h3 class=\"wp-block-heading\"><strong>4. Assistente de Produ\u00e7\u00e3o<\/strong><\/h3>\n\n\n\n<ul class=\"wp-block-list\">\n<li><strong>Descri\u00e7\u00e3o<\/strong>: Auxiliar\u00e1 na supervis\u00e3o das atividades di\u00e1rias de produ\u00e7\u00e3o, monitoramento de processos e controle de qualidade.<\/li>\n\n\n\n<li><strong>Requisitos<\/strong>: Forma\u00e7\u00e3o t\u00e9cnica ou superior em \u00e1reas relevantes, experi\u00eancia em produ\u00e7\u00e3o agr\u00edcola e boa capacidade de organiza\u00e7\u00e3o.<\/li>\n<\/ul>\n\n\n\n<h3 class=\"wp-block-heading\"><strong>5. Coordenador de Vendas<\/strong><\/h3>\n\n\n\n<ul class=\"wp-block-list\">\n<li><strong>Descri\u00e7\u00e3o<\/strong>: Ser\u00e1 respons\u00e1vel por liderar a equipe de vendas, desenvolver estrat\u00e9gias e expandir a base de clientes.<\/li>\n\n\n\n<li><strong>Requisitos<\/strong>: Gradua\u00e7\u00e3o em Administra\u00e7\u00e3o, Marketing ou \u00e1reas afins, experi\u00eancia em vendas e habilidades de lideran\u00e7a.<\/li>\n<\/ul>\n\n\n\n<h3 class=\"wp-block-heading\"><strong>6. Motorista de Caminh\u00e3o<\/strong><\/h3>\n\n\n\n<ul class=\"wp-block-list\">\n<li><strong>Descri\u00e7\u00e3o<\/strong>: Ir\u00e1 realizar o transporte de produtos e insumos entre as unidades da empresa e clientes.<\/li>\n\n\n\n<li><strong>Requisitos<\/strong>: CNH categoria D ou E, experi\u00eancia como motorista de caminh\u00e3o e conhecimento das rotas da regi\u00e3o.<\/li>\n<\/ul>\n\n\n\n<h3 class=\"wp-block-heading\"><strong>7. T\u00e9cnico em Meio Ambiente<\/strong><\/h3>\n\n\n\n<ul class=\"wp-block-list\">\n<li><strong>Descri\u00e7\u00e3o<\/strong>: Far\u00e1 a gest\u00e3o dos impactos ambientais das atividades da empresa, garantindo conformidade com as normas ambientais.<\/li>\n\n\n\n<li><strong>Requisitos<\/strong>: Forma\u00e7\u00e3o em T\u00e9cnico em Meio Ambiente ou \u00e1reas afins, conhecimento das legisla\u00e7\u00f5es ambientais e experi\u00eancia na \u00e1rea.<\/li>\n<\/ul>\n\n\n\n<h3 class=\"wp-block-heading\"><strong>8. Operador de M\u00e1quinas<\/strong><\/h3>\n\n\n\n<ul class=\"wp-block-list\">\n<li><strong>Descri\u00e7\u00e3o<\/strong>: Operar\u00e1 diversos tipos de m\u00e1quinas agr\u00edcolas, garantindo o correto funcionamento e manuten\u00e7\u00e3o dos equipamentos.<\/li>\n\n\n\n<li><strong>Requisitos<\/strong>: Experi\u00eancia na opera\u00e7\u00e3o de m\u00e1quinas agr\u00edcolas e treinamento espec\u00edfico na \u00e1rea.<\/li>\n<\/ul>\n\n\n\n<h3 class=\"wp-block-heading\"><strong>9. Analista Financeiro<\/strong><\/h3>\n\n\n\n<ul class=\"wp-block-list\">\n<li><strong>Descri\u00e7\u00e3o<\/strong>: Atuar\u00e1 na an\u00e1lise e controle das finan\u00e7as da empresa, elabora\u00e7\u00e3o de relat\u00f3rios e suporte na tomada de decis\u00f5es financeiras.<\/li>\n\n\n\n<li><strong>Requisitos<\/strong>: Gradua\u00e7\u00e3o em Contabilidade, Finan\u00e7as ou \u00e1reas relacionadas, experi\u00eancia pr\u00e9via em an\u00e1lise financeira.<\/li>\n<\/ul>\n\n\n\n<h3 class=\"wp-block-heading\"><strong>10. Supervisor de Produ\u00e7\u00e3o<\/strong><\/h3>\n\n\n\n<ul class=\"wp-block-list\">\n<li><strong>Descri\u00e7\u00e3o<\/strong>: Ir\u00e1 supervisionar as opera\u00e7\u00f5es di\u00e1rias, coordenar equipes e assegurar que as metas de produ\u00e7\u00e3o sejam cumpridas.<\/li>\n\n\n\n<li><strong>Requisitos<\/strong>: Gradua\u00e7\u00e3o em Engenharia Agron\u00f4mica, Administra\u00e7\u00e3o ou \u00e1reas similares, experi\u00eancia em supervis\u00e3o e gest\u00e3o de equipe.<\/li>\n<\/ul>\n\n\n\n<h3 class=\"wp-block-heading\"><strong>11. Analista de Recursos Humanos<\/strong><\/h3>\n\n\n\n<ul class=\"wp-block-list\">\n<li><strong>Descri\u00e7\u00e3o<\/strong>: Far\u00e1 a gest\u00e3o dos processos de recrutamento e sele\u00e7\u00e3o, treinamento e desenvolvimento de colaboradores.<\/li>\n\n\n\n<li><strong>Requisitos<\/strong>: Gradua\u00e7\u00e3o em Recursos Humanos, Psicologia ou \u00e1reas afins, experi\u00eancia em gest\u00e3o de pessoas e processos de RH.<\/li>\n<\/ul>\n\n\n\n<h2 class=\"wp-block-heading\"><strong>Como se candidatar?<\/strong><\/h2>\n\n\n\n<p>Se alguma dessas vagas chamou sua aten\u00e7\u00e3o e voc\u00ea est\u00e1 pronto para dar o pr\u00f3ximo passo na sua carreira, siga estas instru\u00e7\u00f5es para se candidatar e prepare seu <a href=\"https:\/\/escritoradesucesso.com.br\/textos-prontos-para-enviar-curriculo-por-whatsapp\/\">curr\u00edculo<\/a>:<\/p>\n\n\n\n<ul class=\"wp-block-list\">\n<li>Copie e cole o endere\u00e7o <strong>https:\/\/gupy.io\/agrinorte<\/strong> em seu navegador.<\/li>\n\n\n\n<li>Acesse a p\u00e1gina e encontre a oportunidade que mais combina com seu perfil.<\/li>\n\n\n\n<li>Siga as instru\u00e7\u00f5es fornecidas para enviar sua candidatura.<\/li>\n<\/ul>\n\n\n\n<p>N\u00e3o perca a chance de fazer parte de uma empresa renomada no setor agr\u00edcola e impulsionar sua carreira com novas oportunidades.<\/p>\n\n\n\n<p><strong>Veja tamb\u00e9m: <a href=\"https:\/\/www.vagadeempregorj.com.br\/ar\/motz-18-vagas-de-emprego-remotas-e-presenciais-pelo-pais\/\">Motz: 18 vagas de emprego remotas e presenciais pelo pa\u00eds<\/a><\/strong><\/p>\n\n\n\n<p>26 de setembro de 2024<\/p>","protected":false},"excerpt":{"rendered":"<p>A Agrinorte, uma das principais empresas do setor agr\u00edcola na regi\u00e3o Norte do Brasil, est\u00e1 com uma oferta de emprego que promete movimentar o mercado de trabalho local. Com um portf\u00f3lio diversificado e uma s\u00f3lida presen\u00e7a no Par\u00e1, a empresa est\u00e1 expandindo suas opera\u00e7\u00f5es e busca novos talentos para fortalecer sua equipe. Se voc\u00ea est\u00e1&hellip;&nbsp;<\/p>","protected":false},"author":16,"featured_media":40802,"comment_status":"closed","ping_status":"closed","sticky":false,"template":"","format":"standard","meta":{"neve_meta_sidebar":"","neve_meta_container":"","neve_meta_enable_content_width":"","neve_meta_content_width":0,"neve_meta_title_alignment":"","neve_meta_author_avatar":"","neve_post_elements_order":"","neve_meta_disable_header":"","neve_meta_disable_footer":"","neve_meta_disable_title":"","footnotes":""},"categories":[123],"tags":[830,608],"class_list":["post-40782","post","type-post","status-publish","format-standard","has-post-thumbnail","hentry","category-vagas-de-emprego-nacionais","tag-empregos","tag-oportunidades"],"yoast_head":"<!-- This site is optimized with the Yoast SEO plugin v27.5 - https:\/\/yoast.com\/product\/yoast-seo-wordpress\/ -->\n<title>Agrinorte: 11 vagas de emprego abertas no Par\u00e1 -<\/title>\n<meta name=\"description\" content=\"Veja em Vagas de Emprego RJ as vagas de emprego com e sem experi\u00eancia no seu Estado e Regi\u00e3o!\" \/>\n<meta name=\"robots\" content=\"index, follow, max-snippet:-1, max-image-preview:large, max-video-preview:-1\" \/>\n<link rel=\"canonical\" href=\"https:\/\/www.vagadeempregorj.com.br\/ar\/agrinorte-11-vagas-de-emprego-abertas-no-para\/\" \/>\n<meta property=\"og:locale\" content=\"ar_AR\" \/>\n<meta property=\"og:type\" content=\"article\" \/>\n<meta property=\"og:title\" content=\"Agrinorte: 11 vagas de emprego abertas no Par\u00e1 -\" \/>\n<meta property=\"og:description\" content=\"Veja em Vagas de Emprego RJ as vagas de emprego com e sem experi\u00eancia no seu Estado e Regi\u00e3o!\" \/>\n<meta property=\"og:url\" content=\"https:\/\/www.vagadeempregorj.com.br\/ar\/agrinorte-11-vagas-de-emprego-abertas-no-para\/\" \/>\n<meta property=\"article:publisher\" content=\"https:\/\/www.facebook.com\/empregobrasiloficial\" \/>\n<meta property=\"article:published_time\" content=\"2024-09-26T09:00:00+00:00\" \/>\n<meta property=\"og:image\" content=\"https:\/\/www.vagadeempregorj.com.br\/wp-content\/uploads\/2024\/09\/image-27.png\" \/>\n\t<meta property=\"og:image:width\" content=\"1280\" \/>\n\t<meta property=\"og:image:height\" content=\"720\" \/>\n\t<meta property=\"og:image:type\" content=\"image\/png\" \/>\n<meta name=\"author\" content=\"Michele\" \/>\n<meta name=\"twitter:card\" content=\"summary_large_image\" \/>\n<meta name=\"twitter:label1\" content=\"\u0643\u064f\u062a\u0628 \u0628\u0648\u0627\u0633\u0637\u0629\" \/>\n\t<meta name=\"twitter:data1\" content=\"Michele\" \/>\n\t<meta name=\"twitter:label2\" content=\"\u0648\u0642\u062a \u0627\u0644\u0642\u0631\u0627\u0621\u0629 \u0627\u0644\u0645\u064f\u0642\u062f\u0651\u0631\" \/>\n\t<meta name=\"twitter:data2\" content=\"4 \u062f\u0642\u0627\u0626\u0642\" \/>\n<script type=\"application\/ld+json\" class=\"yoast-schema-graph\">{\"@context\":\"https:\\\/\\\/schema.org\",\"@graph\":[{\"@type\":\"Article\",\"@id\":\"https:\\\/\\\/www.vagadeempregorj.com.br\\\/agrinorte-11-vagas-de-emprego-abertas-no-para\\\/#article\",\"isPartOf\":{\"@id\":\"https:\\\/\\\/www.vagadeempregorj.com.br\\\/agrinorte-11-vagas-de-emprego-abertas-no-para\\\/\"},\"author\":{\"name\":\"Michele\",\"@id\":\"https:\\\/\\\/www.vagadeempregorj.com.br\\\/#\\\/schema\\\/person\\\/3ddb19fa0539706786e502152f3aae95\"},\"headline\":\"Agrinorte: 11 vagas de emprego abertas no Par\u00e1\",\"datePublished\":\"2024-09-26T09:00:00+00:00\",\"mainEntityOfPage\":{\"@id\":\"https:\\\/\\\/www.vagadeempregorj.com.br\\\/agrinorte-11-vagas-de-emprego-abertas-no-para\\\/\"},\"wordCount\":756,\"image\":{\"@id\":\"https:\\\/\\\/www.vagadeempregorj.com.br\\\/agrinorte-11-vagas-de-emprego-abertas-no-para\\\/#primaryimage\"},\"thumbnailUrl\":\"https:\\\/\\\/www.vagadeempregorj.com.br\\\/wp-content\\\/uploads\\\/2024\\\/09\\\/image-27.png\",\"keywords\":[\"empregos\",\"oportunidades\"],\"articleSection\":[\"Vagas de Emprego Nacionais\"],\"inLanguage\":\"ar\"},{\"@type\":\"WebPage\",\"@id\":\"https:\\\/\\\/www.vagadeempregorj.com.br\\\/agrinorte-11-vagas-de-emprego-abertas-no-para\\\/\",\"url\":\"https:\\\/\\\/www.vagadeempregorj.com.br\\\/agrinorte-11-vagas-de-emprego-abertas-no-para\\\/\",\"name\":\"Agrinorte: 11 vagas de emprego abertas no Par\u00e1 -\",\"isPartOf\":{\"@id\":\"https:\\\/\\\/www.vagadeempregorj.com.br\\\/#website\"},\"primaryImageOfPage\":{\"@id\":\"https:\\\/\\\/www.vagadeempregorj.com.br\\\/agrinorte-11-vagas-de-emprego-abertas-no-para\\\/#primaryimage\"},\"image\":{\"@id\":\"https:\\\/\\\/www.vagadeempregorj.com.br\\\/agrinorte-11-vagas-de-emprego-abertas-no-para\\\/#primaryimage\"},\"thumbnailUrl\":\"https:\\\/\\\/www.vagadeempregorj.com.br\\\/wp-content\\\/uploads\\\/2024\\\/09\\\/image-27.png\",\"datePublished\":\"2024-09-26T09:00:00+00:00\",\"author\":{\"@id\":\"https:\\\/\\\/www.vagadeempregorj.com.br\\\/#\\\/schema\\\/person\\\/3ddb19fa0539706786e502152f3aae95\"},\"description\":\"Veja em Vagas de Emprego RJ as vagas de emprego com e sem experi\u00eancia no seu Estado e Regi\u00e3o!\",\"breadcrumb\":{\"@id\":\"https:\\\/\\\/www.vagadeempregorj.com.br\\\/agrinorte-11-vagas-de-emprego-abertas-no-para\\\/#breadcrumb\"},\"inLanguage\":\"ar\",\"potentialAction\":[{\"@type\":\"ReadAction\",\"target\":[\"https:\\\/\\\/www.vagadeempregorj.com.br\\\/agrinorte-11-vagas-de-emprego-abertas-no-para\\\/\"]}]},{\"@type\":\"ImageObject\",\"inLanguage\":\"ar\",\"@id\":\"https:\\\/\\\/www.vagadeempregorj.com.br\\\/agrinorte-11-vagas-de-emprego-abertas-no-para\\\/#primaryimage\",\"url\":\"https:\\\/\\\/www.vagadeempregorj.com.br\\\/wp-content\\\/uploads\\\/2024\\\/09\\\/image-27.png\",\"contentUrl\":\"https:\\\/\\\/www.vagadeempregorj.com.br\\\/wp-content\\\/uploads\\\/2024\\\/09\\\/image-27.png\",\"width\":1280,\"height\":720},{\"@type\":\"BreadcrumbList\",\"@id\":\"https:\\\/\\\/www.vagadeempregorj.com.br\\\/agrinorte-11-vagas-de-emprego-abertas-no-para\\\/#breadcrumb\",\"itemListElement\":[{\"@type\":\"ListItem\",\"position\":1,\"name\":\"In\u00edcio\",\"item\":\"https:\\\/\\\/www.vagadeempregorj.com.br\\\/\"},{\"@type\":\"ListItem\",\"position\":2,\"name\":\"Vagas de Emprego Nacionais\",\"item\":\"https:\\\/\\\/www.vagadeempregorj.com.br\\\/vagas-de-emprego-nacionais\\\/\"},{\"@type\":\"ListItem\",\"position\":3,\"name\":\"Agrinorte: 11 vagas de emprego abertas no Par\u00e1\"}]},{\"@type\":\"WebSite\",\"@id\":\"https:\\\/\\\/www.vagadeempregorj.com.br\\\/#website\",\"url\":\"https:\\\/\\\/www.vagadeempregorj.com.br\\\/\",\"name\":\"\",\"description\":\"Conquiste Sonhos: Vagas, Benef\u00edcios e Economia para Transformar Vidas e Alcan\u00e7ar Melhorias Cotidianas\",\"potentialAction\":[{\"@type\":\"SearchAction\",\"target\":{\"@type\":\"EntryPoint\",\"urlTemplate\":\"https:\\\/\\\/www.vagadeempregorj.com.br\\\/?s={search_term_string}\"},\"query-input\":{\"@type\":\"PropertyValueSpecification\",\"valueRequired\":true,\"valueName\":\"search_term_string\"}}],\"inLanguage\":\"ar\"},{\"@type\":\"Person\",\"@id\":\"https:\\\/\\\/www.vagadeempregorj.com.br\\\/#\\\/schema\\\/person\\\/3ddb19fa0539706786e502152f3aae95\",\"name\":\"Michele\",\"image\":{\"@type\":\"ImageObject\",\"inLanguage\":\"ar\",\"@id\":\"https:\\\/\\\/secure.gravatar.com\\\/avatar\\\/6b0eb9d22841282815e2cd856a0061c45e1761cd54b22e952d98c4746939aa85?s=96&r=g\",\"url\":\"https:\\\/\\\/secure.gravatar.com\\\/avatar\\\/6b0eb9d22841282815e2cd856a0061c45e1761cd54b22e952d98c4746939aa85?s=96&r=g\",\"contentUrl\":\"https:\\\/\\\/secure.gravatar.com\\\/avatar\\\/6b0eb9d22841282815e2cd856a0061c45e1761cd54b22e952d98c4746939aa85?s=96&r=g\",\"caption\":\"Michele\"},\"description\":\"Formada em Letras - Portugu\u00eas\\\/ Ingl\u00eas, e idealizadora do site Escritora de Sucesso, busca expandir o conhecimento de todos com informa\u00e7\u00f5es relevantes sobre diversos assuntos, enquanto redatora. No Vaga de Emprego RJ, traz oportunidades e dicas sobre o mercado de trabalho.\",\"url\":\"https:\\\/\\\/www.vagadeempregorj.com.br\\\/ar\\\/author\\\/michele\\\/\"}]}<\/script>\n<!-- \/ Yoast SEO plugin. -->","yoast_head_json":{"title":"Agrinorte: 11 vagas de emprego abertas no Par\u00e1 -","description":"Veja em Vagas de Emprego RJ as vagas de emprego com e sem experi\u00eancia no seu Estado e Regi\u00e3o!","robots":{"index":"index","follow":"follow","max-snippet":"max-snippet:-1","max-image-preview":"max-image-preview:large","max-video-preview":"max-video-preview:-1"},"canonical":"https:\/\/www.vagadeempregorj.com.br\/ar\/agrinorte-11-vagas-de-emprego-abertas-no-para\/","og_locale":"ar_AR","og_type":"article","og_title":"Agrinorte: 11 vagas de emprego abertas no Par\u00e1 -","og_description":"Veja em Vagas de Emprego RJ as vagas de emprego com e sem experi\u00eancia no seu Estado e Regi\u00e3o!","og_url":"https:\/\/www.vagadeempregorj.com.br\/ar\/agrinorte-11-vagas-de-emprego-abertas-no-para\/","article_publisher":"https:\/\/www.facebook.com\/empregobrasiloficial","article_published_time":"2024-09-26T09:00:00+00:00","og_image":[{"width":1280,"height":720,"url":"https:\/\/www.vagadeempregorj.com.br\/wp-content\/uploads\/2024\/09\/image-27.png","type":"image\/png"}],"author":"Michele","twitter_card":"summary_large_image","twitter_misc":{"\u0643\u064f\u062a\u0628 \u0628\u0648\u0627\u0633\u0637\u0629":"Michele","\u0648\u0642\u062a \u0627\u0644\u0642\u0631\u0627\u0621\u0629 \u0627\u0644\u0645\u064f\u0642\u062f\u0651\u0631":"4 \u062f\u0642\u0627\u0626\u0642"},"schema":{"@context":"https:\/\/schema.org","@graph":[{"@type":"Article","@id":"https:\/\/www.vagadeempregorj.com.br\/agrinorte-11-vagas-de-emprego-abertas-no-para\/#article","isPartOf":{"@id":"https:\/\/www.vagadeempregorj.com.br\/agrinorte-11-vagas-de-emprego-abertas-no-para\/"},"author":{"name":"Michele","@id":"https:\/\/www.vagadeempregorj.com.br\/#\/schema\/person\/3ddb19fa0539706786e502152f3aae95"},"headline":"Agrinorte: 11 vagas de emprego abertas no Par\u00e1","datePublished":"2024-09-26T09:00:00+00:00","mainEntityOfPage":{"@id":"https:\/\/www.vagadeempregorj.com.br\/agrinorte-11-vagas-de-emprego-abertas-no-para\/"},"wordCount":756,"image":{"@id":"https:\/\/www.vagadeempregorj.com.br\/agrinorte-11-vagas-de-emprego-abertas-no-para\/#primaryimage"},"thumbnailUrl":"https:\/\/www.vagadeempregorj.com.br\/wp-content\/uploads\/2024\/09\/image-27.png","keywords":["empregos","oportunidades"],"articleSection":["Vagas de Emprego Nacionais"],"inLanguage":"ar"},{"@type":"WebPage","@id":"https:\/\/www.vagadeempregorj.com.br\/agrinorte-11-vagas-de-emprego-abertas-no-para\/","url":"https:\/\/www.vagadeempregorj.com.br\/agrinorte-11-vagas-de-emprego-abertas-no-para\/","name":"Agrinorte: 11 vagas de emprego abertas no Par\u00e1 -","isPartOf":{"@id":"https:\/\/www.vagadeempregorj.com.br\/#website"},"primaryImageOfPage":{"@id":"https:\/\/www.vagadeempregorj.com.br\/agrinorte-11-vagas-de-emprego-abertas-no-para\/#primaryimage"},"image":{"@id":"https:\/\/www.vagadeempregorj.com.br\/agrinorte-11-vagas-de-emprego-abertas-no-para\/#primaryimage"},"thumbnailUrl":"https:\/\/www.vagadeempregorj.com.br\/wp-content\/uploads\/2024\/09\/image-27.png","datePublished":"2024-09-26T09:00:00+00:00","author":{"@id":"https:\/\/www.vagadeempregorj.com.br\/#\/schema\/person\/3ddb19fa0539706786e502152f3aae95"},"description":"Veja em Vagas de Emprego RJ as vagas de emprego com e sem experi\u00eancia no seu Estado e Regi\u00e3o!","breadcrumb":{"@id":"https:\/\/www.vagadeempregorj.com.br\/agrinorte-11-vagas-de-emprego-abertas-no-para\/#breadcrumb"},"inLanguage":"ar","potentialAction":[{"@type":"ReadAction","target":["https:\/\/www.vagadeempregorj.com.br\/agrinorte-11-vagas-de-emprego-abertas-no-para\/"]}]},{"@type":"ImageObject","inLanguage":"ar","@id":"https:\/\/www.vagadeempregorj.com.br\/agrinorte-11-vagas-de-emprego-abertas-no-para\/#primaryimage","url":"https:\/\/www.vagadeempregorj.com.br\/wp-content\/uploads\/2024\/09\/image-27.png","contentUrl":"https:\/\/www.vagadeempregorj.com.br\/wp-content\/uploads\/2024\/09\/image-27.png","width":1280,"height":720},{"@type":"BreadcrumbList","@id":"https:\/\/www.vagadeempregorj.com.br\/agrinorte-11-vagas-de-emprego-abertas-no-para\/#breadcrumb","itemListElement":[{"@type":"ListItem","position":1,"name":"In\u00edcio","item":"https:\/\/www.vagadeempregorj.com.br\/"},{"@type":"ListItem","position":2,"name":"Vagas de Emprego Nacionais","item":"https:\/\/www.vagadeempregorj.com.br\/vagas-de-emprego-nacionais\/"},{"@type":"ListItem","position":3,"name":"Agrinorte: 11 vagas de emprego abertas no Par\u00e1"}]},{"@type":"WebSite","@id":"https:\/\/www.vagadeempregorj.com.br\/#website","url":"https:\/\/www.vagadeempregorj.com.br\/","name":"","description":"\u062a\u062d\u0642\u064a\u0642 \u0627\u0644\u0623\u062d\u0644\u0627\u0645: \u0641\u0631\u0635 \u0639\u0645\u0644\u060c \u0645\u0632\u0627\u064a\u0627\u060c \u0648\u062a\u0648\u0641\u064a\u0631\u0627\u062a \u0644\u062a\u063a\u064a\u064a\u0631 \u0627\u0644\u062d\u064a\u0627\u0629 \u0648\u062a\u062d\u0642\u064a\u0642 \u062a\u062d\u0633\u064a\u0646\u0627\u062a \u064a\u0648\u0645\u064a\u0629","potentialAction":[{"@type":"SearchAction","target":{"@type":"EntryPoint","urlTemplate":"https:\/\/www.vagadeempregorj.com.br\/?s={search_term_string}"},"query-input":{"@type":"PropertyValueSpecification","valueRequired":true,"valueName":"search_term_string"}}],"inLanguage":"ar"},{"@type":"Person","@id":"https:\/\/www.vagadeempregorj.com.br\/#\/schema\/person\/3ddb19fa0539706786e502152f3aae95","name":"Michele","image":{"@type":"ImageObject","inLanguage":"ar","@id":"https:\/\/secure.gravatar.com\/avatar\/6b0eb9d22841282815e2cd856a0061c45e1761cd54b22e952d98c4746939aa85?s=96&r=g","url":"https:\/\/secure.gravatar.com\/avatar\/6b0eb9d22841282815e2cd856a0061c45e1761cd54b22e952d98c4746939aa85?s=96&r=g","contentUrl":"https:\/\/secure.gravatar.com\/avatar\/6b0eb9d22841282815e2cd856a0061c45e1761cd54b22e952d98c4746939aa85?s=96&r=g","caption":"Michele"},"description":"Formada em Letras - Portugu\u00eas\/ Ingl\u00eas, e idealizadora do site Escritora de Sucesso, busca expandir o conhecimento de todos com informa\u00e7\u00f5es relevantes sobre diversos assuntos, enquanto redatora. No Vaga de Emprego RJ, traz oportunidades e dicas sobre o mercado de trabalho.","url":"https:\/\/www.vagadeempregorj.com.br\/ar\/author\/michele\/"}]}},"_links":{"self":[{"href":"https:\/\/www.vagadeempregorj.com.br\/ar\/wp-json\/wp\/v2\/posts\/40782","targetHints":{"allow":["GET"]}}],"collection":[{"href":"https:\/\/www.vagadeempregorj.com.br\/ar\/wp-json\/wp\/v2\/posts"}],"about":[{"href":"https:\/\/www.vagadeempregorj.com.br\/ar\/wp-json\/wp\/v2\/types\/post"}],"author":[{"embeddable":true,"href":"https:\/\/www.vagadeempregorj.com.br\/ar\/wp-json\/wp\/v2\/users\/16"}],"replies":[{"embeddable":true,"href":"https:\/\/www.vagadeempregorj.com.br\/ar\/wp-json\/wp\/v2\/comments?post=40782"}],"version-history":[{"count":0,"href":"https:\/\/www.vagadeempregorj.com.br\/ar\/wp-json\/wp\/v2\/posts\/40782\/revisions"}],"wp:featuredmedia":[{"embeddable":true,"href":"https:\/\/www.vagadeempregorj.com.br\/ar\/wp-json\/wp\/v2\/media\/40802"}],"wp:attachment":[{"href":"https:\/\/www.vagadeempregorj.com.br\/ar\/wp-json\/wp\/v2\/media?parent=40782"}],"wp:term":[{"taxonomy":"category","embeddable":true,"href":"https:\/\/www.vagadeempregorj.com.br\/ar\/wp-json\/wp\/v2\/categories?post=40782"},{"taxonomy":"post_tag","embeddable":true,"href":"https:\/\/www.vagadeempregorj.com.br\/ar\/wp-json\/wp\/v2\/tags?post=40782"}],"curies":[{"name":"wp","href":"https:\/\/api.w.org\/{rel}","templated":true}]}}