{"id":40788,"date":"2024-09-29T06:00:00","date_gmt":"2024-09-29T09:00:00","guid":{"rendered":"https:\/\/www.vagadeempregorj.com.br\/?p=40788"},"modified":"2024-09-18T17:15:34","modified_gmt":"2024-09-18T20:15:34","slug":"raizen-603-vagas-de-emprego-abertas-pelo-brasil","status":"publish","type":"post","link":"https:\/\/www.vagadeempregorj.com.br\/ar\/raizen-603-vagas-de-emprego-abertas-pelo-brasil\/","title":{"rendered":"Ra\u00edzen: 603 vagas de emprego abertas pelo Brasil"},"content":{"rendered":"<p>A <strong>Ra\u00edzen<\/strong>, uma das maiores empresas do setor de energia e bioenergia no Brasil, est\u00e1 com uma impressionante oferta de 603 vagas de emprego espalhadas por diversas regi\u00f5es do pa\u00eds. Esta \u00e9 uma oportunidade de ouro para quem est\u00e1 buscando um novo desafio profissional ou deseja iniciar uma carreira em uma empresa renomada no mercado. Com uma atua\u00e7\u00e3o que abrange desde a produ\u00e7\u00e3o de etanol e a\u00e7\u00facar at\u00e9 a gera\u00e7\u00e3o de energia el\u00e9trica e distribui\u00e7\u00e3o de combust\u00edveis, a Ra\u00edzen se destaca pela sua forte presen\u00e7a no mercado e seu compromisso com a inova\u00e7\u00e3o e a sustentabilidade.<\/p>\n\n\n\n<h2 class=\"wp-block-heading\"><strong>Quais s\u00e3o as vagas de emprego abertas pela Ra\u00edzen?<\/strong><\/h2>\n\n\n\n<p>A Ra\u00edzen oferece uma ampla gama de oportunidades que atendem a diferentes perfis e qualifica\u00e7\u00f5es. As vagas est\u00e3o distribu\u00eddas em diversas \u00e1reas, o que garante que h\u00e1 algo para todos os profissionais, independentemente de sua forma\u00e7\u00e3o ou experi\u00eancia. Abaixo, listamos algumas das principais vagas dispon\u00edveis:<\/p>\n\n\n\n<figure class=\"wp-block-image size-full\"><img loading=\"lazy\" decoding=\"async\" width=\"918\" height=\"474\" src=\"https:\/\/www.vagadeempregorj.com.br\/wp-content\/uploads\/2024\/09\/image-30.png\" alt=\"\" class=\"wp-image-40808\" srcset=\"https:\/\/www.vagadeempregorj.com.br\/wp-content\/uploads\/2024\/09\/image-30.png 918w, https:\/\/www.vagadeempregorj.com.br\/wp-content\/uploads\/2024\/09\/image-30-300x155.png 300w, https:\/\/www.vagadeempregorj.com.br\/wp-content\/uploads\/2024\/09\/image-30-768x397.png 768w, https:\/\/www.vagadeempregorj.com.br\/wp-content\/uploads\/2024\/09\/image-30-150x77.png 150w\" sizes=\"auto, (max-width: 918px) 100vw, 918px\" \/><\/figure>\n\n\n\n<h3 class=\"wp-block-heading\"><strong>1. Analista de Seguran\u00e7a do Trabalho<\/strong><\/h3>\n\n\n\n<ul class=\"wp-block-list\">\n<li><strong>Descri\u00e7\u00e3o:<\/strong> Respons\u00e1vel por garantir o cumprimento das normas de seguran\u00e7a e sa\u00fade no ambiente de trabalho. Realiza auditorias e treinamentos, al\u00e9m de implementar melhorias cont\u00ednuas.<\/li>\n\n\n\n<li><strong>Requisitos:<\/strong> Forma\u00e7\u00e3o em Engenharia de Seguran\u00e7a do Trabalho ou \u00e1reas afins, experi\u00eancia pr\u00e9via na fun\u00e7\u00e3o e conhecimento das normas regulamentadoras.<\/li>\n<\/ul>\n\n\n\n<h3 class=\"wp-block-heading\"><strong>2. Engenheiro Agr\u00f4nomo<\/strong><\/h3>\n\n\n\n<ul class=\"wp-block-list\">\n<li><strong>Descri\u00e7\u00e3o:<\/strong> Atua na supervis\u00e3o e coordena\u00e7\u00e3o das atividades agr\u00edcolas, com foco na produ\u00e7\u00e3o eficiente e sustent\u00e1vel de cana-de-a\u00e7\u00facar.<\/li>\n\n\n\n<li><strong>Requisitos:<\/strong> Forma\u00e7\u00e3o em Engenharia Agron\u00f4mica, experi\u00eancia no setor agr\u00edcola e habilidade em gest\u00e3o de equipes.<\/li>\n<\/ul>\n\n\n\n<h3 class=\"wp-block-heading\"><strong>3. T\u00e9cnico em Mec\u00e2nica<\/strong><\/h3>\n\n\n\n<ul class=\"wp-block-list\">\n<li><strong>Descri\u00e7\u00e3o:<\/strong> Respons\u00e1vel pela manuten\u00e7\u00e3o e reparo de m\u00e1quinas e equipamentos, assegurando a continuidade das opera\u00e7\u00f5es sem interrup\u00e7\u00f5es.<\/li>\n\n\n\n<li><strong>Requisitos:<\/strong> Curso t\u00e9cnico em Mec\u00e2nica, experi\u00eancia pr\u00e1tica e conhecimento em manuten\u00e7\u00e3o industrial.<\/li>\n<\/ul>\n\n\n\n<h3 class=\"wp-block-heading\"><strong>4. Operador de Produ\u00e7\u00e3o<\/strong><\/h3>\n\n\n\n<ul class=\"wp-block-list\">\n<li><strong>Descri\u00e7\u00e3o:<\/strong> Atua diretamente na linha de produ\u00e7\u00e3o, operando equipamentos e controlando o processo produtivo de etanol e a\u00e7\u00facar.<\/li>\n\n\n\n<li><strong>Requisitos:<\/strong> Ensino m\u00e9dio completo e experi\u00eancia anterior em fun\u00e7\u00f5es similares.<\/li>\n<\/ul>\n\n\n\n<h3 class=\"wp-block-heading\"><strong>5. Analista de Recursos Humanos<\/strong><\/h3>\n\n\n\n<ul class=\"wp-block-list\">\n<li><strong>Descri\u00e7\u00e3o:<\/strong> Gerencia processos de recrutamento e sele\u00e7\u00e3o, al\u00e9m de atuar em atividades relacionadas \u00e0 gest\u00e3o de talentos e desenvolvimento de pessoas.<\/li>\n\n\n\n<li><strong>Requisitos:<\/strong> Forma\u00e7\u00e3o em Recursos Humanos, Psicologia ou \u00e1reas relacionadas, e experi\u00eancia em processos de RH.<\/li>\n<\/ul>\n\n\n\n<p>Essas s\u00e3o apenas algumas das vagas oferecidas pela Ra\u00edzen. A empresa est\u00e1 em busca de profissionais que compartilhem de sua vis\u00e3o de inova\u00e7\u00e3o e sustentabilidade, e que desejam contribuir para o crescimento cont\u00ednuo da organiza\u00e7\u00e3o.<\/p>\n\n\n\n<h2 class=\"wp-block-heading\"><strong>Como se candidatar?<\/strong><\/h2>\n\n\n\n<p>Se voc\u00ea est\u00e1 interessado em alguma dessas oportunidades e deseja se candidatar, siga os passos abaixo para facilitar o processo:<\/p>\n\n\n\n<ul class=\"wp-block-list\">\n<li><strong>Copie e cole o endere\u00e7o<\/strong> <strong>https:\/\/raizen.gupy.io<\/strong> em seu navegador.<\/li>\n\n\n\n<li><strong>Acesse a p\u00e1gina<\/strong> e encontre uma oportunidade que se encaixe no seu perfil.<\/li>\n\n\n\n<li><strong>Clique na vaga desejada<\/strong> para visualizar detalhes adicionais e seguir as instru\u00e7\u00f5es para se candidatar.<\/li>\n<\/ul>\n\n\n\n<p>Certifique-se de ter um curr\u00edculo atualizado e uma carta de apresenta\u00e7\u00e3o que destaque suas habilidades e experi\u00eancias relevantes para a vaga desejada. Boa sorte na sua candidatura!<\/p>\n\n\n\n<p>A Ra\u00edzen representa uma chance significativa para quem deseja trabalhar em uma empresa que n\u00e3o apenas \u00e9 l\u00edder em seu setor, mas tamb\u00e9m se dedica \u00e0 responsabilidade social e \u00e0 inova\u00e7\u00e3o cont\u00ednua. N\u00e3o perca a chance de fazer parte dessa hist\u00f3ria de sucesso.<\/p>\n\n\n\n<p><strong>Veja tamb\u00e9m: <a href=\"https:\/\/www.vagadeempregorj.com.br\/ar\/motz-18-vagas-de-emprego-remotas-e-presenciais-pelo-pais\/\">Motz: 18 vagas de emprego remotas e presenciais pelo pa\u00eds<\/a><\/strong><\/p>\n\n\n\n<p>29 de setembro de 2024<\/p>","protected":false},"excerpt":{"rendered":"<p>A Ra\u00edzen, uma das maiores empresas do setor de energia e bioenergia no Brasil, est\u00e1 com uma impressionante oferta de 603 vagas de emprego espalhadas por diversas regi\u00f5es do pa\u00eds. Esta \u00e9 uma oportunidade de ouro para quem est\u00e1 buscando um novo desafio profissional ou deseja iniciar uma carreira em uma empresa renomada no mercado.&hellip;&nbsp;<\/p>","protected":false},"author":16,"featured_media":40808,"comment_status":"closed","ping_status":"closed","sticky":false,"template":"","format":"standard","meta":{"neve_meta_sidebar":"","neve_meta_container":"","neve_meta_enable_content_width":"","neve_meta_content_width":0,"neve_meta_title_alignment":"","neve_meta_author_avatar":"","neve_post_elements_order":"","neve_meta_disable_header":"","neve_meta_disable_footer":"","neve_meta_disable_title":"","footnotes":""},"categories":[123],"tags":[830,608],"class_list":["post-40788","post","type-post","status-publish","format-standard","has-post-thumbnail","hentry","category-vagas-de-emprego-nacionais","tag-empregos","tag-oportunidades"],"yoast_head":"<!-- This site is optimized with the Yoast SEO plugin v27.5 - https:\/\/yoast.com\/product\/yoast-seo-wordpress\/ -->\n<title>Ra\u00edzen: 603 vagas de emprego abertas pelo Brasil -<\/title>\n<meta name=\"description\" content=\"Veja em Vagas de Emprego RJ as vagas de emprego com e sem experi\u00eancia no seu Estado e Regi\u00e3o!\" \/>\n<meta name=\"robots\" content=\"index, follow, max-snippet:-1, max-image-preview:large, max-video-preview:-1\" \/>\n<link rel=\"canonical\" href=\"https:\/\/www.vagadeempregorj.com.br\/ar\/raizen-603-vagas-de-emprego-abertas-pelo-brasil\/\" \/>\n<meta property=\"og:locale\" content=\"ar_AR\" \/>\n<meta property=\"og:type\" content=\"article\" \/>\n<meta property=\"og:title\" content=\"Ra\u00edzen: 603 vagas de emprego abertas pelo Brasil -\" \/>\n<meta property=\"og:description\" content=\"Veja em Vagas de Emprego RJ as vagas de emprego com e sem experi\u00eancia no seu Estado e Regi\u00e3o!\" \/>\n<meta property=\"og:url\" content=\"https:\/\/www.vagadeempregorj.com.br\/ar\/raizen-603-vagas-de-emprego-abertas-pelo-brasil\/\" \/>\n<meta property=\"article:publisher\" content=\"https:\/\/www.facebook.com\/empregobrasiloficial\" \/>\n<meta property=\"article:published_time\" content=\"2024-09-29T09:00:00+00:00\" \/>\n<meta property=\"og:image\" content=\"https:\/\/www.vagadeempregorj.com.br\/wp-content\/uploads\/2024\/09\/image-30.png\" \/>\n\t<meta property=\"og:image:width\" content=\"918\" \/>\n\t<meta property=\"og:image:height\" content=\"474\" \/>\n\t<meta property=\"og:image:type\" content=\"image\/png\" \/>\n<meta name=\"author\" content=\"Michele\" \/>\n<meta name=\"twitter:card\" content=\"summary_large_image\" \/>\n<meta name=\"twitter:label1\" content=\"Written by\" \/>\n\t<meta name=\"twitter:data1\" content=\"Michele\" \/>\n\t<meta name=\"twitter:label2\" content=\"Est. reading time\" \/>\n\t<meta name=\"twitter:data2\" content=\"3 \u062f\u0642\u0627\u0626\u0642\" \/>\n<script type=\"application\/ld+json\" class=\"yoast-schema-graph\">{\"@context\":\"https:\\\/\\\/schema.org\",\"@graph\":[{\"@type\":\"Article\",\"@id\":\"https:\\\/\\\/www.vagadeempregorj.com.br\\\/raizen-603-vagas-de-emprego-abertas-pelo-brasil\\\/#article\",\"isPartOf\":{\"@id\":\"https:\\\/\\\/www.vagadeempregorj.com.br\\\/raizen-603-vagas-de-emprego-abertas-pelo-brasil\\\/\"},\"author\":{\"name\":\"Michele\",\"@id\":\"https:\\\/\\\/www.vagadeempregorj.com.br\\\/#\\\/schema\\\/person\\\/3ddb19fa0539706786e502152f3aae95\"},\"headline\":\"Ra\u00edzen: 603 vagas de emprego abertas pelo Brasil\",\"datePublished\":\"2024-09-29T09:00:00+00:00\",\"mainEntityOfPage\":{\"@id\":\"https:\\\/\\\/www.vagadeempregorj.com.br\\\/raizen-603-vagas-de-emprego-abertas-pelo-brasil\\\/\"},\"wordCount\":617,\"image\":{\"@id\":\"https:\\\/\\\/www.vagadeempregorj.com.br\\\/raizen-603-vagas-de-emprego-abertas-pelo-brasil\\\/#primaryimage\"},\"thumbnailUrl\":\"https:\\\/\\\/www.vagadeempregorj.com.br\\\/wp-content\\\/uploads\\\/2024\\\/09\\\/image-30.png\",\"keywords\":[\"empregos\",\"oportunidades\"],\"articleSection\":[\"Vagas de Emprego Nacionais\"],\"inLanguage\":\"ar\"},{\"@type\":\"WebPage\",\"@id\":\"https:\\\/\\\/www.vagadeempregorj.com.br\\\/raizen-603-vagas-de-emprego-abertas-pelo-brasil\\\/\",\"url\":\"https:\\\/\\\/www.vagadeempregorj.com.br\\\/raizen-603-vagas-de-emprego-abertas-pelo-brasil\\\/\",\"name\":\"Ra\u00edzen: 603 vagas de emprego abertas pelo Brasil -\",\"isPartOf\":{\"@id\":\"https:\\\/\\\/www.vagadeempregorj.com.br\\\/#website\"},\"primaryImageOfPage\":{\"@id\":\"https:\\\/\\\/www.vagadeempregorj.com.br\\\/raizen-603-vagas-de-emprego-abertas-pelo-brasil\\\/#primaryimage\"},\"image\":{\"@id\":\"https:\\\/\\\/www.vagadeempregorj.com.br\\\/raizen-603-vagas-de-emprego-abertas-pelo-brasil\\\/#primaryimage\"},\"thumbnailUrl\":\"https:\\\/\\\/www.vagadeempregorj.com.br\\\/wp-content\\\/uploads\\\/2024\\\/09\\\/image-30.png\",\"datePublished\":\"2024-09-29T09:00:00+00:00\",\"author\":{\"@id\":\"https:\\\/\\\/www.vagadeempregorj.com.br\\\/#\\\/schema\\\/person\\\/3ddb19fa0539706786e502152f3aae95\"},\"description\":\"Veja em Vagas de Emprego RJ as vagas de emprego com e sem experi\u00eancia no seu Estado e Regi\u00e3o!\",\"breadcrumb\":{\"@id\":\"https:\\\/\\\/www.vagadeempregorj.com.br\\\/raizen-603-vagas-de-emprego-abertas-pelo-brasil\\\/#breadcrumb\"},\"inLanguage\":\"ar\",\"potentialAction\":[{\"@type\":\"ReadAction\",\"target\":[\"https:\\\/\\\/www.vagadeempregorj.com.br\\\/raizen-603-vagas-de-emprego-abertas-pelo-brasil\\\/\"]}]},{\"@type\":\"ImageObject\",\"inLanguage\":\"ar\",\"@id\":\"https:\\\/\\\/www.vagadeempregorj.com.br\\\/raizen-603-vagas-de-emprego-abertas-pelo-brasil\\\/#primaryimage\",\"url\":\"https:\\\/\\\/www.vagadeempregorj.com.br\\\/wp-content\\\/uploads\\\/2024\\\/09\\\/image-30.png\",\"contentUrl\":\"https:\\\/\\\/www.vagadeempregorj.com.br\\\/wp-content\\\/uploads\\\/2024\\\/09\\\/image-30.png\",\"width\":918,\"height\":474},{\"@type\":\"BreadcrumbList\",\"@id\":\"https:\\\/\\\/www.vagadeempregorj.com.br\\\/raizen-603-vagas-de-emprego-abertas-pelo-brasil\\\/#breadcrumb\",\"itemListElement\":[{\"@type\":\"ListItem\",\"position\":1,\"name\":\"In\u00edcio\",\"item\":\"https:\\\/\\\/www.vagadeempregorj.com.br\\\/\"},{\"@type\":\"ListItem\",\"position\":2,\"name\":\"Vagas de Emprego Nacionais\",\"item\":\"https:\\\/\\\/www.vagadeempregorj.com.br\\\/vagas-de-emprego-nacionais\\\/\"},{\"@type\":\"ListItem\",\"position\":3,\"name\":\"Ra\u00edzen: 603 vagas de emprego abertas pelo Brasil\"}]},{\"@type\":\"WebSite\",\"@id\":\"https:\\\/\\\/www.vagadeempregorj.com.br\\\/#website\",\"url\":\"https:\\\/\\\/www.vagadeempregorj.com.br\\\/\",\"name\":\"\",\"description\":\"Conquiste Sonhos: Vagas, Benef\u00edcios e Economia para Transformar Vidas e Alcan\u00e7ar Melhorias Cotidianas\",\"potentialAction\":[{\"@type\":\"SearchAction\",\"target\":{\"@type\":\"EntryPoint\",\"urlTemplate\":\"https:\\\/\\\/www.vagadeempregorj.com.br\\\/?s={search_term_string}\"},\"query-input\":{\"@type\":\"PropertyValueSpecification\",\"valueRequired\":true,\"valueName\":\"search_term_string\"}}],\"inLanguage\":\"ar\"},{\"@type\":\"Person\",\"@id\":\"https:\\\/\\\/www.vagadeempregorj.com.br\\\/#\\\/schema\\\/person\\\/3ddb19fa0539706786e502152f3aae95\",\"name\":\"Michele\",\"image\":{\"@type\":\"ImageObject\",\"inLanguage\":\"ar\",\"@id\":\"https:\\\/\\\/secure.gravatar.com\\\/avatar\\\/6b0eb9d22841282815e2cd856a0061c45e1761cd54b22e952d98c4746939aa85?s=96&r=g\",\"url\":\"https:\\\/\\\/secure.gravatar.com\\\/avatar\\\/6b0eb9d22841282815e2cd856a0061c45e1761cd54b22e952d98c4746939aa85?s=96&r=g\",\"contentUrl\":\"https:\\\/\\\/secure.gravatar.com\\\/avatar\\\/6b0eb9d22841282815e2cd856a0061c45e1761cd54b22e952d98c4746939aa85?s=96&r=g\",\"caption\":\"Michele\"},\"description\":\"Formada em Letras - Portugu\u00eas\\\/ Ingl\u00eas, e idealizadora do site Escritora de Sucesso, busca expandir o conhecimento de todos com informa\u00e7\u00f5es relevantes sobre diversos assuntos, enquanto redatora. No Vaga de Emprego RJ, traz oportunidades e dicas sobre o mercado de trabalho.\",\"url\":\"https:\\\/\\\/www.vagadeempregorj.com.br\\\/ar\\\/author\\\/michele\\\/\"}]}<\/script>\n<!-- \/ Yoast SEO plugin. -->","yoast_head_json":{"title":"Ra\u00edzen: 603 vagas de emprego abertas pelo Brasil -","description":"Veja em Vagas de Emprego RJ as vagas de emprego com e sem experi\u00eancia no seu Estado e Regi\u00e3o!","robots":{"index":"index","follow":"follow","max-snippet":"max-snippet:-1","max-image-preview":"max-image-preview:large","max-video-preview":"max-video-preview:-1"},"canonical":"https:\/\/www.vagadeempregorj.com.br\/ar\/raizen-603-vagas-de-emprego-abertas-pelo-brasil\/","og_locale":"ar_AR","og_type":"article","og_title":"Ra\u00edzen: 603 vagas de emprego abertas pelo Brasil -","og_description":"Veja em Vagas de Emprego RJ as vagas de emprego com e sem experi\u00eancia no seu Estado e Regi\u00e3o!","og_url":"https:\/\/www.vagadeempregorj.com.br\/ar\/raizen-603-vagas-de-emprego-abertas-pelo-brasil\/","article_publisher":"https:\/\/www.facebook.com\/empregobrasiloficial","article_published_time":"2024-09-29T09:00:00+00:00","og_image":[{"width":918,"height":474,"url":"https:\/\/www.vagadeempregorj.com.br\/wp-content\/uploads\/2024\/09\/image-30.png","type":"image\/png"}],"author":"Michele","twitter_card":"summary_large_image","twitter_misc":{"Written by":"Michele","Est. reading time":"3 \u062f\u0642\u0627\u0626\u0642"},"schema":{"@context":"https:\/\/schema.org","@graph":[{"@type":"Article","@id":"https:\/\/www.vagadeempregorj.com.br\/raizen-603-vagas-de-emprego-abertas-pelo-brasil\/#article","isPartOf":{"@id":"https:\/\/www.vagadeempregorj.com.br\/raizen-603-vagas-de-emprego-abertas-pelo-brasil\/"},"author":{"name":"Michele","@id":"https:\/\/www.vagadeempregorj.com.br\/#\/schema\/person\/3ddb19fa0539706786e502152f3aae95"},"headline":"Ra\u00edzen: 603 vagas de emprego abertas pelo Brasil","datePublished":"2024-09-29T09:00:00+00:00","mainEntityOfPage":{"@id":"https:\/\/www.vagadeempregorj.com.br\/raizen-603-vagas-de-emprego-abertas-pelo-brasil\/"},"wordCount":617,"image":{"@id":"https:\/\/www.vagadeempregorj.com.br\/raizen-603-vagas-de-emprego-abertas-pelo-brasil\/#primaryimage"},"thumbnailUrl":"https:\/\/www.vagadeempregorj.com.br\/wp-content\/uploads\/2024\/09\/image-30.png","keywords":["empregos","oportunidades"],"articleSection":["Vagas de Emprego Nacionais"],"inLanguage":"ar"},{"@type":"WebPage","@id":"https:\/\/www.vagadeempregorj.com.br\/raizen-603-vagas-de-emprego-abertas-pelo-brasil\/","url":"https:\/\/www.vagadeempregorj.com.br\/raizen-603-vagas-de-emprego-abertas-pelo-brasil\/","name":"Ra\u00edzen: 603 vagas de emprego abertas pelo Brasil -","isPartOf":{"@id":"https:\/\/www.vagadeempregorj.com.br\/#website"},"primaryImageOfPage":{"@id":"https:\/\/www.vagadeempregorj.com.br\/raizen-603-vagas-de-emprego-abertas-pelo-brasil\/#primaryimage"},"image":{"@id":"https:\/\/www.vagadeempregorj.com.br\/raizen-603-vagas-de-emprego-abertas-pelo-brasil\/#primaryimage"},"thumbnailUrl":"https:\/\/www.vagadeempregorj.com.br\/wp-content\/uploads\/2024\/09\/image-30.png","datePublished":"2024-09-29T09:00:00+00:00","author":{"@id":"https:\/\/www.vagadeempregorj.com.br\/#\/schema\/person\/3ddb19fa0539706786e502152f3aae95"},"description":"Veja em Vagas de Emprego RJ as vagas de emprego com e sem experi\u00eancia no seu Estado e Regi\u00e3o!","breadcrumb":{"@id":"https:\/\/www.vagadeempregorj.com.br\/raizen-603-vagas-de-emprego-abertas-pelo-brasil\/#breadcrumb"},"inLanguage":"ar","potentialAction":[{"@type":"ReadAction","target":["https:\/\/www.vagadeempregorj.com.br\/raizen-603-vagas-de-emprego-abertas-pelo-brasil\/"]}]},{"@type":"ImageObject","inLanguage":"ar","@id":"https:\/\/www.vagadeempregorj.com.br\/raizen-603-vagas-de-emprego-abertas-pelo-brasil\/#primaryimage","url":"https:\/\/www.vagadeempregorj.com.br\/wp-content\/uploads\/2024\/09\/image-30.png","contentUrl":"https:\/\/www.vagadeempregorj.com.br\/wp-content\/uploads\/2024\/09\/image-30.png","width":918,"height":474},{"@type":"BreadcrumbList","@id":"https:\/\/www.vagadeempregorj.com.br\/raizen-603-vagas-de-emprego-abertas-pelo-brasil\/#breadcrumb","itemListElement":[{"@type":"ListItem","position":1,"name":"In\u00edcio","item":"https:\/\/www.vagadeempregorj.com.br\/"},{"@type":"ListItem","position":2,"name":"Vagas de Emprego Nacionais","item":"https:\/\/www.vagadeempregorj.com.br\/vagas-de-emprego-nacionais\/"},{"@type":"ListItem","position":3,"name":"Ra\u00edzen: 603 vagas de emprego abertas pelo Brasil"}]},{"@type":"WebSite","@id":"https:\/\/www.vagadeempregorj.com.br\/#website","url":"https:\/\/www.vagadeempregorj.com.br\/","name":"","description":"Conquiste Sonhos: Vagas, Benef\u00edcios e Economia para Transformar Vidas e Alcan\u00e7ar Melhorias Cotidianas","potentialAction":[{"@type":"SearchAction","target":{"@type":"EntryPoint","urlTemplate":"https:\/\/www.vagadeempregorj.com.br\/?s={search_term_string}"},"query-input":{"@type":"PropertyValueSpecification","valueRequired":true,"valueName":"search_term_string"}}],"inLanguage":"ar"},{"@type":"Person","@id":"https:\/\/www.vagadeempregorj.com.br\/#\/schema\/person\/3ddb19fa0539706786e502152f3aae95","name":"Michele","image":{"@type":"ImageObject","inLanguage":"ar","@id":"https:\/\/secure.gravatar.com\/avatar\/6b0eb9d22841282815e2cd856a0061c45e1761cd54b22e952d98c4746939aa85?s=96&r=g","url":"https:\/\/secure.gravatar.com\/avatar\/6b0eb9d22841282815e2cd856a0061c45e1761cd54b22e952d98c4746939aa85?s=96&r=g","contentUrl":"https:\/\/secure.gravatar.com\/avatar\/6b0eb9d22841282815e2cd856a0061c45e1761cd54b22e952d98c4746939aa85?s=96&r=g","caption":"Michele"},"description":"Formada em Letras - Portugu\u00eas\/ Ingl\u00eas, e idealizadora do site Escritora de Sucesso, busca expandir o conhecimento de todos com informa\u00e7\u00f5es relevantes sobre diversos assuntos, enquanto redatora. No Vaga de Emprego RJ, traz oportunidades e dicas sobre o mercado de trabalho.","url":"https:\/\/www.vagadeempregorj.com.br\/ar\/author\/michele\/"}]}},"_links":{"self":[{"href":"https:\/\/www.vagadeempregorj.com.br\/ar\/wp-json\/wp\/v2\/posts\/40788","targetHints":{"allow":["GET"]}}],"collection":[{"href":"https:\/\/www.vagadeempregorj.com.br\/ar\/wp-json\/wp\/v2\/posts"}],"about":[{"href":"https:\/\/www.vagadeempregorj.com.br\/ar\/wp-json\/wp\/v2\/types\/post"}],"author":[{"embeddable":true,"href":"https:\/\/www.vagadeempregorj.com.br\/ar\/wp-json\/wp\/v2\/users\/16"}],"replies":[{"embeddable":true,"href":"https:\/\/www.vagadeempregorj.com.br\/ar\/wp-json\/wp\/v2\/comments?post=40788"}],"version-history":[{"count":0,"href":"https:\/\/www.vagadeempregorj.com.br\/ar\/wp-json\/wp\/v2\/posts\/40788\/revisions"}],"wp:featuredmedia":[{"embeddable":true,"href":"https:\/\/www.vagadeempregorj.com.br\/ar\/wp-json\/wp\/v2\/media\/40808"}],"wp:attachment":[{"href":"https:\/\/www.vagadeempregorj.com.br\/ar\/wp-json\/wp\/v2\/media?parent=40788"}],"wp:term":[{"taxonomy":"category","embeddable":true,"href":"https:\/\/www.vagadeempregorj.com.br\/ar\/wp-json\/wp\/v2\/categories?post=40788"},{"taxonomy":"post_tag","embeddable":true,"href":"https:\/\/www.vagadeempregorj.com.br\/ar\/wp-json\/wp\/v2\/tags?post=40788"}],"curies":[{"name":"wp","href":"https:\/\/api.w.org\/{rel}","templated":true}]}}