{"id":40790,"date":"2024-09-30T06:00:00","date_gmt":"2024-09-30T09:00:00","guid":{"rendered":"https:\/\/www.vagadeempregorj.com.br\/?p=40790"},"modified":"2024-09-18T17:16:40","modified_gmt":"2024-09-18T20:16:40","slug":"coopercitrus-96-vagas-de-emprego-abertas-pelo-pais","status":"publish","type":"post","link":"https:\/\/www.vagadeempregorj.com.br\/ar\/coopercitrus-96-vagas-de-emprego-abertas-pelo-pais\/","title":{"rendered":"Coopercitrus: 96 vagas de emprego abertas pelo pa\u00eds"},"content":{"rendered":"<p>A <strong>Coopercitrus<\/strong>, uma das maiores cooperativas de cr\u00e9dito rural do Brasil, est\u00e1 com uma excelente not\u00edcia para quem busca novas oportunidades no mercado de trabalho. S\u00e3o 96 vagas de emprego abertas em diversas localidades do pa\u00eds. Se voc\u00ea est\u00e1 em busca de um novo desafio ou deseja come\u00e7ar sua carreira em uma empresa s\u00f3lida e com um compromisso s\u00e9rio com o desenvolvimento profissional, essa pode ser a chance que voc\u00ea esperava. <\/p>\n\n\n\n<h2 class=\"wp-block-heading\">Quais s\u00e3o as vagas de emprego abertas pela Coopercitrus?<\/h2>\n\n\n\n<p>A Coopercitrus est\u00e1 expandindo suas opera\u00e7\u00f5es e, com isso, criando novas oportunidades de emprego em diferentes \u00e1reas. As vagas est\u00e3o distribu\u00eddas por v\u00e1rias regi\u00f5es, o que aumenta as chances de encontrar uma posi\u00e7\u00e3o que se ajuste ao seu perfil e localiza\u00e7\u00e3o. Aqui est\u00e3o alguns dos cargos dispon\u00edveis:<\/p>\n\n\n\n<figure class=\"wp-block-image size-full is-resized\"><img loading=\"lazy\" decoding=\"async\" width=\"800\" height=\"394\" src=\"https:\/\/www.vagadeempregorj.com.br\/wp-content\/uploads\/2024\/09\/image-31.png\" alt=\"\" class=\"wp-image-40810\" style=\"width:840px;height:auto\" srcset=\"https:\/\/www.vagadeempregorj.com.br\/wp-content\/uploads\/2024\/09\/image-31.png 800w, https:\/\/www.vagadeempregorj.com.br\/wp-content\/uploads\/2024\/09\/image-31-300x148.png 300w, https:\/\/www.vagadeempregorj.com.br\/wp-content\/uploads\/2024\/09\/image-31-768x378.png 768w, https:\/\/www.vagadeempregorj.com.br\/wp-content\/uploads\/2024\/09\/image-31-150x74.png 150w\" sizes=\"auto, (max-width: 800px) 100vw, 800px\" \/><\/figure>\n\n\n\n<h3 class=\"wp-block-heading\">1. Analista de Cr\u00e9dito<\/h3>\n\n\n\n<p>O Analista de Cr\u00e9dito \u00e9 respons\u00e1vel por avaliar e conceder cr\u00e9dito aos cooperados. Este profissional deve ter habilidades anal\u00edticas e experi\u00eancia em an\u00e1lise de risco.<\/p>\n\n\n\n<h3 class=\"wp-block-heading\">2. Assistente Administrativo<\/h3>\n\n\n\n<p>O Assistente Administrativo atua no suporte \u00e0s atividades di\u00e1rias da empresa, incluindo organiza\u00e7\u00e3o de documentos e atendimento ao cliente.<\/p>\n\n\n\n<h3 class=\"wp-block-heading\">3. Coordenador de Vendas<\/h3>\n\n\n\n<p>O Coordenador de Vendas supervisiona a equipe de vendas, define metas e estrat\u00e9gias para aumentar o volume de neg\u00f3cios da cooperativa.<\/p>\n\n\n\n<h3 class=\"wp-block-heading\">4. T\u00e9cnico Agr\u00edcola<\/h3>\n\n\n\n<p>O T\u00e9cnico Agr\u00edcola presta assist\u00eancia t\u00e9cnica aos cooperados, oferecendo suporte e orienta\u00e7\u00e3o sobre pr\u00e1ticas agr\u00edcolas e uso de produtos.<\/p>\n\n\n\n<h3 class=\"wp-block-heading\">5. Gerente de Filial<\/h3>\n\n\n\n<p>O Gerente de Filial \u00e9 respons\u00e1vel pela administra\u00e7\u00e3o geral da unidade, garantindo que todos os processos estejam funcionando de maneira eficiente.<\/p>\n\n\n\n<p>Esses s\u00e3o apenas alguns exemplos das vagas dispon\u00edveis. A Coopercitrus oferece oportunidades em v\u00e1rias \u00e1reas e n\u00edveis de experi\u00eancia, o que permite a inclus\u00e3o de profissionais com diferentes perfis e qualifica\u00e7\u00f5es.<\/p>\n\n\n\n<h2 class=\"wp-block-heading\">Como se candidatar?<\/h2>\n\n\n\n<p>Se voc\u00ea se interessou por alguma das vagas e deseja se candidatar, o processo \u00e9 simples e direto. Siga os passos abaixo para garantir sua inscri\u00e7\u00e3o:<\/p>\n\n\n\n<ul class=\"wp-block-list\">\n<li>Copie e cole o endere\u00e7o <strong>https:\/\/coopercitrus.gupy.io<\/strong> em seu navegador.<\/li>\n\n\n\n<li>Acesse a p\u00e1gina e encontre a oportunidade que mais se adequa ao seu perfil.<\/li>\n\n\n\n<li>Preencha o formul\u00e1rio de inscri\u00e7\u00e3o com suas informa\u00e7\u00f5es pessoais e profissionais.<\/li>\n\n\n\n<li>Anexe seu curr\u00edculo e qualquer outro documento solicitado.<\/li>\n\n\n\n<li>Envie sua candidatura e aguarde o contato da equipe de recrutamento da Coopercitrus.<\/li>\n<\/ul>\n\n\n\n<p>N\u00e3o perca essa chance de fazer parte de uma cooperativa com grande tradi\u00e7\u00e3o e presen\u00e7a no setor agr\u00edcola. A Coopercitrus valoriza o desenvolvimento dos seus colaboradores e oferece um ambiente de trabalho estimulante e promissor. Se voc\u00ea est\u00e1 em busca de crescimento profissional e novos desafios, aproveite as vagas abertas e fa\u00e7a sua candidatura hoje mesmo.<\/p>\n\n\n\n<p>A Coopercitrus est\u00e1 pronta para receber talentos que compartilhem seu compromisso com a excel\u00eancia e a inova\u00e7\u00e3o. N\u00e3o deixe essa oportunidade passar e d\u00ea o pr\u00f3ximo passo em sua carreira com a Coopercitrus.<\/p>\n\n\n\n<p><strong>Veja tamb\u00e9m: <a href=\"https:\/\/www.vagadeempregorj.com.br\/ar\/motz-18-vagas-de-emprego-remotas-e-presenciais-pelo-pais\/\">Motz: 18 vagas de emprego remotas e presenciais pelo pa\u00eds<\/a><\/strong><\/p>\n\n\n\n<p>30 de setembro de 2024<\/p>","protected":false},"excerpt":{"rendered":"<p>A Coopercitrus, uma das maiores cooperativas de cr\u00e9dito rural do Brasil, est\u00e1 com uma excelente not\u00edcia para quem busca novas oportunidades no mercado de trabalho. S\u00e3o 96 vagas de emprego abertas em diversas localidades do pa\u00eds. Se voc\u00ea est\u00e1 em busca de um novo desafio ou deseja come\u00e7ar sua carreira em uma empresa s\u00f3lida e&hellip;&nbsp;<\/p>","protected":false},"author":16,"featured_media":40810,"comment_status":"closed","ping_status":"closed","sticky":false,"template":"","format":"standard","meta":{"neve_meta_sidebar":"","neve_meta_container":"","neve_meta_enable_content_width":"","neve_meta_content_width":0,"neve_meta_title_alignment":"","neve_meta_author_avatar":"","neve_post_elements_order":"","neve_meta_disable_header":"","neve_meta_disable_footer":"","neve_meta_disable_title":"","footnotes":""},"categories":[123],"tags":[830,608],"class_list":["post-40790","post","type-post","status-publish","format-standard","has-post-thumbnail","hentry","category-vagas-de-emprego-nacionais","tag-empregos","tag-oportunidades"],"yoast_head":"<!-- This site is optimized with the Yoast SEO plugin v27.5 - https:\/\/yoast.com\/product\/yoast-seo-wordpress\/ -->\n<title>Coopercitrus: 96 vagas de emprego abertas pelo pa\u00eds -<\/title>\n<meta name=\"description\" content=\"Veja em Vagas de Emprego RJ as vagas de emprego com e sem experi\u00eancia no seu Estado e Regi\u00e3o!\" \/>\n<meta name=\"robots\" content=\"index, follow, max-snippet:-1, max-image-preview:large, max-video-preview:-1\" \/>\n<link rel=\"canonical\" href=\"https:\/\/www.vagadeempregorj.com.br\/ar\/coopercitrus-96-vagas-de-emprego-abertas-pelo-pais\/\" \/>\n<meta property=\"og:locale\" content=\"ar_AR\" \/>\n<meta property=\"og:type\" content=\"article\" \/>\n<meta property=\"og:title\" content=\"Coopercitrus: 96 vagas de emprego abertas pelo pa\u00eds -\" \/>\n<meta property=\"og:description\" content=\"Veja em Vagas de Emprego RJ as vagas de emprego com e sem experi\u00eancia no seu Estado e Regi\u00e3o!\" \/>\n<meta property=\"og:url\" content=\"https:\/\/www.vagadeempregorj.com.br\/ar\/coopercitrus-96-vagas-de-emprego-abertas-pelo-pais\/\" \/>\n<meta property=\"article:publisher\" content=\"https:\/\/www.facebook.com\/empregobrasiloficial\" \/>\n<meta property=\"article:published_time\" content=\"2024-09-30T09:00:00+00:00\" \/>\n<meta property=\"og:image\" content=\"https:\/\/www.vagadeempregorj.com.br\/wp-content\/uploads\/2024\/09\/image-31.png\" \/>\n\t<meta property=\"og:image:width\" content=\"800\" \/>\n\t<meta property=\"og:image:height\" content=\"394\" \/>\n\t<meta property=\"og:image:type\" content=\"image\/png\" \/>\n<meta name=\"author\" content=\"Michele\" \/>\n<meta name=\"twitter:card\" content=\"summary_large_image\" \/>\n<meta name=\"twitter:label1\" content=\"Written by\" \/>\n\t<meta name=\"twitter:data1\" content=\"Michele\" \/>\n\t<meta name=\"twitter:label2\" content=\"Est. reading time\" \/>\n\t<meta name=\"twitter:data2\" content=\"3 \u062f\u0642\u0627\u0626\u0642\" \/>\n<script type=\"application\/ld+json\" class=\"yoast-schema-graph\">{\"@context\":\"https:\\\/\\\/schema.org\",\"@graph\":[{\"@type\":\"Article\",\"@id\":\"https:\\\/\\\/www.vagadeempregorj.com.br\\\/coopercitrus-96-vagas-de-emprego-abertas-pelo-pais\\\/#article\",\"isPartOf\":{\"@id\":\"https:\\\/\\\/www.vagadeempregorj.com.br\\\/coopercitrus-96-vagas-de-emprego-abertas-pelo-pais\\\/\"},\"author\":{\"name\":\"Michele\",\"@id\":\"https:\\\/\\\/www.vagadeempregorj.com.br\\\/#\\\/schema\\\/person\\\/3ddb19fa0539706786e502152f3aae95\"},\"headline\":\"Coopercitrus: 96 vagas de emprego abertas pelo pa\u00eds\",\"datePublished\":\"2024-09-30T09:00:00+00:00\",\"mainEntityOfPage\":{\"@id\":\"https:\\\/\\\/www.vagadeempregorj.com.br\\\/coopercitrus-96-vagas-de-emprego-abertas-pelo-pais\\\/\"},\"wordCount\":534,\"image\":{\"@id\":\"https:\\\/\\\/www.vagadeempregorj.com.br\\\/coopercitrus-96-vagas-de-emprego-abertas-pelo-pais\\\/#primaryimage\"},\"thumbnailUrl\":\"https:\\\/\\\/www.vagadeempregorj.com.br\\\/wp-content\\\/uploads\\\/2024\\\/09\\\/image-31.png\",\"keywords\":[\"empregos\",\"oportunidades\"],\"articleSection\":[\"Vagas de Emprego Nacionais\"],\"inLanguage\":\"ar\"},{\"@type\":\"WebPage\",\"@id\":\"https:\\\/\\\/www.vagadeempregorj.com.br\\\/coopercitrus-96-vagas-de-emprego-abertas-pelo-pais\\\/\",\"url\":\"https:\\\/\\\/www.vagadeempregorj.com.br\\\/coopercitrus-96-vagas-de-emprego-abertas-pelo-pais\\\/\",\"name\":\"Coopercitrus: 96 vagas de emprego abertas pelo pa\u00eds -\",\"isPartOf\":{\"@id\":\"https:\\\/\\\/www.vagadeempregorj.com.br\\\/#website\"},\"primaryImageOfPage\":{\"@id\":\"https:\\\/\\\/www.vagadeempregorj.com.br\\\/coopercitrus-96-vagas-de-emprego-abertas-pelo-pais\\\/#primaryimage\"},\"image\":{\"@id\":\"https:\\\/\\\/www.vagadeempregorj.com.br\\\/coopercitrus-96-vagas-de-emprego-abertas-pelo-pais\\\/#primaryimage\"},\"thumbnailUrl\":\"https:\\\/\\\/www.vagadeempregorj.com.br\\\/wp-content\\\/uploads\\\/2024\\\/09\\\/image-31.png\",\"datePublished\":\"2024-09-30T09:00:00+00:00\",\"author\":{\"@id\":\"https:\\\/\\\/www.vagadeempregorj.com.br\\\/#\\\/schema\\\/person\\\/3ddb19fa0539706786e502152f3aae95\"},\"description\":\"Veja em Vagas de Emprego RJ as vagas de emprego com e sem experi\u00eancia no seu Estado e Regi\u00e3o!\",\"breadcrumb\":{\"@id\":\"https:\\\/\\\/www.vagadeempregorj.com.br\\\/coopercitrus-96-vagas-de-emprego-abertas-pelo-pais\\\/#breadcrumb\"},\"inLanguage\":\"ar\",\"potentialAction\":[{\"@type\":\"ReadAction\",\"target\":[\"https:\\\/\\\/www.vagadeempregorj.com.br\\\/coopercitrus-96-vagas-de-emprego-abertas-pelo-pais\\\/\"]}]},{\"@type\":\"ImageObject\",\"inLanguage\":\"ar\",\"@id\":\"https:\\\/\\\/www.vagadeempregorj.com.br\\\/coopercitrus-96-vagas-de-emprego-abertas-pelo-pais\\\/#primaryimage\",\"url\":\"https:\\\/\\\/www.vagadeempregorj.com.br\\\/wp-content\\\/uploads\\\/2024\\\/09\\\/image-31.png\",\"contentUrl\":\"https:\\\/\\\/www.vagadeempregorj.com.br\\\/wp-content\\\/uploads\\\/2024\\\/09\\\/image-31.png\",\"width\":800,\"height\":394},{\"@type\":\"BreadcrumbList\",\"@id\":\"https:\\\/\\\/www.vagadeempregorj.com.br\\\/coopercitrus-96-vagas-de-emprego-abertas-pelo-pais\\\/#breadcrumb\",\"itemListElement\":[{\"@type\":\"ListItem\",\"position\":1,\"name\":\"In\u00edcio\",\"item\":\"https:\\\/\\\/www.vagadeempregorj.com.br\\\/\"},{\"@type\":\"ListItem\",\"position\":2,\"name\":\"Vagas de Emprego Nacionais\",\"item\":\"https:\\\/\\\/www.vagadeempregorj.com.br\\\/vagas-de-emprego-nacionais\\\/\"},{\"@type\":\"ListItem\",\"position\":3,\"name\":\"Coopercitrus: 96 vagas de emprego abertas pelo pa\u00eds\"}]},{\"@type\":\"WebSite\",\"@id\":\"https:\\\/\\\/www.vagadeempregorj.com.br\\\/#website\",\"url\":\"https:\\\/\\\/www.vagadeempregorj.com.br\\\/\",\"name\":\"\",\"description\":\"Conquiste Sonhos: Vagas, Benef\u00edcios e Economia para Transformar Vidas e Alcan\u00e7ar Melhorias Cotidianas\",\"potentialAction\":[{\"@type\":\"SearchAction\",\"target\":{\"@type\":\"EntryPoint\",\"urlTemplate\":\"https:\\\/\\\/www.vagadeempregorj.com.br\\\/?s={search_term_string}\"},\"query-input\":{\"@type\":\"PropertyValueSpecification\",\"valueRequired\":true,\"valueName\":\"search_term_string\"}}],\"inLanguage\":\"ar\"},{\"@type\":\"Person\",\"@id\":\"https:\\\/\\\/www.vagadeempregorj.com.br\\\/#\\\/schema\\\/person\\\/3ddb19fa0539706786e502152f3aae95\",\"name\":\"Michele\",\"image\":{\"@type\":\"ImageObject\",\"inLanguage\":\"ar\",\"@id\":\"https:\\\/\\\/secure.gravatar.com\\\/avatar\\\/6b0eb9d22841282815e2cd856a0061c45e1761cd54b22e952d98c4746939aa85?s=96&r=g\",\"url\":\"https:\\\/\\\/secure.gravatar.com\\\/avatar\\\/6b0eb9d22841282815e2cd856a0061c45e1761cd54b22e952d98c4746939aa85?s=96&r=g\",\"contentUrl\":\"https:\\\/\\\/secure.gravatar.com\\\/avatar\\\/6b0eb9d22841282815e2cd856a0061c45e1761cd54b22e952d98c4746939aa85?s=96&r=g\",\"caption\":\"Michele\"},\"description\":\"Formada em Letras - Portugu\u00eas\\\/ Ingl\u00eas, e idealizadora do site Escritora de Sucesso, busca expandir o conhecimento de todos com informa\u00e7\u00f5es relevantes sobre diversos assuntos, enquanto redatora. No Vaga de Emprego RJ, traz oportunidades e dicas sobre o mercado de trabalho.\",\"url\":\"https:\\\/\\\/www.vagadeempregorj.com.br\\\/ar\\\/author\\\/michele\\\/\"}]}<\/script>\n<!-- \/ Yoast SEO plugin. -->","yoast_head_json":{"title":"Coopercitrus: 96 vagas de emprego abertas pelo pa\u00eds -","description":"Veja em Vagas de Emprego RJ as vagas de emprego com e sem experi\u00eancia no seu Estado e Regi\u00e3o!","robots":{"index":"index","follow":"follow","max-snippet":"max-snippet:-1","max-image-preview":"max-image-preview:large","max-video-preview":"max-video-preview:-1"},"canonical":"https:\/\/www.vagadeempregorj.com.br\/ar\/coopercitrus-96-vagas-de-emprego-abertas-pelo-pais\/","og_locale":"ar_AR","og_type":"article","og_title":"Coopercitrus: 96 vagas de emprego abertas pelo pa\u00eds -","og_description":"Veja em Vagas de Emprego RJ as vagas de emprego com e sem experi\u00eancia no seu Estado e Regi\u00e3o!","og_url":"https:\/\/www.vagadeempregorj.com.br\/ar\/coopercitrus-96-vagas-de-emprego-abertas-pelo-pais\/","article_publisher":"https:\/\/www.facebook.com\/empregobrasiloficial","article_published_time":"2024-09-30T09:00:00+00:00","og_image":[{"width":800,"height":394,"url":"https:\/\/www.vagadeempregorj.com.br\/wp-content\/uploads\/2024\/09\/image-31.png","type":"image\/png"}],"author":"Michele","twitter_card":"summary_large_image","twitter_misc":{"Written by":"Michele","Est. reading time":"3 \u062f\u0642\u0627\u0626\u0642"},"schema":{"@context":"https:\/\/schema.org","@graph":[{"@type":"Article","@id":"https:\/\/www.vagadeempregorj.com.br\/coopercitrus-96-vagas-de-emprego-abertas-pelo-pais\/#article","isPartOf":{"@id":"https:\/\/www.vagadeempregorj.com.br\/coopercitrus-96-vagas-de-emprego-abertas-pelo-pais\/"},"author":{"name":"Michele","@id":"https:\/\/www.vagadeempregorj.com.br\/#\/schema\/person\/3ddb19fa0539706786e502152f3aae95"},"headline":"Coopercitrus: 96 vagas de emprego abertas pelo pa\u00eds","datePublished":"2024-09-30T09:00:00+00:00","mainEntityOfPage":{"@id":"https:\/\/www.vagadeempregorj.com.br\/coopercitrus-96-vagas-de-emprego-abertas-pelo-pais\/"},"wordCount":534,"image":{"@id":"https:\/\/www.vagadeempregorj.com.br\/coopercitrus-96-vagas-de-emprego-abertas-pelo-pais\/#primaryimage"},"thumbnailUrl":"https:\/\/www.vagadeempregorj.com.br\/wp-content\/uploads\/2024\/09\/image-31.png","keywords":["empregos","oportunidades"],"articleSection":["Vagas de Emprego Nacionais"],"inLanguage":"ar"},{"@type":"WebPage","@id":"https:\/\/www.vagadeempregorj.com.br\/coopercitrus-96-vagas-de-emprego-abertas-pelo-pais\/","url":"https:\/\/www.vagadeempregorj.com.br\/coopercitrus-96-vagas-de-emprego-abertas-pelo-pais\/","name":"Coopercitrus: 96 vagas de emprego abertas pelo pa\u00eds -","isPartOf":{"@id":"https:\/\/www.vagadeempregorj.com.br\/#website"},"primaryImageOfPage":{"@id":"https:\/\/www.vagadeempregorj.com.br\/coopercitrus-96-vagas-de-emprego-abertas-pelo-pais\/#primaryimage"},"image":{"@id":"https:\/\/www.vagadeempregorj.com.br\/coopercitrus-96-vagas-de-emprego-abertas-pelo-pais\/#primaryimage"},"thumbnailUrl":"https:\/\/www.vagadeempregorj.com.br\/wp-content\/uploads\/2024\/09\/image-31.png","datePublished":"2024-09-30T09:00:00+00:00","author":{"@id":"https:\/\/www.vagadeempregorj.com.br\/#\/schema\/person\/3ddb19fa0539706786e502152f3aae95"},"description":"Veja em Vagas de Emprego RJ as vagas de emprego com e sem experi\u00eancia no seu Estado e Regi\u00e3o!","breadcrumb":{"@id":"https:\/\/www.vagadeempregorj.com.br\/coopercitrus-96-vagas-de-emprego-abertas-pelo-pais\/#breadcrumb"},"inLanguage":"ar","potentialAction":[{"@type":"ReadAction","target":["https:\/\/www.vagadeempregorj.com.br\/coopercitrus-96-vagas-de-emprego-abertas-pelo-pais\/"]}]},{"@type":"ImageObject","inLanguage":"ar","@id":"https:\/\/www.vagadeempregorj.com.br\/coopercitrus-96-vagas-de-emprego-abertas-pelo-pais\/#primaryimage","url":"https:\/\/www.vagadeempregorj.com.br\/wp-content\/uploads\/2024\/09\/image-31.png","contentUrl":"https:\/\/www.vagadeempregorj.com.br\/wp-content\/uploads\/2024\/09\/image-31.png","width":800,"height":394},{"@type":"BreadcrumbList","@id":"https:\/\/www.vagadeempregorj.com.br\/coopercitrus-96-vagas-de-emprego-abertas-pelo-pais\/#breadcrumb","itemListElement":[{"@type":"ListItem","position":1,"name":"In\u00edcio","item":"https:\/\/www.vagadeempregorj.com.br\/"},{"@type":"ListItem","position":2,"name":"Vagas de Emprego Nacionais","item":"https:\/\/www.vagadeempregorj.com.br\/vagas-de-emprego-nacionais\/"},{"@type":"ListItem","position":3,"name":"Coopercitrus: 96 vagas de emprego abertas pelo pa\u00eds"}]},{"@type":"WebSite","@id":"https:\/\/www.vagadeempregorj.com.br\/#website","url":"https:\/\/www.vagadeempregorj.com.br\/","name":"","description":"Conquiste Sonhos: Vagas, Benef\u00edcios e Economia para Transformar Vidas e Alcan\u00e7ar Melhorias Cotidianas","potentialAction":[{"@type":"SearchAction","target":{"@type":"EntryPoint","urlTemplate":"https:\/\/www.vagadeempregorj.com.br\/?s={search_term_string}"},"query-input":{"@type":"PropertyValueSpecification","valueRequired":true,"valueName":"search_term_string"}}],"inLanguage":"ar"},{"@type":"Person","@id":"https:\/\/www.vagadeempregorj.com.br\/#\/schema\/person\/3ddb19fa0539706786e502152f3aae95","name":"Michele","image":{"@type":"ImageObject","inLanguage":"ar","@id":"https:\/\/secure.gravatar.com\/avatar\/6b0eb9d22841282815e2cd856a0061c45e1761cd54b22e952d98c4746939aa85?s=96&r=g","url":"https:\/\/secure.gravatar.com\/avatar\/6b0eb9d22841282815e2cd856a0061c45e1761cd54b22e952d98c4746939aa85?s=96&r=g","contentUrl":"https:\/\/secure.gravatar.com\/avatar\/6b0eb9d22841282815e2cd856a0061c45e1761cd54b22e952d98c4746939aa85?s=96&r=g","caption":"Michele"},"description":"Formada em Letras - Portugu\u00eas\/ Ingl\u00eas, e idealizadora do site Escritora de Sucesso, busca expandir o conhecimento de todos com informa\u00e7\u00f5es relevantes sobre diversos assuntos, enquanto redatora. No Vaga de Emprego RJ, traz oportunidades e dicas sobre o mercado de trabalho.","url":"https:\/\/www.vagadeempregorj.com.br\/ar\/author\/michele\/"}]}},"_links":{"self":[{"href":"https:\/\/www.vagadeempregorj.com.br\/ar\/wp-json\/wp\/v2\/posts\/40790","targetHints":{"allow":["GET"]}}],"collection":[{"href":"https:\/\/www.vagadeempregorj.com.br\/ar\/wp-json\/wp\/v2\/posts"}],"about":[{"href":"https:\/\/www.vagadeempregorj.com.br\/ar\/wp-json\/wp\/v2\/types\/post"}],"author":[{"embeddable":true,"href":"https:\/\/www.vagadeempregorj.com.br\/ar\/wp-json\/wp\/v2\/users\/16"}],"replies":[{"embeddable":true,"href":"https:\/\/www.vagadeempregorj.com.br\/ar\/wp-json\/wp\/v2\/comments?post=40790"}],"version-history":[{"count":0,"href":"https:\/\/www.vagadeempregorj.com.br\/ar\/wp-json\/wp\/v2\/posts\/40790\/revisions"}],"wp:featuredmedia":[{"embeddable":true,"href":"https:\/\/www.vagadeempregorj.com.br\/ar\/wp-json\/wp\/v2\/media\/40810"}],"wp:attachment":[{"href":"https:\/\/www.vagadeempregorj.com.br\/ar\/wp-json\/wp\/v2\/media?parent=40790"}],"wp:term":[{"taxonomy":"category","embeddable":true,"href":"https:\/\/www.vagadeempregorj.com.br\/ar\/wp-json\/wp\/v2\/categories?post=40790"},{"taxonomy":"post_tag","embeddable":true,"href":"https:\/\/www.vagadeempregorj.com.br\/ar\/wp-json\/wp\/v2\/tags?post=40790"}],"curies":[{"name":"wp","href":"https:\/\/api.w.org\/{rel}","templated":true}]}}