{"id":40827,"date":"2024-09-21T14:50:54","date_gmt":"2024-09-21T17:50:54","guid":{"rendered":"https:\/\/www.vagadeempregorj.com.br\/?p=40827"},"modified":"2025-06-15T14:30:31","modified_gmt":"2025-06-15T17:30:31","slug":"como-personalizar-seu-curriculo-para-cada-vaga-veja-as-tecnicas","status":"publish","type":"post","link":"https:\/\/www.vagadeempregorj.com.br\/ar\/como-personalizar-seu-curriculo-para-cada-vaga-veja-as-tecnicas\/","title":{"rendered":"Como personalizar seu curr\u00edculo para cada vaga: veja as t\u00e9cnicas"},"content":{"rendered":"<p>Personalizar seu curr\u00edculo para cada vaga de emprego \u00e9 uma estrat\u00e9gia crucial para se destacar em um mercado de trabalho competitivo. Um curr\u00edculo adaptado demonstra ao recrutador que voc\u00ea est\u00e1 verdadeiramente interessado na posi\u00e7\u00e3o e que possui as habilidades necess\u00e1rias para contribuir com a empresa. <\/p>\n\n\n\n<h2 class=\"wp-block-heading\">Entenda a descri\u00e7\u00e3o da vaga<\/h2>\n\n\n\n<p>Antes de come\u00e7ar a personalizar seu curr\u00edculo, \u00e9 essencial analisar cuidadosamente a descri\u00e7\u00e3o da vaga. Cada an\u00fancio de emprego apresenta uma combina\u00e7\u00e3o \u00fanica de habilidades, experi\u00eancias e qualifica\u00e7\u00f5es que a empresa est\u00e1 buscando.<\/p>\n\n\n\n<figure class=\"wp-block-image size-full is-resized\"><img loading=\"lazy\" decoding=\"async\" width=\"740\" height=\"493\" src=\"https:\/\/www.vagadeempregorj.com.br\/wp-content\/uploads\/2024\/09\/image-34.png\" alt=\"\" class=\"wp-image-40845\" style=\"width:840px;height:auto\" srcset=\"https:\/\/www.vagadeempregorj.com.br\/wp-content\/uploads\/2024\/09\/image-34.png 740w, https:\/\/www.vagadeempregorj.com.br\/wp-content\/uploads\/2024\/09\/image-34-300x200.png 300w, https:\/\/www.vagadeempregorj.com.br\/wp-content\/uploads\/2024\/09\/image-34-150x100.png 150w\" sizes=\"auto, (max-width: 740px) 100vw, 740px\" \/><\/figure>\n\n\n\n<h3 class=\"wp-block-heading\">Dicas para an\u00e1lise da descri\u00e7\u00e3o:<\/h3>\n\n\n\n<ul class=\"wp-block-list\">\n<li><strong>Identifique palavras-chave<\/strong>: Preste aten\u00e7\u00e3o nas palavras e frases que aparecem com frequ\u00eancia. Elas geralmente est\u00e3o relacionadas \u00e0s habilidades e experi\u00eancias desejadas.<\/li>\n\n\n\n<li><strong>Compreenda as responsabilidades<\/strong>: Anote as principais responsabilidades mencionadas na descri\u00e7\u00e3o. Isso ajudar\u00e1 voc\u00ea a alinhar suas experi\u00eancias com o que a empresa espera.<\/li>\n\n\n\n<li><strong>Priorize habilidades<\/strong>: Veja quais habilidades s\u00e3o consideradas essenciais e quais s\u00e3o desej\u00e1veis. Foque em destacar as habilidades essenciais em seu curr\u00edculo.<\/li>\n<\/ul>\n\n\n\n<h2 class=\"wp-block-heading\">Ajuste o resumo profissional<\/h2>\n\n\n\n<p>O resumo profissional \u00e9 uma parte crucial do curr\u00edculo, pois \u00e9 a primeira se\u00e7\u00e3o que os recrutadores leem. Personalize essa parte para refletir os objetivos e as qualifica\u00e7\u00f5es que s\u00e3o mais relevantes para a vaga em quest\u00e3o.<\/p>\n\n\n\n<h3 class=\"wp-block-heading\">Como personalizar o resumo:<\/h3>\n\n\n\n<ul class=\"wp-block-list\">\n<li><strong>Use palavras-chave<\/strong>: Inclua as palavras-chave identificadas na descri\u00e7\u00e3o da vaga.<\/li>\n\n\n\n<li><strong>Alinhe seus objetivos<\/strong>: Se o cargo envolve uma habilidade espec\u00edfica ou responsabilidade, mencione como suas experi\u00eancias anteriores se relacionam com isso.<\/li>\n\n\n\n<li><strong>Seja conciso<\/strong>: O resumo deve ser direto, com no m\u00e1ximo 3 a 4 frases, destacando suas principais conquistas e habilidades.<\/li>\n<\/ul>\n\n\n\n<h2 class=\"wp-block-heading\">Destaque experi\u00eancias relevantes<\/h2>\n\n\n\n<p>Na se\u00e7\u00e3o de experi\u00eancia profissional, \u00e9 importante focar nas experi\u00eancias que mais se alinham com a vaga. Isso significa que voc\u00ea pode precisar ajustar ou reorganizar as informa\u00e7\u00f5es, dependendo do que \u00e9 mais relevante para o cargo em quest\u00e3o.<\/p>\n\n\n\n<h3 class=\"wp-block-heading\">T\u00e9cnicas para destacar experi\u00eancias:<\/h3>\n\n\n\n<ul class=\"wp-block-list\">\n<li><strong>Adapte as descri\u00e7\u00f5es<\/strong>: Modifique as descri\u00e7\u00f5es de suas fun\u00e7\u00f5es anteriores para destacar realiza\u00e7\u00f5es e habilidades que correspondem \u00e0s exig\u00eancias da vaga.<\/li>\n\n\n\n<li><strong>Use exemplos espec\u00edficos<\/strong>: Sempre que poss\u00edvel, quantifique suas conquistas (por exemplo, &#8220;aumentei as vendas em 30% em um ano&#8221;).<\/li>\n\n\n\n<li><strong>Priorize experi\u00eancias mais relevantes<\/strong>: Se voc\u00ea possui v\u00e1rias experi\u00eancias, considere listar primeiro aquelas que mais se relacionam com a posi\u00e7\u00e3o desejada.<\/li>\n<\/ul>\n\n\n\n<h2 class=\"wp-block-heading\">Enfatize habilidades espec\u00edficas<\/h2>\n\n\n\n<p>A se\u00e7\u00e3o de habilidades deve ser cuidadosamente adaptada para cada vaga. A inclus\u00e3o de habilidades espec\u00edficas que a empresa valoriza pode fazer toda a diferen\u00e7a.<\/p>\n\n\n\n<h3 class=\"wp-block-heading\">Como enfatizar habilidades:<\/h3>\n\n\n\n<ul class=\"wp-block-list\">\n<li><strong>Crie uma lista direcionada<\/strong>: Elabore uma lista de habilidades que est\u00e3o diretamente ligadas \u00e0 descri\u00e7\u00e3o da vaga. Destaque tanto as habilidades t\u00e9cnicas quanto as interpessoais.<\/li>\n\n\n\n<li><strong>Agrupe habilidades<\/strong>: Se a descri\u00e7\u00e3o menciona habilidades em categorias, como &#8220;t\u00e9cnicas&#8221; e &#8220;comportamentais&#8221;, organize sua lista da mesma forma.<\/li>\n\n\n\n<li><strong>Considere a ordem de prioridade<\/strong>: Liste as habilidades mais relevantes primeiro, de forma que o recrutador as veja rapidamente.<\/li>\n<\/ul>\n\n\n\n<h2 class=\"wp-block-heading\">Inclua palavras-chave de forma natural<\/h2>\n\n\n\n<p>Al\u00e9m de incluir palavras-chave no resumo e nas experi\u00eancias, \u00e9 importante espalh\u00e1-las ao longo de todo o curr\u00edculo de maneira natural. Isso ajuda a garantir que seu curr\u00edculo passe por sistemas de rastreamento (ATS) que muitas empresas utilizam.<\/p>\n\n\n\n<h3 class=\"wp-block-heading\">Dicas para uso de palavras-chave:<\/h3>\n\n\n\n<ul class=\"wp-block-list\">\n<li><strong>Evite sobrecarga<\/strong>: Use palavras-chave de forma que elas se encaixem naturalmente nas frases. Evite list\u00e1-las sem contexto, pois isso pode parecer artificial.<\/li>\n\n\n\n<li><strong>Contextualize<\/strong>: Ao mencionar uma habilidade, forne\u00e7a um exemplo de como voc\u00ea a utilizou em sua experi\u00eancia anterior.<\/li>\n\n\n\n<li><strong>Utilize sin\u00f4nimos<\/strong>: Se uma palavra-chave aparece repetidamente na descri\u00e7\u00e3o da vaga, considere usar sin\u00f4nimos para evitar repeti\u00e7\u00f5es excessivas.<\/li>\n<\/ul>\n\n\n\n<h2 class=\"wp-block-heading\">Adapte a formata\u00e7\u00e3o<\/h2>\n\n\n\n<p>A formata\u00e7\u00e3o do seu curr\u00edculo tamb\u00e9m pode ser ajustada para destacar as informa\u00e7\u00f5es mais relevantes para a vaga. Um curr\u00edculo visualmente atraente e bem organizado ajuda a captar a aten\u00e7\u00e3o do recrutador.<\/p>\n\n\n\n<h3 class=\"wp-block-heading\">Sugest\u00f5es de formata\u00e7\u00e3o:<\/h3>\n\n\n\n<ul class=\"wp-block-list\">\n<li><strong>Utilize t\u00edtulos claros<\/strong>: Se a vaga enfatiza habilidades espec\u00edficas, considere criar se\u00e7\u00f5es com t\u00edtulos que incluam essas habilidades.<\/li>\n\n\n\n<li><strong>Use listas<\/strong>: Listas com marcadores podem ajudar a apresentar informa\u00e7\u00f5es de forma clara e concisa, facilitando a leitura.<\/li>\n\n\n\n<li><strong>Mantenha a consist\u00eancia<\/strong>: Use uma formata\u00e7\u00e3o consistente em todo o curr\u00edculo, incluindo fontes, tamanhos e espa\u00e7amentos.<\/li>\n<\/ul>\n\n\n\n<h2 class=\"wp-block-heading\">Inclua se\u00e7\u00f5es adicionais, se necess\u00e1rio<\/h2>\n\n\n\n<p>Dependendo da vaga, voc\u00ea pode querer incluir se\u00e7\u00f5es adicionais que mostrem mais sobre suas qualifica\u00e7\u00f5es. Isso pode ser particularmente \u00fatil em \u00e1reas t\u00e9cnicas ou criativas.<\/p>\n\n\n\n<h3 class=\"wp-block-heading\">Exemplos de se\u00e7\u00f5es adicionais:<\/h3>\n\n\n\n<ul class=\"wp-block-list\">\n<li><strong>Projetos<\/strong>: Destaque projetos relevantes que voc\u00ea tenha conduzido e que se relacionem com a vaga.<\/li>\n\n\n\n<li><strong>Certifica\u00e7\u00f5es<\/strong>: Liste certifica\u00e7\u00f5es que sejam relevantes para a posi\u00e7\u00e3o.<\/li>\n\n\n\n<li><strong>Publica\u00e7\u00f5es e apresenta\u00e7\u00f5es<\/strong>: Se voc\u00ea tem trabalhos publicados ou j\u00e1 apresentou em confer\u00eancias, isso pode ser um diferencial, especialmente em \u00e1reas acad\u00eamicas ou de pesquisa.<\/li>\n<\/ul>\n\n\n\n<h2 class=\"wp-block-heading\">Revise e edite<\/h2>\n\n\n\n<p>Depois de personalizar seu curr\u00edculo, \u00e9 importante revis\u00e1-lo cuidadosamente. Erros gramaticais ou de formata\u00e7\u00e3o podem prejudicar sua candidatura.<\/p>\n\n\n\n<h3 class=\"wp-block-heading\">Dicas de revis\u00e3o:<\/h3>\n\n\n\n<ul class=\"wp-block-list\">\n<li><strong>Leia em voz alta<\/strong>: Isso pode ajudar a identificar erros que voc\u00ea pode n\u00e3o perceber ao ler em sil\u00eancio.<\/li>\n\n\n\n<li><strong>Pe\u00e7a feedback<\/strong>: Considere pedir a algu\u00e9m de confian\u00e7a para revisar seu curr\u00edculo. Um par de olhos frescos pode pegar erros que voc\u00ea perdeu.<\/li>\n\n\n\n<li><strong>Verifique as informa\u00e7\u00f5es de contato<\/strong>: Certifique-se de que seus dados de contato est\u00e3o corretos e atualizados.<\/li>\n<\/ul>\n\n\n\n<p>Personalizar seu curr\u00edculo para cada vaga \u00e9 um passo essencial para aumentar suas chances de sucesso no processo seletivo. Ao entender a descri\u00e7\u00e3o da vaga, ajustar seu resumo e experi\u00eancias, enfatizar habilidades relevantes e adaptar a formata\u00e7\u00e3o, voc\u00ea pode criar um curr\u00edculo que se destaque e mostre seu potencial para a posi\u00e7\u00e3o desejada. Com essas t\u00e9cnicas, voc\u00ea estar\u00e1 melhor preparado para se candidatar e conquistar a vaga dos seus sonhos.<\/p>\n\n\n\n<p><strong>Veja tamb\u00e9m: <a href=\"https:\/\/www.vagadeempregorj.com.br\/ar\/grupo-ri-happy-abre-mais-de-300-empregos-pelo-pais\/\">Grupo Ri Happy abre mais de 300 empregos pelo pa\u00eds<\/a><\/strong><\/p>\n\n\n\n<p>21 de setembro de 2024<\/p>","protected":false},"excerpt":{"rendered":"<p>Personalizar seu curr\u00edculo para cada vaga de emprego \u00e9 uma estrat\u00e9gia crucial para se destacar em um mercado de trabalho competitivo. Um curr\u00edculo adaptado demonstra ao recrutador que voc\u00ea est\u00e1 verdadeiramente interessado na posi\u00e7\u00e3o e que possui as habilidades necess\u00e1rias para contribuir com a empresa. Entenda a descri\u00e7\u00e3o da vaga Antes de come\u00e7ar a personalizar&hellip;&nbsp;<\/p>","protected":false},"author":16,"featured_media":40845,"comment_status":"closed","ping_status":"closed","sticky":false,"template":"","format":"standard","meta":{"neve_meta_sidebar":"","neve_meta_container":"","neve_meta_enable_content_width":"","neve_meta_content_width":0,"neve_meta_title_alignment":"","neve_meta_author_avatar":"","neve_post_elements_order":"","neve_meta_disable_header":"","neve_meta_disable_footer":"","neve_meta_disable_title":"","footnotes":""},"categories":[123],"tags":[],"class_list":["post-40827","post","type-post","status-publish","format-standard","has-post-thumbnail","hentry","category-vagas-de-emprego-nacionais"],"yoast_head":"<!-- This site is optimized with the Yoast SEO plugin v27.5 - https:\/\/yoast.com\/product\/yoast-seo-wordpress\/ -->\n<title>Como personalizar seu curr\u00edculo para cada vaga: veja as t\u00e9cnicas -<\/title>\n<meta name=\"description\" content=\"Veja em Vagas de Emprego RJ as vagas de emprego com e sem experi\u00eancia no seu Estado e Regi\u00e3o!\" \/>\n<meta name=\"robots\" content=\"index, follow, max-snippet:-1, max-image-preview:large, max-video-preview:-1\" \/>\n<link rel=\"canonical\" href=\"https:\/\/www.vagadeempregorj.com.br\/ar\/como-personalizar-seu-curriculo-para-cada-vaga-veja-as-tecnicas\/\" \/>\n<meta property=\"og:locale\" content=\"ar_AR\" \/>\n<meta property=\"og:type\" content=\"article\" \/>\n<meta property=\"og:title\" content=\"Como personalizar seu curr\u00edculo para cada vaga: veja as t\u00e9cnicas -\" \/>\n<meta property=\"og:description\" content=\"Veja em Vagas de Emprego RJ as vagas de emprego com e sem experi\u00eancia no seu Estado e Regi\u00e3o!\" \/>\n<meta property=\"og:url\" content=\"https:\/\/www.vagadeempregorj.com.br\/ar\/como-personalizar-seu-curriculo-para-cada-vaga-veja-as-tecnicas\/\" \/>\n<meta property=\"article:publisher\" content=\"https:\/\/www.facebook.com\/empregobrasiloficial\" \/>\n<meta property=\"article:published_time\" content=\"2024-09-21T17:50:54+00:00\" \/>\n<meta property=\"article:modified_time\" content=\"2025-06-15T17:30:31+00:00\" \/>\n<meta property=\"og:image\" content=\"https:\/\/www.vagadeempregorj.com.br\/wp-content\/uploads\/2024\/09\/image-34.png\" \/>\n\t<meta property=\"og:image:width\" content=\"740\" \/>\n\t<meta property=\"og:image:height\" content=\"493\" \/>\n\t<meta property=\"og:image:type\" content=\"image\/png\" \/>\n<meta name=\"author\" content=\"Michele\" \/>\n<meta name=\"twitter:card\" content=\"summary_large_image\" \/>\n<meta name=\"twitter:label1\" content=\"Written by\" \/>\n\t<meta name=\"twitter:data1\" content=\"Michele\" \/>\n\t<meta name=\"twitter:label2\" content=\"Est. reading time\" \/>\n\t<meta name=\"twitter:data2\" content=\"5 \u062f\u0642\u0627\u0626\u0642\" \/>\n<script type=\"application\/ld+json\" class=\"yoast-schema-graph\">{\"@context\":\"https:\\\/\\\/schema.org\",\"@graph\":[{\"@type\":\"Article\",\"@id\":\"https:\\\/\\\/www.vagadeempregorj.com.br\\\/como-personalizar-seu-curriculo-para-cada-vaga-veja-as-tecnicas\\\/#article\",\"isPartOf\":{\"@id\":\"https:\\\/\\\/www.vagadeempregorj.com.br\\\/como-personalizar-seu-curriculo-para-cada-vaga-veja-as-tecnicas\\\/\"},\"author\":{\"name\":\"Michele\",\"@id\":\"https:\\\/\\\/www.vagadeempregorj.com.br\\\/#\\\/schema\\\/person\\\/3ddb19fa0539706786e502152f3aae95\"},\"headline\":\"Como personalizar seu curr\u00edculo para cada vaga: veja as t\u00e9cnicas\",\"datePublished\":\"2024-09-21T17:50:54+00:00\",\"dateModified\":\"2025-06-15T17:30:31+00:00\",\"mainEntityOfPage\":{\"@id\":\"https:\\\/\\\/www.vagadeempregorj.com.br\\\/como-personalizar-seu-curriculo-para-cada-vaga-veja-as-tecnicas\\\/\"},\"wordCount\":1020,\"image\":{\"@id\":\"https:\\\/\\\/www.vagadeempregorj.com.br\\\/como-personalizar-seu-curriculo-para-cada-vaga-veja-as-tecnicas\\\/#primaryimage\"},\"thumbnailUrl\":\"https:\\\/\\\/www.vagadeempregorj.com.br\\\/wp-content\\\/uploads\\\/2024\\\/09\\\/image-34.png\",\"articleSection\":[\"Vagas de Emprego Nacionais\"],\"inLanguage\":\"ar\"},{\"@type\":\"WebPage\",\"@id\":\"https:\\\/\\\/www.vagadeempregorj.com.br\\\/como-personalizar-seu-curriculo-para-cada-vaga-veja-as-tecnicas\\\/\",\"url\":\"https:\\\/\\\/www.vagadeempregorj.com.br\\\/como-personalizar-seu-curriculo-para-cada-vaga-veja-as-tecnicas\\\/\",\"name\":\"Como personalizar seu curr\u00edculo para cada vaga: veja as t\u00e9cnicas -\",\"isPartOf\":{\"@id\":\"https:\\\/\\\/www.vagadeempregorj.com.br\\\/#website\"},\"primaryImageOfPage\":{\"@id\":\"https:\\\/\\\/www.vagadeempregorj.com.br\\\/como-personalizar-seu-curriculo-para-cada-vaga-veja-as-tecnicas\\\/#primaryimage\"},\"image\":{\"@id\":\"https:\\\/\\\/www.vagadeempregorj.com.br\\\/como-personalizar-seu-curriculo-para-cada-vaga-veja-as-tecnicas\\\/#primaryimage\"},\"thumbnailUrl\":\"https:\\\/\\\/www.vagadeempregorj.com.br\\\/wp-content\\\/uploads\\\/2024\\\/09\\\/image-34.png\",\"datePublished\":\"2024-09-21T17:50:54+00:00\",\"dateModified\":\"2025-06-15T17:30:31+00:00\",\"author\":{\"@id\":\"https:\\\/\\\/www.vagadeempregorj.com.br\\\/#\\\/schema\\\/person\\\/3ddb19fa0539706786e502152f3aae95\"},\"description\":\"Veja em Vagas de Emprego RJ as vagas de emprego com e sem experi\u00eancia no seu Estado e Regi\u00e3o!\",\"breadcrumb\":{\"@id\":\"https:\\\/\\\/www.vagadeempregorj.com.br\\\/como-personalizar-seu-curriculo-para-cada-vaga-veja-as-tecnicas\\\/#breadcrumb\"},\"inLanguage\":\"ar\",\"potentialAction\":[{\"@type\":\"ReadAction\",\"target\":[\"https:\\\/\\\/www.vagadeempregorj.com.br\\\/como-personalizar-seu-curriculo-para-cada-vaga-veja-as-tecnicas\\\/\"]}]},{\"@type\":\"ImageObject\",\"inLanguage\":\"ar\",\"@id\":\"https:\\\/\\\/www.vagadeempregorj.com.br\\\/como-personalizar-seu-curriculo-para-cada-vaga-veja-as-tecnicas\\\/#primaryimage\",\"url\":\"https:\\\/\\\/www.vagadeempregorj.com.br\\\/wp-content\\\/uploads\\\/2024\\\/09\\\/image-34.png\",\"contentUrl\":\"https:\\\/\\\/www.vagadeempregorj.com.br\\\/wp-content\\\/uploads\\\/2024\\\/09\\\/image-34.png\",\"width\":740,\"height\":493},{\"@type\":\"BreadcrumbList\",\"@id\":\"https:\\\/\\\/www.vagadeempregorj.com.br\\\/como-personalizar-seu-curriculo-para-cada-vaga-veja-as-tecnicas\\\/#breadcrumb\",\"itemListElement\":[{\"@type\":\"ListItem\",\"position\":1,\"name\":\"In\u00edcio\",\"item\":\"https:\\\/\\\/www.vagadeempregorj.com.br\\\/\"},{\"@type\":\"ListItem\",\"position\":2,\"name\":\"Como personalizar seu curr\u00edculo para cada vaga: veja as t\u00e9cnicas\"}]},{\"@type\":\"WebSite\",\"@id\":\"https:\\\/\\\/www.vagadeempregorj.com.br\\\/#website\",\"url\":\"https:\\\/\\\/www.vagadeempregorj.com.br\\\/\",\"name\":\"\",\"description\":\"Conquiste Sonhos: Vagas, Benef\u00edcios e Economia para Transformar Vidas e Alcan\u00e7ar Melhorias Cotidianas\",\"potentialAction\":[{\"@type\":\"SearchAction\",\"target\":{\"@type\":\"EntryPoint\",\"urlTemplate\":\"https:\\\/\\\/www.vagadeempregorj.com.br\\\/?s={search_term_string}\"},\"query-input\":{\"@type\":\"PropertyValueSpecification\",\"valueRequired\":true,\"valueName\":\"search_term_string\"}}],\"inLanguage\":\"ar\"},{\"@type\":\"Person\",\"@id\":\"https:\\\/\\\/www.vagadeempregorj.com.br\\\/#\\\/schema\\\/person\\\/3ddb19fa0539706786e502152f3aae95\",\"name\":\"Michele\",\"image\":{\"@type\":\"ImageObject\",\"inLanguage\":\"ar\",\"@id\":\"https:\\\/\\\/secure.gravatar.com\\\/avatar\\\/6b0eb9d22841282815e2cd856a0061c45e1761cd54b22e952d98c4746939aa85?s=96&r=g\",\"url\":\"https:\\\/\\\/secure.gravatar.com\\\/avatar\\\/6b0eb9d22841282815e2cd856a0061c45e1761cd54b22e952d98c4746939aa85?s=96&r=g\",\"contentUrl\":\"https:\\\/\\\/secure.gravatar.com\\\/avatar\\\/6b0eb9d22841282815e2cd856a0061c45e1761cd54b22e952d98c4746939aa85?s=96&r=g\",\"caption\":\"Michele\"},\"description\":\"Formada em Letras - Portugu\u00eas\\\/ Ingl\u00eas, e idealizadora do site Escritora de Sucesso, busca expandir o conhecimento de todos com informa\u00e7\u00f5es relevantes sobre diversos assuntos, enquanto redatora. No Vaga de Emprego RJ, traz oportunidades e dicas sobre o mercado de trabalho.\",\"url\":\"https:\\\/\\\/www.vagadeempregorj.com.br\\\/ar\\\/author\\\/michele\\\/\"}]}<\/script>\n<!-- \/ Yoast SEO plugin. -->","yoast_head_json":{"title":"Como personalizar seu curr\u00edculo para cada vaga: veja as t\u00e9cnicas -","description":"Veja em Vagas de Emprego RJ as vagas de emprego com e sem experi\u00eancia no seu Estado e Regi\u00e3o!","robots":{"index":"index","follow":"follow","max-snippet":"max-snippet:-1","max-image-preview":"max-image-preview:large","max-video-preview":"max-video-preview:-1"},"canonical":"https:\/\/www.vagadeempregorj.com.br\/ar\/como-personalizar-seu-curriculo-para-cada-vaga-veja-as-tecnicas\/","og_locale":"ar_AR","og_type":"article","og_title":"Como personalizar seu curr\u00edculo para cada vaga: veja as t\u00e9cnicas -","og_description":"Veja em Vagas de Emprego RJ as vagas de emprego com e sem experi\u00eancia no seu Estado e Regi\u00e3o!","og_url":"https:\/\/www.vagadeempregorj.com.br\/ar\/como-personalizar-seu-curriculo-para-cada-vaga-veja-as-tecnicas\/","article_publisher":"https:\/\/www.facebook.com\/empregobrasiloficial","article_published_time":"2024-09-21T17:50:54+00:00","article_modified_time":"2025-06-15T17:30:31+00:00","og_image":[{"width":740,"height":493,"url":"https:\/\/www.vagadeempregorj.com.br\/wp-content\/uploads\/2024\/09\/image-34.png","type":"image\/png"}],"author":"Michele","twitter_card":"summary_large_image","twitter_misc":{"Written by":"Michele","Est. reading time":"5 \u062f\u0642\u0627\u0626\u0642"},"schema":{"@context":"https:\/\/schema.org","@graph":[{"@type":"Article","@id":"https:\/\/www.vagadeempregorj.com.br\/como-personalizar-seu-curriculo-para-cada-vaga-veja-as-tecnicas\/#article","isPartOf":{"@id":"https:\/\/www.vagadeempregorj.com.br\/como-personalizar-seu-curriculo-para-cada-vaga-veja-as-tecnicas\/"},"author":{"name":"Michele","@id":"https:\/\/www.vagadeempregorj.com.br\/#\/schema\/person\/3ddb19fa0539706786e502152f3aae95"},"headline":"Como personalizar seu curr\u00edculo para cada vaga: veja as t\u00e9cnicas","datePublished":"2024-09-21T17:50:54+00:00","dateModified":"2025-06-15T17:30:31+00:00","mainEntityOfPage":{"@id":"https:\/\/www.vagadeempregorj.com.br\/como-personalizar-seu-curriculo-para-cada-vaga-veja-as-tecnicas\/"},"wordCount":1020,"image":{"@id":"https:\/\/www.vagadeempregorj.com.br\/como-personalizar-seu-curriculo-para-cada-vaga-veja-as-tecnicas\/#primaryimage"},"thumbnailUrl":"https:\/\/www.vagadeempregorj.com.br\/wp-content\/uploads\/2024\/09\/image-34.png","articleSection":["Vagas de Emprego Nacionais"],"inLanguage":"ar"},{"@type":"WebPage","@id":"https:\/\/www.vagadeempregorj.com.br\/como-personalizar-seu-curriculo-para-cada-vaga-veja-as-tecnicas\/","url":"https:\/\/www.vagadeempregorj.com.br\/como-personalizar-seu-curriculo-para-cada-vaga-veja-as-tecnicas\/","name":"Como personalizar seu curr\u00edculo para cada vaga: veja as t\u00e9cnicas -","isPartOf":{"@id":"https:\/\/www.vagadeempregorj.com.br\/#website"},"primaryImageOfPage":{"@id":"https:\/\/www.vagadeempregorj.com.br\/como-personalizar-seu-curriculo-para-cada-vaga-veja-as-tecnicas\/#primaryimage"},"image":{"@id":"https:\/\/www.vagadeempregorj.com.br\/como-personalizar-seu-curriculo-para-cada-vaga-veja-as-tecnicas\/#primaryimage"},"thumbnailUrl":"https:\/\/www.vagadeempregorj.com.br\/wp-content\/uploads\/2024\/09\/image-34.png","datePublished":"2024-09-21T17:50:54+00:00","dateModified":"2025-06-15T17:30:31+00:00","author":{"@id":"https:\/\/www.vagadeempregorj.com.br\/#\/schema\/person\/3ddb19fa0539706786e502152f3aae95"},"description":"Veja em Vagas de Emprego RJ as vagas de emprego com e sem experi\u00eancia no seu Estado e Regi\u00e3o!","breadcrumb":{"@id":"https:\/\/www.vagadeempregorj.com.br\/como-personalizar-seu-curriculo-para-cada-vaga-veja-as-tecnicas\/#breadcrumb"},"inLanguage":"ar","potentialAction":[{"@type":"ReadAction","target":["https:\/\/www.vagadeempregorj.com.br\/como-personalizar-seu-curriculo-para-cada-vaga-veja-as-tecnicas\/"]}]},{"@type":"ImageObject","inLanguage":"ar","@id":"https:\/\/www.vagadeempregorj.com.br\/como-personalizar-seu-curriculo-para-cada-vaga-veja-as-tecnicas\/#primaryimage","url":"https:\/\/www.vagadeempregorj.com.br\/wp-content\/uploads\/2024\/09\/image-34.png","contentUrl":"https:\/\/www.vagadeempregorj.com.br\/wp-content\/uploads\/2024\/09\/image-34.png","width":740,"height":493},{"@type":"BreadcrumbList","@id":"https:\/\/www.vagadeempregorj.com.br\/como-personalizar-seu-curriculo-para-cada-vaga-veja-as-tecnicas\/#breadcrumb","itemListElement":[{"@type":"ListItem","position":1,"name":"In\u00edcio","item":"https:\/\/www.vagadeempregorj.com.br\/"},{"@type":"ListItem","position":2,"name":"Como personalizar seu curr\u00edculo para cada vaga: veja as t\u00e9cnicas"}]},{"@type":"WebSite","@id":"https:\/\/www.vagadeempregorj.com.br\/#website","url":"https:\/\/www.vagadeempregorj.com.br\/","name":"","description":"Conquiste Sonhos: Vagas, Benef\u00edcios e Economia para Transformar Vidas e Alcan\u00e7ar Melhorias Cotidianas","potentialAction":[{"@type":"SearchAction","target":{"@type":"EntryPoint","urlTemplate":"https:\/\/www.vagadeempregorj.com.br\/?s={search_term_string}"},"query-input":{"@type":"PropertyValueSpecification","valueRequired":true,"valueName":"search_term_string"}}],"inLanguage":"ar"},{"@type":"Person","@id":"https:\/\/www.vagadeempregorj.com.br\/#\/schema\/person\/3ddb19fa0539706786e502152f3aae95","name":"Michele","image":{"@type":"ImageObject","inLanguage":"ar","@id":"https:\/\/secure.gravatar.com\/avatar\/6b0eb9d22841282815e2cd856a0061c45e1761cd54b22e952d98c4746939aa85?s=96&r=g","url":"https:\/\/secure.gravatar.com\/avatar\/6b0eb9d22841282815e2cd856a0061c45e1761cd54b22e952d98c4746939aa85?s=96&r=g","contentUrl":"https:\/\/secure.gravatar.com\/avatar\/6b0eb9d22841282815e2cd856a0061c45e1761cd54b22e952d98c4746939aa85?s=96&r=g","caption":"Michele"},"description":"Formada em Letras - Portugu\u00eas\/ Ingl\u00eas, e idealizadora do site Escritora de Sucesso, busca expandir o conhecimento de todos com informa\u00e7\u00f5es relevantes sobre diversos assuntos, enquanto redatora. No Vaga de Emprego RJ, traz oportunidades e dicas sobre o mercado de trabalho.","url":"https:\/\/www.vagadeempregorj.com.br\/ar\/author\/michele\/"}]}},"_links":{"self":[{"href":"https:\/\/www.vagadeempregorj.com.br\/ar\/wp-json\/wp\/v2\/posts\/40827","targetHints":{"allow":["GET"]}}],"collection":[{"href":"https:\/\/www.vagadeempregorj.com.br\/ar\/wp-json\/wp\/v2\/posts"}],"about":[{"href":"https:\/\/www.vagadeempregorj.com.br\/ar\/wp-json\/wp\/v2\/types\/post"}],"author":[{"embeddable":true,"href":"https:\/\/www.vagadeempregorj.com.br\/ar\/wp-json\/wp\/v2\/users\/16"}],"replies":[{"embeddable":true,"href":"https:\/\/www.vagadeempregorj.com.br\/ar\/wp-json\/wp\/v2\/comments?post=40827"}],"version-history":[{"count":1,"href":"https:\/\/www.vagadeempregorj.com.br\/ar\/wp-json\/wp\/v2\/posts\/40827\/revisions"}],"predecessor-version":[{"id":43552,"href":"https:\/\/www.vagadeempregorj.com.br\/ar\/wp-json\/wp\/v2\/posts\/40827\/revisions\/43552"}],"wp:featuredmedia":[{"embeddable":true,"href":"https:\/\/www.vagadeempregorj.com.br\/ar\/wp-json\/wp\/v2\/media\/40845"}],"wp:attachment":[{"href":"https:\/\/www.vagadeempregorj.com.br\/ar\/wp-json\/wp\/v2\/media?parent=40827"}],"wp:term":[{"taxonomy":"category","embeddable":true,"href":"https:\/\/www.vagadeempregorj.com.br\/ar\/wp-json\/wp\/v2\/categories?post=40827"},{"taxonomy":"post_tag","embeddable":true,"href":"https:\/\/www.vagadeempregorj.com.br\/ar\/wp-json\/wp\/v2\/tags?post=40827"}],"curies":[{"name":"wp","href":"https:\/\/api.w.org\/{rel}","templated":true}]}}