{"id":40888,"date":"2024-10-07T06:00:00","date_gmt":"2024-10-07T09:00:00","guid":{"rendered":"https:\/\/www.vagadeempregorj.com.br\/?p=40888"},"modified":"2024-10-01T20:34:23","modified_gmt":"2024-10-01T23:34:23","slug":"mercado-livre-mais-de-150-vagas-de-emprego-pelo-pais","status":"publish","type":"post","link":"https:\/\/www.vagadeempregorj.com.br\/ar\/mercado-livre-mais-de-150-vagas-de-emprego-pelo-pais\/","title":{"rendered":"Mercado Livre: Mais de 150 vagas de emprego pelo pa\u00eds"},"content":{"rendered":"<p>O <strong>Mercado Livre<\/strong>, a maior plataforma de com\u00e9rcio eletr\u00f4nico da Am\u00e9rica Latina, est\u00e1 em um momento de expans\u00e3o e anunciou a abertura de mais de 150 vagas de emprego em diferentes regi\u00f5es do Brasil. Para aqueles que buscam uma nova oportunidade no mercado de trabalho, essa \u00e9 uma excelente chance de se juntar a uma das empresas mais inovadoras e din\u00e2micas do setor.<\/p>\n\n\n\n<h2 class=\"wp-block-heading\">Quais s\u00e3o as vagas de emprego abertas pelo Mercado Livre?<\/h2>\n\n\n\n<p>As oportunidades de trabalho no Mercado Livre s\u00e3o amplas e atendem a diferentes perfis e n\u00edveis de experi\u00eancia. Aqui est\u00e3o algumas das vagas em destaque:<\/p>\n\n\n\n<figure class=\"wp-block-image size-large\"><img loading=\"lazy\" decoding=\"async\" width=\"1024\" height=\"576\" src=\"https:\/\/www.vagadeempregorj.com.br\/wp-content\/uploads\/2024\/10\/image-5-1024x576.png\" alt=\"\" class=\"wp-image-40907\" srcset=\"https:\/\/www.vagadeempregorj.com.br\/wp-content\/uploads\/2024\/10\/image-5-1024x576.png 1024w, https:\/\/www.vagadeempregorj.com.br\/wp-content\/uploads\/2024\/10\/image-5-300x169.png 300w, https:\/\/www.vagadeempregorj.com.br\/wp-content\/uploads\/2024\/10\/image-5-768x432.png 768w, https:\/\/www.vagadeempregorj.com.br\/wp-content\/uploads\/2024\/10\/image-5-1536x864.png 1536w, https:\/\/www.vagadeempregorj.com.br\/wp-content\/uploads\/2024\/10\/image-5-383x215.png 383w, https:\/\/www.vagadeempregorj.com.br\/wp-content\/uploads\/2024\/10\/image-5-150x84.png 150w, https:\/\/www.vagadeempregorj.com.br\/wp-content\/uploads\/2024\/10\/image-5.png 1920w\" sizes=\"auto, (max-width: 1024px) 100vw, 1024px\" \/><\/figure>\n\n\n\n<h3 class=\"wp-block-heading\">Especialista em Marketing Digital<\/h3>\n\n\n\n<p>Os especialistas em marketing digital s\u00e3o fundamentais para a cria\u00e7\u00e3o e implementa\u00e7\u00e3o de estrat\u00e9gias que visam aumentar a visibilidade da plataforma. Este cargo requer habilidades em SEO, SEM e marketing de conte\u00fado. Os profissionais dessa \u00e1rea s\u00e3o respons\u00e1veis por atrair novos clientes e reter os existentes, utilizando t\u00e9cnicas modernas de marketing digital.<\/p>\n\n\n\n<h3 class=\"wp-block-heading\">Analista de Dados<\/h3>\n\n\n\n<p>Os analistas de dados desempenham um papel crucial no Mercado Livre, ajudando a interpretar grandes volumes de dados para informar decis\u00f5es estrat\u00e9gicas. Este cargo \u00e9 ideal para quem possui habilidades anal\u00edticas e experi\u00eancia com ferramentas de BI (Business Intelligence). Profissionais dessa \u00e1rea ajudam a entender o comportamento dos consumidores e a otimizar as opera\u00e7\u00f5es da empresa.<\/p>\n\n\n\n<h3 class=\"wp-block-heading\">Engenheiro de Software<\/h3>\n\n\n\n<p>Os engenheiros de software s\u00e3o respons\u00e1veis pelo desenvolvimento e manuten\u00e7\u00e3o das aplica\u00e7\u00f5es que suportam a plataforma. Esse cargo exige conhecimentos em v\u00e1rias linguagens de programa\u00e7\u00e3o, como Java, Python ou JavaScript, e uma forte compreens\u00e3o de arquiteturas de software. Esse papel \u00e9 perfeito para quem \u00e9 apaixonado por tecnologia e busca um ambiente desafiador.<\/p>\n\n\n\n<h3 class=\"wp-block-heading\">Coordenador de Log\u00edstica<\/h3>\n\n\n\n<p>Os coordenadores de log\u00edstica s\u00e3o essenciais para garantir que os produtos sejam entregues de forma eficiente e dentro dos prazos estabelecidos. Este cargo requer habilidades de gest\u00e3o e experi\u00eancia em opera\u00e7\u00f5es log\u00edsticas. Profissionais dessa \u00e1rea devem ser capazes de lidar com desafios de suprimento e otimizar processos.<\/p>\n\n\n\n<h3 class=\"wp-block-heading\">Representante de Atendimento ao Cliente<\/h3>\n\n\n\n<p>Os representantes de atendimento ao cliente s\u00e3o a linha de frente da empresa, respons\u00e1veis por fornecer suporte e resolver problemas dos consumidores. Este cargo exige habilidades de comunica\u00e7\u00e3o e empatia. Profissionais dessa \u00e1rea s\u00e3o essenciais para garantir a satisfa\u00e7\u00e3o do cliente e manter a reputa\u00e7\u00e3o da empresa.<\/p>\n\n\n\n<h3 class=\"wp-block-heading\">Designer UX\/UI<\/h3>\n\n\n\n<p>Os designers UX\/UI s\u00e3o respons\u00e1veis pela cria\u00e7\u00e3o de experi\u00eancias de usu\u00e1rio intuitivas e atraentes na plataforma. Esse cargo requer habilidades em design gr\u00e1fico, prototipagem e testes de usabilidade. Profissionais dessa \u00e1rea devem ter um forte entendimento das necessidades dos usu\u00e1rios e como traduzi-las em solu\u00e7\u00f5es visuais.<\/p>\n\n\n\n<h3 class=\"wp-block-heading\">Gerente de Produtos<\/h3>\n\n\n\n<p>Os gerentes de produtos lideram o desenvolvimento de novas funcionalidades e servi\u00e7os dentro da plataforma. Este cargo exige habilidades de lideran\u00e7a e uma vis\u00e3o estrat\u00e9gica para entender o mercado e as necessidades dos usu\u00e1rios. Profissionais dessa \u00e1rea devem ser capazes de coordenar equipes multidisciplinares e garantir que os produtos sejam lan\u00e7ados com sucesso.<\/p>\n\n\n\n<h2 class=\"wp-block-heading\">Como se candidatar?<\/h2>\n\n\n\n<p>Se voc\u00ea se interessou por alguma das oportunidades oferecidas pelo Mercado Livre, o processo de candidatura \u00e9 simples e r\u00e1pido. Siga os passos abaixo para garantir sua chance:<\/p>\n\n\n\n<ul class=\"wp-block-list\">\n<li>Copie e cole o endere\u00e7o a seguir em seu navegador: <strong>https:\/\/mercadolivre.randstad.com.br\/vagas_mercado_livre\/<\/strong><\/li>\n\n\n\n<li>Acesse a p\u00e1gina e encontre uma oportunidade que se adeque ao seu perfil.<\/li>\n\n\n\n<li>Clique na vaga desejada para ler mais sobre as fun\u00e7\u00f5es e requisitos.<\/li>\n\n\n\n<li>Preencha o formul\u00e1rio de candidatura com suas informa\u00e7\u00f5es e envie seu curr\u00edculo.<\/li>\n<\/ul>\n\n\n\n<p>\u00c9 importante personalizar seu curr\u00edculo e carta de apresenta\u00e7\u00e3o para cada vaga, destacando suas experi\u00eancias e habilidades que se alinham com os requisitos da posi\u00e7\u00e3o. O Mercado Livre valoriza a diversidade e est\u00e1 em busca de talentos de diferentes origens e experi\u00eancias, ent\u00e3o n\u00e3o hesite em se candidatar, mesmo que n\u00e3o atenda a todos os requisitos.<\/p>\n\n\n\n<p><strong>Veja tamb\u00e9m: <a href=\"https:\/\/www.vagadeempregorj.com.br\/ar\/logistica-veja-as-vagas-de-emprego-em-alta-no-setor\/\">Log\u00edstica: veja as vagas de emprego em alta no setor<\/a><\/strong><\/p>\n\n\n\n<p>7 de outubro de 2024<\/p>","protected":false},"excerpt":{"rendered":"<p>O Mercado Livre, a maior plataforma de com\u00e9rcio eletr\u00f4nico da Am\u00e9rica Latina, est\u00e1 em um momento de expans\u00e3o e anunciou a abertura de mais de 150 vagas de emprego em diferentes regi\u00f5es do Brasil. Para aqueles que buscam uma nova oportunidade no mercado de trabalho, essa \u00e9 uma excelente chance de se juntar a uma&hellip;&nbsp;<\/p>","protected":false},"author":16,"featured_media":40907,"comment_status":"closed","ping_status":"closed","sticky":false,"template":"","format":"standard","meta":{"neve_meta_sidebar":"","neve_meta_container":"","neve_meta_enable_content_width":"","neve_meta_content_width":0,"neve_meta_title_alignment":"","neve_meta_author_avatar":"","neve_post_elements_order":"","neve_meta_disable_header":"","neve_meta_disable_footer":"","neve_meta_disable_title":"","footnotes":""},"categories":[123],"tags":[830,608],"class_list":["post-40888","post","type-post","status-publish","format-standard","has-post-thumbnail","hentry","category-vagas-de-emprego-nacionais","tag-empregos","tag-oportunidades"],"yoast_head":"<!-- This site is optimized with the Yoast SEO plugin v27.5 - https:\/\/yoast.com\/product\/yoast-seo-wordpress\/ -->\n<title>Mercado Livre: Mais de 150 vagas de emprego pelo pa\u00eds -<\/title>\n<meta name=\"description\" content=\"Veja em Vagas de Emprego RJ as vagas de emprego com e sem experi\u00eancia no seu Estado e Regi\u00e3o!\" \/>\n<meta name=\"robots\" content=\"index, follow, max-snippet:-1, max-image-preview:large, max-video-preview:-1\" \/>\n<link rel=\"canonical\" href=\"https:\/\/www.vagadeempregorj.com.br\/ar\/mercado-livre-mais-de-150-vagas-de-emprego-pelo-pais\/\" \/>\n<meta property=\"og:locale\" content=\"ar_AR\" \/>\n<meta property=\"og:type\" content=\"article\" \/>\n<meta property=\"og:title\" content=\"Mercado Livre: Mais de 150 vagas de emprego pelo pa\u00eds -\" \/>\n<meta property=\"og:description\" content=\"Veja em Vagas de Emprego RJ as vagas de emprego com e sem experi\u00eancia no seu Estado e Regi\u00e3o!\" \/>\n<meta property=\"og:url\" content=\"https:\/\/www.vagadeempregorj.com.br\/ar\/mercado-livre-mais-de-150-vagas-de-emprego-pelo-pais\/\" \/>\n<meta property=\"article:publisher\" content=\"https:\/\/www.facebook.com\/empregobrasiloficial\" \/>\n<meta property=\"article:published_time\" content=\"2024-10-07T09:00:00+00:00\" \/>\n<meta property=\"og:image\" content=\"https:\/\/www.vagadeempregorj.com.br\/wp-content\/uploads\/2024\/10\/image-5.png\" \/>\n\t<meta property=\"og:image:width\" content=\"1920\" \/>\n\t<meta property=\"og:image:height\" content=\"1080\" \/>\n\t<meta property=\"og:image:type\" content=\"image\/png\" \/>\n<meta name=\"author\" content=\"Michele\" \/>\n<meta name=\"twitter:card\" content=\"summary_large_image\" \/>\n<meta name=\"twitter:label1\" content=\"\u0643\u064f\u062a\u0628 \u0628\u0648\u0627\u0633\u0637\u0629\" \/>\n\t<meta name=\"twitter:data1\" content=\"Michele\" \/>\n\t<meta name=\"twitter:label2\" content=\"\u0648\u0642\u062a \u0627\u0644\u0642\u0631\u0627\u0621\u0629 \u0627\u0644\u0645\u064f\u0642\u062f\u0651\u0631\" \/>\n\t<meta name=\"twitter:data2\" content=\"4 \u062f\u0642\u0627\u0626\u0642\" \/>\n<script type=\"application\/ld+json\" class=\"yoast-schema-graph\">{\"@context\":\"https:\\\/\\\/schema.org\",\"@graph\":[{\"@type\":\"Article\",\"@id\":\"https:\\\/\\\/www.vagadeempregorj.com.br\\\/mercado-livre-mais-de-150-vagas-de-emprego-pelo-pais\\\/#article\",\"isPartOf\":{\"@id\":\"https:\\\/\\\/www.vagadeempregorj.com.br\\\/mercado-livre-mais-de-150-vagas-de-emprego-pelo-pais\\\/\"},\"author\":{\"name\":\"Michele\",\"@id\":\"https:\\\/\\\/www.vagadeempregorj.com.br\\\/#\\\/schema\\\/person\\\/3ddb19fa0539706786e502152f3aae95\"},\"headline\":\"Mercado Livre: Mais de 150 vagas de emprego pelo pa\u00eds\",\"datePublished\":\"2024-10-07T09:00:00+00:00\",\"mainEntityOfPage\":{\"@id\":\"https:\\\/\\\/www.vagadeempregorj.com.br\\\/mercado-livre-mais-de-150-vagas-de-emprego-pelo-pais\\\/\"},\"wordCount\":712,\"image\":{\"@id\":\"https:\\\/\\\/www.vagadeempregorj.com.br\\\/mercado-livre-mais-de-150-vagas-de-emprego-pelo-pais\\\/#primaryimage\"},\"thumbnailUrl\":\"https:\\\/\\\/www.vagadeempregorj.com.br\\\/wp-content\\\/uploads\\\/2024\\\/10\\\/image-5.png\",\"keywords\":[\"empregos\",\"oportunidades\"],\"articleSection\":[\"Vagas de Emprego Nacionais\"],\"inLanguage\":\"ar\"},{\"@type\":\"WebPage\",\"@id\":\"https:\\\/\\\/www.vagadeempregorj.com.br\\\/mercado-livre-mais-de-150-vagas-de-emprego-pelo-pais\\\/\",\"url\":\"https:\\\/\\\/www.vagadeempregorj.com.br\\\/mercado-livre-mais-de-150-vagas-de-emprego-pelo-pais\\\/\",\"name\":\"Mercado Livre: Mais de 150 vagas de emprego pelo pa\u00eds -\",\"isPartOf\":{\"@id\":\"https:\\\/\\\/www.vagadeempregorj.com.br\\\/#website\"},\"primaryImageOfPage\":{\"@id\":\"https:\\\/\\\/www.vagadeempregorj.com.br\\\/mercado-livre-mais-de-150-vagas-de-emprego-pelo-pais\\\/#primaryimage\"},\"image\":{\"@id\":\"https:\\\/\\\/www.vagadeempregorj.com.br\\\/mercado-livre-mais-de-150-vagas-de-emprego-pelo-pais\\\/#primaryimage\"},\"thumbnailUrl\":\"https:\\\/\\\/www.vagadeempregorj.com.br\\\/wp-content\\\/uploads\\\/2024\\\/10\\\/image-5.png\",\"datePublished\":\"2024-10-07T09:00:00+00:00\",\"author\":{\"@id\":\"https:\\\/\\\/www.vagadeempregorj.com.br\\\/#\\\/schema\\\/person\\\/3ddb19fa0539706786e502152f3aae95\"},\"description\":\"Veja em Vagas de Emprego RJ as vagas de emprego com e sem experi\u00eancia no seu Estado e Regi\u00e3o!\",\"breadcrumb\":{\"@id\":\"https:\\\/\\\/www.vagadeempregorj.com.br\\\/mercado-livre-mais-de-150-vagas-de-emprego-pelo-pais\\\/#breadcrumb\"},\"inLanguage\":\"ar\",\"potentialAction\":[{\"@type\":\"ReadAction\",\"target\":[\"https:\\\/\\\/www.vagadeempregorj.com.br\\\/mercado-livre-mais-de-150-vagas-de-emprego-pelo-pais\\\/\"]}]},{\"@type\":\"ImageObject\",\"inLanguage\":\"ar\",\"@id\":\"https:\\\/\\\/www.vagadeempregorj.com.br\\\/mercado-livre-mais-de-150-vagas-de-emprego-pelo-pais\\\/#primaryimage\",\"url\":\"https:\\\/\\\/www.vagadeempregorj.com.br\\\/wp-content\\\/uploads\\\/2024\\\/10\\\/image-5.png\",\"contentUrl\":\"https:\\\/\\\/www.vagadeempregorj.com.br\\\/wp-content\\\/uploads\\\/2024\\\/10\\\/image-5.png\",\"width\":1920,\"height\":1080},{\"@type\":\"BreadcrumbList\",\"@id\":\"https:\\\/\\\/www.vagadeempregorj.com.br\\\/mercado-livre-mais-de-150-vagas-de-emprego-pelo-pais\\\/#breadcrumb\",\"itemListElement\":[{\"@type\":\"ListItem\",\"position\":1,\"name\":\"In\u00edcio\",\"item\":\"https:\\\/\\\/www.vagadeempregorj.com.br\\\/\"},{\"@type\":\"ListItem\",\"position\":2,\"name\":\"Vagas de Emprego Nacionais\",\"item\":\"https:\\\/\\\/www.vagadeempregorj.com.br\\\/vagas-de-emprego-nacionais\\\/\"},{\"@type\":\"ListItem\",\"position\":3,\"name\":\"Mercado Livre: Mais de 150 vagas de emprego pelo pa\u00eds\"}]},{\"@type\":\"WebSite\",\"@id\":\"https:\\\/\\\/www.vagadeempregorj.com.br\\\/#website\",\"url\":\"https:\\\/\\\/www.vagadeempregorj.com.br\\\/\",\"name\":\"\",\"description\":\"Conquiste Sonhos: Vagas, Benef\u00edcios e Economia para Transformar Vidas e Alcan\u00e7ar Melhorias Cotidianas\",\"potentialAction\":[{\"@type\":\"SearchAction\",\"target\":{\"@type\":\"EntryPoint\",\"urlTemplate\":\"https:\\\/\\\/www.vagadeempregorj.com.br\\\/?s={search_term_string}\"},\"query-input\":{\"@type\":\"PropertyValueSpecification\",\"valueRequired\":true,\"valueName\":\"search_term_string\"}}],\"inLanguage\":\"ar\"},{\"@type\":\"Person\",\"@id\":\"https:\\\/\\\/www.vagadeempregorj.com.br\\\/#\\\/schema\\\/person\\\/3ddb19fa0539706786e502152f3aae95\",\"name\":\"Michele\",\"image\":{\"@type\":\"ImageObject\",\"inLanguage\":\"ar\",\"@id\":\"https:\\\/\\\/secure.gravatar.com\\\/avatar\\\/6b0eb9d22841282815e2cd856a0061c45e1761cd54b22e952d98c4746939aa85?s=96&r=g\",\"url\":\"https:\\\/\\\/secure.gravatar.com\\\/avatar\\\/6b0eb9d22841282815e2cd856a0061c45e1761cd54b22e952d98c4746939aa85?s=96&r=g\",\"contentUrl\":\"https:\\\/\\\/secure.gravatar.com\\\/avatar\\\/6b0eb9d22841282815e2cd856a0061c45e1761cd54b22e952d98c4746939aa85?s=96&r=g\",\"caption\":\"Michele\"},\"description\":\"Formada em Letras - Portugu\u00eas\\\/ Ingl\u00eas, e idealizadora do site Escritora de Sucesso, busca expandir o conhecimento de todos com informa\u00e7\u00f5es relevantes sobre diversos assuntos, enquanto redatora. No Vaga de Emprego RJ, traz oportunidades e dicas sobre o mercado de trabalho.\",\"url\":\"https:\\\/\\\/www.vagadeempregorj.com.br\\\/ar\\\/author\\\/michele\\\/\"}]}<\/script>\n<!-- \/ Yoast SEO plugin. -->","yoast_head_json":{"title":"Mercado Livre: Mais de 150 vagas de emprego pelo pa\u00eds -","description":"Veja em Vagas de Emprego RJ as vagas de emprego com e sem experi\u00eancia no seu Estado e Regi\u00e3o!","robots":{"index":"index","follow":"follow","max-snippet":"max-snippet:-1","max-image-preview":"max-image-preview:large","max-video-preview":"max-video-preview:-1"},"canonical":"https:\/\/www.vagadeempregorj.com.br\/ar\/mercado-livre-mais-de-150-vagas-de-emprego-pelo-pais\/","og_locale":"ar_AR","og_type":"article","og_title":"Mercado Livre: Mais de 150 vagas de emprego pelo pa\u00eds -","og_description":"Veja em Vagas de Emprego RJ as vagas de emprego com e sem experi\u00eancia no seu Estado e Regi\u00e3o!","og_url":"https:\/\/www.vagadeempregorj.com.br\/ar\/mercado-livre-mais-de-150-vagas-de-emprego-pelo-pais\/","article_publisher":"https:\/\/www.facebook.com\/empregobrasiloficial","article_published_time":"2024-10-07T09:00:00+00:00","og_image":[{"width":1920,"height":1080,"url":"https:\/\/www.vagadeempregorj.com.br\/wp-content\/uploads\/2024\/10\/image-5.png","type":"image\/png"}],"author":"Michele","twitter_card":"summary_large_image","twitter_misc":{"\u0643\u064f\u062a\u0628 \u0628\u0648\u0627\u0633\u0637\u0629":"Michele","\u0648\u0642\u062a \u0627\u0644\u0642\u0631\u0627\u0621\u0629 \u0627\u0644\u0645\u064f\u0642\u062f\u0651\u0631":"4 \u062f\u0642\u0627\u0626\u0642"},"schema":{"@context":"https:\/\/schema.org","@graph":[{"@type":"Article","@id":"https:\/\/www.vagadeempregorj.com.br\/mercado-livre-mais-de-150-vagas-de-emprego-pelo-pais\/#article","isPartOf":{"@id":"https:\/\/www.vagadeempregorj.com.br\/mercado-livre-mais-de-150-vagas-de-emprego-pelo-pais\/"},"author":{"name":"Michele","@id":"https:\/\/www.vagadeempregorj.com.br\/#\/schema\/person\/3ddb19fa0539706786e502152f3aae95"},"headline":"Mercado Livre: Mais de 150 vagas de emprego pelo pa\u00eds","datePublished":"2024-10-07T09:00:00+00:00","mainEntityOfPage":{"@id":"https:\/\/www.vagadeempregorj.com.br\/mercado-livre-mais-de-150-vagas-de-emprego-pelo-pais\/"},"wordCount":712,"image":{"@id":"https:\/\/www.vagadeempregorj.com.br\/mercado-livre-mais-de-150-vagas-de-emprego-pelo-pais\/#primaryimage"},"thumbnailUrl":"https:\/\/www.vagadeempregorj.com.br\/wp-content\/uploads\/2024\/10\/image-5.png","keywords":["empregos","oportunidades"],"articleSection":["Vagas de Emprego Nacionais"],"inLanguage":"ar"},{"@type":"WebPage","@id":"https:\/\/www.vagadeempregorj.com.br\/mercado-livre-mais-de-150-vagas-de-emprego-pelo-pais\/","url":"https:\/\/www.vagadeempregorj.com.br\/mercado-livre-mais-de-150-vagas-de-emprego-pelo-pais\/","name":"Mercado Livre: Mais de 150 vagas de emprego pelo pa\u00eds -","isPartOf":{"@id":"https:\/\/www.vagadeempregorj.com.br\/#website"},"primaryImageOfPage":{"@id":"https:\/\/www.vagadeempregorj.com.br\/mercado-livre-mais-de-150-vagas-de-emprego-pelo-pais\/#primaryimage"},"image":{"@id":"https:\/\/www.vagadeempregorj.com.br\/mercado-livre-mais-de-150-vagas-de-emprego-pelo-pais\/#primaryimage"},"thumbnailUrl":"https:\/\/www.vagadeempregorj.com.br\/wp-content\/uploads\/2024\/10\/image-5.png","datePublished":"2024-10-07T09:00:00+00:00","author":{"@id":"https:\/\/www.vagadeempregorj.com.br\/#\/schema\/person\/3ddb19fa0539706786e502152f3aae95"},"description":"Veja em Vagas de Emprego RJ as vagas de emprego com e sem experi\u00eancia no seu Estado e Regi\u00e3o!","breadcrumb":{"@id":"https:\/\/www.vagadeempregorj.com.br\/mercado-livre-mais-de-150-vagas-de-emprego-pelo-pais\/#breadcrumb"},"inLanguage":"ar","potentialAction":[{"@type":"ReadAction","target":["https:\/\/www.vagadeempregorj.com.br\/mercado-livre-mais-de-150-vagas-de-emprego-pelo-pais\/"]}]},{"@type":"ImageObject","inLanguage":"ar","@id":"https:\/\/www.vagadeempregorj.com.br\/mercado-livre-mais-de-150-vagas-de-emprego-pelo-pais\/#primaryimage","url":"https:\/\/www.vagadeempregorj.com.br\/wp-content\/uploads\/2024\/10\/image-5.png","contentUrl":"https:\/\/www.vagadeempregorj.com.br\/wp-content\/uploads\/2024\/10\/image-5.png","width":1920,"height":1080},{"@type":"BreadcrumbList","@id":"https:\/\/www.vagadeempregorj.com.br\/mercado-livre-mais-de-150-vagas-de-emprego-pelo-pais\/#breadcrumb","itemListElement":[{"@type":"ListItem","position":1,"name":"In\u00edcio","item":"https:\/\/www.vagadeempregorj.com.br\/"},{"@type":"ListItem","position":2,"name":"Vagas de Emprego Nacionais","item":"https:\/\/www.vagadeempregorj.com.br\/vagas-de-emprego-nacionais\/"},{"@type":"ListItem","position":3,"name":"Mercado Livre: Mais de 150 vagas de emprego pelo pa\u00eds"}]},{"@type":"WebSite","@id":"https:\/\/www.vagadeempregorj.com.br\/#website","url":"https:\/\/www.vagadeempregorj.com.br\/","name":"","description":"\u062a\u062d\u0642\u064a\u0642 \u0627\u0644\u0623\u062d\u0644\u0627\u0645: \u0641\u0631\u0635 \u0639\u0645\u0644\u060c \u0645\u0632\u0627\u064a\u0627\u060c \u0648\u062a\u0648\u0641\u064a\u0631\u0627\u062a \u0644\u062a\u063a\u064a\u064a\u0631 \u0627\u0644\u062d\u064a\u0627\u0629 \u0648\u062a\u062d\u0642\u064a\u0642 \u062a\u062d\u0633\u064a\u0646\u0627\u062a \u064a\u0648\u0645\u064a\u0629","potentialAction":[{"@type":"SearchAction","target":{"@type":"EntryPoint","urlTemplate":"https:\/\/www.vagadeempregorj.com.br\/?s={search_term_string}"},"query-input":{"@type":"PropertyValueSpecification","valueRequired":true,"valueName":"search_term_string"}}],"inLanguage":"ar"},{"@type":"Person","@id":"https:\/\/www.vagadeempregorj.com.br\/#\/schema\/person\/3ddb19fa0539706786e502152f3aae95","name":"Michele","image":{"@type":"ImageObject","inLanguage":"ar","@id":"https:\/\/secure.gravatar.com\/avatar\/6b0eb9d22841282815e2cd856a0061c45e1761cd54b22e952d98c4746939aa85?s=96&r=g","url":"https:\/\/secure.gravatar.com\/avatar\/6b0eb9d22841282815e2cd856a0061c45e1761cd54b22e952d98c4746939aa85?s=96&r=g","contentUrl":"https:\/\/secure.gravatar.com\/avatar\/6b0eb9d22841282815e2cd856a0061c45e1761cd54b22e952d98c4746939aa85?s=96&r=g","caption":"Michele"},"description":"Formada em Letras - Portugu\u00eas\/ Ingl\u00eas, e idealizadora do site Escritora de Sucesso, busca expandir o conhecimento de todos com informa\u00e7\u00f5es relevantes sobre diversos assuntos, enquanto redatora. No Vaga de Emprego RJ, traz oportunidades e dicas sobre o mercado de trabalho.","url":"https:\/\/www.vagadeempregorj.com.br\/ar\/author\/michele\/"}]}},"_links":{"self":[{"href":"https:\/\/www.vagadeempregorj.com.br\/ar\/wp-json\/wp\/v2\/posts\/40888","targetHints":{"allow":["GET"]}}],"collection":[{"href":"https:\/\/www.vagadeempregorj.com.br\/ar\/wp-json\/wp\/v2\/posts"}],"about":[{"href":"https:\/\/www.vagadeempregorj.com.br\/ar\/wp-json\/wp\/v2\/types\/post"}],"author":[{"embeddable":true,"href":"https:\/\/www.vagadeempregorj.com.br\/ar\/wp-json\/wp\/v2\/users\/16"}],"replies":[{"embeddable":true,"href":"https:\/\/www.vagadeempregorj.com.br\/ar\/wp-json\/wp\/v2\/comments?post=40888"}],"version-history":[{"count":0,"href":"https:\/\/www.vagadeempregorj.com.br\/ar\/wp-json\/wp\/v2\/posts\/40888\/revisions"}],"wp:featuredmedia":[{"embeddable":true,"href":"https:\/\/www.vagadeempregorj.com.br\/ar\/wp-json\/wp\/v2\/media\/40907"}],"wp:attachment":[{"href":"https:\/\/www.vagadeempregorj.com.br\/ar\/wp-json\/wp\/v2\/media?parent=40888"}],"wp:term":[{"taxonomy":"category","embeddable":true,"href":"https:\/\/www.vagadeempregorj.com.br\/ar\/wp-json\/wp\/v2\/categories?post=40888"},{"taxonomy":"post_tag","embeddable":true,"href":"https:\/\/www.vagadeempregorj.com.br\/ar\/wp-json\/wp\/v2\/tags?post=40888"}],"curies":[{"name":"wp","href":"https:\/\/api.w.org\/{rel}","templated":true}]}}