{"id":40892,"date":"2024-10-09T06:00:00","date_gmt":"2024-10-09T09:00:00","guid":{"rendered":"https:\/\/www.vagadeempregorj.com.br\/?p=40892"},"modified":"2024-10-01T20:43:53","modified_gmt":"2024-10-01T23:43:53","slug":"luandre-mais-de-2-mil-vagas-de-emprego-abertas-pelo-pais","status":"publish","type":"post","link":"https:\/\/www.vagadeempregorj.com.br\/ar\/luandre-mais-de-2-mil-vagas-de-emprego-abertas-pelo-pais\/","title":{"rendered":"Luandre: Mais de 2 mil vagas de emprego abertas pelo pa\u00eds"},"content":{"rendered":"<p>A <strong>Luandre<\/strong>, uma das principais consultorias de recursos humanos do Brasil, anunciou a abertura de mais de 2 mil vagas de emprego em diversas \u00e1reas e localidades. Esta \u00e9 uma oportunidade incr\u00edvel para quem busca um novo caminho profissional ou deseja iniciar sua carreira em um ambiente din\u00e2mico e em constante crescimento. Com um portf\u00f3lio diversificado de clientes, a Luandre atua em setores como com\u00e9rcio, ind\u00fastria, servi\u00e7os e tecnologia, proporcionando aos candidatos a chance de se inserir em uma ampla gama de oportunidades.<\/p>\n\n\n\n<p>A consultoria se destaca por sua abordagem personalizada no recrutamento e sele\u00e7\u00e3o, sempre buscando conectar talentos \u00e0s necessidades das empresas. Com o mercado de trabalho em constante evolu\u00e7\u00e3o, a Luandre se compromete a facilitar a busca por empregos, oferecendo suporte e orienta\u00e7\u00e3o aos candidatos. Se voc\u00ea est\u00e1 em busca de uma nova posi\u00e7\u00e3o ou deseja mudar de carreira, continue lendo para descobrir as vagas dispon\u00edveis e como se candidatar.<\/p>\n\n\n\n<figure class=\"wp-block-image size-full\"><img loading=\"lazy\" decoding=\"async\" width=\"1024\" height=\"756\" src=\"https:\/\/www.vagadeempregorj.com.br\/wp-content\/uploads\/2024\/10\/image-7.png\" alt=\"\" class=\"wp-image-40911\" srcset=\"https:\/\/www.vagadeempregorj.com.br\/wp-content\/uploads\/2024\/10\/image-7.png 1024w, https:\/\/www.vagadeempregorj.com.br\/wp-content\/uploads\/2024\/10\/image-7-300x221.png 300w, https:\/\/www.vagadeempregorj.com.br\/wp-content\/uploads\/2024\/10\/image-7-768x567.png 768w, https:\/\/www.vagadeempregorj.com.br\/wp-content\/uploads\/2024\/10\/image-7-150x111.png 150w\" sizes=\"auto, (max-width: 1024px) 100vw, 1024px\" \/><\/figure>\n\n\n\n<h2 class=\"wp-block-heading\">Quais s\u00e3o as vagas de emprego abertas pelo Luandre?<\/h2>\n\n\n\n<p>As oportunidades de emprego oferecidas pela Luandre s\u00e3o vastas e atendem a diferentes perfis profissionais. Confira algumas das vagas em destaque:<\/p>\n\n\n\n<h3 class=\"wp-block-heading\">Analista de Recursos Humanos<\/h3>\n\n\n\n<p>Os analistas de recursos humanos s\u00e3o respons\u00e1veis por gerenciar processos de recrutamento e sele\u00e7\u00e3o, al\u00e9m de atuar na integra\u00e7\u00e3o de novos colaboradores. Esse cargo \u00e9 ideal para quem possui experi\u00eancia em gest\u00e3o de pessoas e deseja contribuir para o desenvolvimento de uma equipe s\u00f3lida.<\/p>\n\n\n\n<h3 class=\"wp-block-heading\">Vendedor Interno<\/h3>\n\n\n\n<p>Os vendedores internos desempenham um papel crucial na estrat\u00e9gia de vendas das empresas. Eles s\u00e3o respons\u00e1veis por realizar atendimentos, negociar condi\u00e7\u00f5es e fechar neg\u00f3cios. Esse cargo \u00e9 indicado para quem tem habilidades de comunica\u00e7\u00e3o e gosta de trabalhar com metas.<\/p>\n\n\n\n<h3 class=\"wp-block-heading\">T\u00e9cnico em Seguran\u00e7a do Trabalho<\/h3>\n\n\n\n<p>Os t\u00e9cnicos em seguran\u00e7a do trabalho s\u00e3o essenciais para garantir um ambiente seguro e saud\u00e1vel para todos os colaboradores. Este cargo exige forma\u00e7\u00e3o t\u00e9cnica na \u00e1rea e conhecimento das normas regulamentadoras de seguran\u00e7a. Profissionais dessa \u00e1rea devem ser proativos e ter boa capacidade de comunica\u00e7\u00e3o.<\/p>\n\n\n\n<h3 class=\"wp-block-heading\">Gerente de Projetos<\/h3>\n\n\n\n<p>Os gerentes de projetos s\u00e3o respons\u00e1veis por planejar, executar e finalizar projetos, garantindo que sejam conclu\u00eddos dentro do prazo e do or\u00e7amento. Este cargo exige habilidades de lideran\u00e7a e experi\u00eancia em gerenciamento de equipes. Profissionais dessa \u00e1rea devem ser organizados e ter vis\u00e3o estrat\u00e9gica.<\/p>\n\n\n\n<h3 class=\"wp-block-heading\">Auxiliar de Log\u00edstica<\/h3>\n\n\n\n<p>Os auxiliares de log\u00edstica s\u00e3o fundamentais para o funcionamento das opera\u00e7\u00f5es de armazenamento e distribui\u00e7\u00e3o de produtos. Eles s\u00e3o respons\u00e1veis por controlar o fluxo de mercadorias e garantir que tudo esteja organizado. Essa posi\u00e7\u00e3o \u00e9 ideal para quem busca uma oportunidade de in\u00edcio de carreira em um ambiente din\u00e2mico.<\/p>\n\n\n\n<h3 class=\"wp-block-heading\">Assistente Financeiro<\/h3>\n\n\n\n<p>Os assistentes financeiros ajudam na gest\u00e3o das contas a pagar e a receber, al\u00e9m de contribuir para a an\u00e1lise de relat\u00f3rios financeiros. Este cargo \u00e9 ideal para quem tem forma\u00e7\u00e3o na \u00e1rea de finan\u00e7as e deseja desenvolver suas habilidades em um ambiente corporativo.<\/p>\n\n\n\n<h3 class=\"wp-block-heading\">Designer Gr\u00e1fico<\/h3>\n\n\n\n<p>Os designers gr\u00e1ficos t\u00eam a miss\u00e3o de criar materiais visuais que ajudem a promover a marca e os produtos das empresas. Este cargo exige criatividade e habilidades em programas de design, como Photoshop e Illustrator. Profissionais dessa \u00e1rea devem ter um portf\u00f3lio consistente para apresentar aos recrutadores.<\/p>\n\n\n\n<h3 class=\"wp-block-heading\">Coordenador de Marketing<\/h3>\n\n\n\n<p>Os coordenadores de marketing s\u00e3o respons\u00e1veis por desenvolver e implementar estrat\u00e9gias de marketing que ajudem a aumentar a visibilidade da empresa. Este cargo exige conhecimentos em marketing digital, gest\u00e3o de campanhas e an\u00e1lise de resultados. Profissionais dessa \u00e1rea devem ser criativos e ter habilidades anal\u00edticas.<\/p>\n\n\n\n<h3 class=\"wp-block-heading\">Consultor de Vendas<\/h3>\n\n\n\n<p>Os consultores de vendas atuam como intermedi\u00e1rios entre a empresa e os clientes, buscando entender as necessidades dos consumidores e oferecer solu\u00e7\u00f5es que atendam a essas demandas. Este cargo exige habilidades de comunica\u00e7\u00e3o e persuas\u00e3o, al\u00e9m de um bom conhecimento dos produtos e servi\u00e7os oferecidos.<\/p>\n\n\n\n<h2 class=\"wp-block-heading\">Como se candidatar?<\/h2>\n\n\n\n<p>Se voc\u00ea se interessou por alguma das oportunidades oferecidas pela Luandre, o processo de candidatura \u00e9 simples e r\u00e1pido. Siga os passos abaixo para garantir sua chance:<\/p>\n\n\n\n<ul class=\"wp-block-list\">\n<li>Copie e cole o endere\u00e7o a seguir em seu navegador: <strong>https:\/\/www.luandre.com.br\/recrutamento-selecao\/<\/strong><\/li>\n\n\n\n<li>Acesse a p\u00e1gina e encontre uma oportunidade que se adeque ao seu perfil.<\/li>\n\n\n\n<li>Clique na vaga desejada para ler mais sobre as fun\u00e7\u00f5es e requisitos.<\/li>\n\n\n\n<li>Preencha o formul\u00e1rio de candidatura com suas informa\u00e7\u00f5es e envie seu curr\u00edculo.<\/li>\n<\/ul>\n\n\n\n<p>Lembre-se de personalizar seu curr\u00edculo e carta de apresenta\u00e7\u00e3o para cada vaga. Destaque suas experi\u00eancias e habilidades que se alinham com os requisitos da posi\u00e7\u00e3o. A Luandre valoriza a diversidade e busca talentos de diferentes origens e experi\u00eancias, ent\u00e3o n\u00e3o hesite em se candidatar, mesmo que n\u00e3o atenda a todos os requisitos.<\/p>\n\n\n\n<h2 class=\"wp-block-heading\">Por que trabalhar na Luandre?<\/h2>\n\n\n\n<p>Trabalhar na Luandre significa fazer parte de uma equipe que valoriza a forma\u00e7\u00e3o e o desenvolvimento dos colaboradores. A consultoria oferece treinamentos e capacita\u00e7\u00f5es para que os funcion\u00e1rios possam aprimorar suas habilidades e se manter atualizados sobre as tend\u00eancias do mercado.<\/p>\n\n\n\n<p>Al\u00e9m disso, a Luandre promove um ambiente de trabalho inclusivo e acolhedor, onde todos s\u00e3o incentivados a compartilhar suas ideias e colaborar com a equipe. A consultoria tamb\u00e9m se preocupa com o bem-estar de seus colaboradores, oferecendo benef\u00edcios que promovem a qualidade de vida no trabalho.<\/p>\n\n\n\n<p>Outro aspecto positivo de trabalhar na Luandre \u00e9 a possibilidade de atuar em diversas \u00e1reas e setores, permitindo que os colaboradores explorem diferentes oportunidades e construam uma carreira s\u00f3lida. A diversidade de vagas e a variedade de clientes atendidos garantem um ambiente din\u00e2mico e desafiador.<\/p>\n\n\n\n<p><strong>Veja tamb\u00e9m: <a href=\"https:\/\/www.vagadeempregorj.com.br\/ar\/logistica-veja-as-vagas-de-emprego-em-alta-no-setor\/\">Log\u00edstica: veja as vagas de emprego em alta no setor<\/a><\/strong><\/p>\n\n\n\n<p>9 de outubro de 2024<\/p>","protected":false},"excerpt":{"rendered":"<p>A Luandre, uma das principais consultorias de recursos humanos do Brasil, anunciou a abertura de mais de 2 mil vagas de emprego em diversas \u00e1reas e localidades. Esta \u00e9 uma oportunidade incr\u00edvel para quem busca um novo caminho profissional ou deseja iniciar sua carreira em um ambiente din\u00e2mico e em constante crescimento. Com um portf\u00f3lio&hellip;&nbsp;<\/p>","protected":false},"author":16,"featured_media":40911,"comment_status":"closed","ping_status":"closed","sticky":false,"template":"","format":"standard","meta":{"neve_meta_sidebar":"","neve_meta_container":"","neve_meta_enable_content_width":"","neve_meta_content_width":0,"neve_meta_title_alignment":"","neve_meta_author_avatar":"","neve_post_elements_order":"","neve_meta_disable_header":"","neve_meta_disable_footer":"","neve_meta_disable_title":"","footnotes":""},"categories":[123],"tags":[830,608],"class_list":["post-40892","post","type-post","status-publish","format-standard","has-post-thumbnail","hentry","category-vagas-de-emprego-nacionais","tag-empregos","tag-oportunidades"],"yoast_head":"<!-- This site is optimized with the Yoast SEO plugin v27.5 - https:\/\/yoast.com\/product\/yoast-seo-wordpress\/ -->\n<title>Luandre: Mais de 2 mil vagas de emprego abertas pelo pa\u00eds -<\/title>\n<meta name=\"description\" content=\"Veja em Vagas de Emprego RJ as vagas de emprego com e sem experi\u00eancia no seu Estado e Regi\u00e3o!\" \/>\n<meta name=\"robots\" content=\"index, follow, max-snippet:-1, max-image-preview:large, max-video-preview:-1\" \/>\n<link rel=\"canonical\" href=\"https:\/\/www.vagadeempregorj.com.br\/ar\/luandre-mais-de-2-mil-vagas-de-emprego-abertas-pelo-pais\/\" \/>\n<meta property=\"og:locale\" content=\"ar_AR\" \/>\n<meta property=\"og:type\" content=\"article\" \/>\n<meta property=\"og:title\" content=\"Luandre: Mais de 2 mil vagas de emprego abertas pelo pa\u00eds -\" \/>\n<meta property=\"og:description\" content=\"Veja em Vagas de Emprego RJ as vagas de emprego com e sem experi\u00eancia no seu Estado e Regi\u00e3o!\" \/>\n<meta property=\"og:url\" content=\"https:\/\/www.vagadeempregorj.com.br\/ar\/luandre-mais-de-2-mil-vagas-de-emprego-abertas-pelo-pais\/\" \/>\n<meta property=\"article:publisher\" content=\"https:\/\/www.facebook.com\/empregobrasiloficial\" \/>\n<meta property=\"article:published_time\" content=\"2024-10-09T09:00:00+00:00\" \/>\n<meta property=\"og:image\" content=\"https:\/\/www.vagadeempregorj.com.br\/wp-content\/uploads\/2024\/10\/image-7.png\" \/>\n\t<meta property=\"og:image:width\" content=\"1024\" \/>\n\t<meta property=\"og:image:height\" content=\"756\" \/>\n\t<meta property=\"og:image:type\" content=\"image\/png\" \/>\n<meta name=\"author\" content=\"Michele\" \/>\n<meta name=\"twitter:card\" content=\"summary_large_image\" \/>\n<meta name=\"twitter:label1\" content=\"Written by\" \/>\n\t<meta name=\"twitter:data1\" content=\"Michele\" \/>\n\t<meta name=\"twitter:label2\" content=\"Est. reading time\" \/>\n\t<meta name=\"twitter:data2\" content=\"5 \u062f\u0642\u0627\u0626\u0642\" \/>\n<script type=\"application\/ld+json\" class=\"yoast-schema-graph\">{\"@context\":\"https:\\\/\\\/schema.org\",\"@graph\":[{\"@type\":\"Article\",\"@id\":\"https:\\\/\\\/www.vagadeempregorj.com.br\\\/luandre-mais-de-2-mil-vagas-de-emprego-abertas-pelo-pais\\\/#article\",\"isPartOf\":{\"@id\":\"https:\\\/\\\/www.vagadeempregorj.com.br\\\/luandre-mais-de-2-mil-vagas-de-emprego-abertas-pelo-pais\\\/\"},\"author\":{\"name\":\"Michele\",\"@id\":\"https:\\\/\\\/www.vagadeempregorj.com.br\\\/#\\\/schema\\\/person\\\/3ddb19fa0539706786e502152f3aae95\"},\"headline\":\"Luandre: Mais de 2 mil vagas de emprego abertas pelo pa\u00eds\",\"datePublished\":\"2024-10-09T09:00:00+00:00\",\"mainEntityOfPage\":{\"@id\":\"https:\\\/\\\/www.vagadeempregorj.com.br\\\/luandre-mais-de-2-mil-vagas-de-emprego-abertas-pelo-pais\\\/\"},\"wordCount\":1006,\"image\":{\"@id\":\"https:\\\/\\\/www.vagadeempregorj.com.br\\\/luandre-mais-de-2-mil-vagas-de-emprego-abertas-pelo-pais\\\/#primaryimage\"},\"thumbnailUrl\":\"https:\\\/\\\/www.vagadeempregorj.com.br\\\/wp-content\\\/uploads\\\/2024\\\/10\\\/image-7.png\",\"keywords\":[\"empregos\",\"oportunidades\"],\"articleSection\":[\"Vagas de Emprego Nacionais\"],\"inLanguage\":\"ar\"},{\"@type\":\"WebPage\",\"@id\":\"https:\\\/\\\/www.vagadeempregorj.com.br\\\/luandre-mais-de-2-mil-vagas-de-emprego-abertas-pelo-pais\\\/\",\"url\":\"https:\\\/\\\/www.vagadeempregorj.com.br\\\/luandre-mais-de-2-mil-vagas-de-emprego-abertas-pelo-pais\\\/\",\"name\":\"Luandre: Mais de 2 mil vagas de emprego abertas pelo pa\u00eds -\",\"isPartOf\":{\"@id\":\"https:\\\/\\\/www.vagadeempregorj.com.br\\\/#website\"},\"primaryImageOfPage\":{\"@id\":\"https:\\\/\\\/www.vagadeempregorj.com.br\\\/luandre-mais-de-2-mil-vagas-de-emprego-abertas-pelo-pais\\\/#primaryimage\"},\"image\":{\"@id\":\"https:\\\/\\\/www.vagadeempregorj.com.br\\\/luandre-mais-de-2-mil-vagas-de-emprego-abertas-pelo-pais\\\/#primaryimage\"},\"thumbnailUrl\":\"https:\\\/\\\/www.vagadeempregorj.com.br\\\/wp-content\\\/uploads\\\/2024\\\/10\\\/image-7.png\",\"datePublished\":\"2024-10-09T09:00:00+00:00\",\"author\":{\"@id\":\"https:\\\/\\\/www.vagadeempregorj.com.br\\\/#\\\/schema\\\/person\\\/3ddb19fa0539706786e502152f3aae95\"},\"description\":\"Veja em Vagas de Emprego RJ as vagas de emprego com e sem experi\u00eancia no seu Estado e Regi\u00e3o!\",\"breadcrumb\":{\"@id\":\"https:\\\/\\\/www.vagadeempregorj.com.br\\\/luandre-mais-de-2-mil-vagas-de-emprego-abertas-pelo-pais\\\/#breadcrumb\"},\"inLanguage\":\"ar\",\"potentialAction\":[{\"@type\":\"ReadAction\",\"target\":[\"https:\\\/\\\/www.vagadeempregorj.com.br\\\/luandre-mais-de-2-mil-vagas-de-emprego-abertas-pelo-pais\\\/\"]}]},{\"@type\":\"ImageObject\",\"inLanguage\":\"ar\",\"@id\":\"https:\\\/\\\/www.vagadeempregorj.com.br\\\/luandre-mais-de-2-mil-vagas-de-emprego-abertas-pelo-pais\\\/#primaryimage\",\"url\":\"https:\\\/\\\/www.vagadeempregorj.com.br\\\/wp-content\\\/uploads\\\/2024\\\/10\\\/image-7.png\",\"contentUrl\":\"https:\\\/\\\/www.vagadeempregorj.com.br\\\/wp-content\\\/uploads\\\/2024\\\/10\\\/image-7.png\",\"width\":1024,\"height\":756},{\"@type\":\"BreadcrumbList\",\"@id\":\"https:\\\/\\\/www.vagadeempregorj.com.br\\\/luandre-mais-de-2-mil-vagas-de-emprego-abertas-pelo-pais\\\/#breadcrumb\",\"itemListElement\":[{\"@type\":\"ListItem\",\"position\":1,\"name\":\"In\u00edcio\",\"item\":\"https:\\\/\\\/www.vagadeempregorj.com.br\\\/\"},{\"@type\":\"ListItem\",\"position\":2,\"name\":\"Vagas de Emprego Nacionais\",\"item\":\"https:\\\/\\\/www.vagadeempregorj.com.br\\\/vagas-de-emprego-nacionais\\\/\"},{\"@type\":\"ListItem\",\"position\":3,\"name\":\"Luandre: Mais de 2 mil vagas de emprego abertas pelo pa\u00eds\"}]},{\"@type\":\"WebSite\",\"@id\":\"https:\\\/\\\/www.vagadeempregorj.com.br\\\/#website\",\"url\":\"https:\\\/\\\/www.vagadeempregorj.com.br\\\/\",\"name\":\"\",\"description\":\"Conquiste Sonhos: Vagas, Benef\u00edcios e Economia para Transformar Vidas e Alcan\u00e7ar Melhorias Cotidianas\",\"potentialAction\":[{\"@type\":\"SearchAction\",\"target\":{\"@type\":\"EntryPoint\",\"urlTemplate\":\"https:\\\/\\\/www.vagadeempregorj.com.br\\\/?s={search_term_string}\"},\"query-input\":{\"@type\":\"PropertyValueSpecification\",\"valueRequired\":true,\"valueName\":\"search_term_string\"}}],\"inLanguage\":\"ar\"},{\"@type\":\"Person\",\"@id\":\"https:\\\/\\\/www.vagadeempregorj.com.br\\\/#\\\/schema\\\/person\\\/3ddb19fa0539706786e502152f3aae95\",\"name\":\"Michele\",\"image\":{\"@type\":\"ImageObject\",\"inLanguage\":\"ar\",\"@id\":\"https:\\\/\\\/secure.gravatar.com\\\/avatar\\\/6b0eb9d22841282815e2cd856a0061c45e1761cd54b22e952d98c4746939aa85?s=96&r=g\",\"url\":\"https:\\\/\\\/secure.gravatar.com\\\/avatar\\\/6b0eb9d22841282815e2cd856a0061c45e1761cd54b22e952d98c4746939aa85?s=96&r=g\",\"contentUrl\":\"https:\\\/\\\/secure.gravatar.com\\\/avatar\\\/6b0eb9d22841282815e2cd856a0061c45e1761cd54b22e952d98c4746939aa85?s=96&r=g\",\"caption\":\"Michele\"},\"description\":\"Formada em Letras - Portugu\u00eas\\\/ Ingl\u00eas, e idealizadora do site Escritora de Sucesso, busca expandir o conhecimento de todos com informa\u00e7\u00f5es relevantes sobre diversos assuntos, enquanto redatora. No Vaga de Emprego RJ, traz oportunidades e dicas sobre o mercado de trabalho.\",\"url\":\"https:\\\/\\\/www.vagadeempregorj.com.br\\\/ar\\\/author\\\/michele\\\/\"}]}<\/script>\n<!-- \/ Yoast SEO plugin. -->","yoast_head_json":{"title":"Luandre: Mais de 2 mil vagas de emprego abertas pelo pa\u00eds -","description":"Veja em Vagas de Emprego RJ as vagas de emprego com e sem experi\u00eancia no seu Estado e Regi\u00e3o!","robots":{"index":"index","follow":"follow","max-snippet":"max-snippet:-1","max-image-preview":"max-image-preview:large","max-video-preview":"max-video-preview:-1"},"canonical":"https:\/\/www.vagadeempregorj.com.br\/ar\/luandre-mais-de-2-mil-vagas-de-emprego-abertas-pelo-pais\/","og_locale":"ar_AR","og_type":"article","og_title":"Luandre: Mais de 2 mil vagas de emprego abertas pelo pa\u00eds -","og_description":"Veja em Vagas de Emprego RJ as vagas de emprego com e sem experi\u00eancia no seu Estado e Regi\u00e3o!","og_url":"https:\/\/www.vagadeempregorj.com.br\/ar\/luandre-mais-de-2-mil-vagas-de-emprego-abertas-pelo-pais\/","article_publisher":"https:\/\/www.facebook.com\/empregobrasiloficial","article_published_time":"2024-10-09T09:00:00+00:00","og_image":[{"width":1024,"height":756,"url":"https:\/\/www.vagadeempregorj.com.br\/wp-content\/uploads\/2024\/10\/image-7.png","type":"image\/png"}],"author":"Michele","twitter_card":"summary_large_image","twitter_misc":{"Written by":"Michele","Est. reading time":"5 \u062f\u0642\u0627\u0626\u0642"},"schema":{"@context":"https:\/\/schema.org","@graph":[{"@type":"Article","@id":"https:\/\/www.vagadeempregorj.com.br\/luandre-mais-de-2-mil-vagas-de-emprego-abertas-pelo-pais\/#article","isPartOf":{"@id":"https:\/\/www.vagadeempregorj.com.br\/luandre-mais-de-2-mil-vagas-de-emprego-abertas-pelo-pais\/"},"author":{"name":"Michele","@id":"https:\/\/www.vagadeempregorj.com.br\/#\/schema\/person\/3ddb19fa0539706786e502152f3aae95"},"headline":"Luandre: Mais de 2 mil vagas de emprego abertas pelo pa\u00eds","datePublished":"2024-10-09T09:00:00+00:00","mainEntityOfPage":{"@id":"https:\/\/www.vagadeempregorj.com.br\/luandre-mais-de-2-mil-vagas-de-emprego-abertas-pelo-pais\/"},"wordCount":1006,"image":{"@id":"https:\/\/www.vagadeempregorj.com.br\/luandre-mais-de-2-mil-vagas-de-emprego-abertas-pelo-pais\/#primaryimage"},"thumbnailUrl":"https:\/\/www.vagadeempregorj.com.br\/wp-content\/uploads\/2024\/10\/image-7.png","keywords":["empregos","oportunidades"],"articleSection":["Vagas de Emprego Nacionais"],"inLanguage":"ar"},{"@type":"WebPage","@id":"https:\/\/www.vagadeempregorj.com.br\/luandre-mais-de-2-mil-vagas-de-emprego-abertas-pelo-pais\/","url":"https:\/\/www.vagadeempregorj.com.br\/luandre-mais-de-2-mil-vagas-de-emprego-abertas-pelo-pais\/","name":"Luandre: Mais de 2 mil vagas de emprego abertas pelo pa\u00eds -","isPartOf":{"@id":"https:\/\/www.vagadeempregorj.com.br\/#website"},"primaryImageOfPage":{"@id":"https:\/\/www.vagadeempregorj.com.br\/luandre-mais-de-2-mil-vagas-de-emprego-abertas-pelo-pais\/#primaryimage"},"image":{"@id":"https:\/\/www.vagadeempregorj.com.br\/luandre-mais-de-2-mil-vagas-de-emprego-abertas-pelo-pais\/#primaryimage"},"thumbnailUrl":"https:\/\/www.vagadeempregorj.com.br\/wp-content\/uploads\/2024\/10\/image-7.png","datePublished":"2024-10-09T09:00:00+00:00","author":{"@id":"https:\/\/www.vagadeempregorj.com.br\/#\/schema\/person\/3ddb19fa0539706786e502152f3aae95"},"description":"Veja em Vagas de Emprego RJ as vagas de emprego com e sem experi\u00eancia no seu Estado e Regi\u00e3o!","breadcrumb":{"@id":"https:\/\/www.vagadeempregorj.com.br\/luandre-mais-de-2-mil-vagas-de-emprego-abertas-pelo-pais\/#breadcrumb"},"inLanguage":"ar","potentialAction":[{"@type":"ReadAction","target":["https:\/\/www.vagadeempregorj.com.br\/luandre-mais-de-2-mil-vagas-de-emprego-abertas-pelo-pais\/"]}]},{"@type":"ImageObject","inLanguage":"ar","@id":"https:\/\/www.vagadeempregorj.com.br\/luandre-mais-de-2-mil-vagas-de-emprego-abertas-pelo-pais\/#primaryimage","url":"https:\/\/www.vagadeempregorj.com.br\/wp-content\/uploads\/2024\/10\/image-7.png","contentUrl":"https:\/\/www.vagadeempregorj.com.br\/wp-content\/uploads\/2024\/10\/image-7.png","width":1024,"height":756},{"@type":"BreadcrumbList","@id":"https:\/\/www.vagadeempregorj.com.br\/luandre-mais-de-2-mil-vagas-de-emprego-abertas-pelo-pais\/#breadcrumb","itemListElement":[{"@type":"ListItem","position":1,"name":"In\u00edcio","item":"https:\/\/www.vagadeempregorj.com.br\/"},{"@type":"ListItem","position":2,"name":"Vagas de Emprego Nacionais","item":"https:\/\/www.vagadeempregorj.com.br\/vagas-de-emprego-nacionais\/"},{"@type":"ListItem","position":3,"name":"Luandre: Mais de 2 mil vagas de emprego abertas pelo pa\u00eds"}]},{"@type":"WebSite","@id":"https:\/\/www.vagadeempregorj.com.br\/#website","url":"https:\/\/www.vagadeempregorj.com.br\/","name":"","description":"Conquiste Sonhos: Vagas, Benef\u00edcios e Economia para Transformar Vidas e Alcan\u00e7ar Melhorias Cotidianas","potentialAction":[{"@type":"SearchAction","target":{"@type":"EntryPoint","urlTemplate":"https:\/\/www.vagadeempregorj.com.br\/?s={search_term_string}"},"query-input":{"@type":"PropertyValueSpecification","valueRequired":true,"valueName":"search_term_string"}}],"inLanguage":"ar"},{"@type":"Person","@id":"https:\/\/www.vagadeempregorj.com.br\/#\/schema\/person\/3ddb19fa0539706786e502152f3aae95","name":"Michele","image":{"@type":"ImageObject","inLanguage":"ar","@id":"https:\/\/secure.gravatar.com\/avatar\/6b0eb9d22841282815e2cd856a0061c45e1761cd54b22e952d98c4746939aa85?s=96&r=g","url":"https:\/\/secure.gravatar.com\/avatar\/6b0eb9d22841282815e2cd856a0061c45e1761cd54b22e952d98c4746939aa85?s=96&r=g","contentUrl":"https:\/\/secure.gravatar.com\/avatar\/6b0eb9d22841282815e2cd856a0061c45e1761cd54b22e952d98c4746939aa85?s=96&r=g","caption":"Michele"},"description":"Formada em Letras - Portugu\u00eas\/ Ingl\u00eas, e idealizadora do site Escritora de Sucesso, busca expandir o conhecimento de todos com informa\u00e7\u00f5es relevantes sobre diversos assuntos, enquanto redatora. No Vaga de Emprego RJ, traz oportunidades e dicas sobre o mercado de trabalho.","url":"https:\/\/www.vagadeempregorj.com.br\/ar\/author\/michele\/"}]}},"_links":{"self":[{"href":"https:\/\/www.vagadeempregorj.com.br\/ar\/wp-json\/wp\/v2\/posts\/40892","targetHints":{"allow":["GET"]}}],"collection":[{"href":"https:\/\/www.vagadeempregorj.com.br\/ar\/wp-json\/wp\/v2\/posts"}],"about":[{"href":"https:\/\/www.vagadeempregorj.com.br\/ar\/wp-json\/wp\/v2\/types\/post"}],"author":[{"embeddable":true,"href":"https:\/\/www.vagadeempregorj.com.br\/ar\/wp-json\/wp\/v2\/users\/16"}],"replies":[{"embeddable":true,"href":"https:\/\/www.vagadeempregorj.com.br\/ar\/wp-json\/wp\/v2\/comments?post=40892"}],"version-history":[{"count":0,"href":"https:\/\/www.vagadeempregorj.com.br\/ar\/wp-json\/wp\/v2\/posts\/40892\/revisions"}],"wp:featuredmedia":[{"embeddable":true,"href":"https:\/\/www.vagadeempregorj.com.br\/ar\/wp-json\/wp\/v2\/media\/40911"}],"wp:attachment":[{"href":"https:\/\/www.vagadeempregorj.com.br\/ar\/wp-json\/wp\/v2\/media?parent=40892"}],"wp:term":[{"taxonomy":"category","embeddable":true,"href":"https:\/\/www.vagadeempregorj.com.br\/ar\/wp-json\/wp\/v2\/categories?post=40892"},{"taxonomy":"post_tag","embeddable":true,"href":"https:\/\/www.vagadeempregorj.com.br\/ar\/wp-json\/wp\/v2\/tags?post=40892"}],"curies":[{"name":"wp","href":"https:\/\/api.w.org\/{rel}","templated":true}]}}