{"id":40896,"date":"2024-10-11T06:00:00","date_gmt":"2024-10-11T09:00:00","guid":{"rendered":"https:\/\/www.vagadeempregorj.com.br\/?p=40896"},"modified":"2024-10-01T20:46:04","modified_gmt":"2024-10-01T23:46:04","slug":"aurora-coop-34-vagas-de-emprego-abertas-pelo-pais","status":"publish","type":"post","link":"https:\/\/www.vagadeempregorj.com.br\/ar\/aurora-coop-34-vagas-de-emprego-abertas-pelo-pais\/","title":{"rendered":"Aurora Coop: 34 vagas de emprego abertas pelo pa\u00eds"},"content":{"rendered":"<p>A <strong>Aurora Coop<\/strong>, uma das maiores cooperativas do Brasil, anunciou a abertura de 34 vagas de emprego em v\u00e1rias regi\u00f5es do pa\u00eds. Essa \u00e9 uma excelente oportunidade para quem busca uma nova posi\u00e7\u00e3o no mercado de trabalho, especialmente em um setor que valoriza o cooperativismo e a responsabilidade social. Com uma trajet\u00f3ria consolidada no mercado de alimentos, a Aurora Coop se destaca pela qualidade de seus produtos e pelo compromisso com o desenvolvimento sustent\u00e1vel.<\/p>\n\n\n\n<p>A cooperativa n\u00e3o apenas oferece produtos de alta qualidade, mas tamb\u00e9m prioriza o bem-estar de seus colaboradores. O ambiente de trabalho \u00e9 caracterizado por uma cultura de colabora\u00e7\u00e3o e respeito, onde cada membro da equipe \u00e9 incentivado a contribuir para o sucesso coletivo. Se voc\u00ea est\u00e1 em busca de um emprego que v\u00e1 al\u00e9m do convencional, a Aurora Coop pode ser a escolha ideal.<\/p>\n\n\n\n<figure class=\"wp-block-image size-full is-resized\"><img loading=\"lazy\" decoding=\"async\" width=\"276\" height=\"182\" src=\"https:\/\/www.vagadeempregorj.com.br\/wp-content\/uploads\/2024\/10\/image-10.png\" alt=\"\" class=\"wp-image-40916\" style=\"width:840px;height:auto\" srcset=\"https:\/\/www.vagadeempregorj.com.br\/wp-content\/uploads\/2024\/10\/image-10.png 276w, https:\/\/www.vagadeempregorj.com.br\/wp-content\/uploads\/2024\/10\/image-10-150x99.png 150w\" sizes=\"auto, (max-width: 276px) 100vw, 276px\" \/><\/figure>\n\n\n\n<h2 class=\"wp-block-heading\">Quais s\u00e3o as vagas de emprego abertas pelo Aurora Coop?<\/h2>\n\n\n\n<p>As oportunidades de emprego na <strong>Aurora Coop<\/strong> s\u00e3o diversificadas e atendem a diferentes perfis profissionais. Confira algumas das vagas em destaque:<\/p>\n\n\n\n<h3 class=\"wp-block-heading\">Auxiliar de Produ\u00e7\u00e3o<\/h3>\n\n\n\n<p>Os auxiliares de produ\u00e7\u00e3o s\u00e3o respons\u00e1veis por apoiar as atividades da linha de produ\u00e7\u00e3o, garantindo que os produtos sejam fabricados com qualidade e efici\u00eancia. Este cargo \u00e9 ideal para quem busca uma oportunidade de in\u00edcio de carreira em um ambiente industrial. Os profissionais dessa \u00e1rea devem ser proativos e ter disposi\u00e7\u00e3o para trabalhar em turnos.<\/p>\n\n\n\n<h3 class=\"wp-block-heading\">T\u00e9cnico de Seguran\u00e7a do Trabalho<\/h3>\n\n\n\n<p>Os t\u00e9cnicos de seguran\u00e7a do trabalho desempenham um papel crucial na implementa\u00e7\u00e3o de normas e procedimentos de seguran\u00e7a. Este cargo exige forma\u00e7\u00e3o t\u00e9cnica na \u00e1rea e um bom conhecimento das regulamenta\u00e7\u00f5es vigentes. Os profissionais dessa \u00e1rea s\u00e3o respons\u00e1veis por promover um ambiente seguro para todos os colaboradores.<\/p>\n\n\n\n<h3 class=\"wp-block-heading\">Vendedor Interno<\/h3>\n\n\n\n<p>Os vendedores internos s\u00e3o respons\u00e1veis por atender os clientes, realizar negocia\u00e7\u00f5es e fechar vendas. Esse cargo exige habilidades de comunica\u00e7\u00e3o e persuas\u00e3o, al\u00e9m de um bom conhecimento dos produtos oferecidos pela cooperativa. \u00c9 uma \u00f3tima oportunidade para quem gosta de trabalhar com o p\u00fablico e busca atingir metas.<\/p>\n\n\n\n<h3 class=\"wp-block-heading\">Analista de Marketing<\/h3>\n\n\n\n<p>Os analistas de marketing s\u00e3o respons\u00e1veis por desenvolver estrat\u00e9gias para promover os produtos da Aurora Coop. Este cargo requer habilidades em marketing digital, comunica\u00e7\u00e3o e an\u00e1lise de mercado. Profissionais dessa \u00e1rea devem ser criativos e ter a capacidade de entender as necessidades dos consumidores.<\/p>\n\n\n\n<h3 class=\"wp-block-heading\">Coordenador de Log\u00edstica<\/h3>\n\n\n\n<p>Os coordenadores de log\u00edstica s\u00e3o respons\u00e1veis por gerenciar o fluxo de produtos, desde a produ\u00e7\u00e3o at\u00e9 a entrega aos clientes. Este cargo exige habilidades de organiza\u00e7\u00e3o e planejamento. Os profissionais dessa \u00e1rea devem ser capazes de trabalhar sob press\u00e3o e garantir que os prazos sejam cumpridos.<\/p>\n\n\n\n<h3 class=\"wp-block-heading\">Especialista em Qualidade<\/h3>\n\n\n\n<p>Os especialistas em qualidade t\u00eam a miss\u00e3o de garantir que os produtos atendam aos padr\u00f5es de qualidade estabelecidos. Este cargo \u00e9 fundamental para a manuten\u00e7\u00e3o da reputa\u00e7\u00e3o da marca. Profissionais dessa \u00e1rea devem ter experi\u00eancia em controle de qualidade e conhecimento em processos industriais.<\/p>\n\n\n\n<h3 class=\"wp-block-heading\">Assistente Administrativo<\/h3>\n\n\n\n<p>Os assistentes administrativos ajudam na organiza\u00e7\u00e3o de documentos, atendimento ao cliente e suporte \u00e0s atividades da equipe. Este cargo \u00e9 ideal para quem est\u00e1 iniciando sua carreira em um ambiente corporativo e deseja desenvolver habilidades administrativas.<\/p>\n\n\n\n<h2 class=\"wp-block-heading\">Como se candidatar?<\/h2>\n\n\n\n<p>Se voc\u00ea se interessou por alguma das oportunidades oferecidas pela Aurora Coop, o processo de candidatura \u00e9 simples e r\u00e1pido. Siga os passos abaixo para garantir sua chance:<\/p>\n\n\n\n<ul class=\"wp-block-list\">\n<li>Copie e cole o endere\u00e7o a seguir em seu navegador: <strong>https:\/\/auroracoop.gupy.io\/<\/strong><\/li>\n\n\n\n<li>Acesse a p\u00e1gina e encontre uma oportunidade que se adeque ao seu perfil.<\/li>\n\n\n\n<li>Clique na vaga desejada para ler mais sobre as fun\u00e7\u00f5es e requisitos.<\/li>\n\n\n\n<li>Preencha o formul\u00e1rio de candidatura com suas informa\u00e7\u00f5es e envie seu curr\u00edculo.<\/li>\n<\/ul>\n\n\n\n<p>\u00c9 importante personalizar seu curr\u00edculo e carta de apresenta\u00e7\u00e3o para cada vaga, destacando suas experi\u00eancias e habilidades que se alinham com os requisitos da posi\u00e7\u00e3o. A Aurora Coop valoriza a diversidade e busca talentos de diferentes origens e experi\u00eancias, ent\u00e3o n\u00e3o hesite em se candidatar, mesmo que n\u00e3o atenda a todos os requisitos.<\/p>\n\n\n\n<h2 class=\"wp-block-heading\">Por que trabalhar na Aurora Coop?<\/h2>\n\n\n\n<p>Trabalhar na <strong>Aurora Coop<\/strong> significa fazer parte de uma cooperativa que valoriza a forma\u00e7\u00e3o e o desenvolvimento de seus colaboradores. A empresa investe em treinamentos e capacita\u00e7\u00f5es, garantindo que seus funcion\u00e1rios estejam sempre atualizados sobre as melhores pr\u00e1ticas do mercado.<\/p>\n\n\n\n<p>Al\u00e9m disso, a Aurora Coop promove um ambiente de trabalho inclusivo e colaborativo, onde todos s\u00e3o incentivados a contribuir com suas ideias e experi\u00eancias. A cooperativa se preocupa com o bem-estar de seus colaboradores, oferecendo benef\u00edcios que promovem a qualidade de vida no trabalho.<\/p>\n\n\n\n<p><strong>Veja tamb\u00e9m: <a href=\"https:\/\/www.vagadeempregorj.com.br\/ar\/logistica-veja-as-vagas-de-emprego-em-alta-no-setor\/\">Log\u00edstica: veja as vagas de emprego em alta no setor<\/a><\/strong><\/p>\n\n\n\n<p>11 de outubro de 2024<\/p>","protected":false},"excerpt":{"rendered":"<p>A Aurora Coop, uma das maiores cooperativas do Brasil, anunciou a abertura de 34 vagas de emprego em v\u00e1rias regi\u00f5es do pa\u00eds. Essa \u00e9 uma excelente oportunidade para quem busca uma nova posi\u00e7\u00e3o no mercado de trabalho, especialmente em um setor que valoriza o cooperativismo e a responsabilidade social. Com uma trajet\u00f3ria consolidada no mercado&hellip;&nbsp;<\/p>","protected":false},"author":16,"featured_media":40916,"comment_status":"closed","ping_status":"closed","sticky":false,"template":"","format":"standard","meta":{"neve_meta_sidebar":"","neve_meta_container":"","neve_meta_enable_content_width":"","neve_meta_content_width":0,"neve_meta_title_alignment":"","neve_meta_author_avatar":"","neve_post_elements_order":"","neve_meta_disable_header":"","neve_meta_disable_footer":"","neve_meta_disable_title":"","footnotes":""},"categories":[123],"tags":[830,608],"class_list":["post-40896","post","type-post","status-publish","format-standard","has-post-thumbnail","hentry","category-vagas-de-emprego-nacionais","tag-empregos","tag-oportunidades"],"yoast_head":"<!-- This site is optimized with the Yoast SEO plugin v27.5 - https:\/\/yoast.com\/product\/yoast-seo-wordpress\/ -->\n<title>Aurora Coop: 34 vagas de emprego abertas pelo pa\u00eds -<\/title>\n<meta name=\"description\" content=\"Veja em Vagas de Emprego RJ as vagas de emprego com e sem experi\u00eancia no seu Estado e Regi\u00e3o!\" \/>\n<meta name=\"robots\" content=\"index, follow, max-snippet:-1, max-image-preview:large, max-video-preview:-1\" \/>\n<link rel=\"canonical\" href=\"https:\/\/www.vagadeempregorj.com.br\/ar\/aurora-coop-34-vagas-de-emprego-abertas-pelo-pais\/\" \/>\n<meta property=\"og:locale\" content=\"ar_AR\" \/>\n<meta property=\"og:type\" content=\"article\" \/>\n<meta property=\"og:title\" content=\"Aurora Coop: 34 vagas de emprego abertas pelo pa\u00eds -\" \/>\n<meta property=\"og:description\" content=\"Veja em Vagas de Emprego RJ as vagas de emprego com e sem experi\u00eancia no seu Estado e Regi\u00e3o!\" \/>\n<meta property=\"og:url\" content=\"https:\/\/www.vagadeempregorj.com.br\/ar\/aurora-coop-34-vagas-de-emprego-abertas-pelo-pais\/\" \/>\n<meta property=\"article:publisher\" content=\"https:\/\/www.facebook.com\/empregobrasiloficial\" \/>\n<meta property=\"article:published_time\" content=\"2024-10-11T09:00:00+00:00\" \/>\n<meta property=\"og:image\" content=\"https:\/\/www.vagadeempregorj.com.br\/wp-content\/uploads\/2024\/10\/image-10.png\" \/>\n\t<meta property=\"og:image:width\" content=\"276\" \/>\n\t<meta property=\"og:image:height\" content=\"182\" \/>\n\t<meta property=\"og:image:type\" content=\"image\/png\" \/>\n<meta name=\"author\" content=\"Michele\" \/>\n<meta name=\"twitter:card\" content=\"summary_large_image\" \/>\n<meta name=\"twitter:label1\" content=\"Written by\" \/>\n\t<meta name=\"twitter:data1\" content=\"Michele\" \/>\n\t<meta name=\"twitter:label2\" content=\"Est. reading time\" \/>\n\t<meta name=\"twitter:data2\" content=\"4 \u062f\u0642\u0627\u0626\u0642\" \/>\n<script type=\"application\/ld+json\" class=\"yoast-schema-graph\">{\"@context\":\"https:\\\/\\\/schema.org\",\"@graph\":[{\"@type\":\"Article\",\"@id\":\"https:\\\/\\\/www.vagadeempregorj.com.br\\\/aurora-coop-34-vagas-de-emprego-abertas-pelo-pais\\\/#article\",\"isPartOf\":{\"@id\":\"https:\\\/\\\/www.vagadeempregorj.com.br\\\/aurora-coop-34-vagas-de-emprego-abertas-pelo-pais\\\/\"},\"author\":{\"name\":\"Michele\",\"@id\":\"https:\\\/\\\/www.vagadeempregorj.com.br\\\/#\\\/schema\\\/person\\\/3ddb19fa0539706786e502152f3aae95\"},\"headline\":\"Aurora Coop: 34 vagas de emprego abertas pelo pa\u00eds\",\"datePublished\":\"2024-10-11T09:00:00+00:00\",\"mainEntityOfPage\":{\"@id\":\"https:\\\/\\\/www.vagadeempregorj.com.br\\\/aurora-coop-34-vagas-de-emprego-abertas-pelo-pais\\\/\"},\"wordCount\":831,\"image\":{\"@id\":\"https:\\\/\\\/www.vagadeempregorj.com.br\\\/aurora-coop-34-vagas-de-emprego-abertas-pelo-pais\\\/#primaryimage\"},\"thumbnailUrl\":\"https:\\\/\\\/www.vagadeempregorj.com.br\\\/wp-content\\\/uploads\\\/2024\\\/10\\\/image-10.png\",\"keywords\":[\"empregos\",\"oportunidades\"],\"articleSection\":[\"Vagas de Emprego Nacionais\"],\"inLanguage\":\"ar\"},{\"@type\":\"WebPage\",\"@id\":\"https:\\\/\\\/www.vagadeempregorj.com.br\\\/aurora-coop-34-vagas-de-emprego-abertas-pelo-pais\\\/\",\"url\":\"https:\\\/\\\/www.vagadeempregorj.com.br\\\/aurora-coop-34-vagas-de-emprego-abertas-pelo-pais\\\/\",\"name\":\"Aurora Coop: 34 vagas de emprego abertas pelo pa\u00eds -\",\"isPartOf\":{\"@id\":\"https:\\\/\\\/www.vagadeempregorj.com.br\\\/#website\"},\"primaryImageOfPage\":{\"@id\":\"https:\\\/\\\/www.vagadeempregorj.com.br\\\/aurora-coop-34-vagas-de-emprego-abertas-pelo-pais\\\/#primaryimage\"},\"image\":{\"@id\":\"https:\\\/\\\/www.vagadeempregorj.com.br\\\/aurora-coop-34-vagas-de-emprego-abertas-pelo-pais\\\/#primaryimage\"},\"thumbnailUrl\":\"https:\\\/\\\/www.vagadeempregorj.com.br\\\/wp-content\\\/uploads\\\/2024\\\/10\\\/image-10.png\",\"datePublished\":\"2024-10-11T09:00:00+00:00\",\"author\":{\"@id\":\"https:\\\/\\\/www.vagadeempregorj.com.br\\\/#\\\/schema\\\/person\\\/3ddb19fa0539706786e502152f3aae95\"},\"description\":\"Veja em Vagas de Emprego RJ as vagas de emprego com e sem experi\u00eancia no seu Estado e Regi\u00e3o!\",\"breadcrumb\":{\"@id\":\"https:\\\/\\\/www.vagadeempregorj.com.br\\\/aurora-coop-34-vagas-de-emprego-abertas-pelo-pais\\\/#breadcrumb\"},\"inLanguage\":\"ar\",\"potentialAction\":[{\"@type\":\"ReadAction\",\"target\":[\"https:\\\/\\\/www.vagadeempregorj.com.br\\\/aurora-coop-34-vagas-de-emprego-abertas-pelo-pais\\\/\"]}]},{\"@type\":\"ImageObject\",\"inLanguage\":\"ar\",\"@id\":\"https:\\\/\\\/www.vagadeempregorj.com.br\\\/aurora-coop-34-vagas-de-emprego-abertas-pelo-pais\\\/#primaryimage\",\"url\":\"https:\\\/\\\/www.vagadeempregorj.com.br\\\/wp-content\\\/uploads\\\/2024\\\/10\\\/image-10.png\",\"contentUrl\":\"https:\\\/\\\/www.vagadeempregorj.com.br\\\/wp-content\\\/uploads\\\/2024\\\/10\\\/image-10.png\",\"width\":276,\"height\":182},{\"@type\":\"BreadcrumbList\",\"@id\":\"https:\\\/\\\/www.vagadeempregorj.com.br\\\/aurora-coop-34-vagas-de-emprego-abertas-pelo-pais\\\/#breadcrumb\",\"itemListElement\":[{\"@type\":\"ListItem\",\"position\":1,\"name\":\"In\u00edcio\",\"item\":\"https:\\\/\\\/www.vagadeempregorj.com.br\\\/\"},{\"@type\":\"ListItem\",\"position\":2,\"name\":\"Vagas de Emprego Nacionais\",\"item\":\"https:\\\/\\\/www.vagadeempregorj.com.br\\\/vagas-de-emprego-nacionais\\\/\"},{\"@type\":\"ListItem\",\"position\":3,\"name\":\"Aurora Coop: 34 vagas de emprego abertas pelo pa\u00eds\"}]},{\"@type\":\"WebSite\",\"@id\":\"https:\\\/\\\/www.vagadeempregorj.com.br\\\/#website\",\"url\":\"https:\\\/\\\/www.vagadeempregorj.com.br\\\/\",\"name\":\"\",\"description\":\"Conquiste Sonhos: Vagas, Benef\u00edcios e Economia para Transformar Vidas e Alcan\u00e7ar Melhorias Cotidianas\",\"potentialAction\":[{\"@type\":\"SearchAction\",\"target\":{\"@type\":\"EntryPoint\",\"urlTemplate\":\"https:\\\/\\\/www.vagadeempregorj.com.br\\\/?s={search_term_string}\"},\"query-input\":{\"@type\":\"PropertyValueSpecification\",\"valueRequired\":true,\"valueName\":\"search_term_string\"}}],\"inLanguage\":\"ar\"},{\"@type\":\"Person\",\"@id\":\"https:\\\/\\\/www.vagadeempregorj.com.br\\\/#\\\/schema\\\/person\\\/3ddb19fa0539706786e502152f3aae95\",\"name\":\"Michele\",\"image\":{\"@type\":\"ImageObject\",\"inLanguage\":\"ar\",\"@id\":\"https:\\\/\\\/secure.gravatar.com\\\/avatar\\\/6b0eb9d22841282815e2cd856a0061c45e1761cd54b22e952d98c4746939aa85?s=96&r=g\",\"url\":\"https:\\\/\\\/secure.gravatar.com\\\/avatar\\\/6b0eb9d22841282815e2cd856a0061c45e1761cd54b22e952d98c4746939aa85?s=96&r=g\",\"contentUrl\":\"https:\\\/\\\/secure.gravatar.com\\\/avatar\\\/6b0eb9d22841282815e2cd856a0061c45e1761cd54b22e952d98c4746939aa85?s=96&r=g\",\"caption\":\"Michele\"},\"description\":\"Formada em Letras - Portugu\u00eas\\\/ Ingl\u00eas, e idealizadora do site Escritora de Sucesso, busca expandir o conhecimento de todos com informa\u00e7\u00f5es relevantes sobre diversos assuntos, enquanto redatora. No Vaga de Emprego RJ, traz oportunidades e dicas sobre o mercado de trabalho.\",\"url\":\"https:\\\/\\\/www.vagadeempregorj.com.br\\\/ar\\\/author\\\/michele\\\/\"}]}<\/script>\n<!-- \/ Yoast SEO plugin. -->","yoast_head_json":{"title":"Aurora Coop: 34 vagas de emprego abertas pelo pa\u00eds -","description":"Veja em Vagas de Emprego RJ as vagas de emprego com e sem experi\u00eancia no seu Estado e Regi\u00e3o!","robots":{"index":"index","follow":"follow","max-snippet":"max-snippet:-1","max-image-preview":"max-image-preview:large","max-video-preview":"max-video-preview:-1"},"canonical":"https:\/\/www.vagadeempregorj.com.br\/ar\/aurora-coop-34-vagas-de-emprego-abertas-pelo-pais\/","og_locale":"ar_AR","og_type":"article","og_title":"Aurora Coop: 34 vagas de emprego abertas pelo pa\u00eds -","og_description":"Veja em Vagas de Emprego RJ as vagas de emprego com e sem experi\u00eancia no seu Estado e Regi\u00e3o!","og_url":"https:\/\/www.vagadeempregorj.com.br\/ar\/aurora-coop-34-vagas-de-emprego-abertas-pelo-pais\/","article_publisher":"https:\/\/www.facebook.com\/empregobrasiloficial","article_published_time":"2024-10-11T09:00:00+00:00","og_image":[{"width":276,"height":182,"url":"https:\/\/www.vagadeempregorj.com.br\/wp-content\/uploads\/2024\/10\/image-10.png","type":"image\/png"}],"author":"Michele","twitter_card":"summary_large_image","twitter_misc":{"Written by":"Michele","Est. reading time":"4 \u062f\u0642\u0627\u0626\u0642"},"schema":{"@context":"https:\/\/schema.org","@graph":[{"@type":"Article","@id":"https:\/\/www.vagadeempregorj.com.br\/aurora-coop-34-vagas-de-emprego-abertas-pelo-pais\/#article","isPartOf":{"@id":"https:\/\/www.vagadeempregorj.com.br\/aurora-coop-34-vagas-de-emprego-abertas-pelo-pais\/"},"author":{"name":"Michele","@id":"https:\/\/www.vagadeempregorj.com.br\/#\/schema\/person\/3ddb19fa0539706786e502152f3aae95"},"headline":"Aurora Coop: 34 vagas de emprego abertas pelo pa\u00eds","datePublished":"2024-10-11T09:00:00+00:00","mainEntityOfPage":{"@id":"https:\/\/www.vagadeempregorj.com.br\/aurora-coop-34-vagas-de-emprego-abertas-pelo-pais\/"},"wordCount":831,"image":{"@id":"https:\/\/www.vagadeempregorj.com.br\/aurora-coop-34-vagas-de-emprego-abertas-pelo-pais\/#primaryimage"},"thumbnailUrl":"https:\/\/www.vagadeempregorj.com.br\/wp-content\/uploads\/2024\/10\/image-10.png","keywords":["empregos","oportunidades"],"articleSection":["Vagas de Emprego Nacionais"],"inLanguage":"ar"},{"@type":"WebPage","@id":"https:\/\/www.vagadeempregorj.com.br\/aurora-coop-34-vagas-de-emprego-abertas-pelo-pais\/","url":"https:\/\/www.vagadeempregorj.com.br\/aurora-coop-34-vagas-de-emprego-abertas-pelo-pais\/","name":"Aurora Coop: 34 vagas de emprego abertas pelo pa\u00eds -","isPartOf":{"@id":"https:\/\/www.vagadeempregorj.com.br\/#website"},"primaryImageOfPage":{"@id":"https:\/\/www.vagadeempregorj.com.br\/aurora-coop-34-vagas-de-emprego-abertas-pelo-pais\/#primaryimage"},"image":{"@id":"https:\/\/www.vagadeempregorj.com.br\/aurora-coop-34-vagas-de-emprego-abertas-pelo-pais\/#primaryimage"},"thumbnailUrl":"https:\/\/www.vagadeempregorj.com.br\/wp-content\/uploads\/2024\/10\/image-10.png","datePublished":"2024-10-11T09:00:00+00:00","author":{"@id":"https:\/\/www.vagadeempregorj.com.br\/#\/schema\/person\/3ddb19fa0539706786e502152f3aae95"},"description":"Veja em Vagas de Emprego RJ as vagas de emprego com e sem experi\u00eancia no seu Estado e Regi\u00e3o!","breadcrumb":{"@id":"https:\/\/www.vagadeempregorj.com.br\/aurora-coop-34-vagas-de-emprego-abertas-pelo-pais\/#breadcrumb"},"inLanguage":"ar","potentialAction":[{"@type":"ReadAction","target":["https:\/\/www.vagadeempregorj.com.br\/aurora-coop-34-vagas-de-emprego-abertas-pelo-pais\/"]}]},{"@type":"ImageObject","inLanguage":"ar","@id":"https:\/\/www.vagadeempregorj.com.br\/aurora-coop-34-vagas-de-emprego-abertas-pelo-pais\/#primaryimage","url":"https:\/\/www.vagadeempregorj.com.br\/wp-content\/uploads\/2024\/10\/image-10.png","contentUrl":"https:\/\/www.vagadeempregorj.com.br\/wp-content\/uploads\/2024\/10\/image-10.png","width":276,"height":182},{"@type":"BreadcrumbList","@id":"https:\/\/www.vagadeempregorj.com.br\/aurora-coop-34-vagas-de-emprego-abertas-pelo-pais\/#breadcrumb","itemListElement":[{"@type":"ListItem","position":1,"name":"In\u00edcio","item":"https:\/\/www.vagadeempregorj.com.br\/"},{"@type":"ListItem","position":2,"name":"Vagas de Emprego Nacionais","item":"https:\/\/www.vagadeempregorj.com.br\/vagas-de-emprego-nacionais\/"},{"@type":"ListItem","position":3,"name":"Aurora Coop: 34 vagas de emprego abertas pelo pa\u00eds"}]},{"@type":"WebSite","@id":"https:\/\/www.vagadeempregorj.com.br\/#website","url":"https:\/\/www.vagadeempregorj.com.br\/","name":"","description":"Conquiste Sonhos: Vagas, Benef\u00edcios e Economia para Transformar Vidas e Alcan\u00e7ar Melhorias Cotidianas","potentialAction":[{"@type":"SearchAction","target":{"@type":"EntryPoint","urlTemplate":"https:\/\/www.vagadeempregorj.com.br\/?s={search_term_string}"},"query-input":{"@type":"PropertyValueSpecification","valueRequired":true,"valueName":"search_term_string"}}],"inLanguage":"ar"},{"@type":"Person","@id":"https:\/\/www.vagadeempregorj.com.br\/#\/schema\/person\/3ddb19fa0539706786e502152f3aae95","name":"Michele","image":{"@type":"ImageObject","inLanguage":"ar","@id":"https:\/\/secure.gravatar.com\/avatar\/6b0eb9d22841282815e2cd856a0061c45e1761cd54b22e952d98c4746939aa85?s=96&r=g","url":"https:\/\/secure.gravatar.com\/avatar\/6b0eb9d22841282815e2cd856a0061c45e1761cd54b22e952d98c4746939aa85?s=96&r=g","contentUrl":"https:\/\/secure.gravatar.com\/avatar\/6b0eb9d22841282815e2cd856a0061c45e1761cd54b22e952d98c4746939aa85?s=96&r=g","caption":"Michele"},"description":"Formada em Letras - Portugu\u00eas\/ Ingl\u00eas, e idealizadora do site Escritora de Sucesso, busca expandir o conhecimento de todos com informa\u00e7\u00f5es relevantes sobre diversos assuntos, enquanto redatora. No Vaga de Emprego RJ, traz oportunidades e dicas sobre o mercado de trabalho.","url":"https:\/\/www.vagadeempregorj.com.br\/ar\/author\/michele\/"}]}},"_links":{"self":[{"href":"https:\/\/www.vagadeempregorj.com.br\/ar\/wp-json\/wp\/v2\/posts\/40896","targetHints":{"allow":["GET"]}}],"collection":[{"href":"https:\/\/www.vagadeempregorj.com.br\/ar\/wp-json\/wp\/v2\/posts"}],"about":[{"href":"https:\/\/www.vagadeempregorj.com.br\/ar\/wp-json\/wp\/v2\/types\/post"}],"author":[{"embeddable":true,"href":"https:\/\/www.vagadeempregorj.com.br\/ar\/wp-json\/wp\/v2\/users\/16"}],"replies":[{"embeddable":true,"href":"https:\/\/www.vagadeempregorj.com.br\/ar\/wp-json\/wp\/v2\/comments?post=40896"}],"version-history":[{"count":0,"href":"https:\/\/www.vagadeempregorj.com.br\/ar\/wp-json\/wp\/v2\/posts\/40896\/revisions"}],"wp:featuredmedia":[{"embeddable":true,"href":"https:\/\/www.vagadeempregorj.com.br\/ar\/wp-json\/wp\/v2\/media\/40916"}],"wp:attachment":[{"href":"https:\/\/www.vagadeempregorj.com.br\/ar\/wp-json\/wp\/v2\/media?parent=40896"}],"wp:term":[{"taxonomy":"category","embeddable":true,"href":"https:\/\/www.vagadeempregorj.com.br\/ar\/wp-json\/wp\/v2\/categories?post=40896"},{"taxonomy":"post_tag","embeddable":true,"href":"https:\/\/www.vagadeempregorj.com.br\/ar\/wp-json\/wp\/v2\/tags?post=40896"}],"curies":[{"name":"wp","href":"https:\/\/api.w.org\/{rel}","templated":true}]}}