{"id":40963,"date":"2024-10-13T06:00:00","date_gmt":"2024-10-13T09:00:00","guid":{"rendered":"https:\/\/www.vagadeempregorj.com.br\/?p=40963"},"modified":"2024-10-11T14:23:09","modified_gmt":"2024-10-11T17:23:09","slug":"lojas-renner-mais-de-1400-empregos-abertos-pelo-pais","status":"publish","type":"post","link":"https:\/\/www.vagadeempregorj.com.br\/ar\/lojas-renner-mais-de-1400-empregos-abertos-pelo-pais\/","title":{"rendered":"Lojas Renner: mais de 1400 empregos abertos pelo pa\u00eds"},"content":{"rendered":"<p>As Lojas Renner, uma das maiores redes de varejo de moda do Brasil, est\u00e1 com mais de 1400 vagas de emprego abertas em todo o pa\u00eds. A marca, reconhecida pela qualidade de seus produtos e pelo atendimento diferenciado, est\u00e1 em busca de novos talentos para integrar sua equipe. Essa \u00e9 uma oportunidade ideal para quem quer ingressar no mercado de trabalho ou busca uma recoloca\u00e7\u00e3o profissional em uma empresa s\u00f3lida e em constante expans\u00e3o.<\/p>\n\n\n\n<h2 class=\"wp-block-heading\">Quais s\u00e3o as vagas de emprego abertas pelas Lojas Renner?<\/h2>\n\n\n\n<p>As vagas oferecidas pela Renner s\u00e3o variadas e abrangem diferentes setores da empresa, tanto no atendimento direto ao cliente quanto em \u00e1reas administrativas. Se voc\u00ea est\u00e1 em busca de uma nova oportunidade, confira algumas das principais vagas abertas atualmente:<\/p>\n\n\n\n<figure class=\"wp-block-image size-large\"><img loading=\"lazy\" decoding=\"async\" width=\"1024\" height=\"682\" src=\"https:\/\/www.vagadeempregorj.com.br\/wp-content\/uploads\/2024\/10\/image-22-1024x682.png\" alt=\"\" class=\"wp-image-40991\" srcset=\"https:\/\/www.vagadeempregorj.com.br\/wp-content\/uploads\/2024\/10\/image-22-1024x682.png 1024w, https:\/\/www.vagadeempregorj.com.br\/wp-content\/uploads\/2024\/10\/image-22-300x200.png 300w, https:\/\/www.vagadeempregorj.com.br\/wp-content\/uploads\/2024\/10\/image-22-768x512.png 768w, https:\/\/www.vagadeempregorj.com.br\/wp-content\/uploads\/2024\/10\/image-22-1536x1024.png 1536w, https:\/\/www.vagadeempregorj.com.br\/wp-content\/uploads\/2024\/10\/image-22-150x100.png 150w, https:\/\/www.vagadeempregorj.com.br\/wp-content\/uploads\/2024\/10\/image-22.png 2000w\" sizes=\"auto, (max-width: 1024px) 100vw, 1024px\" \/><\/figure>\n\n\n\n<h3 class=\"wp-block-heading\">Vendedor<\/h3>\n\n\n\n<p>O vendedor \u00e9 o principal ponto de contato entre a Renner e seus clientes. A fun\u00e7\u00e3o envolve o atendimento ao p\u00fablico, oferecendo produtos de moda e acess\u00f3rios, al\u00e9m de prestar consultoria para garantir que o cliente fa\u00e7a as melhores escolhas. Esse cargo exige habilidades de comunica\u00e7\u00e3o e disposi\u00e7\u00e3o para lidar com o p\u00fablico.<\/p>\n\n\n\n<h3 class=\"wp-block-heading\">Caixa<\/h3>\n\n\n\n<p>O operador de caixa \u00e9 respons\u00e1vel pelo fechamento das vendas e pelo atendimento final ao cliente. A fun\u00e7\u00e3o exige organiza\u00e7\u00e3o, aten\u00e7\u00e3o aos detalhes e uma boa comunica\u00e7\u00e3o, j\u00e1 que o profissional lida diretamente com o p\u00fablico. Al\u00e9m disso, o caixa \u00e9 pe\u00e7a fundamental para garantir a satisfa\u00e7\u00e3o dos clientes durante o processo de compra.<\/p>\n\n\n\n<h3 class=\"wp-block-heading\">Estoquista<\/h3>\n\n\n\n<p>Os estoquistas s\u00e3o respons\u00e1veis pela organiza\u00e7\u00e3o e controle de produtos no estoque das lojas. Esse profissional garante que os produtos estejam sempre dispon\u00edveis nas prateleiras, realizando o recebimento de mercadorias e organiza\u00e7\u00e3o de acordo com as normas da empresa. A agilidade e a aten\u00e7\u00e3o s\u00e3o caracter\u00edsticas importantes para essa fun\u00e7\u00e3o.<\/p>\n\n\n\n<h3 class=\"wp-block-heading\">Assistente de visual merchandising<\/h3>\n\n\n\n<p>O assistente de visual merchandising \u00e9 respons\u00e1vel pela montagem de vitrines e disposi\u00e7\u00e3o dos produtos dentro da loja, seguindo o conceito da marca e as tend\u00eancias de moda. Essa vaga \u00e9 ideal para quem tem senso est\u00e9tico apurado e gosta de trabalhar com a criatividade. O objetivo \u00e9 criar uma experi\u00eancia de compra que encante o cliente.<\/p>\n\n\n\n<h3 class=\"wp-block-heading\">Gerente de loja<\/h3>\n\n\n\n<p>Para quem busca uma posi\u00e7\u00e3o de lideran\u00e7a, a vaga de gerente de loja \u00e9 uma excelente oportunidade. O gerente \u00e9 respons\u00e1vel pela gest\u00e3o de toda a opera\u00e7\u00e3o da loja, garantindo que as metas de vendas sejam atingidas, al\u00e9m de coordenar a equipe e supervisionar o atendimento ao cliente. A experi\u00eancia anterior em gest\u00e3o de equipes \u00e9 um diferencial importante.<\/p>\n\n\n\n<h3 class=\"wp-block-heading\">Auxiliar de limpeza<\/h3>\n\n\n\n<p>A organiza\u00e7\u00e3o e a limpeza do ambiente s\u00e3o essenciais para proporcionar uma experi\u00eancia agrad\u00e1vel aos clientes. O auxiliar de limpeza tem a responsabilidade de garantir que todas as \u00e1reas da loja estejam sempre em perfeito estado, tanto as \u00e1reas de vendas quanto os espa\u00e7os administrativos.<\/p>\n\n\n\n<h3 class=\"wp-block-heading\">Analista de recursos humanos<\/h3>\n\n\n\n<p>Para quem deseja trabalhar na \u00e1rea administrativa, a Renner tamb\u00e9m oferece vagas para analista de recursos humanos. Esse profissional atua diretamente no recrutamento, sele\u00e7\u00e3o e desenvolvimento de colaboradores, garantindo que a equipe seja formada por talentos que compartilhem dos valores da empresa.<\/p>\n\n\n\n<p>Essas s\u00e3o apenas algumas das vagas dispon\u00edveis nas Lojas Renner. A empresa est\u00e1 sempre em busca de novos talentos para compor seu quadro de funcion\u00e1rios e oferece oportunidades em diversas \u00e1reas. Vale a pena conferir as vagas espec\u00edficas para a sua regi\u00e3o.<\/p>\n\n\n\n<h2 class=\"wp-block-heading\">Como se candidatar?<\/h2>\n\n\n\n<p>Se voc\u00ea se interessou pelas vagas abertas nas Lojas Renner, o processo de candidatura \u00e9 simples e f\u00e1cil de ser feito. A empresa utiliza a plataforma Gupy para gerenciar as inscri\u00e7\u00f5es, garantindo maior transpar\u00eancia e organiza\u00e7\u00e3o no processo seletivo.<\/p>\n\n\n\n<p>Veja como voc\u00ea pode se candidatar a uma das vagas:<\/p>\n\n\n\n<ul class=\"wp-block-list\">\n<li>Copie e cole o endere\u00e7o <strong>https:\/\/lojasrenner.gupy.io\/<\/strong> em seu navegador;<\/li>\n\n\n\n<li>Acesse a p\u00e1gina e encontre uma oportunidade que se encaixe no seu perfil;<\/li>\n\n\n\n<li>Fa\u00e7a o cadastro na plataforma Gupy, caso ainda n\u00e3o tenha um;<\/li>\n\n\n\n<li>Preencha o formul\u00e1rio com suas informa\u00e7\u00f5es pessoais e profissionais;<\/li>\n\n\n\n<li>Envie seu curr\u00edculo atualizado e selecione a vaga para a qual deseja se candidatar.<\/li>\n<\/ul>\n\n\n\n<p>Ap\u00f3s realizar esses passos, voc\u00ea poder\u00e1 acompanhar o status da sua candidatura diretamente na plataforma Gupy. \u00c9 importante estar atento aos e-mails e notifica\u00e7\u00f5es da plataforma para eventuais convites de entrevistas ou etapas adicionais do processo seletivo.<\/p>\n\n\n\n<p>As Lojas Renner buscam profissionais comprometidos, que valorizem o trabalho em equipe e estejam dispostos a crescer dentro da empresa. Se voc\u00ea acredita que tem o perfil certo, n\u00e3o perca tempo e inscreva-se em uma das mais de 1400 vagas abertas em todo o Brasil. Trabalhar em uma empresa de renome como a Renner pode ser o primeiro passo para o desenvolvimento de uma carreira s\u00f3lida e promissora no setor de varejo.<\/p>\n\n\n\n<p>Essa \u00e9 a chance de fazer parte de uma equipe que valoriza seus colaboradores e oferece um ambiente de trabalho din\u00e2mico e motivador. Acesse o site e candidate-se agora mesmo!<\/p>\n\n\n\n<p><strong>Veja tamb\u00e9m: <a href=\"https:\/\/www.vagadeempregorj.com.br\/ar\/aurora-coop-34-vagas-de-emprego-abertas-pelo-pais\/\">Aurora Coop: 34 vagas de emprego abertas pelo pa\u00eds<\/a><\/strong><\/p>\n\n\n\n<p>13 de outubro de 2024<\/p>\n\n\n\n<p><\/p>","protected":false},"excerpt":{"rendered":"<p>As Lojas Renner, uma das maiores redes de varejo de moda do Brasil, est\u00e1 com mais de 1400 vagas de emprego abertas em todo o pa\u00eds. A marca, reconhecida pela qualidade de seus produtos e pelo atendimento diferenciado, est\u00e1 em busca de novos talentos para integrar sua equipe. Essa \u00e9 uma oportunidade ideal para quem&hellip;&nbsp;<\/p>","protected":false},"author":16,"featured_media":40991,"comment_status":"closed","ping_status":"closed","sticky":false,"template":"","format":"standard","meta":{"neve_meta_sidebar":"","neve_meta_container":"","neve_meta_enable_content_width":"","neve_meta_content_width":0,"neve_meta_title_alignment":"","neve_meta_author_avatar":"","neve_post_elements_order":"","neve_meta_disable_header":"","neve_meta_disable_footer":"","neve_meta_disable_title":"","footnotes":""},"categories":[123],"tags":[],"class_list":["post-40963","post","type-post","status-publish","format-standard","has-post-thumbnail","hentry","category-vagas-de-emprego-nacionais"],"yoast_head":"<!-- This site is optimized with the Yoast SEO plugin v27.5 - https:\/\/yoast.com\/product\/yoast-seo-wordpress\/ -->\n<title>Lojas Renner: mais de 1400 empregos abertos pelo pa\u00eds -<\/title>\n<meta name=\"description\" content=\"Veja em Vagas de Emprego RJ as vagas de emprego com e sem experi\u00eancia no seu Estado e Regi\u00e3o!\" \/>\n<meta name=\"robots\" content=\"index, follow, max-snippet:-1, max-image-preview:large, max-video-preview:-1\" \/>\n<link rel=\"canonical\" href=\"https:\/\/www.vagadeempregorj.com.br\/ar\/lojas-renner-mais-de-1400-empregos-abertos-pelo-pais\/\" \/>\n<meta property=\"og:locale\" content=\"ar_AR\" \/>\n<meta property=\"og:type\" content=\"article\" \/>\n<meta property=\"og:title\" content=\"Lojas Renner: mais de 1400 empregos abertos pelo pa\u00eds -\" \/>\n<meta property=\"og:description\" content=\"Veja em Vagas de Emprego RJ as vagas de emprego com e sem experi\u00eancia no seu Estado e Regi\u00e3o!\" \/>\n<meta property=\"og:url\" content=\"https:\/\/www.vagadeempregorj.com.br\/ar\/lojas-renner-mais-de-1400-empregos-abertos-pelo-pais\/\" \/>\n<meta property=\"article:publisher\" content=\"https:\/\/www.facebook.com\/empregobrasiloficial\" \/>\n<meta property=\"article:published_time\" content=\"2024-10-13T09:00:00+00:00\" \/>\n<meta property=\"og:image\" content=\"https:\/\/www.vagadeempregorj.com.br\/wp-content\/uploads\/2024\/10\/image-22-1024x682.png\" \/>\n\t<meta property=\"og:image:width\" content=\"1024\" \/>\n\t<meta property=\"og:image:height\" content=\"682\" \/>\n\t<meta property=\"og:image:type\" content=\"image\/png\" \/>\n<meta name=\"author\" content=\"Michele\" \/>\n<meta name=\"twitter:card\" content=\"summary_large_image\" \/>\n<meta name=\"twitter:label1\" content=\"\u0643\u064f\u062a\u0628 \u0628\u0648\u0627\u0633\u0637\u0629\" \/>\n\t<meta name=\"twitter:data1\" content=\"Michele\" \/>\n\t<meta name=\"twitter:label2\" content=\"\u0648\u0642\u062a \u0627\u0644\u0642\u0631\u0627\u0621\u0629 \u0627\u0644\u0645\u064f\u0642\u062f\u0651\u0631\" \/>\n\t<meta name=\"twitter:data2\" content=\"4 \u062f\u0642\u0627\u0626\u0642\" \/>\n<script type=\"application\/ld+json\" class=\"yoast-schema-graph\">{\"@context\":\"https:\\\/\\\/schema.org\",\"@graph\":[{\"@type\":\"Article\",\"@id\":\"https:\\\/\\\/www.vagadeempregorj.com.br\\\/lojas-renner-mais-de-1400-empregos-abertos-pelo-pais\\\/#article\",\"isPartOf\":{\"@id\":\"https:\\\/\\\/www.vagadeempregorj.com.br\\\/lojas-renner-mais-de-1400-empregos-abertos-pelo-pais\\\/\"},\"author\":{\"name\":\"Michele\",\"@id\":\"https:\\\/\\\/www.vagadeempregorj.com.br\\\/#\\\/schema\\\/person\\\/3ddb19fa0539706786e502152f3aae95\"},\"headline\":\"Lojas Renner: mais de 1400 empregos abertos pelo pa\u00eds\",\"datePublished\":\"2024-10-13T09:00:00+00:00\",\"mainEntityOfPage\":{\"@id\":\"https:\\\/\\\/www.vagadeempregorj.com.br\\\/lojas-renner-mais-de-1400-empregos-abertos-pelo-pais\\\/\"},\"wordCount\":874,\"image\":{\"@id\":\"https:\\\/\\\/www.vagadeempregorj.com.br\\\/lojas-renner-mais-de-1400-empregos-abertos-pelo-pais\\\/#primaryimage\"},\"thumbnailUrl\":\"https:\\\/\\\/www.vagadeempregorj.com.br\\\/wp-content\\\/uploads\\\/2024\\\/10\\\/image-22.png\",\"articleSection\":[\"Vagas de Emprego Nacionais\"],\"inLanguage\":\"ar\"},{\"@type\":\"WebPage\",\"@id\":\"https:\\\/\\\/www.vagadeempregorj.com.br\\\/lojas-renner-mais-de-1400-empregos-abertos-pelo-pais\\\/\",\"url\":\"https:\\\/\\\/www.vagadeempregorj.com.br\\\/lojas-renner-mais-de-1400-empregos-abertos-pelo-pais\\\/\",\"name\":\"Lojas Renner: mais de 1400 empregos abertos pelo pa\u00eds -\",\"isPartOf\":{\"@id\":\"https:\\\/\\\/www.vagadeempregorj.com.br\\\/#website\"},\"primaryImageOfPage\":{\"@id\":\"https:\\\/\\\/www.vagadeempregorj.com.br\\\/lojas-renner-mais-de-1400-empregos-abertos-pelo-pais\\\/#primaryimage\"},\"image\":{\"@id\":\"https:\\\/\\\/www.vagadeempregorj.com.br\\\/lojas-renner-mais-de-1400-empregos-abertos-pelo-pais\\\/#primaryimage\"},\"thumbnailUrl\":\"https:\\\/\\\/www.vagadeempregorj.com.br\\\/wp-content\\\/uploads\\\/2024\\\/10\\\/image-22.png\",\"datePublished\":\"2024-10-13T09:00:00+00:00\",\"author\":{\"@id\":\"https:\\\/\\\/www.vagadeempregorj.com.br\\\/#\\\/schema\\\/person\\\/3ddb19fa0539706786e502152f3aae95\"},\"description\":\"Veja em Vagas de Emprego RJ as vagas de emprego com e sem experi\u00eancia no seu Estado e Regi\u00e3o!\",\"breadcrumb\":{\"@id\":\"https:\\\/\\\/www.vagadeempregorj.com.br\\\/lojas-renner-mais-de-1400-empregos-abertos-pelo-pais\\\/#breadcrumb\"},\"inLanguage\":\"ar\",\"potentialAction\":[{\"@type\":\"ReadAction\",\"target\":[\"https:\\\/\\\/www.vagadeempregorj.com.br\\\/lojas-renner-mais-de-1400-empregos-abertos-pelo-pais\\\/\"]}]},{\"@type\":\"ImageObject\",\"inLanguage\":\"ar\",\"@id\":\"https:\\\/\\\/www.vagadeempregorj.com.br\\\/lojas-renner-mais-de-1400-empregos-abertos-pelo-pais\\\/#primaryimage\",\"url\":\"https:\\\/\\\/www.vagadeempregorj.com.br\\\/wp-content\\\/uploads\\\/2024\\\/10\\\/image-22.png\",\"contentUrl\":\"https:\\\/\\\/www.vagadeempregorj.com.br\\\/wp-content\\\/uploads\\\/2024\\\/10\\\/image-22.png\",\"width\":2000,\"height\":1333},{\"@type\":\"BreadcrumbList\",\"@id\":\"https:\\\/\\\/www.vagadeempregorj.com.br\\\/lojas-renner-mais-de-1400-empregos-abertos-pelo-pais\\\/#breadcrumb\",\"itemListElement\":[{\"@type\":\"ListItem\",\"position\":1,\"name\":\"In\u00edcio\",\"item\":\"https:\\\/\\\/www.vagadeempregorj.com.br\\\/\"},{\"@type\":\"ListItem\",\"position\":2,\"name\":\"Vagas de Emprego Nacionais\",\"item\":\"https:\\\/\\\/www.vagadeempregorj.com.br\\\/vagas-de-emprego-nacionais\\\/\"},{\"@type\":\"ListItem\",\"position\":3,\"name\":\"Lojas Renner: mais de 1400 empregos abertos pelo pa\u00eds\"}]},{\"@type\":\"WebSite\",\"@id\":\"https:\\\/\\\/www.vagadeempregorj.com.br\\\/#website\",\"url\":\"https:\\\/\\\/www.vagadeempregorj.com.br\\\/\",\"name\":\"\",\"description\":\"Conquiste Sonhos: Vagas, Benef\u00edcios e Economia para Transformar Vidas e Alcan\u00e7ar Melhorias Cotidianas\",\"potentialAction\":[{\"@type\":\"SearchAction\",\"target\":{\"@type\":\"EntryPoint\",\"urlTemplate\":\"https:\\\/\\\/www.vagadeempregorj.com.br\\\/?s={search_term_string}\"},\"query-input\":{\"@type\":\"PropertyValueSpecification\",\"valueRequired\":true,\"valueName\":\"search_term_string\"}}],\"inLanguage\":\"ar\"},{\"@type\":\"Person\",\"@id\":\"https:\\\/\\\/www.vagadeempregorj.com.br\\\/#\\\/schema\\\/person\\\/3ddb19fa0539706786e502152f3aae95\",\"name\":\"Michele\",\"image\":{\"@type\":\"ImageObject\",\"inLanguage\":\"ar\",\"@id\":\"https:\\\/\\\/secure.gravatar.com\\\/avatar\\\/6b0eb9d22841282815e2cd856a0061c45e1761cd54b22e952d98c4746939aa85?s=96&r=g\",\"url\":\"https:\\\/\\\/secure.gravatar.com\\\/avatar\\\/6b0eb9d22841282815e2cd856a0061c45e1761cd54b22e952d98c4746939aa85?s=96&r=g\",\"contentUrl\":\"https:\\\/\\\/secure.gravatar.com\\\/avatar\\\/6b0eb9d22841282815e2cd856a0061c45e1761cd54b22e952d98c4746939aa85?s=96&r=g\",\"caption\":\"Michele\"},\"description\":\"Formada em Letras - Portugu\u00eas\\\/ Ingl\u00eas, e idealizadora do site Escritora de Sucesso, busca expandir o conhecimento de todos com informa\u00e7\u00f5es relevantes sobre diversos assuntos, enquanto redatora. No Vaga de Emprego RJ, traz oportunidades e dicas sobre o mercado de trabalho.\",\"url\":\"https:\\\/\\\/www.vagadeempregorj.com.br\\\/ar\\\/author\\\/michele\\\/\"}]}<\/script>\n<!-- \/ Yoast SEO plugin. -->","yoast_head_json":{"title":"Lojas Renner: mais de 1400 empregos abertos pelo pa\u00eds -","description":"Veja em Vagas de Emprego RJ as vagas de emprego com e sem experi\u00eancia no seu Estado e Regi\u00e3o!","robots":{"index":"index","follow":"follow","max-snippet":"max-snippet:-1","max-image-preview":"max-image-preview:large","max-video-preview":"max-video-preview:-1"},"canonical":"https:\/\/www.vagadeempregorj.com.br\/ar\/lojas-renner-mais-de-1400-empregos-abertos-pelo-pais\/","og_locale":"ar_AR","og_type":"article","og_title":"Lojas Renner: mais de 1400 empregos abertos pelo pa\u00eds -","og_description":"Veja em Vagas de Emprego RJ as vagas de emprego com e sem experi\u00eancia no seu Estado e Regi\u00e3o!","og_url":"https:\/\/www.vagadeempregorj.com.br\/ar\/lojas-renner-mais-de-1400-empregos-abertos-pelo-pais\/","article_publisher":"https:\/\/www.facebook.com\/empregobrasiloficial","article_published_time":"2024-10-13T09:00:00+00:00","og_image":[{"width":1024,"height":682,"url":"https:\/\/www.vagadeempregorj.com.br\/wp-content\/uploads\/2024\/10\/image-22-1024x682.png","type":"image\/png"}],"author":"Michele","twitter_card":"summary_large_image","twitter_misc":{"\u0643\u064f\u062a\u0628 \u0628\u0648\u0627\u0633\u0637\u0629":"Michele","\u0648\u0642\u062a \u0627\u0644\u0642\u0631\u0627\u0621\u0629 \u0627\u0644\u0645\u064f\u0642\u062f\u0651\u0631":"4 \u062f\u0642\u0627\u0626\u0642"},"schema":{"@context":"https:\/\/schema.org","@graph":[{"@type":"Article","@id":"https:\/\/www.vagadeempregorj.com.br\/lojas-renner-mais-de-1400-empregos-abertos-pelo-pais\/#article","isPartOf":{"@id":"https:\/\/www.vagadeempregorj.com.br\/lojas-renner-mais-de-1400-empregos-abertos-pelo-pais\/"},"author":{"name":"Michele","@id":"https:\/\/www.vagadeempregorj.com.br\/#\/schema\/person\/3ddb19fa0539706786e502152f3aae95"},"headline":"Lojas Renner: mais de 1400 empregos abertos pelo pa\u00eds","datePublished":"2024-10-13T09:00:00+00:00","mainEntityOfPage":{"@id":"https:\/\/www.vagadeempregorj.com.br\/lojas-renner-mais-de-1400-empregos-abertos-pelo-pais\/"},"wordCount":874,"image":{"@id":"https:\/\/www.vagadeempregorj.com.br\/lojas-renner-mais-de-1400-empregos-abertos-pelo-pais\/#primaryimage"},"thumbnailUrl":"https:\/\/www.vagadeempregorj.com.br\/wp-content\/uploads\/2024\/10\/image-22.png","articleSection":["Vagas de Emprego Nacionais"],"inLanguage":"ar"},{"@type":"WebPage","@id":"https:\/\/www.vagadeempregorj.com.br\/lojas-renner-mais-de-1400-empregos-abertos-pelo-pais\/","url":"https:\/\/www.vagadeempregorj.com.br\/lojas-renner-mais-de-1400-empregos-abertos-pelo-pais\/","name":"Lojas Renner: mais de 1400 empregos abertos pelo pa\u00eds -","isPartOf":{"@id":"https:\/\/www.vagadeempregorj.com.br\/#website"},"primaryImageOfPage":{"@id":"https:\/\/www.vagadeempregorj.com.br\/lojas-renner-mais-de-1400-empregos-abertos-pelo-pais\/#primaryimage"},"image":{"@id":"https:\/\/www.vagadeempregorj.com.br\/lojas-renner-mais-de-1400-empregos-abertos-pelo-pais\/#primaryimage"},"thumbnailUrl":"https:\/\/www.vagadeempregorj.com.br\/wp-content\/uploads\/2024\/10\/image-22.png","datePublished":"2024-10-13T09:00:00+00:00","author":{"@id":"https:\/\/www.vagadeempregorj.com.br\/#\/schema\/person\/3ddb19fa0539706786e502152f3aae95"},"description":"Veja em Vagas de Emprego RJ as vagas de emprego com e sem experi\u00eancia no seu Estado e Regi\u00e3o!","breadcrumb":{"@id":"https:\/\/www.vagadeempregorj.com.br\/lojas-renner-mais-de-1400-empregos-abertos-pelo-pais\/#breadcrumb"},"inLanguage":"ar","potentialAction":[{"@type":"ReadAction","target":["https:\/\/www.vagadeempregorj.com.br\/lojas-renner-mais-de-1400-empregos-abertos-pelo-pais\/"]}]},{"@type":"ImageObject","inLanguage":"ar","@id":"https:\/\/www.vagadeempregorj.com.br\/lojas-renner-mais-de-1400-empregos-abertos-pelo-pais\/#primaryimage","url":"https:\/\/www.vagadeempregorj.com.br\/wp-content\/uploads\/2024\/10\/image-22.png","contentUrl":"https:\/\/www.vagadeempregorj.com.br\/wp-content\/uploads\/2024\/10\/image-22.png","width":2000,"height":1333},{"@type":"BreadcrumbList","@id":"https:\/\/www.vagadeempregorj.com.br\/lojas-renner-mais-de-1400-empregos-abertos-pelo-pais\/#breadcrumb","itemListElement":[{"@type":"ListItem","position":1,"name":"In\u00edcio","item":"https:\/\/www.vagadeempregorj.com.br\/"},{"@type":"ListItem","position":2,"name":"Vagas de Emprego Nacionais","item":"https:\/\/www.vagadeempregorj.com.br\/vagas-de-emprego-nacionais\/"},{"@type":"ListItem","position":3,"name":"Lojas Renner: mais de 1400 empregos abertos pelo pa\u00eds"}]},{"@type":"WebSite","@id":"https:\/\/www.vagadeempregorj.com.br\/#website","url":"https:\/\/www.vagadeempregorj.com.br\/","name":"","description":"\u062a\u062d\u0642\u064a\u0642 \u0627\u0644\u0623\u062d\u0644\u0627\u0645: \u0641\u0631\u0635 \u0639\u0645\u0644\u060c \u0645\u0632\u0627\u064a\u0627\u060c \u0648\u062a\u0648\u0641\u064a\u0631\u0627\u062a \u0644\u062a\u063a\u064a\u064a\u0631 \u0627\u0644\u062d\u064a\u0627\u0629 \u0648\u062a\u062d\u0642\u064a\u0642 \u062a\u062d\u0633\u064a\u0646\u0627\u062a \u064a\u0648\u0645\u064a\u0629","potentialAction":[{"@type":"SearchAction","target":{"@type":"EntryPoint","urlTemplate":"https:\/\/www.vagadeempregorj.com.br\/?s={search_term_string}"},"query-input":{"@type":"PropertyValueSpecification","valueRequired":true,"valueName":"search_term_string"}}],"inLanguage":"ar"},{"@type":"Person","@id":"https:\/\/www.vagadeempregorj.com.br\/#\/schema\/person\/3ddb19fa0539706786e502152f3aae95","name":"Michele","image":{"@type":"ImageObject","inLanguage":"ar","@id":"https:\/\/secure.gravatar.com\/avatar\/6b0eb9d22841282815e2cd856a0061c45e1761cd54b22e952d98c4746939aa85?s=96&r=g","url":"https:\/\/secure.gravatar.com\/avatar\/6b0eb9d22841282815e2cd856a0061c45e1761cd54b22e952d98c4746939aa85?s=96&r=g","contentUrl":"https:\/\/secure.gravatar.com\/avatar\/6b0eb9d22841282815e2cd856a0061c45e1761cd54b22e952d98c4746939aa85?s=96&r=g","caption":"Michele"},"description":"Formada em Letras - Portugu\u00eas\/ Ingl\u00eas, e idealizadora do site Escritora de Sucesso, busca expandir o conhecimento de todos com informa\u00e7\u00f5es relevantes sobre diversos assuntos, enquanto redatora. No Vaga de Emprego RJ, traz oportunidades e dicas sobre o mercado de trabalho.","url":"https:\/\/www.vagadeempregorj.com.br\/ar\/author\/michele\/"}]}},"_links":{"self":[{"href":"https:\/\/www.vagadeempregorj.com.br\/ar\/wp-json\/wp\/v2\/posts\/40963","targetHints":{"allow":["GET"]}}],"collection":[{"href":"https:\/\/www.vagadeempregorj.com.br\/ar\/wp-json\/wp\/v2\/posts"}],"about":[{"href":"https:\/\/www.vagadeempregorj.com.br\/ar\/wp-json\/wp\/v2\/types\/post"}],"author":[{"embeddable":true,"href":"https:\/\/www.vagadeempregorj.com.br\/ar\/wp-json\/wp\/v2\/users\/16"}],"replies":[{"embeddable":true,"href":"https:\/\/www.vagadeempregorj.com.br\/ar\/wp-json\/wp\/v2\/comments?post=40963"}],"version-history":[{"count":0,"href":"https:\/\/www.vagadeempregorj.com.br\/ar\/wp-json\/wp\/v2\/posts\/40963\/revisions"}],"wp:featuredmedia":[{"embeddable":true,"href":"https:\/\/www.vagadeempregorj.com.br\/ar\/wp-json\/wp\/v2\/media\/40991"}],"wp:attachment":[{"href":"https:\/\/www.vagadeempregorj.com.br\/ar\/wp-json\/wp\/v2\/media?parent=40963"}],"wp:term":[{"taxonomy":"category","embeddable":true,"href":"https:\/\/www.vagadeempregorj.com.br\/ar\/wp-json\/wp\/v2\/categories?post=40963"},{"taxonomy":"post_tag","embeddable":true,"href":"https:\/\/www.vagadeempregorj.com.br\/ar\/wp-json\/wp\/v2\/tags?post=40963"}],"curies":[{"name":"wp","href":"https:\/\/api.w.org\/{rel}","templated":true}]}}