{"id":41013,"date":"2024-10-21T06:00:00","date_gmt":"2024-10-21T09:00:00","guid":{"rendered":"https:\/\/www.vagadeempregorj.com.br\/?p=41013"},"modified":"2025-06-15T14:30:31","modified_gmt":"2025-06-15T17:30:31","slug":"como-melhorar-a-diccao-e-oratoria-veja-essas-dicas","status":"publish","type":"post","link":"https:\/\/www.vagadeempregorj.com.br\/ar\/como-melhorar-a-diccao-e-oratoria-veja-essas-dicas\/","title":{"rendered":"Como melhorar a dic\u00e7\u00e3o e orat\u00f3ria? Veja essas dicas"},"content":{"rendered":"<p>Melhorar a dic\u00e7\u00e3o e a orat\u00f3ria \u00e9 essencial para transmitir ideias com clareza e confian\u00e7a. Seja em apresenta\u00e7\u00f5es p\u00fablicas, reuni\u00f5es ou entrevistas, dominar essas habilidades faz toda a diferen\u00e7a. A seguir, voc\u00ea encontrar\u00e1 dicas pr\u00e1ticas para aperfei\u00e7oar sua comunica\u00e7\u00e3o.<\/p>\n\n\n\n<h2 class=\"wp-block-heading\">O que \u00e9 dic\u00e7\u00e3o e qual sua import\u00e2ncia?<\/h2>\n\n\n\n<p>A dic\u00e7\u00e3o \u00e9 a clareza com que pronunciamos as palavras, garantindo que a mensagem seja bem compreendida. Ela evita confus\u00f5es e passa uma imagem de compet\u00eancia. Uma fala n\u00edtida \u00e9 essencial para transmitir seguran\u00e7a em diversas situa\u00e7\u00f5es, desde encontros informais at\u00e9 apresenta\u00e7\u00f5es profissionais.<\/p>\n\n\n\n<figure class=\"wp-block-image size-full is-resized\"><img loading=\"lazy\" decoding=\"async\" width=\"740\" height=\"507\" src=\"https:\/\/www.vagadeempregorj.com.br\/wp-content\/uploads\/2024\/10\/image-32.png\" alt=\"\" class=\"wp-image-41033\" style=\"width:840px;height:auto\" srcset=\"https:\/\/www.vagadeempregorj.com.br\/wp-content\/uploads\/2024\/10\/image-32.png 740w, https:\/\/www.vagadeempregorj.com.br\/wp-content\/uploads\/2024\/10\/image-32-300x206.png 300w, https:\/\/www.vagadeempregorj.com.br\/wp-content\/uploads\/2024\/10\/image-32-150x103.png 150w\" sizes=\"auto, (max-width: 740px) 100vw, 740px\" \/><\/figure>\n\n\n\n<p>A orat\u00f3ria, por outro lado, \u00e9 a capacidade de falar em p\u00fablico de forma eficiente e envolvente. Ela n\u00e3o se limita apenas \u00e0 pron\u00fancia das palavras, mas tamb\u00e9m envolve a organiza\u00e7\u00e3o do discurso e a intera\u00e7\u00e3o com a audi\u00eancia. Uma boa orat\u00f3ria transforma a maneira como as ideias s\u00e3o percebidas e mant\u00e9m o interesse do p\u00fablico do in\u00edcio ao fim.<\/p>\n\n\n\n<h2 class=\"wp-block-heading\">Dicas pr\u00e1ticas para aprimorar a dic\u00e7\u00e3o e a orat\u00f3ria<\/h2>\n\n\n\n<p>1# <strong>Leia em voz alta diariamente<\/strong><br>A pr\u00e1tica da leitura em voz alta ajuda a desenvolver uma fala mais clara e segura. Ler diferentes tipos de textos, como livros e not\u00edcias, permite treinar a articula\u00e7\u00e3o das palavras e desenvolver fluidez na fala.<\/p>\n\n\n\n<p>2# <strong>Grave a sua voz para identificar melhorias<\/strong><br>Gravar e ouvir sua pr\u00f3pria voz \u00e9 um exerc\u00edcio eficaz para perceber falhas e treinar a clareza. Assim, voc\u00ea pode identificar palavras mal pronunciadas ou frases muito aceleradas, ajustando sua dic\u00e7\u00e3o conforme necess\u00e1rio.<\/p>\n\n\n\n<p>3# <strong>Realize aquecimentos vocais<\/strong><br>Exerc\u00edcios como pronunciar vogais e consoantes de forma exagerada s\u00e3o fundamentais para relaxar os m\u00fasculos da boca e da l\u00edngua. Isso melhora a articula\u00e7\u00e3o e evita tens\u00f5es, preparando a voz para apresenta\u00e7\u00f5es longas.<\/p>\n\n\n\n<p>4# <strong>Controle o ritmo da fala<\/strong><br>Falar r\u00e1pido demais pode prejudicar a compreens\u00e3o da mensagem. Treinar uma fala pausada, com momentos de sil\u00eancio estrat\u00e9gicos, permite que a audi\u00eancia assimile o conte\u00fado com facilidade e que voc\u00ea mantenha o controle da apresenta\u00e7\u00e3o.<\/p>\n\n\n\n<p>5# <strong>Amplie seu vocabul\u00e1rio<\/strong><br>Ter um vocabul\u00e1rio mais extenso facilita a express\u00e3o de ideias e evita repeti\u00e7\u00f5es. Al\u00e9m disso, saber utilizar palavras adequadas ao contexto aumenta a confian\u00e7a, especialmente em situa\u00e7\u00f5es onde \u00e9 necess\u00e1rio improvisar.<\/p>\n\n\n\n<p>6# <strong>Adote uma postura adequada e mantenha contato visual<\/strong><br>A comunica\u00e7\u00e3o n\u00e3o verbal tamb\u00e9m \u00e9 essencial na orat\u00f3ria. Manter uma postura ereta e usar gestos naturais refor\u00e7am a mensagem que est\u00e1 sendo transmitida. O contato visual, por sua vez, estabelece conex\u00e3o com o p\u00fablico e demonstra confian\u00e7a.<\/p>\n\n\n\n<p>7# <strong>Pratique constantemente em situa\u00e7\u00f5es variadas<\/strong><br>A pr\u00e1tica frequente \u00e9 a chave para melhorar tanto a dic\u00e7\u00e3o quanto a orat\u00f3ria. Apresenta\u00e7\u00f5es formais, reuni\u00f5es informais e at\u00e9 mesmo v\u00eddeos curtos s\u00e3o oportunidades para desenvolver essas habilidades.<\/p>\n\n\n\n<h2 class=\"wp-block-heading\">Como lidar com o nervosismo ao falar em p\u00fablico?<\/h2>\n\n\n\n<p>Mesmo pessoas experientes podem sentir nervosismo. Aplicar algumas estrat\u00e9gias pode ajudar a reduzir a ansiedade:<\/p>\n\n\n\n<ul class=\"wp-block-list\">\n<li><strong>Respire profundamente antes de come\u00e7ar<\/strong>: Uma respira\u00e7\u00e3o controlada ajuda a manter a calma e diminui o nervosismo.<\/li>\n\n\n\n<li><strong>Visualize um desempenho positivo<\/strong>: Imagine-se falando com clareza e recebendo a aten\u00e7\u00e3o do p\u00fablico. Essa t\u00e9cnica aumenta a confian\u00e7a e melhora a performance.<\/li>\n\n\n\n<li><strong>Conhe\u00e7a bem o conte\u00fado<\/strong>: A seguran\u00e7a sobre o tema facilita a improvisa\u00e7\u00e3o e reduz a inseguran\u00e7a. Pratique o discurso algumas vezes para se familiarizar com ele.<\/li>\n\n\n\n<li><strong>Foque na mensagem, n\u00e3o em voc\u00ea<\/strong>: Concentre-se no que precisa ser transmitido, e n\u00e3o em como voc\u00ea est\u00e1 sendo avaliado. Isso diminui a tens\u00e3o e melhora o desempenho.<\/li>\n<\/ul>\n\n\n\n<p>A pr\u00e1tica constante \u00e9 essencial para o desenvolvimento dessas habilidades. A cada nova experi\u00eancia, a fala se torna mais natural, e a confian\u00e7a aumenta. Encarar erros como parte do processo \u00e9 fundamental para evoluir.<\/p>\n\n\n\n<p>A repeti\u00e7\u00e3o de exerc\u00edcios, como grava\u00e7\u00f5es e leituras em voz alta, junto com oportunidades de falar em p\u00fablico, trar\u00e1 resultados s\u00f3lidos ao longo do tempo. Quanto mais voc\u00ea praticar, mais clara e eficaz ser\u00e1 sua comunica\u00e7\u00e3o.<\/p>\n\n\n\n<h2 class=\"wp-block-heading\">Comunica\u00e7\u00e3o eficiente para abrir novas oportunidades<\/h2>\n\n\n\n<p>Desenvolver a dic\u00e7\u00e3o e a orat\u00f3ria \u00e9 um investimento que traz benef\u00edcios em diversas \u00e1reas da vida. Seja no ambiente profissional ou nas rela\u00e7\u00f5es pessoais, comunicar-se bem aumenta as chances de ser compreendido e valorizado.<\/p>\n\n\n\n<p>Com esfor\u00e7o e pr\u00e1tica, voc\u00ea notar\u00e1 uma evolu\u00e7\u00e3o significativa na forma como se expressa. Essas habilidades podem abrir portas, melhorar a intera\u00e7\u00e3o com outras pessoas e fortalecer sua autoconfian\u00e7a. Aproveite cada oportunidade de treinar e, aos poucos, voc\u00ea ver\u00e1 que falar em p\u00fablico se tornar\u00e1 mais simples e natural.<\/p>\n\n\n\n<p><strong>Veja tamb\u00e9m: <a href=\"https:\/\/www.vagadeempregorj.com.br\/ar\/supermercados-guanabara-mais-de-80-empregos-abertos\/\">Supermercados Guanabara: mais de 80 empregos abertos<\/a><\/strong><\/p>\n\n\n\n<p>21 de outubro de 2024<\/p>","protected":false},"excerpt":{"rendered":"<p>Melhorar a dic\u00e7\u00e3o e a orat\u00f3ria \u00e9 essencial para transmitir ideias com clareza e confian\u00e7a. Seja em apresenta\u00e7\u00f5es p\u00fablicas, reuni\u00f5es ou entrevistas, dominar essas habilidades faz toda a diferen\u00e7a. A seguir, voc\u00ea encontrar\u00e1 dicas pr\u00e1ticas para aperfei\u00e7oar sua comunica\u00e7\u00e3o. O que \u00e9 dic\u00e7\u00e3o e qual sua import\u00e2ncia? A dic\u00e7\u00e3o \u00e9 a clareza com que pronunciamos&hellip;&nbsp;<\/p>","protected":false},"author":16,"featured_media":41033,"comment_status":"closed","ping_status":"closed","sticky":false,"template":"","format":"standard","meta":{"neve_meta_sidebar":"","neve_meta_container":"","neve_meta_enable_content_width":"","neve_meta_content_width":0,"neve_meta_title_alignment":"","neve_meta_author_avatar":"","neve_post_elements_order":"","neve_meta_disable_header":"","neve_meta_disable_footer":"","neve_meta_disable_title":"","footnotes":""},"categories":[123],"tags":[],"class_list":["post-41013","post","type-post","status-publish","format-standard","has-post-thumbnail","hentry","category-vagas-de-emprego-nacionais"],"yoast_head":"<!-- This site is optimized with the Yoast SEO plugin v27.5 - https:\/\/yoast.com\/product\/yoast-seo-wordpress\/ -->\n<title>Como melhorar a dic\u00e7\u00e3o e orat\u00f3ria? Veja essas dicas -<\/title>\n<meta name=\"description\" content=\"Veja em Vagas de Emprego RJ as vagas de emprego com e sem experi\u00eancia no seu Estado e Regi\u00e3o!\" \/>\n<meta name=\"robots\" content=\"index, follow, max-snippet:-1, max-image-preview:large, max-video-preview:-1\" \/>\n<link rel=\"canonical\" href=\"https:\/\/www.vagadeempregorj.com.br\/ar\/como-melhorar-a-diccao-e-oratoria-veja-essas-dicas\/\" \/>\n<meta property=\"og:locale\" content=\"ar_AR\" \/>\n<meta property=\"og:type\" content=\"article\" \/>\n<meta property=\"og:title\" content=\"Como melhorar a dic\u00e7\u00e3o e orat\u00f3ria? Veja essas dicas -\" \/>\n<meta property=\"og:description\" content=\"Veja em Vagas de Emprego RJ as vagas de emprego com e sem experi\u00eancia no seu Estado e Regi\u00e3o!\" \/>\n<meta property=\"og:url\" content=\"https:\/\/www.vagadeempregorj.com.br\/ar\/como-melhorar-a-diccao-e-oratoria-veja-essas-dicas\/\" \/>\n<meta property=\"article:publisher\" content=\"https:\/\/www.facebook.com\/empregobrasiloficial\" \/>\n<meta property=\"article:published_time\" content=\"2024-10-21T09:00:00+00:00\" \/>\n<meta property=\"article:modified_time\" content=\"2025-06-15T17:30:31+00:00\" \/>\n<meta property=\"og:image\" content=\"https:\/\/www.vagadeempregorj.com.br\/wp-content\/uploads\/2024\/10\/image-32.png\" \/>\n\t<meta property=\"og:image:width\" content=\"740\" \/>\n\t<meta property=\"og:image:height\" content=\"507\" \/>\n\t<meta property=\"og:image:type\" content=\"image\/png\" \/>\n<meta name=\"author\" content=\"Michele\" \/>\n<meta name=\"twitter:card\" content=\"summary_large_image\" \/>\n<meta name=\"twitter:label1\" content=\"Written by\" \/>\n\t<meta name=\"twitter:data1\" content=\"Michele\" \/>\n\t<meta name=\"twitter:label2\" content=\"Est. reading time\" \/>\n\t<meta name=\"twitter:data2\" content=\"4 \u062f\u0642\u0627\u0626\u0642\" \/>\n<script type=\"application\/ld+json\" class=\"yoast-schema-graph\">{\"@context\":\"https:\\\/\\\/schema.org\",\"@graph\":[{\"@type\":\"Article\",\"@id\":\"https:\\\/\\\/www.vagadeempregorj.com.br\\\/como-melhorar-a-diccao-e-oratoria-veja-essas-dicas\\\/#article\",\"isPartOf\":{\"@id\":\"https:\\\/\\\/www.vagadeempregorj.com.br\\\/como-melhorar-a-diccao-e-oratoria-veja-essas-dicas\\\/\"},\"author\":{\"name\":\"Michele\",\"@id\":\"https:\\\/\\\/www.vagadeempregorj.com.br\\\/#\\\/schema\\\/person\\\/3ddb19fa0539706786e502152f3aae95\"},\"headline\":\"Como melhorar a dic\u00e7\u00e3o e orat\u00f3ria? Veja essas dicas\",\"datePublished\":\"2024-10-21T09:00:00+00:00\",\"dateModified\":\"2025-06-15T17:30:31+00:00\",\"mainEntityOfPage\":{\"@id\":\"https:\\\/\\\/www.vagadeempregorj.com.br\\\/como-melhorar-a-diccao-e-oratoria-veja-essas-dicas\\\/\"},\"wordCount\":834,\"image\":{\"@id\":\"https:\\\/\\\/www.vagadeempregorj.com.br\\\/como-melhorar-a-diccao-e-oratoria-veja-essas-dicas\\\/#primaryimage\"},\"thumbnailUrl\":\"https:\\\/\\\/www.vagadeempregorj.com.br\\\/wp-content\\\/uploads\\\/2024\\\/10\\\/image-32.png\",\"articleSection\":[\"Vagas de Emprego Nacionais\"],\"inLanguage\":\"ar\"},{\"@type\":\"WebPage\",\"@id\":\"https:\\\/\\\/www.vagadeempregorj.com.br\\\/como-melhorar-a-diccao-e-oratoria-veja-essas-dicas\\\/\",\"url\":\"https:\\\/\\\/www.vagadeempregorj.com.br\\\/como-melhorar-a-diccao-e-oratoria-veja-essas-dicas\\\/\",\"name\":\"Como melhorar a dic\u00e7\u00e3o e orat\u00f3ria? Veja essas dicas -\",\"isPartOf\":{\"@id\":\"https:\\\/\\\/www.vagadeempregorj.com.br\\\/#website\"},\"primaryImageOfPage\":{\"@id\":\"https:\\\/\\\/www.vagadeempregorj.com.br\\\/como-melhorar-a-diccao-e-oratoria-veja-essas-dicas\\\/#primaryimage\"},\"image\":{\"@id\":\"https:\\\/\\\/www.vagadeempregorj.com.br\\\/como-melhorar-a-diccao-e-oratoria-veja-essas-dicas\\\/#primaryimage\"},\"thumbnailUrl\":\"https:\\\/\\\/www.vagadeempregorj.com.br\\\/wp-content\\\/uploads\\\/2024\\\/10\\\/image-32.png\",\"datePublished\":\"2024-10-21T09:00:00+00:00\",\"dateModified\":\"2025-06-15T17:30:31+00:00\",\"author\":{\"@id\":\"https:\\\/\\\/www.vagadeempregorj.com.br\\\/#\\\/schema\\\/person\\\/3ddb19fa0539706786e502152f3aae95\"},\"description\":\"Veja em Vagas de Emprego RJ as vagas de emprego com e sem experi\u00eancia no seu Estado e Regi\u00e3o!\",\"breadcrumb\":{\"@id\":\"https:\\\/\\\/www.vagadeempregorj.com.br\\\/como-melhorar-a-diccao-e-oratoria-veja-essas-dicas\\\/#breadcrumb\"},\"inLanguage\":\"ar\",\"potentialAction\":[{\"@type\":\"ReadAction\",\"target\":[\"https:\\\/\\\/www.vagadeempregorj.com.br\\\/como-melhorar-a-diccao-e-oratoria-veja-essas-dicas\\\/\"]}]},{\"@type\":\"ImageObject\",\"inLanguage\":\"ar\",\"@id\":\"https:\\\/\\\/www.vagadeempregorj.com.br\\\/como-melhorar-a-diccao-e-oratoria-veja-essas-dicas\\\/#primaryimage\",\"url\":\"https:\\\/\\\/www.vagadeempregorj.com.br\\\/wp-content\\\/uploads\\\/2024\\\/10\\\/image-32.png\",\"contentUrl\":\"https:\\\/\\\/www.vagadeempregorj.com.br\\\/wp-content\\\/uploads\\\/2024\\\/10\\\/image-32.png\",\"width\":740,\"height\":507},{\"@type\":\"BreadcrumbList\",\"@id\":\"https:\\\/\\\/www.vagadeempregorj.com.br\\\/como-melhorar-a-diccao-e-oratoria-veja-essas-dicas\\\/#breadcrumb\",\"itemListElement\":[{\"@type\":\"ListItem\",\"position\":1,\"name\":\"In\u00edcio\",\"item\":\"https:\\\/\\\/www.vagadeempregorj.com.br\\\/\"},{\"@type\":\"ListItem\",\"position\":2,\"name\":\"Como melhorar a dic\u00e7\u00e3o e orat\u00f3ria? Veja essas dicas\"}]},{\"@type\":\"WebSite\",\"@id\":\"https:\\\/\\\/www.vagadeempregorj.com.br\\\/#website\",\"url\":\"https:\\\/\\\/www.vagadeempregorj.com.br\\\/\",\"name\":\"\",\"description\":\"Conquiste Sonhos: Vagas, Benef\u00edcios e Economia para Transformar Vidas e Alcan\u00e7ar Melhorias Cotidianas\",\"potentialAction\":[{\"@type\":\"SearchAction\",\"target\":{\"@type\":\"EntryPoint\",\"urlTemplate\":\"https:\\\/\\\/www.vagadeempregorj.com.br\\\/?s={search_term_string}\"},\"query-input\":{\"@type\":\"PropertyValueSpecification\",\"valueRequired\":true,\"valueName\":\"search_term_string\"}}],\"inLanguage\":\"ar\"},{\"@type\":\"Person\",\"@id\":\"https:\\\/\\\/www.vagadeempregorj.com.br\\\/#\\\/schema\\\/person\\\/3ddb19fa0539706786e502152f3aae95\",\"name\":\"Michele\",\"image\":{\"@type\":\"ImageObject\",\"inLanguage\":\"ar\",\"@id\":\"https:\\\/\\\/secure.gravatar.com\\\/avatar\\\/6b0eb9d22841282815e2cd856a0061c45e1761cd54b22e952d98c4746939aa85?s=96&r=g\",\"url\":\"https:\\\/\\\/secure.gravatar.com\\\/avatar\\\/6b0eb9d22841282815e2cd856a0061c45e1761cd54b22e952d98c4746939aa85?s=96&r=g\",\"contentUrl\":\"https:\\\/\\\/secure.gravatar.com\\\/avatar\\\/6b0eb9d22841282815e2cd856a0061c45e1761cd54b22e952d98c4746939aa85?s=96&r=g\",\"caption\":\"Michele\"},\"description\":\"Formada em Letras - Portugu\u00eas\\\/ Ingl\u00eas, e idealizadora do site Escritora de Sucesso, busca expandir o conhecimento de todos com informa\u00e7\u00f5es relevantes sobre diversos assuntos, enquanto redatora. No Vaga de Emprego RJ, traz oportunidades e dicas sobre o mercado de trabalho.\",\"url\":\"https:\\\/\\\/www.vagadeempregorj.com.br\\\/ar\\\/author\\\/michele\\\/\"}]}<\/script>\n<!-- \/ Yoast SEO plugin. -->","yoast_head_json":{"title":"Como melhorar a dic\u00e7\u00e3o e orat\u00f3ria? Veja essas dicas -","description":"Veja em Vagas de Emprego RJ as vagas de emprego com e sem experi\u00eancia no seu Estado e Regi\u00e3o!","robots":{"index":"index","follow":"follow","max-snippet":"max-snippet:-1","max-image-preview":"max-image-preview:large","max-video-preview":"max-video-preview:-1"},"canonical":"https:\/\/www.vagadeempregorj.com.br\/ar\/como-melhorar-a-diccao-e-oratoria-veja-essas-dicas\/","og_locale":"ar_AR","og_type":"article","og_title":"Como melhorar a dic\u00e7\u00e3o e orat\u00f3ria? Veja essas dicas -","og_description":"Veja em Vagas de Emprego RJ as vagas de emprego com e sem experi\u00eancia no seu Estado e Regi\u00e3o!","og_url":"https:\/\/www.vagadeempregorj.com.br\/ar\/como-melhorar-a-diccao-e-oratoria-veja-essas-dicas\/","article_publisher":"https:\/\/www.facebook.com\/empregobrasiloficial","article_published_time":"2024-10-21T09:00:00+00:00","article_modified_time":"2025-06-15T17:30:31+00:00","og_image":[{"width":740,"height":507,"url":"https:\/\/www.vagadeempregorj.com.br\/wp-content\/uploads\/2024\/10\/image-32.png","type":"image\/png"}],"author":"Michele","twitter_card":"summary_large_image","twitter_misc":{"Written by":"Michele","Est. reading time":"4 \u062f\u0642\u0627\u0626\u0642"},"schema":{"@context":"https:\/\/schema.org","@graph":[{"@type":"Article","@id":"https:\/\/www.vagadeempregorj.com.br\/como-melhorar-a-diccao-e-oratoria-veja-essas-dicas\/#article","isPartOf":{"@id":"https:\/\/www.vagadeempregorj.com.br\/como-melhorar-a-diccao-e-oratoria-veja-essas-dicas\/"},"author":{"name":"Michele","@id":"https:\/\/www.vagadeempregorj.com.br\/#\/schema\/person\/3ddb19fa0539706786e502152f3aae95"},"headline":"Como melhorar a dic\u00e7\u00e3o e orat\u00f3ria? Veja essas dicas","datePublished":"2024-10-21T09:00:00+00:00","dateModified":"2025-06-15T17:30:31+00:00","mainEntityOfPage":{"@id":"https:\/\/www.vagadeempregorj.com.br\/como-melhorar-a-diccao-e-oratoria-veja-essas-dicas\/"},"wordCount":834,"image":{"@id":"https:\/\/www.vagadeempregorj.com.br\/como-melhorar-a-diccao-e-oratoria-veja-essas-dicas\/#primaryimage"},"thumbnailUrl":"https:\/\/www.vagadeempregorj.com.br\/wp-content\/uploads\/2024\/10\/image-32.png","articleSection":["Vagas de Emprego Nacionais"],"inLanguage":"ar"},{"@type":"WebPage","@id":"https:\/\/www.vagadeempregorj.com.br\/como-melhorar-a-diccao-e-oratoria-veja-essas-dicas\/","url":"https:\/\/www.vagadeempregorj.com.br\/como-melhorar-a-diccao-e-oratoria-veja-essas-dicas\/","name":"Como melhorar a dic\u00e7\u00e3o e orat\u00f3ria? Veja essas dicas -","isPartOf":{"@id":"https:\/\/www.vagadeempregorj.com.br\/#website"},"primaryImageOfPage":{"@id":"https:\/\/www.vagadeempregorj.com.br\/como-melhorar-a-diccao-e-oratoria-veja-essas-dicas\/#primaryimage"},"image":{"@id":"https:\/\/www.vagadeempregorj.com.br\/como-melhorar-a-diccao-e-oratoria-veja-essas-dicas\/#primaryimage"},"thumbnailUrl":"https:\/\/www.vagadeempregorj.com.br\/wp-content\/uploads\/2024\/10\/image-32.png","datePublished":"2024-10-21T09:00:00+00:00","dateModified":"2025-06-15T17:30:31+00:00","author":{"@id":"https:\/\/www.vagadeempregorj.com.br\/#\/schema\/person\/3ddb19fa0539706786e502152f3aae95"},"description":"Veja em Vagas de Emprego RJ as vagas de emprego com e sem experi\u00eancia no seu Estado e Regi\u00e3o!","breadcrumb":{"@id":"https:\/\/www.vagadeempregorj.com.br\/como-melhorar-a-diccao-e-oratoria-veja-essas-dicas\/#breadcrumb"},"inLanguage":"ar","potentialAction":[{"@type":"ReadAction","target":["https:\/\/www.vagadeempregorj.com.br\/como-melhorar-a-diccao-e-oratoria-veja-essas-dicas\/"]}]},{"@type":"ImageObject","inLanguage":"ar","@id":"https:\/\/www.vagadeempregorj.com.br\/como-melhorar-a-diccao-e-oratoria-veja-essas-dicas\/#primaryimage","url":"https:\/\/www.vagadeempregorj.com.br\/wp-content\/uploads\/2024\/10\/image-32.png","contentUrl":"https:\/\/www.vagadeempregorj.com.br\/wp-content\/uploads\/2024\/10\/image-32.png","width":740,"height":507},{"@type":"BreadcrumbList","@id":"https:\/\/www.vagadeempregorj.com.br\/como-melhorar-a-diccao-e-oratoria-veja-essas-dicas\/#breadcrumb","itemListElement":[{"@type":"ListItem","position":1,"name":"In\u00edcio","item":"https:\/\/www.vagadeempregorj.com.br\/"},{"@type":"ListItem","position":2,"name":"Como melhorar a dic\u00e7\u00e3o e orat\u00f3ria? Veja essas dicas"}]},{"@type":"WebSite","@id":"https:\/\/www.vagadeempregorj.com.br\/#website","url":"https:\/\/www.vagadeempregorj.com.br\/","name":"","description":"Conquiste Sonhos: Vagas, Benef\u00edcios e Economia para Transformar Vidas e Alcan\u00e7ar Melhorias Cotidianas","potentialAction":[{"@type":"SearchAction","target":{"@type":"EntryPoint","urlTemplate":"https:\/\/www.vagadeempregorj.com.br\/?s={search_term_string}"},"query-input":{"@type":"PropertyValueSpecification","valueRequired":true,"valueName":"search_term_string"}}],"inLanguage":"ar"},{"@type":"Person","@id":"https:\/\/www.vagadeempregorj.com.br\/#\/schema\/person\/3ddb19fa0539706786e502152f3aae95","name":"Michele","image":{"@type":"ImageObject","inLanguage":"ar","@id":"https:\/\/secure.gravatar.com\/avatar\/6b0eb9d22841282815e2cd856a0061c45e1761cd54b22e952d98c4746939aa85?s=96&r=g","url":"https:\/\/secure.gravatar.com\/avatar\/6b0eb9d22841282815e2cd856a0061c45e1761cd54b22e952d98c4746939aa85?s=96&r=g","contentUrl":"https:\/\/secure.gravatar.com\/avatar\/6b0eb9d22841282815e2cd856a0061c45e1761cd54b22e952d98c4746939aa85?s=96&r=g","caption":"Michele"},"description":"Formada em Letras - Portugu\u00eas\/ Ingl\u00eas, e idealizadora do site Escritora de Sucesso, busca expandir o conhecimento de todos com informa\u00e7\u00f5es relevantes sobre diversos assuntos, enquanto redatora. No Vaga de Emprego RJ, traz oportunidades e dicas sobre o mercado de trabalho.","url":"https:\/\/www.vagadeempregorj.com.br\/ar\/author\/michele\/"}]}},"_links":{"self":[{"href":"https:\/\/www.vagadeempregorj.com.br\/ar\/wp-json\/wp\/v2\/posts\/41013","targetHints":{"allow":["GET"]}}],"collection":[{"href":"https:\/\/www.vagadeempregorj.com.br\/ar\/wp-json\/wp\/v2\/posts"}],"about":[{"href":"https:\/\/www.vagadeempregorj.com.br\/ar\/wp-json\/wp\/v2\/types\/post"}],"author":[{"embeddable":true,"href":"https:\/\/www.vagadeempregorj.com.br\/ar\/wp-json\/wp\/v2\/users\/16"}],"replies":[{"embeddable":true,"href":"https:\/\/www.vagadeempregorj.com.br\/ar\/wp-json\/wp\/v2\/comments?post=41013"}],"version-history":[{"count":1,"href":"https:\/\/www.vagadeempregorj.com.br\/ar\/wp-json\/wp\/v2\/posts\/41013\/revisions"}],"predecessor-version":[{"id":43550,"href":"https:\/\/www.vagadeempregorj.com.br\/ar\/wp-json\/wp\/v2\/posts\/41013\/revisions\/43550"}],"wp:featuredmedia":[{"embeddable":true,"href":"https:\/\/www.vagadeempregorj.com.br\/ar\/wp-json\/wp\/v2\/media\/41033"}],"wp:attachment":[{"href":"https:\/\/www.vagadeempregorj.com.br\/ar\/wp-json\/wp\/v2\/media?parent=41013"}],"wp:term":[{"taxonomy":"category","embeddable":true,"href":"https:\/\/www.vagadeempregorj.com.br\/ar\/wp-json\/wp\/v2\/categories?post=41013"},{"taxonomy":"post_tag","embeddable":true,"href":"https:\/\/www.vagadeempregorj.com.br\/ar\/wp-json\/wp\/v2\/tags?post=41013"}],"curies":[{"name":"wp","href":"https:\/\/api.w.org\/{rel}","templated":true}]}}