{"id":41025,"date":"2024-11-08T06:00:00","date_gmt":"2024-11-08T09:00:00","guid":{"rendered":"https:\/\/www.vagadeempregorj.com.br\/?p=41025"},"modified":"2025-06-15T14:30:31","modified_gmt":"2025-06-15T17:30:31","slug":"o-que-nao-pode-faltar-em-um-curriculo-7-pontos-importantes","status":"publish","type":"post","link":"https:\/\/www.vagadeempregorj.com.br\/ar\/o-que-nao-pode-faltar-em-um-curriculo-7-pontos-importantes\/","title":{"rendered":"O que n\u00e3o pode faltar em um curr\u00edculo: 7 pontos importantes"},"content":{"rendered":"<p>Elaborar um <strong>curr\u00edculo eficiente<\/strong> \u00e9 essencial para se destacar no mercado de trabalho. Muitas vezes, pequenos detalhes fazem a diferen\u00e7a na hora de chamar a aten\u00e7\u00e3o dos recrutadores. Veja os pontos fundamentais que n\u00e3o podem faltar em um curr\u00edculo para aumentar suas chances de sucesso profissional.<\/p>\n\n\n\n<h2 class=\"wp-block-heading\">A import\u00e2ncia de um curr\u00edculo bem elaborado<\/h2>\n\n\n\n<p>O curr\u00edculo \u00e9 o primeiro contato entre o candidato e a empresa. Por isso, ele deve ser claro, objetivo e bem estruturado. Um documento bem elaborado pode abrir portas e garantir entrevistas. Vamos entender quais elementos s\u00e3o indispens\u00e1veis e como eles podem influenciar na decis\u00e3o dos recrutadores.<\/p>\n\n\n\n<figure class=\"wp-block-image size-full is-resized\"><img loading=\"lazy\" decoding=\"async\" width=\"740\" height=\"493\" src=\"https:\/\/www.vagadeempregorj.com.br\/wp-content\/uploads\/2024\/10\/image-38.png\" alt=\"\" class=\"wp-image-41045\" style=\"width:840px;height:auto\" srcset=\"https:\/\/www.vagadeempregorj.com.br\/wp-content\/uploads\/2024\/10\/image-38.png 740w, https:\/\/www.vagadeempregorj.com.br\/wp-content\/uploads\/2024\/10\/image-38-300x200.png 300w, https:\/\/www.vagadeempregorj.com.br\/wp-content\/uploads\/2024\/10\/image-38-150x100.png 150w\" sizes=\"auto, (max-width: 740px) 100vw, 740px\" \/><\/figure>\n\n\n\n<h2 class=\"wp-block-heading\">1# Dados pessoais atualizados<\/h2>\n\n\n\n<p>Inicie o curr\u00edculo com suas informa\u00e7\u00f5es b\u00e1sicas. Inclua nome completo, telefone, e-mail profissional e cidade de resid\u00eancia. Certifique-se de que os dados est\u00e3o corretos para facilitar o contato dos recrutadores. Evite inserir informa\u00e7\u00f5es desnecess\u00e1rias, como n\u00famero de documentos ou estado civil, a menos que a vaga solicite.<\/p>\n\n\n\n<h2 class=\"wp-block-heading\">2# Objetivo profissional claro<\/h2>\n\n\n\n<p>Defina de forma sucinta o cargo ou a \u00e1rea de interesse. Um objetivo bem delineado demonstra foco e direcionamento na carreira. Evite generaliza\u00e7\u00f5es e personalize o objetivo para cada vaga. Por exemplo, em vez de escrever &#8220;Busco oportunidades na \u00e1rea administrativa&#8221;, especifique &#8220;Busco posi\u00e7\u00e3o como assistente administrativo para aplicar minhas habilidades em gest\u00e3o de processos&#8221;.<\/p>\n\n\n\n<h2 class=\"wp-block-heading\">3# Resumo de qualifica\u00e7\u00f5es<\/h2>\n\n\n\n<p>Apresente um breve resumo das suas principais habilidades e experi\u00eancias. Destaque compet\u00eancias que sejam relevantes para a posi\u00e7\u00e3o desejada. Isso permite que o recrutador identifique rapidamente seu potencial. O resumo deve ser objetivo, com frases curtas que evidenciem seus pontos fortes.<\/p>\n\n\n\n<h2 class=\"wp-block-heading\">4# Experi\u00eancia profissional relevante<\/h2>\n\n\n\n<p>Liste suas experi\u00eancias de trabalho em ordem cronol\u00f3gica inversa, come\u00e7ando pela mais recente. Inclua o nome da empresa, per\u00edodo de atua\u00e7\u00e3o, cargo e principais atividades desempenhadas. Foque em resultados alcan\u00e7ados e projetos importantes. Se poss\u00edvel, quantifique suas realiza\u00e7\u00f5es, como &#8220;Aumentei as vendas em 20% no \u00faltimo trimestre&#8221;.<\/p>\n\n\n\n<h2 class=\"wp-block-heading\">5# Forma\u00e7\u00e3o acad\u00eamica<\/h2>\n\n\n\n<p>Mencione sua escolaridade, indicando o curso, institui\u00e7\u00e3o e ano de conclus\u00e3o. Se estiver cursando, informe o per\u00edodo atual. Cursos extras, como p\u00f3s-gradua\u00e7\u00f5es ou especializa\u00e7\u00f5es, tamb\u00e9m devem ser citados. A forma\u00e7\u00e3o acad\u00eamica demonstra seu comprometimento com a educa\u00e7\u00e3o e pode ser um diferencial em processos seletivos.<\/p>\n\n\n\n<h2 class=\"wp-block-heading\">6# Habilidades e compet\u00eancias<\/h2>\n\n\n\n<p>Detalhe habilidades t\u00e9cnicas e comportamentais que sejam pertinentes \u00e0 vaga. Isso pode incluir profici\u00eancia em idiomas, conhecimentos em softwares espec\u00edficos ou compet\u00eancias como lideran\u00e7a e trabalho em equipe. Seja sincero e evite exageros, pois essas informa\u00e7\u00f5es podem ser verificadas durante a entrevista ou testes pr\u00e1ticos.<\/p>\n\n\n\n<h2 class=\"wp-block-heading\">7# Cursos e certifica\u00e7\u00f5es<\/h2>\n\n\n\n<p>Inclua cursos complementares, workshops e certifica\u00e7\u00f5es que agreguem valor ao seu perfil profissional. Esses itens mostram seu comprometimento com o desenvolvimento cont\u00ednuo e podem ser um diferencial. Por exemplo, certifica\u00e7\u00f5es em metodologias \u00e1geis, cursos de idiomas ou treinamentos espec\u00edficos na sua \u00e1rea de atua\u00e7\u00e3o.<\/p>\n\n\n\n<h2 class=\"wp-block-heading\">Dicas adicionais para um curr\u00edculo de sucesso<\/h2>\n\n\n\n<p>Al\u00e9m dos pontos mencionados, algumas pr\u00e1ticas podem melhorar ainda mais a qualidade do seu curr\u00edculo e aumentar suas chances de ser chamado para uma entrevista.<\/p>\n\n\n\n<h3 class=\"wp-block-heading\">Personalize o curr\u00edculo para cada vaga<\/h3>\n\n\n\n<p>Ajuste seu curr\u00edculo de acordo com os requisitos de cada oportunidade. Realce habilidades e experi\u00eancias que estejam alinhadas com o perfil desejado pela empresa. Essa personaliza\u00e7\u00e3o demonstra interesse e dedica\u00e7\u00e3o, aumentando sua relev\u00e2ncia para o recrutador.<\/p>\n\n\n\n<h3 class=\"wp-block-heading\">Utilize um layout profissional<\/h3>\n\n\n\n<p>Opte por um design simples e organizado. Utilize fontes leg\u00edveis e mantenha um padr\u00e3o de formata\u00e7\u00e3o. O visual deve facilitar a leitura e a identifica\u00e7\u00e3o das informa\u00e7\u00f5es. Evite excessos de cores ou fontes decorativas que possam distrair ou dificultar a compreens\u00e3o.<\/p>\n\n\n\n<h3 class=\"wp-block-heading\">Revise o texto cuidadosamente<\/h3>\n\n\n\n<p>Erros gramaticais ou de digita\u00e7\u00e3o podem prejudicar sua imagem profissional. Revise o texto atentamente para corrigir poss\u00edveis falhas. Se poss\u00edvel, pe\u00e7a para algu\u00e9m de confian\u00e7a ler seu curr\u00edculo e apontar melhorias.<\/p>\n\n\n\n<h3 class=\"wp-block-heading\">Inclua links para perfis profissionais<\/h3>\n\n\n\n<p>Se relevante, adicione links para seu perfil no LinkedIn, portf\u00f3lio online ou outras plataformas profissionais. Isso permite que o recrutador conhe\u00e7a mais sobre seu trabalho e avalie suas compet\u00eancias de forma mais abrangente.<\/p>\n\n\n\n<h3 class=\"wp-block-heading\">Seja objetivo e sincero<\/h3>\n\n\n\n<p>Mantenha o curr\u00edculo conciso, preferencialmente em uma ou duas p\u00e1ginas. Evite informa\u00e7\u00f5es desnecess\u00e1rias ou irrelevantes para a vaga. Seja honesto sobre suas habilidades e experi\u00eancias, pois informa\u00e7\u00f5es falsas podem ser descobertas e prejudicar sua credibilidade.<\/p>\n\n\n\n<h2 class=\"wp-block-heading\">Como o curr\u00edculo pode impulsionar sua carreira<\/h2>\n\n\n\n<p>Um curr\u00edculo bem elaborado \u00e9 fundamental para se destacar em um mercado de trabalho competitivo. Ao incluir esses sete pontos importantes e seguir as dicas adicionais, voc\u00ea aumenta suas chances de conquistar a t\u00e3o desejada entrevista. Lembre-se de que o curr\u00edculo \u00e9 o reflexo do seu profissionalismo e dedica\u00e7\u00e3o. Invista tempo na sua constru\u00e7\u00e3o e atualize-o regularmente para refletir suas conquistas e avan\u00e7os na carreira.<\/p>\n\n\n\n<p>A dedica\u00e7\u00e3o na elabora\u00e7\u00e3o do curr\u00edculo n\u00e3o apenas aumenta as chances de ser notado pelos recrutadores, mas tamb\u00e9m ajuda voc\u00ea a refletir sobre sua trajet\u00f3ria profissional. Esse autoconhecimento \u00e9 valioso para identificar \u00e1reas de melhoria e planejar os pr\u00f3ximos passos na sua carreira.<\/p>\n\n\n\n<p><strong>Veja tamb\u00e9m: <a href=\"https:\/\/www.vagadeempregorj.com.br\/ar\/supermercados-guanabara-mais-de-80-empregos-abertos\/\">Supermercados Guanabara: mais de 80 empregos abertos<\/a><\/strong><\/p>\n\n\n\n<p>8 de novembro de 2024<\/p>","protected":false},"excerpt":{"rendered":"<p>Elaborar um curr\u00edculo eficiente \u00e9 essencial para se destacar no mercado de trabalho. Muitas vezes, pequenos detalhes fazem a diferen\u00e7a na hora de chamar a aten\u00e7\u00e3o dos recrutadores. Veja os pontos fundamentais que n\u00e3o podem faltar em um curr\u00edculo para aumentar suas chances de sucesso profissional. A import\u00e2ncia de um curr\u00edculo bem elaborado O curr\u00edculo&hellip;&nbsp;<\/p>","protected":false},"author":16,"featured_media":41045,"comment_status":"closed","ping_status":"closed","sticky":false,"template":"","format":"standard","meta":{"neve_meta_sidebar":"","neve_meta_container":"","neve_meta_enable_content_width":"","neve_meta_content_width":0,"neve_meta_title_alignment":"","neve_meta_author_avatar":"","neve_post_elements_order":"","neve_meta_disable_header":"","neve_meta_disable_footer":"","neve_meta_disable_title":"","footnotes":""},"categories":[123],"tags":[],"class_list":["post-41025","post","type-post","status-publish","format-standard","has-post-thumbnail","hentry","category-vagas-de-emprego-nacionais"],"yoast_head":"<!-- This site is optimized with the Yoast SEO plugin v27.5 - https:\/\/yoast.com\/product\/yoast-seo-wordpress\/ -->\n<title>O que n\u00e3o pode faltar em um curr\u00edculo: 7 pontos importantes -<\/title>\n<meta name=\"description\" content=\"Veja em Vagas de Emprego RJ as vagas de emprego com e sem experi\u00eancia no seu Estado e Regi\u00e3o!\" \/>\n<meta name=\"robots\" content=\"index, follow, max-snippet:-1, max-image-preview:large, max-video-preview:-1\" \/>\n<link rel=\"canonical\" href=\"https:\/\/www.vagadeempregorj.com.br\/ar\/o-que-nao-pode-faltar-em-um-curriculo-7-pontos-importantes\/\" \/>\n<meta property=\"og:locale\" content=\"ar_AR\" \/>\n<meta property=\"og:type\" content=\"article\" \/>\n<meta property=\"og:title\" content=\"O que n\u00e3o pode faltar em um curr\u00edculo: 7 pontos importantes -\" \/>\n<meta property=\"og:description\" content=\"Veja em Vagas de Emprego RJ as vagas de emprego com e sem experi\u00eancia no seu Estado e Regi\u00e3o!\" \/>\n<meta property=\"og:url\" content=\"https:\/\/www.vagadeempregorj.com.br\/ar\/o-que-nao-pode-faltar-em-um-curriculo-7-pontos-importantes\/\" \/>\n<meta property=\"article:publisher\" content=\"https:\/\/www.facebook.com\/empregobrasiloficial\" \/>\n<meta property=\"article:published_time\" content=\"2024-11-08T09:00:00+00:00\" \/>\n<meta property=\"article:modified_time\" content=\"2025-06-15T17:30:31+00:00\" \/>\n<meta property=\"og:image\" content=\"https:\/\/www.vagadeempregorj.com.br\/wp-content\/uploads\/2024\/10\/image-38.png\" \/>\n\t<meta property=\"og:image:width\" content=\"740\" \/>\n\t<meta property=\"og:image:height\" content=\"493\" \/>\n\t<meta property=\"og:image:type\" content=\"image\/png\" \/>\n<meta name=\"author\" content=\"Michele\" \/>\n<meta name=\"twitter:card\" content=\"summary_large_image\" \/>\n<meta name=\"twitter:label1\" content=\"Written by\" \/>\n\t<meta name=\"twitter:data1\" content=\"Michele\" \/>\n\t<meta name=\"twitter:label2\" content=\"Est. reading time\" \/>\n\t<meta name=\"twitter:data2\" content=\"5 \u062f\u0642\u0627\u0626\u0642\" \/>\n<script type=\"application\/ld+json\" class=\"yoast-schema-graph\">{\"@context\":\"https:\\\/\\\/schema.org\",\"@graph\":[{\"@type\":\"Article\",\"@id\":\"https:\\\/\\\/www.vagadeempregorj.com.br\\\/o-que-nao-pode-faltar-em-um-curriculo-7-pontos-importantes\\\/#article\",\"isPartOf\":{\"@id\":\"https:\\\/\\\/www.vagadeempregorj.com.br\\\/o-que-nao-pode-faltar-em-um-curriculo-7-pontos-importantes\\\/\"},\"author\":{\"name\":\"Michele\",\"@id\":\"https:\\\/\\\/www.vagadeempregorj.com.br\\\/#\\\/schema\\\/person\\\/3ddb19fa0539706786e502152f3aae95\"},\"headline\":\"O que n\u00e3o pode faltar em um curr\u00edculo: 7 pontos importantes\",\"datePublished\":\"2024-11-08T09:00:00+00:00\",\"dateModified\":\"2025-06-15T17:30:31+00:00\",\"mainEntityOfPage\":{\"@id\":\"https:\\\/\\\/www.vagadeempregorj.com.br\\\/o-que-nao-pode-faltar-em-um-curriculo-7-pontos-importantes\\\/\"},\"wordCount\":914,\"image\":{\"@id\":\"https:\\\/\\\/www.vagadeempregorj.com.br\\\/o-que-nao-pode-faltar-em-um-curriculo-7-pontos-importantes\\\/#primaryimage\"},\"thumbnailUrl\":\"https:\\\/\\\/www.vagadeempregorj.com.br\\\/wp-content\\\/uploads\\\/2024\\\/10\\\/image-38.png\",\"articleSection\":[\"Vagas de Emprego Nacionais\"],\"inLanguage\":\"ar\"},{\"@type\":\"WebPage\",\"@id\":\"https:\\\/\\\/www.vagadeempregorj.com.br\\\/o-que-nao-pode-faltar-em-um-curriculo-7-pontos-importantes\\\/\",\"url\":\"https:\\\/\\\/www.vagadeempregorj.com.br\\\/o-que-nao-pode-faltar-em-um-curriculo-7-pontos-importantes\\\/\",\"name\":\"O que n\u00e3o pode faltar em um curr\u00edculo: 7 pontos importantes -\",\"isPartOf\":{\"@id\":\"https:\\\/\\\/www.vagadeempregorj.com.br\\\/#website\"},\"primaryImageOfPage\":{\"@id\":\"https:\\\/\\\/www.vagadeempregorj.com.br\\\/o-que-nao-pode-faltar-em-um-curriculo-7-pontos-importantes\\\/#primaryimage\"},\"image\":{\"@id\":\"https:\\\/\\\/www.vagadeempregorj.com.br\\\/o-que-nao-pode-faltar-em-um-curriculo-7-pontos-importantes\\\/#primaryimage\"},\"thumbnailUrl\":\"https:\\\/\\\/www.vagadeempregorj.com.br\\\/wp-content\\\/uploads\\\/2024\\\/10\\\/image-38.png\",\"datePublished\":\"2024-11-08T09:00:00+00:00\",\"dateModified\":\"2025-06-15T17:30:31+00:00\",\"author\":{\"@id\":\"https:\\\/\\\/www.vagadeempregorj.com.br\\\/#\\\/schema\\\/person\\\/3ddb19fa0539706786e502152f3aae95\"},\"description\":\"Veja em Vagas de Emprego RJ as vagas de emprego com e sem experi\u00eancia no seu Estado e Regi\u00e3o!\",\"breadcrumb\":{\"@id\":\"https:\\\/\\\/www.vagadeempregorj.com.br\\\/o-que-nao-pode-faltar-em-um-curriculo-7-pontos-importantes\\\/#breadcrumb\"},\"inLanguage\":\"ar\",\"potentialAction\":[{\"@type\":\"ReadAction\",\"target\":[\"https:\\\/\\\/www.vagadeempregorj.com.br\\\/o-que-nao-pode-faltar-em-um-curriculo-7-pontos-importantes\\\/\"]}]},{\"@type\":\"ImageObject\",\"inLanguage\":\"ar\",\"@id\":\"https:\\\/\\\/www.vagadeempregorj.com.br\\\/o-que-nao-pode-faltar-em-um-curriculo-7-pontos-importantes\\\/#primaryimage\",\"url\":\"https:\\\/\\\/www.vagadeempregorj.com.br\\\/wp-content\\\/uploads\\\/2024\\\/10\\\/image-38.png\",\"contentUrl\":\"https:\\\/\\\/www.vagadeempregorj.com.br\\\/wp-content\\\/uploads\\\/2024\\\/10\\\/image-38.png\",\"width\":740,\"height\":493},{\"@type\":\"BreadcrumbList\",\"@id\":\"https:\\\/\\\/www.vagadeempregorj.com.br\\\/o-que-nao-pode-faltar-em-um-curriculo-7-pontos-importantes\\\/#breadcrumb\",\"itemListElement\":[{\"@type\":\"ListItem\",\"position\":1,\"name\":\"In\u00edcio\",\"item\":\"https:\\\/\\\/www.vagadeempregorj.com.br\\\/\"},{\"@type\":\"ListItem\",\"position\":2,\"name\":\"O que n\u00e3o pode faltar em um curr\u00edculo: 7 pontos importantes\"}]},{\"@type\":\"WebSite\",\"@id\":\"https:\\\/\\\/www.vagadeempregorj.com.br\\\/#website\",\"url\":\"https:\\\/\\\/www.vagadeempregorj.com.br\\\/\",\"name\":\"\",\"description\":\"Conquiste Sonhos: Vagas, Benef\u00edcios e Economia para Transformar Vidas e Alcan\u00e7ar Melhorias Cotidianas\",\"potentialAction\":[{\"@type\":\"SearchAction\",\"target\":{\"@type\":\"EntryPoint\",\"urlTemplate\":\"https:\\\/\\\/www.vagadeempregorj.com.br\\\/?s={search_term_string}\"},\"query-input\":{\"@type\":\"PropertyValueSpecification\",\"valueRequired\":true,\"valueName\":\"search_term_string\"}}],\"inLanguage\":\"ar\"},{\"@type\":\"Person\",\"@id\":\"https:\\\/\\\/www.vagadeempregorj.com.br\\\/#\\\/schema\\\/person\\\/3ddb19fa0539706786e502152f3aae95\",\"name\":\"Michele\",\"image\":{\"@type\":\"ImageObject\",\"inLanguage\":\"ar\",\"@id\":\"https:\\\/\\\/secure.gravatar.com\\\/avatar\\\/6b0eb9d22841282815e2cd856a0061c45e1761cd54b22e952d98c4746939aa85?s=96&r=g\",\"url\":\"https:\\\/\\\/secure.gravatar.com\\\/avatar\\\/6b0eb9d22841282815e2cd856a0061c45e1761cd54b22e952d98c4746939aa85?s=96&r=g\",\"contentUrl\":\"https:\\\/\\\/secure.gravatar.com\\\/avatar\\\/6b0eb9d22841282815e2cd856a0061c45e1761cd54b22e952d98c4746939aa85?s=96&r=g\",\"caption\":\"Michele\"},\"description\":\"Formada em Letras - Portugu\u00eas\\\/ Ingl\u00eas, e idealizadora do site Escritora de Sucesso, busca expandir o conhecimento de todos com informa\u00e7\u00f5es relevantes sobre diversos assuntos, enquanto redatora. No Vaga de Emprego RJ, traz oportunidades e dicas sobre o mercado de trabalho.\",\"url\":\"https:\\\/\\\/www.vagadeempregorj.com.br\\\/ar\\\/author\\\/michele\\\/\"}]}<\/script>\n<!-- \/ Yoast SEO plugin. -->","yoast_head_json":{"title":"O que n\u00e3o pode faltar em um curr\u00edculo: 7 pontos importantes -","description":"Veja em Vagas de Emprego RJ as vagas de emprego com e sem experi\u00eancia no seu Estado e Regi\u00e3o!","robots":{"index":"index","follow":"follow","max-snippet":"max-snippet:-1","max-image-preview":"max-image-preview:large","max-video-preview":"max-video-preview:-1"},"canonical":"https:\/\/www.vagadeempregorj.com.br\/ar\/o-que-nao-pode-faltar-em-um-curriculo-7-pontos-importantes\/","og_locale":"ar_AR","og_type":"article","og_title":"O que n\u00e3o pode faltar em um curr\u00edculo: 7 pontos importantes -","og_description":"Veja em Vagas de Emprego RJ as vagas de emprego com e sem experi\u00eancia no seu Estado e Regi\u00e3o!","og_url":"https:\/\/www.vagadeempregorj.com.br\/ar\/o-que-nao-pode-faltar-em-um-curriculo-7-pontos-importantes\/","article_publisher":"https:\/\/www.facebook.com\/empregobrasiloficial","article_published_time":"2024-11-08T09:00:00+00:00","article_modified_time":"2025-06-15T17:30:31+00:00","og_image":[{"width":740,"height":493,"url":"https:\/\/www.vagadeempregorj.com.br\/wp-content\/uploads\/2024\/10\/image-38.png","type":"image\/png"}],"author":"Michele","twitter_card":"summary_large_image","twitter_misc":{"Written by":"Michele","Est. reading time":"5 \u062f\u0642\u0627\u0626\u0642"},"schema":{"@context":"https:\/\/schema.org","@graph":[{"@type":"Article","@id":"https:\/\/www.vagadeempregorj.com.br\/o-que-nao-pode-faltar-em-um-curriculo-7-pontos-importantes\/#article","isPartOf":{"@id":"https:\/\/www.vagadeempregorj.com.br\/o-que-nao-pode-faltar-em-um-curriculo-7-pontos-importantes\/"},"author":{"name":"Michele","@id":"https:\/\/www.vagadeempregorj.com.br\/#\/schema\/person\/3ddb19fa0539706786e502152f3aae95"},"headline":"O que n\u00e3o pode faltar em um curr\u00edculo: 7 pontos importantes","datePublished":"2024-11-08T09:00:00+00:00","dateModified":"2025-06-15T17:30:31+00:00","mainEntityOfPage":{"@id":"https:\/\/www.vagadeempregorj.com.br\/o-que-nao-pode-faltar-em-um-curriculo-7-pontos-importantes\/"},"wordCount":914,"image":{"@id":"https:\/\/www.vagadeempregorj.com.br\/o-que-nao-pode-faltar-em-um-curriculo-7-pontos-importantes\/#primaryimage"},"thumbnailUrl":"https:\/\/www.vagadeempregorj.com.br\/wp-content\/uploads\/2024\/10\/image-38.png","articleSection":["Vagas de Emprego Nacionais"],"inLanguage":"ar"},{"@type":"WebPage","@id":"https:\/\/www.vagadeempregorj.com.br\/o-que-nao-pode-faltar-em-um-curriculo-7-pontos-importantes\/","url":"https:\/\/www.vagadeempregorj.com.br\/o-que-nao-pode-faltar-em-um-curriculo-7-pontos-importantes\/","name":"O que n\u00e3o pode faltar em um curr\u00edculo: 7 pontos importantes -","isPartOf":{"@id":"https:\/\/www.vagadeempregorj.com.br\/#website"},"primaryImageOfPage":{"@id":"https:\/\/www.vagadeempregorj.com.br\/o-que-nao-pode-faltar-em-um-curriculo-7-pontos-importantes\/#primaryimage"},"image":{"@id":"https:\/\/www.vagadeempregorj.com.br\/o-que-nao-pode-faltar-em-um-curriculo-7-pontos-importantes\/#primaryimage"},"thumbnailUrl":"https:\/\/www.vagadeempregorj.com.br\/wp-content\/uploads\/2024\/10\/image-38.png","datePublished":"2024-11-08T09:00:00+00:00","dateModified":"2025-06-15T17:30:31+00:00","author":{"@id":"https:\/\/www.vagadeempregorj.com.br\/#\/schema\/person\/3ddb19fa0539706786e502152f3aae95"},"description":"Veja em Vagas de Emprego RJ as vagas de emprego com e sem experi\u00eancia no seu Estado e Regi\u00e3o!","breadcrumb":{"@id":"https:\/\/www.vagadeempregorj.com.br\/o-que-nao-pode-faltar-em-um-curriculo-7-pontos-importantes\/#breadcrumb"},"inLanguage":"ar","potentialAction":[{"@type":"ReadAction","target":["https:\/\/www.vagadeempregorj.com.br\/o-que-nao-pode-faltar-em-um-curriculo-7-pontos-importantes\/"]}]},{"@type":"ImageObject","inLanguage":"ar","@id":"https:\/\/www.vagadeempregorj.com.br\/o-que-nao-pode-faltar-em-um-curriculo-7-pontos-importantes\/#primaryimage","url":"https:\/\/www.vagadeempregorj.com.br\/wp-content\/uploads\/2024\/10\/image-38.png","contentUrl":"https:\/\/www.vagadeempregorj.com.br\/wp-content\/uploads\/2024\/10\/image-38.png","width":740,"height":493},{"@type":"BreadcrumbList","@id":"https:\/\/www.vagadeempregorj.com.br\/o-que-nao-pode-faltar-em-um-curriculo-7-pontos-importantes\/#breadcrumb","itemListElement":[{"@type":"ListItem","position":1,"name":"In\u00edcio","item":"https:\/\/www.vagadeempregorj.com.br\/"},{"@type":"ListItem","position":2,"name":"O que n\u00e3o pode faltar em um curr\u00edculo: 7 pontos importantes"}]},{"@type":"WebSite","@id":"https:\/\/www.vagadeempregorj.com.br\/#website","url":"https:\/\/www.vagadeempregorj.com.br\/","name":"","description":"Conquiste Sonhos: Vagas, Benef\u00edcios e Economia para Transformar Vidas e Alcan\u00e7ar Melhorias Cotidianas","potentialAction":[{"@type":"SearchAction","target":{"@type":"EntryPoint","urlTemplate":"https:\/\/www.vagadeempregorj.com.br\/?s={search_term_string}"},"query-input":{"@type":"PropertyValueSpecification","valueRequired":true,"valueName":"search_term_string"}}],"inLanguage":"ar"},{"@type":"Person","@id":"https:\/\/www.vagadeempregorj.com.br\/#\/schema\/person\/3ddb19fa0539706786e502152f3aae95","name":"Michele","image":{"@type":"ImageObject","inLanguage":"ar","@id":"https:\/\/secure.gravatar.com\/avatar\/6b0eb9d22841282815e2cd856a0061c45e1761cd54b22e952d98c4746939aa85?s=96&r=g","url":"https:\/\/secure.gravatar.com\/avatar\/6b0eb9d22841282815e2cd856a0061c45e1761cd54b22e952d98c4746939aa85?s=96&r=g","contentUrl":"https:\/\/secure.gravatar.com\/avatar\/6b0eb9d22841282815e2cd856a0061c45e1761cd54b22e952d98c4746939aa85?s=96&r=g","caption":"Michele"},"description":"Formada em Letras - Portugu\u00eas\/ Ingl\u00eas, e idealizadora do site Escritora de Sucesso, busca expandir o conhecimento de todos com informa\u00e7\u00f5es relevantes sobre diversos assuntos, enquanto redatora. No Vaga de Emprego RJ, traz oportunidades e dicas sobre o mercado de trabalho.","url":"https:\/\/www.vagadeempregorj.com.br\/ar\/author\/michele\/"}]}},"_links":{"self":[{"href":"https:\/\/www.vagadeempregorj.com.br\/ar\/wp-json\/wp\/v2\/posts\/41025","targetHints":{"allow":["GET"]}}],"collection":[{"href":"https:\/\/www.vagadeempregorj.com.br\/ar\/wp-json\/wp\/v2\/posts"}],"about":[{"href":"https:\/\/www.vagadeempregorj.com.br\/ar\/wp-json\/wp\/v2\/types\/post"}],"author":[{"embeddable":true,"href":"https:\/\/www.vagadeempregorj.com.br\/ar\/wp-json\/wp\/v2\/users\/16"}],"replies":[{"embeddable":true,"href":"https:\/\/www.vagadeempregorj.com.br\/ar\/wp-json\/wp\/v2\/comments?post=41025"}],"version-history":[{"count":1,"href":"https:\/\/www.vagadeempregorj.com.br\/ar\/wp-json\/wp\/v2\/posts\/41025\/revisions"}],"predecessor-version":[{"id":43549,"href":"https:\/\/www.vagadeempregorj.com.br\/ar\/wp-json\/wp\/v2\/posts\/41025\/revisions\/43549"}],"wp:featuredmedia":[{"embeddable":true,"href":"https:\/\/www.vagadeempregorj.com.br\/ar\/wp-json\/wp\/v2\/media\/41045"}],"wp:attachment":[{"href":"https:\/\/www.vagadeempregorj.com.br\/ar\/wp-json\/wp\/v2\/media?parent=41025"}],"wp:term":[{"taxonomy":"category","embeddable":true,"href":"https:\/\/www.vagadeempregorj.com.br\/ar\/wp-json\/wp\/v2\/categories?post=41025"},{"taxonomy":"post_tag","embeddable":true,"href":"https:\/\/www.vagadeempregorj.com.br\/ar\/wp-json\/wp\/v2\/tags?post=41025"}],"curies":[{"name":"wp","href":"https:\/\/api.w.org\/{rel}","templated":true}]}}