{"id":41055,"date":"2024-10-23T06:00:00","date_gmt":"2024-10-23T09:00:00","guid":{"rendered":"https:\/\/www.vagadeempregorj.com.br\/?p=41055"},"modified":"2024-10-19T15:43:52","modified_gmt":"2024-10-19T18:43:52","slug":"rede-moura-mais-de-170-empregos-abertos-pelo-pais","status":"publish","type":"post","link":"https:\/\/www.vagadeempregorj.com.br\/ar\/rede-moura-mais-de-170-empregos-abertos-pelo-pais\/","title":{"rendered":"Rede Moura: Mais de 170 empregos abertos pelo pa\u00eds"},"content":{"rendered":"<p>A <strong>Rede Moura<\/strong>, refer\u00eancia na fabrica\u00e7\u00e3o de baterias automotivas e industriais, est\u00e1 com mais de 170 vagas de emprego abertas em diversas regi\u00f5es do Brasil. A empresa, que h\u00e1 mais de 60 anos contribui para o desenvolvimento da ind\u00fastria nacional, oferece oportunidades para diferentes \u00e1reas e n\u00edveis de experi\u00eancia. Esta pode ser a chance perfeita para quem busca crescimento profissional em uma organiza\u00e7\u00e3o s\u00f3lida e inovadora.<\/p>\n\n\n\n<p>Com um ambiente de trabalho colaborativo e foco no desenvolvimento de talentos, a Rede Moura busca profissionais comprometidos, din\u00e2micos e dispostos a fazer a diferen\u00e7a. Confira a seguir quais s\u00e3o as vagas dispon\u00edveis e como se candidatar.<\/p>\n\n\n\n<figure class=\"wp-block-image size-large\"><img loading=\"lazy\" decoding=\"async\" width=\"1024\" height=\"681\" src=\"https:\/\/www.vagadeempregorj.com.br\/wp-content\/uploads\/2024\/10\/image-42-1024x681.png\" alt=\"\" class=\"wp-image-41075\" srcset=\"https:\/\/www.vagadeempregorj.com.br\/wp-content\/uploads\/2024\/10\/image-42-1024x681.png 1024w, https:\/\/www.vagadeempregorj.com.br\/wp-content\/uploads\/2024\/10\/image-42-300x200.png 300w, https:\/\/www.vagadeempregorj.com.br\/wp-content\/uploads\/2024\/10\/image-42-768x511.png 768w, https:\/\/www.vagadeempregorj.com.br\/wp-content\/uploads\/2024\/10\/image-42-150x100.png 150w, https:\/\/www.vagadeempregorj.com.br\/wp-content\/uploads\/2024\/10\/image-42.png 1213w\" sizes=\"auto, (max-width: 1024px) 100vw, 1024px\" \/><\/figure>\n\n\n\n<h2 class=\"wp-block-heading\">Quais s\u00e3o as vagas de emprego abertas pela Rede Moura?<\/h2>\n\n\n\n<p>As vagas oferecidas pela Rede Moura contemplam diversas \u00e1reas, desde fun\u00e7\u00f5es operacionais at\u00e9 cargos estrat\u00e9gicos, em v\u00e1rias regi\u00f5es do pa\u00eds. Veja abaixo alguns dos principais cargos abertos e suas atribui\u00e7\u00f5es.<\/p>\n\n\n\n<h3 class=\"wp-block-heading\">1# Operador de produ\u00e7\u00e3o<\/h3>\n\n\n\n<ul class=\"wp-block-list\">\n<li>Atuar na linha de montagem de baterias e componentes<\/li>\n\n\n\n<li>Manter a organiza\u00e7\u00e3o e limpeza do ambiente de trabalho<\/li>\n\n\n\n<li>Seguir normas de seguran\u00e7a e padr\u00f5es de qualidade<\/li>\n<\/ul>\n\n\n\n<h3 class=\"wp-block-heading\">2# Analista de log\u00edstica<\/h3>\n\n\n\n<ul class=\"wp-block-list\">\n<li>Planejar e coordenar processos de transporte e distribui\u00e7\u00e3o<\/li>\n\n\n\n<li>Acompanhar fluxos de entrada e sa\u00edda de mercadorias<\/li>\n\n\n\n<li>Desenvolver relat\u00f3rios e indicadores para otimizar a log\u00edstica<\/li>\n<\/ul>\n\n\n\n<h3 class=\"wp-block-heading\">3# T\u00e9cnico de manuten\u00e7\u00e3o<\/h3>\n\n\n\n<ul class=\"wp-block-list\">\n<li>Realizar manuten\u00e7\u00e3o preventiva e corretiva de m\u00e1quinas e equipamentos<\/li>\n\n\n\n<li>Identificar falhas e propor solu\u00e7\u00f5es para otimizar o funcionamento dos sistemas<\/li>\n\n\n\n<li>Trabalhar em parceria com outras \u00e1reas para garantir a continuidade da produ\u00e7\u00e3o<\/li>\n<\/ul>\n\n\n\n<h3 class=\"wp-block-heading\">4# Assistente administrativo<\/h3>\n\n\n\n<ul class=\"wp-block-list\">\n<li>Auxiliar nas rotinas administrativas e financeiras<\/li>\n\n\n\n<li>Organizar documentos e processos internos<\/li>\n\n\n\n<li>Dar suporte ao atendimento e comunica\u00e7\u00e3o entre setores<\/li>\n<\/ul>\n\n\n\n<h3 class=\"wp-block-heading\">5# Vendedor externo<\/h3>\n\n\n\n<ul class=\"wp-block-list\">\n<li>Realizar prospec\u00e7\u00e3o de novos clientes e gest\u00e3o de carteira<\/li>\n\n\n\n<li>Acompanhar o mercado e identificar novas oportunidades de neg\u00f3cio<\/li>\n\n\n\n<li>Elaborar propostas comerciais e fechar contratos<\/li>\n<\/ul>\n\n\n\n<p>Com essa variedade de cargos, a Rede Moura proporciona oportunidades tanto para quem est\u00e1 iniciando a carreira quanto para quem j\u00e1 possui experi\u00eancia e busca novos desafios.<\/p>\n\n\n\n<h2 class=\"wp-block-heading\">Como se candidatar?<\/h2>\n\n\n\n<p>O processo de candidatura na Rede Moura \u00e9 simples e pode ser feito totalmente online. A empresa utiliza a plataforma Gupy para gerenciar as vagas e facilitar a inscri\u00e7\u00e3o dos candidatos.<\/p>\n\n\n\n<ul class=\"wp-block-list\">\n<li>Copie e cole o endere\u00e7o abaixo em seu navegador:<br><strong>https:\/\/redemoura.gupy.io<\/strong><\/li>\n\n\n\n<li>Acesse a p\u00e1gina e encontre a oportunidade ideal para voc\u00ea<\/li>\n\n\n\n<li>Leia atentamente a descri\u00e7\u00e3o e os requisitos da vaga escolhida<\/li>\n\n\n\n<li>Fa\u00e7a seu cadastro na plataforma Gupy e preencha as informa\u00e7\u00f5es solicitadas<\/li>\n\n\n\n<li>Envie seu curr\u00edculo atualizado e, se necess\u00e1rio, responda \u00e0s perguntas do processo seletivo<\/li>\n<\/ul>\n\n\n\n<p>Ap\u00f3s a inscri\u00e7\u00e3o, voc\u00ea poder\u00e1 acompanhar todas as etapas da sele\u00e7\u00e3o diretamente pela plataforma Gupy.<\/p>\n\n\n\n<h2 class=\"wp-block-heading\">Dicas para aumentar suas chances de ser selecionado<\/h2>\n\n\n\n<p>Para conquistar uma vaga na Rede Moura, \u00e9 essencial se preparar bem para o processo seletivo. Aqui est\u00e3o algumas sugest\u00f5es para se destacar:<\/p>\n\n\n\n<ul class=\"wp-block-list\">\n<li><strong>Customize seu curr\u00edculo:<\/strong> Inclua experi\u00eancias e habilidades relevantes para a vaga desejada<\/li>\n\n\n\n<li><strong>Candidate-se o quanto antes:<\/strong> As vagas podem ser preenchidas rapidamente<\/li>\n\n\n\n<li><strong>Pesquise sobre a Rede Moura:<\/strong> Demonstre interesse e alinhamento com os valores da empresa<\/li>\n\n\n\n<li><strong>Acompanhe sua caixa de e-mail:<\/strong> Fique atento \u00e0s comunica\u00e7\u00f5es da sele\u00e7\u00e3o para n\u00e3o perder prazos importantes<\/li>\n\n\n\n<li><strong>Treine para entrevistas online:<\/strong> Alguns processos podem ocorrer remotamente, ent\u00e3o esteja preparado<\/li>\n<\/ul>\n\n\n\n<h2 class=\"wp-block-heading\">Por que trabalhar na Rede Moura?<\/h2>\n\n\n\n<p>A Rede Moura \u00e9 conhecida por sua excel\u00eancia e inova\u00e7\u00e3o na produ\u00e7\u00e3o de baterias, al\u00e9m de ser uma das melhores empresas para se trabalhar no setor industrial. A companhia oferece oportunidades de crescimento, programas de capacita\u00e7\u00e3o e um ambiente de trabalho inclusivo e colaborativo. Os colaboradores da Rede Moura tamb\u00e9m contam com benef\u00edcios atrativos e a possibilidade de desenvolver uma carreira s\u00f3lida.<\/p>\n\n\n\n<p>Com forte presen\u00e7a no mercado nacional e internacional, a empresa valoriza a diversidade e investe constantemente na forma\u00e7\u00e3o de seus profissionais. Trabalhar na Rede Moura \u00e9 mais do que fazer parte de uma equipe, \u00e9 ter a chance de contribuir para o avan\u00e7o da tecnologia e da sustentabilidade no setor energ\u00e9tico.<\/p>\n\n\n\n<p><strong>Veja tamb\u00e9m: <a href=\"https:\/\/www.vagadeempregorj.com.br\/ar\/mcdonalds-3-mil-vagas-de-emprego-abertas-pelo-pais\/\">McDonald\u2019s: 3 MIL vagas de emprego abertas pelo pa\u00eds<\/a><\/strong><\/p>\n\n\n\n<p>23 de outubro de 2024<\/p>","protected":false},"excerpt":{"rendered":"<p>A Rede Moura, refer\u00eancia na fabrica\u00e7\u00e3o de baterias automotivas e industriais, est\u00e1 com mais de 170 vagas de emprego abertas em diversas regi\u00f5es do Brasil. A empresa, que h\u00e1 mais de 60 anos contribui para o desenvolvimento da ind\u00fastria nacional, oferece oportunidades para diferentes \u00e1reas e n\u00edveis de experi\u00eancia. Esta pode ser a chance perfeita&hellip;&nbsp;<\/p>","protected":false},"author":16,"featured_media":41075,"comment_status":"closed","ping_status":"closed","sticky":false,"template":"","format":"standard","meta":{"neve_meta_sidebar":"","neve_meta_container":"","neve_meta_enable_content_width":"","neve_meta_content_width":0,"neve_meta_title_alignment":"","neve_meta_author_avatar":"","neve_post_elements_order":"","neve_meta_disable_header":"","neve_meta_disable_footer":"","neve_meta_disable_title":"","footnotes":""},"categories":[123],"tags":[],"class_list":["post-41055","post","type-post","status-publish","format-standard","has-post-thumbnail","hentry","category-vagas-de-emprego-nacionais"],"yoast_head":"<!-- This site is optimized with the Yoast SEO plugin v27.5 - https:\/\/yoast.com\/product\/yoast-seo-wordpress\/ -->\n<title>Rede Moura: Mais de 170 empregos abertos pelo pa\u00eds -<\/title>\n<meta name=\"description\" content=\"Veja em Vagas de Emprego RJ as vagas de emprego com e sem experi\u00eancia no seu Estado e Regi\u00e3o!\" \/>\n<meta name=\"robots\" content=\"index, follow, max-snippet:-1, max-image-preview:large, max-video-preview:-1\" \/>\n<link rel=\"canonical\" href=\"https:\/\/www.vagadeempregorj.com.br\/ar\/rede-moura-mais-de-170-empregos-abertos-pelo-pais\/\" \/>\n<meta property=\"og:locale\" content=\"ar_AR\" \/>\n<meta property=\"og:type\" content=\"article\" \/>\n<meta property=\"og:title\" content=\"Rede Moura: Mais de 170 empregos abertos pelo pa\u00eds -\" \/>\n<meta property=\"og:description\" content=\"Veja em Vagas de Emprego RJ as vagas de emprego com e sem experi\u00eancia no seu Estado e Regi\u00e3o!\" \/>\n<meta property=\"og:url\" content=\"https:\/\/www.vagadeempregorj.com.br\/ar\/rede-moura-mais-de-170-empregos-abertos-pelo-pais\/\" \/>\n<meta property=\"article:publisher\" content=\"https:\/\/www.facebook.com\/empregobrasiloficial\" \/>\n<meta property=\"article:published_time\" content=\"2024-10-23T09:00:00+00:00\" \/>\n<meta property=\"og:image\" content=\"https:\/\/www.vagadeempregorj.com.br\/wp-content\/uploads\/2024\/10\/image-42.png\" \/>\n\t<meta property=\"og:image:width\" content=\"1213\" \/>\n\t<meta property=\"og:image:height\" content=\"807\" \/>\n\t<meta property=\"og:image:type\" content=\"image\/png\" \/>\n<meta name=\"author\" content=\"Michele\" \/>\n<meta name=\"twitter:card\" content=\"summary_large_image\" \/>\n<meta name=\"twitter:label1\" content=\"Written by\" \/>\n\t<meta name=\"twitter:data1\" content=\"Michele\" \/>\n\t<meta name=\"twitter:label2\" content=\"Est. reading time\" \/>\n\t<meta name=\"twitter:data2\" content=\"4 \u062f\u0642\u0627\u0626\u0642\" \/>\n<script type=\"application\/ld+json\" class=\"yoast-schema-graph\">{\"@context\":\"https:\\\/\\\/schema.org\",\"@graph\":[{\"@type\":\"Article\",\"@id\":\"https:\\\/\\\/www.vagadeempregorj.com.br\\\/rede-moura-mais-de-170-empregos-abertos-pelo-pais\\\/#article\",\"isPartOf\":{\"@id\":\"https:\\\/\\\/www.vagadeempregorj.com.br\\\/rede-moura-mais-de-170-empregos-abertos-pelo-pais\\\/\"},\"author\":{\"name\":\"Michele\",\"@id\":\"https:\\\/\\\/www.vagadeempregorj.com.br\\\/#\\\/schema\\\/person\\\/3ddb19fa0539706786e502152f3aae95\"},\"headline\":\"Rede Moura: Mais de 170 empregos abertos pelo pa\u00eds\",\"datePublished\":\"2024-10-23T09:00:00+00:00\",\"mainEntityOfPage\":{\"@id\":\"https:\\\/\\\/www.vagadeempregorj.com.br\\\/rede-moura-mais-de-170-empregos-abertos-pelo-pais\\\/\"},\"wordCount\":716,\"image\":{\"@id\":\"https:\\\/\\\/www.vagadeempregorj.com.br\\\/rede-moura-mais-de-170-empregos-abertos-pelo-pais\\\/#primaryimage\"},\"thumbnailUrl\":\"https:\\\/\\\/www.vagadeempregorj.com.br\\\/wp-content\\\/uploads\\\/2024\\\/10\\\/image-42.png\",\"articleSection\":[\"Vagas de Emprego Nacionais\"],\"inLanguage\":\"ar\"},{\"@type\":\"WebPage\",\"@id\":\"https:\\\/\\\/www.vagadeempregorj.com.br\\\/rede-moura-mais-de-170-empregos-abertos-pelo-pais\\\/\",\"url\":\"https:\\\/\\\/www.vagadeempregorj.com.br\\\/rede-moura-mais-de-170-empregos-abertos-pelo-pais\\\/\",\"name\":\"Rede Moura: Mais de 170 empregos abertos pelo pa\u00eds -\",\"isPartOf\":{\"@id\":\"https:\\\/\\\/www.vagadeempregorj.com.br\\\/#website\"},\"primaryImageOfPage\":{\"@id\":\"https:\\\/\\\/www.vagadeempregorj.com.br\\\/rede-moura-mais-de-170-empregos-abertos-pelo-pais\\\/#primaryimage\"},\"image\":{\"@id\":\"https:\\\/\\\/www.vagadeempregorj.com.br\\\/rede-moura-mais-de-170-empregos-abertos-pelo-pais\\\/#primaryimage\"},\"thumbnailUrl\":\"https:\\\/\\\/www.vagadeempregorj.com.br\\\/wp-content\\\/uploads\\\/2024\\\/10\\\/image-42.png\",\"datePublished\":\"2024-10-23T09:00:00+00:00\",\"author\":{\"@id\":\"https:\\\/\\\/www.vagadeempregorj.com.br\\\/#\\\/schema\\\/person\\\/3ddb19fa0539706786e502152f3aae95\"},\"description\":\"Veja em Vagas de Emprego RJ as vagas de emprego com e sem experi\u00eancia no seu Estado e Regi\u00e3o!\",\"breadcrumb\":{\"@id\":\"https:\\\/\\\/www.vagadeempregorj.com.br\\\/rede-moura-mais-de-170-empregos-abertos-pelo-pais\\\/#breadcrumb\"},\"inLanguage\":\"ar\",\"potentialAction\":[{\"@type\":\"ReadAction\",\"target\":[\"https:\\\/\\\/www.vagadeempregorj.com.br\\\/rede-moura-mais-de-170-empregos-abertos-pelo-pais\\\/\"]}]},{\"@type\":\"ImageObject\",\"inLanguage\":\"ar\",\"@id\":\"https:\\\/\\\/www.vagadeempregorj.com.br\\\/rede-moura-mais-de-170-empregos-abertos-pelo-pais\\\/#primaryimage\",\"url\":\"https:\\\/\\\/www.vagadeempregorj.com.br\\\/wp-content\\\/uploads\\\/2024\\\/10\\\/image-42.png\",\"contentUrl\":\"https:\\\/\\\/www.vagadeempregorj.com.br\\\/wp-content\\\/uploads\\\/2024\\\/10\\\/image-42.png\",\"width\":1213,\"height\":807},{\"@type\":\"BreadcrumbList\",\"@id\":\"https:\\\/\\\/www.vagadeempregorj.com.br\\\/rede-moura-mais-de-170-empregos-abertos-pelo-pais\\\/#breadcrumb\",\"itemListElement\":[{\"@type\":\"ListItem\",\"position\":1,\"name\":\"In\u00edcio\",\"item\":\"https:\\\/\\\/www.vagadeempregorj.com.br\\\/\"},{\"@type\":\"ListItem\",\"position\":2,\"name\":\"Vagas de Emprego Nacionais\",\"item\":\"https:\\\/\\\/www.vagadeempregorj.com.br\\\/vagas-de-emprego-nacionais\\\/\"},{\"@type\":\"ListItem\",\"position\":3,\"name\":\"Rede Moura: Mais de 170 empregos abertos pelo pa\u00eds\"}]},{\"@type\":\"WebSite\",\"@id\":\"https:\\\/\\\/www.vagadeempregorj.com.br\\\/#website\",\"url\":\"https:\\\/\\\/www.vagadeempregorj.com.br\\\/\",\"name\":\"\",\"description\":\"Conquiste Sonhos: Vagas, Benef\u00edcios e Economia para Transformar Vidas e Alcan\u00e7ar Melhorias Cotidianas\",\"potentialAction\":[{\"@type\":\"SearchAction\",\"target\":{\"@type\":\"EntryPoint\",\"urlTemplate\":\"https:\\\/\\\/www.vagadeempregorj.com.br\\\/?s={search_term_string}\"},\"query-input\":{\"@type\":\"PropertyValueSpecification\",\"valueRequired\":true,\"valueName\":\"search_term_string\"}}],\"inLanguage\":\"ar\"},{\"@type\":\"Person\",\"@id\":\"https:\\\/\\\/www.vagadeempregorj.com.br\\\/#\\\/schema\\\/person\\\/3ddb19fa0539706786e502152f3aae95\",\"name\":\"Michele\",\"image\":{\"@type\":\"ImageObject\",\"inLanguage\":\"ar\",\"@id\":\"https:\\\/\\\/secure.gravatar.com\\\/avatar\\\/6b0eb9d22841282815e2cd856a0061c45e1761cd54b22e952d98c4746939aa85?s=96&r=g\",\"url\":\"https:\\\/\\\/secure.gravatar.com\\\/avatar\\\/6b0eb9d22841282815e2cd856a0061c45e1761cd54b22e952d98c4746939aa85?s=96&r=g\",\"contentUrl\":\"https:\\\/\\\/secure.gravatar.com\\\/avatar\\\/6b0eb9d22841282815e2cd856a0061c45e1761cd54b22e952d98c4746939aa85?s=96&r=g\",\"caption\":\"Michele\"},\"description\":\"Formada em Letras - Portugu\u00eas\\\/ Ingl\u00eas, e idealizadora do site Escritora de Sucesso, busca expandir o conhecimento de todos com informa\u00e7\u00f5es relevantes sobre diversos assuntos, enquanto redatora. No Vaga de Emprego RJ, traz oportunidades e dicas sobre o mercado de trabalho.\",\"url\":\"https:\\\/\\\/www.vagadeempregorj.com.br\\\/ar\\\/author\\\/michele\\\/\"}]}<\/script>\n<!-- \/ Yoast SEO plugin. -->","yoast_head_json":{"title":"Rede Moura: Mais de 170 empregos abertos pelo pa\u00eds -","description":"Veja em Vagas de Emprego RJ as vagas de emprego com e sem experi\u00eancia no seu Estado e Regi\u00e3o!","robots":{"index":"index","follow":"follow","max-snippet":"max-snippet:-1","max-image-preview":"max-image-preview:large","max-video-preview":"max-video-preview:-1"},"canonical":"https:\/\/www.vagadeempregorj.com.br\/ar\/rede-moura-mais-de-170-empregos-abertos-pelo-pais\/","og_locale":"ar_AR","og_type":"article","og_title":"Rede Moura: Mais de 170 empregos abertos pelo pa\u00eds -","og_description":"Veja em Vagas de Emprego RJ as vagas de emprego com e sem experi\u00eancia no seu Estado e Regi\u00e3o!","og_url":"https:\/\/www.vagadeempregorj.com.br\/ar\/rede-moura-mais-de-170-empregos-abertos-pelo-pais\/","article_publisher":"https:\/\/www.facebook.com\/empregobrasiloficial","article_published_time":"2024-10-23T09:00:00+00:00","og_image":[{"width":1213,"height":807,"url":"https:\/\/www.vagadeempregorj.com.br\/wp-content\/uploads\/2024\/10\/image-42.png","type":"image\/png"}],"author":"Michele","twitter_card":"summary_large_image","twitter_misc":{"Written by":"Michele","Est. reading time":"4 \u062f\u0642\u0627\u0626\u0642"},"schema":{"@context":"https:\/\/schema.org","@graph":[{"@type":"Article","@id":"https:\/\/www.vagadeempregorj.com.br\/rede-moura-mais-de-170-empregos-abertos-pelo-pais\/#article","isPartOf":{"@id":"https:\/\/www.vagadeempregorj.com.br\/rede-moura-mais-de-170-empregos-abertos-pelo-pais\/"},"author":{"name":"Michele","@id":"https:\/\/www.vagadeempregorj.com.br\/#\/schema\/person\/3ddb19fa0539706786e502152f3aae95"},"headline":"Rede Moura: Mais de 170 empregos abertos pelo pa\u00eds","datePublished":"2024-10-23T09:00:00+00:00","mainEntityOfPage":{"@id":"https:\/\/www.vagadeempregorj.com.br\/rede-moura-mais-de-170-empregos-abertos-pelo-pais\/"},"wordCount":716,"image":{"@id":"https:\/\/www.vagadeempregorj.com.br\/rede-moura-mais-de-170-empregos-abertos-pelo-pais\/#primaryimage"},"thumbnailUrl":"https:\/\/www.vagadeempregorj.com.br\/wp-content\/uploads\/2024\/10\/image-42.png","articleSection":["Vagas de Emprego Nacionais"],"inLanguage":"ar"},{"@type":"WebPage","@id":"https:\/\/www.vagadeempregorj.com.br\/rede-moura-mais-de-170-empregos-abertos-pelo-pais\/","url":"https:\/\/www.vagadeempregorj.com.br\/rede-moura-mais-de-170-empregos-abertos-pelo-pais\/","name":"Rede Moura: Mais de 170 empregos abertos pelo pa\u00eds -","isPartOf":{"@id":"https:\/\/www.vagadeempregorj.com.br\/#website"},"primaryImageOfPage":{"@id":"https:\/\/www.vagadeempregorj.com.br\/rede-moura-mais-de-170-empregos-abertos-pelo-pais\/#primaryimage"},"image":{"@id":"https:\/\/www.vagadeempregorj.com.br\/rede-moura-mais-de-170-empregos-abertos-pelo-pais\/#primaryimage"},"thumbnailUrl":"https:\/\/www.vagadeempregorj.com.br\/wp-content\/uploads\/2024\/10\/image-42.png","datePublished":"2024-10-23T09:00:00+00:00","author":{"@id":"https:\/\/www.vagadeempregorj.com.br\/#\/schema\/person\/3ddb19fa0539706786e502152f3aae95"},"description":"Veja em Vagas de Emprego RJ as vagas de emprego com e sem experi\u00eancia no seu Estado e Regi\u00e3o!","breadcrumb":{"@id":"https:\/\/www.vagadeempregorj.com.br\/rede-moura-mais-de-170-empregos-abertos-pelo-pais\/#breadcrumb"},"inLanguage":"ar","potentialAction":[{"@type":"ReadAction","target":["https:\/\/www.vagadeempregorj.com.br\/rede-moura-mais-de-170-empregos-abertos-pelo-pais\/"]}]},{"@type":"ImageObject","inLanguage":"ar","@id":"https:\/\/www.vagadeempregorj.com.br\/rede-moura-mais-de-170-empregos-abertos-pelo-pais\/#primaryimage","url":"https:\/\/www.vagadeempregorj.com.br\/wp-content\/uploads\/2024\/10\/image-42.png","contentUrl":"https:\/\/www.vagadeempregorj.com.br\/wp-content\/uploads\/2024\/10\/image-42.png","width":1213,"height":807},{"@type":"BreadcrumbList","@id":"https:\/\/www.vagadeempregorj.com.br\/rede-moura-mais-de-170-empregos-abertos-pelo-pais\/#breadcrumb","itemListElement":[{"@type":"ListItem","position":1,"name":"In\u00edcio","item":"https:\/\/www.vagadeempregorj.com.br\/"},{"@type":"ListItem","position":2,"name":"Vagas de Emprego Nacionais","item":"https:\/\/www.vagadeempregorj.com.br\/vagas-de-emprego-nacionais\/"},{"@type":"ListItem","position":3,"name":"Rede Moura: Mais de 170 empregos abertos pelo pa\u00eds"}]},{"@type":"WebSite","@id":"https:\/\/www.vagadeempregorj.com.br\/#website","url":"https:\/\/www.vagadeempregorj.com.br\/","name":"","description":"Conquiste Sonhos: Vagas, Benef\u00edcios e Economia para Transformar Vidas e Alcan\u00e7ar Melhorias Cotidianas","potentialAction":[{"@type":"SearchAction","target":{"@type":"EntryPoint","urlTemplate":"https:\/\/www.vagadeempregorj.com.br\/?s={search_term_string}"},"query-input":{"@type":"PropertyValueSpecification","valueRequired":true,"valueName":"search_term_string"}}],"inLanguage":"ar"},{"@type":"Person","@id":"https:\/\/www.vagadeempregorj.com.br\/#\/schema\/person\/3ddb19fa0539706786e502152f3aae95","name":"Michele","image":{"@type":"ImageObject","inLanguage":"ar","@id":"https:\/\/secure.gravatar.com\/avatar\/6b0eb9d22841282815e2cd856a0061c45e1761cd54b22e952d98c4746939aa85?s=96&r=g","url":"https:\/\/secure.gravatar.com\/avatar\/6b0eb9d22841282815e2cd856a0061c45e1761cd54b22e952d98c4746939aa85?s=96&r=g","contentUrl":"https:\/\/secure.gravatar.com\/avatar\/6b0eb9d22841282815e2cd856a0061c45e1761cd54b22e952d98c4746939aa85?s=96&r=g","caption":"Michele"},"description":"Formada em Letras - Portugu\u00eas\/ Ingl\u00eas, e idealizadora do site Escritora de Sucesso, busca expandir o conhecimento de todos com informa\u00e7\u00f5es relevantes sobre diversos assuntos, enquanto redatora. No Vaga de Emprego RJ, traz oportunidades e dicas sobre o mercado de trabalho.","url":"https:\/\/www.vagadeempregorj.com.br\/ar\/author\/michele\/"}]}},"_links":{"self":[{"href":"https:\/\/www.vagadeempregorj.com.br\/ar\/wp-json\/wp\/v2\/posts\/41055","targetHints":{"allow":["GET"]}}],"collection":[{"href":"https:\/\/www.vagadeempregorj.com.br\/ar\/wp-json\/wp\/v2\/posts"}],"about":[{"href":"https:\/\/www.vagadeempregorj.com.br\/ar\/wp-json\/wp\/v2\/types\/post"}],"author":[{"embeddable":true,"href":"https:\/\/www.vagadeempregorj.com.br\/ar\/wp-json\/wp\/v2\/users\/16"}],"replies":[{"embeddable":true,"href":"https:\/\/www.vagadeempregorj.com.br\/ar\/wp-json\/wp\/v2\/comments?post=41055"}],"version-history":[{"count":0,"href":"https:\/\/www.vagadeempregorj.com.br\/ar\/wp-json\/wp\/v2\/posts\/41055\/revisions"}],"wp:featuredmedia":[{"embeddable":true,"href":"https:\/\/www.vagadeempregorj.com.br\/ar\/wp-json\/wp\/v2\/media\/41075"}],"wp:attachment":[{"href":"https:\/\/www.vagadeempregorj.com.br\/ar\/wp-json\/wp\/v2\/media?parent=41055"}],"wp:term":[{"taxonomy":"category","embeddable":true,"href":"https:\/\/www.vagadeempregorj.com.br\/ar\/wp-json\/wp\/v2\/categories?post=41055"},{"taxonomy":"post_tag","embeddable":true,"href":"https:\/\/www.vagadeempregorj.com.br\/ar\/wp-json\/wp\/v2\/tags?post=41055"}],"curies":[{"name":"wp","href":"https:\/\/api.w.org\/{rel}","templated":true}]}}