{"id":41061,"date":"2024-10-26T06:00:00","date_gmt":"2024-10-26T09:00:00","guid":{"rendered":"https:\/\/www.vagadeempregorj.com.br\/?p=41061"},"modified":"2024-10-19T15:46:41","modified_gmt":"2024-10-19T18:46:41","slug":"cimed-mais-de-100-empregos-abertos-pelo-brasil","status":"publish","type":"post","link":"https:\/\/www.vagadeempregorj.com.br\/ar\/cimed-mais-de-100-empregos-abertos-pelo-brasil\/","title":{"rendered":"Cimed: Mais de 100 empregos abertos pelo Brasil"},"content":{"rendered":"<p>A <strong>Cimed<\/strong>, uma das maiores ind\u00fastrias farmac\u00eauticas do pa\u00eds, est\u00e1 com mais de 100 vagas de emprego abertas em diversas regi\u00f5es do Brasil. A empresa, que h\u00e1 mais de 40 anos se destaca pela produ\u00e7\u00e3o de medicamentos e suplementos, busca novos talentos para integrar suas equipes e fortalecer sua atua\u00e7\u00e3o no mercado. A empresa \u00e9 conhecida por oferecer um ambiente de trabalho colaborativo e din\u00e2mico, promovendo o crescimento pessoal e profissional dos colaboradores.<\/p>\n\n\n\n<h2 class=\"wp-block-heading\">Quais s\u00e3o as vagas de emprego abertas pela Cimed?<\/h2>\n\n\n\n<p>A Cimed possui vagas para diferentes \u00e1reas e n\u00edveis de experi\u00eancia, com oportunidades tanto para cargos operacionais quanto para fun\u00e7\u00f5es administrativas e estrat\u00e9gicas. Confira abaixo alguns dos principais cargos abertos e suas atribui\u00e7\u00f5es.<\/p>\n\n\n\n<figure class=\"wp-block-image size-large\"><img loading=\"lazy\" decoding=\"async\" width=\"1024\" height=\"516\" src=\"https:\/\/www.vagadeempregorj.com.br\/wp-content\/uploads\/2024\/10\/image-45-1024x516.png\" alt=\"\" class=\"wp-image-41081\" srcset=\"https:\/\/www.vagadeempregorj.com.br\/wp-content\/uploads\/2024\/10\/image-45-1024x516.png 1024w, https:\/\/www.vagadeempregorj.com.br\/wp-content\/uploads\/2024\/10\/image-45-300x151.png 300w, https:\/\/www.vagadeempregorj.com.br\/wp-content\/uploads\/2024\/10\/image-45-768x387.png 768w, https:\/\/www.vagadeempregorj.com.br\/wp-content\/uploads\/2024\/10\/image-45-150x76.png 150w, https:\/\/www.vagadeempregorj.com.br\/wp-content\/uploads\/2024\/10\/image-45.png 1100w\" sizes=\"auto, (max-width: 1024px) 100vw, 1024px\" \/><\/figure>\n\n\n\n<h3 class=\"wp-block-heading\">1# Operador de produ\u00e7\u00e3o<\/h3>\n\n\n\n<ul class=\"wp-block-list\">\n<li>Atuar na linha de fabrica\u00e7\u00e3o de medicamentos e suplementos<\/li>\n\n\n\n<li>Acompanhar processos de produ\u00e7\u00e3o e realizar ajustes em equipamentos<\/li>\n\n\n\n<li>Seguir normas de seguran\u00e7a e padr\u00f5es de qualidade<\/li>\n<\/ul>\n\n\n\n<h3 class=\"wp-block-heading\">2# Analista de controle de qualidade<\/h3>\n\n\n\n<ul class=\"wp-block-list\">\n<li>Realizar testes e an\u00e1lises nos produtos fabricados<\/li>\n\n\n\n<li>Garantir que os medicamentos atendam \u00e0s exig\u00eancias regulat\u00f3rias<\/li>\n\n\n\n<li>Elaborar relat\u00f3rios t\u00e9cnicos e documenta\u00e7\u00f5es de qualidade<\/li>\n<\/ul>\n\n\n\n<h3 class=\"wp-block-heading\">3# Farmac\u00eautico respons\u00e1vel t\u00e9cnico<\/h3>\n\n\n\n<ul class=\"wp-block-list\">\n<li>Acompanhar a produ\u00e7\u00e3o de medicamentos e garantir a conformidade com a legisla\u00e7\u00e3o<\/li>\n\n\n\n<li>Orientar equipes sobre procedimentos e boas pr\u00e1ticas de fabrica\u00e7\u00e3o<\/li>\n\n\n\n<li>Monitorar auditorias internas e externas<\/li>\n<\/ul>\n\n\n\n<h3 class=\"wp-block-heading\">4# Analista de marketing<\/h3>\n\n\n\n<ul class=\"wp-block-list\">\n<li>Desenvolver campanhas para divulgar produtos e fortalecer a marca<\/li>\n\n\n\n<li>Monitorar a performance de a\u00e7\u00f5es de marketing e ajustar estrat\u00e9gias<\/li>\n\n\n\n<li>Colaborar na cria\u00e7\u00e3o de materiais promocionais<\/li>\n<\/ul>\n\n\n\n<h3 class=\"wp-block-heading\">5# Vendedor externo<\/h3>\n\n\n\n<ul class=\"wp-block-list\">\n<li>Atuar na prospec\u00e7\u00e3o de novos clientes e negocia\u00e7\u00e3o de contratos<\/li>\n\n\n\n<li>Manter relacionamento pr\u00f3ximo com distribuidores e farm\u00e1cias<\/li>\n\n\n\n<li>Acompanhar o mercado e identificar oportunidades de vendas<\/li>\n<\/ul>\n\n\n\n<p>Com oportunidades variadas, a Cimed oferece espa\u00e7o para diferentes perfis profissionais, possibilitando que cada colaborador cres\u00e7a e se desenvolva em sua \u00e1rea de atua\u00e7\u00e3o.<\/p>\n\n\n\n<h2 class=\"wp-block-heading\">Como se candidatar?<\/h2>\n\n\n\n<p>A candidatura para as vagas na Cimed \u00e9 simples e r\u00e1pida, sendo realizada de forma totalmente online atrav\u00e9s da plataforma Gupy. Siga o passo a passo abaixo para se inscrever:<\/p>\n\n\n\n<ul class=\"wp-block-list\">\n<li>Copie e cole o endere\u00e7o abaixo em seu navegador:<br><strong>https:\/\/cimed.gupy.io<\/strong><\/li>\n\n\n\n<li>Acesse a p\u00e1gina e encontre uma vaga adequada ao seu perfil<\/li>\n\n\n\n<li>Leia atentamente as atribui\u00e7\u00f5es e requisitos da vaga escolhida<\/li>\n\n\n\n<li>Cadastre-se na plataforma Gupy e preencha todas as informa\u00e7\u00f5es solicitadas<\/li>\n\n\n\n<li>Envie seu curr\u00edculo atualizado e, se necess\u00e1rio, complete as etapas adicionais do processo seletivo<\/li>\n<\/ul>\n\n\n\n<p>Depois de se inscrever, \u00e9 poss\u00edvel acompanhar o status da sua candidatura diretamente pela plataforma. Assim, voc\u00ea n\u00e3o perde nenhuma atualiza\u00e7\u00e3o do processo.<\/p>\n\n\n\n<h2 class=\"wp-block-heading\">Dicas para se destacar no processo seletivo<\/h2>\n\n\n\n<p>Para aumentar suas chances de ser selecionado na Cimed, \u00e9 importante estar preparado. Abaixo est\u00e3o algumas sugest\u00f5es para se destacar na sele\u00e7\u00e3o:<\/p>\n\n\n\n<ul class=\"wp-block-list\">\n<li><strong>Adapte seu curr\u00edculo para a vaga:<\/strong> Destaque experi\u00eancias e habilidades relevantes para a fun\u00e7\u00e3o escolhida<\/li>\n\n\n\n<li><strong>Candidate-se rapidamente:<\/strong> Algumas vagas podem ser preenchidas em pouco tempo<\/li>\n\n\n\n<li><strong>Conhe\u00e7a a Cimed:<\/strong> Pesquise sobre a hist\u00f3ria e os valores da empresa para demonstrar alinhamento na entrevista<\/li>\n\n\n\n<li><strong>Fique atento ao e-mail:<\/strong> As comunica\u00e7\u00f5es da sele\u00e7\u00e3o ser\u00e3o enviadas por l\u00e1, ent\u00e3o acompanhe sua caixa de entrada<\/li>\n\n\n\n<li><strong>Prepare-se para entrevistas remotas:<\/strong> Com processos cada vez mais digitais, esteja pronto para intera\u00e7\u00f5es online<\/li>\n<\/ul>\n\n\n\n<h2 class=\"wp-block-heading\">Por que trabalhar na Cimed?<\/h2>\n\n\n\n<p>Trabalhar na Cimed \u00e9 mais do que integrar uma ind\u00fastria farmac\u00eautica, \u00e9 fazer parte de uma empresa comprometida com a sa\u00fade e o bem-estar das pessoas. A Cimed investe no desenvolvimento cont\u00ednuo de seus colaboradores, promovendo capacita\u00e7\u00f5es e oportunidades de crescimento interno. Al\u00e9m disso, a empresa adota pr\u00e1ticas de responsabilidade social e incentiva a inova\u00e7\u00e3o em todas as \u00e1reas de atua\u00e7\u00e3o.<\/p>\n\n\n\n<p>Os funcion\u00e1rios da Cimed desfrutam de um ambiente de trabalho acolhedor, com benef\u00edcios atrativos e uma cultura organizacional baseada no respeito e na colabora\u00e7\u00e3o. A empresa valoriza a diversidade e busca talentos que estejam dispostos a crescer junto com ela.<\/p>\n\n\n\n<p>Se voc\u00ea est\u00e1 em busca de uma oportunidade para transformar sua carreira e contribuir para um setor essencial como o farmac\u00eautico, esta \u00e9 sua chance. Inscreva-se nas vagas abertas e fa\u00e7a parte do time Cimed.<\/p>\n\n\n\n<p><strong>Veja tamb\u00e9m: <a href=\"https:\/\/www.vagadeempregorj.com.br\/ar\/mcdonalds-3-mil-vagas-de-emprego-abertas-pelo-pais\/\">McDonald\u2019s: 3 MIL vagas de emprego abertas pelo pa\u00eds<\/a><\/strong><\/p>\n\n\n\n<p>26 de outubro de 2024<\/p>","protected":false},"excerpt":{"rendered":"<p>A Cimed, uma das maiores ind\u00fastrias farmac\u00eauticas do pa\u00eds, est\u00e1 com mais de 100 vagas de emprego abertas em diversas regi\u00f5es do Brasil. A empresa, que h\u00e1 mais de 40 anos se destaca pela produ\u00e7\u00e3o de medicamentos e suplementos, busca novos talentos para integrar suas equipes e fortalecer sua atua\u00e7\u00e3o no mercado. A empresa \u00e9&hellip;&nbsp;<\/p>","protected":false},"author":16,"featured_media":41081,"comment_status":"closed","ping_status":"closed","sticky":false,"template":"","format":"standard","meta":{"neve_meta_sidebar":"","neve_meta_container":"","neve_meta_enable_content_width":"","neve_meta_content_width":0,"neve_meta_title_alignment":"","neve_meta_author_avatar":"","neve_post_elements_order":"","neve_meta_disable_header":"","neve_meta_disable_footer":"","neve_meta_disable_title":"","footnotes":""},"categories":[123],"tags":[],"class_list":["post-41061","post","type-post","status-publish","format-standard","has-post-thumbnail","hentry","category-vagas-de-emprego-nacionais"],"yoast_head":"<!-- This site is optimized with the Yoast SEO plugin v27.5 - https:\/\/yoast.com\/product\/yoast-seo-wordpress\/ -->\n<title>Cimed: Mais de 100 empregos abertos pelo Brasil -<\/title>\n<meta name=\"description\" content=\"Veja em Vagas de Emprego RJ as vagas de emprego com e sem experi\u00eancia no seu Estado e Regi\u00e3o!\" \/>\n<meta name=\"robots\" content=\"index, follow, max-snippet:-1, max-image-preview:large, max-video-preview:-1\" \/>\n<link rel=\"canonical\" href=\"https:\/\/www.vagadeempregorj.com.br\/ar\/cimed-mais-de-100-empregos-abertos-pelo-brasil\/\" \/>\n<meta property=\"og:locale\" content=\"ar_AR\" \/>\n<meta property=\"og:type\" content=\"article\" \/>\n<meta property=\"og:title\" content=\"Cimed: Mais de 100 empregos abertos pelo Brasil -\" \/>\n<meta property=\"og:description\" content=\"Veja em Vagas de Emprego RJ as vagas de emprego com e sem experi\u00eancia no seu Estado e Regi\u00e3o!\" \/>\n<meta property=\"og:url\" content=\"https:\/\/www.vagadeempregorj.com.br\/ar\/cimed-mais-de-100-empregos-abertos-pelo-brasil\/\" \/>\n<meta property=\"article:publisher\" content=\"https:\/\/www.facebook.com\/empregobrasiloficial\" \/>\n<meta property=\"article:published_time\" content=\"2024-10-26T09:00:00+00:00\" \/>\n<meta property=\"og:image\" content=\"https:\/\/www.vagadeempregorj.com.br\/wp-content\/uploads\/2024\/10\/image-45.png\" \/>\n\t<meta property=\"og:image:width\" content=\"1100\" \/>\n\t<meta property=\"og:image:height\" content=\"554\" \/>\n\t<meta property=\"og:image:type\" content=\"image\/png\" \/>\n<meta name=\"author\" content=\"Michele\" \/>\n<meta name=\"twitter:card\" content=\"summary_large_image\" \/>\n<meta name=\"twitter:label1\" content=\"\u0643\u064f\u062a\u0628 \u0628\u0648\u0627\u0633\u0637\u0629\" \/>\n\t<meta name=\"twitter:data1\" content=\"Michele\" \/>\n\t<meta name=\"twitter:label2\" content=\"\u0648\u0642\u062a \u0627\u0644\u0642\u0631\u0627\u0621\u0629 \u0627\u0644\u0645\u064f\u0642\u062f\u0651\u0631\" \/>\n\t<meta name=\"twitter:data2\" content=\"4 \u062f\u0642\u0627\u0626\u0642\" \/>\n<script type=\"application\/ld+json\" class=\"yoast-schema-graph\">{\"@context\":\"https:\\\/\\\/schema.org\",\"@graph\":[{\"@type\":\"Article\",\"@id\":\"https:\\\/\\\/www.vagadeempregorj.com.br\\\/cimed-mais-de-100-empregos-abertos-pelo-brasil\\\/#article\",\"isPartOf\":{\"@id\":\"https:\\\/\\\/www.vagadeempregorj.com.br\\\/cimed-mais-de-100-empregos-abertos-pelo-brasil\\\/\"},\"author\":{\"name\":\"Michele\",\"@id\":\"https:\\\/\\\/www.vagadeempregorj.com.br\\\/#\\\/schema\\\/person\\\/3ddb19fa0539706786e502152f3aae95\"},\"headline\":\"Cimed: Mais de 100 empregos abertos pelo Brasil\",\"datePublished\":\"2024-10-26T09:00:00+00:00\",\"mainEntityOfPage\":{\"@id\":\"https:\\\/\\\/www.vagadeempregorj.com.br\\\/cimed-mais-de-100-empregos-abertos-pelo-brasil\\\/\"},\"wordCount\":730,\"image\":{\"@id\":\"https:\\\/\\\/www.vagadeempregorj.com.br\\\/cimed-mais-de-100-empregos-abertos-pelo-brasil\\\/#primaryimage\"},\"thumbnailUrl\":\"https:\\\/\\\/www.vagadeempregorj.com.br\\\/wp-content\\\/uploads\\\/2024\\\/10\\\/image-45.png\",\"articleSection\":[\"Vagas de Emprego Nacionais\"],\"inLanguage\":\"ar\"},{\"@type\":\"WebPage\",\"@id\":\"https:\\\/\\\/www.vagadeempregorj.com.br\\\/cimed-mais-de-100-empregos-abertos-pelo-brasil\\\/\",\"url\":\"https:\\\/\\\/www.vagadeempregorj.com.br\\\/cimed-mais-de-100-empregos-abertos-pelo-brasil\\\/\",\"name\":\"Cimed: Mais de 100 empregos abertos pelo Brasil -\",\"isPartOf\":{\"@id\":\"https:\\\/\\\/www.vagadeempregorj.com.br\\\/#website\"},\"primaryImageOfPage\":{\"@id\":\"https:\\\/\\\/www.vagadeempregorj.com.br\\\/cimed-mais-de-100-empregos-abertos-pelo-brasil\\\/#primaryimage\"},\"image\":{\"@id\":\"https:\\\/\\\/www.vagadeempregorj.com.br\\\/cimed-mais-de-100-empregos-abertos-pelo-brasil\\\/#primaryimage\"},\"thumbnailUrl\":\"https:\\\/\\\/www.vagadeempregorj.com.br\\\/wp-content\\\/uploads\\\/2024\\\/10\\\/image-45.png\",\"datePublished\":\"2024-10-26T09:00:00+00:00\",\"author\":{\"@id\":\"https:\\\/\\\/www.vagadeempregorj.com.br\\\/#\\\/schema\\\/person\\\/3ddb19fa0539706786e502152f3aae95\"},\"description\":\"Veja em Vagas de Emprego RJ as vagas de emprego com e sem experi\u00eancia no seu Estado e Regi\u00e3o!\",\"breadcrumb\":{\"@id\":\"https:\\\/\\\/www.vagadeempregorj.com.br\\\/cimed-mais-de-100-empregos-abertos-pelo-brasil\\\/#breadcrumb\"},\"inLanguage\":\"ar\",\"potentialAction\":[{\"@type\":\"ReadAction\",\"target\":[\"https:\\\/\\\/www.vagadeempregorj.com.br\\\/cimed-mais-de-100-empregos-abertos-pelo-brasil\\\/\"]}]},{\"@type\":\"ImageObject\",\"inLanguage\":\"ar\",\"@id\":\"https:\\\/\\\/www.vagadeempregorj.com.br\\\/cimed-mais-de-100-empregos-abertos-pelo-brasil\\\/#primaryimage\",\"url\":\"https:\\\/\\\/www.vagadeempregorj.com.br\\\/wp-content\\\/uploads\\\/2024\\\/10\\\/image-45.png\",\"contentUrl\":\"https:\\\/\\\/www.vagadeempregorj.com.br\\\/wp-content\\\/uploads\\\/2024\\\/10\\\/image-45.png\",\"width\":1100,\"height\":554},{\"@type\":\"BreadcrumbList\",\"@id\":\"https:\\\/\\\/www.vagadeempregorj.com.br\\\/cimed-mais-de-100-empregos-abertos-pelo-brasil\\\/#breadcrumb\",\"itemListElement\":[{\"@type\":\"ListItem\",\"position\":1,\"name\":\"In\u00edcio\",\"item\":\"https:\\\/\\\/www.vagadeempregorj.com.br\\\/\"},{\"@type\":\"ListItem\",\"position\":2,\"name\":\"Vagas de Emprego Nacionais\",\"item\":\"https:\\\/\\\/www.vagadeempregorj.com.br\\\/vagas-de-emprego-nacionais\\\/\"},{\"@type\":\"ListItem\",\"position\":3,\"name\":\"Cimed: Mais de 100 empregos abertos pelo Brasil\"}]},{\"@type\":\"WebSite\",\"@id\":\"https:\\\/\\\/www.vagadeempregorj.com.br\\\/#website\",\"url\":\"https:\\\/\\\/www.vagadeempregorj.com.br\\\/\",\"name\":\"\",\"description\":\"Conquiste Sonhos: Vagas, Benef\u00edcios e Economia para Transformar Vidas e Alcan\u00e7ar Melhorias Cotidianas\",\"potentialAction\":[{\"@type\":\"SearchAction\",\"target\":{\"@type\":\"EntryPoint\",\"urlTemplate\":\"https:\\\/\\\/www.vagadeempregorj.com.br\\\/?s={search_term_string}\"},\"query-input\":{\"@type\":\"PropertyValueSpecification\",\"valueRequired\":true,\"valueName\":\"search_term_string\"}}],\"inLanguage\":\"ar\"},{\"@type\":\"Person\",\"@id\":\"https:\\\/\\\/www.vagadeempregorj.com.br\\\/#\\\/schema\\\/person\\\/3ddb19fa0539706786e502152f3aae95\",\"name\":\"Michele\",\"image\":{\"@type\":\"ImageObject\",\"inLanguage\":\"ar\",\"@id\":\"https:\\\/\\\/secure.gravatar.com\\\/avatar\\\/6b0eb9d22841282815e2cd856a0061c45e1761cd54b22e952d98c4746939aa85?s=96&r=g\",\"url\":\"https:\\\/\\\/secure.gravatar.com\\\/avatar\\\/6b0eb9d22841282815e2cd856a0061c45e1761cd54b22e952d98c4746939aa85?s=96&r=g\",\"contentUrl\":\"https:\\\/\\\/secure.gravatar.com\\\/avatar\\\/6b0eb9d22841282815e2cd856a0061c45e1761cd54b22e952d98c4746939aa85?s=96&r=g\",\"caption\":\"Michele\"},\"description\":\"Formada em Letras - Portugu\u00eas\\\/ Ingl\u00eas, e idealizadora do site Escritora de Sucesso, busca expandir o conhecimento de todos com informa\u00e7\u00f5es relevantes sobre diversos assuntos, enquanto redatora. No Vaga de Emprego RJ, traz oportunidades e dicas sobre o mercado de trabalho.\",\"url\":\"https:\\\/\\\/www.vagadeempregorj.com.br\\\/ar\\\/author\\\/michele\\\/\"}]}<\/script>\n<!-- \/ Yoast SEO plugin. -->","yoast_head_json":{"title":"Cimed: Mais de 100 empregos abertos pelo Brasil -","description":"Veja em Vagas de Emprego RJ as vagas de emprego com e sem experi\u00eancia no seu Estado e Regi\u00e3o!","robots":{"index":"index","follow":"follow","max-snippet":"max-snippet:-1","max-image-preview":"max-image-preview:large","max-video-preview":"max-video-preview:-1"},"canonical":"https:\/\/www.vagadeempregorj.com.br\/ar\/cimed-mais-de-100-empregos-abertos-pelo-brasil\/","og_locale":"ar_AR","og_type":"article","og_title":"Cimed: Mais de 100 empregos abertos pelo Brasil -","og_description":"Veja em Vagas de Emprego RJ as vagas de emprego com e sem experi\u00eancia no seu Estado e Regi\u00e3o!","og_url":"https:\/\/www.vagadeempregorj.com.br\/ar\/cimed-mais-de-100-empregos-abertos-pelo-brasil\/","article_publisher":"https:\/\/www.facebook.com\/empregobrasiloficial","article_published_time":"2024-10-26T09:00:00+00:00","og_image":[{"width":1100,"height":554,"url":"https:\/\/www.vagadeempregorj.com.br\/wp-content\/uploads\/2024\/10\/image-45.png","type":"image\/png"}],"author":"Michele","twitter_card":"summary_large_image","twitter_misc":{"\u0643\u064f\u062a\u0628 \u0628\u0648\u0627\u0633\u0637\u0629":"Michele","\u0648\u0642\u062a \u0627\u0644\u0642\u0631\u0627\u0621\u0629 \u0627\u0644\u0645\u064f\u0642\u062f\u0651\u0631":"4 \u062f\u0642\u0627\u0626\u0642"},"schema":{"@context":"https:\/\/schema.org","@graph":[{"@type":"Article","@id":"https:\/\/www.vagadeempregorj.com.br\/cimed-mais-de-100-empregos-abertos-pelo-brasil\/#article","isPartOf":{"@id":"https:\/\/www.vagadeempregorj.com.br\/cimed-mais-de-100-empregos-abertos-pelo-brasil\/"},"author":{"name":"Michele","@id":"https:\/\/www.vagadeempregorj.com.br\/#\/schema\/person\/3ddb19fa0539706786e502152f3aae95"},"headline":"Cimed: Mais de 100 empregos abertos pelo Brasil","datePublished":"2024-10-26T09:00:00+00:00","mainEntityOfPage":{"@id":"https:\/\/www.vagadeempregorj.com.br\/cimed-mais-de-100-empregos-abertos-pelo-brasil\/"},"wordCount":730,"image":{"@id":"https:\/\/www.vagadeempregorj.com.br\/cimed-mais-de-100-empregos-abertos-pelo-brasil\/#primaryimage"},"thumbnailUrl":"https:\/\/www.vagadeempregorj.com.br\/wp-content\/uploads\/2024\/10\/image-45.png","articleSection":["Vagas de Emprego Nacionais"],"inLanguage":"ar"},{"@type":"WebPage","@id":"https:\/\/www.vagadeempregorj.com.br\/cimed-mais-de-100-empregos-abertos-pelo-brasil\/","url":"https:\/\/www.vagadeempregorj.com.br\/cimed-mais-de-100-empregos-abertos-pelo-brasil\/","name":"Cimed: Mais de 100 empregos abertos pelo Brasil -","isPartOf":{"@id":"https:\/\/www.vagadeempregorj.com.br\/#website"},"primaryImageOfPage":{"@id":"https:\/\/www.vagadeempregorj.com.br\/cimed-mais-de-100-empregos-abertos-pelo-brasil\/#primaryimage"},"image":{"@id":"https:\/\/www.vagadeempregorj.com.br\/cimed-mais-de-100-empregos-abertos-pelo-brasil\/#primaryimage"},"thumbnailUrl":"https:\/\/www.vagadeempregorj.com.br\/wp-content\/uploads\/2024\/10\/image-45.png","datePublished":"2024-10-26T09:00:00+00:00","author":{"@id":"https:\/\/www.vagadeempregorj.com.br\/#\/schema\/person\/3ddb19fa0539706786e502152f3aae95"},"description":"Veja em Vagas de Emprego RJ as vagas de emprego com e sem experi\u00eancia no seu Estado e Regi\u00e3o!","breadcrumb":{"@id":"https:\/\/www.vagadeempregorj.com.br\/cimed-mais-de-100-empregos-abertos-pelo-brasil\/#breadcrumb"},"inLanguage":"ar","potentialAction":[{"@type":"ReadAction","target":["https:\/\/www.vagadeempregorj.com.br\/cimed-mais-de-100-empregos-abertos-pelo-brasil\/"]}]},{"@type":"ImageObject","inLanguage":"ar","@id":"https:\/\/www.vagadeempregorj.com.br\/cimed-mais-de-100-empregos-abertos-pelo-brasil\/#primaryimage","url":"https:\/\/www.vagadeempregorj.com.br\/wp-content\/uploads\/2024\/10\/image-45.png","contentUrl":"https:\/\/www.vagadeempregorj.com.br\/wp-content\/uploads\/2024\/10\/image-45.png","width":1100,"height":554},{"@type":"BreadcrumbList","@id":"https:\/\/www.vagadeempregorj.com.br\/cimed-mais-de-100-empregos-abertos-pelo-brasil\/#breadcrumb","itemListElement":[{"@type":"ListItem","position":1,"name":"In\u00edcio","item":"https:\/\/www.vagadeempregorj.com.br\/"},{"@type":"ListItem","position":2,"name":"Vagas de Emprego Nacionais","item":"https:\/\/www.vagadeempregorj.com.br\/vagas-de-emprego-nacionais\/"},{"@type":"ListItem","position":3,"name":"Cimed: Mais de 100 empregos abertos pelo Brasil"}]},{"@type":"WebSite","@id":"https:\/\/www.vagadeempregorj.com.br\/#website","url":"https:\/\/www.vagadeempregorj.com.br\/","name":"","description":"\u062a\u062d\u0642\u064a\u0642 \u0627\u0644\u0623\u062d\u0644\u0627\u0645: \u0641\u0631\u0635 \u0639\u0645\u0644\u060c \u0645\u0632\u0627\u064a\u0627\u060c \u0648\u062a\u0648\u0641\u064a\u0631\u0627\u062a \u0644\u062a\u063a\u064a\u064a\u0631 \u0627\u0644\u062d\u064a\u0627\u0629 \u0648\u062a\u062d\u0642\u064a\u0642 \u062a\u062d\u0633\u064a\u0646\u0627\u062a \u064a\u0648\u0645\u064a\u0629","potentialAction":[{"@type":"SearchAction","target":{"@type":"EntryPoint","urlTemplate":"https:\/\/www.vagadeempregorj.com.br\/?s={search_term_string}"},"query-input":{"@type":"PropertyValueSpecification","valueRequired":true,"valueName":"search_term_string"}}],"inLanguage":"ar"},{"@type":"Person","@id":"https:\/\/www.vagadeempregorj.com.br\/#\/schema\/person\/3ddb19fa0539706786e502152f3aae95","name":"Michele","image":{"@type":"ImageObject","inLanguage":"ar","@id":"https:\/\/secure.gravatar.com\/avatar\/6b0eb9d22841282815e2cd856a0061c45e1761cd54b22e952d98c4746939aa85?s=96&r=g","url":"https:\/\/secure.gravatar.com\/avatar\/6b0eb9d22841282815e2cd856a0061c45e1761cd54b22e952d98c4746939aa85?s=96&r=g","contentUrl":"https:\/\/secure.gravatar.com\/avatar\/6b0eb9d22841282815e2cd856a0061c45e1761cd54b22e952d98c4746939aa85?s=96&r=g","caption":"Michele"},"description":"Formada em Letras - Portugu\u00eas\/ Ingl\u00eas, e idealizadora do site Escritora de Sucesso, busca expandir o conhecimento de todos com informa\u00e7\u00f5es relevantes sobre diversos assuntos, enquanto redatora. No Vaga de Emprego RJ, traz oportunidades e dicas sobre o mercado de trabalho.","url":"https:\/\/www.vagadeempregorj.com.br\/ar\/author\/michele\/"}]}},"_links":{"self":[{"href":"https:\/\/www.vagadeempregorj.com.br\/ar\/wp-json\/wp\/v2\/posts\/41061","targetHints":{"allow":["GET"]}}],"collection":[{"href":"https:\/\/www.vagadeempregorj.com.br\/ar\/wp-json\/wp\/v2\/posts"}],"about":[{"href":"https:\/\/www.vagadeempregorj.com.br\/ar\/wp-json\/wp\/v2\/types\/post"}],"author":[{"embeddable":true,"href":"https:\/\/www.vagadeempregorj.com.br\/ar\/wp-json\/wp\/v2\/users\/16"}],"replies":[{"embeddable":true,"href":"https:\/\/www.vagadeempregorj.com.br\/ar\/wp-json\/wp\/v2\/comments?post=41061"}],"version-history":[{"count":0,"href":"https:\/\/www.vagadeempregorj.com.br\/ar\/wp-json\/wp\/v2\/posts\/41061\/revisions"}],"wp:featuredmedia":[{"embeddable":true,"href":"https:\/\/www.vagadeempregorj.com.br\/ar\/wp-json\/wp\/v2\/media\/41081"}],"wp:attachment":[{"href":"https:\/\/www.vagadeempregorj.com.br\/ar\/wp-json\/wp\/v2\/media?parent=41061"}],"wp:term":[{"taxonomy":"category","embeddable":true,"href":"https:\/\/www.vagadeempregorj.com.br\/ar\/wp-json\/wp\/v2\/categories?post=41061"},{"taxonomy":"post_tag","embeddable":true,"href":"https:\/\/www.vagadeempregorj.com.br\/ar\/wp-json\/wp\/v2\/tags?post=41061"}],"curies":[{"name":"wp","href":"https:\/\/api.w.org\/{rel}","templated":true}]}}