{"id":41311,"date":"2024-11-24T06:00:00","date_gmt":"2024-11-24T09:00:00","guid":{"rendered":"https:\/\/www.vagadeempregorj.com.br\/?p=41311"},"modified":"2024-11-22T01:58:45","modified_gmt":"2024-11-22T04:58:45","slug":"telemont-392-novas-vagas-de-emprego-pelo-pais","status":"publish","type":"post","link":"https:\/\/www.vagadeempregorj.com.br\/ar\/telemont-392-novas-vagas-de-emprego-pelo-pais\/","title":{"rendered":"TELEMONT: 392 novas vagas de emprego pelo pa\u00eds"},"content":{"rendered":"<p>A <strong>TELEMONT<\/strong>, uma das maiores empresas de infraestrutura de telecomunica\u00e7\u00f5es do Brasil, acaba de anunciar 392 novas vagas de emprego em diferentes regi\u00f5es do pa\u00eds. A novidade abre oportunidades para profissionais de v\u00e1rios perfis e \u00e1reas de atua\u00e7\u00e3o, ampliando as chances para quem busca entrar ou se recolocar no mercado de trabalho.<\/p>\n\n\n\n<figure class=\"wp-block-image size-full\"><img loading=\"lazy\" decoding=\"async\" width=\"1000\" height=\"533\" src=\"https:\/\/www.vagadeempregorj.com.br\/wp-content\/uploads\/2024\/11\/image-23.png\" alt=\"\" class=\"wp-image-41330\" srcset=\"https:\/\/www.vagadeempregorj.com.br\/wp-content\/uploads\/2024\/11\/image-23.png 1000w, https:\/\/www.vagadeempregorj.com.br\/wp-content\/uploads\/2024\/11\/image-23-300x160.png 300w, https:\/\/www.vagadeempregorj.com.br\/wp-content\/uploads\/2024\/11\/image-23-768x409.png 768w, https:\/\/www.vagadeempregorj.com.br\/wp-content\/uploads\/2024\/11\/image-23-150x80.png 150w\" sizes=\"auto, (max-width: 1000px) 100vw, 1000px\" \/><\/figure>\n\n\n\n<p>Reconhecida por sua forte presen\u00e7a no setor e pelo compromisso com o desenvolvimento de infraestrutura essencial para as comunica\u00e7\u00f5es no Brasil, a TELEMONT oferece n\u00e3o s\u00f3 um emprego, mas a oportunidade de construir uma carreira significativa. Essas novas contrata\u00e7\u00f5es fazem parte da expans\u00e3o das atividades da empresa, que visa atender ao crescimento da demanda em diferentes estados, refor\u00e7ando a cobertura de servi\u00e7os e garantindo uma rede mais eficiente.<\/p>\n\n\n\n<h2 class=\"wp-block-heading\">Quais s\u00e3o as oportunidades de carreira na TELEMONT?<\/h2>\n\n\n\n<p>Com a abertura de 392 novas vagas, a TELEMONT est\u00e1 em busca de profissionais comprometidos e dispostos a contribuir com projetos de telecomunica\u00e7\u00f5es em diferentes estados. As oportunidades s\u00e3o para diversas fun\u00e7\u00f5es, abrangendo cargos em n\u00edveis operacionais, t\u00e9cnicos e de gest\u00e3o. Veja algumas das principais vagas dispon\u00edveis:<\/p>\n\n\n\n<h3 class=\"wp-block-heading\">1. <strong>T\u00e9cnico em Telecomunica\u00e7\u00f5es<\/strong><\/h3>\n\n\n\n<p>Profissionais nesta fun\u00e7\u00e3o ser\u00e3o respons\u00e1veis pela instala\u00e7\u00e3o e manuten\u00e7\u00e3o de sistemas de telecomunica\u00e7\u00f5es. A vaga exige experi\u00eancia em infraestrutura de redes, conhecimentos em sistemas de fibra \u00f3ptica e compet\u00eancia em solu\u00e7\u00f5es de problemas t\u00e9cnicos. \u00c9 uma excelente oportunidade para quem j\u00e1 possui forma\u00e7\u00e3o t\u00e9cnica e busca um desafio no setor.<\/p>\n\n\n\n<h3 class=\"wp-block-heading\">2. <strong>Auxiliar de Obras<\/strong><\/h3>\n\n\n\n<p>O auxiliar de obras atua no suporte a instala\u00e7\u00f5es de infraestrutura, sendo uma fun\u00e7\u00e3o essencial para a prepara\u00e7\u00e3o e manuten\u00e7\u00e3o de postes e estruturas f\u00edsicas necess\u00e1rias para a passagem de cabeamento. Esse cargo \u00e9 ideal para quem deseja ingressar em um ambiente din\u00e2mico, com perspectiva de crescimento profissional.<\/p>\n\n\n\n<h3 class=\"wp-block-heading\">3. <strong>Engenheiro de Redes<\/strong><\/h3>\n\n\n\n<p>A TELEMONT tamb\u00e9m est\u00e1 contratando engenheiros de redes para liderar projetos de amplia\u00e7\u00e3o e manuten\u00e7\u00e3o de redes de telecomunica\u00e7\u00f5es. A posi\u00e7\u00e3o requer forma\u00e7\u00e3o superior em Engenharia e experi\u00eancia com planejamento e execu\u00e7\u00e3o de projetos de infraestrutura, incluindo redes de fibra \u00f3ptica e solu\u00e7\u00f5es de comunica\u00e7\u00e3o digital.<\/p>\n\n\n\n<h3 class=\"wp-block-heading\">4. <strong>Supervisor de Campo<\/strong><\/h3>\n\n\n\n<p>Os supervisores de campo desempenham um papel crucial na coordena\u00e7\u00e3o de equipes operacionais, garantindo que os projetos sejam executados conforme os padr\u00f5es de qualidade da TELEMONT. As responsabilidades incluem o gerenciamento de pessoal, a distribui\u00e7\u00e3o de tarefas e o acompanhamento da execu\u00e7\u00e3o de atividades em campo. \u00c9 necess\u00e1rio ter habilidade em gest\u00e3o de equipes e comunica\u00e7\u00e3o efetiva.<\/p>\n\n\n\n<h3 class=\"wp-block-heading\">5. <strong>Analista Administrativo<\/strong><\/h3>\n\n\n\n<p>Para o setor administrativo, a TELEMONT oferece vagas para analistas que ser\u00e3o respons\u00e1veis por atividades como gest\u00e3o de documentos, apoio ao RH e controle financeiro. Essas fun\u00e7\u00f5es s\u00e3o essenciais para garantir o suporte interno e a organiza\u00e7\u00e3o dos processos da empresa.<\/p>\n\n\n\n<h3 class=\"wp-block-heading\">6. <strong>T\u00e9cnico de Suporte<\/strong><\/h3>\n\n\n\n<p>O t\u00e9cnico de suporte ir\u00e1 atuar no atendimento ao cliente, identificando e resolvendo problemas relacionados aos servi\u00e7os de telecomunica\u00e7\u00e3o fornecidos pela empresa. Esta \u00e9 uma oportunidade para quem tem habilidades em atendimento ao cliente e conhecimentos t\u00e9cnicos b\u00e1sicos em redes.<\/p>\n\n\n\n<p>Essas s\u00e3o apenas algumas das diversas oportunidades que a TELEMONT est\u00e1 oferecendo. A empresa tem vagas em diferentes regi\u00f5es do pa\u00eds e para diversas \u00e1reas de atua\u00e7\u00e3o, proporcionando chances tanto para quem j\u00e1 tem experi\u00eancia no setor quanto para quem deseja se desenvolver na \u00e1rea de telecomunica\u00e7\u00f5es.<\/p>\n\n\n\n<h2 class=\"wp-block-heading\">Como se candidatar?<\/h2>\n\n\n\n<p>Se voc\u00ea se interessou por alguma das vagas dispon\u00edveis, o processo de candidatura \u00e9 simples e feito totalmente online. A TELEMONT utiliza a plataforma Gupy, conhecida por sua facilidade de uso e seguran\u00e7a, para realizar as sele\u00e7\u00f5es.<\/p>\n\n\n\n<p>Confira o passo a passo para se candidatar:<\/p>\n\n\n\n<ul class=\"wp-block-list\">\n<li>Copie e cole o endere\u00e7o <strong>https:\/\/telemont.gupy.io<\/strong> em seu navegador;<\/li>\n\n\n\n<li>Acesse a p\u00e1gina e encontre a vaga de seu interesse;<\/li>\n\n\n\n<li>Clique na vaga para ler a descri\u00e7\u00e3o detalhada, os requisitos e os benef\u00edcios oferecidos;<\/li>\n\n\n\n<li>Caso se identifique com o perfil da vaga, clique em \u201cCandidatar-se para a vaga\u201d;<\/li>\n\n\n\n<li>Preencha o formul\u00e1rio com as informa\u00e7\u00f5es solicitadas e anexe seu curr\u00edculo.<\/li>\n<\/ul>\n\n\n\n<p>A plataforma permite que voc\u00ea acompanhe o status da sua candidatura, facilitando a comunica\u00e7\u00e3o com a empresa. \u00c9 importante lembrar que, ao se candidatar, \u00e9 necess\u00e1rio ter em m\u00e3os um curr\u00edculo atualizado e prestar aten\u00e7\u00e3o aos requisitos exigidos para cada cargo, garantindo que seu perfil esteja alinhado com o que a empresa procura.<\/p>\n\n\n\n<p>Al\u00e9m disso, mantenha-se atento aos prazos de inscri\u00e7\u00e3o e ao andamento do processo seletivo. A TELEMONT \u00e9 uma empresa que valoriza a dedica\u00e7\u00e3o e a capacidade de trabalho em equipe, por isso, durante a sele\u00e7\u00e3o, \u00e9 importante demonstrar essas qualidades.<\/p>\n\n\n\n<h2 class=\"wp-block-heading\">Oportunidade de fazer parte de um setor essencial<\/h2>\n\n\n\n<p>Trabalhar na TELEMONT significa fazer parte de um dos setores mais importantes da atualidade \u2013 a infraestrutura de telecomunica\u00e7\u00f5es. Com um mercado em constante crescimento, principalmente devido \u00e0 expans\u00e3o da conectividade e \u00e0 evolu\u00e7\u00e3o tecnol\u00f3gica, as oportunidades de desenvolvimento profissional s\u00e3o significativas.<\/p>\n\n\n\n<p>A empresa oferece um ambiente de trabalho din\u00e2mico, onde o aprendizado \u00e9 constante e o crescimento \u00e9 incentivado. Al\u00e9m disso, os colaboradores t\u00eam acesso a treinamentos e programas de desenvolvimento profissional, garantindo n\u00e3o apenas a evolu\u00e7\u00e3o na carreira, mas tamb\u00e9m a qualidade na presta\u00e7\u00e3o dos servi\u00e7os.<\/p>\n\n\n\n<p><strong>Veja tamb\u00e9m: <a href=\"https:\/\/www.vagadeempregorj.com.br\/ar\/piracanjuba-tem-59-vagas-de-emprego-abertas-em-todo-o-pais\/\">Piracanjuba tem 59 vagas de emprego abertas em todo o pa\u00eds<\/a><\/strong><\/p>\n\n\n\n<p>24 de novembro de 2024<\/p>","protected":false},"excerpt":{"rendered":"<p>A TELEMONT, uma das maiores empresas de infraestrutura de telecomunica\u00e7\u00f5es do Brasil, acaba de anunciar 392 novas vagas de emprego em diferentes regi\u00f5es do pa\u00eds. A novidade abre oportunidades para profissionais de v\u00e1rios perfis e \u00e1reas de atua\u00e7\u00e3o, ampliando as chances para quem busca entrar ou se recolocar no mercado de trabalho. Reconhecida por sua&hellip;&nbsp;<\/p>","protected":false},"author":16,"featured_media":41330,"comment_status":"closed","ping_status":"closed","sticky":false,"template":"","format":"standard","meta":{"neve_meta_sidebar":"","neve_meta_container":"","neve_meta_enable_content_width":"","neve_meta_content_width":0,"neve_meta_title_alignment":"","neve_meta_author_avatar":"","neve_post_elements_order":"","neve_meta_disable_header":"","neve_meta_disable_footer":"","neve_meta_disable_title":"","footnotes":""},"categories":[123],"tags":[],"class_list":["post-41311","post","type-post","status-publish","format-standard","has-post-thumbnail","hentry","category-vagas-de-emprego-nacionais"],"yoast_head":"<!-- This site is optimized with the Yoast SEO plugin v27.5 - https:\/\/yoast.com\/product\/yoast-seo-wordpress\/ -->\n<title>TELEMONT: 392 novas vagas de emprego pelo pa\u00eds -<\/title>\n<meta name=\"description\" content=\"Veja em Vagas de Emprego RJ as vagas de emprego com e sem experi\u00eancia no seu Estado e Regi\u00e3o!\" \/>\n<meta name=\"robots\" content=\"index, follow, max-snippet:-1, max-image-preview:large, max-video-preview:-1\" \/>\n<link rel=\"canonical\" href=\"https:\/\/www.vagadeempregorj.com.br\/ar\/telemont-392-novas-vagas-de-emprego-pelo-pais\/\" \/>\n<meta property=\"og:locale\" content=\"ar_AR\" \/>\n<meta property=\"og:type\" content=\"article\" \/>\n<meta property=\"og:title\" content=\"TELEMONT: 392 novas vagas de emprego pelo pa\u00eds -\" \/>\n<meta property=\"og:description\" content=\"Veja em Vagas de Emprego RJ as vagas de emprego com e sem experi\u00eancia no seu Estado e Regi\u00e3o!\" \/>\n<meta property=\"og:url\" content=\"https:\/\/www.vagadeempregorj.com.br\/ar\/telemont-392-novas-vagas-de-emprego-pelo-pais\/\" \/>\n<meta property=\"article:publisher\" content=\"https:\/\/www.facebook.com\/empregobrasiloficial\" \/>\n<meta property=\"article:published_time\" content=\"2024-11-24T09:00:00+00:00\" \/>\n<meta property=\"og:image\" content=\"https:\/\/www.vagadeempregorj.com.br\/wp-content\/uploads\/2024\/11\/image-23.png\" \/>\n\t<meta property=\"og:image:width\" content=\"1000\" \/>\n\t<meta property=\"og:image:height\" content=\"533\" \/>\n\t<meta property=\"og:image:type\" content=\"image\/png\" \/>\n<meta name=\"author\" content=\"Michele\" \/>\n<meta name=\"twitter:card\" content=\"summary_large_image\" \/>\n<meta name=\"twitter:label1\" content=\"\u0643\u064f\u062a\u0628 \u0628\u0648\u0627\u0633\u0637\u0629\" \/>\n\t<meta name=\"twitter:data1\" content=\"Michele\" \/>\n\t<meta name=\"twitter:label2\" content=\"\u0648\u0642\u062a \u0627\u0644\u0642\u0631\u0627\u0621\u0629 \u0627\u0644\u0645\u064f\u0642\u062f\u0651\u0631\" \/>\n\t<meta name=\"twitter:data2\" content=\"5 \u062f\u0642\u0627\u0626\u0642\" \/>\n<script type=\"application\/ld+json\" class=\"yoast-schema-graph\">{\"@context\":\"https:\\\/\\\/schema.org\",\"@graph\":[{\"@type\":\"Article\",\"@id\":\"https:\\\/\\\/www.vagadeempregorj.com.br\\\/telemont-392-novas-vagas-de-emprego-pelo-pais\\\/#article\",\"isPartOf\":{\"@id\":\"https:\\\/\\\/www.vagadeempregorj.com.br\\\/telemont-392-novas-vagas-de-emprego-pelo-pais\\\/\"},\"author\":{\"name\":\"Michele\",\"@id\":\"https:\\\/\\\/www.vagadeempregorj.com.br\\\/#\\\/schema\\\/person\\\/3ddb19fa0539706786e502152f3aae95\"},\"headline\":\"TELEMONT: 392 novas vagas de emprego pelo pa\u00eds\",\"datePublished\":\"2024-11-24T09:00:00+00:00\",\"mainEntityOfPage\":{\"@id\":\"https:\\\/\\\/www.vagadeempregorj.com.br\\\/telemont-392-novas-vagas-de-emprego-pelo-pais\\\/\"},\"wordCount\":936,\"image\":{\"@id\":\"https:\\\/\\\/www.vagadeempregorj.com.br\\\/telemont-392-novas-vagas-de-emprego-pelo-pais\\\/#primaryimage\"},\"thumbnailUrl\":\"https:\\\/\\\/www.vagadeempregorj.com.br\\\/wp-content\\\/uploads\\\/2024\\\/11\\\/image-23.png\",\"articleSection\":[\"Vagas de Emprego Nacionais\"],\"inLanguage\":\"ar\"},{\"@type\":\"WebPage\",\"@id\":\"https:\\\/\\\/www.vagadeempregorj.com.br\\\/telemont-392-novas-vagas-de-emprego-pelo-pais\\\/\",\"url\":\"https:\\\/\\\/www.vagadeempregorj.com.br\\\/telemont-392-novas-vagas-de-emprego-pelo-pais\\\/\",\"name\":\"TELEMONT: 392 novas vagas de emprego pelo pa\u00eds -\",\"isPartOf\":{\"@id\":\"https:\\\/\\\/www.vagadeempregorj.com.br\\\/#website\"},\"primaryImageOfPage\":{\"@id\":\"https:\\\/\\\/www.vagadeempregorj.com.br\\\/telemont-392-novas-vagas-de-emprego-pelo-pais\\\/#primaryimage\"},\"image\":{\"@id\":\"https:\\\/\\\/www.vagadeempregorj.com.br\\\/telemont-392-novas-vagas-de-emprego-pelo-pais\\\/#primaryimage\"},\"thumbnailUrl\":\"https:\\\/\\\/www.vagadeempregorj.com.br\\\/wp-content\\\/uploads\\\/2024\\\/11\\\/image-23.png\",\"datePublished\":\"2024-11-24T09:00:00+00:00\",\"author\":{\"@id\":\"https:\\\/\\\/www.vagadeempregorj.com.br\\\/#\\\/schema\\\/person\\\/3ddb19fa0539706786e502152f3aae95\"},\"description\":\"Veja em Vagas de Emprego RJ as vagas de emprego com e sem experi\u00eancia no seu Estado e Regi\u00e3o!\",\"breadcrumb\":{\"@id\":\"https:\\\/\\\/www.vagadeempregorj.com.br\\\/telemont-392-novas-vagas-de-emprego-pelo-pais\\\/#breadcrumb\"},\"inLanguage\":\"ar\",\"potentialAction\":[{\"@type\":\"ReadAction\",\"target\":[\"https:\\\/\\\/www.vagadeempregorj.com.br\\\/telemont-392-novas-vagas-de-emprego-pelo-pais\\\/\"]}]},{\"@type\":\"ImageObject\",\"inLanguage\":\"ar\",\"@id\":\"https:\\\/\\\/www.vagadeempregorj.com.br\\\/telemont-392-novas-vagas-de-emprego-pelo-pais\\\/#primaryimage\",\"url\":\"https:\\\/\\\/www.vagadeempregorj.com.br\\\/wp-content\\\/uploads\\\/2024\\\/11\\\/image-23.png\",\"contentUrl\":\"https:\\\/\\\/www.vagadeempregorj.com.br\\\/wp-content\\\/uploads\\\/2024\\\/11\\\/image-23.png\",\"width\":1000,\"height\":533},{\"@type\":\"BreadcrumbList\",\"@id\":\"https:\\\/\\\/www.vagadeempregorj.com.br\\\/telemont-392-novas-vagas-de-emprego-pelo-pais\\\/#breadcrumb\",\"itemListElement\":[{\"@type\":\"ListItem\",\"position\":1,\"name\":\"In\u00edcio\",\"item\":\"https:\\\/\\\/www.vagadeempregorj.com.br\\\/\"},{\"@type\":\"ListItem\",\"position\":2,\"name\":\"Vagas de Emprego Nacionais\",\"item\":\"https:\\\/\\\/www.vagadeempregorj.com.br\\\/vagas-de-emprego-nacionais\\\/\"},{\"@type\":\"ListItem\",\"position\":3,\"name\":\"TELEMONT: 392 novas vagas de emprego pelo pa\u00eds\"}]},{\"@type\":\"WebSite\",\"@id\":\"https:\\\/\\\/www.vagadeempregorj.com.br\\\/#website\",\"url\":\"https:\\\/\\\/www.vagadeempregorj.com.br\\\/\",\"name\":\"\",\"description\":\"Conquiste Sonhos: Vagas, Benef\u00edcios e Economia para Transformar Vidas e Alcan\u00e7ar Melhorias Cotidianas\",\"potentialAction\":[{\"@type\":\"SearchAction\",\"target\":{\"@type\":\"EntryPoint\",\"urlTemplate\":\"https:\\\/\\\/www.vagadeempregorj.com.br\\\/?s={search_term_string}\"},\"query-input\":{\"@type\":\"PropertyValueSpecification\",\"valueRequired\":true,\"valueName\":\"search_term_string\"}}],\"inLanguage\":\"ar\"},{\"@type\":\"Person\",\"@id\":\"https:\\\/\\\/www.vagadeempregorj.com.br\\\/#\\\/schema\\\/person\\\/3ddb19fa0539706786e502152f3aae95\",\"name\":\"Michele\",\"image\":{\"@type\":\"ImageObject\",\"inLanguage\":\"ar\",\"@id\":\"https:\\\/\\\/secure.gravatar.com\\\/avatar\\\/6b0eb9d22841282815e2cd856a0061c45e1761cd54b22e952d98c4746939aa85?s=96&r=g\",\"url\":\"https:\\\/\\\/secure.gravatar.com\\\/avatar\\\/6b0eb9d22841282815e2cd856a0061c45e1761cd54b22e952d98c4746939aa85?s=96&r=g\",\"contentUrl\":\"https:\\\/\\\/secure.gravatar.com\\\/avatar\\\/6b0eb9d22841282815e2cd856a0061c45e1761cd54b22e952d98c4746939aa85?s=96&r=g\",\"caption\":\"Michele\"},\"description\":\"Formada em Letras - Portugu\u00eas\\\/ Ingl\u00eas, e idealizadora do site Escritora de Sucesso, busca expandir o conhecimento de todos com informa\u00e7\u00f5es relevantes sobre diversos assuntos, enquanto redatora. No Vaga de Emprego RJ, traz oportunidades e dicas sobre o mercado de trabalho.\",\"url\":\"https:\\\/\\\/www.vagadeempregorj.com.br\\\/ar\\\/author\\\/michele\\\/\"}]}<\/script>\n<!-- \/ Yoast SEO plugin. -->","yoast_head_json":{"title":"TELEMONT: 392 novas vagas de emprego pelo pa\u00eds -","description":"Veja em Vagas de Emprego RJ as vagas de emprego com e sem experi\u00eancia no seu Estado e Regi\u00e3o!","robots":{"index":"index","follow":"follow","max-snippet":"max-snippet:-1","max-image-preview":"max-image-preview:large","max-video-preview":"max-video-preview:-1"},"canonical":"https:\/\/www.vagadeempregorj.com.br\/ar\/telemont-392-novas-vagas-de-emprego-pelo-pais\/","og_locale":"ar_AR","og_type":"article","og_title":"TELEMONT: 392 novas vagas de emprego pelo pa\u00eds -","og_description":"Veja em Vagas de Emprego RJ as vagas de emprego com e sem experi\u00eancia no seu Estado e Regi\u00e3o!","og_url":"https:\/\/www.vagadeempregorj.com.br\/ar\/telemont-392-novas-vagas-de-emprego-pelo-pais\/","article_publisher":"https:\/\/www.facebook.com\/empregobrasiloficial","article_published_time":"2024-11-24T09:00:00+00:00","og_image":[{"width":1000,"height":533,"url":"https:\/\/www.vagadeempregorj.com.br\/wp-content\/uploads\/2024\/11\/image-23.png","type":"image\/png"}],"author":"Michele","twitter_card":"summary_large_image","twitter_misc":{"\u0643\u064f\u062a\u0628 \u0628\u0648\u0627\u0633\u0637\u0629":"Michele","\u0648\u0642\u062a \u0627\u0644\u0642\u0631\u0627\u0621\u0629 \u0627\u0644\u0645\u064f\u0642\u062f\u0651\u0631":"5 \u062f\u0642\u0627\u0626\u0642"},"schema":{"@context":"https:\/\/schema.org","@graph":[{"@type":"Article","@id":"https:\/\/www.vagadeempregorj.com.br\/telemont-392-novas-vagas-de-emprego-pelo-pais\/#article","isPartOf":{"@id":"https:\/\/www.vagadeempregorj.com.br\/telemont-392-novas-vagas-de-emprego-pelo-pais\/"},"author":{"name":"Michele","@id":"https:\/\/www.vagadeempregorj.com.br\/#\/schema\/person\/3ddb19fa0539706786e502152f3aae95"},"headline":"TELEMONT: 392 novas vagas de emprego pelo pa\u00eds","datePublished":"2024-11-24T09:00:00+00:00","mainEntityOfPage":{"@id":"https:\/\/www.vagadeempregorj.com.br\/telemont-392-novas-vagas-de-emprego-pelo-pais\/"},"wordCount":936,"image":{"@id":"https:\/\/www.vagadeempregorj.com.br\/telemont-392-novas-vagas-de-emprego-pelo-pais\/#primaryimage"},"thumbnailUrl":"https:\/\/www.vagadeempregorj.com.br\/wp-content\/uploads\/2024\/11\/image-23.png","articleSection":["Vagas de Emprego Nacionais"],"inLanguage":"ar"},{"@type":"WebPage","@id":"https:\/\/www.vagadeempregorj.com.br\/telemont-392-novas-vagas-de-emprego-pelo-pais\/","url":"https:\/\/www.vagadeempregorj.com.br\/telemont-392-novas-vagas-de-emprego-pelo-pais\/","name":"TELEMONT: 392 novas vagas de emprego pelo pa\u00eds -","isPartOf":{"@id":"https:\/\/www.vagadeempregorj.com.br\/#website"},"primaryImageOfPage":{"@id":"https:\/\/www.vagadeempregorj.com.br\/telemont-392-novas-vagas-de-emprego-pelo-pais\/#primaryimage"},"image":{"@id":"https:\/\/www.vagadeempregorj.com.br\/telemont-392-novas-vagas-de-emprego-pelo-pais\/#primaryimage"},"thumbnailUrl":"https:\/\/www.vagadeempregorj.com.br\/wp-content\/uploads\/2024\/11\/image-23.png","datePublished":"2024-11-24T09:00:00+00:00","author":{"@id":"https:\/\/www.vagadeempregorj.com.br\/#\/schema\/person\/3ddb19fa0539706786e502152f3aae95"},"description":"Veja em Vagas de Emprego RJ as vagas de emprego com e sem experi\u00eancia no seu Estado e Regi\u00e3o!","breadcrumb":{"@id":"https:\/\/www.vagadeempregorj.com.br\/telemont-392-novas-vagas-de-emprego-pelo-pais\/#breadcrumb"},"inLanguage":"ar","potentialAction":[{"@type":"ReadAction","target":["https:\/\/www.vagadeempregorj.com.br\/telemont-392-novas-vagas-de-emprego-pelo-pais\/"]}]},{"@type":"ImageObject","inLanguage":"ar","@id":"https:\/\/www.vagadeempregorj.com.br\/telemont-392-novas-vagas-de-emprego-pelo-pais\/#primaryimage","url":"https:\/\/www.vagadeempregorj.com.br\/wp-content\/uploads\/2024\/11\/image-23.png","contentUrl":"https:\/\/www.vagadeempregorj.com.br\/wp-content\/uploads\/2024\/11\/image-23.png","width":1000,"height":533},{"@type":"BreadcrumbList","@id":"https:\/\/www.vagadeempregorj.com.br\/telemont-392-novas-vagas-de-emprego-pelo-pais\/#breadcrumb","itemListElement":[{"@type":"ListItem","position":1,"name":"In\u00edcio","item":"https:\/\/www.vagadeempregorj.com.br\/"},{"@type":"ListItem","position":2,"name":"Vagas de Emprego Nacionais","item":"https:\/\/www.vagadeempregorj.com.br\/vagas-de-emprego-nacionais\/"},{"@type":"ListItem","position":3,"name":"TELEMONT: 392 novas vagas de emprego pelo pa\u00eds"}]},{"@type":"WebSite","@id":"https:\/\/www.vagadeempregorj.com.br\/#website","url":"https:\/\/www.vagadeempregorj.com.br\/","name":"","description":"\u062a\u062d\u0642\u064a\u0642 \u0627\u0644\u0623\u062d\u0644\u0627\u0645: \u0641\u0631\u0635 \u0639\u0645\u0644\u060c \u0645\u0632\u0627\u064a\u0627\u060c \u0648\u062a\u0648\u0641\u064a\u0631\u0627\u062a \u0644\u062a\u063a\u064a\u064a\u0631 \u0627\u0644\u062d\u064a\u0627\u0629 \u0648\u062a\u062d\u0642\u064a\u0642 \u062a\u062d\u0633\u064a\u0646\u0627\u062a \u064a\u0648\u0645\u064a\u0629","potentialAction":[{"@type":"SearchAction","target":{"@type":"EntryPoint","urlTemplate":"https:\/\/www.vagadeempregorj.com.br\/?s={search_term_string}"},"query-input":{"@type":"PropertyValueSpecification","valueRequired":true,"valueName":"search_term_string"}}],"inLanguage":"ar"},{"@type":"Person","@id":"https:\/\/www.vagadeempregorj.com.br\/#\/schema\/person\/3ddb19fa0539706786e502152f3aae95","name":"Michele","image":{"@type":"ImageObject","inLanguage":"ar","@id":"https:\/\/secure.gravatar.com\/avatar\/6b0eb9d22841282815e2cd856a0061c45e1761cd54b22e952d98c4746939aa85?s=96&r=g","url":"https:\/\/secure.gravatar.com\/avatar\/6b0eb9d22841282815e2cd856a0061c45e1761cd54b22e952d98c4746939aa85?s=96&r=g","contentUrl":"https:\/\/secure.gravatar.com\/avatar\/6b0eb9d22841282815e2cd856a0061c45e1761cd54b22e952d98c4746939aa85?s=96&r=g","caption":"Michele"},"description":"Formada em Letras - Portugu\u00eas\/ Ingl\u00eas, e idealizadora do site Escritora de Sucesso, busca expandir o conhecimento de todos com informa\u00e7\u00f5es relevantes sobre diversos assuntos, enquanto redatora. No Vaga de Emprego RJ, traz oportunidades e dicas sobre o mercado de trabalho.","url":"https:\/\/www.vagadeempregorj.com.br\/ar\/author\/michele\/"}]}},"_links":{"self":[{"href":"https:\/\/www.vagadeempregorj.com.br\/ar\/wp-json\/wp\/v2\/posts\/41311","targetHints":{"allow":["GET"]}}],"collection":[{"href":"https:\/\/www.vagadeempregorj.com.br\/ar\/wp-json\/wp\/v2\/posts"}],"about":[{"href":"https:\/\/www.vagadeempregorj.com.br\/ar\/wp-json\/wp\/v2\/types\/post"}],"author":[{"embeddable":true,"href":"https:\/\/www.vagadeempregorj.com.br\/ar\/wp-json\/wp\/v2\/users\/16"}],"replies":[{"embeddable":true,"href":"https:\/\/www.vagadeempregorj.com.br\/ar\/wp-json\/wp\/v2\/comments?post=41311"}],"version-history":[{"count":0,"href":"https:\/\/www.vagadeempregorj.com.br\/ar\/wp-json\/wp\/v2\/posts\/41311\/revisions"}],"wp:featuredmedia":[{"embeddable":true,"href":"https:\/\/www.vagadeempregorj.com.br\/ar\/wp-json\/wp\/v2\/media\/41330"}],"wp:attachment":[{"href":"https:\/\/www.vagadeempregorj.com.br\/ar\/wp-json\/wp\/v2\/media?parent=41311"}],"wp:term":[{"taxonomy":"category","embeddable":true,"href":"https:\/\/www.vagadeempregorj.com.br\/ar\/wp-json\/wp\/v2\/categories?post=41311"},{"taxonomy":"post_tag","embeddable":true,"href":"https:\/\/www.vagadeempregorj.com.br\/ar\/wp-json\/wp\/v2\/tags?post=41311"}],"curies":[{"name":"wp","href":"https:\/\/api.w.org\/{rel}","templated":true}]}}