{"id":41602,"date":"2024-12-12T17:11:10","date_gmt":"2024-12-12T20:11:10","guid":{"rendered":"https:\/\/www.vagadeempregorj.com.br\/?p=41602"},"modified":"2024-12-12T17:11:12","modified_gmt":"2024-12-12T20:11:12","slug":"cresol-213-novas-vagas-de-emprego-pelo-pais","status":"publish","type":"post","link":"https:\/\/www.vagadeempregorj.com.br\/ar\/cresol-213-novas-vagas-de-emprego-pelo-pais\/","title":{"rendered":"Cresol: 213 novas vagas de emprego pelo pa\u00eds"},"content":{"rendered":"<p>A <strong>Cresol<\/strong>, uma das maiores cooperativas de cr\u00e9dito do Brasil, acaba de anunciar 213 novas vagas de emprego distribu\u00eddas por diversas regi\u00f5es do pa\u00eds. Essa \u00e9 uma excelente oportunidade para quem busca se inserir no mercado de trabalho ou dar um passo adiante na carreira profissional.<\/p>\n\n\n\n<figure class=\"wp-block-image size-full\"><img loading=\"lazy\" decoding=\"async\" width=\"800\" height=\"267\" src=\"https:\/\/www.vagadeempregorj.com.br\/wp-content\/uploads\/2024\/12\/image-5.png\" alt=\"\" class=\"wp-image-41604\" srcset=\"https:\/\/www.vagadeempregorj.com.br\/wp-content\/uploads\/2024\/12\/image-5.png 800w, https:\/\/www.vagadeempregorj.com.br\/wp-content\/uploads\/2024\/12\/image-5-300x100.png 300w, https:\/\/www.vagadeempregorj.com.br\/wp-content\/uploads\/2024\/12\/image-5-768x256.png 768w, https:\/\/www.vagadeempregorj.com.br\/wp-content\/uploads\/2024\/12\/image-5-150x50.png 150w\" sizes=\"auto, (max-width: 800px) 100vw, 800px\" \/><\/figure>\n\n\n\n<p>Se voc\u00ea est\u00e1 em busca de um emprego que combine estabilidade, aprendizado e prop\u00f3sito, este \u00e9 o momento certo para se candidatar. As vagas contemplam diferentes \u00e1reas e n\u00edveis de experi\u00eancia, garantindo uma diversidade de op\u00e7\u00f5es para profissionais com perfis variados. Continue lendo para conhecer as oportunidades e saber como garantir sua vaga.<\/p>\n\n\n\n<h2 class=\"wp-block-heading\">Quais s\u00e3o as oportunidades de carreira na Cresol?<\/h2>\n\n\n\n<p>A Cresol est\u00e1 em expans\u00e3o e busca profissionais que queiram fazer parte desse crescimento. As oportunidades abrangem diferentes fun\u00e7\u00f5es e n\u00edveis hier\u00e1rquicos, permitindo que tanto iniciantes quanto profissionais experientes possam encontrar a vaga ideal.<\/p>\n\n\n\n<h3 class=\"wp-block-heading\">Cargos dispon\u00edveis:<\/h3>\n\n\n\n<ul class=\"wp-block-list\">\n<li><strong>Gerente de Neg\u00f3cios:<\/strong> Respons\u00e1vel por gerir a carteira de clientes, identificar oportunidades de neg\u00f3cios e fortalecer os relacionamentos com associados. \u00c9 um cargo estrat\u00e9gico para quem tem experi\u00eancia em vendas e gest\u00e3o.<\/li>\n\n\n\n<li><strong>Assistente Administrativo:<\/strong> Atua no suporte \u00e0s atividades internas da ag\u00eancia, como organiza\u00e7\u00e3o de documentos, atendimento ao p\u00fablico e processos administrativos. Uma excelente op\u00e7\u00e3o para quem tem organiza\u00e7\u00e3o e habilidades com sistemas.<\/li>\n\n\n\n<li><strong>Analista de Recursos Humanos:<\/strong> Focado na gest\u00e3o de pessoas, o analista de RH trabalha no recrutamento, sele\u00e7\u00e3o e desenvolvimento de colaboradores. Ideal para profissionais que gostam de lidar com pessoas e contribuir para a forma\u00e7\u00e3o de equipes.<\/li>\n\n\n\n<li><strong>Consultor de Cr\u00e9dito:<\/strong> Orienta associados sobre solu\u00e7\u00f5es financeiras e elabora propostas de cr\u00e9dito. Este cargo \u00e9 voltado para quem tem afinidade com n\u00fameros e rela\u00e7\u00f5es interpessoais.<\/li>\n\n\n\n<li><strong>Auxiliar de Atendimento:<\/strong> Respons\u00e1vel pelo primeiro contato com os associados, o auxiliar de atendimento garante a satisfa\u00e7\u00e3o dos clientes e direciona as demandas para os setores adequados.<\/li>\n<\/ul>\n\n\n\n<p>Esses s\u00e3o apenas alguns exemplos das vagas abertas. A diversidade de op\u00e7\u00f5es reflete o compromisso da Cresol em atrair e valorizar profissionais de diferentes perfis e \u00e1reas de atua\u00e7\u00e3o.<\/p>\n\n\n\n<h2 class=\"wp-block-heading\">Como se candidatar?<\/h2>\n\n\n\n<p>Candidatar-se a uma vaga na Cresol \u00e9 simples e r\u00e1pido. A cooperativa utiliza uma plataforma online que permite acesso f\u00e1cil e direto \u00e0s oportunidades dispon\u00edveis. Confira o passo a passo para iniciar sua jornada:<\/p>\n\n\n\n<ul class=\"wp-block-list\">\n<li>Copie e cole o endere\u00e7o<strong> https:\/\/cresol.gupy.io <\/strong>em seu navegador.<\/li>\n\n\n\n<li>Acesse a p\u00e1gina e encontre uma oportunidade que se adeque ao seu perfil.<\/li>\n\n\n\n<li>Clique na vaga de interesse para ver os detalhes e as exig\u00eancias.<\/li>\n\n\n\n<li>Preencha o formul\u00e1rio com seus dados pessoais e profissionais.<\/li>\n\n\n\n<li>Envie seu curr\u00edculo e aguarde o retorno da equipe de recrutamento.<\/li>\n<\/ul>\n\n\n\n<p>A plataforma Gupy, utilizada pela Cresol, \u00e9 intuitiva e permite que voc\u00ea acompanhe o status de sua candidatura em tempo real. Lembre-se de preencher todos os campos do formul\u00e1rio com aten\u00e7\u00e3o e de destacar suas experi\u00eancias mais relevantes no curr\u00edculo.<\/p>\n\n\n\n<h2 class=\"wp-block-heading\">Por que trabalhar na Cresol?<\/h2>\n\n\n\n<p>A Cresol \u00e9 mais do que uma cooperativa de cr\u00e9dito. Com mais de 27 anos de hist\u00f3ria, a institui\u00e7\u00e3o construiu uma reputa\u00e7\u00e3o s\u00f3lida baseada em valores como colabora\u00e7\u00e3o, desenvolvimento e impacto social. Trabalhar na Cresol significa integrar uma equipe que valoriza n\u00e3o apenas os resultados financeiros, mas tamb\u00e9m o crescimento humano e profissional de seus colaboradores.<\/p>\n\n\n\n<p>Se voc\u00ea busca um emprego que ofere\u00e7a prop\u00f3sito, estabilidade e um ambiente de trabalho positivo, n\u00e3o perca essa oportunidade. As 213 vagas abertas representam mais do que n\u00fameros \u2013 s\u00e3o convites para fazer parte de uma organiza\u00e7\u00e3o que transforma vidas.<\/p>\n\n\n\n<p><strong>Veja tamb\u00e9m: <a href=\"https:\/\/www.vagadeempregorj.com.br\/wp-content\/uploads\/2024\/09\/image-22.png\">GPA: 596 vagas de emprego abertas pelo Brasil<\/a><\/strong><\/p>\n\n\n\n<p>12 de dezembro de 2024<\/p>","protected":false},"excerpt":{"rendered":"<p>A Cresol, uma das maiores cooperativas de cr\u00e9dito do Brasil, acaba de anunciar 213 novas vagas de emprego distribu\u00eddas por diversas regi\u00f5es do pa\u00eds. Essa \u00e9 uma excelente oportunidade para quem busca se inserir no mercado de trabalho ou dar um passo adiante na carreira profissional. Se voc\u00ea est\u00e1 em busca de um emprego que&hellip;&nbsp;<\/p>","protected":false},"author":16,"featured_media":41604,"comment_status":"closed","ping_status":"closed","sticky":false,"template":"","format":"standard","meta":{"neve_meta_sidebar":"","neve_meta_container":"","neve_meta_enable_content_width":"","neve_meta_content_width":0,"neve_meta_title_alignment":"","neve_meta_author_avatar":"","neve_post_elements_order":"","neve_meta_disable_header":"","neve_meta_disable_footer":"","neve_meta_disable_title":"","footnotes":""},"categories":[123],"tags":[830,608],"class_list":["post-41602","post","type-post","status-publish","format-standard","has-post-thumbnail","hentry","category-vagas-de-emprego-nacionais","tag-empregos","tag-oportunidades"],"yoast_head":"<!-- This site is optimized with the Yoast SEO plugin v27.5 - https:\/\/yoast.com\/product\/yoast-seo-wordpress\/ -->\n<title>Cresol: 213 novas vagas de emprego pelo pa\u00eds -<\/title>\n<meta name=\"description\" content=\"Veja em Vagas de Emprego RJ as vagas de emprego com e sem experi\u00eancia no seu Estado e Regi\u00e3o!\" \/>\n<meta name=\"robots\" content=\"index, follow, max-snippet:-1, max-image-preview:large, max-video-preview:-1\" \/>\n<link rel=\"canonical\" href=\"https:\/\/www.vagadeempregorj.com.br\/ar\/cresol-213-novas-vagas-de-emprego-pelo-pais\/\" \/>\n<meta property=\"og:locale\" content=\"ar_AR\" \/>\n<meta property=\"og:type\" content=\"article\" \/>\n<meta property=\"og:title\" content=\"Cresol: 213 novas vagas de emprego pelo pa\u00eds -\" \/>\n<meta property=\"og:description\" content=\"Veja em Vagas de Emprego RJ as vagas de emprego com e sem experi\u00eancia no seu Estado e Regi\u00e3o!\" \/>\n<meta property=\"og:url\" content=\"https:\/\/www.vagadeempregorj.com.br\/ar\/cresol-213-novas-vagas-de-emprego-pelo-pais\/\" \/>\n<meta property=\"article:publisher\" content=\"https:\/\/www.facebook.com\/empregobrasiloficial\" \/>\n<meta property=\"article:published_time\" content=\"2024-12-12T20:11:10+00:00\" \/>\n<meta property=\"article:modified_time\" content=\"2024-12-12T20:11:12+00:00\" \/>\n<meta property=\"og:image\" content=\"https:\/\/www.vagadeempregorj.com.br\/wp-content\/uploads\/2024\/12\/image-5.png\" \/>\n\t<meta property=\"og:image:width\" content=\"800\" \/>\n\t<meta property=\"og:image:height\" content=\"267\" \/>\n\t<meta property=\"og:image:type\" content=\"image\/png\" \/>\n<meta name=\"author\" content=\"Michele\" \/>\n<meta name=\"twitter:card\" content=\"summary_large_image\" \/>\n<meta name=\"twitter:label1\" content=\"Written by\" \/>\n\t<meta name=\"twitter:data1\" content=\"Michele\" \/>\n\t<meta name=\"twitter:label2\" content=\"Est. reading time\" \/>\n\t<meta name=\"twitter:data2\" content=\"3 \u062f\u0642\u0627\u0626\u0642\" \/>\n<script type=\"application\/ld+json\" class=\"yoast-schema-graph\">{\"@context\":\"https:\\\/\\\/schema.org\",\"@graph\":[{\"@type\":\"Article\",\"@id\":\"https:\\\/\\\/www.vagadeempregorj.com.br\\\/cresol-213-novas-vagas-de-emprego-pelo-pais\\\/#article\",\"isPartOf\":{\"@id\":\"https:\\\/\\\/www.vagadeempregorj.com.br\\\/cresol-213-novas-vagas-de-emprego-pelo-pais\\\/\"},\"author\":{\"name\":\"Michele\",\"@id\":\"https:\\\/\\\/www.vagadeempregorj.com.br\\\/#\\\/schema\\\/person\\\/3ddb19fa0539706786e502152f3aae95\"},\"headline\":\"Cresol: 213 novas vagas de emprego pelo pa\u00eds\",\"datePublished\":\"2024-12-12T20:11:10+00:00\",\"dateModified\":\"2024-12-12T20:11:12+00:00\",\"mainEntityOfPage\":{\"@id\":\"https:\\\/\\\/www.vagadeempregorj.com.br\\\/cresol-213-novas-vagas-de-emprego-pelo-pais\\\/\"},\"wordCount\":634,\"image\":{\"@id\":\"https:\\\/\\\/www.vagadeempregorj.com.br\\\/cresol-213-novas-vagas-de-emprego-pelo-pais\\\/#primaryimage\"},\"thumbnailUrl\":\"https:\\\/\\\/www.vagadeempregorj.com.br\\\/wp-content\\\/uploads\\\/2024\\\/12\\\/image-5.png\",\"keywords\":[\"empregos\",\"oportunidades\"],\"articleSection\":[\"Vagas de Emprego Nacionais\"],\"inLanguage\":\"ar\"},{\"@type\":\"WebPage\",\"@id\":\"https:\\\/\\\/www.vagadeempregorj.com.br\\\/cresol-213-novas-vagas-de-emprego-pelo-pais\\\/\",\"url\":\"https:\\\/\\\/www.vagadeempregorj.com.br\\\/cresol-213-novas-vagas-de-emprego-pelo-pais\\\/\",\"name\":\"Cresol: 213 novas vagas de emprego pelo pa\u00eds -\",\"isPartOf\":{\"@id\":\"https:\\\/\\\/www.vagadeempregorj.com.br\\\/#website\"},\"primaryImageOfPage\":{\"@id\":\"https:\\\/\\\/www.vagadeempregorj.com.br\\\/cresol-213-novas-vagas-de-emprego-pelo-pais\\\/#primaryimage\"},\"image\":{\"@id\":\"https:\\\/\\\/www.vagadeempregorj.com.br\\\/cresol-213-novas-vagas-de-emprego-pelo-pais\\\/#primaryimage\"},\"thumbnailUrl\":\"https:\\\/\\\/www.vagadeempregorj.com.br\\\/wp-content\\\/uploads\\\/2024\\\/12\\\/image-5.png\",\"datePublished\":\"2024-12-12T20:11:10+00:00\",\"dateModified\":\"2024-12-12T20:11:12+00:00\",\"author\":{\"@id\":\"https:\\\/\\\/www.vagadeempregorj.com.br\\\/#\\\/schema\\\/person\\\/3ddb19fa0539706786e502152f3aae95\"},\"description\":\"Veja em Vagas de Emprego RJ as vagas de emprego com e sem experi\u00eancia no seu Estado e Regi\u00e3o!\",\"breadcrumb\":{\"@id\":\"https:\\\/\\\/www.vagadeempregorj.com.br\\\/cresol-213-novas-vagas-de-emprego-pelo-pais\\\/#breadcrumb\"},\"inLanguage\":\"ar\",\"potentialAction\":[{\"@type\":\"ReadAction\",\"target\":[\"https:\\\/\\\/www.vagadeempregorj.com.br\\\/cresol-213-novas-vagas-de-emprego-pelo-pais\\\/\"]}]},{\"@type\":\"ImageObject\",\"inLanguage\":\"ar\",\"@id\":\"https:\\\/\\\/www.vagadeempregorj.com.br\\\/cresol-213-novas-vagas-de-emprego-pelo-pais\\\/#primaryimage\",\"url\":\"https:\\\/\\\/www.vagadeempregorj.com.br\\\/wp-content\\\/uploads\\\/2024\\\/12\\\/image-5.png\",\"contentUrl\":\"https:\\\/\\\/www.vagadeempregorj.com.br\\\/wp-content\\\/uploads\\\/2024\\\/12\\\/image-5.png\",\"width\":800,\"height\":267},{\"@type\":\"BreadcrumbList\",\"@id\":\"https:\\\/\\\/www.vagadeempregorj.com.br\\\/cresol-213-novas-vagas-de-emprego-pelo-pais\\\/#breadcrumb\",\"itemListElement\":[{\"@type\":\"ListItem\",\"position\":1,\"name\":\"In\u00edcio\",\"item\":\"https:\\\/\\\/www.vagadeempregorj.com.br\\\/\"},{\"@type\":\"ListItem\",\"position\":2,\"name\":\"Vagas de Emprego Nacionais\",\"item\":\"https:\\\/\\\/www.vagadeempregorj.com.br\\\/vagas-de-emprego-nacionais\\\/\"},{\"@type\":\"ListItem\",\"position\":3,\"name\":\"Cresol: 213 novas vagas de emprego pelo pa\u00eds\"}]},{\"@type\":\"WebSite\",\"@id\":\"https:\\\/\\\/www.vagadeempregorj.com.br\\\/#website\",\"url\":\"https:\\\/\\\/www.vagadeempregorj.com.br\\\/\",\"name\":\"\",\"description\":\"Conquiste Sonhos: Vagas, Benef\u00edcios e Economia para Transformar Vidas e Alcan\u00e7ar Melhorias Cotidianas\",\"potentialAction\":[{\"@type\":\"SearchAction\",\"target\":{\"@type\":\"EntryPoint\",\"urlTemplate\":\"https:\\\/\\\/www.vagadeempregorj.com.br\\\/?s={search_term_string}\"},\"query-input\":{\"@type\":\"PropertyValueSpecification\",\"valueRequired\":true,\"valueName\":\"search_term_string\"}}],\"inLanguage\":\"ar\"},{\"@type\":\"Person\",\"@id\":\"https:\\\/\\\/www.vagadeempregorj.com.br\\\/#\\\/schema\\\/person\\\/3ddb19fa0539706786e502152f3aae95\",\"name\":\"Michele\",\"image\":{\"@type\":\"ImageObject\",\"inLanguage\":\"ar\",\"@id\":\"https:\\\/\\\/secure.gravatar.com\\\/avatar\\\/6b0eb9d22841282815e2cd856a0061c45e1761cd54b22e952d98c4746939aa85?s=96&r=g\",\"url\":\"https:\\\/\\\/secure.gravatar.com\\\/avatar\\\/6b0eb9d22841282815e2cd856a0061c45e1761cd54b22e952d98c4746939aa85?s=96&r=g\",\"contentUrl\":\"https:\\\/\\\/secure.gravatar.com\\\/avatar\\\/6b0eb9d22841282815e2cd856a0061c45e1761cd54b22e952d98c4746939aa85?s=96&r=g\",\"caption\":\"Michele\"},\"description\":\"Formada em Letras - Portugu\u00eas\\\/ Ingl\u00eas, e idealizadora do site Escritora de Sucesso, busca expandir o conhecimento de todos com informa\u00e7\u00f5es relevantes sobre diversos assuntos, enquanto redatora. No Vaga de Emprego RJ, traz oportunidades e dicas sobre o mercado de trabalho.\",\"url\":\"https:\\\/\\\/www.vagadeempregorj.com.br\\\/ar\\\/author\\\/michele\\\/\"}]}<\/script>\n<!-- \/ Yoast SEO plugin. -->","yoast_head_json":{"title":"Cresol: 213 novas vagas de emprego pelo pa\u00eds -","description":"Veja em Vagas de Emprego RJ as vagas de emprego com e sem experi\u00eancia no seu Estado e Regi\u00e3o!","robots":{"index":"index","follow":"follow","max-snippet":"max-snippet:-1","max-image-preview":"max-image-preview:large","max-video-preview":"max-video-preview:-1"},"canonical":"https:\/\/www.vagadeempregorj.com.br\/ar\/cresol-213-novas-vagas-de-emprego-pelo-pais\/","og_locale":"ar_AR","og_type":"article","og_title":"Cresol: 213 novas vagas de emprego pelo pa\u00eds -","og_description":"Veja em Vagas de Emprego RJ as vagas de emprego com e sem experi\u00eancia no seu Estado e Regi\u00e3o!","og_url":"https:\/\/www.vagadeempregorj.com.br\/ar\/cresol-213-novas-vagas-de-emprego-pelo-pais\/","article_publisher":"https:\/\/www.facebook.com\/empregobrasiloficial","article_published_time":"2024-12-12T20:11:10+00:00","article_modified_time":"2024-12-12T20:11:12+00:00","og_image":[{"width":800,"height":267,"url":"https:\/\/www.vagadeempregorj.com.br\/wp-content\/uploads\/2024\/12\/image-5.png","type":"image\/png"}],"author":"Michele","twitter_card":"summary_large_image","twitter_misc":{"Written by":"Michele","Est. reading time":"3 \u062f\u0642\u0627\u0626\u0642"},"schema":{"@context":"https:\/\/schema.org","@graph":[{"@type":"Article","@id":"https:\/\/www.vagadeempregorj.com.br\/cresol-213-novas-vagas-de-emprego-pelo-pais\/#article","isPartOf":{"@id":"https:\/\/www.vagadeempregorj.com.br\/cresol-213-novas-vagas-de-emprego-pelo-pais\/"},"author":{"name":"Michele","@id":"https:\/\/www.vagadeempregorj.com.br\/#\/schema\/person\/3ddb19fa0539706786e502152f3aae95"},"headline":"Cresol: 213 novas vagas de emprego pelo pa\u00eds","datePublished":"2024-12-12T20:11:10+00:00","dateModified":"2024-12-12T20:11:12+00:00","mainEntityOfPage":{"@id":"https:\/\/www.vagadeempregorj.com.br\/cresol-213-novas-vagas-de-emprego-pelo-pais\/"},"wordCount":634,"image":{"@id":"https:\/\/www.vagadeempregorj.com.br\/cresol-213-novas-vagas-de-emprego-pelo-pais\/#primaryimage"},"thumbnailUrl":"https:\/\/www.vagadeempregorj.com.br\/wp-content\/uploads\/2024\/12\/image-5.png","keywords":["empregos","oportunidades"],"articleSection":["Vagas de Emprego Nacionais"],"inLanguage":"ar"},{"@type":"WebPage","@id":"https:\/\/www.vagadeempregorj.com.br\/cresol-213-novas-vagas-de-emprego-pelo-pais\/","url":"https:\/\/www.vagadeempregorj.com.br\/cresol-213-novas-vagas-de-emprego-pelo-pais\/","name":"Cresol: 213 novas vagas de emprego pelo pa\u00eds -","isPartOf":{"@id":"https:\/\/www.vagadeempregorj.com.br\/#website"},"primaryImageOfPage":{"@id":"https:\/\/www.vagadeempregorj.com.br\/cresol-213-novas-vagas-de-emprego-pelo-pais\/#primaryimage"},"image":{"@id":"https:\/\/www.vagadeempregorj.com.br\/cresol-213-novas-vagas-de-emprego-pelo-pais\/#primaryimage"},"thumbnailUrl":"https:\/\/www.vagadeempregorj.com.br\/wp-content\/uploads\/2024\/12\/image-5.png","datePublished":"2024-12-12T20:11:10+00:00","dateModified":"2024-12-12T20:11:12+00:00","author":{"@id":"https:\/\/www.vagadeempregorj.com.br\/#\/schema\/person\/3ddb19fa0539706786e502152f3aae95"},"description":"Veja em Vagas de Emprego RJ as vagas de emprego com e sem experi\u00eancia no seu Estado e Regi\u00e3o!","breadcrumb":{"@id":"https:\/\/www.vagadeempregorj.com.br\/cresol-213-novas-vagas-de-emprego-pelo-pais\/#breadcrumb"},"inLanguage":"ar","potentialAction":[{"@type":"ReadAction","target":["https:\/\/www.vagadeempregorj.com.br\/cresol-213-novas-vagas-de-emprego-pelo-pais\/"]}]},{"@type":"ImageObject","inLanguage":"ar","@id":"https:\/\/www.vagadeempregorj.com.br\/cresol-213-novas-vagas-de-emprego-pelo-pais\/#primaryimage","url":"https:\/\/www.vagadeempregorj.com.br\/wp-content\/uploads\/2024\/12\/image-5.png","contentUrl":"https:\/\/www.vagadeempregorj.com.br\/wp-content\/uploads\/2024\/12\/image-5.png","width":800,"height":267},{"@type":"BreadcrumbList","@id":"https:\/\/www.vagadeempregorj.com.br\/cresol-213-novas-vagas-de-emprego-pelo-pais\/#breadcrumb","itemListElement":[{"@type":"ListItem","position":1,"name":"In\u00edcio","item":"https:\/\/www.vagadeempregorj.com.br\/"},{"@type":"ListItem","position":2,"name":"Vagas de Emprego Nacionais","item":"https:\/\/www.vagadeempregorj.com.br\/vagas-de-emprego-nacionais\/"},{"@type":"ListItem","position":3,"name":"Cresol: 213 novas vagas de emprego pelo pa\u00eds"}]},{"@type":"WebSite","@id":"https:\/\/www.vagadeempregorj.com.br\/#website","url":"https:\/\/www.vagadeempregorj.com.br\/","name":"","description":"Conquiste Sonhos: Vagas, Benef\u00edcios e Economia para Transformar Vidas e Alcan\u00e7ar Melhorias Cotidianas","potentialAction":[{"@type":"SearchAction","target":{"@type":"EntryPoint","urlTemplate":"https:\/\/www.vagadeempregorj.com.br\/?s={search_term_string}"},"query-input":{"@type":"PropertyValueSpecification","valueRequired":true,"valueName":"search_term_string"}}],"inLanguage":"ar"},{"@type":"Person","@id":"https:\/\/www.vagadeempregorj.com.br\/#\/schema\/person\/3ddb19fa0539706786e502152f3aae95","name":"Michele","image":{"@type":"ImageObject","inLanguage":"ar","@id":"https:\/\/secure.gravatar.com\/avatar\/6b0eb9d22841282815e2cd856a0061c45e1761cd54b22e952d98c4746939aa85?s=96&r=g","url":"https:\/\/secure.gravatar.com\/avatar\/6b0eb9d22841282815e2cd856a0061c45e1761cd54b22e952d98c4746939aa85?s=96&r=g","contentUrl":"https:\/\/secure.gravatar.com\/avatar\/6b0eb9d22841282815e2cd856a0061c45e1761cd54b22e952d98c4746939aa85?s=96&r=g","caption":"Michele"},"description":"Formada em Letras - Portugu\u00eas\/ Ingl\u00eas, e idealizadora do site Escritora de Sucesso, busca expandir o conhecimento de todos com informa\u00e7\u00f5es relevantes sobre diversos assuntos, enquanto redatora. No Vaga de Emprego RJ, traz oportunidades e dicas sobre o mercado de trabalho.","url":"https:\/\/www.vagadeempregorj.com.br\/ar\/author\/michele\/"}]}},"_links":{"self":[{"href":"https:\/\/www.vagadeempregorj.com.br\/ar\/wp-json\/wp\/v2\/posts\/41602","targetHints":{"allow":["GET"]}}],"collection":[{"href":"https:\/\/www.vagadeempregorj.com.br\/ar\/wp-json\/wp\/v2\/posts"}],"about":[{"href":"https:\/\/www.vagadeempregorj.com.br\/ar\/wp-json\/wp\/v2\/types\/post"}],"author":[{"embeddable":true,"href":"https:\/\/www.vagadeempregorj.com.br\/ar\/wp-json\/wp\/v2\/users\/16"}],"replies":[{"embeddable":true,"href":"https:\/\/www.vagadeempregorj.com.br\/ar\/wp-json\/wp\/v2\/comments?post=41602"}],"version-history":[{"count":0,"href":"https:\/\/www.vagadeempregorj.com.br\/ar\/wp-json\/wp\/v2\/posts\/41602\/revisions"}],"wp:featuredmedia":[{"embeddable":true,"href":"https:\/\/www.vagadeempregorj.com.br\/ar\/wp-json\/wp\/v2\/media\/41604"}],"wp:attachment":[{"href":"https:\/\/www.vagadeempregorj.com.br\/ar\/wp-json\/wp\/v2\/media?parent=41602"}],"wp:term":[{"taxonomy":"category","embeddable":true,"href":"https:\/\/www.vagadeempregorj.com.br\/ar\/wp-json\/wp\/v2\/categories?post=41602"},{"taxonomy":"post_tag","embeddable":true,"href":"https:\/\/www.vagadeempregorj.com.br\/ar\/wp-json\/wp\/v2\/tags?post=41602"}],"curies":[{"name":"wp","href":"https:\/\/api.w.org\/{rel}","templated":true}]}}