{"id":41644,"date":"2024-12-22T06:00:00","date_gmt":"2024-12-22T09:00:00","guid":{"rendered":"https:\/\/www.vagadeempregorj.com.br\/?p=41644"},"modified":"2024-12-17T21:23:05","modified_gmt":"2024-12-18T00:23:05","slug":"pole-alimentos-novas-vagas-de-emprego-abertas-no-nordeste","status":"publish","type":"post","link":"https:\/\/www.vagadeempregorj.com.br\/ar\/pole-alimentos-novas-vagas-de-emprego-abertas-no-nordeste\/","title":{"rendered":"Pole Alimentos: NOVAS vagas de emprego abertas no nordeste"},"content":{"rendered":"<p>A <strong>Pole Alimentos<\/strong>, uma das maiores empresas do setor de alimenta\u00e7\u00e3o do Brasil, est\u00e1 anunciando a abertura de novas vagas na regi\u00e3o. Essa pode ser a chance que voc\u00ea esperava para ingressar em uma empresa s\u00f3lida, que valoriza seus colaboradores e oferece reais possibilidades de crescimento.<\/p>\n\n\n\n<figure class=\"wp-block-image size-full\"><img loading=\"lazy\" decoding=\"async\" width=\"900\" height=\"900\" src=\"https:\/\/www.vagadeempregorj.com.br\/wp-content\/uploads\/2024\/12\/image-18.png\" alt=\"\" class=\"wp-image-41666\" srcset=\"https:\/\/www.vagadeempregorj.com.br\/wp-content\/uploads\/2024\/12\/image-18.png 900w, https:\/\/www.vagadeempregorj.com.br\/wp-content\/uploads\/2024\/12\/image-18-300x300.png 300w, https:\/\/www.vagadeempregorj.com.br\/wp-content\/uploads\/2024\/12\/image-18-150x150.png 150w, https:\/\/www.vagadeempregorj.com.br\/wp-content\/uploads\/2024\/12\/image-18-768x768.png 768w, https:\/\/www.vagadeempregorj.com.br\/wp-content\/uploads\/2024\/12\/image-18-96x96.png 96w\" sizes=\"auto, (max-width: 900px) 100vw, 900px\" \/><\/figure>\n\n\n\n<h2 class=\"wp-block-heading\">Quais s\u00e3o as oportunidades de carreira na Pole Alimentos?<\/h2>\n\n\n\n<p>A Pole Alimentos oferece vagas em diferentes \u00e1reas, contemplando desde cargos operacionais at\u00e9 oportunidades estrat\u00e9gicas. Confira abaixo algumas das principais \u00e1reas:<\/p>\n\n\n\n<h3 class=\"wp-block-heading\">Operador de produ\u00e7\u00e3o<\/h3>\n\n\n\n<p>Esse \u00e9 um dos cargos mais requisitados na companhia. Como operador de produ\u00e7\u00e3o, voc\u00ea atuar\u00e1 diretamente nas linhas de fabrica\u00e7\u00e3o, garantindo a qualidade dos produtos e o bom funcionamento dos equipamentos.<\/p>\n\n\n\n<p><strong>Requisitos:<\/strong><\/p>\n\n\n\n<ul class=\"wp-block-list\">\n<li>Ensino m\u00e9dio completo;<\/li>\n\n\n\n<li>Disponibilidade para turnos;<\/li>\n\n\n\n<li>Experi\u00eancia pr\u00e9via na ind\u00fastria \u00e9 um diferencial.<\/li>\n<\/ul>\n\n\n\n<p><strong>Benef\u00edcios:<\/strong><\/p>\n\n\n\n<ul class=\"wp-block-list\">\n<li>Sal\u00e1rio compat\u00edvel com o mercado;<\/li>\n\n\n\n<li>Vale-transporte e refei\u00e7\u00e3o no local;<\/li>\n\n\n\n<li>Plano de sa\u00fade e odontol\u00f3gico.<\/li>\n<\/ul>\n\n\n\n<h3 class=\"wp-block-heading\">T\u00e9cnico de manuten\u00e7\u00e3o<\/h3>\n\n\n\n<p>Se voc\u00ea tem forma\u00e7\u00e3o t\u00e9cnica em mec\u00e2nica, el\u00e9trica ou \u00e1reas afins, essa vaga pode ser ideal. Os t\u00e9cnicos de manuten\u00e7\u00e3o s\u00e3o respons\u00e1veis por assegurar que os equipamentos da f\u00e1brica estejam sempre em perfeitas condi\u00e7\u00f5es de funcionamento.<\/p>\n\n\n\n<p><strong>Requisitos:<\/strong><\/p>\n\n\n\n<ul class=\"wp-block-list\">\n<li>Curso t\u00e9cnico na \u00e1rea;<\/li>\n\n\n\n<li>Conhecimento em manuten\u00e7\u00e3o preventiva e corretiva;<\/li>\n\n\n\n<li>Experi\u00eancia em ind\u00fastrias ser\u00e1 considerada um diferencial.<\/li>\n<\/ul>\n\n\n\n<p><strong>Benef\u00edcios:<\/strong><\/p>\n\n\n\n<ul class=\"wp-block-list\">\n<li>Plano de carreira;<\/li>\n\n\n\n<li>Treinamentos t\u00e9cnicos;<\/li>\n\n\n\n<li>Benef\u00edcios compat\u00edveis com o mercado.<\/li>\n<\/ul>\n\n\n\n<h3 class=\"wp-block-heading\">Analista de log\u00edstica<\/h3>\n\n\n\n<p>Nesta \u00e1rea, voc\u00ea ser\u00e1 respons\u00e1vel por planejar e coordenar as atividades de transporte e distribui\u00e7\u00e3o dos produtos da Pole Alimentos, assegurando que tudo chegue aos clientes dentro do prazo.<\/p>\n\n\n\n<p><strong>Requisitos:<\/strong><\/p>\n\n\n\n<ul class=\"wp-block-list\">\n<li>Forma\u00e7\u00e3o superior em Log\u00edstica, Administra\u00e7\u00e3o ou \u00e1reas correlatas;<\/li>\n\n\n\n<li>Experi\u00eancia com sistemas de gest\u00e3o de transporte;<\/li>\n\n\n\n<li>Boa comunica\u00e7\u00e3o e perfil anal\u00edtico.<\/li>\n<\/ul>\n\n\n\n<p><strong>Benef\u00edcios:<\/strong><\/p>\n\n\n\n<ul class=\"wp-block-list\">\n<li>Ambiente din\u00e2mico e desafiador;<\/li>\n\n\n\n<li>Incentivo \u00e0 capacita\u00e7\u00e3o profissional;<\/li>\n\n\n\n<li>Sal\u00e1rio competitivo.<\/li>\n<\/ul>\n\n\n\n<h3 class=\"wp-block-heading\">Auxiliar de qualidade<\/h3>\n\n\n\n<p>Para quem busca uma oportunidade na \u00e1rea de controle de qualidade, este cargo \u00e9 fundamental para garantir que os produtos atendam aos padr\u00f5es exigidos pela empresa e pelas normas regulat\u00f3rias.<\/p>\n\n\n\n<p><strong>Requisitos:<\/strong><\/p>\n\n\n\n<ul class=\"wp-block-list\">\n<li>Ensino m\u00e9dio completo;<\/li>\n\n\n\n<li>Conhecimento em Boas Pr\u00e1ticas de Fabrica\u00e7\u00e3o (BPF);<\/li>\n\n\n\n<li>Experi\u00eancia na \u00e1rea de qualidade \u00e9 um diferencial.<\/li>\n<\/ul>\n\n\n\n<p><strong>Benef\u00edcios:<\/strong><\/p>\n\n\n\n<ul class=\"wp-block-list\">\n<li>Sal\u00e1rio compat\u00edvel com o mercado;<\/li>\n\n\n\n<li>Vale-transporte e refei\u00e7\u00e3o no local;<\/li>\n\n\n\n<li>Assist\u00eancia m\u00e9dica e odontol\u00f3gica.<\/li>\n<\/ul>\n\n\n\n<h3 class=\"wp-block-heading\">Assistente de recursos humanos<\/h3>\n\n\n\n<p>Se voc\u00ea gosta de lidar com pessoas e processos administrativos, esta \u00e9 uma excelente oportunidade para fazer parte da equipe de RH, auxiliando em recrutamento, treinamento e rotinas do setor.<\/p>\n\n\n\n<p><strong>Requisitos:<\/strong><\/p>\n\n\n\n<ul class=\"wp-block-list\">\n<li>Forma\u00e7\u00e3o em andamento ou conclu\u00edda em Recursos Humanos, Psicologia ou Administra\u00e7\u00e3o;<\/li>\n\n\n\n<li>Conhecimento intermedi\u00e1rio em Pacote Office;<\/li>\n\n\n\n<li>Experi\u00eancia com rotinas de departamento pessoal \u00e9 um diferencial.<\/li>\n<\/ul>\n\n\n\n<p><strong>Benef\u00edcios:<\/strong><\/p>\n\n\n\n<ul class=\"wp-block-list\">\n<li>Oportunidades de crescimento;<\/li>\n\n\n\n<li>Treinamentos cont\u00ednuos;<\/li>\n\n\n\n<li>Benef\u00edcios compat\u00edveis com o mercado.<\/li>\n<\/ul>\n\n\n\n<h3 class=\"wp-block-heading\">Coordenador de vendas<\/h3>\n\n\n\n<p>Essa vaga \u00e9 voltada para profissionais que desejam atuar no desenvolvimento comercial da companhia, liderando equipes de vendas e implementando estrat\u00e9gias para expans\u00e3o de mercado.<\/p>\n\n\n\n<p><strong>Requisitos:<\/strong><\/p>\n\n\n\n<ul class=\"wp-block-list\">\n<li>Forma\u00e7\u00e3o superior completa em Administra\u00e7\u00e3o, Marketing ou \u00e1reas correlatas;<\/li>\n\n\n\n<li>Experi\u00eancia em lideran\u00e7a de equipes de vendas;<\/li>\n\n\n\n<li>Habilidades em negocia\u00e7\u00e3o e an\u00e1lise de mercado.<\/li>\n<\/ul>\n\n\n\n<p><strong>Benef\u00edcios:<\/strong><\/p>\n\n\n\n<ul class=\"wp-block-list\">\n<li>Remunera\u00e7\u00e3o fixa + vari\u00e1vel por metas alcan\u00e7adas;<\/li>\n\n\n\n<li>Plano de sa\u00fade e odontol\u00f3gico;<\/li>\n\n\n\n<li>Incentivo \u00e0 capacita\u00e7\u00e3o profissional.<\/li>\n<\/ul>\n\n\n\n<h3 class=\"wp-block-heading\">Engenheiro de produ\u00e7\u00e3o<\/h3>\n\n\n\n<p>Como engenheiro de produ\u00e7\u00e3o, voc\u00ea ser\u00e1 respons\u00e1vel por otimizar processos, reduzir custos e aumentar a efici\u00eancia das opera\u00e7\u00f5es, garantindo a alta performance das linhas de fabrica\u00e7\u00e3o.<\/p>\n\n\n\n<p><strong>Requisitos:<\/strong><\/p>\n\n\n\n<ul class=\"wp-block-list\">\n<li>Forma\u00e7\u00e3o superior completa em Engenharia de Produ\u00e7\u00e3o;<\/li>\n\n\n\n<li>Conhecimento em Lean Manufacturing e ferramentas de melhoria cont\u00ednua;<\/li>\n\n\n\n<li>Experi\u00eancia em ind\u00fastrias ser\u00e1 um diferencial.<\/li>\n<\/ul>\n\n\n\n<p><strong>Benef\u00edcios:<\/strong><\/p>\n\n\n\n<ul class=\"wp-block-list\">\n<li>Sal\u00e1rio competitivo;<\/li>\n\n\n\n<li>Plano de carreira estruturado;<\/li>\n\n\n\n<li>Ambiente din\u00e2mico com foco em inova\u00e7\u00e3o.<\/li>\n<\/ul>\n\n\n\n<h2 class=\"wp-block-heading\">Como se candidatar?<\/h2>\n\n\n\n<p>Se voc\u00ea ficou interessado em alguma das vagas, o processo de candidatura \u00e9 simples e 100% online. Veja como proceder:<\/p>\n\n\n\n<ol class=\"wp-block-list\">\n<li>Copie e cole o endere\u00e7o<strong> https:\/\/polealimentos.com.br\/trabalhe-conosco\/<\/strong> em seu navegador;<\/li>\n\n\n\n<li>Acesse a p\u00e1gina oficial de carreiras da Pole Alimentos;<\/li>\n\n\n\n<li>Navegue pelas oportunidades dispon\u00edveis e escolha aquela que mais combina com o seu perfil;<\/li>\n\n\n\n<li>Clique em \u201cCandidatar-se\u201d e preencha o formul\u00e1rio com seus dados pessoais e profissionais;<\/li>\n\n\n\n<li>Anexe seu curr\u00edculo e finalize sua inscri\u00e7\u00e3o.<\/li>\n<\/ol>\n\n\n\n<p>A dica \u00e9 preparar um curr\u00edculo bem estruturado, destacando suas experi\u00eancias mais relevantes. Al\u00e9m disso, fique atento ao e-mail cadastrado, pois a equipe pode entrar em contato para agendar entrevistas ou din\u00e2micas.<\/p>\n\n\n\n<p>A Pole Alimentos n\u00e3o \u00e9 apenas uma empresa; \u00e9 um lugar onde as pessoas podem construir carreiras s\u00f3lidas e realizar sonhos. Com vagas em diversas \u00e1reas e regi\u00f5es do Nordeste, essa \u00e9 a oportunidade perfeita para quem deseja crescer profissionalmente em uma organiza\u00e7\u00e3o que valoriza o talento e o esfor\u00e7o de seus colaboradores.<\/p>\n\n\n\n<p><strong>Veja tamb\u00e9m: <a href=\"https:\/\/www.vagadeempregorj.com.br\/ar\/centauro-618-novas-vagas-de-emprego-pelo-pais\/\">Centauro: 618 novas vagas de emprego pelo pa\u00eds<\/a><\/strong><\/p>\n\n\n\n<p>22 de dezembro de 2024<\/p>","protected":false},"excerpt":{"rendered":"<p>A Pole Alimentos, uma das maiores empresas do setor de alimenta\u00e7\u00e3o do Brasil, est\u00e1 anunciando a abertura de novas vagas na regi\u00e3o. Essa pode ser a chance que voc\u00ea esperava para ingressar em uma empresa s\u00f3lida, que valoriza seus colaboradores e oferece reais possibilidades de crescimento. Quais s\u00e3o as oportunidades de carreira na Pole Alimentos?&hellip;&nbsp;<\/p>","protected":false},"author":16,"featured_media":41666,"comment_status":"closed","ping_status":"closed","sticky":false,"template":"","format":"standard","meta":{"neve_meta_sidebar":"","neve_meta_container":"","neve_meta_enable_content_width":"","neve_meta_content_width":0,"neve_meta_title_alignment":"","neve_meta_author_avatar":"","neve_post_elements_order":"","neve_meta_disable_header":"","neve_meta_disable_footer":"","neve_meta_disable_title":"","footnotes":""},"categories":[123],"tags":[],"class_list":["post-41644","post","type-post","status-publish","format-standard","has-post-thumbnail","hentry","category-vagas-de-emprego-nacionais"],"yoast_head":"<!-- This site is optimized with the Yoast SEO plugin v27.5 - https:\/\/yoast.com\/product\/yoast-seo-wordpress\/ -->\n<title>Pole Alimentos: NOVAS vagas de emprego abertas no nordeste -<\/title>\n<meta name=\"description\" content=\"Veja em Vagas de Emprego RJ as vagas de emprego com e sem experi\u00eancia no seu Estado e Regi\u00e3o!\" \/>\n<meta name=\"robots\" content=\"index, follow, max-snippet:-1, max-image-preview:large, max-video-preview:-1\" \/>\n<link rel=\"canonical\" href=\"https:\/\/www.vagadeempregorj.com.br\/ar\/pole-alimentos-novas-vagas-de-emprego-abertas-no-nordeste\/\" \/>\n<meta property=\"og:locale\" content=\"ar_AR\" \/>\n<meta property=\"og:type\" content=\"article\" \/>\n<meta property=\"og:title\" content=\"Pole Alimentos: NOVAS vagas de emprego abertas no nordeste -\" \/>\n<meta property=\"og:description\" content=\"Veja em Vagas de Emprego RJ as vagas de emprego com e sem experi\u00eancia no seu Estado e Regi\u00e3o!\" \/>\n<meta property=\"og:url\" content=\"https:\/\/www.vagadeempregorj.com.br\/ar\/pole-alimentos-novas-vagas-de-emprego-abertas-no-nordeste\/\" \/>\n<meta property=\"article:publisher\" content=\"https:\/\/www.facebook.com\/empregobrasiloficial\" \/>\n<meta property=\"article:published_time\" content=\"2024-12-22T09:00:00+00:00\" \/>\n<meta property=\"og:image\" content=\"https:\/\/www.vagadeempregorj.com.br\/wp-content\/uploads\/2024\/12\/image-18.png\" \/>\n\t<meta property=\"og:image:width\" content=\"900\" \/>\n\t<meta property=\"og:image:height\" content=\"900\" \/>\n\t<meta property=\"og:image:type\" content=\"image\/png\" \/>\n<meta name=\"author\" content=\"Michele\" \/>\n<meta name=\"twitter:card\" content=\"summary_large_image\" \/>\n<meta name=\"twitter:label1\" content=\"Written by\" \/>\n\t<meta name=\"twitter:data1\" content=\"Michele\" \/>\n\t<meta name=\"twitter:label2\" content=\"Est. reading time\" \/>\n\t<meta name=\"twitter:data2\" content=\"4 \u062f\u0642\u0627\u0626\u0642\" \/>\n<script type=\"application\/ld+json\" class=\"yoast-schema-graph\">{\"@context\":\"https:\\\/\\\/schema.org\",\"@graph\":[{\"@type\":\"Article\",\"@id\":\"https:\\\/\\\/www.vagadeempregorj.com.br\\\/pole-alimentos-novas-vagas-de-emprego-abertas-no-nordeste\\\/#article\",\"isPartOf\":{\"@id\":\"https:\\\/\\\/www.vagadeempregorj.com.br\\\/pole-alimentos-novas-vagas-de-emprego-abertas-no-nordeste\\\/\"},\"author\":{\"name\":\"Michele\",\"@id\":\"https:\\\/\\\/www.vagadeempregorj.com.br\\\/#\\\/schema\\\/person\\\/3ddb19fa0539706786e502152f3aae95\"},\"headline\":\"Pole Alimentos: NOVAS vagas de emprego abertas no nordeste\",\"datePublished\":\"2024-12-22T09:00:00+00:00\",\"mainEntityOfPage\":{\"@id\":\"https:\\\/\\\/www.vagadeempregorj.com.br\\\/pole-alimentos-novas-vagas-de-emprego-abertas-no-nordeste\\\/\"},\"wordCount\":834,\"image\":{\"@id\":\"https:\\\/\\\/www.vagadeempregorj.com.br\\\/pole-alimentos-novas-vagas-de-emprego-abertas-no-nordeste\\\/#primaryimage\"},\"thumbnailUrl\":\"https:\\\/\\\/www.vagadeempregorj.com.br\\\/wp-content\\\/uploads\\\/2024\\\/12\\\/image-18.png\",\"articleSection\":[\"Vagas de Emprego Nacionais\"],\"inLanguage\":\"ar\"},{\"@type\":\"WebPage\",\"@id\":\"https:\\\/\\\/www.vagadeempregorj.com.br\\\/pole-alimentos-novas-vagas-de-emprego-abertas-no-nordeste\\\/\",\"url\":\"https:\\\/\\\/www.vagadeempregorj.com.br\\\/pole-alimentos-novas-vagas-de-emprego-abertas-no-nordeste\\\/\",\"name\":\"Pole Alimentos: NOVAS vagas de emprego abertas no nordeste -\",\"isPartOf\":{\"@id\":\"https:\\\/\\\/www.vagadeempregorj.com.br\\\/#website\"},\"primaryImageOfPage\":{\"@id\":\"https:\\\/\\\/www.vagadeempregorj.com.br\\\/pole-alimentos-novas-vagas-de-emprego-abertas-no-nordeste\\\/#primaryimage\"},\"image\":{\"@id\":\"https:\\\/\\\/www.vagadeempregorj.com.br\\\/pole-alimentos-novas-vagas-de-emprego-abertas-no-nordeste\\\/#primaryimage\"},\"thumbnailUrl\":\"https:\\\/\\\/www.vagadeempregorj.com.br\\\/wp-content\\\/uploads\\\/2024\\\/12\\\/image-18.png\",\"datePublished\":\"2024-12-22T09:00:00+00:00\",\"author\":{\"@id\":\"https:\\\/\\\/www.vagadeempregorj.com.br\\\/#\\\/schema\\\/person\\\/3ddb19fa0539706786e502152f3aae95\"},\"description\":\"Veja em Vagas de Emprego RJ as vagas de emprego com e sem experi\u00eancia no seu Estado e Regi\u00e3o!\",\"breadcrumb\":{\"@id\":\"https:\\\/\\\/www.vagadeempregorj.com.br\\\/pole-alimentos-novas-vagas-de-emprego-abertas-no-nordeste\\\/#breadcrumb\"},\"inLanguage\":\"ar\",\"potentialAction\":[{\"@type\":\"ReadAction\",\"target\":[\"https:\\\/\\\/www.vagadeempregorj.com.br\\\/pole-alimentos-novas-vagas-de-emprego-abertas-no-nordeste\\\/\"]}]},{\"@type\":\"ImageObject\",\"inLanguage\":\"ar\",\"@id\":\"https:\\\/\\\/www.vagadeempregorj.com.br\\\/pole-alimentos-novas-vagas-de-emprego-abertas-no-nordeste\\\/#primaryimage\",\"url\":\"https:\\\/\\\/www.vagadeempregorj.com.br\\\/wp-content\\\/uploads\\\/2024\\\/12\\\/image-18.png\",\"contentUrl\":\"https:\\\/\\\/www.vagadeempregorj.com.br\\\/wp-content\\\/uploads\\\/2024\\\/12\\\/image-18.png\",\"width\":900,\"height\":900,\"caption\":\"pole alimentos\"},{\"@type\":\"BreadcrumbList\",\"@id\":\"https:\\\/\\\/www.vagadeempregorj.com.br\\\/pole-alimentos-novas-vagas-de-emprego-abertas-no-nordeste\\\/#breadcrumb\",\"itemListElement\":[{\"@type\":\"ListItem\",\"position\":1,\"name\":\"In\u00edcio\",\"item\":\"https:\\\/\\\/www.vagadeempregorj.com.br\\\/\"},{\"@type\":\"ListItem\",\"position\":2,\"name\":\"Vagas de Emprego Nacionais\",\"item\":\"https:\\\/\\\/www.vagadeempregorj.com.br\\\/vagas-de-emprego-nacionais\\\/\"},{\"@type\":\"ListItem\",\"position\":3,\"name\":\"Pole Alimentos: NOVAS vagas de emprego abertas no nordeste\"}]},{\"@type\":\"WebSite\",\"@id\":\"https:\\\/\\\/www.vagadeempregorj.com.br\\\/#website\",\"url\":\"https:\\\/\\\/www.vagadeempregorj.com.br\\\/\",\"name\":\"\",\"description\":\"Conquiste Sonhos: Vagas, Benef\u00edcios e Economia para Transformar Vidas e Alcan\u00e7ar Melhorias Cotidianas\",\"potentialAction\":[{\"@type\":\"SearchAction\",\"target\":{\"@type\":\"EntryPoint\",\"urlTemplate\":\"https:\\\/\\\/www.vagadeempregorj.com.br\\\/?s={search_term_string}\"},\"query-input\":{\"@type\":\"PropertyValueSpecification\",\"valueRequired\":true,\"valueName\":\"search_term_string\"}}],\"inLanguage\":\"ar\"},{\"@type\":\"Person\",\"@id\":\"https:\\\/\\\/www.vagadeempregorj.com.br\\\/#\\\/schema\\\/person\\\/3ddb19fa0539706786e502152f3aae95\",\"name\":\"Michele\",\"image\":{\"@type\":\"ImageObject\",\"inLanguage\":\"ar\",\"@id\":\"https:\\\/\\\/secure.gravatar.com\\\/avatar\\\/6b0eb9d22841282815e2cd856a0061c45e1761cd54b22e952d98c4746939aa85?s=96&r=g\",\"url\":\"https:\\\/\\\/secure.gravatar.com\\\/avatar\\\/6b0eb9d22841282815e2cd856a0061c45e1761cd54b22e952d98c4746939aa85?s=96&r=g\",\"contentUrl\":\"https:\\\/\\\/secure.gravatar.com\\\/avatar\\\/6b0eb9d22841282815e2cd856a0061c45e1761cd54b22e952d98c4746939aa85?s=96&r=g\",\"caption\":\"Michele\"},\"description\":\"Formada em Letras - Portugu\u00eas\\\/ Ingl\u00eas, e idealizadora do site Escritora de Sucesso, busca expandir o conhecimento de todos com informa\u00e7\u00f5es relevantes sobre diversos assuntos, enquanto redatora. No Vaga de Emprego RJ, traz oportunidades e dicas sobre o mercado de trabalho.\",\"url\":\"https:\\\/\\\/www.vagadeempregorj.com.br\\\/ar\\\/author\\\/michele\\\/\"}]}<\/script>\n<!-- \/ Yoast SEO plugin. -->","yoast_head_json":{"title":"Pole Alimentos: NOVAS vagas de emprego abertas no nordeste -","description":"Veja em Vagas de Emprego RJ as vagas de emprego com e sem experi\u00eancia no seu Estado e Regi\u00e3o!","robots":{"index":"index","follow":"follow","max-snippet":"max-snippet:-1","max-image-preview":"max-image-preview:large","max-video-preview":"max-video-preview:-1"},"canonical":"https:\/\/www.vagadeempregorj.com.br\/ar\/pole-alimentos-novas-vagas-de-emprego-abertas-no-nordeste\/","og_locale":"ar_AR","og_type":"article","og_title":"Pole Alimentos: NOVAS vagas de emprego abertas no nordeste -","og_description":"Veja em Vagas de Emprego RJ as vagas de emprego com e sem experi\u00eancia no seu Estado e Regi\u00e3o!","og_url":"https:\/\/www.vagadeempregorj.com.br\/ar\/pole-alimentos-novas-vagas-de-emprego-abertas-no-nordeste\/","article_publisher":"https:\/\/www.facebook.com\/empregobrasiloficial","article_published_time":"2024-12-22T09:00:00+00:00","og_image":[{"width":900,"height":900,"url":"https:\/\/www.vagadeempregorj.com.br\/wp-content\/uploads\/2024\/12\/image-18.png","type":"image\/png"}],"author":"Michele","twitter_card":"summary_large_image","twitter_misc":{"Written by":"Michele","Est. reading time":"4 \u062f\u0642\u0627\u0626\u0642"},"schema":{"@context":"https:\/\/schema.org","@graph":[{"@type":"Article","@id":"https:\/\/www.vagadeempregorj.com.br\/pole-alimentos-novas-vagas-de-emprego-abertas-no-nordeste\/#article","isPartOf":{"@id":"https:\/\/www.vagadeempregorj.com.br\/pole-alimentos-novas-vagas-de-emprego-abertas-no-nordeste\/"},"author":{"name":"Michele","@id":"https:\/\/www.vagadeempregorj.com.br\/#\/schema\/person\/3ddb19fa0539706786e502152f3aae95"},"headline":"Pole Alimentos: NOVAS vagas de emprego abertas no nordeste","datePublished":"2024-12-22T09:00:00+00:00","mainEntityOfPage":{"@id":"https:\/\/www.vagadeempregorj.com.br\/pole-alimentos-novas-vagas-de-emprego-abertas-no-nordeste\/"},"wordCount":834,"image":{"@id":"https:\/\/www.vagadeempregorj.com.br\/pole-alimentos-novas-vagas-de-emprego-abertas-no-nordeste\/#primaryimage"},"thumbnailUrl":"https:\/\/www.vagadeempregorj.com.br\/wp-content\/uploads\/2024\/12\/image-18.png","articleSection":["Vagas de Emprego Nacionais"],"inLanguage":"ar"},{"@type":"WebPage","@id":"https:\/\/www.vagadeempregorj.com.br\/pole-alimentos-novas-vagas-de-emprego-abertas-no-nordeste\/","url":"https:\/\/www.vagadeempregorj.com.br\/pole-alimentos-novas-vagas-de-emprego-abertas-no-nordeste\/","name":"Pole Alimentos: NOVAS vagas de emprego abertas no nordeste -","isPartOf":{"@id":"https:\/\/www.vagadeempregorj.com.br\/#website"},"primaryImageOfPage":{"@id":"https:\/\/www.vagadeempregorj.com.br\/pole-alimentos-novas-vagas-de-emprego-abertas-no-nordeste\/#primaryimage"},"image":{"@id":"https:\/\/www.vagadeempregorj.com.br\/pole-alimentos-novas-vagas-de-emprego-abertas-no-nordeste\/#primaryimage"},"thumbnailUrl":"https:\/\/www.vagadeempregorj.com.br\/wp-content\/uploads\/2024\/12\/image-18.png","datePublished":"2024-12-22T09:00:00+00:00","author":{"@id":"https:\/\/www.vagadeempregorj.com.br\/#\/schema\/person\/3ddb19fa0539706786e502152f3aae95"},"description":"Veja em Vagas de Emprego RJ as vagas de emprego com e sem experi\u00eancia no seu Estado e Regi\u00e3o!","breadcrumb":{"@id":"https:\/\/www.vagadeempregorj.com.br\/pole-alimentos-novas-vagas-de-emprego-abertas-no-nordeste\/#breadcrumb"},"inLanguage":"ar","potentialAction":[{"@type":"ReadAction","target":["https:\/\/www.vagadeempregorj.com.br\/pole-alimentos-novas-vagas-de-emprego-abertas-no-nordeste\/"]}]},{"@type":"ImageObject","inLanguage":"ar","@id":"https:\/\/www.vagadeempregorj.com.br\/pole-alimentos-novas-vagas-de-emprego-abertas-no-nordeste\/#primaryimage","url":"https:\/\/www.vagadeempregorj.com.br\/wp-content\/uploads\/2024\/12\/image-18.png","contentUrl":"https:\/\/www.vagadeempregorj.com.br\/wp-content\/uploads\/2024\/12\/image-18.png","width":900,"height":900,"caption":"pole alimentos"},{"@type":"BreadcrumbList","@id":"https:\/\/www.vagadeempregorj.com.br\/pole-alimentos-novas-vagas-de-emprego-abertas-no-nordeste\/#breadcrumb","itemListElement":[{"@type":"ListItem","position":1,"name":"In\u00edcio","item":"https:\/\/www.vagadeempregorj.com.br\/"},{"@type":"ListItem","position":2,"name":"Vagas de Emprego Nacionais","item":"https:\/\/www.vagadeempregorj.com.br\/vagas-de-emprego-nacionais\/"},{"@type":"ListItem","position":3,"name":"Pole Alimentos: NOVAS vagas de emprego abertas no nordeste"}]},{"@type":"WebSite","@id":"https:\/\/www.vagadeempregorj.com.br\/#website","url":"https:\/\/www.vagadeempregorj.com.br\/","name":"","description":"Conquiste Sonhos: Vagas, Benef\u00edcios e Economia para Transformar Vidas e Alcan\u00e7ar Melhorias Cotidianas","potentialAction":[{"@type":"SearchAction","target":{"@type":"EntryPoint","urlTemplate":"https:\/\/www.vagadeempregorj.com.br\/?s={search_term_string}"},"query-input":{"@type":"PropertyValueSpecification","valueRequired":true,"valueName":"search_term_string"}}],"inLanguage":"ar"},{"@type":"Person","@id":"https:\/\/www.vagadeempregorj.com.br\/#\/schema\/person\/3ddb19fa0539706786e502152f3aae95","name":"Michele","image":{"@type":"ImageObject","inLanguage":"ar","@id":"https:\/\/secure.gravatar.com\/avatar\/6b0eb9d22841282815e2cd856a0061c45e1761cd54b22e952d98c4746939aa85?s=96&r=g","url":"https:\/\/secure.gravatar.com\/avatar\/6b0eb9d22841282815e2cd856a0061c45e1761cd54b22e952d98c4746939aa85?s=96&r=g","contentUrl":"https:\/\/secure.gravatar.com\/avatar\/6b0eb9d22841282815e2cd856a0061c45e1761cd54b22e952d98c4746939aa85?s=96&r=g","caption":"Michele"},"description":"Formada em Letras - Portugu\u00eas\/ Ingl\u00eas, e idealizadora do site Escritora de Sucesso, busca expandir o conhecimento de todos com informa\u00e7\u00f5es relevantes sobre diversos assuntos, enquanto redatora. No Vaga de Emprego RJ, traz oportunidades e dicas sobre o mercado de trabalho.","url":"https:\/\/www.vagadeempregorj.com.br\/ar\/author\/michele\/"}]}},"_links":{"self":[{"href":"https:\/\/www.vagadeempregorj.com.br\/ar\/wp-json\/wp\/v2\/posts\/41644","targetHints":{"allow":["GET"]}}],"collection":[{"href":"https:\/\/www.vagadeempregorj.com.br\/ar\/wp-json\/wp\/v2\/posts"}],"about":[{"href":"https:\/\/www.vagadeempregorj.com.br\/ar\/wp-json\/wp\/v2\/types\/post"}],"author":[{"embeddable":true,"href":"https:\/\/www.vagadeempregorj.com.br\/ar\/wp-json\/wp\/v2\/users\/16"}],"replies":[{"embeddable":true,"href":"https:\/\/www.vagadeempregorj.com.br\/ar\/wp-json\/wp\/v2\/comments?post=41644"}],"version-history":[{"count":0,"href":"https:\/\/www.vagadeempregorj.com.br\/ar\/wp-json\/wp\/v2\/posts\/41644\/revisions"}],"wp:featuredmedia":[{"embeddable":true,"href":"https:\/\/www.vagadeempregorj.com.br\/ar\/wp-json\/wp\/v2\/media\/41666"}],"wp:attachment":[{"href":"https:\/\/www.vagadeempregorj.com.br\/ar\/wp-json\/wp\/v2\/media?parent=41644"}],"wp:term":[{"taxonomy":"category","embeddable":true,"href":"https:\/\/www.vagadeempregorj.com.br\/ar\/wp-json\/wp\/v2\/categories?post=41644"},{"taxonomy":"post_tag","embeddable":true,"href":"https:\/\/www.vagadeempregorj.com.br\/ar\/wp-json\/wp\/v2\/tags?post=41644"}],"curies":[{"name":"wp","href":"https:\/\/api.w.org\/{rel}","templated":true}]}}