{"id":41650,"date":"2024-12-28T06:00:00","date_gmt":"2024-12-28T09:00:00","guid":{"rendered":"https:\/\/www.vagadeempregorj.com.br\/?p=41650"},"modified":"2024-12-17T21:23:15","modified_gmt":"2024-12-18T00:23:15","slug":"granado-92-vagas-de-emprego-abertas-no-rio-de-janeiro","status":"publish","type":"post","link":"https:\/\/www.vagadeempregorj.com.br\/ar\/granado-92-vagas-de-emprego-abertas-no-rio-de-janeiro\/","title":{"rendered":"Granado: 92 vagas de emprego abertas no Rio de Janeiro"},"content":{"rendered":"<p>A <strong>Granado<\/strong>, uma das marcas mais tradicionais e queridas do Brasil, acaba de anunciar 92 novas oportunidades de emprego no Rio de Janeiro. Para quem sonha em trabalhar em uma empresa com hist\u00f3ria e que continua em expans\u00e3o, essa \u00e9 uma excelente oportunidade.&nbsp;<\/p>\n\n\n\n<figure class=\"wp-block-image size-full is-resized\"><img loading=\"lazy\" decoding=\"async\" width=\"600\" height=\"400\" src=\"https:\/\/www.vagadeempregorj.com.br\/wp-content\/uploads\/2024\/12\/image-21.png\" alt=\"\" class=\"wp-image-41669\" style=\"width:840px;height:auto\" srcset=\"https:\/\/www.vagadeempregorj.com.br\/wp-content\/uploads\/2024\/12\/image-21.png 600w, https:\/\/www.vagadeempregorj.com.br\/wp-content\/uploads\/2024\/12\/image-21-300x200.png 300w, https:\/\/www.vagadeempregorj.com.br\/wp-content\/uploads\/2024\/12\/image-21-150x100.png 150w\" sizes=\"auto, (max-width: 600px) 100vw, 600px\" \/><\/figure>\n\n\n\n<h2 class=\"wp-block-heading\">Quais s\u00e3o as oportunidades de carreira na Granado?<\/h2>\n\n\n\n<p>A Granado est\u00e1 oferecendo vagas em diferentes \u00e1reas, desde produ\u00e7\u00e3o at\u00e9 cargos administrativos. Cada uma delas traz a chance de desenvolver sua carreira em um ambiente din\u00e2mico e acolhedor. Confira algumas das principais \u00e1reas:<\/p>\n\n\n\n<h3 class=\"wp-block-heading\">Operador de produ\u00e7\u00e3o<\/h3>\n\n\n\n<p>Se voc\u00ea gosta de trabalhar com as m\u00e3os e tem aten\u00e7\u00e3o aos detalhes, essa vaga pode ser ideal. O operador de produ\u00e7\u00e3o \u00e9 respons\u00e1vel por garantir que os produtos sejam fabricados dentro dos padr\u00f5es de qualidade da empresa. \u00c9 uma fun\u00e7\u00e3o essencial para o sucesso da marca.<\/p>\n\n\n\n<h3 class=\"wp-block-heading\">Assistente administrativo<\/h3>\n\n\n\n<p>Quem tem organiza\u00e7\u00e3o e gosta de lidar com documenta\u00e7\u00e3o vai se identificar com essa vaga. O assistente administrativo auxilia nas atividades burocr\u00e1ticas, como controle de planilhas, emiss\u00e3o de relat\u00f3rios e suporte a outros departamentos.<\/p>\n\n\n\n<h3 class=\"wp-block-heading\">Vendedor de loja<\/h3>\n\n\n\n<p>Para quem tem perfil comercial e adora interagir com pessoas, a vaga de vendedor \u00e9 uma excelente op\u00e7\u00e3o. Voc\u00ea ser\u00e1 respons\u00e1vel por oferecer aos clientes a melhor experi\u00eancia de compra, ajudando-os a encontrar produtos que atendam \u00e0s suas necessidades.<\/p>\n\n\n\n<h3 class=\"wp-block-heading\">Analista de marketing<\/h3>\n\n\n\n<p>Quer trabalhar na cria\u00e7\u00e3o de campanhas que impactam o p\u00fablico? A oportunidade de analista de marketing \u00e9 ideal para quem tem criatividade e gosta de trabalhar com estrat\u00e9gias digitais e offline.<\/p>\n\n\n\n<h3 class=\"wp-block-heading\">Estagi\u00e1rio em recursos humanos<\/h3>\n\n\n\n<p>Se voc\u00ea est\u00e1 come\u00e7ando sua carreira e quer aprender em uma \u00e1rea crucial para qualquer empresa, o est\u00e1gio em recursos humanos \u00e9 uma excelente porta de entrada. Aqui, voc\u00ea vai apoiar processos seletivos, treinamentos e gest\u00e3o de pessoas.<\/p>\n\n\n\n<h3 class=\"wp-block-heading\">T\u00e9cnico de manuten\u00e7\u00e3o<\/h3>\n\n\n\n<p>Se voc\u00ea gosta de resolver problemas t\u00e9cnicos e tem habilidade com m\u00e1quinas e equipamentos, a vaga de t\u00e9cnico de manuten\u00e7\u00e3o pode ser perfeita. Este profissional realiza reparos e manuten\u00e7\u00e3o preventiva, garantindo o bom funcionamento das instala\u00e7\u00f5es e da linha de produ\u00e7\u00e3o.<\/p>\n\n\n\n<h3 class=\"wp-block-heading\">Especialista em log\u00edstica<\/h3>\n\n\n\n<p>Para quem \u00e9 organizado e gosta de desafios, essa vaga oferece a chance de gerenciar fluxos de estoque, transporte e armazenamento. O especialista em log\u00edstica garante que os produtos cheguem ao destino correto com efici\u00eancia e dentro do prazo.<\/p>\n\n\n\n<h3 class=\"wp-block-heading\">Supervisor de vendas<\/h3>\n\n\n\n<p>O supervisor de vendas acompanha os vendedores, define estrat\u00e9gias e metas, al\u00e9m de garantir que os resultados da loja sejam atingidos.<\/p>\n\n\n\n<h3 class=\"wp-block-heading\">Cientista de desenvolvimento de produtos<\/h3>\n\n\n\n<p>O cientista de desenvolvimento de produtos trabalha na cria\u00e7\u00e3o de novas f\u00f3rmulas e aprimoramento de produtos j\u00e1 existentes, mantendo os padr\u00f5es de qualidade e a ess\u00eancia da marca.<\/p>\n\n\n\n<h3 class=\"wp-block-heading\">Auxiliar de embalagem<\/h3>\n\n\n\n<p>O profissional na \u00e1rea de auxiliar de embalagem \u00e9 respons\u00e1vel por embalar produtos com cuidado, garantindo que eles cheguem em perfeitas condi\u00e7\u00f5es ao consumidor.<\/p>\n\n\n\n<h3 class=\"wp-block-heading\">Coordenador de e-commerce<\/h3>\n\n\n\n<p>Para os apaixonados por tecnologia e vendas online, essa vaga \u00e9 perfeita. O coordenador de e-commerce gerencia o site e as plataformas de vendas, garantindo uma experi\u00eancia de compra eficiente e atrativa para os clientes.<\/p>\n\n\n\n<h2 class=\"wp-block-heading\">Como se candidatar?<\/h2>\n\n\n\n<p>O processo para se candidatar \u00e9 simples e feito online. Veja o passo a passo para n\u00e3o perder tempo:<\/p>\n\n\n\n<ul class=\"wp-block-list\">\n<li><strong>Acesse a p\u00e1gina de carreiras da Granado:<\/strong> Copie e cole o endere\u00e7o <strong>https:\/\/granado.gupy.io<\/strong> em seu navegador.<\/li>\n\n\n\n<li><strong>Encontre a vaga ideal:<\/strong> Explore as op\u00e7\u00f5es e selecione a que mais combina com seu perfil.<\/li>\n\n\n\n<li><strong>Cadastre-se na plataforma:<\/strong> Caso ainda n\u00e3o tenha cadastro no site da Gupy, ser\u00e1 necess\u00e1rio criar uma conta com seus dados pessoais e profissionais.<\/li>\n\n\n\n<li><strong>Preencha as informa\u00e7\u00f5es:<\/strong> Insira suas experi\u00eancias anteriores, forma\u00e7\u00e3o acad\u00eamica e habilidades relevantes para a vaga.<\/li>\n\n\n\n<li><strong>Envie seu curr\u00edculo:<\/strong> Anexe seu CV atualizado e conclua a inscri\u00e7\u00e3o.<\/li>\n\n\n\n<li><strong>Acompanhe o processo seletivo:<\/strong> A companhia utiliza a plataforma Gupy para gerenciar as candidaturas. Voc\u00ea pode acompanhar o andamento diretamente pelo site.<\/li>\n<\/ul>\n\n\n\n<p>Lembre-se de revisar todas as informa\u00e7\u00f5es antes de enviar sua candidatura. Pequenos detalhes fazem diferen\u00e7a na hora da sele\u00e7\u00e3o!<\/p>\n\n\n\n<h2 class=\"wp-block-heading\">Dicas para destacar seu perfil<\/h2>\n\n\n\n<p>Com tantas pessoas interessadas nessas vagas, \u00e9 importante chamar aten\u00e7\u00e3o para o seu perfil. Aqui est\u00e3o algumas dicas:<\/p>\n\n\n\n<ul class=\"wp-block-list\">\n<li><strong>Customize seu curr\u00edculo:<\/strong> Ajuste seu CV para destacar experi\u00eancias e habilidades relacionadas \u00e0 vaga desejada.<\/li>\n\n\n\n<li><strong>Seja claro e objetivo:<\/strong> Evite exageros ou informa\u00e7\u00f5es irrelevantes.<\/li>\n\n\n\n<li><strong>Mostre resultados:<\/strong> Sempre que poss\u00edvel, inclua dados sobre conquistas em cargos anteriores.<\/li>\n\n\n\n<li><strong>Demonstre interesse:<\/strong> No momento da entrevista, pesquise sobre a empresa e mostre que voc\u00ea se identifica com a cultura.<\/li>\n<\/ul>\n\n\n\n<p>Agora que voc\u00ea tem todas as informa\u00e7\u00f5es, \u00e9 hora de agir. As vagas est\u00e3o abertas e esperando por profissionais como voc\u00ea.&nbsp;<\/p>\n\n\n\n<p><strong>Veja tamb\u00e9m: <a href=\"https:\/\/www.vagadeempregorj.com.br\/ar\/centauro-618-novas-vagas-de-emprego-pelo-pais\/\">Centauro: 618 novas vagas de emprego pelo pa\u00eds<\/a><\/strong><\/p>\n\n\n\n<p>28 de dezembro de 2024<\/p>","protected":false},"excerpt":{"rendered":"<p>A Granado, uma das marcas mais tradicionais e queridas do Brasil, acaba de anunciar 92 novas oportunidades de emprego no Rio de Janeiro. Para quem sonha em trabalhar em uma empresa com hist\u00f3ria e que continua em expans\u00e3o, essa \u00e9 uma excelente oportunidade.&nbsp; Quais s\u00e3o as oportunidades de carreira na Granado? A Granado est\u00e1 oferecendo&hellip;&nbsp;<\/p>","protected":false},"author":16,"featured_media":41669,"comment_status":"closed","ping_status":"closed","sticky":false,"template":"","format":"standard","meta":{"neve_meta_sidebar":"","neve_meta_container":"","neve_meta_enable_content_width":"","neve_meta_content_width":0,"neve_meta_title_alignment":"","neve_meta_author_avatar":"","neve_post_elements_order":"","neve_meta_disable_header":"","neve_meta_disable_footer":"","neve_meta_disable_title":"","footnotes":""},"categories":[123],"tags":[830,608],"class_list":["post-41650","post","type-post","status-publish","format-standard","has-post-thumbnail","hentry","category-vagas-de-emprego-nacionais","tag-empregos","tag-oportunidades"],"yoast_head":"<!-- This site is optimized with the Yoast SEO plugin v27.5 - https:\/\/yoast.com\/product\/yoast-seo-wordpress\/ -->\n<title>Granado: 92 vagas de emprego abertas no Rio de Janeiro -<\/title>\n<meta name=\"description\" content=\"Veja em Vagas de Emprego RJ as vagas de emprego com e sem experi\u00eancia no seu Estado e Regi\u00e3o!\" \/>\n<meta name=\"robots\" content=\"index, follow, max-snippet:-1, max-image-preview:large, max-video-preview:-1\" \/>\n<link rel=\"canonical\" href=\"https:\/\/www.vagadeempregorj.com.br\/ar\/granado-92-vagas-de-emprego-abertas-no-rio-de-janeiro\/\" \/>\n<meta property=\"og:locale\" content=\"ar_AR\" \/>\n<meta property=\"og:type\" content=\"article\" \/>\n<meta property=\"og:title\" content=\"Granado: 92 vagas de emprego abertas no Rio de Janeiro -\" \/>\n<meta property=\"og:description\" content=\"Veja em Vagas de Emprego RJ as vagas de emprego com e sem experi\u00eancia no seu Estado e Regi\u00e3o!\" \/>\n<meta property=\"og:url\" content=\"https:\/\/www.vagadeempregorj.com.br\/ar\/granado-92-vagas-de-emprego-abertas-no-rio-de-janeiro\/\" \/>\n<meta property=\"article:publisher\" content=\"https:\/\/www.facebook.com\/empregobrasiloficial\" \/>\n<meta property=\"article:published_time\" content=\"2024-12-28T09:00:00+00:00\" \/>\n<meta property=\"og:image\" content=\"https:\/\/www.vagadeempregorj.com.br\/wp-content\/uploads\/2024\/12\/image-21.png\" \/>\n\t<meta property=\"og:image:width\" content=\"600\" \/>\n\t<meta property=\"og:image:height\" content=\"400\" \/>\n\t<meta property=\"og:image:type\" content=\"image\/png\" \/>\n<meta name=\"author\" content=\"Michele\" \/>\n<meta name=\"twitter:card\" content=\"summary_large_image\" \/>\n<meta name=\"twitter:label1\" content=\"Written by\" \/>\n\t<meta name=\"twitter:data1\" content=\"Michele\" \/>\n\t<meta name=\"twitter:label2\" content=\"Est. reading time\" \/>\n\t<meta name=\"twitter:data2\" content=\"4 \u062f\u0642\u0627\u0626\u0642\" \/>\n<script type=\"application\/ld+json\" class=\"yoast-schema-graph\">{\"@context\":\"https:\\\/\\\/schema.org\",\"@graph\":[{\"@type\":\"Article\",\"@id\":\"https:\\\/\\\/www.vagadeempregorj.com.br\\\/granado-92-vagas-de-emprego-abertas-no-rio-de-janeiro\\\/#article\",\"isPartOf\":{\"@id\":\"https:\\\/\\\/www.vagadeempregorj.com.br\\\/granado-92-vagas-de-emprego-abertas-no-rio-de-janeiro\\\/\"},\"author\":{\"name\":\"Michele\",\"@id\":\"https:\\\/\\\/www.vagadeempregorj.com.br\\\/#\\\/schema\\\/person\\\/3ddb19fa0539706786e502152f3aae95\"},\"headline\":\"Granado: 92 vagas de emprego abertas no Rio de Janeiro\",\"datePublished\":\"2024-12-28T09:00:00+00:00\",\"mainEntityOfPage\":{\"@id\":\"https:\\\/\\\/www.vagadeempregorj.com.br\\\/granado-92-vagas-de-emprego-abertas-no-rio-de-janeiro\\\/\"},\"wordCount\":825,\"image\":{\"@id\":\"https:\\\/\\\/www.vagadeempregorj.com.br\\\/granado-92-vagas-de-emprego-abertas-no-rio-de-janeiro\\\/#primaryimage\"},\"thumbnailUrl\":\"https:\\\/\\\/www.vagadeempregorj.com.br\\\/wp-content\\\/uploads\\\/2024\\\/12\\\/image-21.png\",\"keywords\":[\"empregos\",\"oportunidades\"],\"articleSection\":[\"Vagas de Emprego Nacionais\"],\"inLanguage\":\"ar\"},{\"@type\":\"WebPage\",\"@id\":\"https:\\\/\\\/www.vagadeempregorj.com.br\\\/granado-92-vagas-de-emprego-abertas-no-rio-de-janeiro\\\/\",\"url\":\"https:\\\/\\\/www.vagadeempregorj.com.br\\\/granado-92-vagas-de-emprego-abertas-no-rio-de-janeiro\\\/\",\"name\":\"Granado: 92 vagas de emprego abertas no Rio de Janeiro -\",\"isPartOf\":{\"@id\":\"https:\\\/\\\/www.vagadeempregorj.com.br\\\/#website\"},\"primaryImageOfPage\":{\"@id\":\"https:\\\/\\\/www.vagadeempregorj.com.br\\\/granado-92-vagas-de-emprego-abertas-no-rio-de-janeiro\\\/#primaryimage\"},\"image\":{\"@id\":\"https:\\\/\\\/www.vagadeempregorj.com.br\\\/granado-92-vagas-de-emprego-abertas-no-rio-de-janeiro\\\/#primaryimage\"},\"thumbnailUrl\":\"https:\\\/\\\/www.vagadeempregorj.com.br\\\/wp-content\\\/uploads\\\/2024\\\/12\\\/image-21.png\",\"datePublished\":\"2024-12-28T09:00:00+00:00\",\"author\":{\"@id\":\"https:\\\/\\\/www.vagadeempregorj.com.br\\\/#\\\/schema\\\/person\\\/3ddb19fa0539706786e502152f3aae95\"},\"description\":\"Veja em Vagas de Emprego RJ as vagas de emprego com e sem experi\u00eancia no seu Estado e Regi\u00e3o!\",\"breadcrumb\":{\"@id\":\"https:\\\/\\\/www.vagadeempregorj.com.br\\\/granado-92-vagas-de-emprego-abertas-no-rio-de-janeiro\\\/#breadcrumb\"},\"inLanguage\":\"ar\",\"potentialAction\":[{\"@type\":\"ReadAction\",\"target\":[\"https:\\\/\\\/www.vagadeempregorj.com.br\\\/granado-92-vagas-de-emprego-abertas-no-rio-de-janeiro\\\/\"]}]},{\"@type\":\"ImageObject\",\"inLanguage\":\"ar\",\"@id\":\"https:\\\/\\\/www.vagadeempregorj.com.br\\\/granado-92-vagas-de-emprego-abertas-no-rio-de-janeiro\\\/#primaryimage\",\"url\":\"https:\\\/\\\/www.vagadeempregorj.com.br\\\/wp-content\\\/uploads\\\/2024\\\/12\\\/image-21.png\",\"contentUrl\":\"https:\\\/\\\/www.vagadeempregorj.com.br\\\/wp-content\\\/uploads\\\/2024\\\/12\\\/image-21.png\",\"width\":600,\"height\":400,\"caption\":\"Granado\"},{\"@type\":\"BreadcrumbList\",\"@id\":\"https:\\\/\\\/www.vagadeempregorj.com.br\\\/granado-92-vagas-de-emprego-abertas-no-rio-de-janeiro\\\/#breadcrumb\",\"itemListElement\":[{\"@type\":\"ListItem\",\"position\":1,\"name\":\"In\u00edcio\",\"item\":\"https:\\\/\\\/www.vagadeempregorj.com.br\\\/\"},{\"@type\":\"ListItem\",\"position\":2,\"name\":\"Vagas de Emprego Nacionais\",\"item\":\"https:\\\/\\\/www.vagadeempregorj.com.br\\\/vagas-de-emprego-nacionais\\\/\"},{\"@type\":\"ListItem\",\"position\":3,\"name\":\"Granado: 92 vagas de emprego abertas no Rio de Janeiro\"}]},{\"@type\":\"WebSite\",\"@id\":\"https:\\\/\\\/www.vagadeempregorj.com.br\\\/#website\",\"url\":\"https:\\\/\\\/www.vagadeempregorj.com.br\\\/\",\"name\":\"\",\"description\":\"Conquiste Sonhos: Vagas, Benef\u00edcios e Economia para Transformar Vidas e Alcan\u00e7ar Melhorias Cotidianas\",\"potentialAction\":[{\"@type\":\"SearchAction\",\"target\":{\"@type\":\"EntryPoint\",\"urlTemplate\":\"https:\\\/\\\/www.vagadeempregorj.com.br\\\/?s={search_term_string}\"},\"query-input\":{\"@type\":\"PropertyValueSpecification\",\"valueRequired\":true,\"valueName\":\"search_term_string\"}}],\"inLanguage\":\"ar\"},{\"@type\":\"Person\",\"@id\":\"https:\\\/\\\/www.vagadeempregorj.com.br\\\/#\\\/schema\\\/person\\\/3ddb19fa0539706786e502152f3aae95\",\"name\":\"Michele\",\"image\":{\"@type\":\"ImageObject\",\"inLanguage\":\"ar\",\"@id\":\"https:\\\/\\\/secure.gravatar.com\\\/avatar\\\/6b0eb9d22841282815e2cd856a0061c45e1761cd54b22e952d98c4746939aa85?s=96&r=g\",\"url\":\"https:\\\/\\\/secure.gravatar.com\\\/avatar\\\/6b0eb9d22841282815e2cd856a0061c45e1761cd54b22e952d98c4746939aa85?s=96&r=g\",\"contentUrl\":\"https:\\\/\\\/secure.gravatar.com\\\/avatar\\\/6b0eb9d22841282815e2cd856a0061c45e1761cd54b22e952d98c4746939aa85?s=96&r=g\",\"caption\":\"Michele\"},\"description\":\"Formada em Letras - Portugu\u00eas\\\/ Ingl\u00eas, e idealizadora do site Escritora de Sucesso, busca expandir o conhecimento de todos com informa\u00e7\u00f5es relevantes sobre diversos assuntos, enquanto redatora. No Vaga de Emprego RJ, traz oportunidades e dicas sobre o mercado de trabalho.\",\"url\":\"https:\\\/\\\/www.vagadeempregorj.com.br\\\/ar\\\/author\\\/michele\\\/\"}]}<\/script>\n<!-- \/ Yoast SEO plugin. -->","yoast_head_json":{"title":"Granado: 92 vagas de emprego abertas no Rio de Janeiro -","description":"Veja em Vagas de Emprego RJ as vagas de emprego com e sem experi\u00eancia no seu Estado e Regi\u00e3o!","robots":{"index":"index","follow":"follow","max-snippet":"max-snippet:-1","max-image-preview":"max-image-preview:large","max-video-preview":"max-video-preview:-1"},"canonical":"https:\/\/www.vagadeempregorj.com.br\/ar\/granado-92-vagas-de-emprego-abertas-no-rio-de-janeiro\/","og_locale":"ar_AR","og_type":"article","og_title":"Granado: 92 vagas de emprego abertas no Rio de Janeiro -","og_description":"Veja em Vagas de Emprego RJ as vagas de emprego com e sem experi\u00eancia no seu Estado e Regi\u00e3o!","og_url":"https:\/\/www.vagadeempregorj.com.br\/ar\/granado-92-vagas-de-emprego-abertas-no-rio-de-janeiro\/","article_publisher":"https:\/\/www.facebook.com\/empregobrasiloficial","article_published_time":"2024-12-28T09:00:00+00:00","og_image":[{"width":600,"height":400,"url":"https:\/\/www.vagadeempregorj.com.br\/wp-content\/uploads\/2024\/12\/image-21.png","type":"image\/png"}],"author":"Michele","twitter_card":"summary_large_image","twitter_misc":{"Written by":"Michele","Est. reading time":"4 \u062f\u0642\u0627\u0626\u0642"},"schema":{"@context":"https:\/\/schema.org","@graph":[{"@type":"Article","@id":"https:\/\/www.vagadeempregorj.com.br\/granado-92-vagas-de-emprego-abertas-no-rio-de-janeiro\/#article","isPartOf":{"@id":"https:\/\/www.vagadeempregorj.com.br\/granado-92-vagas-de-emprego-abertas-no-rio-de-janeiro\/"},"author":{"name":"Michele","@id":"https:\/\/www.vagadeempregorj.com.br\/#\/schema\/person\/3ddb19fa0539706786e502152f3aae95"},"headline":"Granado: 92 vagas de emprego abertas no Rio de Janeiro","datePublished":"2024-12-28T09:00:00+00:00","mainEntityOfPage":{"@id":"https:\/\/www.vagadeempregorj.com.br\/granado-92-vagas-de-emprego-abertas-no-rio-de-janeiro\/"},"wordCount":825,"image":{"@id":"https:\/\/www.vagadeempregorj.com.br\/granado-92-vagas-de-emprego-abertas-no-rio-de-janeiro\/#primaryimage"},"thumbnailUrl":"https:\/\/www.vagadeempregorj.com.br\/wp-content\/uploads\/2024\/12\/image-21.png","keywords":["empregos","oportunidades"],"articleSection":["Vagas de Emprego Nacionais"],"inLanguage":"ar"},{"@type":"WebPage","@id":"https:\/\/www.vagadeempregorj.com.br\/granado-92-vagas-de-emprego-abertas-no-rio-de-janeiro\/","url":"https:\/\/www.vagadeempregorj.com.br\/granado-92-vagas-de-emprego-abertas-no-rio-de-janeiro\/","name":"Granado: 92 vagas de emprego abertas no Rio de Janeiro -","isPartOf":{"@id":"https:\/\/www.vagadeempregorj.com.br\/#website"},"primaryImageOfPage":{"@id":"https:\/\/www.vagadeempregorj.com.br\/granado-92-vagas-de-emprego-abertas-no-rio-de-janeiro\/#primaryimage"},"image":{"@id":"https:\/\/www.vagadeempregorj.com.br\/granado-92-vagas-de-emprego-abertas-no-rio-de-janeiro\/#primaryimage"},"thumbnailUrl":"https:\/\/www.vagadeempregorj.com.br\/wp-content\/uploads\/2024\/12\/image-21.png","datePublished":"2024-12-28T09:00:00+00:00","author":{"@id":"https:\/\/www.vagadeempregorj.com.br\/#\/schema\/person\/3ddb19fa0539706786e502152f3aae95"},"description":"Veja em Vagas de Emprego RJ as vagas de emprego com e sem experi\u00eancia no seu Estado e Regi\u00e3o!","breadcrumb":{"@id":"https:\/\/www.vagadeempregorj.com.br\/granado-92-vagas-de-emprego-abertas-no-rio-de-janeiro\/#breadcrumb"},"inLanguage":"ar","potentialAction":[{"@type":"ReadAction","target":["https:\/\/www.vagadeempregorj.com.br\/granado-92-vagas-de-emprego-abertas-no-rio-de-janeiro\/"]}]},{"@type":"ImageObject","inLanguage":"ar","@id":"https:\/\/www.vagadeempregorj.com.br\/granado-92-vagas-de-emprego-abertas-no-rio-de-janeiro\/#primaryimage","url":"https:\/\/www.vagadeempregorj.com.br\/wp-content\/uploads\/2024\/12\/image-21.png","contentUrl":"https:\/\/www.vagadeempregorj.com.br\/wp-content\/uploads\/2024\/12\/image-21.png","width":600,"height":400,"caption":"Granado"},{"@type":"BreadcrumbList","@id":"https:\/\/www.vagadeempregorj.com.br\/granado-92-vagas-de-emprego-abertas-no-rio-de-janeiro\/#breadcrumb","itemListElement":[{"@type":"ListItem","position":1,"name":"In\u00edcio","item":"https:\/\/www.vagadeempregorj.com.br\/"},{"@type":"ListItem","position":2,"name":"Vagas de Emprego Nacionais","item":"https:\/\/www.vagadeempregorj.com.br\/vagas-de-emprego-nacionais\/"},{"@type":"ListItem","position":3,"name":"Granado: 92 vagas de emprego abertas no Rio de Janeiro"}]},{"@type":"WebSite","@id":"https:\/\/www.vagadeempregorj.com.br\/#website","url":"https:\/\/www.vagadeempregorj.com.br\/","name":"","description":"Conquiste Sonhos: Vagas, Benef\u00edcios e Economia para Transformar Vidas e Alcan\u00e7ar Melhorias Cotidianas","potentialAction":[{"@type":"SearchAction","target":{"@type":"EntryPoint","urlTemplate":"https:\/\/www.vagadeempregorj.com.br\/?s={search_term_string}"},"query-input":{"@type":"PropertyValueSpecification","valueRequired":true,"valueName":"search_term_string"}}],"inLanguage":"ar"},{"@type":"Person","@id":"https:\/\/www.vagadeempregorj.com.br\/#\/schema\/person\/3ddb19fa0539706786e502152f3aae95","name":"Michele","image":{"@type":"ImageObject","inLanguage":"ar","@id":"https:\/\/secure.gravatar.com\/avatar\/6b0eb9d22841282815e2cd856a0061c45e1761cd54b22e952d98c4746939aa85?s=96&r=g","url":"https:\/\/secure.gravatar.com\/avatar\/6b0eb9d22841282815e2cd856a0061c45e1761cd54b22e952d98c4746939aa85?s=96&r=g","contentUrl":"https:\/\/secure.gravatar.com\/avatar\/6b0eb9d22841282815e2cd856a0061c45e1761cd54b22e952d98c4746939aa85?s=96&r=g","caption":"Michele"},"description":"Formada em Letras - Portugu\u00eas\/ Ingl\u00eas, e idealizadora do site Escritora de Sucesso, busca expandir o conhecimento de todos com informa\u00e7\u00f5es relevantes sobre diversos assuntos, enquanto redatora. No Vaga de Emprego RJ, traz oportunidades e dicas sobre o mercado de trabalho.","url":"https:\/\/www.vagadeempregorj.com.br\/ar\/author\/michele\/"}]}},"_links":{"self":[{"href":"https:\/\/www.vagadeempregorj.com.br\/ar\/wp-json\/wp\/v2\/posts\/41650","targetHints":{"allow":["GET"]}}],"collection":[{"href":"https:\/\/www.vagadeempregorj.com.br\/ar\/wp-json\/wp\/v2\/posts"}],"about":[{"href":"https:\/\/www.vagadeempregorj.com.br\/ar\/wp-json\/wp\/v2\/types\/post"}],"author":[{"embeddable":true,"href":"https:\/\/www.vagadeempregorj.com.br\/ar\/wp-json\/wp\/v2\/users\/16"}],"replies":[{"embeddable":true,"href":"https:\/\/www.vagadeempregorj.com.br\/ar\/wp-json\/wp\/v2\/comments?post=41650"}],"version-history":[{"count":0,"href":"https:\/\/www.vagadeempregorj.com.br\/ar\/wp-json\/wp\/v2\/posts\/41650\/revisions"}],"wp:featuredmedia":[{"embeddable":true,"href":"https:\/\/www.vagadeempregorj.com.br\/ar\/wp-json\/wp\/v2\/media\/41669"}],"wp:attachment":[{"href":"https:\/\/www.vagadeempregorj.com.br\/ar\/wp-json\/wp\/v2\/media?parent=41650"}],"wp:term":[{"taxonomy":"category","embeddable":true,"href":"https:\/\/www.vagadeempregorj.com.br\/ar\/wp-json\/wp\/v2\/categories?post=41650"},{"taxonomy":"post_tag","embeddable":true,"href":"https:\/\/www.vagadeempregorj.com.br\/ar\/wp-json\/wp\/v2\/tags?post=41650"}],"curies":[{"name":"wp","href":"https:\/\/api.w.org\/{rel}","templated":true}]}}