{"id":41708,"date":"2025-01-07T09:24:25","date_gmt":"2025-01-07T12:24:25","guid":{"rendered":"https:\/\/www.vagadeempregorj.com.br\/?p=41708"},"modified":"2025-01-07T09:25:29","modified_gmt":"2025-01-07T12:25:29","slug":"oportunidade-tutores-ead-ifnmg-bolsa-1100","status":"publish","type":"post","link":"https:\/\/www.vagadeempregorj.com.br\/ar\/oportunidade-tutores-ead-ifnmg-bolsa-1100\/","title":{"rendered":"Oportunidade: Tutores EAD no IFNMG com Bolsa de R$ 1.100"},"content":{"rendered":"<p class=\"has-medium-font-size\">O <strong>Instituto Federal do Norte de Minas Gerais (IFNMG)<\/strong> lan\u00e7ou, recentemente, uma excelente oportunidade para educadores com a publica\u00e7\u00e3o do <strong>Edital n\u00ba 242\/2024.<\/strong> Dessa forma, esta sele\u00e7\u00e3o visa contratar <strong>tutores a dist\u00e2ncia<\/strong> para o curso de extens\u00e3o &#8216;Forma\u00e7\u00e3o para Doc\u00eancia e Gest\u00e3o para a Educa\u00e7\u00e3o das Rela\u00e7\u00f5es \u00c9tnico-Raciais e Quilombolas', um projeto inovador que, al\u00e9m disso, busca promover a inclus\u00e3o e a diversidade nas escolas brasileiras.<\/p>\n\n\n\n<p class=\"has-medium-font-size\">Al\u00e9m disso, os selecionados para as vagas de <strong>tutores EAD no IFNMG<\/strong> receber\u00e3o uma <strong>bolsa mensal de R$ 1.100<\/strong>, com carga hor\u00e1ria de apenas 20 horas semanais. Esta \u00e9 uma chance valiosa para quem deseja contribuir para a educa\u00e7\u00e3o brasileira, ao mesmo tempo em que impulsiona sua carreira acad\u00eamica e profissional.<\/p>\n\n\n\n<h3 class=\"wp-block-heading\">Oportunidade para Tutores EAD no IFNMG<\/h3>\n\n\n\n<p class=\"has-medium-font-size\">Com a ades\u00e3o ao <strong>Programa Universidade Aberta do Brasil (UAB)<\/strong>, o IFNMG, assim, abre portas para educadores que buscam uma atua\u00e7\u00e3o significativa na <strong>educa\u00e7\u00e3o a dist\u00e2ncia<\/strong>. O objetivo do curso de extens\u00e3o, portanto, \u00e9 capacitar profissionais da educa\u00e7\u00e3o para atuar na doc\u00eancia e gest\u00e3o das rela\u00e7\u00f5es \u00e9tnico-raciais e quilombolas, um tema que, sem d\u00favida, \u00e9 de extrema relev\u00e2ncia no cen\u00e1rio atual da educa\u00e7\u00e3o brasileira.<\/p>\n\n\n\n<p class=\"has-medium-font-size\">Os tutores selecionados ir\u00e3o trabalhar diretamente com os alunos do curso, auxiliando no processo de aprendizado e, al\u00e9m disso, promovendo discuss\u00f5es enriquecedoras sobre temas de diversidade e inclus\u00e3o. O IFNMG, por meio de seu <strong>Centro de Refer\u00eancia em Forma\u00e7\u00e3o e Educa\u00e7\u00e3o a Dist\u00e2ncia (CEAD)<\/strong>, est\u00e1, portanto, buscando candidatos que possuam o perfil adequado para contribuir ativamente nesse ambiente educacional a dist\u00e2ncia.<\/p>\n\n\n\n<p class=\"has-medium-font-size\">A sele\u00e7\u00e3o dos tutores ser\u00e1 feita por meio da an\u00e1lise de documenta\u00e7\u00e3o, e a <strong>bolsa de R$ 1.100<\/strong> ser\u00e1 paga mensalmente aos selecionados, como forma de reconhecimento pelo trabalho desempenhado.<\/p>\n\n\n\n<h3 class=\"wp-block-heading\">Requisitos para Candidatura<\/h3>\n\n\n\n<p class=\"has-medium-font-size\">Para se candidatar \u00e0s vagas de tutores EAD no IFNMG, os interessados devem, primeiramente, atender a alguns requisitos espec\u00edficos. Esses requisitos, portanto, garantem que os profissionais selecionados possuam a forma\u00e7\u00e3o e a experi\u00eancia necess\u00e1rias para atuar na \u00e1rea educacional com qualidade e efici\u00eancia.<\/p>\n\n\n\n<p class=\"has-medium-font-size\"><strong>Forma\u00e7\u00e3o Acad\u00eamica:<\/strong><br>O candidato deve possuir <strong>gradua\u00e7\u00e3o completa<\/strong> em qualquer \u00e1rea, desde que seja acompanhada de <strong>p\u00f3s-gradua\u00e7\u00e3o lato sensu<\/strong> (especializa\u00e7\u00e3o). Isso garante que o tutor tenha o conhecimento acad\u00eamico necess\u00e1rio para lidar com a complexidade do conte\u00fado abordado no curso de forma\u00e7\u00e3o.<\/p>\n\n\n\n<p class=\"has-medium-font-size\"><strong>Experi\u00eancia Profissional:<\/strong><br>\u00c9 fundamental que o candidato tenha, no m\u00ednimo, <strong>um ano de experi\u00eancia<\/strong> em educa\u00e7\u00e3o b\u00e1sica ou no ensino superior. Essa experi\u00eancia pode incluir atua\u00e7\u00f5es como professor ou em fun\u00e7\u00f5es pedag\u00f3gicas, al\u00e9m de ser uma prova de familiaridade com o ambiente educacional.<\/p>\n\n\n\n<p class=\"has-medium-font-size\"><strong>Disponibilidade de Tempo:<\/strong><br>O compromisso ser\u00e1 de <strong>20 horas semanais<\/strong> dedicadas \u00e0s atividades de tutoria, o que permite uma boa concilia\u00e7\u00e3o com outras responsabilidades profissionais ou acad\u00eamicas.<\/p>\n\n\n\n<p class=\"has-medium-font-size\"><strong>Habilidades T\u00e9cnicas e Acesso \u00e0 Internet:<\/strong><br>Devido \u00e0 natureza do curso, que ser\u00e1 realizado a dist\u00e2ncia, o tutor deve ter dom\u00ednio de ferramentas digitais de ensino e acesso \u00e0 <strong>internet est\u00e1vel<\/strong>. Isso \u00e9 crucial para garantir que o tutor consiga acompanhar os alunos e interagir com eles de forma eficiente.<\/p>\n\n\n\n<div style=\"height:39px\" aria-hidden=\"true\" class=\"wp-block-spacer\"><\/div>\n\n\n\n<div class=\"wp-block-buttons is-content-justification-center is-layout-flex wp-container-core-buttons-is-layout-16018d1d wp-block-buttons-is-layout-flex\">\n<div class=\"wp-block-button has-custom-width wp-block-button__width-75 has-custom-font-size is-style-fill has-medium-font-size\"><a class=\"wp-block-button__link has-white-color has-vivid-cyan-blue-background-color has-text-color has-background has-link-color wp-element-button\" href=\"https:\/\/www.vagadeempregorj.com.br\/ar\/cursos-que-mais-empregam\/\"><strong>SAIBA MAIS SOBRE CURSOS PROFISSIONALIZANTES GRATUITOS<\/strong><\/a><\/div>\n<\/div>\n\n\n\n<div style=\"height:33px\" aria-hidden=\"true\" class=\"wp-block-spacer\"><\/div>\n\n\n\n<h3 class=\"wp-block-heading\">Remunera\u00e7\u00e3o Atraente e Processo Seletivo<\/h3>\n\n\n\n<p class=\"has-medium-font-size\">A bolsa mensal de <strong>R$ 1.100<\/strong> \u00e9 uma excelente remunera\u00e7\u00e3o, especialmente considerando a carga hor\u00e1ria reduzida de 20 horas semanais. A bolsa ser\u00e1 paga conforme as <strong>diretrizes da CAPES<\/strong>, e os tutores dever\u00e3o cumprir as atividades previstas no curso, respeitando os prazos estabelecidos.<\/p>\n\n\n\n<p class=\"has-medium-font-size\">O processo seletivo ser\u00e1 realizado em <strong>uma \u00fanica etapa<\/strong>, composta pela <strong>an\u00e1lise documental<\/strong> dos candidatos. Ser\u00e3o atribu\u00eddos pontos com base em crit\u00e9rios como:<\/p>\n\n\n\n<ul class=\"wp-block-list\">\n<li class=\"has-medium-font-size\">Aperfei\u00e7oamento acad\u00eamico e p\u00f3s-gradua\u00e7\u00e3o;<\/li>\n\n\n\n<li class=\"has-medium-font-size\">Experi\u00eancia como tutor ou professor;<\/li>\n\n\n\n<li class=\"has-medium-font-size\">Experi\u00eancia na <strong>educa\u00e7\u00e3o b\u00e1sica ou superior<\/strong>;<\/li>\n\n\n\n<li class=\"has-medium-font-size\">Atua\u00e7\u00e3o na \u00e1rea de <strong>educa\u00e7\u00e3o \u00e9tnico-racial<\/strong>;<\/li>\n\n\n\n<li class=\"has-medium-font-size\">Experi\u00eancia em <strong>modalidade a dist\u00e2ncia<\/strong>;<\/li>\n\n\n\n<li class=\"has-medium-font-size\">Participa\u00e7\u00e3o em <strong>N\u00facleo de Estudos Afro-brasileiros e Ind\u00edgenas<\/strong>.<\/li>\n<\/ul>\n\n\n\n<p class=\"has-medium-font-size\">Caso ocorra empate entre os candidatos, o IFNMG levar\u00e1 em considera\u00e7\u00e3o, adicionalmente, o desempenho em itens espec\u00edficos e a idade dos candidatos. Assim, o CEAD\/IFNMG divulgar\u00e1 os resultados no portal.<\/p>\n\n\n\n<h3 class=\"wp-block-heading\">Inscri\u00e7\u00f5es e Cronograma<\/h3>\n\n\n\n<p class=\"has-medium-font-size\">As <strong>inscri\u00e7\u00f5es para tutores EAD no IFNMG<\/strong> estar\u00e3o abertas de <strong>8 a 31 de janeiro de 2025<\/strong>, e os interessados devem se inscrever <strong>exclusivamente via internet<\/strong>, no portal do <strong>CEAD\/IFNMG<\/strong>. A inscri\u00e7\u00e3o online facilita a participa\u00e7\u00e3o de candidatos de diferentes locais, uma vez que a atua\u00e7\u00e3o ser\u00e1 a dist\u00e2ncia.<\/p>\n\n\n\n<p class=\"has-medium-font-size\">Se necess\u00e1rio, o IFNMG <strong>prorrogar\u00e1 <\/strong>o prazo, conforme a demanda ou quest\u00f5es operacionais. Para obter mais informa\u00e7\u00f5es sobre o processo seletivo e acessar o edital completo, os candidatos devem consultar o site oficial do <strong>IFNMG<\/strong>.<\/p>\n\n\n\n<h3 class=\"wp-block-heading\">Conclus\u00e3o: Participe dessa Transforma\u00e7\u00e3o na Educa\u00e7\u00e3o<\/h3>\n\n\n\n<p class=\"has-medium-font-size\">O curso de extens\u00e3o oferecido pelo IFNMG \u00e9 uma excelente oportunidade para quem deseja atuar na <strong>educa\u00e7\u00e3o a dist\u00e2ncia<\/strong> e promover a <strong>inclus\u00e3o \u00e9tnico-racial<\/strong> no Brasil. Ao se inscrever para as vagas de <strong>tutores EAD no IFNMG<\/strong>, voc\u00ea n\u00e3o s\u00f3 contribuir\u00e1 para a mudan\u00e7a social, mas tamb\u00e9m ganhar\u00e1 experi\u00eancia significativa que pode impulsionar sua carreira.<\/p>\n\n\n\n<p class=\"has-medium-font-size\">N\u00e3o perca essa chance de se tornar parte de um projeto inovador e transformador. Garanta sua inscri\u00e7\u00e3o e ajude a <strong>transformar a educa\u00e7\u00e3o<\/strong> brasileira para um futuro mais inclusivo e diverso.<\/p>\n\n\n\n<hr class=\"wp-block-separator has-alpha-channel-opacity\"\/>\n\n\n\n<p><em><a href=\"https:\/\/www.vagadeempregorj.com.br\/ar\/vagas-de-emprego-nacionais\/\">Acesse outros editais e oportunidades de tutoria EAD no IFNMG.<\/a><\/em><\/p>","protected":false},"excerpt":{"rendered":"<p>O Instituto Federal do Norte de Minas Gerais (IFNMG) lan\u00e7ou, recentemente, uma excelente oportunidade para educadores com a publica\u00e7\u00e3o do Edital n\u00ba 242\/2024. Dessa forma, esta sele\u00e7\u00e3o visa contratar tutores a dist\u00e2ncia para o curso de extens\u00e3o &#8216;Forma\u00e7\u00e3o para Doc\u00eancia e Gest\u00e3o para a Educa\u00e7\u00e3o das Rela\u00e7\u00f5es \u00c9tnico-Raciais e Quilombolas&#8217;, um projeto inovador que, al\u00e9m&hellip;&nbsp;<\/p>","protected":false},"author":1,"featured_media":41709,"comment_status":"closed","ping_status":"closed","sticky":false,"template":"","format":"standard","meta":{"neve_meta_sidebar":"","neve_meta_container":"","neve_meta_enable_content_width":"","neve_meta_content_width":0,"neve_meta_title_alignment":"","neve_meta_author_avatar":"","neve_post_elements_order":"","neve_meta_disable_header":"","neve_meta_disable_footer":"","neve_meta_disable_title":"","footnotes":""},"categories":[123],"tags":[871,867,869,868],"class_list":["post-41708","post","type-post","status-publish","format-standard","has-post-thumbnail","hentry","category-vagas-de-emprego-nacionais","tag-curso-de-extensao","tag-educacao-a-distancia","tag-ifnmg","tag-tutores-ead"],"yoast_head":"<!-- This site is optimized with the Yoast SEO plugin v27.5 - https:\/\/yoast.com\/product\/yoast-seo-wordpress\/ -->\n<title>Tutores EAD no IFNMG: Oportunidade com Bolsa de R$ 1.100 -<\/title>\n<meta name=\"description\" content=\"O IFNMG oferece vagas para tutores EAD no curso de extens\u00e3o \u00e9tnico-racial. Bolsa mensal de R$ 1.100. Inscreva-se at\u00e9 31 de janeiro!\" \/>\n<meta name=\"robots\" content=\"index, follow, max-snippet:-1, max-image-preview:large, max-video-preview:-1\" \/>\n<link rel=\"canonical\" href=\"https:\/\/www.vagadeempregorj.com.br\/ar\/oportunidade-tutores-ead-ifnmg-bolsa-1100\/\" \/>\n<meta property=\"og:locale\" content=\"ar_AR\" \/>\n<meta property=\"og:type\" content=\"article\" \/>\n<meta property=\"og:title\" content=\"Tutores EAD no IFNMG: Oportunidade com Bolsa de R$ 1.100 -\" \/>\n<meta property=\"og:description\" content=\"O IFNMG oferece vagas para tutores EAD no curso de extens\u00e3o \u00e9tnico-racial. Bolsa mensal de R$ 1.100. Inscreva-se at\u00e9 31 de janeiro!\" \/>\n<meta property=\"og:url\" content=\"https:\/\/www.vagadeempregorj.com.br\/ar\/oportunidade-tutores-ead-ifnmg-bolsa-1100\/\" \/>\n<meta property=\"article:publisher\" content=\"https:\/\/www.facebook.com\/empregobrasiloficial\" \/>\n<meta property=\"article:published_time\" content=\"2025-01-07T12:24:25+00:00\" \/>\n<meta property=\"article:modified_time\" content=\"2025-01-07T12:25:29+00:00\" \/>\n<meta property=\"og:image\" content=\"https:\/\/www.vagadeempregorj.com.br\/wp-content\/uploads\/2025\/01\/Tutores-EAD-no-IFNMG.jpeg\" \/>\n\t<meta property=\"og:image:width\" content=\"1312\" \/>\n\t<meta property=\"og:image:height\" content=\"736\" \/>\n\t<meta property=\"og:image:type\" content=\"image\/jpeg\" \/>\n<meta name=\"author\" content=\"Ana B.\" \/>\n<meta name=\"twitter:card\" content=\"summary_large_image\" \/>\n<meta name=\"twitter:label1\" content=\"\u0643\u064f\u062a\u0628 \u0628\u0648\u0627\u0633\u0637\u0629\" \/>\n\t<meta name=\"twitter:data1\" content=\"Ana B.\" \/>\n\t<meta name=\"twitter:label2\" content=\"\u0648\u0642\u062a \u0627\u0644\u0642\u0631\u0627\u0621\u0629 \u0627\u0644\u0645\u064f\u0642\u062f\u0651\u0631\" \/>\n\t<meta name=\"twitter:data2\" content=\"5 \u062f\u0642\u0627\u0626\u0642\" \/>\n<script type=\"application\/ld+json\" class=\"yoast-schema-graph\">{\"@context\":\"https:\\\/\\\/schema.org\",\"@graph\":[{\"@type\":\"Article\",\"@id\":\"https:\\\/\\\/www.vagadeempregorj.com.br\\\/oportunidade-tutores-ead-ifnmg-bolsa-1100\\\/#article\",\"isPartOf\":{\"@id\":\"https:\\\/\\\/www.vagadeempregorj.com.br\\\/oportunidade-tutores-ead-ifnmg-bolsa-1100\\\/\"},\"author\":{\"name\":\"Ana B.\",\"@id\":\"https:\\\/\\\/www.vagadeempregorj.com.br\\\/#\\\/schema\\\/person\\\/c0c38d5d765e86c3b7c8f12fb1ae6477\"},\"headline\":\"Oportunidade: Tutores EAD no IFNMG com Bolsa de R$ 1.100\",\"datePublished\":\"2025-01-07T12:24:25+00:00\",\"dateModified\":\"2025-01-07T12:25:29+00:00\",\"mainEntityOfPage\":{\"@id\":\"https:\\\/\\\/www.vagadeempregorj.com.br\\\/oportunidade-tutores-ead-ifnmg-bolsa-1100\\\/\"},\"wordCount\":929,\"image\":{\"@id\":\"https:\\\/\\\/www.vagadeempregorj.com.br\\\/oportunidade-tutores-ead-ifnmg-bolsa-1100\\\/#primaryimage\"},\"thumbnailUrl\":\"https:\\\/\\\/www.vagadeempregorj.com.br\\\/wp-content\\\/uploads\\\/2025\\\/01\\\/Tutores-EAD-no-IFNMG.jpeg\",\"keywords\":[\"curso de extens\u00e3o\",\"educa\u00e7\u00e3o a dist\u00e2ncia\",\"IFNMG\",\"tutores EAD\"],\"articleSection\":[\"Vagas de Emprego Nacionais\"],\"inLanguage\":\"ar\"},{\"@type\":\"WebPage\",\"@id\":\"https:\\\/\\\/www.vagadeempregorj.com.br\\\/oportunidade-tutores-ead-ifnmg-bolsa-1100\\\/\",\"url\":\"https:\\\/\\\/www.vagadeempregorj.com.br\\\/oportunidade-tutores-ead-ifnmg-bolsa-1100\\\/\",\"name\":\"Tutores EAD no IFNMG: Oportunidade com Bolsa de R$ 1.100 -\",\"isPartOf\":{\"@id\":\"https:\\\/\\\/www.vagadeempregorj.com.br\\\/#website\"},\"primaryImageOfPage\":{\"@id\":\"https:\\\/\\\/www.vagadeempregorj.com.br\\\/oportunidade-tutores-ead-ifnmg-bolsa-1100\\\/#primaryimage\"},\"image\":{\"@id\":\"https:\\\/\\\/www.vagadeempregorj.com.br\\\/oportunidade-tutores-ead-ifnmg-bolsa-1100\\\/#primaryimage\"},\"thumbnailUrl\":\"https:\\\/\\\/www.vagadeempregorj.com.br\\\/wp-content\\\/uploads\\\/2025\\\/01\\\/Tutores-EAD-no-IFNMG.jpeg\",\"datePublished\":\"2025-01-07T12:24:25+00:00\",\"dateModified\":\"2025-01-07T12:25:29+00:00\",\"author\":{\"@id\":\"https:\\\/\\\/www.vagadeempregorj.com.br\\\/#\\\/schema\\\/person\\\/c0c38d5d765e86c3b7c8f12fb1ae6477\"},\"description\":\"O IFNMG oferece vagas para tutores EAD no curso de extens\u00e3o \u00e9tnico-racial. Bolsa mensal de R$ 1.100. Inscreva-se at\u00e9 31 de janeiro!\",\"breadcrumb\":{\"@id\":\"https:\\\/\\\/www.vagadeempregorj.com.br\\\/oportunidade-tutores-ead-ifnmg-bolsa-1100\\\/#breadcrumb\"},\"inLanguage\":\"ar\",\"potentialAction\":[{\"@type\":\"ReadAction\",\"target\":[\"https:\\\/\\\/www.vagadeempregorj.com.br\\\/oportunidade-tutores-ead-ifnmg-bolsa-1100\\\/\"]}]},{\"@type\":\"ImageObject\",\"inLanguage\":\"ar\",\"@id\":\"https:\\\/\\\/www.vagadeempregorj.com.br\\\/oportunidade-tutores-ead-ifnmg-bolsa-1100\\\/#primaryimage\",\"url\":\"https:\\\/\\\/www.vagadeempregorj.com.br\\\/wp-content\\\/uploads\\\/2025\\\/01\\\/Tutores-EAD-no-IFNMG.jpeg\",\"contentUrl\":\"https:\\\/\\\/www.vagadeempregorj.com.br\\\/wp-content\\\/uploads\\\/2025\\\/01\\\/Tutores-EAD-no-IFNMG.jpeg\",\"width\":1312,\"height\":736,\"caption\":\"Tutores EAD no IFNMG\"},{\"@type\":\"BreadcrumbList\",\"@id\":\"https:\\\/\\\/www.vagadeempregorj.com.br\\\/oportunidade-tutores-ead-ifnmg-bolsa-1100\\\/#breadcrumb\",\"itemListElement\":[{\"@type\":\"ListItem\",\"position\":1,\"name\":\"In\u00edcio\",\"item\":\"https:\\\/\\\/www.vagadeempregorj.com.br\\\/\"},{\"@type\":\"ListItem\",\"position\":2,\"name\":\"Vagas de Emprego Nacionais\",\"item\":\"https:\\\/\\\/www.vagadeempregorj.com.br\\\/vagas-de-emprego-nacionais\\\/\"},{\"@type\":\"ListItem\",\"position\":3,\"name\":\"Oportunidade: Tutores EAD no IFNMG com Bolsa de R$ 1.100\"}]},{\"@type\":\"WebSite\",\"@id\":\"https:\\\/\\\/www.vagadeempregorj.com.br\\\/#website\",\"url\":\"https:\\\/\\\/www.vagadeempregorj.com.br\\\/\",\"name\":\"\",\"description\":\"Conquiste Sonhos: Vagas, Benef\u00edcios e Economia para Transformar Vidas e Alcan\u00e7ar Melhorias Cotidianas\",\"potentialAction\":[{\"@type\":\"SearchAction\",\"target\":{\"@type\":\"EntryPoint\",\"urlTemplate\":\"https:\\\/\\\/www.vagadeempregorj.com.br\\\/?s={search_term_string}\"},\"query-input\":{\"@type\":\"PropertyValueSpecification\",\"valueRequired\":true,\"valueName\":\"search_term_string\"}}],\"inLanguage\":\"ar\"},{\"@type\":\"Person\",\"@id\":\"https:\\\/\\\/www.vagadeempregorj.com.br\\\/#\\\/schema\\\/person\\\/c0c38d5d765e86c3b7c8f12fb1ae6477\",\"name\":\"Ana B.\",\"image\":{\"@type\":\"ImageObject\",\"inLanguage\":\"ar\",\"@id\":\"https:\\\/\\\/secure.gravatar.com\\\/avatar\\\/f5efa58599e07f8dd92f26c7cfbc442fd115582bc681245452e503c2ef2334f3?s=96&r=g\",\"url\":\"https:\\\/\\\/secure.gravatar.com\\\/avatar\\\/f5efa58599e07f8dd92f26c7cfbc442fd115582bc681245452e503c2ef2334f3?s=96&r=g\",\"contentUrl\":\"https:\\\/\\\/secure.gravatar.com\\\/avatar\\\/f5efa58599e07f8dd92f26c7cfbc442fd115582bc681245452e503c2ef2334f3?s=96&r=g\",\"caption\":\"Ana B.\"},\"description\":\"Meu nome \u00e9 Ana e sou apaixonada em escrever. Dedico meu tempo escrevendo not\u00edcias e vagas de emprego diariamente no portal Vaga de Emprego RJ.\",\"url\":\"https:\\\/\\\/www.vagadeempregorj.com.br\\\/ar\\\/author\\\/vgrj\\\/\"}]}<\/script>\n<!-- \/ Yoast SEO plugin. -->","yoast_head_json":{"title":"Tutores EAD no IFNMG: Oportunidade com Bolsa de R$ 1.100 -","description":"O IFNMG oferece vagas para tutores EAD no curso de extens\u00e3o \u00e9tnico-racial. Bolsa mensal de R$ 1.100. Inscreva-se at\u00e9 31 de janeiro!","robots":{"index":"index","follow":"follow","max-snippet":"max-snippet:-1","max-image-preview":"max-image-preview:large","max-video-preview":"max-video-preview:-1"},"canonical":"https:\/\/www.vagadeempregorj.com.br\/ar\/oportunidade-tutores-ead-ifnmg-bolsa-1100\/","og_locale":"ar_AR","og_type":"article","og_title":"Tutores EAD no IFNMG: Oportunidade com Bolsa de R$ 1.100 -","og_description":"O IFNMG oferece vagas para tutores EAD no curso de extens\u00e3o \u00e9tnico-racial. Bolsa mensal de R$ 1.100. Inscreva-se at\u00e9 31 de janeiro!","og_url":"https:\/\/www.vagadeempregorj.com.br\/ar\/oportunidade-tutores-ead-ifnmg-bolsa-1100\/","article_publisher":"https:\/\/www.facebook.com\/empregobrasiloficial","article_published_time":"2025-01-07T12:24:25+00:00","article_modified_time":"2025-01-07T12:25:29+00:00","og_image":[{"width":1312,"height":736,"url":"https:\/\/www.vagadeempregorj.com.br\/wp-content\/uploads\/2025\/01\/Tutores-EAD-no-IFNMG.jpeg","type":"image\/jpeg"}],"author":"Ana B.","twitter_card":"summary_large_image","twitter_misc":{"\u0643\u064f\u062a\u0628 \u0628\u0648\u0627\u0633\u0637\u0629":"Ana B.","\u0648\u0642\u062a \u0627\u0644\u0642\u0631\u0627\u0621\u0629 \u0627\u0644\u0645\u064f\u0642\u062f\u0651\u0631":"5 \u062f\u0642\u0627\u0626\u0642"},"schema":{"@context":"https:\/\/schema.org","@graph":[{"@type":"Article","@id":"https:\/\/www.vagadeempregorj.com.br\/oportunidade-tutores-ead-ifnmg-bolsa-1100\/#article","isPartOf":{"@id":"https:\/\/www.vagadeempregorj.com.br\/oportunidade-tutores-ead-ifnmg-bolsa-1100\/"},"author":{"name":"Ana B.","@id":"https:\/\/www.vagadeempregorj.com.br\/#\/schema\/person\/c0c38d5d765e86c3b7c8f12fb1ae6477"},"headline":"Oportunidade: Tutores EAD no IFNMG com Bolsa de R$ 1.100","datePublished":"2025-01-07T12:24:25+00:00","dateModified":"2025-01-07T12:25:29+00:00","mainEntityOfPage":{"@id":"https:\/\/www.vagadeempregorj.com.br\/oportunidade-tutores-ead-ifnmg-bolsa-1100\/"},"wordCount":929,"image":{"@id":"https:\/\/www.vagadeempregorj.com.br\/oportunidade-tutores-ead-ifnmg-bolsa-1100\/#primaryimage"},"thumbnailUrl":"https:\/\/www.vagadeempregorj.com.br\/wp-content\/uploads\/2025\/01\/Tutores-EAD-no-IFNMG.jpeg","keywords":["curso de extens\u00e3o","educa\u00e7\u00e3o a dist\u00e2ncia","IFNMG","tutores EAD"],"articleSection":["Vagas de Emprego Nacionais"],"inLanguage":"ar"},{"@type":"WebPage","@id":"https:\/\/www.vagadeempregorj.com.br\/oportunidade-tutores-ead-ifnmg-bolsa-1100\/","url":"https:\/\/www.vagadeempregorj.com.br\/oportunidade-tutores-ead-ifnmg-bolsa-1100\/","name":"Tutores EAD no IFNMG: Oportunidade com Bolsa de R$ 1.100 -","isPartOf":{"@id":"https:\/\/www.vagadeempregorj.com.br\/#website"},"primaryImageOfPage":{"@id":"https:\/\/www.vagadeempregorj.com.br\/oportunidade-tutores-ead-ifnmg-bolsa-1100\/#primaryimage"},"image":{"@id":"https:\/\/www.vagadeempregorj.com.br\/oportunidade-tutores-ead-ifnmg-bolsa-1100\/#primaryimage"},"thumbnailUrl":"https:\/\/www.vagadeempregorj.com.br\/wp-content\/uploads\/2025\/01\/Tutores-EAD-no-IFNMG.jpeg","datePublished":"2025-01-07T12:24:25+00:00","dateModified":"2025-01-07T12:25:29+00:00","author":{"@id":"https:\/\/www.vagadeempregorj.com.br\/#\/schema\/person\/c0c38d5d765e86c3b7c8f12fb1ae6477"},"description":"O IFNMG oferece vagas para tutores EAD no curso de extens\u00e3o \u00e9tnico-racial. Bolsa mensal de R$ 1.100. Inscreva-se at\u00e9 31 de janeiro!","breadcrumb":{"@id":"https:\/\/www.vagadeempregorj.com.br\/oportunidade-tutores-ead-ifnmg-bolsa-1100\/#breadcrumb"},"inLanguage":"ar","potentialAction":[{"@type":"ReadAction","target":["https:\/\/www.vagadeempregorj.com.br\/oportunidade-tutores-ead-ifnmg-bolsa-1100\/"]}]},{"@type":"ImageObject","inLanguage":"ar","@id":"https:\/\/www.vagadeempregorj.com.br\/oportunidade-tutores-ead-ifnmg-bolsa-1100\/#primaryimage","url":"https:\/\/www.vagadeempregorj.com.br\/wp-content\/uploads\/2025\/01\/Tutores-EAD-no-IFNMG.jpeg","contentUrl":"https:\/\/www.vagadeempregorj.com.br\/wp-content\/uploads\/2025\/01\/Tutores-EAD-no-IFNMG.jpeg","width":1312,"height":736,"caption":"Tutores EAD no IFNMG"},{"@type":"BreadcrumbList","@id":"https:\/\/www.vagadeempregorj.com.br\/oportunidade-tutores-ead-ifnmg-bolsa-1100\/#breadcrumb","itemListElement":[{"@type":"ListItem","position":1,"name":"In\u00edcio","item":"https:\/\/www.vagadeempregorj.com.br\/"},{"@type":"ListItem","position":2,"name":"Vagas de Emprego Nacionais","item":"https:\/\/www.vagadeempregorj.com.br\/vagas-de-emprego-nacionais\/"},{"@type":"ListItem","position":3,"name":"Oportunidade: Tutores EAD no IFNMG com Bolsa de R$ 1.100"}]},{"@type":"WebSite","@id":"https:\/\/www.vagadeempregorj.com.br\/#website","url":"https:\/\/www.vagadeempregorj.com.br\/","name":"","description":"\u062a\u062d\u0642\u064a\u0642 \u0627\u0644\u0623\u062d\u0644\u0627\u0645: \u0641\u0631\u0635 \u0639\u0645\u0644\u060c \u0645\u0632\u0627\u064a\u0627\u060c \u0648\u062a\u0648\u0641\u064a\u0631\u0627\u062a \u0644\u062a\u063a\u064a\u064a\u0631 \u0627\u0644\u062d\u064a\u0627\u0629 \u0648\u062a\u062d\u0642\u064a\u0642 \u062a\u062d\u0633\u064a\u0646\u0627\u062a \u064a\u0648\u0645\u064a\u0629","potentialAction":[{"@type":"SearchAction","target":{"@type":"EntryPoint","urlTemplate":"https:\/\/www.vagadeempregorj.com.br\/?s={search_term_string}"},"query-input":{"@type":"PropertyValueSpecification","valueRequired":true,"valueName":"search_term_string"}}],"inLanguage":"ar"},{"@type":"Person","@id":"https:\/\/www.vagadeempregorj.com.br\/#\/schema\/person\/c0c38d5d765e86c3b7c8f12fb1ae6477","name":"Ana B.","image":{"@type":"ImageObject","inLanguage":"ar","@id":"https:\/\/secure.gravatar.com\/avatar\/f5efa58599e07f8dd92f26c7cfbc442fd115582bc681245452e503c2ef2334f3?s=96&r=g","url":"https:\/\/secure.gravatar.com\/avatar\/f5efa58599e07f8dd92f26c7cfbc442fd115582bc681245452e503c2ef2334f3?s=96&r=g","contentUrl":"https:\/\/secure.gravatar.com\/avatar\/f5efa58599e07f8dd92f26c7cfbc442fd115582bc681245452e503c2ef2334f3?s=96&r=g","caption":"Ana B."},"description":"Meu nome \u00e9 Ana e sou apaixonada em escrever. Dedico meu tempo escrevendo not\u00edcias e vagas de emprego diariamente no portal Vaga de Emprego RJ.","url":"https:\/\/www.vagadeempregorj.com.br\/ar\/author\/vgrj\/"}]}},"_links":{"self":[{"href":"https:\/\/www.vagadeempregorj.com.br\/ar\/wp-json\/wp\/v2\/posts\/41708","targetHints":{"allow":["GET"]}}],"collection":[{"href":"https:\/\/www.vagadeempregorj.com.br\/ar\/wp-json\/wp\/v2\/posts"}],"about":[{"href":"https:\/\/www.vagadeempregorj.com.br\/ar\/wp-json\/wp\/v2\/types\/post"}],"author":[{"embeddable":true,"href":"https:\/\/www.vagadeempregorj.com.br\/ar\/wp-json\/wp\/v2\/users\/1"}],"replies":[{"embeddable":true,"href":"https:\/\/www.vagadeempregorj.com.br\/ar\/wp-json\/wp\/v2\/comments?post=41708"}],"version-history":[{"count":0,"href":"https:\/\/www.vagadeempregorj.com.br\/ar\/wp-json\/wp\/v2\/posts\/41708\/revisions"}],"wp:featuredmedia":[{"embeddable":true,"href":"https:\/\/www.vagadeempregorj.com.br\/ar\/wp-json\/wp\/v2\/media\/41709"}],"wp:attachment":[{"href":"https:\/\/www.vagadeempregorj.com.br\/ar\/wp-json\/wp\/v2\/media?parent=41708"}],"wp:term":[{"taxonomy":"category","embeddable":true,"href":"https:\/\/www.vagadeempregorj.com.br\/ar\/wp-json\/wp\/v2\/categories?post=41708"},{"taxonomy":"post_tag","embeddable":true,"href":"https:\/\/www.vagadeempregorj.com.br\/ar\/wp-json\/wp\/v2\/tags?post=41708"}],"curies":[{"name":"wp","href":"https:\/\/api.w.org\/{rel}","templated":true}]}}