{"id":41712,"date":"2025-01-08T09:36:44","date_gmt":"2025-01-08T12:36:44","guid":{"rendered":"https:\/\/www.vagadeempregorj.com.br\/?p=41712"},"modified":"2025-06-15T14:46:42","modified_gmt":"2025-06-15T17:46:42","slug":"educacao-especial-inclusiva","status":"publish","type":"post","link":"https:\/\/www.vagadeempregorj.com.br\/ar\/educacao-especial-inclusiva\/","title":{"rendered":"Curso de Educa\u00e7\u00e3o Especial Inclusiva: Inscri\u00e7\u00f5es Abertas no Brasil"},"content":{"rendered":"<p class=\"has-medium-font-size\">Est\u00e3o abertas as inscri\u00e7\u00f5es para o <strong>Curso de Educa\u00e7\u00e3o Especial Inclusiva<\/strong>, uma forma\u00e7\u00e3o essencial para professores e gestores da educa\u00e7\u00e3o b\u00e1sica. Al\u00e9m disso, promovido pelo Minist\u00e9rio da Educa\u00e7\u00e3o (MEC), por meio da CAPES, o curso \u00e9 ofertado em parceria com diversas institui\u00e7\u00f5es de ensino superior (IES) em todo o Brasil. Com foco em pr\u00e1ticas pedag\u00f3gicas alinhadas \u00e0 educa\u00e7\u00e3o inclusiva, essa forma\u00e7\u00e3o tem como objetivo capacitar educadores para atender, de forma eficaz, \u00e0s demandas de alunos com necessidades educacionais espec\u00edficas.<\/p>\n\n\n\n<h3 class=\"wp-block-heading\">Oportunidade de Capacita\u00e7\u00e3o para Educadores<\/h3>\n\n\n\n<p class=\"has-medium-font-size\">O <strong>Curso de Educa\u00e7\u00e3o Especial Inclusiva<\/strong> \u00e9 direcionado a profissionais da educa\u00e7\u00e3o b\u00e1sica que desejam ampliar seus conhecimentos sobre inclus\u00e3o escolar. Al\u00e9m disso, a forma\u00e7\u00e3o, com carga hor\u00e1ria de 120 horas, \u00e9 realizada na modalidade de educa\u00e7\u00e3o a dist\u00e2ncia (EaD) pelo sistema Universidade Aberta do Brasil (UAB), o que garante maior flexibilidade para os participantes. At\u00e9 o momento, 16 institui\u00e7\u00f5es est\u00e3o com inscri\u00e7\u00f5es abertas, incluindo universidades e institutos federais em diversas regi\u00f5es do pa\u00eds. Dessa forma, o objetivo principal \u00e9 capacitar educadores para desenvolver concep\u00e7\u00f5es pedag\u00f3gicas alinhadas \u00e0s pol\u00edticas nacionais de educa\u00e7\u00e3o especial.<\/p>\n\n\n\n<h3 class=\"wp-block-heading\">Institui\u00e7\u00f5es e Prazos de Inscri\u00e7\u00e3o<\/h3>\n\n\n\n<p class=\"has-medium-font-size\">As inscri\u00e7\u00f5es est\u00e3o dispon\u00edveis em v\u00e1rias datas, dependendo da institui\u00e7\u00e3o. Confira alguns prazos:<\/p>\n\n\n\n<ul class=\"wp-block-list\">\n<li class=\"has-medium-font-size\"><strong>At\u00e9 10 de janeiro<\/strong>: UFSM, UFPel, Unipampa, Furg (RS).<\/li>\n\n\n\n<li class=\"has-medium-font-size\"><strong>At\u00e9 12 de janeiro<\/strong>: UFRRJ, Unirio, UERJ (RJ) e UFSJ (MG).<\/li>\n\n\n\n<li class=\"has-medium-font-size\"><strong>At\u00e9 15 de janeiro<\/strong>: IFSert\u00e3o (PE).<\/li>\n\n\n\n<li class=\"has-medium-font-size\"><strong>At\u00e9 17 de janeiro<\/strong>: UFMG (MG).<\/li>\n\n\n\n<li class=\"has-medium-font-size\"><strong>At\u00e9 31 de janeiro<\/strong>: UFPB e UEPB (PB).<\/li>\n\n\n\n<li class=\"has-medium-font-size\"><strong>At\u00e9 3 de fevereiro<\/strong>: UFPA (PA) e UFT (TO).<\/li>\n\n\n\n<li class=\"has-medium-font-size\"><strong>At\u00e9 5 de fevereiro<\/strong>: UFRB (BA).<\/li>\n\n\n\n<li class=\"has-medium-font-size\"><strong>Inscri\u00e7\u00e3o cont\u00ednua<\/strong>: IFG (GO).<br>Para mais informa\u00e7\u00f5es, acesse os sites das universidades participantes (links dispon\u00edveis no final do artigo).<\/li>\n<\/ul>\n\n\n\n<h3 class=\"wp-block-heading\">Por Que Participar do Curso de Educa\u00e7\u00e3o Especial Inclusiva?<\/h3>\n\n\n\n<p class=\"has-medium-font-size\">A forma\u00e7\u00e3o \u00e9 uma oportunidade \u00fanica para educadores interessados em promover a inclus\u00e3o escolar. Entre os principais benef\u00edcios, destacam-se:<\/p>\n\n\n\n<ul class=\"wp-block-list\">\n<li class=\"has-medium-font-size\"><strong>Capacita\u00e7\u00e3o pr\u00e1tica<\/strong>: Desenvolvimento de metodologias pedag\u00f3gicas inclusivas.<\/li>\n\n\n\n<li class=\"has-medium-font-size\"><strong>Modalidade EaD<\/strong>: Flexibilidade para conciliar o curso com outras atividades.<\/li>\n\n\n\n<li class=\"has-medium-font-size\"><strong>Reconhecimento<\/strong>: Curso coordenado pela CAPES e realizado por universidades p\u00fablicas renomadas.<br>Al\u00e9m disso, o curso est\u00e1 alinhado \u00e0s diretrizes nacionais de inclus\u00e3o, ampliando as compet\u00eancias dos educadores para atender \u00e0s necessidades dos estudantes com defici\u00eancia ou dificuldades de aprendizagem.<\/li>\n<\/ul>\n\n\n\n<h3 class=\"wp-block-heading\">Como Realizar a Inscri\u00e7\u00e3o<\/h3>\n\n\n\n<p class=\"has-medium-font-size\">Para se inscrever, os interessados devem acessar os sites das respectivas institui\u00e7\u00f5es e seguir as orienta\u00e7\u00f5es dispon\u00edveis nos editais. Cada institui\u00e7\u00e3o possui crit\u00e9rios espec\u00edficos de sele\u00e7\u00e3o e prazos definidos.<\/p>\n\n\n\n<h3 class=\"wp-block-heading\">Conclus\u00e3o<\/h3>\n\n\n\n<p class=\"has-medium-font-size\">O <strong>Curso de Educa\u00e7\u00e3o Especial Inclusiva<\/strong>, portanto, representa uma iniciativa fundamental para promover a inclus\u00e3o nas escolas brasileiras. Al\u00e9m disso, com vagas distribu\u00eddas em diversas institui\u00e7\u00f5es do pa\u00eds, educadores t\u00eam a oportunidade de adquirir conhecimentos indispens\u00e1veis para, assim, transformar a realidade escolar. Por isso, n\u00e3o perca essa chance de contribuir para uma educa\u00e7\u00e3o mais inclusiva e acess\u00edvel.<\/p>\n\n\n\n<hr class=\"wp-block-separator has-alpha-channel-opacity\"\/>\n\n\n\n<p><a href=\"https:\/\/www.vagadeempregorj.com.br\/ar\/cursos\/\">Forma\u00e7\u00e3o Continuada para Professores: Guia Completo de Capacita\u00e7\u00e3o<\/a><\/p>","protected":false},"excerpt":{"rendered":"<p>Inscreva-se no curso de Educa\u00e7\u00e3o Especial na Perspectiva Inclusiva. Diversas universidades oferecem vagas. Saiba mais e participe dessa forma\u00e7\u00e3o essencial.<\/p>","protected":false},"author":1,"featured_media":41713,"comment_status":"closed","ping_status":"closed","sticky":false,"template":"","format":"standard","meta":{"neve_meta_sidebar":"","neve_meta_container":"","neve_meta_enable_content_width":"","neve_meta_content_width":0,"neve_meta_title_alignment":"","neve_meta_author_avatar":"","neve_post_elements_order":"","neve_meta_disable_header":"","neve_meta_disable_footer":"","neve_meta_disable_title":"","footnotes":""},"categories":[703],"tags":[873,867,874,872,875],"class_list":["post-41712","post","type-post","status-publish","format-standard","has-post-thumbnail","hentry","category-informacao-tecnologica-e-curiosidades","tag-curso-para-educadores","tag-educacao-a-distancia","tag-educacao-especial-inclusiva","tag-formacao-continuada","tag-politicas-de-educacao-especial"],"yoast_head":"<!-- This site is optimized with the Yoast SEO plugin v27.5 - https:\/\/yoast.com\/product\/yoast-seo-wordpress\/ -->\n<title>Curso de Educa\u00e7\u00e3o Especial Inclusiva: Inscri\u00e7\u00f5es Abertas no Brasil -<\/title>\n<meta name=\"description\" content=\"Curso de Educa\u00e7\u00e3o Especial Inclusiva: vagas abertas em todo o Brasil para educadores. Capacite-se para promover inclus\u00e3o escolar!\" \/>\n<meta name=\"robots\" content=\"index, follow, max-snippet:-1, max-image-preview:large, max-video-preview:-1\" \/>\n<link rel=\"canonical\" href=\"https:\/\/www.vagadeempregorj.com.br\/ar\/educacao-especial-inclusiva\/\" \/>\n<meta property=\"og:locale\" content=\"ar_AR\" \/>\n<meta property=\"og:type\" content=\"article\" \/>\n<meta property=\"og:title\" content=\"Curso de Educa\u00e7\u00e3o Especial Inclusiva: Inscri\u00e7\u00f5es Abertas no Brasil -\" \/>\n<meta property=\"og:description\" content=\"Curso de Educa\u00e7\u00e3o Especial Inclusiva: vagas abertas em todo o Brasil para educadores. Capacite-se para promover inclus\u00e3o escolar!\" \/>\n<meta property=\"og:url\" content=\"https:\/\/www.vagadeempregorj.com.br\/ar\/educacao-especial-inclusiva\/\" \/>\n<meta property=\"article:publisher\" content=\"https:\/\/www.facebook.com\/empregobrasiloficial\" \/>\n<meta property=\"article:published_time\" content=\"2025-01-08T12:36:44+00:00\" \/>\n<meta property=\"article:modified_time\" content=\"2025-06-15T17:46:42+00:00\" \/>\n<meta property=\"og:image\" content=\"https:\/\/www.vagadeempregorj.com.br\/wp-content\/uploads\/2025\/01\/Curso-1.jpeg\" \/>\n\t<meta property=\"og:image:width\" content=\"468\" \/>\n\t<meta property=\"og:image:height\" content=\"311\" \/>\n\t<meta property=\"og:image:type\" content=\"image\/jpeg\" \/>\n<meta name=\"author\" content=\"Ana B.\" \/>\n<meta name=\"twitter:card\" content=\"summary_large_image\" \/>\n<meta name=\"twitter:label1\" content=\"\u0643\u064f\u062a\u0628 \u0628\u0648\u0627\u0633\u0637\u0629\" \/>\n\t<meta name=\"twitter:data1\" content=\"Ana B.\" \/>\n\t<meta name=\"twitter:label2\" content=\"\u0648\u0642\u062a \u0627\u0644\u0642\u0631\u0627\u0621\u0629 \u0627\u0644\u0645\u064f\u0642\u062f\u0651\u0631\" \/>\n\t<meta name=\"twitter:data2\" content=\"3 \u062f\u0642\u0627\u0626\u0642\" \/>\n<script type=\"application\/ld+json\" class=\"yoast-schema-graph\">{\"@context\":\"https:\\\/\\\/schema.org\",\"@graph\":[{\"@type\":\"Article\",\"@id\":\"https:\\\/\\\/www.vagadeempregorj.com.br\\\/educacao-especial-inclusiva\\\/#article\",\"isPartOf\":{\"@id\":\"https:\\\/\\\/www.vagadeempregorj.com.br\\\/educacao-especial-inclusiva\\\/\"},\"author\":{\"name\":\"Ana B.\",\"@id\":\"https:\\\/\\\/www.vagadeempregorj.com.br\\\/#\\\/schema\\\/person\\\/c0c38d5d765e86c3b7c8f12fb1ae6477\"},\"headline\":\"Curso de Educa\u00e7\u00e3o Especial Inclusiva: Inscri\u00e7\u00f5es Abertas no Brasil\",\"datePublished\":\"2025-01-08T12:36:44+00:00\",\"dateModified\":\"2025-06-15T17:46:42+00:00\",\"mainEntityOfPage\":{\"@id\":\"https:\\\/\\\/www.vagadeempregorj.com.br\\\/educacao-especial-inclusiva\\\/\"},\"wordCount\":528,\"image\":{\"@id\":\"https:\\\/\\\/www.vagadeempregorj.com.br\\\/educacao-especial-inclusiva\\\/#primaryimage\"},\"thumbnailUrl\":\"https:\\\/\\\/www.vagadeempregorj.com.br\\\/wp-content\\\/uploads\\\/2025\\\/01\\\/Curso-1.jpeg\",\"keywords\":[\"Curso para Educadores\",\"educa\u00e7\u00e3o a dist\u00e2ncia\",\"Educa\u00e7\u00e3o Especial Inclusiva\",\"Forma\u00e7\u00e3o Continuada\",\"Pol\u00edticas de Educa\u00e7\u00e3o Especial.\"],\"articleSection\":[\"Informa\u00e7\u00e3o Tecnol\u00f3gica, Curiosidades e Cursos\"],\"inLanguage\":\"ar\"},{\"@type\":\"WebPage\",\"@id\":\"https:\\\/\\\/www.vagadeempregorj.com.br\\\/educacao-especial-inclusiva\\\/\",\"url\":\"https:\\\/\\\/www.vagadeempregorj.com.br\\\/educacao-especial-inclusiva\\\/\",\"name\":\"Curso de Educa\u00e7\u00e3o Especial Inclusiva: Inscri\u00e7\u00f5es Abertas no Brasil -\",\"isPartOf\":{\"@id\":\"https:\\\/\\\/www.vagadeempregorj.com.br\\\/#website\"},\"primaryImageOfPage\":{\"@id\":\"https:\\\/\\\/www.vagadeempregorj.com.br\\\/educacao-especial-inclusiva\\\/#primaryimage\"},\"image\":{\"@id\":\"https:\\\/\\\/www.vagadeempregorj.com.br\\\/educacao-especial-inclusiva\\\/#primaryimage\"},\"thumbnailUrl\":\"https:\\\/\\\/www.vagadeempregorj.com.br\\\/wp-content\\\/uploads\\\/2025\\\/01\\\/Curso-1.jpeg\",\"datePublished\":\"2025-01-08T12:36:44+00:00\",\"dateModified\":\"2025-06-15T17:46:42+00:00\",\"author\":{\"@id\":\"https:\\\/\\\/www.vagadeempregorj.com.br\\\/#\\\/schema\\\/person\\\/c0c38d5d765e86c3b7c8f12fb1ae6477\"},\"description\":\"Curso de Educa\u00e7\u00e3o Especial Inclusiva: vagas abertas em todo o Brasil para educadores. Capacite-se para promover inclus\u00e3o escolar!\",\"breadcrumb\":{\"@id\":\"https:\\\/\\\/www.vagadeempregorj.com.br\\\/educacao-especial-inclusiva\\\/#breadcrumb\"},\"inLanguage\":\"ar\",\"potentialAction\":[{\"@type\":\"ReadAction\",\"target\":[\"https:\\\/\\\/www.vagadeempregorj.com.br\\\/educacao-especial-inclusiva\\\/\"]}]},{\"@type\":\"ImageObject\",\"inLanguage\":\"ar\",\"@id\":\"https:\\\/\\\/www.vagadeempregorj.com.br\\\/educacao-especial-inclusiva\\\/#primaryimage\",\"url\":\"https:\\\/\\\/www.vagadeempregorj.com.br\\\/wp-content\\\/uploads\\\/2025\\\/01\\\/Curso-1.jpeg\",\"contentUrl\":\"https:\\\/\\\/www.vagadeempregorj.com.br\\\/wp-content\\\/uploads\\\/2025\\\/01\\\/Curso-1.jpeg\",\"width\":468,\"height\":311,\"caption\":\"Curso de Educa\u00e7\u00e3o Especial Inclusiva\"},{\"@type\":\"BreadcrumbList\",\"@id\":\"https:\\\/\\\/www.vagadeempregorj.com.br\\\/educacao-especial-inclusiva\\\/#breadcrumb\",\"itemListElement\":[{\"@type\":\"ListItem\",\"position\":1,\"name\":\"In\u00edcio\",\"item\":\"https:\\\/\\\/www.vagadeempregorj.com.br\\\/\"},{\"@type\":\"ListItem\",\"position\":2,\"name\":\"Curso de Educa\u00e7\u00e3o Especial Inclusiva: Inscri\u00e7\u00f5es Abertas no Brasil\"}]},{\"@type\":\"WebSite\",\"@id\":\"https:\\\/\\\/www.vagadeempregorj.com.br\\\/#website\",\"url\":\"https:\\\/\\\/www.vagadeempregorj.com.br\\\/\",\"name\":\"\",\"description\":\"Conquiste Sonhos: Vagas, Benef\u00edcios e Economia para Transformar Vidas e Alcan\u00e7ar Melhorias Cotidianas\",\"potentialAction\":[{\"@type\":\"SearchAction\",\"target\":{\"@type\":\"EntryPoint\",\"urlTemplate\":\"https:\\\/\\\/www.vagadeempregorj.com.br\\\/?s={search_term_string}\"},\"query-input\":{\"@type\":\"PropertyValueSpecification\",\"valueRequired\":true,\"valueName\":\"search_term_string\"}}],\"inLanguage\":\"ar\"},{\"@type\":\"Person\",\"@id\":\"https:\\\/\\\/www.vagadeempregorj.com.br\\\/#\\\/schema\\\/person\\\/c0c38d5d765e86c3b7c8f12fb1ae6477\",\"name\":\"Ana B.\",\"image\":{\"@type\":\"ImageObject\",\"inLanguage\":\"ar\",\"@id\":\"https:\\\/\\\/secure.gravatar.com\\\/avatar\\\/f5efa58599e07f8dd92f26c7cfbc442fd115582bc681245452e503c2ef2334f3?s=96&r=g\",\"url\":\"https:\\\/\\\/secure.gravatar.com\\\/avatar\\\/f5efa58599e07f8dd92f26c7cfbc442fd115582bc681245452e503c2ef2334f3?s=96&r=g\",\"contentUrl\":\"https:\\\/\\\/secure.gravatar.com\\\/avatar\\\/f5efa58599e07f8dd92f26c7cfbc442fd115582bc681245452e503c2ef2334f3?s=96&r=g\",\"caption\":\"Ana B.\"},\"description\":\"Meu nome \u00e9 Ana e sou apaixonada em escrever. Dedico meu tempo escrevendo not\u00edcias e vagas de emprego diariamente no portal Vaga de Emprego RJ.\",\"url\":\"https:\\\/\\\/www.vagadeempregorj.com.br\\\/ar\\\/author\\\/vgrj\\\/\"}]}<\/script>\n<!-- \/ Yoast SEO plugin. -->","yoast_head_json":{"title":"Curso de Educa\u00e7\u00e3o Especial Inclusiva: Inscri\u00e7\u00f5es Abertas no Brasil -","description":"Curso de Educa\u00e7\u00e3o Especial Inclusiva: vagas abertas em todo o Brasil para educadores. Capacite-se para promover inclus\u00e3o escolar!","robots":{"index":"index","follow":"follow","max-snippet":"max-snippet:-1","max-image-preview":"max-image-preview:large","max-video-preview":"max-video-preview:-1"},"canonical":"https:\/\/www.vagadeempregorj.com.br\/ar\/educacao-especial-inclusiva\/","og_locale":"ar_AR","og_type":"article","og_title":"Curso de Educa\u00e7\u00e3o Especial Inclusiva: Inscri\u00e7\u00f5es Abertas no Brasil -","og_description":"Curso de Educa\u00e7\u00e3o Especial Inclusiva: vagas abertas em todo o Brasil para educadores. Capacite-se para promover inclus\u00e3o escolar!","og_url":"https:\/\/www.vagadeempregorj.com.br\/ar\/educacao-especial-inclusiva\/","article_publisher":"https:\/\/www.facebook.com\/empregobrasiloficial","article_published_time":"2025-01-08T12:36:44+00:00","article_modified_time":"2025-06-15T17:46:42+00:00","og_image":[{"width":468,"height":311,"url":"https:\/\/www.vagadeempregorj.com.br\/wp-content\/uploads\/2025\/01\/Curso-1.jpeg","type":"image\/jpeg"}],"author":"Ana B.","twitter_card":"summary_large_image","twitter_misc":{"\u0643\u064f\u062a\u0628 \u0628\u0648\u0627\u0633\u0637\u0629":"Ana B.","\u0648\u0642\u062a \u0627\u0644\u0642\u0631\u0627\u0621\u0629 \u0627\u0644\u0645\u064f\u0642\u062f\u0651\u0631":"3 \u062f\u0642\u0627\u0626\u0642"},"schema":{"@context":"https:\/\/schema.org","@graph":[{"@type":"Article","@id":"https:\/\/www.vagadeempregorj.com.br\/educacao-especial-inclusiva\/#article","isPartOf":{"@id":"https:\/\/www.vagadeempregorj.com.br\/educacao-especial-inclusiva\/"},"author":{"name":"Ana B.","@id":"https:\/\/www.vagadeempregorj.com.br\/#\/schema\/person\/c0c38d5d765e86c3b7c8f12fb1ae6477"},"headline":"Curso de Educa\u00e7\u00e3o Especial Inclusiva: Inscri\u00e7\u00f5es Abertas no Brasil","datePublished":"2025-01-08T12:36:44+00:00","dateModified":"2025-06-15T17:46:42+00:00","mainEntityOfPage":{"@id":"https:\/\/www.vagadeempregorj.com.br\/educacao-especial-inclusiva\/"},"wordCount":528,"image":{"@id":"https:\/\/www.vagadeempregorj.com.br\/educacao-especial-inclusiva\/#primaryimage"},"thumbnailUrl":"https:\/\/www.vagadeempregorj.com.br\/wp-content\/uploads\/2025\/01\/Curso-1.jpeg","keywords":["Curso para Educadores","educa\u00e7\u00e3o a dist\u00e2ncia","Educa\u00e7\u00e3o Especial Inclusiva","Forma\u00e7\u00e3o Continuada","Pol\u00edticas de Educa\u00e7\u00e3o Especial."],"articleSection":["Informa\u00e7\u00e3o Tecnol\u00f3gica, Curiosidades e Cursos"],"inLanguage":"ar"},{"@type":"WebPage","@id":"https:\/\/www.vagadeempregorj.com.br\/educacao-especial-inclusiva\/","url":"https:\/\/www.vagadeempregorj.com.br\/educacao-especial-inclusiva\/","name":"Curso de Educa\u00e7\u00e3o Especial Inclusiva: Inscri\u00e7\u00f5es Abertas no Brasil -","isPartOf":{"@id":"https:\/\/www.vagadeempregorj.com.br\/#website"},"primaryImageOfPage":{"@id":"https:\/\/www.vagadeempregorj.com.br\/educacao-especial-inclusiva\/#primaryimage"},"image":{"@id":"https:\/\/www.vagadeempregorj.com.br\/educacao-especial-inclusiva\/#primaryimage"},"thumbnailUrl":"https:\/\/www.vagadeempregorj.com.br\/wp-content\/uploads\/2025\/01\/Curso-1.jpeg","datePublished":"2025-01-08T12:36:44+00:00","dateModified":"2025-06-15T17:46:42+00:00","author":{"@id":"https:\/\/www.vagadeempregorj.com.br\/#\/schema\/person\/c0c38d5d765e86c3b7c8f12fb1ae6477"},"description":"Curso de Educa\u00e7\u00e3o Especial Inclusiva: vagas abertas em todo o Brasil para educadores. Capacite-se para promover inclus\u00e3o escolar!","breadcrumb":{"@id":"https:\/\/www.vagadeempregorj.com.br\/educacao-especial-inclusiva\/#breadcrumb"},"inLanguage":"ar","potentialAction":[{"@type":"ReadAction","target":["https:\/\/www.vagadeempregorj.com.br\/educacao-especial-inclusiva\/"]}]},{"@type":"ImageObject","inLanguage":"ar","@id":"https:\/\/www.vagadeempregorj.com.br\/educacao-especial-inclusiva\/#primaryimage","url":"https:\/\/www.vagadeempregorj.com.br\/wp-content\/uploads\/2025\/01\/Curso-1.jpeg","contentUrl":"https:\/\/www.vagadeempregorj.com.br\/wp-content\/uploads\/2025\/01\/Curso-1.jpeg","width":468,"height":311,"caption":"Curso de Educa\u00e7\u00e3o Especial Inclusiva"},{"@type":"BreadcrumbList","@id":"https:\/\/www.vagadeempregorj.com.br\/educacao-especial-inclusiva\/#breadcrumb","itemListElement":[{"@type":"ListItem","position":1,"name":"In\u00edcio","item":"https:\/\/www.vagadeempregorj.com.br\/"},{"@type":"ListItem","position":2,"name":"Curso de Educa\u00e7\u00e3o Especial Inclusiva: Inscri\u00e7\u00f5es Abertas no Brasil"}]},{"@type":"WebSite","@id":"https:\/\/www.vagadeempregorj.com.br\/#website","url":"https:\/\/www.vagadeempregorj.com.br\/","name":"","description":"\u062a\u062d\u0642\u064a\u0642 \u0627\u0644\u0623\u062d\u0644\u0627\u0645: \u0641\u0631\u0635 \u0639\u0645\u0644\u060c \u0645\u0632\u0627\u064a\u0627\u060c \u0648\u062a\u0648\u0641\u064a\u0631\u0627\u062a \u0644\u062a\u063a\u064a\u064a\u0631 \u0627\u0644\u062d\u064a\u0627\u0629 \u0648\u062a\u062d\u0642\u064a\u0642 \u062a\u062d\u0633\u064a\u0646\u0627\u062a \u064a\u0648\u0645\u064a\u0629","potentialAction":[{"@type":"SearchAction","target":{"@type":"EntryPoint","urlTemplate":"https:\/\/www.vagadeempregorj.com.br\/?s={search_term_string}"},"query-input":{"@type":"PropertyValueSpecification","valueRequired":true,"valueName":"search_term_string"}}],"inLanguage":"ar"},{"@type":"Person","@id":"https:\/\/www.vagadeempregorj.com.br\/#\/schema\/person\/c0c38d5d765e86c3b7c8f12fb1ae6477","name":"Ana B.","image":{"@type":"ImageObject","inLanguage":"ar","@id":"https:\/\/secure.gravatar.com\/avatar\/f5efa58599e07f8dd92f26c7cfbc442fd115582bc681245452e503c2ef2334f3?s=96&r=g","url":"https:\/\/secure.gravatar.com\/avatar\/f5efa58599e07f8dd92f26c7cfbc442fd115582bc681245452e503c2ef2334f3?s=96&r=g","contentUrl":"https:\/\/secure.gravatar.com\/avatar\/f5efa58599e07f8dd92f26c7cfbc442fd115582bc681245452e503c2ef2334f3?s=96&r=g","caption":"Ana B."},"description":"Meu nome \u00e9 Ana e sou apaixonada em escrever. Dedico meu tempo escrevendo not\u00edcias e vagas de emprego diariamente no portal Vaga de Emprego RJ.","url":"https:\/\/www.vagadeempregorj.com.br\/ar\/author\/vgrj\/"}]}},"_links":{"self":[{"href":"https:\/\/www.vagadeempregorj.com.br\/ar\/wp-json\/wp\/v2\/posts\/41712","targetHints":{"allow":["GET"]}}],"collection":[{"href":"https:\/\/www.vagadeempregorj.com.br\/ar\/wp-json\/wp\/v2\/posts"}],"about":[{"href":"https:\/\/www.vagadeempregorj.com.br\/ar\/wp-json\/wp\/v2\/types\/post"}],"author":[{"embeddable":true,"href":"https:\/\/www.vagadeempregorj.com.br\/ar\/wp-json\/wp\/v2\/users\/1"}],"replies":[{"embeddable":true,"href":"https:\/\/www.vagadeempregorj.com.br\/ar\/wp-json\/wp\/v2\/comments?post=41712"}],"version-history":[{"count":1,"href":"https:\/\/www.vagadeempregorj.com.br\/ar\/wp-json\/wp\/v2\/posts\/41712\/revisions"}],"predecessor-version":[{"id":43619,"href":"https:\/\/www.vagadeempregorj.com.br\/ar\/wp-json\/wp\/v2\/posts\/41712\/revisions\/43619"}],"wp:featuredmedia":[{"embeddable":true,"href":"https:\/\/www.vagadeempregorj.com.br\/ar\/wp-json\/wp\/v2\/media\/41713"}],"wp:attachment":[{"href":"https:\/\/www.vagadeempregorj.com.br\/ar\/wp-json\/wp\/v2\/media?parent=41712"}],"wp:term":[{"taxonomy":"category","embeddable":true,"href":"https:\/\/www.vagadeempregorj.com.br\/ar\/wp-json\/wp\/v2\/categories?post=41712"},{"taxonomy":"post_tag","embeddable":true,"href":"https:\/\/www.vagadeempregorj.com.br\/ar\/wp-json\/wp\/v2\/tags?post=41712"}],"curies":[{"name":"wp","href":"https:\/\/api.w.org\/{rel}","templated":true}]}}