{"id":41715,"date":"2025-01-09T09:10:54","date_gmt":"2025-01-09T12:10:54","guid":{"rendered":"https:\/\/www.vagadeempregorj.com.br\/?p=41715"},"modified":"2025-01-09T09:10:55","modified_gmt":"2025-01-09T12:10:55","slug":"vagas-de-emprego-na-modec","status":"publish","type":"post","link":"https:\/\/www.vagadeempregorj.com.br\/ar\/vagas-de-emprego-na-modec\/","title":{"rendered":"Vagas de Emprego na MODEC: Oportunidades no RJ e SP"},"content":{"rendered":"<p class=\"has-medium-font-size\">A MODEC, maior operadora independente de plataformas FPSO do mundo, est\u00e1 com vagas de emprego abertas para profissionais do Rio de Janeiro e S\u00e3o Paulo. Com 20 anos de atua\u00e7\u00e3o no Brasil e mais de cinco d\u00e9cadas de experi\u00eancia global, a empresa se consolidou como uma refer\u00eancia na ind\u00fastria de \u00f3leo e g\u00e1s. Portanto, essa \u00e9 uma excelente oportunidade para quem busca crescimento profissional e deseja trabalhar em uma organiza\u00e7\u00e3o multicultural e inovadora. Al\u00e9m disso, voc\u00ea poder\u00e1 conferir os detalhes das vagas abaixo.<\/p>\n\n\n\n<p class=\"has-medium-font-size\"><strong>Vagas de Emprego Dispon\u00edveis na MODEC<\/strong><\/p>\n\n\n\n<h3 class=\"wp-block-heading\"><strong>Engenheiro de Conformidade<\/strong><\/h3>\n\n\n\n<p class=\"has-medium-font-size\"><strong>Local:<\/strong> Santos, S\u00e3o Paulo<\/p>\n\n\n\n<p class=\"has-medium-font-size\"><strong>Requisitos:<\/strong><\/p>\n\n\n\n<ul class=\"wp-block-list\">\n<li class=\"has-medium-font-size\">Bacharelado em Engenharia ou \u00e1reas correlatas;<\/li>\n\n\n\n<li class=\"has-medium-font-size\">Al\u00e9m disso, p\u00f3s-gradua\u00e7\u00e3o em Engenharia de Seguran\u00e7a \u00e9 um diferencial;<\/li>\n\n\n\n<li class=\"has-medium-font-size\">Certifica\u00e7\u00e3o ISO Lead Auditor (ISO 9001, ISO 14001 ou ISO 45001);<\/li>\n\n\n\n<li class=\"has-medium-font-size\">Por fim, ingl\u00eas avan\u00e7ado para comunica\u00e7\u00e3o internacional.<\/li>\n<\/ul>\n\n\n\n<p class=\"has-medium-font-size\">Esta posi\u00e7\u00e3o oferece, portanto, a chance de trabalhar diretamente com processos de conformidade e seguran\u00e7a, contribuindo assim para o sucesso das opera\u00e7\u00f5es offshore. Al\u00e9m disso, os profissionais selecionados ter\u00e3o a oportunidade de colaborar com equipes globais, aprimorando suas habilidades em um ambiente din\u00e2mico.<\/p>\n\n\n\n<h3 class=\"wp-block-heading\"><strong>Engenheiro de Sistemas de Medi\u00e7\u00e3o<\/strong><\/h3>\n\n\n\n<p class=\"has-medium-font-size\"><strong>Local:<\/strong> Santos, S\u00e3o Paulo<\/p>\n\n\n\n<p class=\"has-medium-font-size\"><strong>Requisitos:<\/strong><\/p>\n\n\n\n<ul class=\"wp-block-list\">\n<li class=\"has-medium-font-size\">Bacharelado em Engenharia com registro no CREA;<\/li>\n\n\n\n<li class=\"has-medium-font-size\">Conhecimento das normas da ANP e ABNT (NBR ISO 10012);<\/li>\n\n\n\n<li class=\"has-medium-font-size\">Experi\u00eancia em calibra\u00e7\u00e3o e manuten\u00e7\u00e3o de instrumentos industriais;<\/li>\n\n\n\n<li class=\"has-medium-font-size\">Ingl\u00eas intermedi\u00e1rio\/avan\u00e7ado.<\/li>\n<\/ul>\n\n\n\n<p class=\"has-medium-font-size\">Atuar\u00e1 com gest\u00e3o metrol\u00f3gica de sistemas de medi\u00e7\u00e3o, garantindo efici\u00eancia e precis\u00e3o nos processos industriais. O engenheiro ser\u00e1 respons\u00e1vel por supervisionar equipamentos instalados em atmosferas explosivas, assegurando que as opera\u00e7\u00f5es estejam de acordo com as regulamenta\u00e7\u00f5es t\u00e9cnicas. Al\u00e9m disso, a posi\u00e7\u00e3o exige habilidades em lideran\u00e7a para gerenciar equipes t\u00e9cnicas de alta performance.<\/p>\n\n\n\n<h3 class=\"wp-block-heading\"><strong>R\u00e1dio Operador<\/strong><\/h3>\n\n\n\n<p class=\"has-medium-font-size\"><strong>Local:<\/strong> Rio de Janeiro, Rio de Janeiro<\/p>\n\n\n\n<p class=\"has-medium-font-size\"><strong>Requisitos:<\/strong><\/p>\n\n\n\n<ul class=\"wp-block-list\">\n<li class=\"has-medium-font-size\">Ensino m\u00e9dio completo;<\/li>\n\n\n\n<li class=\"has-medium-font-size\">Certifica\u00e7\u00f5es: GMDSS, CNS 014, HT, CBSP e Huet;<\/li>\n\n\n\n<li class=\"has-medium-font-size\">Ingl\u00eas fluente.<\/li>\n<\/ul>\n\n\n\n<p class=\"has-medium-font-size\">O profissional ser\u00e1 respons\u00e1vel pela comunica\u00e7\u00e3o e seguran\u00e7a das opera\u00e7\u00f5es em plataformas offshore. Essa fun\u00e7\u00e3o \u00e9 essencial para garantir que informa\u00e7\u00f5es cruciais sejam transmitidas de maneira precisa, contribuindo para a coordena\u00e7\u00e3o eficaz entre as equipes em terra e no mar. Al\u00e9m disso, o r\u00e1dio operador desempenha um papel vital em situa\u00e7\u00f5es de emerg\u00eancia, garantindo a seguran\u00e7a de todos a bordo.<\/p>\n\n\n\n<h3 class=\"wp-block-heading\"><strong>T\u00e9cnico de Carga<\/strong><\/h3>\n\n\n\n<p class=\"has-medium-font-size\"><strong>Local:<\/strong> Rio de Janeiro, Rio de Janeiro<\/p>\n\n\n\n<p class=\"has-medium-font-size\"><strong>Requisitos:<\/strong><\/p>\n\n\n\n<ul class=\"wp-block-list\">\n<li class=\"has-medium-font-size\">Forma\u00e7\u00e3o como Oficial de N\u00e1utica;<\/li>\n\n\n\n<li class=\"has-medium-font-size\">Experi\u00eancia em FPSO ou navio tanque;<\/li>\n\n\n\n<li class=\"has-medium-font-size\">Certifica\u00e7\u00e3o STCW CoC (II\/1) e treinamentos regulat\u00f3rios atualizados;<\/li>\n\n\n\n<li class=\"has-medium-font-size\">Ingl\u00eas fluente.<\/li>\n<\/ul>\n\n\n\n<p class=\"has-medium-font-size\">Esse cargo envolve, portanto, a coordena\u00e7\u00e3o de atividades de carga e descarga em plataformas de explora\u00e7\u00e3o. O t\u00e9cnico ser\u00e1 respons\u00e1vel por monitorar os processos de transfer\u00eancia de carga, garantindo, assim, que sejam realizados com seguran\u00e7a e dentro dos padr\u00f5es internacionais. Al\u00e9m disso, o papel requer habilidades para operar equipamentos especializados e liderar equipes em cen\u00e1rios desafiadores.<\/p>\n\n\n\n<p class=\"has-medium-font-size\"><strong>Benef\u00edcios de Trabalhar na MODEC<\/strong> A MODEC oferece um ambiente de trabalho din\u00e2mico, com forte investimento no desenvolvimento profissional. Al\u00e9m disso, os colaboradores t\u00eam a oportunidade de atuar em projetos desafiadores e em um mercado global em constante evolu\u00e7\u00e3o. Os benef\u00edcios incluem:<\/p>\n\n\n\n<ul class=\"wp-block-list\">\n<li class=\"has-medium-font-size\">Sal\u00e1rio competitivo;<\/li>\n\n\n\n<li class=\"has-medium-font-size\">Al\u00e9m disso, plano de sa\u00fade abrangente para colaboradores e dependentes;<\/li>\n\n\n\n<li class=\"has-medium-font-size\">Programa de treinamento e desenvolvimento profissional;<\/li>\n\n\n\n<li class=\"has-medium-font-size\">Ademais, plano de carreira com oportunidades internacionais;<\/li>\n\n\n\n<li class=\"has-medium-font-size\">Por fim, ambiente multicultural e inclusivo, promovendo a diversidade.<\/li>\n<\/ul>\n\n\n\n<p class=\"has-medium-font-size\"><strong>Como se Candidatar?<\/strong> Os interessados devem acessar o site oficial da MODEC para enviar seu curr\u00edculo e verificar mais detalhes sobre cada vaga. Certifique-se de preparar um curr\u00edculo atualizado e personalizado para a posi\u00e7\u00e3o desejada. Essa \u00e9 uma oportunidade \u00fanica para ingressar em uma empresa l\u00edder do setor de \u00f3leo e g\u00e1s. Al\u00e9m disso, os candidatos podem explorar vagas semelhantes em outras regi\u00f5es no portal da empresa.<\/p>\n\n\n\n<p class=\"has-medium-font-size\"><strong>Conclus\u00e3o<\/strong> As vagas de emprego na MODEC representam, sem d\u00favida, uma excelente oportunidade para profissionais qualificados que desejam crescer em uma ind\u00fastria promissora. Com posi\u00e7\u00f5es no Rio de Janeiro e S\u00e3o Paulo, a empresa busca, portanto, talentos que compartilhem sua vis\u00e3o de inova\u00e7\u00e3o e excel\u00eancia. N\u00e3o perca a chance de impulsionar sua carreira e fazer parte de um dos maiores nomes do setor de \u00f3leo e g\u00e1s.<\/p>\n\n\n\n<hr class=\"wp-block-separator has-alpha-channel-opacity\"\/>\n\n\n\n<p class=\"has-medium-font-size\"><a href=\"https:\/\/www.vagadeempregorj.com.br\/ar\/vagas-de-emprego-nacionais\/\">Confira mais sobre carreiras no setor de \u00f3leo e g\u00e1s<\/a><\/p>\n\n\n\n<p><\/p>","protected":false},"excerpt":{"rendered":"<p>A MODEC, maior operadora independente de plataformas FPSO do mundo, est\u00e1 com vagas de emprego abertas para profissionais do Rio de Janeiro e S\u00e3o Paulo. Com 20 anos de atua\u00e7\u00e3o no Brasil e mais de cinco d\u00e9cadas de experi\u00eancia global, a empresa se consolidou como uma refer\u00eancia na ind\u00fastria de \u00f3leo e g\u00e1s. Portanto, essa&hellip;&nbsp;<\/p>","protected":false},"author":1,"featured_media":41716,"comment_status":"closed","ping_status":"closed","sticky":false,"template":"","format":"standard","meta":{"neve_meta_sidebar":"","neve_meta_container":"","neve_meta_enable_content_width":"","neve_meta_content_width":0,"neve_meta_title_alignment":"","neve_meta_author_avatar":"","neve_post_elements_order":"","neve_meta_disable_header":"","neve_meta_disable_footer":"","neve_meta_disable_title":"","footnotes":""},"categories":[123],"tags":[880,877,878,879,876],"class_list":["post-41715","post","type-post","status-publish","format-standard","has-post-thumbnail","hentry","category-vagas-de-emprego-nacionais","tag-carreira-offshore-modec","tag-emprego-engenharia-seguranca","tag-industria-de-oleo-e-gas","tag-oportunidades-de-trabalho-rj-sp","tag-vagas-de-emprego-modec"],"yoast_head":"<!-- This site is optimized with the Yoast SEO plugin v27.5 - https:\/\/yoast.com\/product\/yoast-seo-wordpress\/ -->\n<title>Vagas de Emprego na MODEC: Oportunidades no RJ e SP -<\/title>\n<meta name=\"description\" content=\"Confira as vagas de emprego abertas na MODEC no Rio de Janeiro e S\u00e3o Paulo e impulsione sua carreira na ind\u00fastria de \u00f3leo e g\u00e1s.\" \/>\n<meta name=\"robots\" content=\"index, follow, max-snippet:-1, max-image-preview:large, max-video-preview:-1\" \/>\n<link rel=\"canonical\" href=\"https:\/\/www.vagadeempregorj.com.br\/ar\/vagas-de-emprego-na-modec\/\" \/>\n<meta property=\"og:locale\" content=\"ar_AR\" \/>\n<meta property=\"og:type\" content=\"article\" \/>\n<meta property=\"og:title\" content=\"Vagas de Emprego na MODEC: Oportunidades no RJ e SP -\" \/>\n<meta property=\"og:description\" content=\"Confira as vagas de emprego abertas na MODEC no Rio de Janeiro e S\u00e3o Paulo e impulsione sua carreira na ind\u00fastria de \u00f3leo e g\u00e1s.\" \/>\n<meta property=\"og:url\" content=\"https:\/\/www.vagadeempregorj.com.br\/ar\/vagas-de-emprego-na-modec\/\" \/>\n<meta property=\"article:publisher\" content=\"https:\/\/www.facebook.com\/empregobrasiloficial\" \/>\n<meta property=\"article:published_time\" content=\"2025-01-09T12:10:54+00:00\" \/>\n<meta property=\"article:modified_time\" content=\"2025-01-09T12:10:55+00:00\" \/>\n<meta property=\"og:image\" content=\"https:\/\/www.vagadeempregorj.com.br\/wp-content\/uploads\/2025\/01\/Emprego-rio-e-sp.webp\" \/>\n\t<meta property=\"og:image:width\" content=\"2560\" \/>\n\t<meta property=\"og:image:height\" content=\"1707\" \/>\n\t<meta property=\"og:image:type\" content=\"image\/webp\" \/>\n<meta name=\"author\" content=\"Ana B.\" \/>\n<meta name=\"twitter:card\" content=\"summary_large_image\" \/>\n<meta name=\"twitter:label1\" content=\"Written by\" \/>\n\t<meta name=\"twitter:data1\" content=\"Ana B.\" \/>\n\t<meta name=\"twitter:label2\" content=\"Est. reading time\" \/>\n\t<meta name=\"twitter:data2\" content=\"4 \u062f\u0642\u0627\u0626\u0642\" \/>\n<script type=\"application\/ld+json\" class=\"yoast-schema-graph\">{\"@context\":\"https:\\\/\\\/schema.org\",\"@graph\":[{\"@type\":\"Article\",\"@id\":\"https:\\\/\\\/www.vagadeempregorj.com.br\\\/vagas-de-emprego-na-modec\\\/#article\",\"isPartOf\":{\"@id\":\"https:\\\/\\\/www.vagadeempregorj.com.br\\\/vagas-de-emprego-na-modec\\\/\"},\"author\":{\"name\":\"Ana B.\",\"@id\":\"https:\\\/\\\/www.vagadeempregorj.com.br\\\/#\\\/schema\\\/person\\\/c0c38d5d765e86c3b7c8f12fb1ae6477\"},\"headline\":\"Vagas de Emprego na MODEC: Oportunidades no RJ e SP\",\"datePublished\":\"2025-01-09T12:10:54+00:00\",\"dateModified\":\"2025-01-09T12:10:55+00:00\",\"mainEntityOfPage\":{\"@id\":\"https:\\\/\\\/www.vagadeempregorj.com.br\\\/vagas-de-emprego-na-modec\\\/\"},\"wordCount\":760,\"image\":{\"@id\":\"https:\\\/\\\/www.vagadeempregorj.com.br\\\/vagas-de-emprego-na-modec\\\/#primaryimage\"},\"thumbnailUrl\":\"https:\\\/\\\/www.vagadeempregorj.com.br\\\/wp-content\\\/uploads\\\/2025\\\/01\\\/Emprego-rio-e-sp.webp\",\"keywords\":[\"carreira offshore MODEC.\",\"emprego engenharia seguran\u00e7a\",\"ind\u00fastria de \u00f3leo e g\u00e1s\",\"oportunidades de trabalho RJ SP\",\"vagas de emprego MODEC\"],\"articleSection\":[\"Vagas de Emprego Nacionais\"],\"inLanguage\":\"ar\"},{\"@type\":\"WebPage\",\"@id\":\"https:\\\/\\\/www.vagadeempregorj.com.br\\\/vagas-de-emprego-na-modec\\\/\",\"url\":\"https:\\\/\\\/www.vagadeempregorj.com.br\\\/vagas-de-emprego-na-modec\\\/\",\"name\":\"Vagas de Emprego na MODEC: Oportunidades no RJ e SP -\",\"isPartOf\":{\"@id\":\"https:\\\/\\\/www.vagadeempregorj.com.br\\\/#website\"},\"primaryImageOfPage\":{\"@id\":\"https:\\\/\\\/www.vagadeempregorj.com.br\\\/vagas-de-emprego-na-modec\\\/#primaryimage\"},\"image\":{\"@id\":\"https:\\\/\\\/www.vagadeempregorj.com.br\\\/vagas-de-emprego-na-modec\\\/#primaryimage\"},\"thumbnailUrl\":\"https:\\\/\\\/www.vagadeempregorj.com.br\\\/wp-content\\\/uploads\\\/2025\\\/01\\\/Emprego-rio-e-sp.webp\",\"datePublished\":\"2025-01-09T12:10:54+00:00\",\"dateModified\":\"2025-01-09T12:10:55+00:00\",\"author\":{\"@id\":\"https:\\\/\\\/www.vagadeempregorj.com.br\\\/#\\\/schema\\\/person\\\/c0c38d5d765e86c3b7c8f12fb1ae6477\"},\"description\":\"Confira as vagas de emprego abertas na MODEC no Rio de Janeiro e S\u00e3o Paulo e impulsione sua carreira na ind\u00fastria de \u00f3leo e g\u00e1s.\",\"breadcrumb\":{\"@id\":\"https:\\\/\\\/www.vagadeempregorj.com.br\\\/vagas-de-emprego-na-modec\\\/#breadcrumb\"},\"inLanguage\":\"ar\",\"potentialAction\":[{\"@type\":\"ReadAction\",\"target\":[\"https:\\\/\\\/www.vagadeempregorj.com.br\\\/vagas-de-emprego-na-modec\\\/\"]}]},{\"@type\":\"ImageObject\",\"inLanguage\":\"ar\",\"@id\":\"https:\\\/\\\/www.vagadeempregorj.com.br\\\/vagas-de-emprego-na-modec\\\/#primaryimage\",\"url\":\"https:\\\/\\\/www.vagadeempregorj.com.br\\\/wp-content\\\/uploads\\\/2025\\\/01\\\/Emprego-rio-e-sp.webp\",\"contentUrl\":\"https:\\\/\\\/www.vagadeempregorj.com.br\\\/wp-content\\\/uploads\\\/2025\\\/01\\\/Emprego-rio-e-sp.webp\",\"width\":2560,\"height\":1707,\"caption\":\"vagas de emprego na MODEC\"},{\"@type\":\"BreadcrumbList\",\"@id\":\"https:\\\/\\\/www.vagadeempregorj.com.br\\\/vagas-de-emprego-na-modec\\\/#breadcrumb\",\"itemListElement\":[{\"@type\":\"ListItem\",\"position\":1,\"name\":\"In\u00edcio\",\"item\":\"https:\\\/\\\/www.vagadeempregorj.com.br\\\/\"},{\"@type\":\"ListItem\",\"position\":2,\"name\":\"Vagas de Emprego Nacionais\",\"item\":\"https:\\\/\\\/www.vagadeempregorj.com.br\\\/vagas-de-emprego-nacionais\\\/\"},{\"@type\":\"ListItem\",\"position\":3,\"name\":\"Vagas de Emprego na MODEC: Oportunidades no RJ e SP\"}]},{\"@type\":\"WebSite\",\"@id\":\"https:\\\/\\\/www.vagadeempregorj.com.br\\\/#website\",\"url\":\"https:\\\/\\\/www.vagadeempregorj.com.br\\\/\",\"name\":\"\",\"description\":\"Conquiste Sonhos: Vagas, Benef\u00edcios e Economia para Transformar Vidas e Alcan\u00e7ar Melhorias Cotidianas\",\"potentialAction\":[{\"@type\":\"SearchAction\",\"target\":{\"@type\":\"EntryPoint\",\"urlTemplate\":\"https:\\\/\\\/www.vagadeempregorj.com.br\\\/?s={search_term_string}\"},\"query-input\":{\"@type\":\"PropertyValueSpecification\",\"valueRequired\":true,\"valueName\":\"search_term_string\"}}],\"inLanguage\":\"ar\"},{\"@type\":\"Person\",\"@id\":\"https:\\\/\\\/www.vagadeempregorj.com.br\\\/#\\\/schema\\\/person\\\/c0c38d5d765e86c3b7c8f12fb1ae6477\",\"name\":\"Ana B.\",\"image\":{\"@type\":\"ImageObject\",\"inLanguage\":\"ar\",\"@id\":\"https:\\\/\\\/secure.gravatar.com\\\/avatar\\\/f5efa58599e07f8dd92f26c7cfbc442fd115582bc681245452e503c2ef2334f3?s=96&r=g\",\"url\":\"https:\\\/\\\/secure.gravatar.com\\\/avatar\\\/f5efa58599e07f8dd92f26c7cfbc442fd115582bc681245452e503c2ef2334f3?s=96&r=g\",\"contentUrl\":\"https:\\\/\\\/secure.gravatar.com\\\/avatar\\\/f5efa58599e07f8dd92f26c7cfbc442fd115582bc681245452e503c2ef2334f3?s=96&r=g\",\"caption\":\"Ana B.\"},\"description\":\"Meu nome \u00e9 Ana e sou apaixonada em escrever. Dedico meu tempo escrevendo not\u00edcias e vagas de emprego diariamente no portal Vaga de Emprego RJ.\",\"url\":\"https:\\\/\\\/www.vagadeempregorj.com.br\\\/ar\\\/author\\\/vgrj\\\/\"}]}<\/script>\n<!-- \/ Yoast SEO plugin. -->","yoast_head_json":{"title":"Vagas de Emprego na MODEC: Oportunidades no RJ e SP -","description":"Confira as vagas de emprego abertas na MODEC no Rio de Janeiro e S\u00e3o Paulo e impulsione sua carreira na ind\u00fastria de \u00f3leo e g\u00e1s.","robots":{"index":"index","follow":"follow","max-snippet":"max-snippet:-1","max-image-preview":"max-image-preview:large","max-video-preview":"max-video-preview:-1"},"canonical":"https:\/\/www.vagadeempregorj.com.br\/ar\/vagas-de-emprego-na-modec\/","og_locale":"ar_AR","og_type":"article","og_title":"Vagas de Emprego na MODEC: Oportunidades no RJ e SP -","og_description":"Confira as vagas de emprego abertas na MODEC no Rio de Janeiro e S\u00e3o Paulo e impulsione sua carreira na ind\u00fastria de \u00f3leo e g\u00e1s.","og_url":"https:\/\/www.vagadeempregorj.com.br\/ar\/vagas-de-emprego-na-modec\/","article_publisher":"https:\/\/www.facebook.com\/empregobrasiloficial","article_published_time":"2025-01-09T12:10:54+00:00","article_modified_time":"2025-01-09T12:10:55+00:00","og_image":[{"width":2560,"height":1707,"url":"https:\/\/www.vagadeempregorj.com.br\/wp-content\/uploads\/2025\/01\/Emprego-rio-e-sp.webp","type":"image\/webp"}],"author":"Ana B.","twitter_card":"summary_large_image","twitter_misc":{"Written by":"Ana B.","Est. reading time":"4 \u062f\u0642\u0627\u0626\u0642"},"schema":{"@context":"https:\/\/schema.org","@graph":[{"@type":"Article","@id":"https:\/\/www.vagadeempregorj.com.br\/vagas-de-emprego-na-modec\/#article","isPartOf":{"@id":"https:\/\/www.vagadeempregorj.com.br\/vagas-de-emprego-na-modec\/"},"author":{"name":"Ana B.","@id":"https:\/\/www.vagadeempregorj.com.br\/#\/schema\/person\/c0c38d5d765e86c3b7c8f12fb1ae6477"},"headline":"Vagas de Emprego na MODEC: Oportunidades no RJ e SP","datePublished":"2025-01-09T12:10:54+00:00","dateModified":"2025-01-09T12:10:55+00:00","mainEntityOfPage":{"@id":"https:\/\/www.vagadeempregorj.com.br\/vagas-de-emprego-na-modec\/"},"wordCount":760,"image":{"@id":"https:\/\/www.vagadeempregorj.com.br\/vagas-de-emprego-na-modec\/#primaryimage"},"thumbnailUrl":"https:\/\/www.vagadeempregorj.com.br\/wp-content\/uploads\/2025\/01\/Emprego-rio-e-sp.webp","keywords":["carreira offshore MODEC.","emprego engenharia seguran\u00e7a","ind\u00fastria de \u00f3leo e g\u00e1s","oportunidades de trabalho RJ SP","vagas de emprego MODEC"],"articleSection":["Vagas de Emprego Nacionais"],"inLanguage":"ar"},{"@type":"WebPage","@id":"https:\/\/www.vagadeempregorj.com.br\/vagas-de-emprego-na-modec\/","url":"https:\/\/www.vagadeempregorj.com.br\/vagas-de-emprego-na-modec\/","name":"Vagas de Emprego na MODEC: Oportunidades no RJ e SP -","isPartOf":{"@id":"https:\/\/www.vagadeempregorj.com.br\/#website"},"primaryImageOfPage":{"@id":"https:\/\/www.vagadeempregorj.com.br\/vagas-de-emprego-na-modec\/#primaryimage"},"image":{"@id":"https:\/\/www.vagadeempregorj.com.br\/vagas-de-emprego-na-modec\/#primaryimage"},"thumbnailUrl":"https:\/\/www.vagadeempregorj.com.br\/wp-content\/uploads\/2025\/01\/Emprego-rio-e-sp.webp","datePublished":"2025-01-09T12:10:54+00:00","dateModified":"2025-01-09T12:10:55+00:00","author":{"@id":"https:\/\/www.vagadeempregorj.com.br\/#\/schema\/person\/c0c38d5d765e86c3b7c8f12fb1ae6477"},"description":"Confira as vagas de emprego abertas na MODEC no Rio de Janeiro e S\u00e3o Paulo e impulsione sua carreira na ind\u00fastria de \u00f3leo e g\u00e1s.","breadcrumb":{"@id":"https:\/\/www.vagadeempregorj.com.br\/vagas-de-emprego-na-modec\/#breadcrumb"},"inLanguage":"ar","potentialAction":[{"@type":"ReadAction","target":["https:\/\/www.vagadeempregorj.com.br\/vagas-de-emprego-na-modec\/"]}]},{"@type":"ImageObject","inLanguage":"ar","@id":"https:\/\/www.vagadeempregorj.com.br\/vagas-de-emprego-na-modec\/#primaryimage","url":"https:\/\/www.vagadeempregorj.com.br\/wp-content\/uploads\/2025\/01\/Emprego-rio-e-sp.webp","contentUrl":"https:\/\/www.vagadeempregorj.com.br\/wp-content\/uploads\/2025\/01\/Emprego-rio-e-sp.webp","width":2560,"height":1707,"caption":"vagas de emprego na MODEC"},{"@type":"BreadcrumbList","@id":"https:\/\/www.vagadeempregorj.com.br\/vagas-de-emprego-na-modec\/#breadcrumb","itemListElement":[{"@type":"ListItem","position":1,"name":"In\u00edcio","item":"https:\/\/www.vagadeempregorj.com.br\/"},{"@type":"ListItem","position":2,"name":"Vagas de Emprego Nacionais","item":"https:\/\/www.vagadeempregorj.com.br\/vagas-de-emprego-nacionais\/"},{"@type":"ListItem","position":3,"name":"Vagas de Emprego na MODEC: Oportunidades no RJ e SP"}]},{"@type":"WebSite","@id":"https:\/\/www.vagadeempregorj.com.br\/#website","url":"https:\/\/www.vagadeempregorj.com.br\/","name":"","description":"Conquiste Sonhos: Vagas, Benef\u00edcios e Economia para Transformar Vidas e Alcan\u00e7ar Melhorias Cotidianas","potentialAction":[{"@type":"SearchAction","target":{"@type":"EntryPoint","urlTemplate":"https:\/\/www.vagadeempregorj.com.br\/?s={search_term_string}"},"query-input":{"@type":"PropertyValueSpecification","valueRequired":true,"valueName":"search_term_string"}}],"inLanguage":"ar"},{"@type":"Person","@id":"https:\/\/www.vagadeempregorj.com.br\/#\/schema\/person\/c0c38d5d765e86c3b7c8f12fb1ae6477","name":"Ana B.","image":{"@type":"ImageObject","inLanguage":"ar","@id":"https:\/\/secure.gravatar.com\/avatar\/f5efa58599e07f8dd92f26c7cfbc442fd115582bc681245452e503c2ef2334f3?s=96&r=g","url":"https:\/\/secure.gravatar.com\/avatar\/f5efa58599e07f8dd92f26c7cfbc442fd115582bc681245452e503c2ef2334f3?s=96&r=g","contentUrl":"https:\/\/secure.gravatar.com\/avatar\/f5efa58599e07f8dd92f26c7cfbc442fd115582bc681245452e503c2ef2334f3?s=96&r=g","caption":"Ana B."},"description":"Meu nome \u00e9 Ana e sou apaixonada em escrever. Dedico meu tempo escrevendo not\u00edcias e vagas de emprego diariamente no portal Vaga de Emprego RJ.","url":"https:\/\/www.vagadeempregorj.com.br\/ar\/author\/vgrj\/"}]}},"_links":{"self":[{"href":"https:\/\/www.vagadeempregorj.com.br\/ar\/wp-json\/wp\/v2\/posts\/41715","targetHints":{"allow":["GET"]}}],"collection":[{"href":"https:\/\/www.vagadeempregorj.com.br\/ar\/wp-json\/wp\/v2\/posts"}],"about":[{"href":"https:\/\/www.vagadeempregorj.com.br\/ar\/wp-json\/wp\/v2\/types\/post"}],"author":[{"embeddable":true,"href":"https:\/\/www.vagadeempregorj.com.br\/ar\/wp-json\/wp\/v2\/users\/1"}],"replies":[{"embeddable":true,"href":"https:\/\/www.vagadeempregorj.com.br\/ar\/wp-json\/wp\/v2\/comments?post=41715"}],"version-history":[{"count":0,"href":"https:\/\/www.vagadeempregorj.com.br\/ar\/wp-json\/wp\/v2\/posts\/41715\/revisions"}],"wp:featuredmedia":[{"embeddable":true,"href":"https:\/\/www.vagadeempregorj.com.br\/ar\/wp-json\/wp\/v2\/media\/41716"}],"wp:attachment":[{"href":"https:\/\/www.vagadeempregorj.com.br\/ar\/wp-json\/wp\/v2\/media?parent=41715"}],"wp:term":[{"taxonomy":"category","embeddable":true,"href":"https:\/\/www.vagadeempregorj.com.br\/ar\/wp-json\/wp\/v2\/categories?post=41715"},{"taxonomy":"post_tag","embeddable":true,"href":"https:\/\/www.vagadeempregorj.com.br\/ar\/wp-json\/wp\/v2\/tags?post=41715"}],"curies":[{"name":"wp","href":"https:\/\/api.w.org\/{rel}","templated":true}]}}