{"id":41737,"date":"2025-01-13T14:05:11","date_gmt":"2025-01-13T17:05:11","guid":{"rendered":"https:\/\/www.vagadeempregorj.com.br\/?p=41737"},"modified":"2025-01-13T14:06:05","modified_gmt":"2025-01-13T17:06:05","slug":"roldao-atacadista-217-vagas-de-emprego-pelo-pais","status":"publish","type":"post","link":"https:\/\/www.vagadeempregorj.com.br\/ar\/roldao-atacadista-217-vagas-de-emprego-pelo-pais\/","title":{"rendered":"Rold\u00e3o Atacadista: 217 vagas de emprego pelo pa\u00eds"},"content":{"rendered":"<p>O <strong>Rold\u00e3o Atacadista<\/strong>, uma das maiores redes de atacado e varejo do Brasil, anunciou vagas de emprego em diversas cidades. Para quem busca estabilidade, crescimento profissional e um ambiente de trabalho acolhedor, essa pode ser a chance que estava faltando.<\/p>\n\n\n\n<p>Que tal conferir quais s\u00e3o as vagas dispon\u00edveis, o que esperar da empresa e, claro, como se candidatar? <\/p>\n\n\n\n<figure class=\"wp-block-image size-full\"><img loading=\"lazy\" decoding=\"async\" width=\"1000\" height=\"563\" src=\"https:\/\/www.vagadeempregorj.com.br\/wp-content\/uploads\/2025\/01\/image.png\" alt=\"\" class=\"wp-image-41738\" srcset=\"https:\/\/www.vagadeempregorj.com.br\/wp-content\/uploads\/2025\/01\/image.png 1000w, https:\/\/www.vagadeempregorj.com.br\/wp-content\/uploads\/2025\/01\/image-300x169.png 300w, https:\/\/www.vagadeempregorj.com.br\/wp-content\/uploads\/2025\/01\/image-768x432.png 768w, https:\/\/www.vagadeempregorj.com.br\/wp-content\/uploads\/2025\/01\/image-383x215.png 383w, https:\/\/www.vagadeempregorj.com.br\/wp-content\/uploads\/2025\/01\/image-150x84.png 150w\" sizes=\"auto, (max-width: 1000px) 100vw, 1000px\" \/><\/figure>\n\n\n\n<h2 class=\"wp-block-heading\">Quais s\u00e3o as oportunidades de carreira na Rold\u00e3o Atacadista?<\/h2>\n\n\n\n<p>O Rold\u00e3o Atacadista oferece vagas para diferentes perfis e n\u00edveis de experi\u00eancia. N\u00e3o importa se voc\u00ea est\u00e1 come\u00e7ando sua jornada profissional ou se j\u00e1 possui anos de mercado: h\u00e1 espa\u00e7o para todo mundo. D\u00e1 uma olhada nas principais posi\u00e7\u00f5es abertas:<\/p>\n\n\n\n<h3 class=\"wp-block-heading\">1# Atendente de Loja<\/h3>\n\n\n\n<p>Gosta de conversar, ajudar as pessoas e deixar o dia delas mais f\u00e1cil? Como atendente de loja, sua fun\u00e7\u00e3o ser\u00e1 garantir que os clientes encontrem o que precisam, tirar d\u00favidas e proporcionar uma boa experi\u00eancia de compra. \u00c9 o tipo de vaga perfeita para quem gosta de lidar diretamente com o p\u00fablico.<\/p>\n\n\n\n<h3 class=\"wp-block-heading\">2# Repositor de Mercadorias<\/h3>\n\n\n\n<p>Essa \u00e9 para os organizados de plant\u00e3o! O repositor tem um papel superimportante: manter as prateleiras sempre abastecidas e organizadas. Isso significa garantir que os produtos estejam no lugar certo, prontos para os clientes encontrarem com facilidade.<\/p>\n\n\n\n<h3 class=\"wp-block-heading\">3# Operador de Caixa<\/h3>\n\n\n\n<p>Voc\u00ea j\u00e1 parou para pensar que o caixa \u00e9 a \u00faltima impress\u00e3o que o cliente leva da loja? O operador de caixa \u00e9 respons\u00e1vel por realizar os pagamentos e finalizar as compras. Se voc\u00ea \u00e9 \u00e1gil, atencioso e gosta de trabalhar com p\u00fablico, essa vaga \u00e9 para voc\u00ea.<\/p>\n\n\n\n<h3 class=\"wp-block-heading\">4# Fiscal de Preven\u00e7\u00e3o de Perdas<\/h3>\n\n\n\n<p>Se voc\u00ea \u00e9 detalhista e gosta de garantir que tudo funcione como deve, o cargo de fiscal de preven\u00e7\u00e3o de perdas pode ser a sua cara. Essa fun\u00e7\u00e3o envolve prevenir danos, manter a seguran\u00e7a e assegurar que os processos sejam seguidos \u00e0 risca.<\/p>\n\n\n\n<h3 class=\"wp-block-heading\">5# Auxiliar de Limpeza<\/h3>\n\n\n\n<p>Manter um ambiente limpo e agrad\u00e1vel \u00e9 essencial para que a loja funcione bem e para que os clientes se sintam confort\u00e1veis. O auxiliar de limpeza desempenha um papel fundamental nesse aspecto, cuidando de todos os detalhes.<\/p>\n\n\n\n<h3 class=\"wp-block-heading\">6# Supervisor de Loja<\/h3>\n\n\n\n<p>Quer um cargo com mais responsabilidade e desafios? O supervisor de loja lidera equipes, acompanha as metas e garante que tudo esteja funcionando perfeitamente. \u00c9 uma \u00f3tima oportunidade para quem busca crescer na carreira.<\/p>\n\n\n\n<h2 class=\"wp-block-heading\">Como se candidatar?<\/h2>\n\n\n\n<p>Agora que voc\u00ea j\u00e1 conhece algumas das vagas, est\u00e1 na hora de saber como fazer parte desse processo seletivo. A boa not\u00edcia \u00e9 que tudo acontece de forma online, r\u00e1pida e pr\u00e1tica. Aqui est\u00e1 o passo a passo para voc\u00ea se candidatar:<\/p>\n\n\n\n<ul class=\"wp-block-list\">\n<li>Copie e cole o endere\u00e7o a seguir no navegador:<br><strong>https:\/\/roldaoatacadista.gupy.io\/<\/strong><\/li>\n\n\n\n<li>Acesse a p\u00e1gina e encontre uma oportunidade:<br>Navegue pelo site para ver todas as vagas dispon\u00edveis. Escolha a que mais combina com o seu perfil, clique nela e confira os detalhes.<\/li>\n<\/ul>\n\n\n\n<p>Se ainda n\u00e3o tem um cadastro no site da Gupy, n\u00e3o se preocupe. Criar um perfil \u00e9 bem simples: voc\u00ea s\u00f3 precisa preencher suas informa\u00e7\u00f5es pessoais, adicionar suas experi\u00eancias e habilidades, e pronto! Depois disso, basta enviar o curr\u00edculo e acompanhar o processo.<\/p>\n\n\n\n<h2 class=\"wp-block-heading\">Por que trabalhar no Rold\u00e3o Atacadista?<\/h2>\n\n\n\n<p>Talvez voc\u00ea esteja pensando: &#8220;Ok, as vagas s\u00e3o interessantes, mas por que eu escolheria o Rold\u00e3o?&#8221;. A resposta \u00e9 simples: a empresa n\u00e3o \u00e9 s\u00f3 um lugar para trabalhar, \u00e9 um lugar para crescer. Eles investem nos colaboradores, oferecem treinamentos e d\u00e3o prioridade ao desenvolvimento interno.<\/p>\n\n\n\n<p>Al\u00e9m disso, os benef\u00edcios s\u00e3o um diferencial:<\/p>\n\n\n\n<ul class=\"wp-block-list\">\n<li>Plano de sa\u00fade e odontol\u00f3gico.<\/li>\n\n\n\n<li>Vale-transporte e vale-alimenta\u00e7\u00e3o.<\/li>\n\n\n\n<li>Ambiente de trabalho respeitoso e inclusivo.<\/li>\n\n\n\n<li>Programas de capacita\u00e7\u00e3o e crescimento.<\/li>\n<\/ul>\n\n\n\n<p>Outro ponto que faz a diferen\u00e7a \u00e9 a cultura da empresa. O Rold\u00e3o \u00e9 conhecido por criar um ambiente acolhedor, onde os funcion\u00e1rios s\u00e3o valorizados e reconhecidos pelo seu trabalho.<\/p>\n\n\n\n<h2 class=\"wp-block-heading\">N\u00e3o perca essa chance<\/h2>\n\n\n\n<p>As vagas de emprego no Rold\u00e3o Atacadista podem ser a sua oportunidade de come\u00e7ar uma nova fase na carreira. N\u00e3o espere o amanh\u00e3 para agir: acesse agora o site, escolha a vaga que mais combina com voc\u00ea e envie seu curr\u00edculo. <\/p>\n\n\n\n<p>Quem sabe esse n\u00e3o \u00e9 o primeiro passo para o sucesso profissional? Boa sorte!<\/p>\n\n\n\n<p><strong>Veja tamb\u00e9m: <a href=\"https:\/\/www.vagadeempregorj.com.br\/ar\/pole-alimentos-novas-vagas-de-emprego-abertas-no-nordeste\/\">Pole Alimentos: NOVAS vagas de emprego abertas no nordeste<\/a><\/strong><\/p>\n\n\n\n<p>13 de janeiro de 2025<\/p>","protected":false},"excerpt":{"rendered":"<p>O Rold\u00e3o Atacadista, uma das maiores redes de atacado e varejo do Brasil, anunciou vagas de emprego em diversas cidades. Para quem busca estabilidade, crescimento profissional e um ambiente de trabalho acolhedor, essa pode ser a chance que estava faltando. Que tal conferir quais s\u00e3o as vagas dispon\u00edveis, o que esperar da empresa e, claro,&hellip;&nbsp;<\/p>","protected":false},"author":16,"featured_media":41738,"comment_status":"closed","ping_status":"closed","sticky":false,"template":"","format":"standard","meta":{"neve_meta_sidebar":"","neve_meta_container":"","neve_meta_enable_content_width":"","neve_meta_content_width":0,"neve_meta_title_alignment":"","neve_meta_author_avatar":"","neve_post_elements_order":"","neve_meta_disable_header":"","neve_meta_disable_footer":"","neve_meta_disable_title":"","footnotes":""},"categories":[123],"tags":[830,608],"class_list":["post-41737","post","type-post","status-publish","format-standard","has-post-thumbnail","hentry","category-vagas-de-emprego-nacionais","tag-empregos","tag-oportunidades"],"yoast_head":"<!-- This site is optimized with the Yoast SEO plugin v27.5 - https:\/\/yoast.com\/product\/yoast-seo-wordpress\/ -->\n<title>Rold\u00e3o Atacadista: 217 vagas de emprego pelo pa\u00eds -<\/title>\n<meta name=\"description\" content=\"Veja em Vagas de Emprego RJ as vagas de emprego com e sem experi\u00eancia no seu Estado e Regi\u00e3o!\" \/>\n<meta name=\"robots\" content=\"index, follow, max-snippet:-1, max-image-preview:large, max-video-preview:-1\" \/>\n<link rel=\"canonical\" href=\"https:\/\/www.vagadeempregorj.com.br\/ar\/roldao-atacadista-217-vagas-de-emprego-pelo-pais\/\" \/>\n<meta property=\"og:locale\" content=\"ar_AR\" \/>\n<meta property=\"og:type\" content=\"article\" \/>\n<meta property=\"og:title\" content=\"Rold\u00e3o Atacadista: 217 vagas de emprego pelo pa\u00eds -\" \/>\n<meta property=\"og:description\" content=\"Veja em Vagas de Emprego RJ as vagas de emprego com e sem experi\u00eancia no seu Estado e Regi\u00e3o!\" \/>\n<meta property=\"og:url\" content=\"https:\/\/www.vagadeempregorj.com.br\/ar\/roldao-atacadista-217-vagas-de-emprego-pelo-pais\/\" \/>\n<meta property=\"article:publisher\" content=\"https:\/\/www.facebook.com\/empregobrasiloficial\" \/>\n<meta property=\"article:published_time\" content=\"2025-01-13T17:05:11+00:00\" \/>\n<meta property=\"article:modified_time\" content=\"2025-01-13T17:06:05+00:00\" \/>\n<meta property=\"og:image\" content=\"https:\/\/www.vagadeempregorj.com.br\/wp-content\/uploads\/2025\/01\/image.png\" \/>\n\t<meta property=\"og:image:width\" content=\"1000\" \/>\n\t<meta property=\"og:image:height\" content=\"563\" \/>\n\t<meta property=\"og:image:type\" content=\"image\/png\" \/>\n<meta name=\"author\" content=\"Michele\" \/>\n<meta name=\"twitter:card\" content=\"summary_large_image\" \/>\n<meta name=\"twitter:label1\" content=\"Written by\" \/>\n\t<meta name=\"twitter:data1\" content=\"Michele\" \/>\n\t<meta name=\"twitter:label2\" content=\"Est. reading time\" \/>\n\t<meta name=\"twitter:data2\" content=\"4 \u062f\u0642\u0627\u0626\u0642\" \/>\n<script type=\"application\/ld+json\" class=\"yoast-schema-graph\">{\"@context\":\"https:\\\/\\\/schema.org\",\"@graph\":[{\"@type\":\"Article\",\"@id\":\"https:\\\/\\\/www.vagadeempregorj.com.br\\\/roldao-atacadista-217-vagas-de-emprego-pelo-pais\\\/#article\",\"isPartOf\":{\"@id\":\"https:\\\/\\\/www.vagadeempregorj.com.br\\\/roldao-atacadista-217-vagas-de-emprego-pelo-pais\\\/\"},\"author\":{\"name\":\"Michele\",\"@id\":\"https:\\\/\\\/www.vagadeempregorj.com.br\\\/#\\\/schema\\\/person\\\/3ddb19fa0539706786e502152f3aae95\"},\"headline\":\"Rold\u00e3o Atacadista: 217 vagas de emprego pelo pa\u00eds\",\"datePublished\":\"2025-01-13T17:05:11+00:00\",\"dateModified\":\"2025-01-13T17:06:05+00:00\",\"mainEntityOfPage\":{\"@id\":\"https:\\\/\\\/www.vagadeempregorj.com.br\\\/roldao-atacadista-217-vagas-de-emprego-pelo-pais\\\/\"},\"wordCount\":743,\"image\":{\"@id\":\"https:\\\/\\\/www.vagadeempregorj.com.br\\\/roldao-atacadista-217-vagas-de-emprego-pelo-pais\\\/#primaryimage\"},\"thumbnailUrl\":\"https:\\\/\\\/www.vagadeempregorj.com.br\\\/wp-content\\\/uploads\\\/2025\\\/01\\\/image.png\",\"keywords\":[\"empregos\",\"oportunidades\"],\"articleSection\":[\"Vagas de Emprego Nacionais\"],\"inLanguage\":\"ar\"},{\"@type\":\"WebPage\",\"@id\":\"https:\\\/\\\/www.vagadeempregorj.com.br\\\/roldao-atacadista-217-vagas-de-emprego-pelo-pais\\\/\",\"url\":\"https:\\\/\\\/www.vagadeempregorj.com.br\\\/roldao-atacadista-217-vagas-de-emprego-pelo-pais\\\/\",\"name\":\"Rold\u00e3o Atacadista: 217 vagas de emprego pelo pa\u00eds -\",\"isPartOf\":{\"@id\":\"https:\\\/\\\/www.vagadeempregorj.com.br\\\/#website\"},\"primaryImageOfPage\":{\"@id\":\"https:\\\/\\\/www.vagadeempregorj.com.br\\\/roldao-atacadista-217-vagas-de-emprego-pelo-pais\\\/#primaryimage\"},\"image\":{\"@id\":\"https:\\\/\\\/www.vagadeempregorj.com.br\\\/roldao-atacadista-217-vagas-de-emprego-pelo-pais\\\/#primaryimage\"},\"thumbnailUrl\":\"https:\\\/\\\/www.vagadeempregorj.com.br\\\/wp-content\\\/uploads\\\/2025\\\/01\\\/image.png\",\"datePublished\":\"2025-01-13T17:05:11+00:00\",\"dateModified\":\"2025-01-13T17:06:05+00:00\",\"author\":{\"@id\":\"https:\\\/\\\/www.vagadeempregorj.com.br\\\/#\\\/schema\\\/person\\\/3ddb19fa0539706786e502152f3aae95\"},\"description\":\"Veja em Vagas de Emprego RJ as vagas de emprego com e sem experi\u00eancia no seu Estado e Regi\u00e3o!\",\"breadcrumb\":{\"@id\":\"https:\\\/\\\/www.vagadeempregorj.com.br\\\/roldao-atacadista-217-vagas-de-emprego-pelo-pais\\\/#breadcrumb\"},\"inLanguage\":\"ar\",\"potentialAction\":[{\"@type\":\"ReadAction\",\"target\":[\"https:\\\/\\\/www.vagadeempregorj.com.br\\\/roldao-atacadista-217-vagas-de-emprego-pelo-pais\\\/\"]}]},{\"@type\":\"ImageObject\",\"inLanguage\":\"ar\",\"@id\":\"https:\\\/\\\/www.vagadeempregorj.com.br\\\/roldao-atacadista-217-vagas-de-emprego-pelo-pais\\\/#primaryimage\",\"url\":\"https:\\\/\\\/www.vagadeempregorj.com.br\\\/wp-content\\\/uploads\\\/2025\\\/01\\\/image.png\",\"contentUrl\":\"https:\\\/\\\/www.vagadeempregorj.com.br\\\/wp-content\\\/uploads\\\/2025\\\/01\\\/image.png\",\"width\":1000,\"height\":563,\"caption\":\"Rold\u00e3o Atacadista\"},{\"@type\":\"BreadcrumbList\",\"@id\":\"https:\\\/\\\/www.vagadeempregorj.com.br\\\/roldao-atacadista-217-vagas-de-emprego-pelo-pais\\\/#breadcrumb\",\"itemListElement\":[{\"@type\":\"ListItem\",\"position\":1,\"name\":\"In\u00edcio\",\"item\":\"https:\\\/\\\/www.vagadeempregorj.com.br\\\/\"},{\"@type\":\"ListItem\",\"position\":2,\"name\":\"Vagas de Emprego Nacionais\",\"item\":\"https:\\\/\\\/www.vagadeempregorj.com.br\\\/vagas-de-emprego-nacionais\\\/\"},{\"@type\":\"ListItem\",\"position\":3,\"name\":\"Rold\u00e3o Atacadista: 217 vagas de emprego pelo pa\u00eds\"}]},{\"@type\":\"WebSite\",\"@id\":\"https:\\\/\\\/www.vagadeempregorj.com.br\\\/#website\",\"url\":\"https:\\\/\\\/www.vagadeempregorj.com.br\\\/\",\"name\":\"\",\"description\":\"Conquiste Sonhos: Vagas, Benef\u00edcios e Economia para Transformar Vidas e Alcan\u00e7ar Melhorias Cotidianas\",\"potentialAction\":[{\"@type\":\"SearchAction\",\"target\":{\"@type\":\"EntryPoint\",\"urlTemplate\":\"https:\\\/\\\/www.vagadeempregorj.com.br\\\/?s={search_term_string}\"},\"query-input\":{\"@type\":\"PropertyValueSpecification\",\"valueRequired\":true,\"valueName\":\"search_term_string\"}}],\"inLanguage\":\"ar\"},{\"@type\":\"Person\",\"@id\":\"https:\\\/\\\/www.vagadeempregorj.com.br\\\/#\\\/schema\\\/person\\\/3ddb19fa0539706786e502152f3aae95\",\"name\":\"Michele\",\"image\":{\"@type\":\"ImageObject\",\"inLanguage\":\"ar\",\"@id\":\"https:\\\/\\\/secure.gravatar.com\\\/avatar\\\/6b0eb9d22841282815e2cd856a0061c45e1761cd54b22e952d98c4746939aa85?s=96&r=g\",\"url\":\"https:\\\/\\\/secure.gravatar.com\\\/avatar\\\/6b0eb9d22841282815e2cd856a0061c45e1761cd54b22e952d98c4746939aa85?s=96&r=g\",\"contentUrl\":\"https:\\\/\\\/secure.gravatar.com\\\/avatar\\\/6b0eb9d22841282815e2cd856a0061c45e1761cd54b22e952d98c4746939aa85?s=96&r=g\",\"caption\":\"Michele\"},\"description\":\"Formada em Letras - Portugu\u00eas\\\/ Ingl\u00eas, e idealizadora do site Escritora de Sucesso, busca expandir o conhecimento de todos com informa\u00e7\u00f5es relevantes sobre diversos assuntos, enquanto redatora. No Vaga de Emprego RJ, traz oportunidades e dicas sobre o mercado de trabalho.\",\"url\":\"https:\\\/\\\/www.vagadeempregorj.com.br\\\/ar\\\/author\\\/michele\\\/\"}]}<\/script>\n<!-- \/ Yoast SEO plugin. -->","yoast_head_json":{"title":"Rold\u00e3o Atacadista: 217 vagas de emprego pelo pa\u00eds -","description":"Veja em Vagas de Emprego RJ as vagas de emprego com e sem experi\u00eancia no seu Estado e Regi\u00e3o!","robots":{"index":"index","follow":"follow","max-snippet":"max-snippet:-1","max-image-preview":"max-image-preview:large","max-video-preview":"max-video-preview:-1"},"canonical":"https:\/\/www.vagadeempregorj.com.br\/ar\/roldao-atacadista-217-vagas-de-emprego-pelo-pais\/","og_locale":"ar_AR","og_type":"article","og_title":"Rold\u00e3o Atacadista: 217 vagas de emprego pelo pa\u00eds -","og_description":"Veja em Vagas de Emprego RJ as vagas de emprego com e sem experi\u00eancia no seu Estado e Regi\u00e3o!","og_url":"https:\/\/www.vagadeempregorj.com.br\/ar\/roldao-atacadista-217-vagas-de-emprego-pelo-pais\/","article_publisher":"https:\/\/www.facebook.com\/empregobrasiloficial","article_published_time":"2025-01-13T17:05:11+00:00","article_modified_time":"2025-01-13T17:06:05+00:00","og_image":[{"width":1000,"height":563,"url":"https:\/\/www.vagadeempregorj.com.br\/wp-content\/uploads\/2025\/01\/image.png","type":"image\/png"}],"author":"Michele","twitter_card":"summary_large_image","twitter_misc":{"Written by":"Michele","Est. reading time":"4 \u062f\u0642\u0627\u0626\u0642"},"schema":{"@context":"https:\/\/schema.org","@graph":[{"@type":"Article","@id":"https:\/\/www.vagadeempregorj.com.br\/roldao-atacadista-217-vagas-de-emprego-pelo-pais\/#article","isPartOf":{"@id":"https:\/\/www.vagadeempregorj.com.br\/roldao-atacadista-217-vagas-de-emprego-pelo-pais\/"},"author":{"name":"Michele","@id":"https:\/\/www.vagadeempregorj.com.br\/#\/schema\/person\/3ddb19fa0539706786e502152f3aae95"},"headline":"Rold\u00e3o Atacadista: 217 vagas de emprego pelo pa\u00eds","datePublished":"2025-01-13T17:05:11+00:00","dateModified":"2025-01-13T17:06:05+00:00","mainEntityOfPage":{"@id":"https:\/\/www.vagadeempregorj.com.br\/roldao-atacadista-217-vagas-de-emprego-pelo-pais\/"},"wordCount":743,"image":{"@id":"https:\/\/www.vagadeempregorj.com.br\/roldao-atacadista-217-vagas-de-emprego-pelo-pais\/#primaryimage"},"thumbnailUrl":"https:\/\/www.vagadeempregorj.com.br\/wp-content\/uploads\/2025\/01\/image.png","keywords":["empregos","oportunidades"],"articleSection":["Vagas de Emprego Nacionais"],"inLanguage":"ar"},{"@type":"WebPage","@id":"https:\/\/www.vagadeempregorj.com.br\/roldao-atacadista-217-vagas-de-emprego-pelo-pais\/","url":"https:\/\/www.vagadeempregorj.com.br\/roldao-atacadista-217-vagas-de-emprego-pelo-pais\/","name":"Rold\u00e3o Atacadista: 217 vagas de emprego pelo pa\u00eds -","isPartOf":{"@id":"https:\/\/www.vagadeempregorj.com.br\/#website"},"primaryImageOfPage":{"@id":"https:\/\/www.vagadeempregorj.com.br\/roldao-atacadista-217-vagas-de-emprego-pelo-pais\/#primaryimage"},"image":{"@id":"https:\/\/www.vagadeempregorj.com.br\/roldao-atacadista-217-vagas-de-emprego-pelo-pais\/#primaryimage"},"thumbnailUrl":"https:\/\/www.vagadeempregorj.com.br\/wp-content\/uploads\/2025\/01\/image.png","datePublished":"2025-01-13T17:05:11+00:00","dateModified":"2025-01-13T17:06:05+00:00","author":{"@id":"https:\/\/www.vagadeempregorj.com.br\/#\/schema\/person\/3ddb19fa0539706786e502152f3aae95"},"description":"Veja em Vagas de Emprego RJ as vagas de emprego com e sem experi\u00eancia no seu Estado e Regi\u00e3o!","breadcrumb":{"@id":"https:\/\/www.vagadeempregorj.com.br\/roldao-atacadista-217-vagas-de-emprego-pelo-pais\/#breadcrumb"},"inLanguage":"ar","potentialAction":[{"@type":"ReadAction","target":["https:\/\/www.vagadeempregorj.com.br\/roldao-atacadista-217-vagas-de-emprego-pelo-pais\/"]}]},{"@type":"ImageObject","inLanguage":"ar","@id":"https:\/\/www.vagadeempregorj.com.br\/roldao-atacadista-217-vagas-de-emprego-pelo-pais\/#primaryimage","url":"https:\/\/www.vagadeempregorj.com.br\/wp-content\/uploads\/2025\/01\/image.png","contentUrl":"https:\/\/www.vagadeempregorj.com.br\/wp-content\/uploads\/2025\/01\/image.png","width":1000,"height":563,"caption":"Rold\u00e3o Atacadista"},{"@type":"BreadcrumbList","@id":"https:\/\/www.vagadeempregorj.com.br\/roldao-atacadista-217-vagas-de-emprego-pelo-pais\/#breadcrumb","itemListElement":[{"@type":"ListItem","position":1,"name":"In\u00edcio","item":"https:\/\/www.vagadeempregorj.com.br\/"},{"@type":"ListItem","position":2,"name":"Vagas de Emprego Nacionais","item":"https:\/\/www.vagadeempregorj.com.br\/vagas-de-emprego-nacionais\/"},{"@type":"ListItem","position":3,"name":"Rold\u00e3o Atacadista: 217 vagas de emprego pelo pa\u00eds"}]},{"@type":"WebSite","@id":"https:\/\/www.vagadeempregorj.com.br\/#website","url":"https:\/\/www.vagadeempregorj.com.br\/","name":"","description":"Conquiste Sonhos: Vagas, Benef\u00edcios e Economia para Transformar Vidas e Alcan\u00e7ar Melhorias Cotidianas","potentialAction":[{"@type":"SearchAction","target":{"@type":"EntryPoint","urlTemplate":"https:\/\/www.vagadeempregorj.com.br\/?s={search_term_string}"},"query-input":{"@type":"PropertyValueSpecification","valueRequired":true,"valueName":"search_term_string"}}],"inLanguage":"ar"},{"@type":"Person","@id":"https:\/\/www.vagadeempregorj.com.br\/#\/schema\/person\/3ddb19fa0539706786e502152f3aae95","name":"Michele","image":{"@type":"ImageObject","inLanguage":"ar","@id":"https:\/\/secure.gravatar.com\/avatar\/6b0eb9d22841282815e2cd856a0061c45e1761cd54b22e952d98c4746939aa85?s=96&r=g","url":"https:\/\/secure.gravatar.com\/avatar\/6b0eb9d22841282815e2cd856a0061c45e1761cd54b22e952d98c4746939aa85?s=96&r=g","contentUrl":"https:\/\/secure.gravatar.com\/avatar\/6b0eb9d22841282815e2cd856a0061c45e1761cd54b22e952d98c4746939aa85?s=96&r=g","caption":"Michele"},"description":"Formada em Letras - Portugu\u00eas\/ Ingl\u00eas, e idealizadora do site Escritora de Sucesso, busca expandir o conhecimento de todos com informa\u00e7\u00f5es relevantes sobre diversos assuntos, enquanto redatora. No Vaga de Emprego RJ, traz oportunidades e dicas sobre o mercado de trabalho.","url":"https:\/\/www.vagadeempregorj.com.br\/ar\/author\/michele\/"}]}},"_links":{"self":[{"href":"https:\/\/www.vagadeempregorj.com.br\/ar\/wp-json\/wp\/v2\/posts\/41737","targetHints":{"allow":["GET"]}}],"collection":[{"href":"https:\/\/www.vagadeempregorj.com.br\/ar\/wp-json\/wp\/v2\/posts"}],"about":[{"href":"https:\/\/www.vagadeempregorj.com.br\/ar\/wp-json\/wp\/v2\/types\/post"}],"author":[{"embeddable":true,"href":"https:\/\/www.vagadeempregorj.com.br\/ar\/wp-json\/wp\/v2\/users\/16"}],"replies":[{"embeddable":true,"href":"https:\/\/www.vagadeempregorj.com.br\/ar\/wp-json\/wp\/v2\/comments?post=41737"}],"version-history":[{"count":0,"href":"https:\/\/www.vagadeempregorj.com.br\/ar\/wp-json\/wp\/v2\/posts\/41737\/revisions"}],"wp:featuredmedia":[{"embeddable":true,"href":"https:\/\/www.vagadeempregorj.com.br\/ar\/wp-json\/wp\/v2\/media\/41738"}],"wp:attachment":[{"href":"https:\/\/www.vagadeempregorj.com.br\/ar\/wp-json\/wp\/v2\/media?parent=41737"}],"wp:term":[{"taxonomy":"category","embeddable":true,"href":"https:\/\/www.vagadeempregorj.com.br\/ar\/wp-json\/wp\/v2\/categories?post=41737"},{"taxonomy":"post_tag","embeddable":true,"href":"https:\/\/www.vagadeempregorj.com.br\/ar\/wp-json\/wp\/v2\/tags?post=41737"}],"curies":[{"name":"wp","href":"https:\/\/api.w.org\/{rel}","templated":true}]}}