{"id":41769,"date":"2025-01-14T11:25:42","date_gmt":"2025-01-14T14:25:42","guid":{"rendered":"https:\/\/www.vagadeempregorj.com.br\/?p=41769"},"modified":"2025-01-14T11:25:44","modified_gmt":"2025-01-14T14:25:44","slug":"reinsercao-50-mais-mercado-trabalho-parana","status":"publish","type":"post","link":"https:\/\/www.vagadeempregorj.com.br\/ar\/reinsercao-50-mais-mercado-trabalho-parana\/","title":{"rendered":"Reinser\u00e7\u00e3o 50+ no Mercado de Trabalho: Dicas e Oportunidades"},"content":{"rendered":"<h2 class=\"wp-block-heading\">Avan\u00e7os na Reinser\u00e7\u00e3o do P\u00fablico 50+<\/h2>\n\n\n\n<p class=\"has-medium-font-size\">A reinser\u00e7\u00e3o de pessoas com mais de 50 anos no mercado de trabalho tem ganhado for\u00e7a no Paran\u00e1, onde iniciativas promovidas pela Secretaria de Estado do Trabalho, Qualifica\u00e7\u00e3o e Renda (SETR) est\u00e3o ajudando a transformar vidas. Entre 2023 e 2024, o n\u00famero de vagas intermediadas pela Rede Sine para esse p\u00fablico cresceu 38%, passando de 8.994 para 12.440 vagas. Em dois anos, foram mais de 21.000 coloca\u00e7\u00f5es, evidenciando o impacto positivo das pol\u00edticas p\u00fablicas focadas nesse grupo.<\/p>\n\n\n\n<p class=\"has-medium-font-size\">O mutir\u00e3o de empregos realizado em 2024 na Ag\u00eancia do Trabalhador de Curitiba exemplifica esses avan\u00e7os. O evento resultou na coloca\u00e7\u00e3o formal de cerca de 500 pessoas acima de 50 anos. \u201cO objetivo \u00e9 promover a inclus\u00e3o e reduzir as barreiras enfrentadas por essa faixa et\u00e1ria no mercado de trabalho\u201d, afirma um porta-voz da SETR.<\/p>\n\n\n\n<h2 class=\"wp-block-heading\">Qualifica\u00e7\u00e3o para Disputar Vagas<\/h2>\n\n\n\n<p class=\"has-medium-font-size\">Para 2025, a SETR planeja intensificar as ofertas de qualifica\u00e7\u00e3o atrav\u00e9s de programas como Bora Paran\u00e1, Qualifica Paran\u00e1 e Carretas do Conhecimento. Esses projetos fornecem cursos gratuitos ou acess\u00edveis, voltados \u00e0s demandas do mercado atual, como tecnologia e servi\u00e7os. A proposta \u00e9 nivelar as condi\u00e7\u00f5es de competi\u00e7\u00e3o entre os mais velhos e os jovens, que geralmente possuem maior acesso a educa\u00e7\u00e3o atualizada.<\/p>\n\n\n\n<p class=\"has-medium-font-size\">\u201cEssas iniciativas s\u00e3o essenciais, pois muitos profissionais experientes precisam adquirir novas habilidades para atender \u00e0s demandas das empresas. Nosso foco \u00e9 gerar igualdade de oportunidades\u201d, explica Ilsis Cristine da Silva, supervisora do Centro de Integra\u00e7\u00e3o Empresa-Escola do Paran\u00e1 (CIEE\/PR).<\/p>\n\n\n\n<h2 class=\"wp-block-heading\">Hist\u00f3rias de Sucesso<\/h2>\n\n\n\n<p class=\"has-medium-font-size\">Um exemplo inspirador \u00e9 o de M\u00e1rcia Espinosa, de 62 anos. Formada em magist\u00e9rio e com experi\u00eancia na rede municipal de ensino, ela enfrentou dificuldades para se reinserir no mercado ap\u00f3s retornar dos Estados Unidos. Em 2020, incentivada pela filha, M\u00e1rcia retomou os estudos, ingressando em um curso de pedagogia. Durante o curso, ela estagiou em diversas \u00e1reas da educa\u00e7\u00e3o, acumulando experi\u00eancias valiosas. \u201cFoi um recome\u00e7o desafiador, mas muito gratificante. Hoje me sinto preparada para novas oportunidades\u201d, diz.<\/p>\n\n\n\n<p class=\"has-medium-font-size\">O est\u00e1gio de M\u00e1rcia foi intermediado pelo CIEE\/PR, que em 2024 ofereceu mais de 8.700 vagas de est\u00e1gio para todas as faixas et\u00e1rias e planeja ampliar esse n\u00famero em 10% em 2025. Segundo a institui\u00e7\u00e3o, o interesse por est\u00e1gios entre pessoas 50+ tem aumentado, especialmente em \u00e1reas como administra\u00e7\u00e3o e pedagogia.<\/p>\n\n\n\n<h2 class=\"wp-block-heading\">Valorizando a Experi\u00eancia no Mercado<\/h2>\n\n\n\n<p class=\"has-medium-font-size\">O mercado de trabalho tem demonstrado maior receptividade a trabalhadores mais velhos, valorizando a experi\u00eancia e o comprometimento desse p\u00fablico. Empresas de diversos setores t\u00eam identificado vantagens competitivas na contrata\u00e7\u00e3o de profissionais 50+, que geralmente possuem alta motiva\u00e7\u00e3o e menor rotatividade.<\/p>\n\n\n\n<p class=\"has-medium-font-size\">\u201cDurante a pandemia, percebemos uma mudan\u00e7a significativa no perfil de contrata\u00e7\u00e3o. Enquanto muitos jovens optam por trabalhos remotos, as empresas buscam profissionais mais velhos pela confiabilidade e disposi\u00e7\u00e3o em atuar presencialmente\u201d, explica Ilsis.<\/p>\n\n\n\n<h2 class=\"wp-block-heading\">O Futuro da Reinser\u00e7\u00e3o<\/h2>\n\n\n\n<p class=\"has-medium-font-size\">Os dados do Cadastro Geral de Empregados e Desempregados (Caged) mostram uma redu\u00e7\u00e3o significativa no d\u00e9ficit de vagas para pessoas 50+ no Paran\u00e1. Entre janeiro e setembro de 2023, o saldo negativo era de 6.175 vagas. No mesmo per\u00edodo de 2024, o n\u00famero caiu para 1.420. Apesar de ainda haver desafios, os resultados apontam para um cen\u00e1rio promissor.<\/p>\n\n\n\n<h2 class=\"wp-block-heading\">Conclus\u00e3o<\/h2>\n\n\n\n<p class=\"has-medium-font-size\">A reinser\u00e7\u00e3o de pessoas 50+ no mercado de trabalho n\u00e3o \u00e9 apenas uma quest\u00e3o de inclus\u00e3o social, mas tamb\u00e9m uma grande oportunidade de aproveitar o potencial de profissionais experientes. No Paran\u00e1, por exemplo, iniciativas como mutir\u00f5es de emprego, cursos de qualifica\u00e7\u00e3o e programas de est\u00e1gio est\u00e3o n\u00e3o s\u00f3 mudando vidas, mas tamb\u00e9m promovendo transforma\u00e7\u00f5es significativas. Al\u00e9m disso, com a continuidade dessas a\u00e7\u00f5es, espera-se que haja uma maior inclus\u00e3o e valoriza\u00e7\u00e3o da experi\u00eancia no mercado de trabalho.<\/p>\n\n\n\n<hr class=\"wp-block-separator has-alpha-channel-opacity\"\/>\n\n\n\n<p class=\"has-medium-font-size\"><a href=\"https:\/\/www.vagadeempregorj.com.br\/ar\/vagas-de-emprego-nacionais\/\">Para saber mais sobre as op\u00e7\u00f5es de qualifica\u00e7\u00e3o profissional no estado, leia nosso artigo completo sobre o <strong>Qualifica Paran\u00e1<\/strong>.<\/a><\/p>","protected":false},"excerpt":{"rendered":"<p>Avan\u00e7os na Reinser\u00e7\u00e3o do P\u00fablico 50+ A reinser\u00e7\u00e3o de pessoas com mais de 50 anos no mercado de trabalho tem ganhado for\u00e7a no Paran\u00e1, onde iniciativas promovidas pela Secretaria de Estado do Trabalho, Qualifica\u00e7\u00e3o e Renda (SETR) est\u00e3o ajudando a transformar vidas. Entre 2023 e 2024, o n\u00famero de vagas intermediadas pela Rede Sine para&hellip;&nbsp;<\/p>","protected":false},"author":1,"featured_media":41777,"comment_status":"closed","ping_status":"closed","sticky":false,"template":"","format":"standard","meta":{"neve_meta_sidebar":"","neve_meta_container":"","neve_meta_enable_content_width":"","neve_meta_content_width":0,"neve_meta_title_alignment":"","neve_meta_author_avatar":"","neve_post_elements_order":"","neve_meta_disable_header":"","neve_meta_disable_footer":"","neve_meta_disable_title":"","footnotes":""},"categories":[123],"tags":[891,894,883,893,892],"class_list":["post-41769","post","type-post","status-publish","format-standard","has-post-thumbnail","hentry","category-vagas-de-emprego-nacionais","tag-pessoas-50","tag-programas-de-qualificacao","tag-qualificacao-profissional","tag-reinsercao-no-mercado-de-trabalho","tag-vagas-de-emprego-parana"],"yoast_head":"<!-- This site is optimized with the Yoast SEO plugin v27.5 - https:\/\/yoast.com\/product\/yoast-seo-wordpress\/ -->\n<title>Reinser\u00e7\u00e3o 50+ no Mercado de Trabalho: Dicas e Oportunidades -<\/title>\n<meta name=\"description\" content=\"Descubra como iniciativas no Paran\u00e1 est\u00e3o promovendo a reinser\u00e7\u00e3o de pessoas 50+ no mercado de trabalho, com vagas, cursos e qualifica\u00e7\u00e3o.\" \/>\n<meta name=\"robots\" content=\"index, follow, max-snippet:-1, max-image-preview:large, max-video-preview:-1\" \/>\n<link rel=\"canonical\" href=\"https:\/\/www.vagadeempregorj.com.br\/ar\/reinsercao-50-mais-mercado-trabalho-parana\/\" \/>\n<meta property=\"og:locale\" content=\"ar_AR\" \/>\n<meta property=\"og:type\" content=\"article\" \/>\n<meta property=\"og:title\" content=\"Reinser\u00e7\u00e3o 50+ no Mercado de Trabalho: Dicas e Oportunidades -\" \/>\n<meta property=\"og:description\" content=\"Descubra como iniciativas no Paran\u00e1 est\u00e3o promovendo a reinser\u00e7\u00e3o de pessoas 50+ no mercado de trabalho, com vagas, cursos e qualifica\u00e7\u00e3o.\" \/>\n<meta property=\"og:url\" content=\"https:\/\/www.vagadeempregorj.com.br\/ar\/reinsercao-50-mais-mercado-trabalho-parana\/\" \/>\n<meta property=\"article:publisher\" content=\"https:\/\/www.facebook.com\/empregobrasiloficial\" \/>\n<meta property=\"article:published_time\" content=\"2025-01-14T14:25:42+00:00\" \/>\n<meta property=\"article:modified_time\" content=\"2025-01-14T14:25:44+00:00\" \/>\n<meta property=\"og:image\" content=\"https:\/\/www.vagadeempregorj.com.br\/wp-content\/uploads\/2025\/01\/Para.webp\" \/>\n\t<meta property=\"og:image:width\" content=\"1024\" \/>\n\t<meta property=\"og:image:height\" content=\"682\" \/>\n\t<meta property=\"og:image:type\" content=\"image\/webp\" \/>\n<meta name=\"author\" content=\"Ana B.\" \/>\n<meta name=\"twitter:card\" content=\"summary_large_image\" \/>\n<meta name=\"twitter:label1\" content=\"Written by\" \/>\n\t<meta name=\"twitter:data1\" content=\"Ana B.\" \/>\n\t<meta name=\"twitter:label2\" content=\"Est. reading time\" \/>\n\t<meta name=\"twitter:data2\" content=\"3 \u062f\u0642\u0627\u0626\u0642\" \/>\n<script type=\"application\/ld+json\" class=\"yoast-schema-graph\">{\"@context\":\"https:\\\/\\\/schema.org\",\"@graph\":[{\"@type\":\"Article\",\"@id\":\"https:\\\/\\\/www.vagadeempregorj.com.br\\\/reinsercao-50-mais-mercado-trabalho-parana\\\/#article\",\"isPartOf\":{\"@id\":\"https:\\\/\\\/www.vagadeempregorj.com.br\\\/reinsercao-50-mais-mercado-trabalho-parana\\\/\"},\"author\":{\"name\":\"Ana B.\",\"@id\":\"https:\\\/\\\/www.vagadeempregorj.com.br\\\/#\\\/schema\\\/person\\\/c0c38d5d765e86c3b7c8f12fb1ae6477\"},\"headline\":\"Reinser\u00e7\u00e3o 50+ no Mercado de Trabalho: Dicas e Oportunidades\",\"datePublished\":\"2025-01-14T14:25:42+00:00\",\"dateModified\":\"2025-01-14T14:25:44+00:00\",\"mainEntityOfPage\":{\"@id\":\"https:\\\/\\\/www.vagadeempregorj.com.br\\\/reinsercao-50-mais-mercado-trabalho-parana\\\/\"},\"wordCount\":672,\"image\":{\"@id\":\"https:\\\/\\\/www.vagadeempregorj.com.br\\\/reinsercao-50-mais-mercado-trabalho-parana\\\/#primaryimage\"},\"thumbnailUrl\":\"https:\\\/\\\/www.vagadeempregorj.com.br\\\/wp-content\\\/uploads\\\/2025\\\/01\\\/Para.webp\",\"keywords\":[\"pessoas 50+\",\"programas de qualifica\u00e7\u00e3o\",\"qualifica\u00e7\u00e3o profissional\",\"reinser\u00e7\u00e3o no mercado de trabalho\",\"vagas de emprego Paran\u00e1\"],\"articleSection\":[\"Vagas de Emprego Nacionais\"],\"inLanguage\":\"ar\"},{\"@type\":\"WebPage\",\"@id\":\"https:\\\/\\\/www.vagadeempregorj.com.br\\\/reinsercao-50-mais-mercado-trabalho-parana\\\/\",\"url\":\"https:\\\/\\\/www.vagadeempregorj.com.br\\\/reinsercao-50-mais-mercado-trabalho-parana\\\/\",\"name\":\"Reinser\u00e7\u00e3o 50+ no Mercado de Trabalho: Dicas e Oportunidades -\",\"isPartOf\":{\"@id\":\"https:\\\/\\\/www.vagadeempregorj.com.br\\\/#website\"},\"primaryImageOfPage\":{\"@id\":\"https:\\\/\\\/www.vagadeempregorj.com.br\\\/reinsercao-50-mais-mercado-trabalho-parana\\\/#primaryimage\"},\"image\":{\"@id\":\"https:\\\/\\\/www.vagadeempregorj.com.br\\\/reinsercao-50-mais-mercado-trabalho-parana\\\/#primaryimage\"},\"thumbnailUrl\":\"https:\\\/\\\/www.vagadeempregorj.com.br\\\/wp-content\\\/uploads\\\/2025\\\/01\\\/Para.webp\",\"datePublished\":\"2025-01-14T14:25:42+00:00\",\"dateModified\":\"2025-01-14T14:25:44+00:00\",\"author\":{\"@id\":\"https:\\\/\\\/www.vagadeempregorj.com.br\\\/#\\\/schema\\\/person\\\/c0c38d5d765e86c3b7c8f12fb1ae6477\"},\"description\":\"Descubra como iniciativas no Paran\u00e1 est\u00e3o promovendo a reinser\u00e7\u00e3o de pessoas 50+ no mercado de trabalho, com vagas, cursos e qualifica\u00e7\u00e3o.\",\"breadcrumb\":{\"@id\":\"https:\\\/\\\/www.vagadeempregorj.com.br\\\/reinsercao-50-mais-mercado-trabalho-parana\\\/#breadcrumb\"},\"inLanguage\":\"ar\",\"potentialAction\":[{\"@type\":\"ReadAction\",\"target\":[\"https:\\\/\\\/www.vagadeempregorj.com.br\\\/reinsercao-50-mais-mercado-trabalho-parana\\\/\"]}]},{\"@type\":\"ImageObject\",\"inLanguage\":\"ar\",\"@id\":\"https:\\\/\\\/www.vagadeempregorj.com.br\\\/reinsercao-50-mais-mercado-trabalho-parana\\\/#primaryimage\",\"url\":\"https:\\\/\\\/www.vagadeempregorj.com.br\\\/wp-content\\\/uploads\\\/2025\\\/01\\\/Para.webp\",\"contentUrl\":\"https:\\\/\\\/www.vagadeempregorj.com.br\\\/wp-content\\\/uploads\\\/2025\\\/01\\\/Para.webp\",\"width\":1024,\"height\":682,\"caption\":\"Reinser\u00e7\u00e3o 50+ no mercado\"},{\"@type\":\"BreadcrumbList\",\"@id\":\"https:\\\/\\\/www.vagadeempregorj.com.br\\\/reinsercao-50-mais-mercado-trabalho-parana\\\/#breadcrumb\",\"itemListElement\":[{\"@type\":\"ListItem\",\"position\":1,\"name\":\"In\u00edcio\",\"item\":\"https:\\\/\\\/www.vagadeempregorj.com.br\\\/\"},{\"@type\":\"ListItem\",\"position\":2,\"name\":\"Vagas de Emprego Nacionais\",\"item\":\"https:\\\/\\\/www.vagadeempregorj.com.br\\\/vagas-de-emprego-nacionais\\\/\"},{\"@type\":\"ListItem\",\"position\":3,\"name\":\"Reinser\u00e7\u00e3o 50+ no Mercado de Trabalho: Dicas e Oportunidades\"}]},{\"@type\":\"WebSite\",\"@id\":\"https:\\\/\\\/www.vagadeempregorj.com.br\\\/#website\",\"url\":\"https:\\\/\\\/www.vagadeempregorj.com.br\\\/\",\"name\":\"\",\"description\":\"Conquiste Sonhos: Vagas, Benef\u00edcios e Economia para Transformar Vidas e Alcan\u00e7ar Melhorias Cotidianas\",\"potentialAction\":[{\"@type\":\"SearchAction\",\"target\":{\"@type\":\"EntryPoint\",\"urlTemplate\":\"https:\\\/\\\/www.vagadeempregorj.com.br\\\/?s={search_term_string}\"},\"query-input\":{\"@type\":\"PropertyValueSpecification\",\"valueRequired\":true,\"valueName\":\"search_term_string\"}}],\"inLanguage\":\"ar\"},{\"@type\":\"Person\",\"@id\":\"https:\\\/\\\/www.vagadeempregorj.com.br\\\/#\\\/schema\\\/person\\\/c0c38d5d765e86c3b7c8f12fb1ae6477\",\"name\":\"Ana B.\",\"image\":{\"@type\":\"ImageObject\",\"inLanguage\":\"ar\",\"@id\":\"https:\\\/\\\/secure.gravatar.com\\\/avatar\\\/f5efa58599e07f8dd92f26c7cfbc442fd115582bc681245452e503c2ef2334f3?s=96&r=g\",\"url\":\"https:\\\/\\\/secure.gravatar.com\\\/avatar\\\/f5efa58599e07f8dd92f26c7cfbc442fd115582bc681245452e503c2ef2334f3?s=96&r=g\",\"contentUrl\":\"https:\\\/\\\/secure.gravatar.com\\\/avatar\\\/f5efa58599e07f8dd92f26c7cfbc442fd115582bc681245452e503c2ef2334f3?s=96&r=g\",\"caption\":\"Ana B.\"},\"description\":\"Meu nome \u00e9 Ana e sou apaixonada em escrever. Dedico meu tempo escrevendo not\u00edcias e vagas de emprego diariamente no portal Vaga de Emprego RJ.\",\"url\":\"https:\\\/\\\/www.vagadeempregorj.com.br\\\/ar\\\/author\\\/vgrj\\\/\"}]}<\/script>\n<!-- \/ Yoast SEO plugin. -->","yoast_head_json":{"title":"Reinser\u00e7\u00e3o 50+ no Mercado de Trabalho: Dicas e Oportunidades -","description":"Descubra como iniciativas no Paran\u00e1 est\u00e3o promovendo a reinser\u00e7\u00e3o de pessoas 50+ no mercado de trabalho, com vagas, cursos e qualifica\u00e7\u00e3o.","robots":{"index":"index","follow":"follow","max-snippet":"max-snippet:-1","max-image-preview":"max-image-preview:large","max-video-preview":"max-video-preview:-1"},"canonical":"https:\/\/www.vagadeempregorj.com.br\/ar\/reinsercao-50-mais-mercado-trabalho-parana\/","og_locale":"ar_AR","og_type":"article","og_title":"Reinser\u00e7\u00e3o 50+ no Mercado de Trabalho: Dicas e Oportunidades -","og_description":"Descubra como iniciativas no Paran\u00e1 est\u00e3o promovendo a reinser\u00e7\u00e3o de pessoas 50+ no mercado de trabalho, com vagas, cursos e qualifica\u00e7\u00e3o.","og_url":"https:\/\/www.vagadeempregorj.com.br\/ar\/reinsercao-50-mais-mercado-trabalho-parana\/","article_publisher":"https:\/\/www.facebook.com\/empregobrasiloficial","article_published_time":"2025-01-14T14:25:42+00:00","article_modified_time":"2025-01-14T14:25:44+00:00","og_image":[{"width":1024,"height":682,"url":"https:\/\/www.vagadeempregorj.com.br\/wp-content\/uploads\/2025\/01\/Para.webp","type":"image\/webp"}],"author":"Ana B.","twitter_card":"summary_large_image","twitter_misc":{"Written by":"Ana B.","Est. reading time":"3 \u062f\u0642\u0627\u0626\u0642"},"schema":{"@context":"https:\/\/schema.org","@graph":[{"@type":"Article","@id":"https:\/\/www.vagadeempregorj.com.br\/reinsercao-50-mais-mercado-trabalho-parana\/#article","isPartOf":{"@id":"https:\/\/www.vagadeempregorj.com.br\/reinsercao-50-mais-mercado-trabalho-parana\/"},"author":{"name":"Ana B.","@id":"https:\/\/www.vagadeempregorj.com.br\/#\/schema\/person\/c0c38d5d765e86c3b7c8f12fb1ae6477"},"headline":"Reinser\u00e7\u00e3o 50+ no Mercado de Trabalho: Dicas e Oportunidades","datePublished":"2025-01-14T14:25:42+00:00","dateModified":"2025-01-14T14:25:44+00:00","mainEntityOfPage":{"@id":"https:\/\/www.vagadeempregorj.com.br\/reinsercao-50-mais-mercado-trabalho-parana\/"},"wordCount":672,"image":{"@id":"https:\/\/www.vagadeempregorj.com.br\/reinsercao-50-mais-mercado-trabalho-parana\/#primaryimage"},"thumbnailUrl":"https:\/\/www.vagadeempregorj.com.br\/wp-content\/uploads\/2025\/01\/Para.webp","keywords":["pessoas 50+","programas de qualifica\u00e7\u00e3o","qualifica\u00e7\u00e3o profissional","reinser\u00e7\u00e3o no mercado de trabalho","vagas de emprego Paran\u00e1"],"articleSection":["Vagas de Emprego Nacionais"],"inLanguage":"ar"},{"@type":"WebPage","@id":"https:\/\/www.vagadeempregorj.com.br\/reinsercao-50-mais-mercado-trabalho-parana\/","url":"https:\/\/www.vagadeempregorj.com.br\/reinsercao-50-mais-mercado-trabalho-parana\/","name":"Reinser\u00e7\u00e3o 50+ no Mercado de Trabalho: Dicas e Oportunidades -","isPartOf":{"@id":"https:\/\/www.vagadeempregorj.com.br\/#website"},"primaryImageOfPage":{"@id":"https:\/\/www.vagadeempregorj.com.br\/reinsercao-50-mais-mercado-trabalho-parana\/#primaryimage"},"image":{"@id":"https:\/\/www.vagadeempregorj.com.br\/reinsercao-50-mais-mercado-trabalho-parana\/#primaryimage"},"thumbnailUrl":"https:\/\/www.vagadeempregorj.com.br\/wp-content\/uploads\/2025\/01\/Para.webp","datePublished":"2025-01-14T14:25:42+00:00","dateModified":"2025-01-14T14:25:44+00:00","author":{"@id":"https:\/\/www.vagadeempregorj.com.br\/#\/schema\/person\/c0c38d5d765e86c3b7c8f12fb1ae6477"},"description":"Descubra como iniciativas no Paran\u00e1 est\u00e3o promovendo a reinser\u00e7\u00e3o de pessoas 50+ no mercado de trabalho, com vagas, cursos e qualifica\u00e7\u00e3o.","breadcrumb":{"@id":"https:\/\/www.vagadeempregorj.com.br\/reinsercao-50-mais-mercado-trabalho-parana\/#breadcrumb"},"inLanguage":"ar","potentialAction":[{"@type":"ReadAction","target":["https:\/\/www.vagadeempregorj.com.br\/reinsercao-50-mais-mercado-trabalho-parana\/"]}]},{"@type":"ImageObject","inLanguage":"ar","@id":"https:\/\/www.vagadeempregorj.com.br\/reinsercao-50-mais-mercado-trabalho-parana\/#primaryimage","url":"https:\/\/www.vagadeempregorj.com.br\/wp-content\/uploads\/2025\/01\/Para.webp","contentUrl":"https:\/\/www.vagadeempregorj.com.br\/wp-content\/uploads\/2025\/01\/Para.webp","width":1024,"height":682,"caption":"Reinser\u00e7\u00e3o 50+ no mercado"},{"@type":"BreadcrumbList","@id":"https:\/\/www.vagadeempregorj.com.br\/reinsercao-50-mais-mercado-trabalho-parana\/#breadcrumb","itemListElement":[{"@type":"ListItem","position":1,"name":"In\u00edcio","item":"https:\/\/www.vagadeempregorj.com.br\/"},{"@type":"ListItem","position":2,"name":"Vagas de Emprego Nacionais","item":"https:\/\/www.vagadeempregorj.com.br\/vagas-de-emprego-nacionais\/"},{"@type":"ListItem","position":3,"name":"Reinser\u00e7\u00e3o 50+ no Mercado de Trabalho: Dicas e Oportunidades"}]},{"@type":"WebSite","@id":"https:\/\/www.vagadeempregorj.com.br\/#website","url":"https:\/\/www.vagadeempregorj.com.br\/","name":"","description":"Conquiste Sonhos: Vagas, Benef\u00edcios e Economia para Transformar Vidas e Alcan\u00e7ar Melhorias Cotidianas","potentialAction":[{"@type":"SearchAction","target":{"@type":"EntryPoint","urlTemplate":"https:\/\/www.vagadeempregorj.com.br\/?s={search_term_string}"},"query-input":{"@type":"PropertyValueSpecification","valueRequired":true,"valueName":"search_term_string"}}],"inLanguage":"ar"},{"@type":"Person","@id":"https:\/\/www.vagadeempregorj.com.br\/#\/schema\/person\/c0c38d5d765e86c3b7c8f12fb1ae6477","name":"Ana B.","image":{"@type":"ImageObject","inLanguage":"ar","@id":"https:\/\/secure.gravatar.com\/avatar\/f5efa58599e07f8dd92f26c7cfbc442fd115582bc681245452e503c2ef2334f3?s=96&r=g","url":"https:\/\/secure.gravatar.com\/avatar\/f5efa58599e07f8dd92f26c7cfbc442fd115582bc681245452e503c2ef2334f3?s=96&r=g","contentUrl":"https:\/\/secure.gravatar.com\/avatar\/f5efa58599e07f8dd92f26c7cfbc442fd115582bc681245452e503c2ef2334f3?s=96&r=g","caption":"Ana B."},"description":"Meu nome \u00e9 Ana e sou apaixonada em escrever. Dedico meu tempo escrevendo not\u00edcias e vagas de emprego diariamente no portal Vaga de Emprego RJ.","url":"https:\/\/www.vagadeempregorj.com.br\/ar\/author\/vgrj\/"}]}},"_links":{"self":[{"href":"https:\/\/www.vagadeempregorj.com.br\/ar\/wp-json\/wp\/v2\/posts\/41769","targetHints":{"allow":["GET"]}}],"collection":[{"href":"https:\/\/www.vagadeempregorj.com.br\/ar\/wp-json\/wp\/v2\/posts"}],"about":[{"href":"https:\/\/www.vagadeempregorj.com.br\/ar\/wp-json\/wp\/v2\/types\/post"}],"author":[{"embeddable":true,"href":"https:\/\/www.vagadeempregorj.com.br\/ar\/wp-json\/wp\/v2\/users\/1"}],"replies":[{"embeddable":true,"href":"https:\/\/www.vagadeempregorj.com.br\/ar\/wp-json\/wp\/v2\/comments?post=41769"}],"version-history":[{"count":0,"href":"https:\/\/www.vagadeempregorj.com.br\/ar\/wp-json\/wp\/v2\/posts\/41769\/revisions"}],"wp:featuredmedia":[{"embeddable":true,"href":"https:\/\/www.vagadeempregorj.com.br\/ar\/wp-json\/wp\/v2\/media\/41777"}],"wp:attachment":[{"href":"https:\/\/www.vagadeempregorj.com.br\/ar\/wp-json\/wp\/v2\/media?parent=41769"}],"wp:term":[{"taxonomy":"category","embeddable":true,"href":"https:\/\/www.vagadeempregorj.com.br\/ar\/wp-json\/wp\/v2\/categories?post=41769"},{"taxonomy":"post_tag","embeddable":true,"href":"https:\/\/www.vagadeempregorj.com.br\/ar\/wp-json\/wp\/v2\/tags?post=41769"}],"curies":[{"name":"wp","href":"https:\/\/api.w.org\/{rel}","templated":true}]}}