{"id":41985,"date":"2025-01-17T11:47:04","date_gmt":"2025-01-17T14:47:04","guid":{"rendered":"https:\/\/www.vagadeempregorj.com.br\/?p=41985"},"modified":"2025-01-17T11:48:15","modified_gmt":"2025-01-17T14:48:15","slug":"tudo-o-que-voce-precisa-saber-sobre-o-auxilio-emergencial-beneficios-e-como-acessa-lo","status":"publish","type":"post","link":"https:\/\/www.vagadeempregorj.com.br\/ar\/tudo-o-que-voce-precisa-saber-sobre-o-auxilio-emergencial-beneficios-e-como-acessa-lo\/","title":{"rendered":"Tudo o Que Voc\u00ea Precisa Saber Sobre o Aux\u00edlio Emergencial: Benef\u00edcios e Como Acess\u00e1-lo"},"content":{"rendered":"<p class=\"has-medium-font-size\">O Aux\u00edlio Emergencial \u00e9 uma iniciativa essencial para apoiar cidad\u00e3os em momentos de crise financeira, como a enfrentada durante a pandemia da COVID-19. Criado para fornecer suporte a trabalhadores informais, desempregados e fam\u00edlias de baixa renda, esse benef\u00edcio tem sido um al\u00edvio para milh\u00f5es de brasileiros.<\/p>\n\n\n\n<p class=\"has-medium-font-size\">Neste post, voc\u00ea entender\u00e1 os principais benef\u00edcios do Aux\u00edlio Emergencial, quem tem direito a ele e como acess\u00e1-lo de forma clara e pr\u00e1tica.<\/p>\n\n\n<div class=\"wp-block-image\">\n<figure class=\"aligncenter size-full is-resized\"><img loading=\"lazy\" decoding=\"async\" width=\"798\" height=\"359\" src=\"https:\/\/www.vagadeempregorj.com.br\/wp-content\/uploads\/2025\/01\/image4.png\" alt=\"\" class=\"wp-image-42001\" style=\"width:840px;height:auto\" srcset=\"https:\/\/www.vagadeempregorj.com.br\/wp-content\/uploads\/2025\/01\/image4.png 798w, https:\/\/www.vagadeempregorj.com.br\/wp-content\/uploads\/2025\/01\/image4-300x135.png 300w, https:\/\/www.vagadeempregorj.com.br\/wp-content\/uploads\/2025\/01\/image4-768x346.png 768w, https:\/\/www.vagadeempregorj.com.br\/wp-content\/uploads\/2025\/01\/image4-150x67.png 150w\" sizes=\"auto, (max-width: 798px) 100vw, 798px\" \/><\/figure>\n<\/div>\n\n\n<hr class=\"wp-block-separator has-alpha-channel-opacity\"\/>\n\n\n\n<h3 class=\"wp-block-heading\"><strong>O Que \u00c9 o Aux\u00edlio Emergencial?<\/strong><\/h3>\n\n\n\n<p class=\"has-medium-font-size\">O Aux\u00edlio Emergencial \u00e9 um benef\u00edcio financeiro criado pelo governo brasileiro para ajudar as pessoas mais vulner\u00e1veis em per\u00edodos de emerg\u00eancia, como desastres econ\u00f4micos ou sanit\u00e1rios.<\/p>\n\n\n\n<p class=\"has-medium-font-size\">Ele tem como objetivo fornecer um suporte tempor\u00e1rio de renda para que os cidad\u00e3os possam atender \u00e0s suas necessidades b\u00e1sicas, como alimenta\u00e7\u00e3o, medicamentos e contas essenciais.<\/p>\n\n\n\n<hr class=\"wp-block-separator has-alpha-channel-opacity\"\/>\n\n\n\n<h3 class=\"wp-block-heading\"><strong>Principais Benef\u00edcios do Aux\u00edlio Emergencial<\/strong><\/h3>\n\n\n\n<ol class=\"wp-block-list\">\n<li class=\"has-medium-font-size\"><strong>Al\u00edvio Econ\u00f4mico Imediato<\/strong><br>O Aux\u00edlio \u00e9 projetado para entregar suporte financeiro r\u00e1pido, garantindo que fam\u00edlias em situa\u00e7\u00e3o de vulnerabilidade possam manter seu sustento b\u00e1sico.<\/li>\n\n\n\n<li class=\"has-medium-font-size\"><strong>Inclus\u00e3o Financeira<\/strong><br>Muitas pessoas que antes n\u00e3o possu\u00edam contas banc\u00e1rias tiveram acesso a servi\u00e7os financeiros por meio do Aux\u00edlio Emergencial, como a abertura de contas digitais na Caixa Econ\u00f4mica Federal.<\/li>\n\n\n\n<li class=\"has-medium-font-size\"><strong>Flexibilidade no Uso<\/strong><br>O valor recebido pode ser usado para qualquer necessidade, permitindo que cada benefici\u00e1rio priorize o que \u00e9 mais urgente, como alimenta\u00e7\u00e3o, aluguel ou medicamentos.<\/li>\n\n\n\n<li class=\"has-medium-font-size\"><strong>Impulso \u00e0 Economia Local<\/strong><br>Ao injetar recursos diretamente nas m\u00e3os da popula\u00e7\u00e3o, o programa ajuda a movimentar o com\u00e9rcio local e fortalecer pequenos neg\u00f3cios.<\/li>\n\n\n\n<li class=\"has-medium-font-size\"><strong>Facilidade no Acesso (em formato digital)<\/strong><br>Por meio do aplicativo Caixa Tem, os benefici\u00e1rios podem acompanhar pagamentos, realizar transfer\u00eancias e fazer compras online, aumentando a acessibilidade ao benef\u00edcio.<\/li>\n<\/ol>\n\n\n\n<hr class=\"wp-block-separator has-alpha-channel-opacity\"\/>\n\n\n\n<h3 class=\"wp-block-heading\"><strong>Quem Tem Direito ao Aux\u00edlio Emergencial?<\/strong><\/h3>\n\n\n\n<p class=\"has-medium-font-size\">O direito ao Aux\u00edlio \u00e9 determinado por crit\u00e9rios espec\u00edficos definidos pelo governo. As regras podem variar dependendo da situa\u00e7\u00e3o econ\u00f4mica ou das diretrizes do programa em vigor.<\/p>\n\n\n\n<p class=\"has-medium-font-size\">Os principais crit\u00e9rios incluem:<\/p>\n\n\n\n<ul class=\"wp-block-list\">\n<li class=\"has-medium-font-size\">Ser maior de 18 anos (ou m\u00e3es adolescentes).<\/li>\n\n\n\n<li class=\"has-medium-font-size\">Pertencer a fam\u00edlias com renda per capita de at\u00e9 meio sal\u00e1rio m\u00ednimo ou renda total de at\u00e9 tr\u00eas sal\u00e1rios m\u00ednimos.<\/li>\n\n\n\n<li class=\"has-medium-font-size\">N\u00e3o estar recebendo outros benef\u00edcios sociais, como aposentadoria ou seguro-desemprego, com exce\u00e7\u00e3o do Bolsa Fam\u00edlia.<\/li>\n\n\n\n<li class=\"has-medium-font-size\">Estar inscrito no Cadastro \u00danico para Programas Sociais (Cad\u00danico) ou se autodeclarar como trabalhador informal.<\/li>\n<\/ul>\n\n\n\n<hr class=\"wp-block-separator has-alpha-channel-opacity\"\/>\n\n\n\n<h3 class=\"wp-block-heading\"><strong>Como Acessar o Aux\u00edlio Emergencial: Passo a Passo<\/strong><\/h3>\n\n\n\n<p class=\"has-medium-font-size\">Agora que voc\u00ea compreende os benef\u00edcios e quem pode receber o Aux\u00edlio Emergencial, veja como acess\u00e1-lo em 5 passos simples:<\/p>\n\n\n\n<h4 class=\"wp-block-heading\"><strong>1. Verifique Sua Elegibilidade<\/strong><\/h4>\n\n\n\n<p class=\"has-medium-font-size\">Antes de tudo, \u00e9 importante confirmar se voc\u00ea atende aos crit\u00e9rios para receber o benef\u00edcio. Consulte o site oficial do governo federal ou o aplicativo <em>Caixa Tem<\/em>.<\/p>\n\n\n\n<h4 class=\"wp-block-heading\"><strong>2. Inscreva-se no Programa<\/strong><\/h4>\n\n\n\n<p class=\"has-medium-font-size\">Se voc\u00ea ainda n\u00e3o est\u00e1 cadastrado no Cad\u00danico, pode realizar sua inscri\u00e7\u00e3o diretamente pelo aplicativo do Aux\u00edlio Emergencial, dispon\u00edvel para Android e iOS.<\/p>\n\n\n\n<ul class=\"wp-block-list\">\n<li class=\"has-medium-font-size\">Preencha suas informa\u00e7\u00f5es pessoais, como CPF, RG e dados familiares.<\/li>\n\n\n\n<li class=\"has-medium-font-size\">Certifique-se de que todas as informa\u00e7\u00f5es est\u00e3o corretas, pois erros podem atrasar o processo.<\/li>\n<\/ul>\n\n\n\n<h4 class=\"wp-block-heading\"><strong>3. Acompanhe a An\u00e1lise do Cadastro<\/strong><\/h4>\n\n\n\n<p class=\"has-medium-font-size\">Ap\u00f3s o envio dos seus dados, o governo realizar\u00e1 uma an\u00e1lise para verificar se voc\u00ea atende aos crit\u00e9rios.<\/p>\n\n\n\n<ul class=\"wp-block-list\">\n<li class=\"has-medium-font-size\">Voc\u00ea pode acompanhar o status da sua solicita\u00e7\u00e3o pelo aplicativo <em>Caixa Tem<\/em>.<\/li>\n<\/ul>\n\n\n\n<h4 class=\"wp-block-heading\"><strong>4. Receba Seu Pagamento<\/strong><\/h4>\n\n\n\n<p class=\"has-medium-font-size\">Uma vez aprovado, voc\u00ea ser\u00e1 informado sobre as datas de pagamento.<\/p>\n\n\n\n<ul class=\"wp-block-list\">\n<li class=\"has-medium-font-size\">Os valores ser\u00e3o depositados em uma conta digital gratuita, criada automaticamente pela Caixa Econ\u00f4mica Federal.<\/li>\n<\/ul>\n\n\n\n<h4 class=\"wp-block-heading\"><strong>5. Use o Benef\u00edcio de Forma Estrat\u00e9gica<\/strong><\/h4>\n\n\n\n<p class=\"has-medium-font-size\">O valor pode ser sacado em dinheiro, transferido para outra conta banc\u00e1ria ou utilizado diretamente no aplicativo <em>Caixa Tem<\/em> para pagar contas, realizar compras online ou em lojas f\u00edsicas.<\/p>\n\n\n\n<hr class=\"wp-block-separator has-alpha-channel-opacity\"\/>\n\n\n\n<h3 class=\"wp-block-heading\"><strong>Dicas Importantes para N\u00e3o Perder o Aux\u00edlio<\/strong><\/h3>\n\n\n\n<ul class=\"wp-block-list\">\n<li class=\"has-medium-font-size\"><strong>Mantenha Seus Dados Atualizados:<\/strong> Certifique-se de que seu CPF e informa\u00e7\u00f5es no Cad\u00danico est\u00e3o corretos e atualizados.<\/li>\n\n\n\n<li class=\"has-medium-font-size\"><strong>Evite Fraudes:<\/strong> N\u00e3o compartilhe seus dados pessoais com terceiros e utilize apenas os canais oficiais para solicitar ou acompanhar o benef\u00edcio.<\/li>\n\n\n\n<li class=\"has-medium-font-size\"><strong>Respeite os Prazos:<\/strong> Fique atento \u00e0s datas de inscri\u00e7\u00e3o e pagamentos para n\u00e3o perder a oportunidade de receber o aux\u00edlio.<\/li>\n<\/ul>\n\n\n\n<hr class=\"wp-block-separator has-alpha-channel-opacity\"\/>\n\n\n\n<h3 class=\"wp-block-heading\"><strong>Conclus\u00e3o<\/strong><\/h3>\n\n\n\n<p class=\"has-medium-font-size\">O Aux\u00edlio Emergencial \u00e9 mais do que um benef\u00edcio financeiro; \u00e9 uma ferramenta de apoio essencial para milh\u00f5es de brasileiros em tempos dif\u00edceis. Saber como acess\u00e1-lo e us\u00e1-lo com sabedoria pode fazer toda a diferen\u00e7a para sua fam\u00edlia e sua qualidade de vida.<\/p>\n\n\n\n<p class=\"has-medium-font-size\">Se voc\u00ea acredita que tem direito ao benef\u00edcio, siga os passos acima e garanta o suporte necess\u00e1rio para superar os desafios financeiros.<\/p>\n\n\n\n<p><\/p>\n\n\n\n<h3 class=\"wp-block-heading has-medium-font-size\"><strong>Veja tamb\u00e9m: <a href=\"https:\/\/www.vagadeempregorj.com.br\/ar\/mude-sua-vida-financeira-veja-os-beneficios-sociais-e-os-empregos-disponiveis\/\">Mude sua vida financeira: Veja os benef\u00edcios sociais e os empregos dispon\u00edveis<\/a><\/strong><\/h3>\n\n\n\n<p><\/p>","protected":false},"excerpt":{"rendered":"<p>O Aux\u00edlio Emergencial \u00e9 uma iniciativa essencial para apoiar cidad\u00e3os em momentos de crise financeira, como a enfrentada durante a pandemia da COVID-19. Criado para fornecer suporte a trabalhadores informais, desempregados e fam\u00edlias de baixa renda, esse benef\u00edcio tem sido um al\u00edvio para milh\u00f5es de brasileiros. Neste post, voc\u00ea entender\u00e1 os principais benef\u00edcios do Aux\u00edlio&hellip;&nbsp;<\/p>","protected":false},"author":1,"featured_media":42001,"comment_status":"closed","ping_status":"closed","sticky":false,"template":"","format":"standard","meta":{"neve_meta_sidebar":"","neve_meta_container":"","neve_meta_enable_content_width":"","neve_meta_content_width":0,"neve_meta_title_alignment":"","neve_meta_author_avatar":"","neve_post_elements_order":"","neve_meta_disable_header":"","neve_meta_disable_footer":"","neve_meta_disable_title":"","footnotes":""},"categories":[1],"tags":[],"class_list":["post-41985","post","type-post","status-publish","format-standard","has-post-thumbnail","hentry","category-beneficios-sociais"],"yoast_head":"<!-- This site is optimized with the Yoast SEO plugin v27.5 - https:\/\/yoast.com\/product\/yoast-seo-wordpress\/ -->\n<title>Tudo o Que Voc\u00ea Precisa Saber Sobre o Aux\u00edlio Emergencial: Benef\u00edcios e Como Acess\u00e1-lo -<\/title>\n<meta name=\"description\" content=\"Veja em Vagas de Emprego RJ as vagas de emprego com e sem experi\u00eancia no seu Estado e Regi\u00e3o!\" \/>\n<meta name=\"robots\" content=\"index, follow, max-snippet:-1, max-image-preview:large, max-video-preview:-1\" \/>\n<link rel=\"canonical\" href=\"https:\/\/www.vagadeempregorj.com.br\/ar\/tudo-o-que-voce-precisa-saber-sobre-o-auxilio-emergencial-beneficios-e-como-acessa-lo\/\" \/>\n<meta property=\"og:locale\" content=\"ar_AR\" \/>\n<meta property=\"og:type\" content=\"article\" \/>\n<meta property=\"og:title\" content=\"Tudo o Que Voc\u00ea Precisa Saber Sobre o Aux\u00edlio Emergencial: Benef\u00edcios e Como Acess\u00e1-lo -\" \/>\n<meta property=\"og:description\" content=\"Veja em Vagas de Emprego RJ as vagas de emprego com e sem experi\u00eancia no seu Estado e Regi\u00e3o!\" \/>\n<meta property=\"og:url\" content=\"https:\/\/www.vagadeempregorj.com.br\/ar\/tudo-o-que-voce-precisa-saber-sobre-o-auxilio-emergencial-beneficios-e-como-acessa-lo\/\" \/>\n<meta property=\"article:publisher\" content=\"https:\/\/www.facebook.com\/empregobrasiloficial\" \/>\n<meta property=\"article:published_time\" content=\"2025-01-17T14:47:04+00:00\" \/>\n<meta property=\"article:modified_time\" content=\"2025-01-17T14:48:15+00:00\" \/>\n<meta property=\"og:image\" content=\"https:\/\/www.vagadeempregorj.com.br\/wp-content\/uploads\/2025\/01\/image4.png\" \/>\n\t<meta property=\"og:image:width\" content=\"798\" \/>\n\t<meta property=\"og:image:height\" content=\"359\" \/>\n\t<meta property=\"og:image:type\" content=\"image\/png\" \/>\n<meta name=\"author\" content=\"Ana B.\" \/>\n<meta name=\"twitter:card\" content=\"summary_large_image\" \/>\n<meta name=\"twitter:label1\" content=\"Written by\" \/>\n\t<meta name=\"twitter:data1\" content=\"Ana B.\" \/>\n\t<meta name=\"twitter:label2\" content=\"Est. reading time\" \/>\n\t<meta name=\"twitter:data2\" content=\"4 \u062f\u0642\u0627\u0626\u0642\" \/>\n<script type=\"application\/ld+json\" class=\"yoast-schema-graph\">{\"@context\":\"https:\\\/\\\/schema.org\",\"@graph\":[{\"@type\":\"Article\",\"@id\":\"https:\\\/\\\/www.vagadeempregorj.com.br\\\/tudo-o-que-voce-precisa-saber-sobre-o-auxilio-emergencial-beneficios-e-como-acessa-lo\\\/#article\",\"isPartOf\":{\"@id\":\"https:\\\/\\\/www.vagadeempregorj.com.br\\\/tudo-o-que-voce-precisa-saber-sobre-o-auxilio-emergencial-beneficios-e-como-acessa-lo\\\/\"},\"author\":{\"name\":\"Ana B.\",\"@id\":\"https:\\\/\\\/www.vagadeempregorj.com.br\\\/#\\\/schema\\\/person\\\/c0c38d5d765e86c3b7c8f12fb1ae6477\"},\"headline\":\"Tudo o Que Voc\u00ea Precisa Saber Sobre o Aux\u00edlio Emergencial: Benef\u00edcios e Como Acess\u00e1-lo\",\"datePublished\":\"2025-01-17T14:47:04+00:00\",\"dateModified\":\"2025-01-17T14:48:15+00:00\",\"mainEntityOfPage\":{\"@id\":\"https:\\\/\\\/www.vagadeempregorj.com.br\\\/tudo-o-que-voce-precisa-saber-sobre-o-auxilio-emergencial-beneficios-e-como-acessa-lo\\\/\"},\"wordCount\":832,\"image\":{\"@id\":\"https:\\\/\\\/www.vagadeempregorj.com.br\\\/tudo-o-que-voce-precisa-saber-sobre-o-auxilio-emergencial-beneficios-e-como-acessa-lo\\\/#primaryimage\"},\"thumbnailUrl\":\"https:\\\/\\\/www.vagadeempregorj.com.br\\\/wp-content\\\/uploads\\\/2025\\\/01\\\/image4.png\",\"articleSection\":[\"Benef\u00edcios Sociais\"],\"inLanguage\":\"ar\"},{\"@type\":\"WebPage\",\"@id\":\"https:\\\/\\\/www.vagadeempregorj.com.br\\\/tudo-o-que-voce-precisa-saber-sobre-o-auxilio-emergencial-beneficios-e-como-acessa-lo\\\/\",\"url\":\"https:\\\/\\\/www.vagadeempregorj.com.br\\\/tudo-o-que-voce-precisa-saber-sobre-o-auxilio-emergencial-beneficios-e-como-acessa-lo\\\/\",\"name\":\"Tudo o Que Voc\u00ea Precisa Saber Sobre o Aux\u00edlio Emergencial: Benef\u00edcios e Como Acess\u00e1-lo -\",\"isPartOf\":{\"@id\":\"https:\\\/\\\/www.vagadeempregorj.com.br\\\/#website\"},\"primaryImageOfPage\":{\"@id\":\"https:\\\/\\\/www.vagadeempregorj.com.br\\\/tudo-o-que-voce-precisa-saber-sobre-o-auxilio-emergencial-beneficios-e-como-acessa-lo\\\/#primaryimage\"},\"image\":{\"@id\":\"https:\\\/\\\/www.vagadeempregorj.com.br\\\/tudo-o-que-voce-precisa-saber-sobre-o-auxilio-emergencial-beneficios-e-como-acessa-lo\\\/#primaryimage\"},\"thumbnailUrl\":\"https:\\\/\\\/www.vagadeempregorj.com.br\\\/wp-content\\\/uploads\\\/2025\\\/01\\\/image4.png\",\"datePublished\":\"2025-01-17T14:47:04+00:00\",\"dateModified\":\"2025-01-17T14:48:15+00:00\",\"author\":{\"@id\":\"https:\\\/\\\/www.vagadeempregorj.com.br\\\/#\\\/schema\\\/person\\\/c0c38d5d765e86c3b7c8f12fb1ae6477\"},\"description\":\"Veja em Vagas de Emprego RJ as vagas de emprego com e sem experi\u00eancia no seu Estado e Regi\u00e3o!\",\"breadcrumb\":{\"@id\":\"https:\\\/\\\/www.vagadeempregorj.com.br\\\/tudo-o-que-voce-precisa-saber-sobre-o-auxilio-emergencial-beneficios-e-como-acessa-lo\\\/#breadcrumb\"},\"inLanguage\":\"ar\",\"potentialAction\":[{\"@type\":\"ReadAction\",\"target\":[\"https:\\\/\\\/www.vagadeempregorj.com.br\\\/tudo-o-que-voce-precisa-saber-sobre-o-auxilio-emergencial-beneficios-e-como-acessa-lo\\\/\"]}]},{\"@type\":\"ImageObject\",\"inLanguage\":\"ar\",\"@id\":\"https:\\\/\\\/www.vagadeempregorj.com.br\\\/tudo-o-que-voce-precisa-saber-sobre-o-auxilio-emergencial-beneficios-e-como-acessa-lo\\\/#primaryimage\",\"url\":\"https:\\\/\\\/www.vagadeempregorj.com.br\\\/wp-content\\\/uploads\\\/2025\\\/01\\\/image4.png\",\"contentUrl\":\"https:\\\/\\\/www.vagadeempregorj.com.br\\\/wp-content\\\/uploads\\\/2025\\\/01\\\/image4.png\",\"width\":798,\"height\":359},{\"@type\":\"BreadcrumbList\",\"@id\":\"https:\\\/\\\/www.vagadeempregorj.com.br\\\/tudo-o-que-voce-precisa-saber-sobre-o-auxilio-emergencial-beneficios-e-como-acessa-lo\\\/#breadcrumb\",\"itemListElement\":[{\"@type\":\"ListItem\",\"position\":1,\"name\":\"In\u00edcio\",\"item\":\"https:\\\/\\\/www.vagadeempregorj.com.br\\\/\"},{\"@type\":\"ListItem\",\"position\":2,\"name\":\"Benef\u00edcios Sociais\",\"item\":\"https:\\\/\\\/www.vagadeempregorj.com.br\\\/beneficios-sociais\\\/\"},{\"@type\":\"ListItem\",\"position\":3,\"name\":\"Tudo o Que Voc\u00ea Precisa Saber Sobre o Aux\u00edlio Emergencial: Benef\u00edcios e Como Acess\u00e1-lo\"}]},{\"@type\":\"WebSite\",\"@id\":\"https:\\\/\\\/www.vagadeempregorj.com.br\\\/#website\",\"url\":\"https:\\\/\\\/www.vagadeempregorj.com.br\\\/\",\"name\":\"\",\"description\":\"Conquiste Sonhos: Vagas, Benef\u00edcios e Economia para Transformar Vidas e Alcan\u00e7ar Melhorias Cotidianas\",\"potentialAction\":[{\"@type\":\"SearchAction\",\"target\":{\"@type\":\"EntryPoint\",\"urlTemplate\":\"https:\\\/\\\/www.vagadeempregorj.com.br\\\/?s={search_term_string}\"},\"query-input\":{\"@type\":\"PropertyValueSpecification\",\"valueRequired\":true,\"valueName\":\"search_term_string\"}}],\"inLanguage\":\"ar\"},{\"@type\":\"Person\",\"@id\":\"https:\\\/\\\/www.vagadeempregorj.com.br\\\/#\\\/schema\\\/person\\\/c0c38d5d765e86c3b7c8f12fb1ae6477\",\"name\":\"Ana B.\",\"image\":{\"@type\":\"ImageObject\",\"inLanguage\":\"ar\",\"@id\":\"https:\\\/\\\/secure.gravatar.com\\\/avatar\\\/f5efa58599e07f8dd92f26c7cfbc442fd115582bc681245452e503c2ef2334f3?s=96&r=g\",\"url\":\"https:\\\/\\\/secure.gravatar.com\\\/avatar\\\/f5efa58599e07f8dd92f26c7cfbc442fd115582bc681245452e503c2ef2334f3?s=96&r=g\",\"contentUrl\":\"https:\\\/\\\/secure.gravatar.com\\\/avatar\\\/f5efa58599e07f8dd92f26c7cfbc442fd115582bc681245452e503c2ef2334f3?s=96&r=g\",\"caption\":\"Ana B.\"},\"description\":\"Meu nome \u00e9 Ana e sou apaixonada em escrever. Dedico meu tempo escrevendo not\u00edcias e vagas de emprego diariamente no portal Vaga de Emprego RJ.\",\"url\":\"https:\\\/\\\/www.vagadeempregorj.com.br\\\/ar\\\/author\\\/vgrj\\\/\"}]}<\/script>\n<!-- \/ Yoast SEO plugin. -->","yoast_head_json":{"title":"Tudo o Que Voc\u00ea Precisa Saber Sobre o Aux\u00edlio Emergencial: Benef\u00edcios e Como Acess\u00e1-lo -","description":"Veja em Vagas de Emprego RJ as vagas de emprego com e sem experi\u00eancia no seu Estado e Regi\u00e3o!","robots":{"index":"index","follow":"follow","max-snippet":"max-snippet:-1","max-image-preview":"max-image-preview:large","max-video-preview":"max-video-preview:-1"},"canonical":"https:\/\/www.vagadeempregorj.com.br\/ar\/tudo-o-que-voce-precisa-saber-sobre-o-auxilio-emergencial-beneficios-e-como-acessa-lo\/","og_locale":"ar_AR","og_type":"article","og_title":"Tudo o Que Voc\u00ea Precisa Saber Sobre o Aux\u00edlio Emergencial: Benef\u00edcios e Como Acess\u00e1-lo -","og_description":"Veja em Vagas de Emprego RJ as vagas de emprego com e sem experi\u00eancia no seu Estado e Regi\u00e3o!","og_url":"https:\/\/www.vagadeempregorj.com.br\/ar\/tudo-o-que-voce-precisa-saber-sobre-o-auxilio-emergencial-beneficios-e-como-acessa-lo\/","article_publisher":"https:\/\/www.facebook.com\/empregobrasiloficial","article_published_time":"2025-01-17T14:47:04+00:00","article_modified_time":"2025-01-17T14:48:15+00:00","og_image":[{"width":798,"height":359,"url":"https:\/\/www.vagadeempregorj.com.br\/wp-content\/uploads\/2025\/01\/image4.png","type":"image\/png"}],"author":"Ana B.","twitter_card":"summary_large_image","twitter_misc":{"Written by":"Ana B.","Est. reading time":"4 \u062f\u0642\u0627\u0626\u0642"},"schema":{"@context":"https:\/\/schema.org","@graph":[{"@type":"Article","@id":"https:\/\/www.vagadeempregorj.com.br\/tudo-o-que-voce-precisa-saber-sobre-o-auxilio-emergencial-beneficios-e-como-acessa-lo\/#article","isPartOf":{"@id":"https:\/\/www.vagadeempregorj.com.br\/tudo-o-que-voce-precisa-saber-sobre-o-auxilio-emergencial-beneficios-e-como-acessa-lo\/"},"author":{"name":"Ana B.","@id":"https:\/\/www.vagadeempregorj.com.br\/#\/schema\/person\/c0c38d5d765e86c3b7c8f12fb1ae6477"},"headline":"Tudo o Que Voc\u00ea Precisa Saber Sobre o Aux\u00edlio Emergencial: Benef\u00edcios e Como Acess\u00e1-lo","datePublished":"2025-01-17T14:47:04+00:00","dateModified":"2025-01-17T14:48:15+00:00","mainEntityOfPage":{"@id":"https:\/\/www.vagadeempregorj.com.br\/tudo-o-que-voce-precisa-saber-sobre-o-auxilio-emergencial-beneficios-e-como-acessa-lo\/"},"wordCount":832,"image":{"@id":"https:\/\/www.vagadeempregorj.com.br\/tudo-o-que-voce-precisa-saber-sobre-o-auxilio-emergencial-beneficios-e-como-acessa-lo\/#primaryimage"},"thumbnailUrl":"https:\/\/www.vagadeempregorj.com.br\/wp-content\/uploads\/2025\/01\/image4.png","articleSection":["Benef\u00edcios Sociais"],"inLanguage":"ar"},{"@type":"WebPage","@id":"https:\/\/www.vagadeempregorj.com.br\/tudo-o-que-voce-precisa-saber-sobre-o-auxilio-emergencial-beneficios-e-como-acessa-lo\/","url":"https:\/\/www.vagadeempregorj.com.br\/tudo-o-que-voce-precisa-saber-sobre-o-auxilio-emergencial-beneficios-e-como-acessa-lo\/","name":"Tudo o Que Voc\u00ea Precisa Saber Sobre o Aux\u00edlio Emergencial: Benef\u00edcios e Como Acess\u00e1-lo -","isPartOf":{"@id":"https:\/\/www.vagadeempregorj.com.br\/#website"},"primaryImageOfPage":{"@id":"https:\/\/www.vagadeempregorj.com.br\/tudo-o-que-voce-precisa-saber-sobre-o-auxilio-emergencial-beneficios-e-como-acessa-lo\/#primaryimage"},"image":{"@id":"https:\/\/www.vagadeempregorj.com.br\/tudo-o-que-voce-precisa-saber-sobre-o-auxilio-emergencial-beneficios-e-como-acessa-lo\/#primaryimage"},"thumbnailUrl":"https:\/\/www.vagadeempregorj.com.br\/wp-content\/uploads\/2025\/01\/image4.png","datePublished":"2025-01-17T14:47:04+00:00","dateModified":"2025-01-17T14:48:15+00:00","author":{"@id":"https:\/\/www.vagadeempregorj.com.br\/#\/schema\/person\/c0c38d5d765e86c3b7c8f12fb1ae6477"},"description":"Veja em Vagas de Emprego RJ as vagas de emprego com e sem experi\u00eancia no seu Estado e Regi\u00e3o!","breadcrumb":{"@id":"https:\/\/www.vagadeempregorj.com.br\/tudo-o-que-voce-precisa-saber-sobre-o-auxilio-emergencial-beneficios-e-como-acessa-lo\/#breadcrumb"},"inLanguage":"ar","potentialAction":[{"@type":"ReadAction","target":["https:\/\/www.vagadeempregorj.com.br\/tudo-o-que-voce-precisa-saber-sobre-o-auxilio-emergencial-beneficios-e-como-acessa-lo\/"]}]},{"@type":"ImageObject","inLanguage":"ar","@id":"https:\/\/www.vagadeempregorj.com.br\/tudo-o-que-voce-precisa-saber-sobre-o-auxilio-emergencial-beneficios-e-como-acessa-lo\/#primaryimage","url":"https:\/\/www.vagadeempregorj.com.br\/wp-content\/uploads\/2025\/01\/image4.png","contentUrl":"https:\/\/www.vagadeempregorj.com.br\/wp-content\/uploads\/2025\/01\/image4.png","width":798,"height":359},{"@type":"BreadcrumbList","@id":"https:\/\/www.vagadeempregorj.com.br\/tudo-o-que-voce-precisa-saber-sobre-o-auxilio-emergencial-beneficios-e-como-acessa-lo\/#breadcrumb","itemListElement":[{"@type":"ListItem","position":1,"name":"In\u00edcio","item":"https:\/\/www.vagadeempregorj.com.br\/"},{"@type":"ListItem","position":2,"name":"Benef\u00edcios Sociais","item":"https:\/\/www.vagadeempregorj.com.br\/beneficios-sociais\/"},{"@type":"ListItem","position":3,"name":"Tudo o Que Voc\u00ea Precisa Saber Sobre o Aux\u00edlio Emergencial: Benef\u00edcios e Como Acess\u00e1-lo"}]},{"@type":"WebSite","@id":"https:\/\/www.vagadeempregorj.com.br\/#website","url":"https:\/\/www.vagadeempregorj.com.br\/","name":"","description":"Conquiste Sonhos: Vagas, Benef\u00edcios e Economia para Transformar Vidas e Alcan\u00e7ar Melhorias Cotidianas","potentialAction":[{"@type":"SearchAction","target":{"@type":"EntryPoint","urlTemplate":"https:\/\/www.vagadeempregorj.com.br\/?s={search_term_string}"},"query-input":{"@type":"PropertyValueSpecification","valueRequired":true,"valueName":"search_term_string"}}],"inLanguage":"ar"},{"@type":"Person","@id":"https:\/\/www.vagadeempregorj.com.br\/#\/schema\/person\/c0c38d5d765e86c3b7c8f12fb1ae6477","name":"Ana B.","image":{"@type":"ImageObject","inLanguage":"ar","@id":"https:\/\/secure.gravatar.com\/avatar\/f5efa58599e07f8dd92f26c7cfbc442fd115582bc681245452e503c2ef2334f3?s=96&r=g","url":"https:\/\/secure.gravatar.com\/avatar\/f5efa58599e07f8dd92f26c7cfbc442fd115582bc681245452e503c2ef2334f3?s=96&r=g","contentUrl":"https:\/\/secure.gravatar.com\/avatar\/f5efa58599e07f8dd92f26c7cfbc442fd115582bc681245452e503c2ef2334f3?s=96&r=g","caption":"Ana B."},"description":"Meu nome \u00e9 Ana e sou apaixonada em escrever. Dedico meu tempo escrevendo not\u00edcias e vagas de emprego diariamente no portal Vaga de Emprego RJ.","url":"https:\/\/www.vagadeempregorj.com.br\/ar\/author\/vgrj\/"}]}},"_links":{"self":[{"href":"https:\/\/www.vagadeempregorj.com.br\/ar\/wp-json\/wp\/v2\/posts\/41985","targetHints":{"allow":["GET"]}}],"collection":[{"href":"https:\/\/www.vagadeempregorj.com.br\/ar\/wp-json\/wp\/v2\/posts"}],"about":[{"href":"https:\/\/www.vagadeempregorj.com.br\/ar\/wp-json\/wp\/v2\/types\/post"}],"author":[{"embeddable":true,"href":"https:\/\/www.vagadeempregorj.com.br\/ar\/wp-json\/wp\/v2\/users\/1"}],"replies":[{"embeddable":true,"href":"https:\/\/www.vagadeempregorj.com.br\/ar\/wp-json\/wp\/v2\/comments?post=41985"}],"version-history":[{"count":0,"href":"https:\/\/www.vagadeempregorj.com.br\/ar\/wp-json\/wp\/v2\/posts\/41985\/revisions"}],"wp:featuredmedia":[{"embeddable":true,"href":"https:\/\/www.vagadeempregorj.com.br\/ar\/wp-json\/wp\/v2\/media\/42001"}],"wp:attachment":[{"href":"https:\/\/www.vagadeempregorj.com.br\/ar\/wp-json\/wp\/v2\/media?parent=41985"}],"wp:term":[{"taxonomy":"category","embeddable":true,"href":"https:\/\/www.vagadeempregorj.com.br\/ar\/wp-json\/wp\/v2\/categories?post=41985"},{"taxonomy":"post_tag","embeddable":true,"href":"https:\/\/www.vagadeempregorj.com.br\/ar\/wp-json\/wp\/v2\/tags?post=41985"}],"curies":[{"name":"wp","href":"https:\/\/api.w.org\/{rel}","templated":true}]}}