{"id":42003,"date":"2025-01-17T12:08:11","date_gmt":"2025-01-17T15:08:11","guid":{"rendered":"https:\/\/www.vagadeempregorj.com.br\/?p=42003"},"modified":"2025-01-17T12:08:12","modified_gmt":"2025-01-17T15:08:12","slug":"bolsa-do-povo-tudo-o-que-voce-precisa-saber-sobre-o-programa-e-como-acessa-lo","status":"publish","type":"post","link":"https:\/\/www.vagadeempregorj.com.br\/ar\/bolsa-do-povo-tudo-o-que-voce-precisa-saber-sobre-o-programa-e-como-acessa-lo\/","title":{"rendered":"Bolsa do Povo: Tudo o Que Voc\u00ea Precisa Saber Sobre o Programa e Como Acess\u00e1-lo"},"content":{"rendered":"<h3 class=\"wp-block-heading\">O Que \u00c9 o Bolsa do Povo?<\/h3>\n\n\n\n<p class=\"has-medium-font-size\">O Bolsa do Povo \u00e9 uma iniciativa estadual que centraliza programas sociais existentes em S\u00e3o Paulo, como o Renda Cidad\u00e3, A\u00e7\u00e3o Jovem, Via R\u00e1pida e Vale G\u00e1s. Ele foi projetado para simplificar o acesso a benef\u00edcios sociais, ampliar a inclus\u00e3o e promover melhorias na qualidade de vida das fam\u00edlias atendidas.<\/p>\n\n\n\n<p class=\"has-medium-font-size\">Al\u00e9m do apoio financeiro, o programa oferece oportunidades de trabalho tempor\u00e1rio em servi\u00e7os p\u00fablicos e qualifica\u00e7\u00e3o profissional, ajudando os benefici\u00e1rios a melhorar suas condi\u00e7\u00f5es de empregabilidade.<\/p>\n\n\n<div class=\"wp-block-image\">\n<figure class=\"aligncenter size-full is-resized\"><img loading=\"lazy\" decoding=\"async\" width=\"604\" height=\"310\" src=\"https:\/\/www.vagadeempregorj.com.br\/wp-content\/uploads\/2025\/01\/Bolsa-do-Povo.png\" alt=\"\" class=\"wp-image-42004\" style=\"width:708px;height:auto\" srcset=\"https:\/\/www.vagadeempregorj.com.br\/wp-content\/uploads\/2025\/01\/Bolsa-do-Povo.png 604w, https:\/\/www.vagadeempregorj.com.br\/wp-content\/uploads\/2025\/01\/Bolsa-do-Povo-300x154.png 300w, https:\/\/www.vagadeempregorj.com.br\/wp-content\/uploads\/2025\/01\/Bolsa-do-Povo-150x77.png 150w\" sizes=\"auto, (max-width: 604px) 100vw, 604px\" \/><\/figure>\n<\/div>\n\n\n<hr class=\"wp-block-separator has-alpha-channel-opacity\"\/>\n\n\n\n<h3 class=\"wp-block-heading\"><strong>Principais Benef\u00edcios do Bolsa do Povo<\/strong><\/h3>\n\n\n\n<ol class=\"wp-block-list\">\n<li class=\"has-medium-font-size\"><strong>Aux\u00edlio Financeiro Direto<\/strong><br>O programa oferece apoio financeiro mensal para fam\u00edlias em situa\u00e7\u00e3o de vulnerabilidade social, ajudando a atender necessidades b\u00e1sicas como alimenta\u00e7\u00e3o, transporte e moradia.<\/li>\n\n\n\n<li class=\"has-medium-font-size\"><strong>Oportunidades de Trabalho Tempor\u00e1rio<\/strong><br>Participantes podem se inscrever para vagas tempor\u00e1rias em programas como o <em>Bolsa Trabalho<\/em>, que oferece remunera\u00e7\u00e3o e capacita\u00e7\u00e3o profissional.<\/li>\n\n\n\n<li class=\"has-medium-font-size\"><strong>Apoio \u00e0 Educa\u00e7\u00e3o e Qualifica\u00e7\u00e3o<\/strong><br>Benef\u00edcios como o <em>A\u00e7\u00e3o Jovem<\/em> incentivam estudantes de baixa renda a permanecerem na escola, enquanto cursos profissionalizantes promovem o desenvolvimento de habilidades pr\u00e1ticas para o mercado de trabalho.<\/li>\n\n\n\n<li class=\"has-medium-font-size\"><strong>Acesso Facilitado a Programas Integrados<\/strong><br>O Bolsa do Povo re\u00fane diversos programas sociais em uma \u00fanica plataforma, simplificando o processo de inscri\u00e7\u00e3o e acompanhamento.<\/li>\n\n\n\n<li class=\"has-medium-font-size\"><strong>Inclus\u00e3o Digital e Cidadania<\/strong><br>Benefici\u00e1rios t\u00eam acesso a ferramentas digitais para acompanhar seus benef\u00edcios e participar de cursos online, promovendo inclus\u00e3o e autonomia.<\/li>\n<\/ol>\n\n\n\n<hr class=\"wp-block-separator has-alpha-channel-opacity\"\/>\n\n\n\n<h3 class=\"wp-block-heading\"><strong>Quem Pode Participar do Bolsa do Povo?<\/strong><\/h3>\n\n\n\n<p class=\"has-medium-font-size\">Os crit\u00e9rios de elegibilidade variam de acordo com o subprograma escolhido. No entanto, os requisitos gerais incluem:<\/p>\n\n\n\n<ul class=\"wp-block-list\">\n<li class=\"has-medium-font-size\">Residir no estado de S\u00e3o Paulo.<\/li>\n\n\n\n<li class=\"has-medium-font-size\">Ter renda familiar per capita de at\u00e9 meio sal\u00e1rio m\u00ednimo.<\/li>\n\n\n\n<li class=\"has-medium-font-size\">Estar em situa\u00e7\u00e3o de vulnerabilidade social, comprovada por meio de inscri\u00e7\u00e3o no Cadastro \u00danico (Cad\u00danico).<\/li>\n\n\n\n<li class=\"has-medium-font-size\">Ser estudante ou respons\u00e1vel por dependentes matriculados em escolas da rede p\u00fablica estadual (para programas educacionais).<\/li>\n<\/ul>\n\n\n\n<hr class=\"wp-block-separator has-alpha-channel-opacity\"\/>\n\n\n\n<h3 class=\"wp-block-heading\"><strong>Como Acessar o Bolsa do Povo: Passo a Passo<\/strong><\/h3>\n\n\n\n<p class=\"has-medium-font-size\">Veja como se inscrever e aproveitar os benef\u00edcios do Bolsa do Povo:<\/p>\n\n\n\n<h3 class=\"wp-block-heading\"><strong>1. Consulte os Programas Dispon\u00edveis<\/strong><\/h3>\n\n\n\n<p class=\"has-medium-font-size\">Acesse o site oficial do Bolsa do Povo (<a>www.bolsadopovo.sp.gov.br<\/a>) e conhe\u00e7a os subprogramas dispon\u00edveis, como Bolsa Trabalho, Vale G\u00e1s e Renda Cidad\u00e3.<\/p>\n\n\n\n<h3 class=\"wp-block-heading\"><strong>2. Verifique os Requisitos do Programa Escolhido<\/strong><\/h3>\n\n\n\n<p class=\"has-medium-font-size\">Cada subprograma tem crit\u00e9rios espec\u00edficos de elegibilidade. Certifique-se de atender a todos os requisitos antes de prosseguir.<\/p>\n\n\n\n<h3 class=\"wp-block-heading\"><strong>3. Fa\u00e7a Sua Inscri\u00e7\u00e3o Online<\/strong><\/h3>\n\n\n\n<ul class=\"wp-block-list\">\n<li class=\"has-medium-font-size\">Acesse o site oficial ou o aplicativo do Bolsa do Povo.<\/li>\n\n\n\n<li class=\"has-medium-font-size\">Escolha o programa desejado e clique em \u201cInscreva-se\u201d.<\/li>\n\n\n\n<li class=\"has-medium-font-size\">Preencha o formul\u00e1rio com seus dados pessoais, como CPF, RG e informa\u00e7\u00f5es de renda.<\/li>\n\n\n\n<li class=\"has-medium-font-size\">Envie os documentos necess\u00e1rios, como comprovante de resid\u00eancia e certid\u00e3o de nascimento dos dependentes (se aplic\u00e1vel).<\/li>\n<\/ul>\n\n\n\n<h3 class=\"wp-block-heading\"><strong>4. Acompanhe o Status da Inscri\u00e7\u00e3o<\/strong><\/h3>\n\n\n\n<p class=\"has-medium-font-size\">Ap\u00f3s a inscri\u00e7\u00e3o, voc\u00ea pode acompanhar o status no site ou aplicativo. Caso seja aprovado, receber\u00e1 instru\u00e7\u00f5es sobre o pr\u00f3ximo passo, como participa\u00e7\u00e3o em entrevistas ou entrega de documentos adicionais.<\/p>\n\n\n\n<h3 class=\"wp-block-heading\"><strong>5. Receba e Utilize os Benef\u00edcios<\/strong><\/h3>\n\n\n\n<p class=\"has-medium-font-size\">Os pagamentos e benef\u00edcios ser\u00e3o disponibilizados de acordo com o programa escolhido. Voc\u00ea poder\u00e1 sacar o valor em ag\u00eancias banc\u00e1rias conveniadas ou utiliz\u00e1-lo diretamente em despesas essenciais.<\/p>\n\n\n\n<hr class=\"wp-block-separator has-alpha-channel-opacity\"\/>\n\n\n\n<h3 class=\"wp-block-heading\"><strong>Dicas Para Garantir Seu Benef\u00edcio<\/strong><\/h3>\n\n\n\n<ol class=\"wp-block-list\">\n<li class=\"has-medium-font-size\"><strong>Mantenha o Cadastro \u00danico Atualizado:<\/strong> Informa\u00e7\u00f5es desatualizadas podem causar atrasos na aprova\u00e7\u00e3o do benef\u00edcio.<\/li>\n\n\n\n<li class=\"has-medium-font-size\"><strong>Use Apenas os Canais Oficiais:<\/strong> Evite fraudes utilizando exclusivamente o site ou aplicativo oficial do Bolsa do Povo.<\/li>\n\n\n\n<li class=\"has-medium-font-size\"><strong>Participe das Capacita\u00e7\u00f5es:<\/strong> Se estiver inscrito no <em>Bolsa Trabalho<\/em> ou programas similares, aproveite ao m\u00e1ximo as oportunidades de qualifica\u00e7\u00e3o.<\/li>\n<\/ol>\n\n\n\n<hr class=\"wp-block-separator has-alpha-channel-opacity\"\/>\n\n\n\n<h3 class=\"wp-block-heading\"><strong>Perguntas Frequentes<\/strong><\/h3>\n\n\n\n<ul class=\"wp-block-list\">\n<li class=\"has-medium-font-size\"><strong>Posso me inscrever em mais de um programa ao mesmo tempo?<\/strong><br>Sim, \u00e9 poss\u00edvel participar de mais de um subprograma, desde que atenda aos crit\u00e9rios de elegibilidade de cada um.<\/li>\n\n\n\n<li class=\"has-medium-font-size\"><strong>Quanto tempo dura o benef\u00edcio?<\/strong><br>A dura\u00e7\u00e3o varia conforme o programa, podendo ser tempor\u00e1ria ou cont\u00ednua. Consulte os detalhes na p\u00e1gina oficial de cada subprograma.<\/li>\n\n\n\n<li class=\"has-medium-font-size\"><strong>Preciso pagar algo para me inscrever?<\/strong><br>N\u00e3o. A inscri\u00e7\u00e3o \u00e9 totalmente gratuita.<\/li>\n<\/ul>\n\n\n\n<hr class=\"wp-block-separator has-alpha-channel-opacity\"\/>\n\n\n\n<h3 class=\"wp-block-heading\"><strong>Conclus\u00e3o<\/strong><\/h3>\n\n\n\n<p class=\"has-medium-font-size\">O Bolsa do Povo \u00e9 uma iniciativa transformadora que oferece suporte financeiro, oportunidades de trabalho e capacita\u00e7\u00e3o para milhares de fam\u00edlias paulistas. Ele simplifica o acesso a programas sociais e fortalece a rede de prote\u00e7\u00e3o para quem mais precisa.<\/p>\n\n\n\n<p class=\"has-medium-font-size\">Se voc\u00ea se enquadra nos crit\u00e9rios, siga os passos apresentados neste post e aproveite todos os benef\u00edcios que o Bolsa do Povo pode oferecer \u00e0 sua fam\u00edlia.<\/p>\n\n\n\n<hr class=\"wp-block-separator has-alpha-channel-opacity\"\/>\n\n\n\n<p class=\"has-medium-font-size\"><strong>Veja tamb\u00e9m: <\/strong><a href=\"https:\/\/www.vagadeempregorj.com.br\/ar\/supermercados-guanabara-mais-de-80-empregos-abertos\/\"><strong>Centauro: 618 novas vagas de emprego pelo pa\u00eds<\/strong><\/a><\/p>\n\n\n\n<p class=\"has-medium-font-size\">17 de janeiro de 2025<\/p>","protected":false},"excerpt":{"rendered":"<p>O Que \u00c9 o Bolsa do Povo? O Bolsa do Povo \u00e9 uma iniciativa estadual que centraliza programas sociais existentes em S\u00e3o Paulo, como o Renda Cidad\u00e3, A\u00e7\u00e3o Jovem, Via R\u00e1pida e Vale G\u00e1s. Ele foi projetado para simplificar o acesso a benef\u00edcios sociais, ampliar a inclus\u00e3o e promover melhorias na qualidade de vida das&hellip;&nbsp;<\/p>","protected":false},"author":1,"featured_media":42004,"comment_status":"closed","ping_status":"closed","sticky":false,"template":"","format":"standard","meta":{"neve_meta_sidebar":"","neve_meta_container":"","neve_meta_enable_content_width":"","neve_meta_content_width":0,"neve_meta_title_alignment":"","neve_meta_author_avatar":"","neve_post_elements_order":"","neve_meta_disable_header":"","neve_meta_disable_footer":"","neve_meta_disable_title":"","footnotes":""},"categories":[1],"tags":[],"class_list":["post-42003","post","type-post","status-publish","format-standard","has-post-thumbnail","hentry","category-beneficios-sociais"],"yoast_head":"<!-- This site is optimized with the Yoast SEO plugin v27.5 - https:\/\/yoast.com\/product\/yoast-seo-wordpress\/ -->\n<title>Bolsa do Povo: Tudo o Que Voc\u00ea Precisa Saber Sobre o Programa e Como Acess\u00e1-lo -<\/title>\n<meta name=\"description\" content=\"Veja em Vagas de Emprego RJ as vagas de emprego com e sem experi\u00eancia no seu Estado e Regi\u00e3o!\" \/>\n<meta name=\"robots\" content=\"index, follow, max-snippet:-1, max-image-preview:large, max-video-preview:-1\" \/>\n<link rel=\"canonical\" href=\"https:\/\/www.vagadeempregorj.com.br\/ar\/bolsa-do-povo-tudo-o-que-voce-precisa-saber-sobre-o-programa-e-como-acessa-lo\/\" \/>\n<meta property=\"og:locale\" content=\"ar_AR\" \/>\n<meta property=\"og:type\" content=\"article\" \/>\n<meta property=\"og:title\" content=\"Bolsa do Povo: Tudo o Que Voc\u00ea Precisa Saber Sobre o Programa e Como Acess\u00e1-lo -\" \/>\n<meta property=\"og:description\" content=\"Veja em Vagas de Emprego RJ as vagas de emprego com e sem experi\u00eancia no seu Estado e Regi\u00e3o!\" \/>\n<meta property=\"og:url\" content=\"https:\/\/www.vagadeempregorj.com.br\/ar\/bolsa-do-povo-tudo-o-que-voce-precisa-saber-sobre-o-programa-e-como-acessa-lo\/\" \/>\n<meta property=\"article:publisher\" content=\"https:\/\/www.facebook.com\/empregobrasiloficial\" \/>\n<meta property=\"article:published_time\" content=\"2025-01-17T15:08:11+00:00\" \/>\n<meta property=\"article:modified_time\" content=\"2025-01-17T15:08:12+00:00\" \/>\n<meta property=\"og:image\" content=\"https:\/\/www.vagadeempregorj.com.br\/wp-content\/uploads\/2025\/01\/Bolsa-do-Povo.png\" \/>\n\t<meta property=\"og:image:width\" content=\"604\" \/>\n\t<meta property=\"og:image:height\" content=\"310\" \/>\n\t<meta property=\"og:image:type\" content=\"image\/png\" \/>\n<meta name=\"author\" content=\"Ana B.\" \/>\n<meta name=\"twitter:card\" content=\"summary_large_image\" \/>\n<meta name=\"twitter:label1\" content=\"Written by\" \/>\n\t<meta name=\"twitter:data1\" content=\"Ana B.\" \/>\n\t<meta name=\"twitter:label2\" content=\"Est. reading time\" \/>\n\t<meta name=\"twitter:data2\" content=\"4 \u062f\u0642\u0627\u0626\u0642\" \/>\n<script type=\"application\/ld+json\" class=\"yoast-schema-graph\">{\"@context\":\"https:\\\/\\\/schema.org\",\"@graph\":[{\"@type\":\"Article\",\"@id\":\"https:\\\/\\\/www.vagadeempregorj.com.br\\\/bolsa-do-povo-tudo-o-que-voce-precisa-saber-sobre-o-programa-e-como-acessa-lo\\\/#article\",\"isPartOf\":{\"@id\":\"https:\\\/\\\/www.vagadeempregorj.com.br\\\/bolsa-do-povo-tudo-o-que-voce-precisa-saber-sobre-o-programa-e-como-acessa-lo\\\/\"},\"author\":{\"name\":\"Ana B.\",\"@id\":\"https:\\\/\\\/www.vagadeempregorj.com.br\\\/#\\\/schema\\\/person\\\/c0c38d5d765e86c3b7c8f12fb1ae6477\"},\"headline\":\"Bolsa do Povo: Tudo o Que Voc\u00ea Precisa Saber Sobre o Programa e Como Acess\u00e1-lo\",\"datePublished\":\"2025-01-17T15:08:11+00:00\",\"dateModified\":\"2025-01-17T15:08:12+00:00\",\"mainEntityOfPage\":{\"@id\":\"https:\\\/\\\/www.vagadeempregorj.com.br\\\/bolsa-do-povo-tudo-o-que-voce-precisa-saber-sobre-o-programa-e-como-acessa-lo\\\/\"},\"wordCount\":793,\"image\":{\"@id\":\"https:\\\/\\\/www.vagadeempregorj.com.br\\\/bolsa-do-povo-tudo-o-que-voce-precisa-saber-sobre-o-programa-e-como-acessa-lo\\\/#primaryimage\"},\"thumbnailUrl\":\"https:\\\/\\\/www.vagadeempregorj.com.br\\\/wp-content\\\/uploads\\\/2025\\\/01\\\/Bolsa-do-Povo.png\",\"articleSection\":[\"Benef\u00edcios Sociais\"],\"inLanguage\":\"ar\"},{\"@type\":\"WebPage\",\"@id\":\"https:\\\/\\\/www.vagadeempregorj.com.br\\\/bolsa-do-povo-tudo-o-que-voce-precisa-saber-sobre-o-programa-e-como-acessa-lo\\\/\",\"url\":\"https:\\\/\\\/www.vagadeempregorj.com.br\\\/bolsa-do-povo-tudo-o-que-voce-precisa-saber-sobre-o-programa-e-como-acessa-lo\\\/\",\"name\":\"Bolsa do Povo: Tudo o Que Voc\u00ea Precisa Saber Sobre o Programa e Como Acess\u00e1-lo -\",\"isPartOf\":{\"@id\":\"https:\\\/\\\/www.vagadeempregorj.com.br\\\/#website\"},\"primaryImageOfPage\":{\"@id\":\"https:\\\/\\\/www.vagadeempregorj.com.br\\\/bolsa-do-povo-tudo-o-que-voce-precisa-saber-sobre-o-programa-e-como-acessa-lo\\\/#primaryimage\"},\"image\":{\"@id\":\"https:\\\/\\\/www.vagadeempregorj.com.br\\\/bolsa-do-povo-tudo-o-que-voce-precisa-saber-sobre-o-programa-e-como-acessa-lo\\\/#primaryimage\"},\"thumbnailUrl\":\"https:\\\/\\\/www.vagadeempregorj.com.br\\\/wp-content\\\/uploads\\\/2025\\\/01\\\/Bolsa-do-Povo.png\",\"datePublished\":\"2025-01-17T15:08:11+00:00\",\"dateModified\":\"2025-01-17T15:08:12+00:00\",\"author\":{\"@id\":\"https:\\\/\\\/www.vagadeempregorj.com.br\\\/#\\\/schema\\\/person\\\/c0c38d5d765e86c3b7c8f12fb1ae6477\"},\"description\":\"Veja em Vagas de Emprego RJ as vagas de emprego com e sem experi\u00eancia no seu Estado e Regi\u00e3o!\",\"breadcrumb\":{\"@id\":\"https:\\\/\\\/www.vagadeempregorj.com.br\\\/bolsa-do-povo-tudo-o-que-voce-precisa-saber-sobre-o-programa-e-como-acessa-lo\\\/#breadcrumb\"},\"inLanguage\":\"ar\",\"potentialAction\":[{\"@type\":\"ReadAction\",\"target\":[\"https:\\\/\\\/www.vagadeempregorj.com.br\\\/bolsa-do-povo-tudo-o-que-voce-precisa-saber-sobre-o-programa-e-como-acessa-lo\\\/\"]}]},{\"@type\":\"ImageObject\",\"inLanguage\":\"ar\",\"@id\":\"https:\\\/\\\/www.vagadeempregorj.com.br\\\/bolsa-do-povo-tudo-o-que-voce-precisa-saber-sobre-o-programa-e-como-acessa-lo\\\/#primaryimage\",\"url\":\"https:\\\/\\\/www.vagadeempregorj.com.br\\\/wp-content\\\/uploads\\\/2025\\\/01\\\/Bolsa-do-Povo.png\",\"contentUrl\":\"https:\\\/\\\/www.vagadeempregorj.com.br\\\/wp-content\\\/uploads\\\/2025\\\/01\\\/Bolsa-do-Povo.png\",\"width\":604,\"height\":310},{\"@type\":\"BreadcrumbList\",\"@id\":\"https:\\\/\\\/www.vagadeempregorj.com.br\\\/bolsa-do-povo-tudo-o-que-voce-precisa-saber-sobre-o-programa-e-como-acessa-lo\\\/#breadcrumb\",\"itemListElement\":[{\"@type\":\"ListItem\",\"position\":1,\"name\":\"In\u00edcio\",\"item\":\"https:\\\/\\\/www.vagadeempregorj.com.br\\\/\"},{\"@type\":\"ListItem\",\"position\":2,\"name\":\"Benef\u00edcios Sociais\",\"item\":\"https:\\\/\\\/www.vagadeempregorj.com.br\\\/beneficios-sociais\\\/\"},{\"@type\":\"ListItem\",\"position\":3,\"name\":\"Bolsa do Povo: Tudo o Que Voc\u00ea Precisa Saber Sobre o Programa e Como Acess\u00e1-lo\"}]},{\"@type\":\"WebSite\",\"@id\":\"https:\\\/\\\/www.vagadeempregorj.com.br\\\/#website\",\"url\":\"https:\\\/\\\/www.vagadeempregorj.com.br\\\/\",\"name\":\"\",\"description\":\"Conquiste Sonhos: Vagas, Benef\u00edcios e Economia para Transformar Vidas e Alcan\u00e7ar Melhorias Cotidianas\",\"potentialAction\":[{\"@type\":\"SearchAction\",\"target\":{\"@type\":\"EntryPoint\",\"urlTemplate\":\"https:\\\/\\\/www.vagadeempregorj.com.br\\\/?s={search_term_string}\"},\"query-input\":{\"@type\":\"PropertyValueSpecification\",\"valueRequired\":true,\"valueName\":\"search_term_string\"}}],\"inLanguage\":\"ar\"},{\"@type\":\"Person\",\"@id\":\"https:\\\/\\\/www.vagadeempregorj.com.br\\\/#\\\/schema\\\/person\\\/c0c38d5d765e86c3b7c8f12fb1ae6477\",\"name\":\"Ana B.\",\"image\":{\"@type\":\"ImageObject\",\"inLanguage\":\"ar\",\"@id\":\"https:\\\/\\\/secure.gravatar.com\\\/avatar\\\/f5efa58599e07f8dd92f26c7cfbc442fd115582bc681245452e503c2ef2334f3?s=96&r=g\",\"url\":\"https:\\\/\\\/secure.gravatar.com\\\/avatar\\\/f5efa58599e07f8dd92f26c7cfbc442fd115582bc681245452e503c2ef2334f3?s=96&r=g\",\"contentUrl\":\"https:\\\/\\\/secure.gravatar.com\\\/avatar\\\/f5efa58599e07f8dd92f26c7cfbc442fd115582bc681245452e503c2ef2334f3?s=96&r=g\",\"caption\":\"Ana B.\"},\"description\":\"Meu nome \u00e9 Ana e sou apaixonada em escrever. Dedico meu tempo escrevendo not\u00edcias e vagas de emprego diariamente no portal Vaga de Emprego RJ.\",\"url\":\"https:\\\/\\\/www.vagadeempregorj.com.br\\\/ar\\\/author\\\/vgrj\\\/\"}]}<\/script>\n<!-- \/ Yoast SEO plugin. -->","yoast_head_json":{"title":"Bolsa do Povo: Tudo o Que Voc\u00ea Precisa Saber Sobre o Programa e Como Acess\u00e1-lo -","description":"Veja em Vagas de Emprego RJ as vagas de emprego com e sem experi\u00eancia no seu Estado e Regi\u00e3o!","robots":{"index":"index","follow":"follow","max-snippet":"max-snippet:-1","max-image-preview":"max-image-preview:large","max-video-preview":"max-video-preview:-1"},"canonical":"https:\/\/www.vagadeempregorj.com.br\/ar\/bolsa-do-povo-tudo-o-que-voce-precisa-saber-sobre-o-programa-e-como-acessa-lo\/","og_locale":"ar_AR","og_type":"article","og_title":"Bolsa do Povo: Tudo o Que Voc\u00ea Precisa Saber Sobre o Programa e Como Acess\u00e1-lo -","og_description":"Veja em Vagas de Emprego RJ as vagas de emprego com e sem experi\u00eancia no seu Estado e Regi\u00e3o!","og_url":"https:\/\/www.vagadeempregorj.com.br\/ar\/bolsa-do-povo-tudo-o-que-voce-precisa-saber-sobre-o-programa-e-como-acessa-lo\/","article_publisher":"https:\/\/www.facebook.com\/empregobrasiloficial","article_published_time":"2025-01-17T15:08:11+00:00","article_modified_time":"2025-01-17T15:08:12+00:00","og_image":[{"width":604,"height":310,"url":"https:\/\/www.vagadeempregorj.com.br\/wp-content\/uploads\/2025\/01\/Bolsa-do-Povo.png","type":"image\/png"}],"author":"Ana B.","twitter_card":"summary_large_image","twitter_misc":{"Written by":"Ana B.","Est. reading time":"4 \u062f\u0642\u0627\u0626\u0642"},"schema":{"@context":"https:\/\/schema.org","@graph":[{"@type":"Article","@id":"https:\/\/www.vagadeempregorj.com.br\/bolsa-do-povo-tudo-o-que-voce-precisa-saber-sobre-o-programa-e-como-acessa-lo\/#article","isPartOf":{"@id":"https:\/\/www.vagadeempregorj.com.br\/bolsa-do-povo-tudo-o-que-voce-precisa-saber-sobre-o-programa-e-como-acessa-lo\/"},"author":{"name":"Ana B.","@id":"https:\/\/www.vagadeempregorj.com.br\/#\/schema\/person\/c0c38d5d765e86c3b7c8f12fb1ae6477"},"headline":"Bolsa do Povo: Tudo o Que Voc\u00ea Precisa Saber Sobre o Programa e Como Acess\u00e1-lo","datePublished":"2025-01-17T15:08:11+00:00","dateModified":"2025-01-17T15:08:12+00:00","mainEntityOfPage":{"@id":"https:\/\/www.vagadeempregorj.com.br\/bolsa-do-povo-tudo-o-que-voce-precisa-saber-sobre-o-programa-e-como-acessa-lo\/"},"wordCount":793,"image":{"@id":"https:\/\/www.vagadeempregorj.com.br\/bolsa-do-povo-tudo-o-que-voce-precisa-saber-sobre-o-programa-e-como-acessa-lo\/#primaryimage"},"thumbnailUrl":"https:\/\/www.vagadeempregorj.com.br\/wp-content\/uploads\/2025\/01\/Bolsa-do-Povo.png","articleSection":["Benef\u00edcios Sociais"],"inLanguage":"ar"},{"@type":"WebPage","@id":"https:\/\/www.vagadeempregorj.com.br\/bolsa-do-povo-tudo-o-que-voce-precisa-saber-sobre-o-programa-e-como-acessa-lo\/","url":"https:\/\/www.vagadeempregorj.com.br\/bolsa-do-povo-tudo-o-que-voce-precisa-saber-sobre-o-programa-e-como-acessa-lo\/","name":"Bolsa do Povo: Tudo o Que Voc\u00ea Precisa Saber Sobre o Programa e Como Acess\u00e1-lo -","isPartOf":{"@id":"https:\/\/www.vagadeempregorj.com.br\/#website"},"primaryImageOfPage":{"@id":"https:\/\/www.vagadeempregorj.com.br\/bolsa-do-povo-tudo-o-que-voce-precisa-saber-sobre-o-programa-e-como-acessa-lo\/#primaryimage"},"image":{"@id":"https:\/\/www.vagadeempregorj.com.br\/bolsa-do-povo-tudo-o-que-voce-precisa-saber-sobre-o-programa-e-como-acessa-lo\/#primaryimage"},"thumbnailUrl":"https:\/\/www.vagadeempregorj.com.br\/wp-content\/uploads\/2025\/01\/Bolsa-do-Povo.png","datePublished":"2025-01-17T15:08:11+00:00","dateModified":"2025-01-17T15:08:12+00:00","author":{"@id":"https:\/\/www.vagadeempregorj.com.br\/#\/schema\/person\/c0c38d5d765e86c3b7c8f12fb1ae6477"},"description":"Veja em Vagas de Emprego RJ as vagas de emprego com e sem experi\u00eancia no seu Estado e Regi\u00e3o!","breadcrumb":{"@id":"https:\/\/www.vagadeempregorj.com.br\/bolsa-do-povo-tudo-o-que-voce-precisa-saber-sobre-o-programa-e-como-acessa-lo\/#breadcrumb"},"inLanguage":"ar","potentialAction":[{"@type":"ReadAction","target":["https:\/\/www.vagadeempregorj.com.br\/bolsa-do-povo-tudo-o-que-voce-precisa-saber-sobre-o-programa-e-como-acessa-lo\/"]}]},{"@type":"ImageObject","inLanguage":"ar","@id":"https:\/\/www.vagadeempregorj.com.br\/bolsa-do-povo-tudo-o-que-voce-precisa-saber-sobre-o-programa-e-como-acessa-lo\/#primaryimage","url":"https:\/\/www.vagadeempregorj.com.br\/wp-content\/uploads\/2025\/01\/Bolsa-do-Povo.png","contentUrl":"https:\/\/www.vagadeempregorj.com.br\/wp-content\/uploads\/2025\/01\/Bolsa-do-Povo.png","width":604,"height":310},{"@type":"BreadcrumbList","@id":"https:\/\/www.vagadeempregorj.com.br\/bolsa-do-povo-tudo-o-que-voce-precisa-saber-sobre-o-programa-e-como-acessa-lo\/#breadcrumb","itemListElement":[{"@type":"ListItem","position":1,"name":"In\u00edcio","item":"https:\/\/www.vagadeempregorj.com.br\/"},{"@type":"ListItem","position":2,"name":"Benef\u00edcios Sociais","item":"https:\/\/www.vagadeempregorj.com.br\/beneficios-sociais\/"},{"@type":"ListItem","position":3,"name":"Bolsa do Povo: Tudo o Que Voc\u00ea Precisa Saber Sobre o Programa e Como Acess\u00e1-lo"}]},{"@type":"WebSite","@id":"https:\/\/www.vagadeempregorj.com.br\/#website","url":"https:\/\/www.vagadeempregorj.com.br\/","name":"","description":"Conquiste Sonhos: Vagas, Benef\u00edcios e Economia para Transformar Vidas e Alcan\u00e7ar Melhorias Cotidianas","potentialAction":[{"@type":"SearchAction","target":{"@type":"EntryPoint","urlTemplate":"https:\/\/www.vagadeempregorj.com.br\/?s={search_term_string}"},"query-input":{"@type":"PropertyValueSpecification","valueRequired":true,"valueName":"search_term_string"}}],"inLanguage":"ar"},{"@type":"Person","@id":"https:\/\/www.vagadeempregorj.com.br\/#\/schema\/person\/c0c38d5d765e86c3b7c8f12fb1ae6477","name":"Ana B.","image":{"@type":"ImageObject","inLanguage":"ar","@id":"https:\/\/secure.gravatar.com\/avatar\/f5efa58599e07f8dd92f26c7cfbc442fd115582bc681245452e503c2ef2334f3?s=96&r=g","url":"https:\/\/secure.gravatar.com\/avatar\/f5efa58599e07f8dd92f26c7cfbc442fd115582bc681245452e503c2ef2334f3?s=96&r=g","contentUrl":"https:\/\/secure.gravatar.com\/avatar\/f5efa58599e07f8dd92f26c7cfbc442fd115582bc681245452e503c2ef2334f3?s=96&r=g","caption":"Ana B."},"description":"Meu nome \u00e9 Ana e sou apaixonada em escrever. Dedico meu tempo escrevendo not\u00edcias e vagas de emprego diariamente no portal Vaga de Emprego RJ.","url":"https:\/\/www.vagadeempregorj.com.br\/ar\/author\/vgrj\/"}]}},"_links":{"self":[{"href":"https:\/\/www.vagadeempregorj.com.br\/ar\/wp-json\/wp\/v2\/posts\/42003","targetHints":{"allow":["GET"]}}],"collection":[{"href":"https:\/\/www.vagadeempregorj.com.br\/ar\/wp-json\/wp\/v2\/posts"}],"about":[{"href":"https:\/\/www.vagadeempregorj.com.br\/ar\/wp-json\/wp\/v2\/types\/post"}],"author":[{"embeddable":true,"href":"https:\/\/www.vagadeempregorj.com.br\/ar\/wp-json\/wp\/v2\/users\/1"}],"replies":[{"embeddable":true,"href":"https:\/\/www.vagadeempregorj.com.br\/ar\/wp-json\/wp\/v2\/comments?post=42003"}],"version-history":[{"count":0,"href":"https:\/\/www.vagadeempregorj.com.br\/ar\/wp-json\/wp\/v2\/posts\/42003\/revisions"}],"wp:featuredmedia":[{"embeddable":true,"href":"https:\/\/www.vagadeempregorj.com.br\/ar\/wp-json\/wp\/v2\/media\/42004"}],"wp:attachment":[{"href":"https:\/\/www.vagadeempregorj.com.br\/ar\/wp-json\/wp\/v2\/media?parent=42003"}],"wp:term":[{"taxonomy":"category","embeddable":true,"href":"https:\/\/www.vagadeempregorj.com.br\/ar\/wp-json\/wp\/v2\/categories?post=42003"},{"taxonomy":"post_tag","embeddable":true,"href":"https:\/\/www.vagadeempregorj.com.br\/ar\/wp-json\/wp\/v2\/tags?post=42003"}],"curies":[{"name":"wp","href":"https:\/\/api.w.org\/{rel}","templated":true}]}}