{"id":42055,"date":"2025-01-19T19:01:57","date_gmt":"2025-01-19T22:01:57","guid":{"rendered":"https:\/\/www.vagadeempregorj.com.br\/?p=42055"},"modified":"2025-01-19T19:01:58","modified_gmt":"2025-01-19T22:01:58","slug":"assai-atacadista-1700-vagas-de-emprego-pelo-pais","status":"publish","type":"post","link":"https:\/\/www.vagadeempregorj.com.br\/ar\/assai-atacadista-1700-vagas-de-emprego-pelo-pais\/","title":{"rendered":"Assa\u00ed Atacadista: 1700 vagas de emprego pelo pa\u00eds"},"content":{"rendered":"<p>Se voc\u00ea est\u00e1 procurando emprego, eu tenho uma novidade que pode ser exatamente o que voc\u00ea precisa. O <strong>Assa\u00ed Atacadista<\/strong>, uma das maiores redes de atacado do Brasil, est\u00e1 anunciando 1700 vagas abertas em diversas regi\u00f5es do pa\u00eds. Isso mesmo, s\u00e3o muitas oportunidades para quem quer trabalhar em uma empresa s\u00f3lida, que est\u00e1 sempre crescendo e valoriza os colaboradores.<\/p>\n\n\n\n<figure class=\"wp-block-image size-large\"><img loading=\"lazy\" decoding=\"async\" width=\"1024\" height=\"683\" src=\"https:\/\/www.vagadeempregorj.com.br\/wp-content\/uploads\/2025\/01\/image-2-1024x683.png\" alt=\"Assa\u00ed Atacadista\" class=\"wp-image-42056\" srcset=\"https:\/\/www.vagadeempregorj.com.br\/wp-content\/uploads\/2025\/01\/image-2-1024x683.png 1024w, https:\/\/www.vagadeempregorj.com.br\/wp-content\/uploads\/2025\/01\/image-2-300x200.png 300w, https:\/\/www.vagadeempregorj.com.br\/wp-content\/uploads\/2025\/01\/image-2-768x512.png 768w, https:\/\/www.vagadeempregorj.com.br\/wp-content\/uploads\/2025\/01\/image-2-150x100.png 150w, https:\/\/www.vagadeempregorj.com.br\/wp-content\/uploads\/2025\/01\/image-2.png 1280w\" sizes=\"auto, (max-width: 1024px) 100vw, 1024px\" \/><\/figure>\n\n\n\n<h3 class=\"wp-block-heading\">Quais s\u00e3o as oportunidades de carreira na Assa\u00ed Atacadista?<\/h3>\n\n\n\n<p>O Assa\u00ed tem espa\u00e7o para v\u00e1rios perfis e \u00e1reas de atua\u00e7\u00e3o. Desde quem est\u00e1 come\u00e7ando no mercado at\u00e9 profissionais mais experientes, a empresa oferece op\u00e7\u00f5es de trabalho que podem se encaixar no seu momento de vida. D\u00e1 uma olhada nos principais cargos dispon\u00edveis:<\/p>\n\n\n\n<h4 class=\"wp-block-heading\">Operador de Loja<\/h4>\n\n\n\n<p>Sabe aquela pessoa que est\u00e1 sempre pronta para ajudar, seja repondo produtos ou atendendo clientes? Esse \u00e9 o operador de loja. Se voc\u00ea gosta de estar em movimento e tem facilidade para lidar com o p\u00fablico, essa pode ser a sua vaga.<\/p>\n\n\n\n<h4 class=\"wp-block-heading\">Repositor de Mercadorias<\/h4>\n\n\n\n<p>Aqui, o foco \u00e9 garantir que os produtos estejam sempre organizados e dispon\u00edveis nas prateleiras. \u00c9 uma fun\u00e7\u00e3o essencial para o bom funcionamento das lojas, ideal para quem gosta de um trabalho mais din\u00e2mico.<\/p>\n\n\n\n<h4 class=\"wp-block-heading\">Auxiliar de Caixa<\/h4>\n\n\n\n<p>Essa vaga \u00e9 perfeita para quem \u00e9 simp\u00e1tico e gosta de interagir com as pessoas. O auxiliar de caixa \u00e9 respons\u00e1vel pelo atendimento no final da compra, garantindo que o cliente tenha uma boa experi\u00eancia.<\/p>\n\n\n\n<h4 class=\"wp-block-heading\">Estoquista<\/h4>\n\n\n\n<p>Se voc\u00ea \u00e9 organizado e prefere trabalhar nos bastidores, o cargo de estoquista pode ser uma \u00f3tima escolha. Sua principal responsabilidade ser\u00e1 cuidar do armazenamento correto dos produtos e da log\u00edstica interna.<\/p>\n\n\n\n<h4 class=\"wp-block-heading\">Supervisor de Setor<\/h4>\n\n\n\n<p>Essa vaga \u00e9 para quem j\u00e1 tem experi\u00eancia e gosta de liderar. Como supervisor de setor, voc\u00ea vai gerenciar uma equipe, organizar o dia a dia do setor e ajudar a alcan\u00e7ar metas importantes.<\/p>\n\n\n\n<h4 class=\"wp-block-heading\">Auxiliar Administrativo<\/h4>\n\n\n\n<p>Se o seu perfil \u00e9 mais voltado para o trabalho de escrit\u00f3rio, voc\u00ea pode atuar como auxiliar administrativo. Esse cargo envolve cuidar de documentos, organizar processos internos e outras tarefas essenciais para o funcionamento das lojas.<\/p>\n\n\n\n<h4 class=\"wp-block-heading\">Jovem Aprendiz<\/h4>\n\n\n\n<p>Est\u00e1 come\u00e7ando agora no mercado de trabalho? O programa Jovem Aprendiz do Assa\u00ed \u00e9 uma excelente porta de entrada. Al\u00e9m de aprender na pr\u00e1tica, voc\u00ea ainda tem acesso a treinamentos que v\u00e3o te preparar para o futuro.<\/p>\n\n\n\n<p>Viu como as oportunidades s\u00e3o variadas? Seja qual for o seu perfil, pode ter certeza de que h\u00e1 uma vaga esperando por voc\u00ea.<\/p>\n\n\n\n<h3 class=\"wp-block-heading\">Como se candidatar?<\/h3>\n\n\n\n<p>Se voc\u00ea se identificou com alguma dessas vagas, \u00e9 hora de dar o pr\u00f3ximo passo. E a boa not\u00edcia \u00e9 que o processo de candidatura \u00e9 simples e pode ser feito pela internet. Vou te explicar como funciona:<\/p>\n\n\n\n<ul class=\"wp-block-list\">\n<li>Copie e cole o endere\u00e7o <strong>https:\/\/assai.gupy.io\/<\/strong> no navegador.<\/li>\n\n\n\n<li>Assim que a p\u00e1gina carregar, voc\u00ea vai ver todas as oportunidades dispon\u00edveis.<\/li>\n\n\n\n<li>Escolha a vaga que combina com o seu perfil e clique nela.<\/li>\n\n\n\n<li>Leia com aten\u00e7\u00e3o a descri\u00e7\u00e3o da vaga e os requisitos.<\/li>\n\n\n\n<li>Preencha seus dados e envie o curr\u00edculo atualizado.<\/li>\n\n\n\n<li>Pronto! Agora \u00e9 s\u00f3 acompanhar seu e-mail para ficar por dentro das pr\u00f3ximas etapas.<\/li>\n<\/ul>\n\n\n\n<p>Ah, antes de enviar sua candidatura, d\u00e1 uma conferida no seu curr\u00edculo. Tem certeza de que ele est\u00e1 atualizado? Coloque suas experi\u00eancias mais recentes, cursos que fez e habilidades que se destacam. Esse cuidado pode fazer toda a diferen\u00e7a.<\/p>\n\n\n\n<h3 class=\"wp-block-heading\">Por que trabalhar no Assa\u00ed Atacadista?<\/h3>\n\n\n\n<p>Agora voc\u00ea deve estar se perguntando: \u201cT\u00e1, mas por que eu devo trabalhar no Assa\u00ed?\u201d. E eu te respondo: al\u00e9m das oportunidades incr\u00edveis, a empresa valoriza muito quem faz parte do time.<\/p>\n\n\n\n<p>O Assa\u00ed investe no desenvolvimento dos seus colaboradores, oferece treinamentos e abre espa\u00e7o para que voc\u00ea cres\u00e7a dentro da empresa. E tem mais: \u00e9 uma companhia est\u00e1vel, que est\u00e1 sempre expandindo e criando novas unidades. Ou seja, \u00e9 uma escolha segura para quem busca estabilidade e chances reais de crescimento.<\/p>\n\n\n\n<p><strong>Veja tamb\u00e9m: <a href=\"https:\/\/www.vagadeempregorj.com.br\/ar\/coco-bambu-199-vagas-de-emprego-pelo-pais\/\">Coco Bambu: 199 vagas de emprego pelo pa\u00eds<\/a><\/strong><\/p>\n\n\n\n<p>19 de janeiro de 2025<\/p>","protected":false},"excerpt":{"rendered":"<p>Se voc\u00ea est\u00e1 procurando emprego, eu tenho uma novidade que pode ser exatamente o que voc\u00ea precisa. O Assa\u00ed Atacadista, uma das maiores redes de atacado do Brasil, est\u00e1 anunciando 1700 vagas abertas em diversas regi\u00f5es do pa\u00eds. Isso mesmo, s\u00e3o muitas oportunidades para quem quer trabalhar em uma empresa s\u00f3lida, que est\u00e1 sempre crescendo&hellip;&nbsp;<\/p>","protected":false},"author":16,"featured_media":42056,"comment_status":"closed","ping_status":"closed","sticky":false,"template":"","format":"standard","meta":{"neve_meta_sidebar":"","neve_meta_container":"","neve_meta_enable_content_width":"","neve_meta_content_width":0,"neve_meta_title_alignment":"","neve_meta_author_avatar":"","neve_post_elements_order":"","neve_meta_disable_header":"","neve_meta_disable_footer":"","neve_meta_disable_title":"","footnotes":""},"categories":[123],"tags":[],"class_list":["post-42055","post","type-post","status-publish","format-standard","has-post-thumbnail","hentry","category-vagas-de-emprego-nacionais"],"yoast_head":"<!-- This site is optimized with the Yoast SEO plugin v27.5 - https:\/\/yoast.com\/product\/yoast-seo-wordpress\/ -->\n<title>Assa\u00ed Atacadista: 1700 vagas de emprego pelo pa\u00eds -<\/title>\n<meta name=\"description\" content=\"Veja em Vagas de Emprego RJ as vagas de emprego com e sem experi\u00eancia no seu Estado e Regi\u00e3o!\" \/>\n<meta name=\"robots\" content=\"index, follow, max-snippet:-1, max-image-preview:large, max-video-preview:-1\" \/>\n<link rel=\"canonical\" href=\"https:\/\/www.vagadeempregorj.com.br\/ar\/assai-atacadista-1700-vagas-de-emprego-pelo-pais\/\" \/>\n<meta property=\"og:locale\" content=\"ar_AR\" \/>\n<meta property=\"og:type\" content=\"article\" \/>\n<meta property=\"og:title\" content=\"Assa\u00ed Atacadista: 1700 vagas de emprego pelo pa\u00eds -\" \/>\n<meta property=\"og:description\" content=\"Veja em Vagas de Emprego RJ as vagas de emprego com e sem experi\u00eancia no seu Estado e Regi\u00e3o!\" \/>\n<meta property=\"og:url\" content=\"https:\/\/www.vagadeempregorj.com.br\/ar\/assai-atacadista-1700-vagas-de-emprego-pelo-pais\/\" \/>\n<meta property=\"article:publisher\" content=\"https:\/\/www.facebook.com\/empregobrasiloficial\" \/>\n<meta property=\"article:published_time\" content=\"2025-01-19T22:01:57+00:00\" \/>\n<meta property=\"article:modified_time\" content=\"2025-01-19T22:01:58+00:00\" \/>\n<meta property=\"og:image\" content=\"https:\/\/www.vagadeempregorj.com.br\/wp-content\/uploads\/2025\/01\/image-2.png\" \/>\n\t<meta property=\"og:image:width\" content=\"1280\" \/>\n\t<meta property=\"og:image:height\" content=\"854\" \/>\n\t<meta property=\"og:image:type\" content=\"image\/png\" \/>\n<meta name=\"author\" content=\"Michele\" \/>\n<meta name=\"twitter:card\" content=\"summary_large_image\" \/>\n<meta name=\"twitter:label1\" content=\"Written by\" \/>\n\t<meta name=\"twitter:data1\" content=\"Michele\" \/>\n\t<meta name=\"twitter:label2\" content=\"Est. reading time\" \/>\n\t<meta name=\"twitter:data2\" content=\"3 \u062f\u0642\u0627\u0626\u0642\" \/>\n<script type=\"application\/ld+json\" class=\"yoast-schema-graph\">{\"@context\":\"https:\\\/\\\/schema.org\",\"@graph\":[{\"@type\":\"Article\",\"@id\":\"https:\\\/\\\/www.vagadeempregorj.com.br\\\/assai-atacadista-1700-vagas-de-emprego-pelo-pais\\\/#article\",\"isPartOf\":{\"@id\":\"https:\\\/\\\/www.vagadeempregorj.com.br\\\/assai-atacadista-1700-vagas-de-emprego-pelo-pais\\\/\"},\"author\":{\"name\":\"Michele\",\"@id\":\"https:\\\/\\\/www.vagadeempregorj.com.br\\\/#\\\/schema\\\/person\\\/3ddb19fa0539706786e502152f3aae95\"},\"headline\":\"Assa\u00ed Atacadista: 1700 vagas de emprego pelo pa\u00eds\",\"datePublished\":\"2025-01-19T22:01:57+00:00\",\"dateModified\":\"2025-01-19T22:01:58+00:00\",\"mainEntityOfPage\":{\"@id\":\"https:\\\/\\\/www.vagadeempregorj.com.br\\\/assai-atacadista-1700-vagas-de-emprego-pelo-pais\\\/\"},\"wordCount\":685,\"image\":{\"@id\":\"https:\\\/\\\/www.vagadeempregorj.com.br\\\/assai-atacadista-1700-vagas-de-emprego-pelo-pais\\\/#primaryimage\"},\"thumbnailUrl\":\"https:\\\/\\\/www.vagadeempregorj.com.br\\\/wp-content\\\/uploads\\\/2025\\\/01\\\/image-2.png\",\"articleSection\":[\"Vagas de Emprego Nacionais\"],\"inLanguage\":\"ar\"},{\"@type\":\"WebPage\",\"@id\":\"https:\\\/\\\/www.vagadeempregorj.com.br\\\/assai-atacadista-1700-vagas-de-emprego-pelo-pais\\\/\",\"url\":\"https:\\\/\\\/www.vagadeempregorj.com.br\\\/assai-atacadista-1700-vagas-de-emprego-pelo-pais\\\/\",\"name\":\"Assa\u00ed Atacadista: 1700 vagas de emprego pelo pa\u00eds -\",\"isPartOf\":{\"@id\":\"https:\\\/\\\/www.vagadeempregorj.com.br\\\/#website\"},\"primaryImageOfPage\":{\"@id\":\"https:\\\/\\\/www.vagadeempregorj.com.br\\\/assai-atacadista-1700-vagas-de-emprego-pelo-pais\\\/#primaryimage\"},\"image\":{\"@id\":\"https:\\\/\\\/www.vagadeempregorj.com.br\\\/assai-atacadista-1700-vagas-de-emprego-pelo-pais\\\/#primaryimage\"},\"thumbnailUrl\":\"https:\\\/\\\/www.vagadeempregorj.com.br\\\/wp-content\\\/uploads\\\/2025\\\/01\\\/image-2.png\",\"datePublished\":\"2025-01-19T22:01:57+00:00\",\"dateModified\":\"2025-01-19T22:01:58+00:00\",\"author\":{\"@id\":\"https:\\\/\\\/www.vagadeempregorj.com.br\\\/#\\\/schema\\\/person\\\/3ddb19fa0539706786e502152f3aae95\"},\"description\":\"Veja em Vagas de Emprego RJ as vagas de emprego com e sem experi\u00eancia no seu Estado e Regi\u00e3o!\",\"breadcrumb\":{\"@id\":\"https:\\\/\\\/www.vagadeempregorj.com.br\\\/assai-atacadista-1700-vagas-de-emprego-pelo-pais\\\/#breadcrumb\"},\"inLanguage\":\"ar\",\"potentialAction\":[{\"@type\":\"ReadAction\",\"target\":[\"https:\\\/\\\/www.vagadeempregorj.com.br\\\/assai-atacadista-1700-vagas-de-emprego-pelo-pais\\\/\"]}]},{\"@type\":\"ImageObject\",\"inLanguage\":\"ar\",\"@id\":\"https:\\\/\\\/www.vagadeempregorj.com.br\\\/assai-atacadista-1700-vagas-de-emprego-pelo-pais\\\/#primaryimage\",\"url\":\"https:\\\/\\\/www.vagadeempregorj.com.br\\\/wp-content\\\/uploads\\\/2025\\\/01\\\/image-2.png\",\"contentUrl\":\"https:\\\/\\\/www.vagadeempregorj.com.br\\\/wp-content\\\/uploads\\\/2025\\\/01\\\/image-2.png\",\"width\":1280,\"height\":854,\"caption\":\"Assa\u00ed Atacadista\"},{\"@type\":\"BreadcrumbList\",\"@id\":\"https:\\\/\\\/www.vagadeempregorj.com.br\\\/assai-atacadista-1700-vagas-de-emprego-pelo-pais\\\/#breadcrumb\",\"itemListElement\":[{\"@type\":\"ListItem\",\"position\":1,\"name\":\"In\u00edcio\",\"item\":\"https:\\\/\\\/www.vagadeempregorj.com.br\\\/\"},{\"@type\":\"ListItem\",\"position\":2,\"name\":\"Vagas de Emprego Nacionais\",\"item\":\"https:\\\/\\\/www.vagadeempregorj.com.br\\\/vagas-de-emprego-nacionais\\\/\"},{\"@type\":\"ListItem\",\"position\":3,\"name\":\"Assa\u00ed Atacadista: 1700 vagas de emprego pelo pa\u00eds\"}]},{\"@type\":\"WebSite\",\"@id\":\"https:\\\/\\\/www.vagadeempregorj.com.br\\\/#website\",\"url\":\"https:\\\/\\\/www.vagadeempregorj.com.br\\\/\",\"name\":\"\",\"description\":\"Conquiste Sonhos: Vagas, Benef\u00edcios e Economia para Transformar Vidas e Alcan\u00e7ar Melhorias Cotidianas\",\"potentialAction\":[{\"@type\":\"SearchAction\",\"target\":{\"@type\":\"EntryPoint\",\"urlTemplate\":\"https:\\\/\\\/www.vagadeempregorj.com.br\\\/?s={search_term_string}\"},\"query-input\":{\"@type\":\"PropertyValueSpecification\",\"valueRequired\":true,\"valueName\":\"search_term_string\"}}],\"inLanguage\":\"ar\"},{\"@type\":\"Person\",\"@id\":\"https:\\\/\\\/www.vagadeempregorj.com.br\\\/#\\\/schema\\\/person\\\/3ddb19fa0539706786e502152f3aae95\",\"name\":\"Michele\",\"image\":{\"@type\":\"ImageObject\",\"inLanguage\":\"ar\",\"@id\":\"https:\\\/\\\/secure.gravatar.com\\\/avatar\\\/6b0eb9d22841282815e2cd856a0061c45e1761cd54b22e952d98c4746939aa85?s=96&r=g\",\"url\":\"https:\\\/\\\/secure.gravatar.com\\\/avatar\\\/6b0eb9d22841282815e2cd856a0061c45e1761cd54b22e952d98c4746939aa85?s=96&r=g\",\"contentUrl\":\"https:\\\/\\\/secure.gravatar.com\\\/avatar\\\/6b0eb9d22841282815e2cd856a0061c45e1761cd54b22e952d98c4746939aa85?s=96&r=g\",\"caption\":\"Michele\"},\"description\":\"Formada em Letras - Portugu\u00eas\\\/ Ingl\u00eas, e idealizadora do site Escritora de Sucesso, busca expandir o conhecimento de todos com informa\u00e7\u00f5es relevantes sobre diversos assuntos, enquanto redatora. No Vaga de Emprego RJ, traz oportunidades e dicas sobre o mercado de trabalho.\",\"url\":\"https:\\\/\\\/www.vagadeempregorj.com.br\\\/ar\\\/author\\\/michele\\\/\"}]}<\/script>\n<!-- \/ Yoast SEO plugin. -->","yoast_head_json":{"title":"Assa\u00ed Atacadista: 1700 vagas de emprego pelo pa\u00eds -","description":"Veja em Vagas de Emprego RJ as vagas de emprego com e sem experi\u00eancia no seu Estado e Regi\u00e3o!","robots":{"index":"index","follow":"follow","max-snippet":"max-snippet:-1","max-image-preview":"max-image-preview:large","max-video-preview":"max-video-preview:-1"},"canonical":"https:\/\/www.vagadeempregorj.com.br\/ar\/assai-atacadista-1700-vagas-de-emprego-pelo-pais\/","og_locale":"ar_AR","og_type":"article","og_title":"Assa\u00ed Atacadista: 1700 vagas de emprego pelo pa\u00eds -","og_description":"Veja em Vagas de Emprego RJ as vagas de emprego com e sem experi\u00eancia no seu Estado e Regi\u00e3o!","og_url":"https:\/\/www.vagadeempregorj.com.br\/ar\/assai-atacadista-1700-vagas-de-emprego-pelo-pais\/","article_publisher":"https:\/\/www.facebook.com\/empregobrasiloficial","article_published_time":"2025-01-19T22:01:57+00:00","article_modified_time":"2025-01-19T22:01:58+00:00","og_image":[{"width":1280,"height":854,"url":"https:\/\/www.vagadeempregorj.com.br\/wp-content\/uploads\/2025\/01\/image-2.png","type":"image\/png"}],"author":"Michele","twitter_card":"summary_large_image","twitter_misc":{"Written by":"Michele","Est. reading time":"3 \u062f\u0642\u0627\u0626\u0642"},"schema":{"@context":"https:\/\/schema.org","@graph":[{"@type":"Article","@id":"https:\/\/www.vagadeempregorj.com.br\/assai-atacadista-1700-vagas-de-emprego-pelo-pais\/#article","isPartOf":{"@id":"https:\/\/www.vagadeempregorj.com.br\/assai-atacadista-1700-vagas-de-emprego-pelo-pais\/"},"author":{"name":"Michele","@id":"https:\/\/www.vagadeempregorj.com.br\/#\/schema\/person\/3ddb19fa0539706786e502152f3aae95"},"headline":"Assa\u00ed Atacadista: 1700 vagas de emprego pelo pa\u00eds","datePublished":"2025-01-19T22:01:57+00:00","dateModified":"2025-01-19T22:01:58+00:00","mainEntityOfPage":{"@id":"https:\/\/www.vagadeempregorj.com.br\/assai-atacadista-1700-vagas-de-emprego-pelo-pais\/"},"wordCount":685,"image":{"@id":"https:\/\/www.vagadeempregorj.com.br\/assai-atacadista-1700-vagas-de-emprego-pelo-pais\/#primaryimage"},"thumbnailUrl":"https:\/\/www.vagadeempregorj.com.br\/wp-content\/uploads\/2025\/01\/image-2.png","articleSection":["Vagas de Emprego Nacionais"],"inLanguage":"ar"},{"@type":"WebPage","@id":"https:\/\/www.vagadeempregorj.com.br\/assai-atacadista-1700-vagas-de-emprego-pelo-pais\/","url":"https:\/\/www.vagadeempregorj.com.br\/assai-atacadista-1700-vagas-de-emprego-pelo-pais\/","name":"Assa\u00ed Atacadista: 1700 vagas de emprego pelo pa\u00eds -","isPartOf":{"@id":"https:\/\/www.vagadeempregorj.com.br\/#website"},"primaryImageOfPage":{"@id":"https:\/\/www.vagadeempregorj.com.br\/assai-atacadista-1700-vagas-de-emprego-pelo-pais\/#primaryimage"},"image":{"@id":"https:\/\/www.vagadeempregorj.com.br\/assai-atacadista-1700-vagas-de-emprego-pelo-pais\/#primaryimage"},"thumbnailUrl":"https:\/\/www.vagadeempregorj.com.br\/wp-content\/uploads\/2025\/01\/image-2.png","datePublished":"2025-01-19T22:01:57+00:00","dateModified":"2025-01-19T22:01:58+00:00","author":{"@id":"https:\/\/www.vagadeempregorj.com.br\/#\/schema\/person\/3ddb19fa0539706786e502152f3aae95"},"description":"Veja em Vagas de Emprego RJ as vagas de emprego com e sem experi\u00eancia no seu Estado e Regi\u00e3o!","breadcrumb":{"@id":"https:\/\/www.vagadeempregorj.com.br\/assai-atacadista-1700-vagas-de-emprego-pelo-pais\/#breadcrumb"},"inLanguage":"ar","potentialAction":[{"@type":"ReadAction","target":["https:\/\/www.vagadeempregorj.com.br\/assai-atacadista-1700-vagas-de-emprego-pelo-pais\/"]}]},{"@type":"ImageObject","inLanguage":"ar","@id":"https:\/\/www.vagadeempregorj.com.br\/assai-atacadista-1700-vagas-de-emprego-pelo-pais\/#primaryimage","url":"https:\/\/www.vagadeempregorj.com.br\/wp-content\/uploads\/2025\/01\/image-2.png","contentUrl":"https:\/\/www.vagadeempregorj.com.br\/wp-content\/uploads\/2025\/01\/image-2.png","width":1280,"height":854,"caption":"Assa\u00ed Atacadista"},{"@type":"BreadcrumbList","@id":"https:\/\/www.vagadeempregorj.com.br\/assai-atacadista-1700-vagas-de-emprego-pelo-pais\/#breadcrumb","itemListElement":[{"@type":"ListItem","position":1,"name":"In\u00edcio","item":"https:\/\/www.vagadeempregorj.com.br\/"},{"@type":"ListItem","position":2,"name":"Vagas de Emprego Nacionais","item":"https:\/\/www.vagadeempregorj.com.br\/vagas-de-emprego-nacionais\/"},{"@type":"ListItem","position":3,"name":"Assa\u00ed Atacadista: 1700 vagas de emprego pelo pa\u00eds"}]},{"@type":"WebSite","@id":"https:\/\/www.vagadeempregorj.com.br\/#website","url":"https:\/\/www.vagadeempregorj.com.br\/","name":"","description":"Conquiste Sonhos: Vagas, Benef\u00edcios e Economia para Transformar Vidas e Alcan\u00e7ar Melhorias Cotidianas","potentialAction":[{"@type":"SearchAction","target":{"@type":"EntryPoint","urlTemplate":"https:\/\/www.vagadeempregorj.com.br\/?s={search_term_string}"},"query-input":{"@type":"PropertyValueSpecification","valueRequired":true,"valueName":"search_term_string"}}],"inLanguage":"ar"},{"@type":"Person","@id":"https:\/\/www.vagadeempregorj.com.br\/#\/schema\/person\/3ddb19fa0539706786e502152f3aae95","name":"Michele","image":{"@type":"ImageObject","inLanguage":"ar","@id":"https:\/\/secure.gravatar.com\/avatar\/6b0eb9d22841282815e2cd856a0061c45e1761cd54b22e952d98c4746939aa85?s=96&r=g","url":"https:\/\/secure.gravatar.com\/avatar\/6b0eb9d22841282815e2cd856a0061c45e1761cd54b22e952d98c4746939aa85?s=96&r=g","contentUrl":"https:\/\/secure.gravatar.com\/avatar\/6b0eb9d22841282815e2cd856a0061c45e1761cd54b22e952d98c4746939aa85?s=96&r=g","caption":"Michele"},"description":"Formada em Letras - Portugu\u00eas\/ Ingl\u00eas, e idealizadora do site Escritora de Sucesso, busca expandir o conhecimento de todos com informa\u00e7\u00f5es relevantes sobre diversos assuntos, enquanto redatora. No Vaga de Emprego RJ, traz oportunidades e dicas sobre o mercado de trabalho.","url":"https:\/\/www.vagadeempregorj.com.br\/ar\/author\/michele\/"}]}},"_links":{"self":[{"href":"https:\/\/www.vagadeempregorj.com.br\/ar\/wp-json\/wp\/v2\/posts\/42055","targetHints":{"allow":["GET"]}}],"collection":[{"href":"https:\/\/www.vagadeempregorj.com.br\/ar\/wp-json\/wp\/v2\/posts"}],"about":[{"href":"https:\/\/www.vagadeempregorj.com.br\/ar\/wp-json\/wp\/v2\/types\/post"}],"author":[{"embeddable":true,"href":"https:\/\/www.vagadeempregorj.com.br\/ar\/wp-json\/wp\/v2\/users\/16"}],"replies":[{"embeddable":true,"href":"https:\/\/www.vagadeempregorj.com.br\/ar\/wp-json\/wp\/v2\/comments?post=42055"}],"version-history":[{"count":0,"href":"https:\/\/www.vagadeempregorj.com.br\/ar\/wp-json\/wp\/v2\/posts\/42055\/revisions"}],"wp:featuredmedia":[{"embeddable":true,"href":"https:\/\/www.vagadeempregorj.com.br\/ar\/wp-json\/wp\/v2\/media\/42056"}],"wp:attachment":[{"href":"https:\/\/www.vagadeempregorj.com.br\/ar\/wp-json\/wp\/v2\/media?parent=42055"}],"wp:term":[{"taxonomy":"category","embeddable":true,"href":"https:\/\/www.vagadeempregorj.com.br\/ar\/wp-json\/wp\/v2\/categories?post=42055"},{"taxonomy":"post_tag","embeddable":true,"href":"https:\/\/www.vagadeempregorj.com.br\/ar\/wp-json\/wp\/v2\/tags?post=42055"}],"curies":[{"name":"wp","href":"https:\/\/api.w.org\/{rel}","templated":true}]}}