{"id":42090,"date":"2025-01-23T06:00:00","date_gmt":"2025-01-23T09:00:00","guid":{"rendered":"https:\/\/www.vagadeempregorj.com.br\/?p=42090"},"modified":"2025-01-20T18:37:21","modified_gmt":"2025-01-20T21:37:21","slug":"solar-coca-cola-164-vagas-de-emprego-pelo-pais","status":"publish","type":"post","link":"https:\/\/www.vagadeempregorj.com.br\/ar\/solar-coca-cola-164-vagas-de-emprego-pelo-pais\/","title":{"rendered":"Solar Coca-Cola: 164 vagas de emprego pelo pa\u00eds"},"content":{"rendered":"<p>A <strong>Solar Coca-Cola<\/strong> est\u00e1 anunciando 164 oportunidades de emprego abertas em diversas regi\u00f5es do Brasil. \u00c9 uma not\u00edcia que pode animar quem est\u00e1 em busca de novos desafios profissionais ou quer dar um passo importante na carreira. Afinal, quem n\u00e3o gostaria de trabalhar em uma das maiores engarrafadoras da marca Coca-Cola na Am\u00e9rica Latina, com toda a solidez e tradi\u00e7\u00e3o que a empresa carrega?<\/p>\n\n\n\n<p>Se voc\u00ea est\u00e1 de olho em uma chance de ingressar em uma companhia reconhecida e inovadora, essa pode ser a sua oportunidade. <\/p>\n\n\n\n<figure class=\"wp-block-image size-full\"><img loading=\"lazy\" decoding=\"async\" width=\"1000\" height=\"600\" src=\"https:\/\/www.vagadeempregorj.com.br\/wp-content\/uploads\/2025\/01\/image-4.png\" alt=\"\" class=\"wp-image-42110\" srcset=\"https:\/\/www.vagadeempregorj.com.br\/wp-content\/uploads\/2025\/01\/image-4.png 1000w, https:\/\/www.vagadeempregorj.com.br\/wp-content\/uploads\/2025\/01\/image-4-300x180.png 300w, https:\/\/www.vagadeempregorj.com.br\/wp-content\/uploads\/2025\/01\/image-4-768x461.png 768w, https:\/\/www.vagadeempregorj.com.br\/wp-content\/uploads\/2025\/01\/image-4-150x90.png 150w\" sizes=\"auto, (max-width: 1000px) 100vw, 1000px\" \/><\/figure>\n\n\n\n<h2 class=\"wp-block-heading\">Quais s\u00e3o as oportunidades de carreira na Solar Coca-Cola?<\/h2>\n\n\n\n<p>A Solar Coca-Cola oferece um leque diversificado de vagas que atendem diferentes perfis profissionais. Isso significa que, independentemente do seu n\u00edvel de experi\u00eancia ou \u00e1rea de atua\u00e7\u00e3o, h\u00e1 boas chances de encontrar algo que combine com voc\u00ea. Confira os detalhes de algumas das principais oportunidades:<\/p>\n\n\n\n<h3 class=\"wp-block-heading\">1# <strong>Assistente Administrativo<\/strong><\/h3>\n\n\n\n<p>Se voc\u00ea tem habilidades organizacionais e gosta de lidar com rotinas administrativas, essa pode ser a vaga certa. O assistente administrativo na Solar atua com suporte \u00e0s equipes, organiza\u00e7\u00e3o de documentos e atividades burocr\u00e1ticas do dia a dia. \u00c9 ideal para quem tem aten\u00e7\u00e3o aos detalhes e gosta de resolver problemas.<\/p>\n\n\n\n<h3 class=\"wp-block-heading\">2# <strong>Promotor de Vendas<\/strong><\/h3>\n\n\n\n<p>Gosta de interagir com pessoas e tem um perfil mais comercial? A posi\u00e7\u00e3o de promotor de vendas exige dinamismo e boa comunica\u00e7\u00e3o. O profissional \u00e9 respons\u00e1vel por cuidar da organiza\u00e7\u00e3o dos produtos nos pontos de venda, garantindo que as prateleiras estejam sempre atrativas para os consumidores.<\/p>\n\n\n\n<h3 class=\"wp-block-heading\">3# <strong>Motorista de Entrega<\/strong><\/h3>\n\n\n\n<p>Se dirigir \u00e9 uma das suas paix\u00f5es e voc\u00ea tem experi\u00eancia na \u00e1rea, vale dar uma olhada nas vagas de motorista. Esse profissional desempenha um papel essencial na log\u00edstica da empresa, garantindo que os produtos cheguem aos clientes no prazo e em perfeitas condi\u00e7\u00f5es.<\/p>\n\n\n\n<h3 class=\"wp-block-heading\">4# <strong>Analista de Recursos Humanos<\/strong><\/h3>\n\n\n\n<p>Para quem busca um cargo estrat\u00e9gico, o analista de RH tem um papel importante no desenvolvimento de pessoas dentro da Solar Coca-Cola. \u00c9 uma posi\u00e7\u00e3o que exige conhecimento em gest\u00e3o de talentos, treinamento, recrutamento e outras pr\u00e1ticas relacionadas ao capital humano.<\/p>\n\n\n\n<h3 class=\"wp-block-heading\">5# <strong>Operador de Produ\u00e7\u00e3o<\/strong><\/h3>\n\n\n\n<p>Se voc\u00ea gosta de colocar a m\u00e3o na massa e trabalhar diretamente no processo produtivo, essa vaga pode chamar sua aten\u00e7\u00e3o. Os operadores de produ\u00e7\u00e3o s\u00e3o pe\u00e7as-chave na f\u00e1brica, atuando no manuseio de m\u00e1quinas e garantindo que tudo funcione com efici\u00eancia.<\/p>\n\n\n\n<h3 class=\"wp-block-heading\">6# <strong>T\u00e9cnico de Manuten\u00e7\u00e3o<\/strong><\/h3>\n\n\n\n<p>Para quem tem forma\u00e7\u00e3o t\u00e9cnica e experi\u00eancia com manuten\u00e7\u00e3o, essa oportunidade oferece um \u00f3timo desafio. O t\u00e9cnico de manuten\u00e7\u00e3o cuida das m\u00e1quinas e equipamentos da Solar, resolvendo problemas e garantindo o bom funcionamento da opera\u00e7\u00e3o.<\/p>\n\n\n\n<p>Esses s\u00e3o apenas alguns exemplos. A lista completa inclui vagas para diversas \u00e1reas como marketing, tecnologia, log\u00edstica e vendas. Seja qual for sua \u00e1rea, a Solar Coca-Cola pode ter algo interessante para voc\u00ea.<\/p>\n\n\n\n<h2 class=\"wp-block-heading\">Como se candidatar?<\/h2>\n\n\n\n<p>Agora que voc\u00ea j\u00e1 sabe mais sobre as vagas, chegou a hora de entender como se candidatar. O processo \u00e9 simples e feito totalmente online. Aqui est\u00e1 o passo a passo:<\/p>\n\n\n\n<ul class=\"wp-block-list\">\n<li>Copie e cole o endere\u00e7o <strong>https:\/\/solarcocacola.gupy.io<\/strong> em seu navegador.<\/li>\n\n\n\n<li>Acesse a p\u00e1gina e explore as vagas dispon\u00edveis.<\/li>\n\n\n\n<li>Filtre as oportunidades de acordo com sua localiza\u00e7\u00e3o ou \u00e1rea de interesse.<\/li>\n\n\n\n<li>Clique na vaga que chamou sua aten\u00e7\u00e3o, leia os detalhes e verifique se voc\u00ea atende aos requisitos.<\/li>\n\n\n\n<li>Preencha o formul\u00e1rio com suas informa\u00e7\u00f5es e anexe o curr\u00edculo.<\/li>\n<\/ul>\n\n\n\n<p>Depois de enviar sua candidatura, fique atento ao e-mail cadastrado. A equipe de recrutamento da Solar Coca-Cola pode entrar em contato para dar continuidade ao processo.<\/p>\n\n\n\n<h2 class=\"wp-block-heading\">Trabalhar na Solar Coca-Cola: mais do que um emprego<\/h2>\n\n\n\n<p>Al\u00e9m das oportunidades de carreira, a Solar Coca-Cola se destaca por oferecer um ambiente de trabalho acolhedor e repleto de possibilidades de crescimento. A empresa valoriza seus colaboradores, promovendo programas de desenvolvimento e incentivando a inova\u00e7\u00e3o.<\/p>\n\n\n\n<p>Se voc\u00ea busca n\u00e3o apenas um emprego, mas uma oportunidade de se desenvolver em uma organiza\u00e7\u00e3o s\u00f3lida, essa pode ser a sua chance. N\u00e3o deixe essa oportunidade passar!<\/p>\n\n\n\n<p><strong>Veja tamb\u00e9m: <a href=\"https:\/\/www.vagadeempregorj.com.br\/ar\/assai-atacadista-1700-vagas-de-emprego-pelo-pais\/\">Assa\u00ed Atacadista: 1700 vagas de emprego pelo pa\u00eds<\/a><\/strong><\/p>\n\n\n\n<p>23 de janeiro de 2025<\/p>","protected":false},"excerpt":{"rendered":"<p>A Solar Coca-Cola est\u00e1 anunciando 164 oportunidades de emprego abertas em diversas regi\u00f5es do Brasil. \u00c9 uma not\u00edcia que pode animar quem est\u00e1 em busca de novos desafios profissionais ou quer dar um passo importante na carreira. Afinal, quem n\u00e3o gostaria de trabalhar em uma das maiores engarrafadoras da marca Coca-Cola na Am\u00e9rica Latina, com&hellip;&nbsp;<\/p>","protected":false},"author":16,"featured_media":42110,"comment_status":"closed","ping_status":"closed","sticky":false,"template":"","format":"standard","meta":{"neve_meta_sidebar":"","neve_meta_container":"","neve_meta_enable_content_width":"","neve_meta_content_width":0,"neve_meta_title_alignment":"","neve_meta_author_avatar":"","neve_post_elements_order":"","neve_meta_disable_header":"","neve_meta_disable_footer":"","neve_meta_disable_title":"","footnotes":""},"categories":[123],"tags":[830,608],"class_list":["post-42090","post","type-post","status-publish","format-standard","has-post-thumbnail","hentry","category-vagas-de-emprego-nacionais","tag-empregos","tag-oportunidades"],"yoast_head":"<!-- This site is optimized with the Yoast SEO plugin v27.5 - https:\/\/yoast.com\/product\/yoast-seo-wordpress\/ -->\n<title>Solar Coca-Cola: 164 vagas de emprego pelo pa\u00eds -<\/title>\n<meta name=\"description\" content=\"Veja em Vagas de Emprego RJ as vagas de emprego com e sem experi\u00eancia no seu Estado e Regi\u00e3o!\" \/>\n<meta name=\"robots\" content=\"index, follow, max-snippet:-1, max-image-preview:large, max-video-preview:-1\" \/>\n<link rel=\"canonical\" href=\"https:\/\/www.vagadeempregorj.com.br\/ar\/solar-coca-cola-164-vagas-de-emprego-pelo-pais\/\" \/>\n<meta property=\"og:locale\" content=\"ar_AR\" \/>\n<meta property=\"og:type\" content=\"article\" \/>\n<meta property=\"og:title\" content=\"Solar Coca-Cola: 164 vagas de emprego pelo pa\u00eds -\" \/>\n<meta property=\"og:description\" content=\"Veja em Vagas de Emprego RJ as vagas de emprego com e sem experi\u00eancia no seu Estado e Regi\u00e3o!\" \/>\n<meta property=\"og:url\" content=\"https:\/\/www.vagadeempregorj.com.br\/ar\/solar-coca-cola-164-vagas-de-emprego-pelo-pais\/\" \/>\n<meta property=\"article:publisher\" content=\"https:\/\/www.facebook.com\/empregobrasiloficial\" \/>\n<meta property=\"article:published_time\" content=\"2025-01-23T09:00:00+00:00\" \/>\n<meta property=\"og:image\" content=\"https:\/\/www.vagadeempregorj.com.br\/wp-content\/uploads\/2025\/01\/image-4.png\" \/>\n\t<meta property=\"og:image:width\" content=\"1000\" \/>\n\t<meta property=\"og:image:height\" content=\"600\" \/>\n\t<meta property=\"og:image:type\" content=\"image\/png\" \/>\n<meta name=\"author\" content=\"Michele\" \/>\n<meta name=\"twitter:card\" content=\"summary_large_image\" \/>\n<meta name=\"twitter:label1\" content=\"\u0643\u064f\u062a\u0628 \u0628\u0648\u0627\u0633\u0637\u0629\" \/>\n\t<meta name=\"twitter:data1\" content=\"Michele\" \/>\n\t<meta name=\"twitter:label2\" content=\"\u0648\u0642\u062a \u0627\u0644\u0642\u0631\u0627\u0621\u0629 \u0627\u0644\u0645\u064f\u0642\u062f\u0651\u0631\" \/>\n\t<meta name=\"twitter:data2\" content=\"4 \u062f\u0642\u0627\u0626\u0642\" \/>\n<script type=\"application\/ld+json\" class=\"yoast-schema-graph\">{\"@context\":\"https:\\\/\\\/schema.org\",\"@graph\":[{\"@type\":\"Article\",\"@id\":\"https:\\\/\\\/www.vagadeempregorj.com.br\\\/solar-coca-cola-164-vagas-de-emprego-pelo-pais\\\/#article\",\"isPartOf\":{\"@id\":\"https:\\\/\\\/www.vagadeempregorj.com.br\\\/solar-coca-cola-164-vagas-de-emprego-pelo-pais\\\/\"},\"author\":{\"name\":\"Michele\",\"@id\":\"https:\\\/\\\/www.vagadeempregorj.com.br\\\/#\\\/schema\\\/person\\\/3ddb19fa0539706786e502152f3aae95\"},\"headline\":\"Solar Coca-Cola: 164 vagas de emprego pelo pa\u00eds\",\"datePublished\":\"2025-01-23T09:00:00+00:00\",\"mainEntityOfPage\":{\"@id\":\"https:\\\/\\\/www.vagadeempregorj.com.br\\\/solar-coca-cola-164-vagas-de-emprego-pelo-pais\\\/\"},\"wordCount\":715,\"image\":{\"@id\":\"https:\\\/\\\/www.vagadeempregorj.com.br\\\/solar-coca-cola-164-vagas-de-emprego-pelo-pais\\\/#primaryimage\"},\"thumbnailUrl\":\"https:\\\/\\\/www.vagadeempregorj.com.br\\\/wp-content\\\/uploads\\\/2025\\\/01\\\/image-4.png\",\"keywords\":[\"empregos\",\"oportunidades\"],\"articleSection\":[\"Vagas de Emprego Nacionais\"],\"inLanguage\":\"ar\"},{\"@type\":\"WebPage\",\"@id\":\"https:\\\/\\\/www.vagadeempregorj.com.br\\\/solar-coca-cola-164-vagas-de-emprego-pelo-pais\\\/\",\"url\":\"https:\\\/\\\/www.vagadeempregorj.com.br\\\/solar-coca-cola-164-vagas-de-emprego-pelo-pais\\\/\",\"name\":\"Solar Coca-Cola: 164 vagas de emprego pelo pa\u00eds -\",\"isPartOf\":{\"@id\":\"https:\\\/\\\/www.vagadeempregorj.com.br\\\/#website\"},\"primaryImageOfPage\":{\"@id\":\"https:\\\/\\\/www.vagadeempregorj.com.br\\\/solar-coca-cola-164-vagas-de-emprego-pelo-pais\\\/#primaryimage\"},\"image\":{\"@id\":\"https:\\\/\\\/www.vagadeempregorj.com.br\\\/solar-coca-cola-164-vagas-de-emprego-pelo-pais\\\/#primaryimage\"},\"thumbnailUrl\":\"https:\\\/\\\/www.vagadeempregorj.com.br\\\/wp-content\\\/uploads\\\/2025\\\/01\\\/image-4.png\",\"datePublished\":\"2025-01-23T09:00:00+00:00\",\"author\":{\"@id\":\"https:\\\/\\\/www.vagadeempregorj.com.br\\\/#\\\/schema\\\/person\\\/3ddb19fa0539706786e502152f3aae95\"},\"description\":\"Veja em Vagas de Emprego RJ as vagas de emprego com e sem experi\u00eancia no seu Estado e Regi\u00e3o!\",\"breadcrumb\":{\"@id\":\"https:\\\/\\\/www.vagadeempregorj.com.br\\\/solar-coca-cola-164-vagas-de-emprego-pelo-pais\\\/#breadcrumb\"},\"inLanguage\":\"ar\",\"potentialAction\":[{\"@type\":\"ReadAction\",\"target\":[\"https:\\\/\\\/www.vagadeempregorj.com.br\\\/solar-coca-cola-164-vagas-de-emprego-pelo-pais\\\/\"]}]},{\"@type\":\"ImageObject\",\"inLanguage\":\"ar\",\"@id\":\"https:\\\/\\\/www.vagadeempregorj.com.br\\\/solar-coca-cola-164-vagas-de-emprego-pelo-pais\\\/#primaryimage\",\"url\":\"https:\\\/\\\/www.vagadeempregorj.com.br\\\/wp-content\\\/uploads\\\/2025\\\/01\\\/image-4.png\",\"contentUrl\":\"https:\\\/\\\/www.vagadeempregorj.com.br\\\/wp-content\\\/uploads\\\/2025\\\/01\\\/image-4.png\",\"width\":1000,\"height\":600,\"caption\":\"Solar Coca-Cola\"},{\"@type\":\"BreadcrumbList\",\"@id\":\"https:\\\/\\\/www.vagadeempregorj.com.br\\\/solar-coca-cola-164-vagas-de-emprego-pelo-pais\\\/#breadcrumb\",\"itemListElement\":[{\"@type\":\"ListItem\",\"position\":1,\"name\":\"In\u00edcio\",\"item\":\"https:\\\/\\\/www.vagadeempregorj.com.br\\\/\"},{\"@type\":\"ListItem\",\"position\":2,\"name\":\"Vagas de Emprego Nacionais\",\"item\":\"https:\\\/\\\/www.vagadeempregorj.com.br\\\/vagas-de-emprego-nacionais\\\/\"},{\"@type\":\"ListItem\",\"position\":3,\"name\":\"Solar Coca-Cola: 164 vagas de emprego pelo pa\u00eds\"}]},{\"@type\":\"WebSite\",\"@id\":\"https:\\\/\\\/www.vagadeempregorj.com.br\\\/#website\",\"url\":\"https:\\\/\\\/www.vagadeempregorj.com.br\\\/\",\"name\":\"\",\"description\":\"Conquiste Sonhos: Vagas, Benef\u00edcios e Economia para Transformar Vidas e Alcan\u00e7ar Melhorias Cotidianas\",\"potentialAction\":[{\"@type\":\"SearchAction\",\"target\":{\"@type\":\"EntryPoint\",\"urlTemplate\":\"https:\\\/\\\/www.vagadeempregorj.com.br\\\/?s={search_term_string}\"},\"query-input\":{\"@type\":\"PropertyValueSpecification\",\"valueRequired\":true,\"valueName\":\"search_term_string\"}}],\"inLanguage\":\"ar\"},{\"@type\":\"Person\",\"@id\":\"https:\\\/\\\/www.vagadeempregorj.com.br\\\/#\\\/schema\\\/person\\\/3ddb19fa0539706786e502152f3aae95\",\"name\":\"Michele\",\"image\":{\"@type\":\"ImageObject\",\"inLanguage\":\"ar\",\"@id\":\"https:\\\/\\\/secure.gravatar.com\\\/avatar\\\/6b0eb9d22841282815e2cd856a0061c45e1761cd54b22e952d98c4746939aa85?s=96&r=g\",\"url\":\"https:\\\/\\\/secure.gravatar.com\\\/avatar\\\/6b0eb9d22841282815e2cd856a0061c45e1761cd54b22e952d98c4746939aa85?s=96&r=g\",\"contentUrl\":\"https:\\\/\\\/secure.gravatar.com\\\/avatar\\\/6b0eb9d22841282815e2cd856a0061c45e1761cd54b22e952d98c4746939aa85?s=96&r=g\",\"caption\":\"Michele\"},\"description\":\"Formada em Letras - Portugu\u00eas\\\/ Ingl\u00eas, e idealizadora do site Escritora de Sucesso, busca expandir o conhecimento de todos com informa\u00e7\u00f5es relevantes sobre diversos assuntos, enquanto redatora. No Vaga de Emprego RJ, traz oportunidades e dicas sobre o mercado de trabalho.\",\"url\":\"https:\\\/\\\/www.vagadeempregorj.com.br\\\/ar\\\/author\\\/michele\\\/\"}]}<\/script>\n<!-- \/ Yoast SEO plugin. -->","yoast_head_json":{"title":"Solar Coca-Cola: 164 vagas de emprego pelo pa\u00eds -","description":"Veja em Vagas de Emprego RJ as vagas de emprego com e sem experi\u00eancia no seu Estado e Regi\u00e3o!","robots":{"index":"index","follow":"follow","max-snippet":"max-snippet:-1","max-image-preview":"max-image-preview:large","max-video-preview":"max-video-preview:-1"},"canonical":"https:\/\/www.vagadeempregorj.com.br\/ar\/solar-coca-cola-164-vagas-de-emprego-pelo-pais\/","og_locale":"ar_AR","og_type":"article","og_title":"Solar Coca-Cola: 164 vagas de emprego pelo pa\u00eds -","og_description":"Veja em Vagas de Emprego RJ as vagas de emprego com e sem experi\u00eancia no seu Estado e Regi\u00e3o!","og_url":"https:\/\/www.vagadeempregorj.com.br\/ar\/solar-coca-cola-164-vagas-de-emprego-pelo-pais\/","article_publisher":"https:\/\/www.facebook.com\/empregobrasiloficial","article_published_time":"2025-01-23T09:00:00+00:00","og_image":[{"width":1000,"height":600,"url":"https:\/\/www.vagadeempregorj.com.br\/wp-content\/uploads\/2025\/01\/image-4.png","type":"image\/png"}],"author":"Michele","twitter_card":"summary_large_image","twitter_misc":{"\u0643\u064f\u062a\u0628 \u0628\u0648\u0627\u0633\u0637\u0629":"Michele","\u0648\u0642\u062a \u0627\u0644\u0642\u0631\u0627\u0621\u0629 \u0627\u0644\u0645\u064f\u0642\u062f\u0651\u0631":"4 \u062f\u0642\u0627\u0626\u0642"},"schema":{"@context":"https:\/\/schema.org","@graph":[{"@type":"Article","@id":"https:\/\/www.vagadeempregorj.com.br\/solar-coca-cola-164-vagas-de-emprego-pelo-pais\/#article","isPartOf":{"@id":"https:\/\/www.vagadeempregorj.com.br\/solar-coca-cola-164-vagas-de-emprego-pelo-pais\/"},"author":{"name":"Michele","@id":"https:\/\/www.vagadeempregorj.com.br\/#\/schema\/person\/3ddb19fa0539706786e502152f3aae95"},"headline":"Solar Coca-Cola: 164 vagas de emprego pelo pa\u00eds","datePublished":"2025-01-23T09:00:00+00:00","mainEntityOfPage":{"@id":"https:\/\/www.vagadeempregorj.com.br\/solar-coca-cola-164-vagas-de-emprego-pelo-pais\/"},"wordCount":715,"image":{"@id":"https:\/\/www.vagadeempregorj.com.br\/solar-coca-cola-164-vagas-de-emprego-pelo-pais\/#primaryimage"},"thumbnailUrl":"https:\/\/www.vagadeempregorj.com.br\/wp-content\/uploads\/2025\/01\/image-4.png","keywords":["empregos","oportunidades"],"articleSection":["Vagas de Emprego Nacionais"],"inLanguage":"ar"},{"@type":"WebPage","@id":"https:\/\/www.vagadeempregorj.com.br\/solar-coca-cola-164-vagas-de-emprego-pelo-pais\/","url":"https:\/\/www.vagadeempregorj.com.br\/solar-coca-cola-164-vagas-de-emprego-pelo-pais\/","name":"Solar Coca-Cola: 164 vagas de emprego pelo pa\u00eds -","isPartOf":{"@id":"https:\/\/www.vagadeempregorj.com.br\/#website"},"primaryImageOfPage":{"@id":"https:\/\/www.vagadeempregorj.com.br\/solar-coca-cola-164-vagas-de-emprego-pelo-pais\/#primaryimage"},"image":{"@id":"https:\/\/www.vagadeempregorj.com.br\/solar-coca-cola-164-vagas-de-emprego-pelo-pais\/#primaryimage"},"thumbnailUrl":"https:\/\/www.vagadeempregorj.com.br\/wp-content\/uploads\/2025\/01\/image-4.png","datePublished":"2025-01-23T09:00:00+00:00","author":{"@id":"https:\/\/www.vagadeempregorj.com.br\/#\/schema\/person\/3ddb19fa0539706786e502152f3aae95"},"description":"Veja em Vagas de Emprego RJ as vagas de emprego com e sem experi\u00eancia no seu Estado e Regi\u00e3o!","breadcrumb":{"@id":"https:\/\/www.vagadeempregorj.com.br\/solar-coca-cola-164-vagas-de-emprego-pelo-pais\/#breadcrumb"},"inLanguage":"ar","potentialAction":[{"@type":"ReadAction","target":["https:\/\/www.vagadeempregorj.com.br\/solar-coca-cola-164-vagas-de-emprego-pelo-pais\/"]}]},{"@type":"ImageObject","inLanguage":"ar","@id":"https:\/\/www.vagadeempregorj.com.br\/solar-coca-cola-164-vagas-de-emprego-pelo-pais\/#primaryimage","url":"https:\/\/www.vagadeempregorj.com.br\/wp-content\/uploads\/2025\/01\/image-4.png","contentUrl":"https:\/\/www.vagadeempregorj.com.br\/wp-content\/uploads\/2025\/01\/image-4.png","width":1000,"height":600,"caption":"Solar Coca-Cola"},{"@type":"BreadcrumbList","@id":"https:\/\/www.vagadeempregorj.com.br\/solar-coca-cola-164-vagas-de-emprego-pelo-pais\/#breadcrumb","itemListElement":[{"@type":"ListItem","position":1,"name":"In\u00edcio","item":"https:\/\/www.vagadeempregorj.com.br\/"},{"@type":"ListItem","position":2,"name":"Vagas de Emprego Nacionais","item":"https:\/\/www.vagadeempregorj.com.br\/vagas-de-emprego-nacionais\/"},{"@type":"ListItem","position":3,"name":"Solar Coca-Cola: 164 vagas de emprego pelo pa\u00eds"}]},{"@type":"WebSite","@id":"https:\/\/www.vagadeempregorj.com.br\/#website","url":"https:\/\/www.vagadeempregorj.com.br\/","name":"","description":"\u062a\u062d\u0642\u064a\u0642 \u0627\u0644\u0623\u062d\u0644\u0627\u0645: \u0641\u0631\u0635 \u0639\u0645\u0644\u060c \u0645\u0632\u0627\u064a\u0627\u060c \u0648\u062a\u0648\u0641\u064a\u0631\u0627\u062a \u0644\u062a\u063a\u064a\u064a\u0631 \u0627\u0644\u062d\u064a\u0627\u0629 \u0648\u062a\u062d\u0642\u064a\u0642 \u062a\u062d\u0633\u064a\u0646\u0627\u062a \u064a\u0648\u0645\u064a\u0629","potentialAction":[{"@type":"SearchAction","target":{"@type":"EntryPoint","urlTemplate":"https:\/\/www.vagadeempregorj.com.br\/?s={search_term_string}"},"query-input":{"@type":"PropertyValueSpecification","valueRequired":true,"valueName":"search_term_string"}}],"inLanguage":"ar"},{"@type":"Person","@id":"https:\/\/www.vagadeempregorj.com.br\/#\/schema\/person\/3ddb19fa0539706786e502152f3aae95","name":"Michele","image":{"@type":"ImageObject","inLanguage":"ar","@id":"https:\/\/secure.gravatar.com\/avatar\/6b0eb9d22841282815e2cd856a0061c45e1761cd54b22e952d98c4746939aa85?s=96&r=g","url":"https:\/\/secure.gravatar.com\/avatar\/6b0eb9d22841282815e2cd856a0061c45e1761cd54b22e952d98c4746939aa85?s=96&r=g","contentUrl":"https:\/\/secure.gravatar.com\/avatar\/6b0eb9d22841282815e2cd856a0061c45e1761cd54b22e952d98c4746939aa85?s=96&r=g","caption":"Michele"},"description":"Formada em Letras - Portugu\u00eas\/ Ingl\u00eas, e idealizadora do site Escritora de Sucesso, busca expandir o conhecimento de todos com informa\u00e7\u00f5es relevantes sobre diversos assuntos, enquanto redatora. No Vaga de Emprego RJ, traz oportunidades e dicas sobre o mercado de trabalho.","url":"https:\/\/www.vagadeempregorj.com.br\/ar\/author\/michele\/"}]}},"_links":{"self":[{"href":"https:\/\/www.vagadeempregorj.com.br\/ar\/wp-json\/wp\/v2\/posts\/42090","targetHints":{"allow":["GET"]}}],"collection":[{"href":"https:\/\/www.vagadeempregorj.com.br\/ar\/wp-json\/wp\/v2\/posts"}],"about":[{"href":"https:\/\/www.vagadeempregorj.com.br\/ar\/wp-json\/wp\/v2\/types\/post"}],"author":[{"embeddable":true,"href":"https:\/\/www.vagadeempregorj.com.br\/ar\/wp-json\/wp\/v2\/users\/16"}],"replies":[{"embeddable":true,"href":"https:\/\/www.vagadeempregorj.com.br\/ar\/wp-json\/wp\/v2\/comments?post=42090"}],"version-history":[{"count":0,"href":"https:\/\/www.vagadeempregorj.com.br\/ar\/wp-json\/wp\/v2\/posts\/42090\/revisions"}],"wp:featuredmedia":[{"embeddable":true,"href":"https:\/\/www.vagadeempregorj.com.br\/ar\/wp-json\/wp\/v2\/media\/42110"}],"wp:attachment":[{"href":"https:\/\/www.vagadeempregorj.com.br\/ar\/wp-json\/wp\/v2\/media?parent=42090"}],"wp:term":[{"taxonomy":"category","embeddable":true,"href":"https:\/\/www.vagadeempregorj.com.br\/ar\/wp-json\/wp\/v2\/categories?post=42090"},{"taxonomy":"post_tag","embeddable":true,"href":"https:\/\/www.vagadeempregorj.com.br\/ar\/wp-json\/wp\/v2\/tags?post=42090"}],"curies":[{"name":"wp","href":"https:\/\/api.w.org\/{rel}","templated":true}]}}