{"id":42094,"date":"2025-01-27T06:00:00","date_gmt":"2025-01-27T09:00:00","guid":{"rendered":"https:\/\/www.vagadeempregorj.com.br\/?p=42094"},"modified":"2025-01-20T18:37:25","modified_gmt":"2025-01-20T21:37:25","slug":"grupo-lider-64-vagas-de-emprego-pelo-pais","status":"publish","type":"post","link":"https:\/\/www.vagadeempregorj.com.br\/ar\/grupo-lider-64-vagas-de-emprego-pelo-pais\/","title":{"rendered":"Grupo Lider: 64 vagas de emprego pelo pa\u00eds"},"content":{"rendered":"<p>Se voc\u00ea est\u00e1 em busca de uma nova oportunidade profissional, precisa saber o que est\u00e1 acontecendo no <strong>Grupo Lider<\/strong>. A empresa, conhecida por sua forte atua\u00e7\u00e3o em diferentes setores, abriu 64 vagas de emprego espalhadas pelo Brasil. \u00c9 uma not\u00edcia que pode mudar a vida de muita gente. Quer saber mais? Vamos conversar sobre as oportunidades, o que voc\u00ea pode esperar de cada cargo e como garantir sua candidatura.<\/p>\n\n\n\n<p>Prepare-se para descobrir tudo o que voc\u00ea precisa para dar o pr\u00f3ximo passo na sua carreira!<\/p>\n\n\n\n<figure class=\"wp-block-image size-full is-resized\"><img loading=\"lazy\" decoding=\"async\" width=\"778\" height=\"510\" src=\"https:\/\/www.vagadeempregorj.com.br\/wp-content\/uploads\/2025\/01\/image-6.png\" alt=\"Grupo Lider\" class=\"wp-image-42112\" style=\"width:840px;height:auto\" srcset=\"https:\/\/www.vagadeempregorj.com.br\/wp-content\/uploads\/2025\/01\/image-6.png 778w, https:\/\/www.vagadeempregorj.com.br\/wp-content\/uploads\/2025\/01\/image-6-300x197.png 300w, https:\/\/www.vagadeempregorj.com.br\/wp-content\/uploads\/2025\/01\/image-6-768x503.png 768w, https:\/\/www.vagadeempregorj.com.br\/wp-content\/uploads\/2025\/01\/image-6-150x98.png 150w\" sizes=\"auto, (max-width: 778px) 100vw, 778px\" \/><\/figure>\n\n\n\n<h2 class=\"wp-block-heading\">Quais s\u00e3o as oportunidades de carreira no Grupo Lider?<\/h2>\n\n\n\n<p>O Grupo Lider n\u00e3o se limita a oferecer uma ou outra vaga. Eles est\u00e3o com diversas oportunidades que abrangem diferentes n\u00edveis de experi\u00eancia e \u00e1reas de atua\u00e7\u00e3o. Vamos dar uma olhada mais de perto nas principais vagas:<\/p>\n\n\n\n<h3 class=\"wp-block-heading\">1# <strong>Assistente Administrativo<\/strong><\/h3>\n\n\n\n<p>Se voc\u00ea tem habilidade com organiza\u00e7\u00e3o e gosta de lidar com processos internos, essa pode ser a sua chance. O assistente administrativo atua no suporte \u00e0s opera\u00e7\u00f5es di\u00e1rias, auxiliando na gest\u00e3o de documentos e na comunica\u00e7\u00e3o entre diferentes setores. Organiza\u00e7\u00e3o e aten\u00e7\u00e3o aos detalhes s\u00e3o fundamentais aqui.<\/p>\n\n\n\n<h3 class=\"wp-block-heading\">2# <strong>Analista de Marketing<\/strong><\/h3>\n\n\n\n<p>Para quem \u00e9 apaixonado por estrat\u00e9gias de comunica\u00e7\u00e3o e criatividade, o cargo de analista de marketing \u00e9 perfeito. Suas responsabilidades incluem desenvolver campanhas, analisar resultados e fortalecer a imagem da empresa no mercado. Voc\u00ea gosta de pensar fora da caixa? Essa vaga pode ser sua.<\/p>\n\n\n\n<h3 class=\"wp-block-heading\">3# <strong>T\u00e9cnico de Manuten\u00e7\u00e3o<\/strong><\/h3>\n\n\n\n<p>J\u00e1 quem tem experi\u00eancia em manuten\u00e7\u00e3o e reparos pode se interessar pela vaga de t\u00e9cnico de manuten\u00e7\u00e3o. O profissional ser\u00e1 respons\u00e1vel por garantir o funcionamento adequado de m\u00e1quinas e equipamentos, al\u00e9m de realizar reparos preventivos e emergenciais.<\/p>\n\n\n\n<h3 class=\"wp-block-heading\">4# <strong>Supervisor de Vendas<\/strong><\/h3>\n\n\n\n<p>Se voc\u00ea tem talento para liderar equipes e entende o mercado de vendas, o Grupo Lider tamb\u00e9m tem espa\u00e7o para voc\u00ea. O supervisor de vendas \u00e9 pe\u00e7a-chave para garantir o alcance das metas, motivar a equipe e identificar novas oportunidades de neg\u00f3cios.<\/p>\n\n\n\n<h3 class=\"wp-block-heading\">5# <strong>Operador de Produ\u00e7\u00e3o<\/strong><\/h3>\n\n\n\n<p>O operador de produ\u00e7\u00e3o \u00e9 ideal para quem busca uma fun\u00e7\u00e3o pr\u00e1tica e din\u00e2mica. Esse cargo envolve o manuseio de equipamentos, a produ\u00e7\u00e3o de itens e o acompanhamento do processo produtivo. Aten\u00e7\u00e3o e foco s\u00e3o indispens\u00e1veis.<\/p>\n\n\n\n<p>Essas s\u00e3o apenas algumas das vagas. O Grupo Lider tem posi\u00e7\u00f5es em \u00e1reas como log\u00edstica, tecnologia e atendimento ao cliente. Certamente, h\u00e1 uma oportunidade que se encaixa no seu perfil.<\/p>\n\n\n\n<h2 class=\"wp-block-heading\">Como se candidatar?<\/h2>\n\n\n\n<p>Agora que voc\u00ea j\u00e1 sabe quais s\u00e3o as oportunidades, chegou a hora de dar o pr\u00f3ximo passo: se candidatar. O processo \u00e9 simples e feito online, para que voc\u00ea consiga participar de onde estiver. Veja como fazer:<\/p>\n\n\n\n<ul class=\"wp-block-list\">\n<li>Copie e cole o endere\u00e7o <strong>https:\/\/vagasgrupolider.gupy.io\/<\/strong> no seu navegador.<\/li>\n\n\n\n<li>Acesse a p\u00e1gina e encontre uma oportunidade que combina com o seu perfil.<\/li>\n\n\n\n<li>Preencha o cadastro com suas informa\u00e7\u00f5es atualizadas e anexe seu curr\u00edculo.<\/li>\n\n\n\n<li>Aguarde o retorno da empresa com as pr\u00f3ximas etapas do processo seletivo.<\/li>\n<\/ul>\n\n\n\n<p>O mais importante \u00e9 garantir que o seu curr\u00edculo esteja claro, com suas experi\u00eancias e habilidades bem destacadas. Lembre-se: essa \u00e9 a sua primeira apresenta\u00e7\u00e3o para a empresa, ent\u00e3o capriche!<\/p>\n\n\n\n<h3 class=\"wp-block-heading\">O Grupo Lider espera por voc\u00ea<\/h3>\n\n\n\n<p>Oportunidades como essas n\u00e3o aparecem todos os dias. Se voc\u00ea se identificou com alguma das vagas, n\u00e3o deixe para depois. O Grupo Lider \u00e9 uma empresa que valoriza seus colaboradores e oferece chances reais de crescimento. Al\u00e9m disso, trabalhar em uma empresa consolidada \u00e9 um grande passo para quem busca estabilidade e desenvolvimento profissional.<\/p>\n\n\n\n<p><strong>Veja tamb\u00e9m: <a href=\"https:\/\/www.vagadeempregorj.com.br\/ar\/assai-atacadista-1700-vagas-de-emprego-pelo-pais\/\">Assa\u00ed Atacadista: 1700 vagas de emprego pelo pa\u00eds<\/a><\/strong><\/p>\n\n\n\n<p>27 de janeiro de 2025<\/p>","protected":false},"excerpt":{"rendered":"<p>Se voc\u00ea est\u00e1 em busca de uma nova oportunidade profissional, precisa saber o que est\u00e1 acontecendo no Grupo Lider. A empresa, conhecida por sua forte atua\u00e7\u00e3o em diferentes setores, abriu 64 vagas de emprego espalhadas pelo Brasil. \u00c9 uma not\u00edcia que pode mudar a vida de muita gente. Quer saber mais? Vamos conversar sobre as&hellip;&nbsp;<\/p>","protected":false},"author":16,"featured_media":42112,"comment_status":"closed","ping_status":"closed","sticky":false,"template":"","format":"standard","meta":{"neve_meta_sidebar":"","neve_meta_container":"","neve_meta_enable_content_width":"","neve_meta_content_width":0,"neve_meta_title_alignment":"","neve_meta_author_avatar":"","neve_post_elements_order":"","neve_meta_disable_header":"","neve_meta_disable_footer":"","neve_meta_disable_title":"","footnotes":""},"categories":[123],"tags":[830,608],"class_list":["post-42094","post","type-post","status-publish","format-standard","has-post-thumbnail","hentry","category-vagas-de-emprego-nacionais","tag-empregos","tag-oportunidades"],"yoast_head":"<!-- This site is optimized with the Yoast SEO plugin v27.5 - https:\/\/yoast.com\/product\/yoast-seo-wordpress\/ -->\n<title>Grupo Lider: 64 vagas de emprego pelo pa\u00eds -<\/title>\n<meta name=\"description\" content=\"Veja em Vagas de Emprego RJ as vagas de emprego com e sem experi\u00eancia no seu Estado e Regi\u00e3o!\" \/>\n<meta name=\"robots\" content=\"index, follow, max-snippet:-1, max-image-preview:large, max-video-preview:-1\" \/>\n<link rel=\"canonical\" href=\"https:\/\/www.vagadeempregorj.com.br\/ar\/grupo-lider-64-vagas-de-emprego-pelo-pais\/\" \/>\n<meta property=\"og:locale\" content=\"ar_AR\" \/>\n<meta property=\"og:type\" content=\"article\" \/>\n<meta property=\"og:title\" content=\"Grupo Lider: 64 vagas de emprego pelo pa\u00eds -\" \/>\n<meta property=\"og:description\" content=\"Veja em Vagas de Emprego RJ as vagas de emprego com e sem experi\u00eancia no seu Estado e Regi\u00e3o!\" \/>\n<meta property=\"og:url\" content=\"https:\/\/www.vagadeempregorj.com.br\/ar\/grupo-lider-64-vagas-de-emprego-pelo-pais\/\" \/>\n<meta property=\"article:publisher\" content=\"https:\/\/www.facebook.com\/empregobrasiloficial\" \/>\n<meta property=\"article:published_time\" content=\"2025-01-27T09:00:00+00:00\" \/>\n<meta property=\"og:image\" content=\"https:\/\/www.vagadeempregorj.com.br\/wp-content\/uploads\/2025\/01\/image-6.png\" \/>\n\t<meta property=\"og:image:width\" content=\"778\" \/>\n\t<meta property=\"og:image:height\" content=\"510\" \/>\n\t<meta property=\"og:image:type\" content=\"image\/png\" \/>\n<meta name=\"author\" content=\"Michele\" \/>\n<meta name=\"twitter:card\" content=\"summary_large_image\" \/>\n<meta name=\"twitter:label1\" content=\"Written by\" \/>\n\t<meta name=\"twitter:data1\" content=\"Michele\" \/>\n\t<meta name=\"twitter:label2\" content=\"Est. reading time\" \/>\n\t<meta name=\"twitter:data2\" content=\"3 \u062f\u0642\u0627\u0626\u0642\" \/>\n<script type=\"application\/ld+json\" class=\"yoast-schema-graph\">{\"@context\":\"https:\\\/\\\/schema.org\",\"@graph\":[{\"@type\":\"Article\",\"@id\":\"https:\\\/\\\/www.vagadeempregorj.com.br\\\/grupo-lider-64-vagas-de-emprego-pelo-pais\\\/#article\",\"isPartOf\":{\"@id\":\"https:\\\/\\\/www.vagadeempregorj.com.br\\\/grupo-lider-64-vagas-de-emprego-pelo-pais\\\/\"},\"author\":{\"name\":\"Michele\",\"@id\":\"https:\\\/\\\/www.vagadeempregorj.com.br\\\/#\\\/schema\\\/person\\\/3ddb19fa0539706786e502152f3aae95\"},\"headline\":\"Grupo Lider: 64 vagas de emprego pelo pa\u00eds\",\"datePublished\":\"2025-01-27T09:00:00+00:00\",\"mainEntityOfPage\":{\"@id\":\"https:\\\/\\\/www.vagadeempregorj.com.br\\\/grupo-lider-64-vagas-de-emprego-pelo-pais\\\/\"},\"wordCount\":629,\"image\":{\"@id\":\"https:\\\/\\\/www.vagadeempregorj.com.br\\\/grupo-lider-64-vagas-de-emprego-pelo-pais\\\/#primaryimage\"},\"thumbnailUrl\":\"https:\\\/\\\/www.vagadeempregorj.com.br\\\/wp-content\\\/uploads\\\/2025\\\/01\\\/image-6.png\",\"keywords\":[\"empregos\",\"oportunidades\"],\"articleSection\":[\"Vagas de Emprego Nacionais\"],\"inLanguage\":\"ar\"},{\"@type\":\"WebPage\",\"@id\":\"https:\\\/\\\/www.vagadeempregorj.com.br\\\/grupo-lider-64-vagas-de-emprego-pelo-pais\\\/\",\"url\":\"https:\\\/\\\/www.vagadeempregorj.com.br\\\/grupo-lider-64-vagas-de-emprego-pelo-pais\\\/\",\"name\":\"Grupo Lider: 64 vagas de emprego pelo pa\u00eds -\",\"isPartOf\":{\"@id\":\"https:\\\/\\\/www.vagadeempregorj.com.br\\\/#website\"},\"primaryImageOfPage\":{\"@id\":\"https:\\\/\\\/www.vagadeempregorj.com.br\\\/grupo-lider-64-vagas-de-emprego-pelo-pais\\\/#primaryimage\"},\"image\":{\"@id\":\"https:\\\/\\\/www.vagadeempregorj.com.br\\\/grupo-lider-64-vagas-de-emprego-pelo-pais\\\/#primaryimage\"},\"thumbnailUrl\":\"https:\\\/\\\/www.vagadeempregorj.com.br\\\/wp-content\\\/uploads\\\/2025\\\/01\\\/image-6.png\",\"datePublished\":\"2025-01-27T09:00:00+00:00\",\"author\":{\"@id\":\"https:\\\/\\\/www.vagadeempregorj.com.br\\\/#\\\/schema\\\/person\\\/3ddb19fa0539706786e502152f3aae95\"},\"description\":\"Veja em Vagas de Emprego RJ as vagas de emprego com e sem experi\u00eancia no seu Estado e Regi\u00e3o!\",\"breadcrumb\":{\"@id\":\"https:\\\/\\\/www.vagadeempregorj.com.br\\\/grupo-lider-64-vagas-de-emprego-pelo-pais\\\/#breadcrumb\"},\"inLanguage\":\"ar\",\"potentialAction\":[{\"@type\":\"ReadAction\",\"target\":[\"https:\\\/\\\/www.vagadeempregorj.com.br\\\/grupo-lider-64-vagas-de-emprego-pelo-pais\\\/\"]}]},{\"@type\":\"ImageObject\",\"inLanguage\":\"ar\",\"@id\":\"https:\\\/\\\/www.vagadeempregorj.com.br\\\/grupo-lider-64-vagas-de-emprego-pelo-pais\\\/#primaryimage\",\"url\":\"https:\\\/\\\/www.vagadeempregorj.com.br\\\/wp-content\\\/uploads\\\/2025\\\/01\\\/image-6.png\",\"contentUrl\":\"https:\\\/\\\/www.vagadeempregorj.com.br\\\/wp-content\\\/uploads\\\/2025\\\/01\\\/image-6.png\",\"width\":778,\"height\":510,\"caption\":\"Grupo Lider\"},{\"@type\":\"BreadcrumbList\",\"@id\":\"https:\\\/\\\/www.vagadeempregorj.com.br\\\/grupo-lider-64-vagas-de-emprego-pelo-pais\\\/#breadcrumb\",\"itemListElement\":[{\"@type\":\"ListItem\",\"position\":1,\"name\":\"In\u00edcio\",\"item\":\"https:\\\/\\\/www.vagadeempregorj.com.br\\\/\"},{\"@type\":\"ListItem\",\"position\":2,\"name\":\"Vagas de Emprego Nacionais\",\"item\":\"https:\\\/\\\/www.vagadeempregorj.com.br\\\/vagas-de-emprego-nacionais\\\/\"},{\"@type\":\"ListItem\",\"position\":3,\"name\":\"Grupo Lider: 64 vagas de emprego pelo pa\u00eds\"}]},{\"@type\":\"WebSite\",\"@id\":\"https:\\\/\\\/www.vagadeempregorj.com.br\\\/#website\",\"url\":\"https:\\\/\\\/www.vagadeempregorj.com.br\\\/\",\"name\":\"\",\"description\":\"Conquiste Sonhos: Vagas, Benef\u00edcios e Economia para Transformar Vidas e Alcan\u00e7ar Melhorias Cotidianas\",\"potentialAction\":[{\"@type\":\"SearchAction\",\"target\":{\"@type\":\"EntryPoint\",\"urlTemplate\":\"https:\\\/\\\/www.vagadeempregorj.com.br\\\/?s={search_term_string}\"},\"query-input\":{\"@type\":\"PropertyValueSpecification\",\"valueRequired\":true,\"valueName\":\"search_term_string\"}}],\"inLanguage\":\"ar\"},{\"@type\":\"Person\",\"@id\":\"https:\\\/\\\/www.vagadeempregorj.com.br\\\/#\\\/schema\\\/person\\\/3ddb19fa0539706786e502152f3aae95\",\"name\":\"Michele\",\"image\":{\"@type\":\"ImageObject\",\"inLanguage\":\"ar\",\"@id\":\"https:\\\/\\\/secure.gravatar.com\\\/avatar\\\/6b0eb9d22841282815e2cd856a0061c45e1761cd54b22e952d98c4746939aa85?s=96&r=g\",\"url\":\"https:\\\/\\\/secure.gravatar.com\\\/avatar\\\/6b0eb9d22841282815e2cd856a0061c45e1761cd54b22e952d98c4746939aa85?s=96&r=g\",\"contentUrl\":\"https:\\\/\\\/secure.gravatar.com\\\/avatar\\\/6b0eb9d22841282815e2cd856a0061c45e1761cd54b22e952d98c4746939aa85?s=96&r=g\",\"caption\":\"Michele\"},\"description\":\"Formada em Letras - Portugu\u00eas\\\/ Ingl\u00eas, e idealizadora do site Escritora de Sucesso, busca expandir o conhecimento de todos com informa\u00e7\u00f5es relevantes sobre diversos assuntos, enquanto redatora. No Vaga de Emprego RJ, traz oportunidades e dicas sobre o mercado de trabalho.\",\"url\":\"https:\\\/\\\/www.vagadeempregorj.com.br\\\/ar\\\/author\\\/michele\\\/\"}]}<\/script>\n<!-- \/ Yoast SEO plugin. -->","yoast_head_json":{"title":"Grupo Lider: 64 vagas de emprego pelo pa\u00eds -","description":"Veja em Vagas de Emprego RJ as vagas de emprego com e sem experi\u00eancia no seu Estado e Regi\u00e3o!","robots":{"index":"index","follow":"follow","max-snippet":"max-snippet:-1","max-image-preview":"max-image-preview:large","max-video-preview":"max-video-preview:-1"},"canonical":"https:\/\/www.vagadeempregorj.com.br\/ar\/grupo-lider-64-vagas-de-emprego-pelo-pais\/","og_locale":"ar_AR","og_type":"article","og_title":"Grupo Lider: 64 vagas de emprego pelo pa\u00eds -","og_description":"Veja em Vagas de Emprego RJ as vagas de emprego com e sem experi\u00eancia no seu Estado e Regi\u00e3o!","og_url":"https:\/\/www.vagadeempregorj.com.br\/ar\/grupo-lider-64-vagas-de-emprego-pelo-pais\/","article_publisher":"https:\/\/www.facebook.com\/empregobrasiloficial","article_published_time":"2025-01-27T09:00:00+00:00","og_image":[{"width":778,"height":510,"url":"https:\/\/www.vagadeempregorj.com.br\/wp-content\/uploads\/2025\/01\/image-6.png","type":"image\/png"}],"author":"Michele","twitter_card":"summary_large_image","twitter_misc":{"Written by":"Michele","Est. reading time":"3 \u062f\u0642\u0627\u0626\u0642"},"schema":{"@context":"https:\/\/schema.org","@graph":[{"@type":"Article","@id":"https:\/\/www.vagadeempregorj.com.br\/grupo-lider-64-vagas-de-emprego-pelo-pais\/#article","isPartOf":{"@id":"https:\/\/www.vagadeempregorj.com.br\/grupo-lider-64-vagas-de-emprego-pelo-pais\/"},"author":{"name":"Michele","@id":"https:\/\/www.vagadeempregorj.com.br\/#\/schema\/person\/3ddb19fa0539706786e502152f3aae95"},"headline":"Grupo Lider: 64 vagas de emprego pelo pa\u00eds","datePublished":"2025-01-27T09:00:00+00:00","mainEntityOfPage":{"@id":"https:\/\/www.vagadeempregorj.com.br\/grupo-lider-64-vagas-de-emprego-pelo-pais\/"},"wordCount":629,"image":{"@id":"https:\/\/www.vagadeempregorj.com.br\/grupo-lider-64-vagas-de-emprego-pelo-pais\/#primaryimage"},"thumbnailUrl":"https:\/\/www.vagadeempregorj.com.br\/wp-content\/uploads\/2025\/01\/image-6.png","keywords":["empregos","oportunidades"],"articleSection":["Vagas de Emprego Nacionais"],"inLanguage":"ar"},{"@type":"WebPage","@id":"https:\/\/www.vagadeempregorj.com.br\/grupo-lider-64-vagas-de-emprego-pelo-pais\/","url":"https:\/\/www.vagadeempregorj.com.br\/grupo-lider-64-vagas-de-emprego-pelo-pais\/","name":"Grupo Lider: 64 vagas de emprego pelo pa\u00eds -","isPartOf":{"@id":"https:\/\/www.vagadeempregorj.com.br\/#website"},"primaryImageOfPage":{"@id":"https:\/\/www.vagadeempregorj.com.br\/grupo-lider-64-vagas-de-emprego-pelo-pais\/#primaryimage"},"image":{"@id":"https:\/\/www.vagadeempregorj.com.br\/grupo-lider-64-vagas-de-emprego-pelo-pais\/#primaryimage"},"thumbnailUrl":"https:\/\/www.vagadeempregorj.com.br\/wp-content\/uploads\/2025\/01\/image-6.png","datePublished":"2025-01-27T09:00:00+00:00","author":{"@id":"https:\/\/www.vagadeempregorj.com.br\/#\/schema\/person\/3ddb19fa0539706786e502152f3aae95"},"description":"Veja em Vagas de Emprego RJ as vagas de emprego com e sem experi\u00eancia no seu Estado e Regi\u00e3o!","breadcrumb":{"@id":"https:\/\/www.vagadeempregorj.com.br\/grupo-lider-64-vagas-de-emprego-pelo-pais\/#breadcrumb"},"inLanguage":"ar","potentialAction":[{"@type":"ReadAction","target":["https:\/\/www.vagadeempregorj.com.br\/grupo-lider-64-vagas-de-emprego-pelo-pais\/"]}]},{"@type":"ImageObject","inLanguage":"ar","@id":"https:\/\/www.vagadeempregorj.com.br\/grupo-lider-64-vagas-de-emprego-pelo-pais\/#primaryimage","url":"https:\/\/www.vagadeempregorj.com.br\/wp-content\/uploads\/2025\/01\/image-6.png","contentUrl":"https:\/\/www.vagadeempregorj.com.br\/wp-content\/uploads\/2025\/01\/image-6.png","width":778,"height":510,"caption":"Grupo Lider"},{"@type":"BreadcrumbList","@id":"https:\/\/www.vagadeempregorj.com.br\/grupo-lider-64-vagas-de-emprego-pelo-pais\/#breadcrumb","itemListElement":[{"@type":"ListItem","position":1,"name":"In\u00edcio","item":"https:\/\/www.vagadeempregorj.com.br\/"},{"@type":"ListItem","position":2,"name":"Vagas de Emprego Nacionais","item":"https:\/\/www.vagadeempregorj.com.br\/vagas-de-emprego-nacionais\/"},{"@type":"ListItem","position":3,"name":"Grupo Lider: 64 vagas de emprego pelo pa\u00eds"}]},{"@type":"WebSite","@id":"https:\/\/www.vagadeempregorj.com.br\/#website","url":"https:\/\/www.vagadeempregorj.com.br\/","name":"","description":"Conquiste Sonhos: Vagas, Benef\u00edcios e Economia para Transformar Vidas e Alcan\u00e7ar Melhorias Cotidianas","potentialAction":[{"@type":"SearchAction","target":{"@type":"EntryPoint","urlTemplate":"https:\/\/www.vagadeempregorj.com.br\/?s={search_term_string}"},"query-input":{"@type":"PropertyValueSpecification","valueRequired":true,"valueName":"search_term_string"}}],"inLanguage":"ar"},{"@type":"Person","@id":"https:\/\/www.vagadeempregorj.com.br\/#\/schema\/person\/3ddb19fa0539706786e502152f3aae95","name":"Michele","image":{"@type":"ImageObject","inLanguage":"ar","@id":"https:\/\/secure.gravatar.com\/avatar\/6b0eb9d22841282815e2cd856a0061c45e1761cd54b22e952d98c4746939aa85?s=96&r=g","url":"https:\/\/secure.gravatar.com\/avatar\/6b0eb9d22841282815e2cd856a0061c45e1761cd54b22e952d98c4746939aa85?s=96&r=g","contentUrl":"https:\/\/secure.gravatar.com\/avatar\/6b0eb9d22841282815e2cd856a0061c45e1761cd54b22e952d98c4746939aa85?s=96&r=g","caption":"Michele"},"description":"Formada em Letras - Portugu\u00eas\/ Ingl\u00eas, e idealizadora do site Escritora de Sucesso, busca expandir o conhecimento de todos com informa\u00e7\u00f5es relevantes sobre diversos assuntos, enquanto redatora. No Vaga de Emprego RJ, traz oportunidades e dicas sobre o mercado de trabalho.","url":"https:\/\/www.vagadeempregorj.com.br\/ar\/author\/michele\/"}]}},"_links":{"self":[{"href":"https:\/\/www.vagadeempregorj.com.br\/ar\/wp-json\/wp\/v2\/posts\/42094","targetHints":{"allow":["GET"]}}],"collection":[{"href":"https:\/\/www.vagadeempregorj.com.br\/ar\/wp-json\/wp\/v2\/posts"}],"about":[{"href":"https:\/\/www.vagadeempregorj.com.br\/ar\/wp-json\/wp\/v2\/types\/post"}],"author":[{"embeddable":true,"href":"https:\/\/www.vagadeempregorj.com.br\/ar\/wp-json\/wp\/v2\/users\/16"}],"replies":[{"embeddable":true,"href":"https:\/\/www.vagadeempregorj.com.br\/ar\/wp-json\/wp\/v2\/comments?post=42094"}],"version-history":[{"count":0,"href":"https:\/\/www.vagadeempregorj.com.br\/ar\/wp-json\/wp\/v2\/posts\/42094\/revisions"}],"wp:featuredmedia":[{"embeddable":true,"href":"https:\/\/www.vagadeempregorj.com.br\/ar\/wp-json\/wp\/v2\/media\/42112"}],"wp:attachment":[{"href":"https:\/\/www.vagadeempregorj.com.br\/ar\/wp-json\/wp\/v2\/media?parent=42094"}],"wp:term":[{"taxonomy":"category","embeddable":true,"href":"https:\/\/www.vagadeempregorj.com.br\/ar\/wp-json\/wp\/v2\/categories?post=42094"},{"taxonomy":"post_tag","embeddable":true,"href":"https:\/\/www.vagadeempregorj.com.br\/ar\/wp-json\/wp\/v2\/tags?post=42094"}],"curies":[{"name":"wp","href":"https:\/\/api.w.org\/{rel}","templated":true}]}}