{"id":42108,"date":"2025-03-18T06:00:00","date_gmt":"2025-03-18T09:00:00","guid":{"rendered":"https:\/\/www.vagadeempregorj.com.br\/?p=42108"},"modified":"2025-03-16T17:11:48","modified_gmt":"2025-03-16T20:11:48","slug":"raizen-476-vagas-de-emprego-abertas-pelo-pais","status":"publish","type":"post","link":"https:\/\/www.vagadeempregorj.com.br\/ar\/raizen-476-vagas-de-emprego-abertas-pelo-pais\/","title":{"rendered":"Ra\u00edzen: 476 vagas de emprego abertas pelo pa\u00eds"},"content":{"rendered":"<p>Voc\u00ea est\u00e1 em busca de uma oportunidade para alavancar sua carreira em uma empresa que valoriza inova\u00e7\u00e3o e crescimento sustent\u00e1vel? A <strong>Ra\u00edzen<\/strong>, uma das maiores empresas de energia do Brasil, acaba de abrir <strong>476 vagas de emprego<\/strong> espalhadas por diversas cidades. Este \u00e9 o momento perfeito para quem quer fazer parte de uma organiza\u00e7\u00e3o que impacta positivamente o pa\u00eds com suas solu\u00e7\u00f5es energ\u00e9ticas e foco no futuro.<\/p>\n\n\n\n<figure class=\"wp-block-image size-large\"><img loading=\"lazy\" decoding=\"async\" width=\"1024\" height=\"683\" src=\"https:\/\/www.vagadeempregorj.com.br\/wp-content\/uploads\/2025\/01\/image-13-1024x683.png\" alt=\"Ra\u00edzen\" class=\"wp-image-42119\" srcset=\"https:\/\/www.vagadeempregorj.com.br\/wp-content\/uploads\/2025\/01\/image-13-1024x683.png 1024w, https:\/\/www.vagadeempregorj.com.br\/wp-content\/uploads\/2025\/01\/image-13-300x200.png 300w, https:\/\/www.vagadeempregorj.com.br\/wp-content\/uploads\/2025\/01\/image-13-768x512.png 768w, https:\/\/www.vagadeempregorj.com.br\/wp-content\/uploads\/2025\/01\/image-13-150x100.png 150w, https:\/\/www.vagadeempregorj.com.br\/wp-content\/uploads\/2025\/01\/image-13.png 1200w\" sizes=\"auto, (max-width: 1024px) 100vw, 1024px\" \/><\/figure>\n\n\n\n<h2 class=\"wp-block-heading\">Quais s\u00e3o as oportunidades de carreira na Ra\u00edzen?<\/h2>\n\n\n\n<p>A Ra\u00edzen est\u00e1 com vagas para diferentes n\u00edveis de experi\u00eancia e \u00e1reas de atua\u00e7\u00e3o. Seja voc\u00ea rec\u00e9m-formado, um profissional experiente ou algu\u00e9m em busca do primeiro emprego, h\u00e1 uma posi\u00e7\u00e3o que pode combinar com o seu perfil. Vamos dar uma olhada nas principais categorias e cargos dispon\u00edveis?<\/p>\n\n\n\n<h3 class=\"wp-block-heading\">1# <strong>Opera\u00e7\u00f5es<\/strong><\/h3>\n\n\n\n<p>Se voc\u00ea gosta de estar no campo e participar diretamente dos processos produtivos, as vagas na \u00e1rea de opera\u00e7\u00f5es podem ser ideais. Alguns dos cargos dispon\u00edveis incluem:<\/p>\n\n\n\n<ul class=\"wp-block-list\">\n<li><strong>Operador de Produ\u00e7\u00e3o<\/strong>: Voc\u00ea ser\u00e1 respons\u00e1vel por operar equipamentos essenciais para a produ\u00e7\u00e3o de biocombust\u00edveis e outros produtos. Experi\u00eancia anterior em ind\u00fastrias pode ser um diferencial.<\/li>\n\n\n\n<li><strong>T\u00e9cnico de Manuten\u00e7\u00e3o<\/strong>: Sua atua\u00e7\u00e3o ser\u00e1 focada na manuten\u00e7\u00e3o preventiva e corretiva de m\u00e1quinas e equipamentos, garantindo que tudo funcione perfeitamente.<\/li>\n<\/ul>\n\n\n\n<h3 class=\"wp-block-heading\">2# <strong>Tecnologia e Inova\u00e7\u00e3o<\/strong><\/h3>\n\n\n\n<p>Para quem gosta de tecnologia, a Ra\u00edzen tamb\u00e9m oferece oportunidades empolgantes:<\/p>\n\n\n\n<ul class=\"wp-block-list\">\n<li><strong>Analista de Sistemas<\/strong>: Atuar\u00e1 no desenvolvimento e suporte de sistemas que otimizam os processos da empresa. Conhecimentos em linguagens de programa\u00e7\u00e3o e banco de dados s\u00e3o valorizados.<\/li>\n\n\n\n<li><strong>Especialista em Automa\u00e7\u00e3o Industrial<\/strong>: Trabalhe com tecnologias de ponta para automatizar processos e melhorar a efici\u00eancia produtiva.<\/li>\n<\/ul>\n\n\n\n<h3 class=\"wp-block-heading\">3# <strong>Comercial e Marketing<\/strong><\/h3>\n\n\n\n<p>Se voc\u00ea tem perfil comunicativo e gosta de construir relacionamentos, essa \u00e1rea \u00e9 para voc\u00ea:<\/p>\n\n\n\n<ul class=\"wp-block-list\">\n<li><strong>Executivo de Vendas<\/strong>: O foco ser\u00e1 conquistar novos clientes e ampliar a presen\u00e7a da Ra\u00edzen no mercado de energia.<\/li>\n\n\n\n<li><strong>Analista de Marketing<\/strong>: Respons\u00e1vel por desenvolver campanhas e estrat\u00e9gias de comunica\u00e7\u00e3o para fortalecer a marca.<\/li>\n<\/ul>\n\n\n\n<h3 class=\"wp-block-heading\">4# <strong>Sustentabilidade e Meio Ambiente<\/strong><\/h3>\n\n\n\n<p>A Ra\u00edzen tem um compromisso forte com pr\u00e1ticas sustent\u00e1veis, e voc\u00ea pode ser parte disso:<\/p>\n\n\n\n<ul class=\"wp-block-list\">\n<li><strong>Especialista em Sustentabilidade<\/strong>: Trabalhar\u00e1 em projetos voltados para redu\u00e7\u00e3o de impactos ambientais e promo\u00e7\u00e3o de energia limpa.<\/li>\n\n\n\n<li><strong>Analista Ambiental<\/strong>: Sua fun\u00e7\u00e3o ser\u00e1 monitorar os impactos das opera\u00e7\u00f5es e propor melhorias para preserva\u00e7\u00e3o ambiental.<\/li>\n<\/ul>\n\n\n\n<h3 class=\"wp-block-heading\">5# <strong>Programas para Jovens Talentos<\/strong><\/h3>\n\n\n\n<p>Se voc\u00ea est\u00e1 iniciando sua jornada profissional, os programas de est\u00e1gio e trainee da Ra\u00edzen podem ser um \u00f3timo ponto de partida:<\/p>\n\n\n\n<ul class=\"wp-block-list\">\n<li><strong>Est\u00e1gio Ra\u00edzen<\/strong>: Voltado para estudantes de gradua\u00e7\u00e3o, oferece desenvolvimento pr\u00e1tico e treinamento para futuras lideran\u00e7as.<\/li>\n\n\n\n<li><strong>Trainee Ra\u00edzen<\/strong>: Para rec\u00e9m-formados, \u00e9 uma oportunidade de acelerar a carreira em um programa estruturado de aprendizado e pr\u00e1tica.<\/li>\n<\/ul>\n\n\n\n<p>Como voc\u00ea pode ver, as oportunidades s\u00e3o vastas e variadas. \u00c9 uma quest\u00e3o de encontrar a que mais se alinha ao seu perfil e se jogar!<\/p>\n\n\n\n<h2 class=\"wp-block-heading\">Como se candidatar?<\/h2>\n\n\n\n<p>Agora que voc\u00ea j\u00e1 tem uma ideia das \u00e1reas dispon\u00edveis, deve estar se perguntando como dar o primeiro passo, certo? N\u00e3o se preocupe, o processo \u00e9 simples e direto. A Ra\u00edzen utiliza a plataforma <strong>Gupy<\/strong> para gerenciar suas vagas e facilitar o envio de curr\u00edculos.<\/p>\n\n\n\n<p>Aqui est\u00e1 o passo a passo para se candidatar:<\/p>\n\n\n\n<ul class=\"wp-block-list\">\n<li>Copie e cole o endere\u00e7o<strong> https:\/\/raizen.gupy.io <\/strong>em seu navegador.<\/li>\n\n\n\n<li><strong>Acesse a p\u00e1gina e encontre uma oportunidade<\/strong> que combine com seu perfil e experi\u00eancia. Use os filtros para buscar vagas por \u00e1rea, localiza\u00e7\u00e3o ou tipo de trabalho.<\/li>\n\n\n\n<li><strong>Clique na vaga de interesse<\/strong> e leia a descri\u00e7\u00e3o com aten\u00e7\u00e3o.<\/li>\n\n\n\n<li><strong>Preencha o formul\u00e1rio e envie seu curr\u00edculo<\/strong>. Certifique-se de que todas as informa\u00e7\u00f5es est\u00e3o atualizadas e de acordo com os requisitos da vaga.<\/li>\n<\/ul>\n\n\n\n<p>Depois de concluir esses passos, \u00e9 s\u00f3 aguardar o retorno da equipe de recrutamento. Lembre-se de ficar de olho no e-mail e na caixa de spam, pois as convoca\u00e7\u00f5es costumam ser feitas por l\u00e1.<\/p>\n\n\n\n<h3 class=\"wp-block-heading\">Por que trabalhar na Ra\u00edzen?<\/h3>\n\n\n\n<p>Al\u00e9m das in\u00fameras oportunidades de crescimento profissional, a Ra\u00edzen se destaca como uma empresa que valoriza seus colaboradores. Ela investe em desenvolvimento de talentos, promove a diversidade no ambiente de trabalho e tem um forte compromisso com pr\u00e1ticas sustent\u00e1veis.<\/p>\n\n\n\n<p>Trabalhar na Ra\u00edzen significa fazer parte de algo maior: a transforma\u00e7\u00e3o do setor energ\u00e9tico brasileiro e a constru\u00e7\u00e3o de um futuro mais limpo e eficiente. Se voc\u00ea busca mais do que um emprego e quer contribuir para um impacto positivo na sociedade, essa \u00e9 a sua chance.<\/p>\n\n\n\n<p><strong>Veja tamb\u00e9m: <a href=\"https:\/\/www.vagadeempregorj.com.br\/ar\/assai-atacadista-1700-vagas-de-emprego-pelo-pais\/\">Assa\u00ed Atacadista: 1700 vagas de emprego pelo pa\u00eds<\/a><\/strong><\/p>\n\n\n\n<p>18 de mar\u00e7o de 2025<\/p>","protected":false},"excerpt":{"rendered":"<p>Voc\u00ea est\u00e1 em busca de uma oportunidade para alavancar sua carreira em uma empresa que valoriza inova\u00e7\u00e3o e crescimento sustent\u00e1vel? A Ra\u00edzen, uma das maiores empresas de energia do Brasil, acaba de abrir 476 vagas de emprego espalhadas por diversas cidades. Este \u00e9 o momento perfeito para quem quer fazer parte de uma organiza\u00e7\u00e3o que&hellip;&nbsp;<\/p>","protected":false},"author":16,"featured_media":42119,"comment_status":"closed","ping_status":"closed","sticky":false,"template":"","format":"standard","meta":{"neve_meta_sidebar":"","neve_meta_container":"","neve_meta_enable_content_width":"","neve_meta_content_width":0,"neve_meta_title_alignment":"","neve_meta_author_avatar":"","neve_post_elements_order":"","neve_meta_disable_header":"","neve_meta_disable_footer":"","neve_meta_disable_title":"","footnotes":""},"categories":[123],"tags":[830,608],"class_list":["post-42108","post","type-post","status-publish","format-standard","has-post-thumbnail","hentry","category-vagas-de-emprego-nacionais","tag-empregos","tag-oportunidades"],"yoast_head":"<!-- This site is optimized with the Yoast SEO plugin v27.5 - https:\/\/yoast.com\/product\/yoast-seo-wordpress\/ -->\n<title>Ra\u00edzen: 476 vagas de emprego abertas pelo pa\u00eds -<\/title>\n<meta name=\"description\" content=\"Veja em Vagas de Emprego RJ as vagas de emprego com e sem experi\u00eancia no seu Estado e Regi\u00e3o!\" \/>\n<meta name=\"robots\" content=\"index, follow, max-snippet:-1, max-image-preview:large, max-video-preview:-1\" \/>\n<link rel=\"canonical\" href=\"https:\/\/www.vagadeempregorj.com.br\/ar\/raizen-476-vagas-de-emprego-abertas-pelo-pais\/\" \/>\n<meta property=\"og:locale\" content=\"ar_AR\" \/>\n<meta property=\"og:type\" content=\"article\" \/>\n<meta property=\"og:title\" content=\"Ra\u00edzen: 476 vagas de emprego abertas pelo pa\u00eds -\" \/>\n<meta property=\"og:description\" content=\"Veja em Vagas de Emprego RJ as vagas de emprego com e sem experi\u00eancia no seu Estado e Regi\u00e3o!\" \/>\n<meta property=\"og:url\" content=\"https:\/\/www.vagadeempregorj.com.br\/ar\/raizen-476-vagas-de-emprego-abertas-pelo-pais\/\" \/>\n<meta property=\"article:publisher\" content=\"https:\/\/www.facebook.com\/empregobrasiloficial\" \/>\n<meta property=\"article:published_time\" content=\"2025-03-18T09:00:00+00:00\" \/>\n<meta property=\"og:image\" content=\"https:\/\/www.vagadeempregorj.com.br\/wp-content\/uploads\/2025\/01\/image-13.png\" \/>\n\t<meta property=\"og:image:width\" content=\"1200\" \/>\n\t<meta property=\"og:image:height\" content=\"800\" \/>\n\t<meta property=\"og:image:type\" content=\"image\/png\" \/>\n<meta name=\"author\" content=\"Michele\" \/>\n<meta name=\"twitter:card\" content=\"summary_large_image\" \/>\n<meta name=\"twitter:label1\" content=\"Written by\" \/>\n\t<meta name=\"twitter:data1\" content=\"Michele\" \/>\n\t<meta name=\"twitter:label2\" content=\"Est. reading time\" \/>\n\t<meta name=\"twitter:data2\" content=\"4 \u062f\u0642\u0627\u0626\u0642\" \/>\n<script type=\"application\/ld+json\" class=\"yoast-schema-graph\">{\"@context\":\"https:\\\/\\\/schema.org\",\"@graph\":[{\"@type\":\"Article\",\"@id\":\"https:\\\/\\\/www.vagadeempregorj.com.br\\\/raizen-476-vagas-de-emprego-abertas-pelo-pais\\\/#article\",\"isPartOf\":{\"@id\":\"https:\\\/\\\/www.vagadeempregorj.com.br\\\/raizen-476-vagas-de-emprego-abertas-pelo-pais\\\/\"},\"author\":{\"name\":\"Michele\",\"@id\":\"https:\\\/\\\/www.vagadeempregorj.com.br\\\/#\\\/schema\\\/person\\\/3ddb19fa0539706786e502152f3aae95\"},\"headline\":\"Ra\u00edzen: 476 vagas de emprego abertas pelo pa\u00eds\",\"datePublished\":\"2025-03-18T09:00:00+00:00\",\"mainEntityOfPage\":{\"@id\":\"https:\\\/\\\/www.vagadeempregorj.com.br\\\/raizen-476-vagas-de-emprego-abertas-pelo-pais\\\/\"},\"wordCount\":804,\"image\":{\"@id\":\"https:\\\/\\\/www.vagadeempregorj.com.br\\\/raizen-476-vagas-de-emprego-abertas-pelo-pais\\\/#primaryimage\"},\"thumbnailUrl\":\"https:\\\/\\\/www.vagadeempregorj.com.br\\\/wp-content\\\/uploads\\\/2025\\\/01\\\/image-13.png\",\"keywords\":[\"empregos\",\"oportunidades\"],\"articleSection\":[\"Vagas de Emprego Nacionais\"],\"inLanguage\":\"ar\"},{\"@type\":\"WebPage\",\"@id\":\"https:\\\/\\\/www.vagadeempregorj.com.br\\\/raizen-476-vagas-de-emprego-abertas-pelo-pais\\\/\",\"url\":\"https:\\\/\\\/www.vagadeempregorj.com.br\\\/raizen-476-vagas-de-emprego-abertas-pelo-pais\\\/\",\"name\":\"Ra\u00edzen: 476 vagas de emprego abertas pelo pa\u00eds -\",\"isPartOf\":{\"@id\":\"https:\\\/\\\/www.vagadeempregorj.com.br\\\/#website\"},\"primaryImageOfPage\":{\"@id\":\"https:\\\/\\\/www.vagadeempregorj.com.br\\\/raizen-476-vagas-de-emprego-abertas-pelo-pais\\\/#primaryimage\"},\"image\":{\"@id\":\"https:\\\/\\\/www.vagadeempregorj.com.br\\\/raizen-476-vagas-de-emprego-abertas-pelo-pais\\\/#primaryimage\"},\"thumbnailUrl\":\"https:\\\/\\\/www.vagadeempregorj.com.br\\\/wp-content\\\/uploads\\\/2025\\\/01\\\/image-13.png\",\"datePublished\":\"2025-03-18T09:00:00+00:00\",\"author\":{\"@id\":\"https:\\\/\\\/www.vagadeempregorj.com.br\\\/#\\\/schema\\\/person\\\/3ddb19fa0539706786e502152f3aae95\"},\"description\":\"Veja em Vagas de Emprego RJ as vagas de emprego com e sem experi\u00eancia no seu Estado e Regi\u00e3o!\",\"breadcrumb\":{\"@id\":\"https:\\\/\\\/www.vagadeempregorj.com.br\\\/raizen-476-vagas-de-emprego-abertas-pelo-pais\\\/#breadcrumb\"},\"inLanguage\":\"ar\",\"potentialAction\":[{\"@type\":\"ReadAction\",\"target\":[\"https:\\\/\\\/www.vagadeempregorj.com.br\\\/raizen-476-vagas-de-emprego-abertas-pelo-pais\\\/\"]}]},{\"@type\":\"ImageObject\",\"inLanguage\":\"ar\",\"@id\":\"https:\\\/\\\/www.vagadeempregorj.com.br\\\/raizen-476-vagas-de-emprego-abertas-pelo-pais\\\/#primaryimage\",\"url\":\"https:\\\/\\\/www.vagadeempregorj.com.br\\\/wp-content\\\/uploads\\\/2025\\\/01\\\/image-13.png\",\"contentUrl\":\"https:\\\/\\\/www.vagadeempregorj.com.br\\\/wp-content\\\/uploads\\\/2025\\\/01\\\/image-13.png\",\"width\":1200,\"height\":800,\"caption\":\"Ra\u00edzen\"},{\"@type\":\"BreadcrumbList\",\"@id\":\"https:\\\/\\\/www.vagadeempregorj.com.br\\\/raizen-476-vagas-de-emprego-abertas-pelo-pais\\\/#breadcrumb\",\"itemListElement\":[{\"@type\":\"ListItem\",\"position\":1,\"name\":\"In\u00edcio\",\"item\":\"https:\\\/\\\/www.vagadeempregorj.com.br\\\/\"},{\"@type\":\"ListItem\",\"position\":2,\"name\":\"Vagas de Emprego Nacionais\",\"item\":\"https:\\\/\\\/www.vagadeempregorj.com.br\\\/vagas-de-emprego-nacionais\\\/\"},{\"@type\":\"ListItem\",\"position\":3,\"name\":\"Ra\u00edzen: 476 vagas de emprego abertas pelo pa\u00eds\"}]},{\"@type\":\"WebSite\",\"@id\":\"https:\\\/\\\/www.vagadeempregorj.com.br\\\/#website\",\"url\":\"https:\\\/\\\/www.vagadeempregorj.com.br\\\/\",\"name\":\"\",\"description\":\"Conquiste Sonhos: Vagas, Benef\u00edcios e Economia para Transformar Vidas e Alcan\u00e7ar Melhorias Cotidianas\",\"potentialAction\":[{\"@type\":\"SearchAction\",\"target\":{\"@type\":\"EntryPoint\",\"urlTemplate\":\"https:\\\/\\\/www.vagadeempregorj.com.br\\\/?s={search_term_string}\"},\"query-input\":{\"@type\":\"PropertyValueSpecification\",\"valueRequired\":true,\"valueName\":\"search_term_string\"}}],\"inLanguage\":\"ar\"},{\"@type\":\"Person\",\"@id\":\"https:\\\/\\\/www.vagadeempregorj.com.br\\\/#\\\/schema\\\/person\\\/3ddb19fa0539706786e502152f3aae95\",\"name\":\"Michele\",\"image\":{\"@type\":\"ImageObject\",\"inLanguage\":\"ar\",\"@id\":\"https:\\\/\\\/secure.gravatar.com\\\/avatar\\\/6b0eb9d22841282815e2cd856a0061c45e1761cd54b22e952d98c4746939aa85?s=96&r=g\",\"url\":\"https:\\\/\\\/secure.gravatar.com\\\/avatar\\\/6b0eb9d22841282815e2cd856a0061c45e1761cd54b22e952d98c4746939aa85?s=96&r=g\",\"contentUrl\":\"https:\\\/\\\/secure.gravatar.com\\\/avatar\\\/6b0eb9d22841282815e2cd856a0061c45e1761cd54b22e952d98c4746939aa85?s=96&r=g\",\"caption\":\"Michele\"},\"description\":\"Formada em Letras - Portugu\u00eas\\\/ Ingl\u00eas, e idealizadora do site Escritora de Sucesso, busca expandir o conhecimento de todos com informa\u00e7\u00f5es relevantes sobre diversos assuntos, enquanto redatora. No Vaga de Emprego RJ, traz oportunidades e dicas sobre o mercado de trabalho.\",\"url\":\"https:\\\/\\\/www.vagadeempregorj.com.br\\\/ar\\\/author\\\/michele\\\/\"}]}<\/script>\n<!-- \/ Yoast SEO plugin. -->","yoast_head_json":{"title":"Ra\u00edzen: 476 vagas de emprego abertas pelo pa\u00eds -","description":"Veja em Vagas de Emprego RJ as vagas de emprego com e sem experi\u00eancia no seu Estado e Regi\u00e3o!","robots":{"index":"index","follow":"follow","max-snippet":"max-snippet:-1","max-image-preview":"max-image-preview:large","max-video-preview":"max-video-preview:-1"},"canonical":"https:\/\/www.vagadeempregorj.com.br\/ar\/raizen-476-vagas-de-emprego-abertas-pelo-pais\/","og_locale":"ar_AR","og_type":"article","og_title":"Ra\u00edzen: 476 vagas de emprego abertas pelo pa\u00eds -","og_description":"Veja em Vagas de Emprego RJ as vagas de emprego com e sem experi\u00eancia no seu Estado e Regi\u00e3o!","og_url":"https:\/\/www.vagadeempregorj.com.br\/ar\/raizen-476-vagas-de-emprego-abertas-pelo-pais\/","article_publisher":"https:\/\/www.facebook.com\/empregobrasiloficial","article_published_time":"2025-03-18T09:00:00+00:00","og_image":[{"width":1200,"height":800,"url":"https:\/\/www.vagadeempregorj.com.br\/wp-content\/uploads\/2025\/01\/image-13.png","type":"image\/png"}],"author":"Michele","twitter_card":"summary_large_image","twitter_misc":{"Written by":"Michele","Est. reading time":"4 \u062f\u0642\u0627\u0626\u0642"},"schema":{"@context":"https:\/\/schema.org","@graph":[{"@type":"Article","@id":"https:\/\/www.vagadeempregorj.com.br\/raizen-476-vagas-de-emprego-abertas-pelo-pais\/#article","isPartOf":{"@id":"https:\/\/www.vagadeempregorj.com.br\/raizen-476-vagas-de-emprego-abertas-pelo-pais\/"},"author":{"name":"Michele","@id":"https:\/\/www.vagadeempregorj.com.br\/#\/schema\/person\/3ddb19fa0539706786e502152f3aae95"},"headline":"Ra\u00edzen: 476 vagas de emprego abertas pelo pa\u00eds","datePublished":"2025-03-18T09:00:00+00:00","mainEntityOfPage":{"@id":"https:\/\/www.vagadeempregorj.com.br\/raizen-476-vagas-de-emprego-abertas-pelo-pais\/"},"wordCount":804,"image":{"@id":"https:\/\/www.vagadeempregorj.com.br\/raizen-476-vagas-de-emprego-abertas-pelo-pais\/#primaryimage"},"thumbnailUrl":"https:\/\/www.vagadeempregorj.com.br\/wp-content\/uploads\/2025\/01\/image-13.png","keywords":["empregos","oportunidades"],"articleSection":["Vagas de Emprego Nacionais"],"inLanguage":"ar"},{"@type":"WebPage","@id":"https:\/\/www.vagadeempregorj.com.br\/raizen-476-vagas-de-emprego-abertas-pelo-pais\/","url":"https:\/\/www.vagadeempregorj.com.br\/raizen-476-vagas-de-emprego-abertas-pelo-pais\/","name":"Ra\u00edzen: 476 vagas de emprego abertas pelo pa\u00eds -","isPartOf":{"@id":"https:\/\/www.vagadeempregorj.com.br\/#website"},"primaryImageOfPage":{"@id":"https:\/\/www.vagadeempregorj.com.br\/raizen-476-vagas-de-emprego-abertas-pelo-pais\/#primaryimage"},"image":{"@id":"https:\/\/www.vagadeempregorj.com.br\/raizen-476-vagas-de-emprego-abertas-pelo-pais\/#primaryimage"},"thumbnailUrl":"https:\/\/www.vagadeempregorj.com.br\/wp-content\/uploads\/2025\/01\/image-13.png","datePublished":"2025-03-18T09:00:00+00:00","author":{"@id":"https:\/\/www.vagadeempregorj.com.br\/#\/schema\/person\/3ddb19fa0539706786e502152f3aae95"},"description":"Veja em Vagas de Emprego RJ as vagas de emprego com e sem experi\u00eancia no seu Estado e Regi\u00e3o!","breadcrumb":{"@id":"https:\/\/www.vagadeempregorj.com.br\/raizen-476-vagas-de-emprego-abertas-pelo-pais\/#breadcrumb"},"inLanguage":"ar","potentialAction":[{"@type":"ReadAction","target":["https:\/\/www.vagadeempregorj.com.br\/raizen-476-vagas-de-emprego-abertas-pelo-pais\/"]}]},{"@type":"ImageObject","inLanguage":"ar","@id":"https:\/\/www.vagadeempregorj.com.br\/raizen-476-vagas-de-emprego-abertas-pelo-pais\/#primaryimage","url":"https:\/\/www.vagadeempregorj.com.br\/wp-content\/uploads\/2025\/01\/image-13.png","contentUrl":"https:\/\/www.vagadeempregorj.com.br\/wp-content\/uploads\/2025\/01\/image-13.png","width":1200,"height":800,"caption":"Ra\u00edzen"},{"@type":"BreadcrumbList","@id":"https:\/\/www.vagadeempregorj.com.br\/raizen-476-vagas-de-emprego-abertas-pelo-pais\/#breadcrumb","itemListElement":[{"@type":"ListItem","position":1,"name":"In\u00edcio","item":"https:\/\/www.vagadeempregorj.com.br\/"},{"@type":"ListItem","position":2,"name":"Vagas de Emprego Nacionais","item":"https:\/\/www.vagadeempregorj.com.br\/vagas-de-emprego-nacionais\/"},{"@type":"ListItem","position":3,"name":"Ra\u00edzen: 476 vagas de emprego abertas pelo pa\u00eds"}]},{"@type":"WebSite","@id":"https:\/\/www.vagadeempregorj.com.br\/#website","url":"https:\/\/www.vagadeempregorj.com.br\/","name":"","description":"Conquiste Sonhos: Vagas, Benef\u00edcios e Economia para Transformar Vidas e Alcan\u00e7ar Melhorias Cotidianas","potentialAction":[{"@type":"SearchAction","target":{"@type":"EntryPoint","urlTemplate":"https:\/\/www.vagadeempregorj.com.br\/?s={search_term_string}"},"query-input":{"@type":"PropertyValueSpecification","valueRequired":true,"valueName":"search_term_string"}}],"inLanguage":"ar"},{"@type":"Person","@id":"https:\/\/www.vagadeempregorj.com.br\/#\/schema\/person\/3ddb19fa0539706786e502152f3aae95","name":"Michele","image":{"@type":"ImageObject","inLanguage":"ar","@id":"https:\/\/secure.gravatar.com\/avatar\/6b0eb9d22841282815e2cd856a0061c45e1761cd54b22e952d98c4746939aa85?s=96&r=g","url":"https:\/\/secure.gravatar.com\/avatar\/6b0eb9d22841282815e2cd856a0061c45e1761cd54b22e952d98c4746939aa85?s=96&r=g","contentUrl":"https:\/\/secure.gravatar.com\/avatar\/6b0eb9d22841282815e2cd856a0061c45e1761cd54b22e952d98c4746939aa85?s=96&r=g","caption":"Michele"},"description":"Formada em Letras - Portugu\u00eas\/ Ingl\u00eas, e idealizadora do site Escritora de Sucesso, busca expandir o conhecimento de todos com informa\u00e7\u00f5es relevantes sobre diversos assuntos, enquanto redatora. No Vaga de Emprego RJ, traz oportunidades e dicas sobre o mercado de trabalho.","url":"https:\/\/www.vagadeempregorj.com.br\/ar\/author\/michele\/"}]}},"_links":{"self":[{"href":"https:\/\/www.vagadeempregorj.com.br\/ar\/wp-json\/wp\/v2\/posts\/42108","targetHints":{"allow":["GET"]}}],"collection":[{"href":"https:\/\/www.vagadeempregorj.com.br\/ar\/wp-json\/wp\/v2\/posts"}],"about":[{"href":"https:\/\/www.vagadeempregorj.com.br\/ar\/wp-json\/wp\/v2\/types\/post"}],"author":[{"embeddable":true,"href":"https:\/\/www.vagadeempregorj.com.br\/ar\/wp-json\/wp\/v2\/users\/16"}],"replies":[{"embeddable":true,"href":"https:\/\/www.vagadeempregorj.com.br\/ar\/wp-json\/wp\/v2\/comments?post=42108"}],"version-history":[{"count":0,"href":"https:\/\/www.vagadeempregorj.com.br\/ar\/wp-json\/wp\/v2\/posts\/42108\/revisions"}],"wp:featuredmedia":[{"embeddable":true,"href":"https:\/\/www.vagadeempregorj.com.br\/ar\/wp-json\/wp\/v2\/media\/42119"}],"wp:attachment":[{"href":"https:\/\/www.vagadeempregorj.com.br\/ar\/wp-json\/wp\/v2\/media?parent=42108"}],"wp:term":[{"taxonomy":"category","embeddable":true,"href":"https:\/\/www.vagadeempregorj.com.br\/ar\/wp-json\/wp\/v2\/categories?post=42108"},{"taxonomy":"post_tag","embeddable":true,"href":"https:\/\/www.vagadeempregorj.com.br\/ar\/wp-json\/wp\/v2\/tags?post=42108"}],"curies":[{"name":"wp","href":"https:\/\/api.w.org\/{rel}","templated":true}]}}